{"id":34155,"date":"2017-11-23T14:52:54","date_gmt":"2017-11-23T14:52:54","guid":{"rendered":"http:\/\/www.tvcnoticias.com.ar\/?p=34155"},"modified":"2017-11-23T14:52:54","modified_gmt":"2017-11-23T14:52:54","slug":"se-abrieron-los-sobre-de-la-licitacion-de-optimizacion-de-provision-de-agua-potable-para-saldungaray","status":"publish","type":"post","link":"https:\/\/www.celttv.com.ar\/index.php\/2017\/11\/23\/se-abrieron-los-sobre-de-la-licitacion-de-optimizacion-de-provision-de-agua-potable-para-saldungaray\/","title":{"rendered":"Se abrieron los sobre de la licitaci\u00f3n de &#8220;Optimizaci\u00f3n de  provisi\u00f3n de agua potable para Saldungaray&#8221;"},"content":{"rendered":"<p>Se realiz\u00f3 la apertura de ofertas de la Licitaci\u00f3n P\u00fablica N\u00b028\/17 &#8220;Optimizaci\u00f3n de  provisi\u00f3n de agua potable en la localidad de Saldungaray&#8221;<br \/>\nEl 21 de noviembre de 2017 a las 10hs, en la sede del S.P.A.R, se celebr\u00f3 la apertura de ofertas de la licitaci\u00f3n p\u00fablica N\u00b028\/17 &#8220;&#8221;Optimizaci\u00f3n de la provisi\u00f3n de agua potable en la localidad de Saldungaray&#8221;, cuyo presupuesto oficial es $2.454.860,27 y el plazo de ejecuci\u00f3n es de 180 d\u00edas corridos.<br \/>\nla empresa oferente fue Brydge Hydrogen. S:A<a href=\"http:\/\/www.tvcnoticias.com.ar\/?attachment_id=34156\" rel=\"attachment wp-att-34156\"><img loading=\"lazy\" decoding=\"async\" src=\"http:\/\/www.tvcnoticias.com.ar\/wp-content\/uploads\/2017\/11\/agua-saldungaray-Medium-450x255.jpg\" alt=\"\" width=\"450\" height=\"255\" class=\"alignleft size-medium wp-image-34156\" \/><\/a><\/p>\n","protected":false},"excerpt":{"rendered":"<p>Se realiz\u00f3 la apertura de ofertas de la Licitaci\u00f3n P\u00fablica N\u00b028\/17 &#8220;Optimizaci\u00f3n de provisi\u00f3n de agua potable en la localidad de Saldungaray&#8221; El 21 de noviembre de 2017 a las 10hs, en la sede del S.P.A.R, se celebr\u00f3 la apertura de ofertas de la licitaci\u00f3n p\u00fablica N\u00b028\/17 &#8220;&#8221;Optimizaci\u00f3n de la provisi\u00f3n de agua potable en [&hellip;]<\/p>\n","protected":false},"author":1,"featured_media":34156,"comment_status":"closed","ping_status":"open","sticky":false,"template":"","format":"standard","meta":{"footnotes":""},"categories":[51,52,59],"tags":[],"class_list":["post-34155","post","type-post","status-publish","format-standard","has-post-thumbnail","hentry","category-comunidad","category-destacadas","category-municipales"],"yoast_head":"<!-- This site is optimized with the Yoast SEO plugin v19.7.1 - https:\/\/yoast.com\/wordpress\/plugins\/seo\/ -->\n<title>Se abrieron los sobre de la licitaci\u00f3n de &quot;Optimizaci\u00f3n de provisi\u00f3n de agua potable para Saldungaray&quot; - CELTTV<\/title>\n<meta name=\"description\" content=\"Sitio web de noticias de la localidad de Tornquist, provincia de Buenos Aires, Rep\u00fablica Argentina. Contenido propio originado por periodistas de CELTTV, el canal de TV local de la Cooperativa El\u00e9ctrica de Tornquist. Turismo, Pol\u00edtica, Sociedad, Deporte, Cultura y todo el contenido de inter\u00e9s general que la gente del pueblo y la regi\u00f3n debe conocer.\" \/>\n<meta name=\"robots\" content=\"index, follow, max-snippet:-1, max-image-preview:large, max-video-preview:-1\" \/>\n<link rel=\"canonical\" href=\"https:\/\/www.celttv.com.ar\/index.php\/2017\/11\/23\/se-abrieron-los-sobre-de-la-licitacion-de-optimizacion-de-provision-de-agua-potable-para-saldungaray\/\" \/>\n<meta property=\"og:locale\" content=\"es_ES\" \/>\n<meta property=\"og:type\" content=\"article\" \/>\n<meta property=\"og:title\" content=\"Se abrieron los sobre de la licitaci\u00f3n de &quot;Optimizaci\u00f3n de provisi\u00f3n de agua potable para Saldungaray&quot; - CELTTV\" \/>\n<meta property=\"og:description\" content=\"Sitio web de noticias de la localidad de Tornquist, provincia de Buenos Aires, Rep\u00fablica Argentina. Contenido propio originado por periodistas de CELTTV, el canal de TV local de la Cooperativa El\u00e9ctrica de Tornquist. Turismo, Pol\u00edtica, Sociedad, Deporte, Cultura y todo el contenido de inter\u00e9s general que la gente del pueblo y la regi\u00f3n debe conocer.\" \/>\n<meta property=\"og:url\" content=\"https:\/\/www.celttv.com.ar\/index.php\/2017\/11\/23\/se-abrieron-los-sobre-de-la-licitacion-de-optimizacion-de-provision-de-agua-potable-para-saldungaray\/\" \/>\n<meta property=\"og:site_name\" content=\"CELTTV\" \/>\n<meta property=\"article:publisher\" content=\"https:\/\/www.facebook.com\/celtTV\/\" \/>\n<meta property=\"article:published_time\" content=\"2017-11-23T14:52:54+00:00\" \/>\n<meta property=\"og:image\" content=\"https:\/\/www.celttv.com.ar\/wp-content\/uploads\/2017\/11\/agua-saldungaray-Medium.jpg\" \/>\n\t<meta property=\"og:image:width\" content=\"1356\" \/>\n\t<meta property=\"og:image:height\" content=\"768\" \/>\n\t<meta property=\"og:image:type\" content=\"image\/jpeg\" \/>\n<meta name=\"author\" content=\"ulises\" \/>\n<meta name=\"twitter:card\" content=\"summary_large_image\" \/>\n<meta name=\"twitter:label1\" content=\"Escrito por\" \/>\n\t<meta name=\"twitter:data1\" content=\"ulises\" \/>\n<script type=\"application\/ld+json\" class=\"yoast-schema-graph\">{\"@context\":\"https:\/\/schema.org\",\"@graph\":[{\"@type\":\"NewsArticle\",\"@id\":\"https:\/\/www.celttv.com.ar\/index.php\/2017\/11\/23\/se-abrieron-los-sobre-de-la-licitacion-de-optimizacion-de-provision-de-agua-potable-para-saldungaray\/#article\",\"isPartOf\":{\"@id\":\"https:\/\/www.celttv.com.ar\/index.php\/2017\/11\/23\/se-abrieron-los-sobre-de-la-licitacion-de-optimizacion-de-provision-de-agua-potable-para-saldungaray\/\"},\"author\":{\"name\":\"ulises\",\"@id\":\"https:\/\/www.celttv.com.ar\/#\/schema\/person\/6d99c072dba59953809c81446e9d0ace\"},\"headline\":\"Se abrieron los sobre de la licitaci\u00f3n de &#8220;Optimizaci\u00f3n de provisi\u00f3n de agua potable para Saldungaray&#8221;\",\"datePublished\":\"2017-11-23T14:52:54+00:00\",\"dateModified\":\"2017-11-23T14:52:54+00:00\",\"mainEntityOfPage\":{\"@id\":\"https:\/\/www.celttv.com.ar\/index.php\/2017\/11\/23\/se-abrieron-los-sobre-de-la-licitacion-de-optimizacion-de-provision-de-agua-potable-para-saldungaray\/\"},\"wordCount\":110,\"publisher\":{\"@id\":\"https:\/\/www.celttv.com.ar\/#organization\"},\"articleSection\":[\"Comunidad\",\"Destacadas\",\"Municipales\"],\"inLanguage\":\"es\"},{\"@type\":\"WebPage\",\"@id\":\"https:\/\/www.celttv.com.ar\/index.php\/2017\/11\/23\/se-abrieron-los-sobre-de-la-licitacion-de-optimizacion-de-provision-de-agua-potable-para-saldungaray\/\",\"url\":\"https:\/\/www.celttv.com.ar\/index.php\/2017\/11\/23\/se-abrieron-los-sobre-de-la-licitacion-de-optimizacion-de-provision-de-agua-potable-para-saldungaray\/\",\"name\":\"Se abrieron los sobre de la licitaci\u00f3n de \\\"Optimizaci\u00f3n de provisi\u00f3n de agua potable para Saldungaray\\\" - CELTTV\",\"isPartOf\":{\"@id\":\"https:\/\/www.celttv.com.ar\/#website\"},\"datePublished\":\"2017-11-23T14:52:54+00:00\",\"dateModified\":\"2017-11-23T14:52:54+00:00\",\"description\":\"Sitio web de noticias de la localidad de Tornquist, provincia de Buenos Aires, Rep\u00fablica Argentina. Contenido propio originado por periodistas de CELTTV, el canal de TV local de la Cooperativa El\u00e9ctrica de Tornquist. Turismo, Pol\u00edtica, Sociedad, Deporte, Cultura y todo el contenido de inter\u00e9s general que la gente del pueblo y la regi\u00f3n debe conocer.\",\"breadcrumb\":{\"@id\":\"https:\/\/www.celttv.com.ar\/index.php\/2017\/11\/23\/se-abrieron-los-sobre-de-la-licitacion-de-optimizacion-de-provision-de-agua-potable-para-saldungaray\/#breadcrumb\"},\"inLanguage\":\"es\",\"potentialAction\":[{\"@type\":\"ReadAction\",\"target\":[\"https:\/\/www.celttv.com.ar\/index.php\/2017\/11\/23\/se-abrieron-los-sobre-de-la-licitacion-de-optimizacion-de-provision-de-agua-potable-para-saldungaray\/\"]}]},{\"@type\":\"BreadcrumbList\",\"@id\":\"https:\/\/www.celttv.com.ar\/index.php\/2017\/11\/23\/se-abrieron-los-sobre-de-la-licitacion-de-optimizacion-de-provision-de-agua-potable-para-saldungaray\/#breadcrumb\",\"itemListElement\":[{\"@type\":\"ListItem\",\"position\":1,\"name\":\"Inicio\",\"item\":\"https:\/\/www.celttv.com.ar\/\"},{\"@type\":\"ListItem\",\"position\":2,\"name\":\"Se abrieron los sobre de la licitaci\u00f3n de &#8220;Optimizaci\u00f3n de provisi\u00f3n de agua potable para Saldungaray&#8221;\"}]},{\"@type\":\"WebSite\",\"@id\":\"https:\/\/www.celttv.com.ar\/#website\",\"url\":\"https:\/\/www.celttv.com.ar\/\",\"name\":\"CELTTV\",\"description\":\"Cooperativa El\u00e9ctrica de Tornquist\",\"publisher\":{\"@id\":\"https:\/\/www.celttv.com.ar\/#organization\"},\"potentialAction\":[{\"@type\":\"SearchAction\",\"target\":{\"@type\":\"EntryPoint\",\"urlTemplate\":\"https:\/\/www.celttv.com.ar\/?s={search_term_string}\"},\"query-input\":\"required name=search_term_string\"}],\"inLanguage\":\"es\"},{\"@type\":\"Organization\",\"@id\":\"https:\/\/www.celttv.com.ar\/#organization\",\"name\":\"CELTTV\",\"url\":\"https:\/\/www.celttv.com.ar\/\",\"sameAs\":[\"https:\/\/www.youtube.com\/channel\/UCz_oIt8Hig64Ub-EmcNPIhg\",\"https:\/\/www.facebook.com\/celtTV\/\"],\"logo\":{\"@type\":\"ImageObject\",\"inLanguage\":\"es\",\"@id\":\"https:\/\/www.celttv.com.ar\/#\/schema\/logo\/image\/\",\"url\":\"http:\/\/www.celttv.com.ar\/wp-content\/uploads\/2022\/08\/logo-1.png\",\"contentUrl\":\"http:\/\/www.celttv.com.ar\/wp-content\/uploads\/2022\/08\/logo-1.png\",\"width\":461,\"height\":159,\"caption\":\"CELTTV\"},\"image\":{\"@id\":\"https:\/\/www.celttv.com.ar\/#\/schema\/logo\/image\/\"}},{\"@type\":\"Person\",\"@id\":\"https:\/\/www.celttv.com.ar\/#\/schema\/person\/6d99c072dba59953809c81446e9d0ace\",\"name\":\"ulises\",\"image\":{\"@type\":\"ImageObject\",\"inLanguage\":\"es\",\"@id\":\"https:\/\/www.celttv.com.ar\/#\/schema\/person\/image\/\",\"url\":\"https:\/\/secure.gravatar.com\/avatar\/7f2c48bdc33b30088f941fb6082e555f2874c98e20cb159d7b92b50eadfce793?s=96&d=mm&r=g\",\"contentUrl\":\"https:\/\/secure.gravatar.com\/avatar\/7f2c48bdc33b30088f941fb6082e555f2874c98e20cb159d7b92b50eadfce793?s=96&d=mm&r=g\",\"caption\":\"ulises\"},\"sameAs\":[\"http:\/\/www.celttv.com.ar\"]}]}<\/script>\n<!-- \/ Yoast SEO plugin. -->","yoast_head_json":{"title":"Se abrieron los sobre de la licitaci\u00f3n de \"Optimizaci\u00f3n de provisi\u00f3n de agua potable para Saldungaray\" - CELTTV","description":"Sitio web de noticias de la localidad de Tornquist, provincia de Buenos Aires, Rep\u00fablica Argentina. Contenido propio originado por periodistas de CELTTV, el canal de TV local de la Cooperativa El\u00e9ctrica de Tornquist. Turismo, Pol\u00edtica, Sociedad, Deporte, Cultura y todo el contenido de inter\u00e9s general que la gente del pueblo y la regi\u00f3n debe conocer.","robots":{"index":"index","follow":"follow","max-snippet":"max-snippet:-1","max-image-preview":"max-image-preview:large","max-video-preview":"max-video-preview:-1"},"canonical":"https:\/\/www.celttv.com.ar\/index.php\/2017\/11\/23\/se-abrieron-los-sobre-de-la-licitacion-de-optimizacion-de-provision-de-agua-potable-para-saldungaray\/","og_locale":"es_ES","og_type":"article","og_title":"Se abrieron los sobre de la licitaci\u00f3n de \"Optimizaci\u00f3n de provisi\u00f3n de agua potable para Saldungaray\" - CELTTV","og_description":"Sitio web de noticias de la localidad de Tornquist, provincia de Buenos Aires, Rep\u00fablica Argentina. Contenido propio originado por periodistas de CELTTV, el canal de TV local de la Cooperativa El\u00e9ctrica de Tornquist. Turismo, Pol\u00edtica, Sociedad, Deporte, Cultura y todo el contenido de inter\u00e9s general que la gente del pueblo y la regi\u00f3n debe conocer.","og_url":"https:\/\/www.celttv.com.ar\/index.php\/2017\/11\/23\/se-abrieron-los-sobre-de-la-licitacion-de-optimizacion-de-provision-de-agua-potable-para-saldungaray\/","og_site_name":"CELTTV","article_publisher":"https:\/\/www.facebook.com\/celtTV\/","article_published_time":"2017-11-23T14:52:54+00:00","og_image":[{"width":1356,"height":768,"url":"https:\/\/www.celttv.com.ar\/wp-content\/uploads\/2017\/11\/agua-saldungaray-Medium.jpg","type":"image\/jpeg"}],"author":"ulises","twitter_card":"summary_large_image","twitter_misc":{"Escrito por":"ulises"},"schema":{"@context":"https:\/\/schema.org","@graph":[{"@type":"NewsArticle","@id":"https:\/\/www.celttv.com.ar\/index.php\/2017\/11\/23\/se-abrieron-los-sobre-de-la-licitacion-de-optimizacion-de-provision-de-agua-potable-para-saldungaray\/#article","isPartOf":{"@id":"https:\/\/www.celttv.com.ar\/index.php\/2017\/11\/23\/se-abrieron-los-sobre-de-la-licitacion-de-optimizacion-de-provision-de-agua-potable-para-saldungaray\/"},"author":{"name":"ulises","@id":"https:\/\/www.celttv.com.ar\/#\/schema\/person\/6d99c072dba59953809c81446e9d0ace"},"headline":"Se abrieron los sobre de la licitaci\u00f3n de &#8220;Optimizaci\u00f3n de provisi\u00f3n de agua potable para Saldungaray&#8221;","datePublished":"2017-11-23T14:52:54+00:00","dateModified":"2017-11-23T14:52:54+00:00","mainEntityOfPage":{"@id":"https:\/\/www.celttv.com.ar\/index.php\/2017\/11\/23\/se-abrieron-los-sobre-de-la-licitacion-de-optimizacion-de-provision-de-agua-potable-para-saldungaray\/"},"wordCount":110,"publisher":{"@id":"https:\/\/www.celttv.com.ar\/#organization"},"articleSection":["Comunidad","Destacadas","Municipales"],"inLanguage":"es"},{"@type":"WebPage","@id":"https:\/\/www.celttv.com.ar\/index.php\/2017\/11\/23\/se-abrieron-los-sobre-de-la-licitacion-de-optimizacion-de-provision-de-agua-potable-para-saldungaray\/","url":"https:\/\/www.celttv.com.ar\/index.php\/2017\/11\/23\/se-abrieron-los-sobre-de-la-licitacion-de-optimizacion-de-provision-de-agua-potable-para-saldungaray\/","name":"Se abrieron los sobre de la licitaci\u00f3n de \"Optimizaci\u00f3n de provisi\u00f3n de agua potable para Saldungaray\" - CELTTV","isPartOf":{"@id":"https:\/\/www.celttv.com.ar\/#website"},"datePublished":"2017-11-23T14:52:54+00:00","dateModified":"2017-11-23T14:52:54+00:00","description":"Sitio web de noticias de la localidad de Tornquist, provincia de Buenos Aires, Rep\u00fablica Argentina. Contenido propio originado por periodistas de CELTTV, el canal de TV local de la Cooperativa El\u00e9ctrica de Tornquist. Turismo, Pol\u00edtica, Sociedad, Deporte, Cultura y todo el contenido de inter\u00e9s general que la gente del pueblo y la regi\u00f3n debe conocer.","breadcrumb":{"@id":"https:\/\/www.celttv.com.ar\/index.php\/2017\/11\/23\/se-abrieron-los-sobre-de-la-licitacion-de-optimizacion-de-provision-de-agua-potable-para-saldungaray\/#breadcrumb"},"inLanguage":"es","potentialAction":[{"@type":"ReadAction","target":["https:\/\/www.celttv.com.ar\/index.php\/2017\/11\/23\/se-abrieron-los-sobre-de-la-licitacion-de-optimizacion-de-provision-de-agua-potable-para-saldungaray\/"]}]},{"@type":"BreadcrumbList","@id":"https:\/\/www.celttv.com.ar\/index.php\/2017\/11\/23\/se-abrieron-los-sobre-de-la-licitacion-de-optimizacion-de-provision-de-agua-potable-para-saldungaray\/#breadcrumb","itemListElement":[{"@type":"ListItem","position":1,"name":"Inicio","item":"https:\/\/www.celttv.com.ar\/"},{"@type":"ListItem","position":2,"name":"Se abrieron los sobre de la licitaci\u00f3n de &#8220;Optimizaci\u00f3n de provisi\u00f3n de agua potable para Saldungaray&#8221;"}]},{"@type":"WebSite","@id":"https:\/\/www.celttv.com.ar\/#website","url":"https:\/\/www.celttv.com.ar\/","name":"CELTTV","description":"Cooperativa El\u00e9ctrica de Tornquist","publisher":{"@id":"https:\/\/www.celttv.com.ar\/#organization"},"potentialAction":[{"@type":"SearchAction","target":{"@type":"EntryPoint","urlTemplate":"https:\/\/www.celttv.com.ar\/?s={search_term_string}"},"query-input":"required name=search_term_string"}],"inLanguage":"es"},{"@type":"Organization","@id":"https:\/\/www.celttv.com.ar\/#organization","name":"CELTTV","url":"https:\/\/www.celttv.com.ar\/","sameAs":["https:\/\/www.youtube.com\/channel\/UCz_oIt8Hig64Ub-EmcNPIhg","https:\/\/www.facebook.com\/celtTV\/"],"logo":{"@type":"ImageObject","inLanguage":"es","@id":"https:\/\/www.celttv.com.ar\/#\/schema\/logo\/image\/","url":"http:\/\/www.celttv.com.ar\/wp-content\/uploads\/2022\/08\/logo-1.png","contentUrl":"http:\/\/www.celttv.com.ar\/wp-content\/uploads\/2022\/08\/logo-1.png","width":461,"height":159,"caption":"CELTTV"},"image":{"@id":"https:\/\/www.celttv.com.ar\/#\/schema\/logo\/image\/"}},{"@type":"Person","@id":"https:\/\/www.celttv.com.ar\/#\/schema\/person\/6d99c072dba59953809c81446e9d0ace","name":"ulises","image":{"@type":"ImageObject","inLanguage":"es","@id":"https:\/\/www.celttv.com.ar\/#\/schema\/person\/image\/","url":"https:\/\/secure.gravatar.com\/avatar\/7f2c48bdc33b30088f941fb6082e555f2874c98e20cb159d7b92b50eadfce793?s=96&d=mm&r=g","contentUrl":"https:\/\/secure.gravatar.com\/avatar\/7f2c48bdc33b30088f941fb6082e555f2874c98e20cb159d7b92b50eadfce793?s=96&d=mm&r=g","caption":"ulises"},"sameAs":["http:\/\/www.celttv.com.ar"]}]}},"_links":{"self":[{"href":"https:\/\/www.celttv.com.ar\/index.php\/wp-json\/wp\/v2\/posts\/34155","targetHints":{"allow":["GET"]}}],"collection":[{"href":"https:\/\/www.celttv.com.ar\/index.php\/wp-json\/wp\/v2\/posts"}],"about":[{"href":"https:\/\/www.celttv.com.ar\/index.php\/wp-json\/wp\/v2\/types\/post"}],"author":[{"embeddable":true,"href":"https:\/\/www.celttv.com.ar\/index.php\/wp-json\/wp\/v2\/users\/1"}],"replies":[{"embeddable":true,"href":"https:\/\/www.celttv.com.ar\/index.php\/wp-json\/wp\/v2\/comments?post=34155"}],"version-history":[{"count":0,"href":"https:\/\/www.celttv.com.ar\/index.php\/wp-json\/wp\/v2\/posts\/34155\/revisions"}],"wp:featuredmedia":[{"embeddable":true,"href":"https:\/\/www.celttv.com.ar\/index.php\/wp-json\/wp\/v2\/media\/34156"}],"wp:attachment":[{"href":"https:\/\/www.celttv.com.ar\/index.php\/wp-json\/wp\/v2\/media?parent=34155"}],"wp:term":[{"taxonomy":"category","embeddable":true,"href":"https:\/\/www.celttv.com.ar\/index.php\/wp-json\/wp\/v2\/categories?post=34155"},{"taxonomy":"post_tag","embeddable":true,"href":"https:\/\/www.celttv.com.ar\/index.php\/wp-json\/wp\/v2\/tags?post=34155"}],"curies":[{"name":"wp","href":"https:\/\/api.w.org\/{rel}","templated":true}]}}