{"id":34185,"date":"2017-12-17T00:48:55","date_gmt":"2017-12-17T00:48:55","guid":{"rendered":"http:\/\/www.tvcnoticias.com.ar\/?p=34185"},"modified":"2017-12-17T00:48:55","modified_gmt":"2017-12-17T00:48:55","slug":"la-octava-de-automoto-se-consagro-campeon-del-clausura","status":"publish","type":"post","link":"https:\/\/www.celttv.com.ar\/index.php\/2017\/12\/17\/la-octava-de-automoto-se-consagro-campeon-del-clausura\/","title":{"rendered":"La Octava de Automoto se consagr\u00f3 campe\u00f3n del Clausura"},"content":{"rendered":"<p><a href=\"http:\/\/www.tvcnoticias.com.ar\/?attachment_id=34187\" rel=\"attachment wp-att-34187\"><img loading=\"lazy\" decoding=\"async\" src=\"http:\/\/www.tvcnoticias.com.ar\/wp-content\/uploads\/2017\/12\/aut1can1-450x229.jpg\" alt=\"\" width=\"450\" height=\"229\" class=\"alignleft size-medium wp-image-34187\" \/><\/a><\/p>\n<p><a href=\"http:\/\/www.tvcnoticias.com.ar\/?attachment_id=34188\" rel=\"attachment wp-att-34188\"><img loading=\"lazy\" decoding=\"async\" src=\"http:\/\/www.tvcnoticias.com.ar\/wp-content\/uploads\/2017\/12\/autcan2-450x215.jpg\" alt=\"\" width=\"450\" height=\"215\" class=\"alignleft size-medium wp-image-34188\" \/><\/a><\/p>\n<p><a href=\"http:\/\/www.tvcnoticias.com.ar\/?attachment_id=34189\" rel=\"attachment wp-att-34189\"><img loading=\"lazy\" decoding=\"async\" src=\"http:\/\/www.tvcnoticias.com.ar\/wp-content\/uploads\/2017\/12\/autcan3-450x334.jpg\" alt=\"\" width=\"450\" height=\"334\" class=\"alignleft size-medium wp-image-34189\" \/><\/a><\/p>\n<p><a href=\"http:\/\/www.tvcnoticias.com.ar\/?attachment_id=34190\" rel=\"attachment wp-att-34190\"><img loading=\"lazy\" decoding=\"async\" src=\"http:\/\/www.tvcnoticias.com.ar\/wp-content\/uploads\/2017\/12\/autcan4-450x247.jpg\" alt=\"\" width=\"450\" height=\"247\" class=\"alignleft size-medium wp-image-34190\" \/><\/a><\/p>\n<p><a href=\"http:\/\/www.tvcnoticias.com.ar\/?attachment_id=34191\" rel=\"attachment wp-att-34191\"><img loading=\"lazy\" decoding=\"async\" src=\"http:\/\/www.tvcnoticias.com.ar\/wp-content\/uploads\/2017\/12\/autcan5-450x300.jpg\" alt=\"\" width=\"450\" height=\"300\" class=\"alignleft size-medium wp-image-34191\" \/><\/a><\/p>\n<p><a href=\"http:\/\/www.tvcnoticias.com.ar\/?attachment_id=34192\" rel=\"attachment wp-att-34192\"><img loading=\"lazy\" decoding=\"async\" src=\"http:\/\/www.tvcnoticias.com.ar\/wp-content\/uploads\/2017\/12\/autcon6-450x300.jpg\" alt=\"\" width=\"450\" height=\"300\" class=\"alignleft size-medium wp-image-34192\" \/><\/a><\/p>\n<p><a href=\"http:\/\/www.tvcnoticias.com.ar\/?attachment_id=34193\" rel=\"attachment wp-att-34193\"><img loading=\"lazy\" decoding=\"async\" src=\"http:\/\/www.tvcnoticias.com.ar\/wp-content\/uploads\/2017\/12\/autcon7-450x294.jpg\" alt=\"\" width=\"450\" height=\"294\" class=\"alignleft size-medium wp-image-34193\" \/><\/a>Con un gol de Valent\u00edn Alric promediando el segundo tiempo, la Octava divisi\u00f3n del Automoto Club Deportivo super\u00f3 a Club Sarmiento de Pig\u00fc\u00e9 por 1 a 0 y se consagr\u00f3 campe\u00f3n del torneo Clausura que organiza la Liga Regional de Coronel Su\u00e1rez, cuyos partidos decisivos se disputaron en cancha de Deportivo Argentino de Pig\u00fc\u00e9.<\/p>\n<p>   Los chicos, dirigidos por Juan Salazar, consiguieron una marca hist\u00f3rica para la entidad azulgrana, teniendo en cuenta que se trata de la primera vez que una categor\u00eda se consagra en un certamen organizado por la entidad suarense.<\/p>\n<p>   De acuerdo con lo estipulado a mitad de a\u00f1o, ahora deber\u00e1n definir el t\u00edtulo anual con San Mart\u00edn de Carhu\u00e9, que obtuvo el t\u00edtulo del Apertura.<\/p>\n<p>   El partido result\u00f3 muy parejo, luchado y disputado. Automoto estuvo muy atento y r\u00e1pido en defensa, para poder soportar la presi\u00f3n del rival y salir con una pelota larga hacia los delanteros. La estrategia dio sus frutos en el complemento, cuando Alric pele\u00f3 una pelota cerca del \u00e1rea rival, gan\u00f3 y defini\u00f3 de gran manera ante el arquero.<\/p>\n<p>   El Rojo sali\u00f3 a la cancha con Joaqu\u00edn Cisternas; Genaro Gandini, Ignacio Gonz\u00e1lez Aburto, Lautaro Ferreyra y Tom\u00e1s Aldecoa; Agust\u00edn Villarreal, Tom\u00e1s Oro\u00f1o, Tom\u00e1s Fuhr (capit\u00e1n), Juan C\u00f3nsoli; Ger\u00f3nimo Kugler y Valent\u00edn Alric. Luego ingresaron Rafael Molinero, Lucas Heckel y Emiliano Rubio. Completaron la delegaci\u00f3n Juan Mu\u00f1oz, Juan Wallace, Dilan Rolhaizer y Tom\u00e1s Graff.<\/p>\n<p>   Los chicos son entrenados por Juan Salazar (DT), Mauricio Kugler (coordinador), Juan Gisler (preparador f\u00edsico) y El\u00edas Tombessi (entrenador de arqueros).<\/p>\n<p>   La campa\u00f1a de Automoto en el Clausura fue impecable. Durante el certamen disput\u00f3 12 partidos, de los cuales gan\u00f3 9 y empat\u00f3 3 (uno en la semifinal, que despu\u00e9s super\u00f3 por penales), con 19 goles a favor y tan s\u00f3lo 2 en contra.<\/p>\n<p>   \u00a1Felicitaciones campeones!<\/p>\n<p>Departamento de Prensa \u2013 Automoto Club Deportivo<\/p>\n","protected":false},"excerpt":{"rendered":"<p>Con un gol de Valent\u00edn Alric promediando el segundo tiempo, la Octava divisi\u00f3n del Automoto Club Deportivo super\u00f3 a Club Sarmiento de Pig\u00fc\u00e9 por 1 a 0 y se consagr\u00f3 campe\u00f3n del torneo Clausura que organiza la Liga Regional de Coronel Su\u00e1rez, cuyos partidos decisivos se disputaron en cancha de Deportivo Argentino de Pig\u00fc\u00e9. Los [&hellip;]<\/p>\n","protected":false},"author":1,"featured_media":34191,"comment_status":"closed","ping_status":"open","sticky":false,"template":"","format":"standard","meta":{"footnotes":""},"categories":[60,52],"tags":[],"class_list":["post-34185","post","type-post","status-publish","format-standard","has-post-thumbnail","hentry","category-deporte","category-destacadas"],"yoast_head":"<!-- This site is optimized with the Yoast SEO plugin v19.7.1 - https:\/\/yoast.com\/wordpress\/plugins\/seo\/ -->\n<title>La Octava de Automoto se consagr\u00f3 campe\u00f3n del Clausura - CELTTV<\/title>\n<meta name=\"description\" content=\"Sitio web de noticias de la localidad de Tornquist, provincia de Buenos Aires, Rep\u00fablica Argentina. Contenido propio originado por periodistas de CELTTV, el canal de TV local de la Cooperativa El\u00e9ctrica de Tornquist. Turismo, Pol\u00edtica, Sociedad, Deporte, Cultura y todo el contenido de inter\u00e9s general que la gente del pueblo y la regi\u00f3n debe conocer.\" \/>\n<meta name=\"robots\" content=\"index, follow, max-snippet:-1, max-image-preview:large, max-video-preview:-1\" \/>\n<link rel=\"canonical\" href=\"https:\/\/www.celttv.com.ar\/index.php\/2017\/12\/17\/la-octava-de-automoto-se-consagro-campeon-del-clausura\/\" \/>\n<meta property=\"og:locale\" content=\"es_ES\" \/>\n<meta property=\"og:type\" content=\"article\" \/>\n<meta property=\"og:title\" content=\"La Octava de Automoto se consagr\u00f3 campe\u00f3n del Clausura - CELTTV\" \/>\n<meta property=\"og:description\" content=\"Sitio web de noticias de la localidad de Tornquist, provincia de Buenos Aires, Rep\u00fablica Argentina. Contenido propio originado por periodistas de CELTTV, el canal de TV local de la Cooperativa El\u00e9ctrica de Tornquist. Turismo, Pol\u00edtica, Sociedad, Deporte, Cultura y todo el contenido de inter\u00e9s general que la gente del pueblo y la regi\u00f3n debe conocer.\" \/>\n<meta property=\"og:url\" content=\"https:\/\/www.celttv.com.ar\/index.php\/2017\/12\/17\/la-octava-de-automoto-se-consagro-campeon-del-clausura\/\" \/>\n<meta property=\"og:site_name\" content=\"CELTTV\" \/>\n<meta property=\"article:publisher\" content=\"https:\/\/www.facebook.com\/celtTV\/\" \/>\n<meta property=\"article:published_time\" content=\"2017-12-17T00:48:55+00:00\" \/>\n<meta property=\"og:image\" content=\"https:\/\/www.celttv.com.ar\/wp-content\/uploads\/2017\/12\/autcan5.jpg\" \/>\n\t<meta property=\"og:image:width\" content=\"960\" \/>\n\t<meta property=\"og:image:height\" content=\"640\" \/>\n\t<meta property=\"og:image:type\" content=\"image\/jpeg\" \/>\n<meta name=\"author\" content=\"ulises\" \/>\n<meta name=\"twitter:card\" content=\"summary_large_image\" \/>\n<meta name=\"twitter:label1\" content=\"Escrito por\" \/>\n\t<meta name=\"twitter:data1\" content=\"ulises\" \/>\n\t<meta name=\"twitter:label2\" content=\"Tiempo de lectura\" \/>\n\t<meta name=\"twitter:data2\" content=\"2 minutos\" \/>\n<script type=\"application\/ld+json\" class=\"yoast-schema-graph\">{\"@context\":\"https:\/\/schema.org\",\"@graph\":[{\"@type\":\"NewsArticle\",\"@id\":\"https:\/\/www.celttv.com.ar\/index.php\/2017\/12\/17\/la-octava-de-automoto-se-consagro-campeon-del-clausura\/#article\",\"isPartOf\":{\"@id\":\"https:\/\/www.celttv.com.ar\/index.php\/2017\/12\/17\/la-octava-de-automoto-se-consagro-campeon-del-clausura\/\"},\"author\":{\"name\":\"ulises\",\"@id\":\"https:\/\/www.celttv.com.ar\/#\/schema\/person\/6d99c072dba59953809c81446e9d0ace\"},\"headline\":\"La Octava de Automoto se consagr\u00f3 campe\u00f3n del Clausura\",\"datePublished\":\"2017-12-17T00:48:55+00:00\",\"dateModified\":\"2017-12-17T00:48:55+00:00\",\"mainEntityOfPage\":{\"@id\":\"https:\/\/www.celttv.com.ar\/index.php\/2017\/12\/17\/la-octava-de-automoto-se-consagro-campeon-del-clausura\/\"},\"wordCount\":336,\"publisher\":{\"@id\":\"https:\/\/www.celttv.com.ar\/#organization\"},\"articleSection\":[\"Deporte\",\"Destacadas\"],\"inLanguage\":\"es\"},{\"@type\":\"WebPage\",\"@id\":\"https:\/\/www.celttv.com.ar\/index.php\/2017\/12\/17\/la-octava-de-automoto-se-consagro-campeon-del-clausura\/\",\"url\":\"https:\/\/www.celttv.com.ar\/index.php\/2017\/12\/17\/la-octava-de-automoto-se-consagro-campeon-del-clausura\/\",\"name\":\"La Octava de Automoto se consagr\u00f3 campe\u00f3n del Clausura - CELTTV\",\"isPartOf\":{\"@id\":\"https:\/\/www.celttv.com.ar\/#website\"},\"datePublished\":\"2017-12-17T00:48:55+00:00\",\"dateModified\":\"2017-12-17T00:48:55+00:00\",\"description\":\"Sitio web de noticias de la localidad de Tornquist, provincia de Buenos Aires, Rep\u00fablica Argentina. Contenido propio originado por periodistas de CELTTV, el canal de TV local de la Cooperativa El\u00e9ctrica de Tornquist. Turismo, Pol\u00edtica, Sociedad, Deporte, Cultura y todo el contenido de inter\u00e9s general que la gente del pueblo y la regi\u00f3n debe conocer.\",\"breadcrumb\":{\"@id\":\"https:\/\/www.celttv.com.ar\/index.php\/2017\/12\/17\/la-octava-de-automoto-se-consagro-campeon-del-clausura\/#breadcrumb\"},\"inLanguage\":\"es\",\"potentialAction\":[{\"@type\":\"ReadAction\",\"target\":[\"https:\/\/www.celttv.com.ar\/index.php\/2017\/12\/17\/la-octava-de-automoto-se-consagro-campeon-del-clausura\/\"]}]},{\"@type\":\"BreadcrumbList\",\"@id\":\"https:\/\/www.celttv.com.ar\/index.php\/2017\/12\/17\/la-octava-de-automoto-se-consagro-campeon-del-clausura\/#breadcrumb\",\"itemListElement\":[{\"@type\":\"ListItem\",\"position\":1,\"name\":\"Inicio\",\"item\":\"https:\/\/www.celttv.com.ar\/\"},{\"@type\":\"ListItem\",\"position\":2,\"name\":\"La Octava de Automoto se consagr\u00f3 campe\u00f3n del Clausura\"}]},{\"@type\":\"WebSite\",\"@id\":\"https:\/\/www.celttv.com.ar\/#website\",\"url\":\"https:\/\/www.celttv.com.ar\/\",\"name\":\"CELTTV\",\"description\":\"Cooperativa El\u00e9ctrica de Tornquist\",\"publisher\":{\"@id\":\"https:\/\/www.celttv.com.ar\/#organization\"},\"potentialAction\":[{\"@type\":\"SearchAction\",\"target\":{\"@type\":\"EntryPoint\",\"urlTemplate\":\"https:\/\/www.celttv.com.ar\/?s={search_term_string}\"},\"query-input\":\"required name=search_term_string\"}],\"inLanguage\":\"es\"},{\"@type\":\"Organization\",\"@id\":\"https:\/\/www.celttv.com.ar\/#organization\",\"name\":\"CELTTV\",\"url\":\"https:\/\/www.celttv.com.ar\/\",\"sameAs\":[\"https:\/\/www.youtube.com\/channel\/UCz_oIt8Hig64Ub-EmcNPIhg\",\"https:\/\/www.facebook.com\/celtTV\/\"],\"logo\":{\"@type\":\"ImageObject\",\"inLanguage\":\"es\",\"@id\":\"https:\/\/www.celttv.com.ar\/#\/schema\/logo\/image\/\",\"url\":\"http:\/\/www.celttv.com.ar\/wp-content\/uploads\/2022\/08\/logo-1.png\",\"contentUrl\":\"http:\/\/www.celttv.com.ar\/wp-content\/uploads\/2022\/08\/logo-1.png\",\"width\":461,\"height\":159,\"caption\":\"CELTTV\"},\"image\":{\"@id\":\"https:\/\/www.celttv.com.ar\/#\/schema\/logo\/image\/\"}},{\"@type\":\"Person\",\"@id\":\"https:\/\/www.celttv.com.ar\/#\/schema\/person\/6d99c072dba59953809c81446e9d0ace\",\"name\":\"ulises\",\"image\":{\"@type\":\"ImageObject\",\"inLanguage\":\"es\",\"@id\":\"https:\/\/www.celttv.com.ar\/#\/schema\/person\/image\/\",\"url\":\"https:\/\/secure.gravatar.com\/avatar\/7f2c48bdc33b30088f941fb6082e555f2874c98e20cb159d7b92b50eadfce793?s=96&d=mm&r=g\",\"contentUrl\":\"https:\/\/secure.gravatar.com\/avatar\/7f2c48bdc33b30088f941fb6082e555f2874c98e20cb159d7b92b50eadfce793?s=96&d=mm&r=g\",\"caption\":\"ulises\"},\"sameAs\":[\"http:\/\/www.celttv.com.ar\"]}]}<\/script>\n<!-- \/ Yoast SEO plugin. -->","yoast_head_json":{"title":"La Octava de Automoto se consagr\u00f3 campe\u00f3n del Clausura - CELTTV","description":"Sitio web de noticias de la localidad de Tornquist, provincia de Buenos Aires, Rep\u00fablica Argentina. Contenido propio originado por periodistas de CELTTV, el canal de TV local de la Cooperativa El\u00e9ctrica de Tornquist. Turismo, Pol\u00edtica, Sociedad, Deporte, Cultura y todo el contenido de inter\u00e9s general que la gente del pueblo y la regi\u00f3n debe conocer.","robots":{"index":"index","follow":"follow","max-snippet":"max-snippet:-1","max-image-preview":"max-image-preview:large","max-video-preview":"max-video-preview:-1"},"canonical":"https:\/\/www.celttv.com.ar\/index.php\/2017\/12\/17\/la-octava-de-automoto-se-consagro-campeon-del-clausura\/","og_locale":"es_ES","og_type":"article","og_title":"La Octava de Automoto se consagr\u00f3 campe\u00f3n del Clausura - CELTTV","og_description":"Sitio web de noticias de la localidad de Tornquist, provincia de Buenos Aires, Rep\u00fablica Argentina. Contenido propio originado por periodistas de CELTTV, el canal de TV local de la Cooperativa El\u00e9ctrica de Tornquist. Turismo, Pol\u00edtica, Sociedad, Deporte, Cultura y todo el contenido de inter\u00e9s general que la gente del pueblo y la regi\u00f3n debe conocer.","og_url":"https:\/\/www.celttv.com.ar\/index.php\/2017\/12\/17\/la-octava-de-automoto-se-consagro-campeon-del-clausura\/","og_site_name":"CELTTV","article_publisher":"https:\/\/www.facebook.com\/celtTV\/","article_published_time":"2017-12-17T00:48:55+00:00","og_image":[{"width":960,"height":640,"url":"https:\/\/www.celttv.com.ar\/wp-content\/uploads\/2017\/12\/autcan5.jpg","type":"image\/jpeg"}],"author":"ulises","twitter_card":"summary_large_image","twitter_misc":{"Escrito por":"ulises","Tiempo de lectura":"2 minutos"},"schema":{"@context":"https:\/\/schema.org","@graph":[{"@type":"NewsArticle","@id":"https:\/\/www.celttv.com.ar\/index.php\/2017\/12\/17\/la-octava-de-automoto-se-consagro-campeon-del-clausura\/#article","isPartOf":{"@id":"https:\/\/www.celttv.com.ar\/index.php\/2017\/12\/17\/la-octava-de-automoto-se-consagro-campeon-del-clausura\/"},"author":{"name":"ulises","@id":"https:\/\/www.celttv.com.ar\/#\/schema\/person\/6d99c072dba59953809c81446e9d0ace"},"headline":"La Octava de Automoto se consagr\u00f3 campe\u00f3n del Clausura","datePublished":"2017-12-17T00:48:55+00:00","dateModified":"2017-12-17T00:48:55+00:00","mainEntityOfPage":{"@id":"https:\/\/www.celttv.com.ar\/index.php\/2017\/12\/17\/la-octava-de-automoto-se-consagro-campeon-del-clausura\/"},"wordCount":336,"publisher":{"@id":"https:\/\/www.celttv.com.ar\/#organization"},"articleSection":["Deporte","Destacadas"],"inLanguage":"es"},{"@type":"WebPage","@id":"https:\/\/www.celttv.com.ar\/index.php\/2017\/12\/17\/la-octava-de-automoto-se-consagro-campeon-del-clausura\/","url":"https:\/\/www.celttv.com.ar\/index.php\/2017\/12\/17\/la-octava-de-automoto-se-consagro-campeon-del-clausura\/","name":"La Octava de Automoto se consagr\u00f3 campe\u00f3n del Clausura - CELTTV","isPartOf":{"@id":"https:\/\/www.celttv.com.ar\/#website"},"datePublished":"2017-12-17T00:48:55+00:00","dateModified":"2017-12-17T00:48:55+00:00","description":"Sitio web de noticias de la localidad de Tornquist, provincia de Buenos Aires, Rep\u00fablica Argentina. Contenido propio originado por periodistas de CELTTV, el canal de TV local de la Cooperativa El\u00e9ctrica de Tornquist. Turismo, Pol\u00edtica, Sociedad, Deporte, Cultura y todo el contenido de inter\u00e9s general que la gente del pueblo y la regi\u00f3n debe conocer.","breadcrumb":{"@id":"https:\/\/www.celttv.com.ar\/index.php\/2017\/12\/17\/la-octava-de-automoto-se-consagro-campeon-del-clausura\/#breadcrumb"},"inLanguage":"es","potentialAction":[{"@type":"ReadAction","target":["https:\/\/www.celttv.com.ar\/index.php\/2017\/12\/17\/la-octava-de-automoto-se-consagro-campeon-del-clausura\/"]}]},{"@type":"BreadcrumbList","@id":"https:\/\/www.celttv.com.ar\/index.php\/2017\/12\/17\/la-octava-de-automoto-se-consagro-campeon-del-clausura\/#breadcrumb","itemListElement":[{"@type":"ListItem","position":1,"name":"Inicio","item":"https:\/\/www.celttv.com.ar\/"},{"@type":"ListItem","position":2,"name":"La Octava de Automoto se consagr\u00f3 campe\u00f3n del Clausura"}]},{"@type":"WebSite","@id":"https:\/\/www.celttv.com.ar\/#website","url":"https:\/\/www.celttv.com.ar\/","name":"CELTTV","description":"Cooperativa El\u00e9ctrica de Tornquist","publisher":{"@id":"https:\/\/www.celttv.com.ar\/#organization"},"potentialAction":[{"@type":"SearchAction","target":{"@type":"EntryPoint","urlTemplate":"https:\/\/www.celttv.com.ar\/?s={search_term_string}"},"query-input":"required name=search_term_string"}],"inLanguage":"es"},{"@type":"Organization","@id":"https:\/\/www.celttv.com.ar\/#organization","name":"CELTTV","url":"https:\/\/www.celttv.com.ar\/","sameAs":["https:\/\/www.youtube.com\/channel\/UCz_oIt8Hig64Ub-EmcNPIhg","https:\/\/www.facebook.com\/celtTV\/"],"logo":{"@type":"ImageObject","inLanguage":"es","@id":"https:\/\/www.celttv.com.ar\/#\/schema\/logo\/image\/","url":"http:\/\/www.celttv.com.ar\/wp-content\/uploads\/2022\/08\/logo-1.png","contentUrl":"http:\/\/www.celttv.com.ar\/wp-content\/uploads\/2022\/08\/logo-1.png","width":461,"height":159,"caption":"CELTTV"},"image":{"@id":"https:\/\/www.celttv.com.ar\/#\/schema\/logo\/image\/"}},{"@type":"Person","@id":"https:\/\/www.celttv.com.ar\/#\/schema\/person\/6d99c072dba59953809c81446e9d0ace","name":"ulises","image":{"@type":"ImageObject","inLanguage":"es","@id":"https:\/\/www.celttv.com.ar\/#\/schema\/person\/image\/","url":"https:\/\/secure.gravatar.com\/avatar\/7f2c48bdc33b30088f941fb6082e555f2874c98e20cb159d7b92b50eadfce793?s=96&d=mm&r=g","contentUrl":"https:\/\/secure.gravatar.com\/avatar\/7f2c48bdc33b30088f941fb6082e555f2874c98e20cb159d7b92b50eadfce793?s=96&d=mm&r=g","caption":"ulises"},"sameAs":["http:\/\/www.celttv.com.ar"]}]}},"_links":{"self":[{"href":"https:\/\/www.celttv.com.ar\/index.php\/wp-json\/wp\/v2\/posts\/34185","targetHints":{"allow":["GET"]}}],"collection":[{"href":"https:\/\/www.celttv.com.ar\/index.php\/wp-json\/wp\/v2\/posts"}],"about":[{"href":"https:\/\/www.celttv.com.ar\/index.php\/wp-json\/wp\/v2\/types\/post"}],"author":[{"embeddable":true,"href":"https:\/\/www.celttv.com.ar\/index.php\/wp-json\/wp\/v2\/users\/1"}],"replies":[{"embeddable":true,"href":"https:\/\/www.celttv.com.ar\/index.php\/wp-json\/wp\/v2\/comments?post=34185"}],"version-history":[{"count":0,"href":"https:\/\/www.celttv.com.ar\/index.php\/wp-json\/wp\/v2\/posts\/34185\/revisions"}],"wp:featuredmedia":[{"embeddable":true,"href":"https:\/\/www.celttv.com.ar\/index.php\/wp-json\/wp\/v2\/media\/34191"}],"wp:attachment":[{"href":"https:\/\/www.celttv.com.ar\/index.php\/wp-json\/wp\/v2\/media?parent=34185"}],"wp:term":[{"taxonomy":"category","embeddable":true,"href":"https:\/\/www.celttv.com.ar\/index.php\/wp-json\/wp\/v2\/categories?post=34185"},{"taxonomy":"post_tag","embeddable":true,"href":"https:\/\/www.celttv.com.ar\/index.php\/wp-json\/wp\/v2\/tags?post=34185"}],"curies":[{"name":"wp","href":"https:\/\/api.w.org\/{rel}","templated":true}]}}