{"id":34195,"date":"2017-12-18T23:33:12","date_gmt":"2017-12-18T23:33:12","guid":{"rendered":"http:\/\/www.tvcnoticias.com.ar\/?p=34195"},"modified":"2017-12-18T23:33:12","modified_gmt":"2017-12-18T23:33:12","slug":"se-realizo-una-asamblea-de-docentes-en-la-plaza-ernesto-tornquist","status":"publish","type":"post","link":"https:\/\/www.celttv.com.ar\/index.php\/2017\/12\/18\/se-realizo-una-asamblea-de-docentes-en-la-plaza-ernesto-tornquist\/","title":{"rendered":"Se realiz\u00f3 una Asamblea de docentes en la Plaza Ernesto Tornquist"},"content":{"rendered":"<p>El d\u00eda de hoy, lunes 18 de diciembre de 2017, a las 10:00 horas nos convocamos en la plaza de Tornquist a una asamblea abierta a la comunidad, un grupo de 20 docentes agremiados en los distintos gremios del distrito, docentes sin filiaci\u00f3n gremial y vecinas y vecinos preocupados por la inminente reforma a la ley de previsi\u00f3n social.<br \/>\nNos acercamos a las escuelas circundantes a la plaza entregando un volante que ya hab\u00eda sido distribuido por agremiados del Suteba el d\u00eda jueves pasado y redactamos la siguiente nota dirigida a las autoridades del distrito. <\/p>\n<p>Invitamos a todos los ciudadanos del distrito a informarse sobre los detalles de la reforma y se expresen pidiendo un debate profundo, abierto a los sectores afectados, sobre una reforma que significa un grave retroceso hacia los sectores de mayor vulnerabilidad. <\/p>\n<p>Esta reforma significar\u00eda que jubilados, pensionados y beneficiarios de la AUH, las pensiones no contributivas, las asignaciones familiares de los trabajadores, las pensiones por discapacidad y las pensiones a los veteranos de Malvinas, tendr\u00edan su c\u00e1lculo de haberes mediante una f\u00f3rmula que para marzo de 2018 significar\u00eda un recorte del 8% en sus haberes, y que dar\u00eda lugar a nuevas medidas como el aumento de la edad jubilatoria a los 70 a\u00f1os. <\/p>\n<p>Asimismo, llamamos a todos los docentes a informarse y expresar su oposici\u00f3n a las reformas impulsadas por la gobernadora Vidal sintetizadas en la propuesta de la \u201carmonizaci\u00f3n\u201d del ANSES y el IPS, que dan por tierra a\u00f1os de lucha docente en materia de derecho previsional.  <\/p>\n<p>DEFENDAMOS NUESTRO SISTEMA PREVISIONAL<br \/>\nLOS JUBILADOS NO SON VARIABLE DE AJUSTE<br \/>\nLA SEGURIDAD SOCIAL NO ES UN GASTO<\/p>\n<p>                                                        Tornquist, 18 de diciembre de 2017<br \/>\nEstimados miembros del HCD de Tornquist<br \/>\nS\/D<br \/>\nDe nuestra mayor consideraci\u00f3n,<\/p>\n<p>                                Quienes suscribimos, representantes de gremios docentes, docentes sin filiaci\u00f3n gremial, vecinos y vecinas preocupados por lo acontecido el pasado jueves 14 de diciembre en circunstancia del debate sobre la reforma previsional en c\u00e1mara de diputados, queremos expresar nuestro total rechazo y tremenda consternaci\u00f3n frente a la brutal represi\u00f3n de parte de los gendarmes y otras fuerzas de seguridad en contra de las personas que se manifestaban de manera pac\u00edfica y ejerciendo su derecho constitucional. <\/p>\n<p>A su vez, solicitamos que como representantes del pueblo de Tornquist y en v\u00edsperas de una reforma que ha sido impulsada de manera inconsulta y sin consenso social, eleven a a las autoridades que correspondan, es decir, Poder Ejecutivo provincial y nacional, el rechazo a la mencionada reforma y el repudio a la violencia institucional ejercida sobre el pueblo argentino. <\/p>\n<p>Agregamos, tambi\u00e9n, nuestra creciente preocupaci\u00f3n por las reformas en cartera que tiene la gobernadora Vidal tendiente a \u201carmonizar\u201d las cajas del ANSES e IPS acompa\u00f1adas por una serie de reformas que son de p\u00fablico conocimiento, y que resultar\u00e1n en un retroceso hist\u00f3rico en materia de derecho y de seguridad social para todos los docentes en actividad y pasivos de la provincia. <\/p>\n<p>Asimismo, instamos a vuestro cuerpo colegiado a expedirse de manera p\u00fablica y a sentar posici\u00f3n frente a los hechos arriba mencionados. <\/p>\n<p>Copia entregada al Sr. Intendente Sergio Bordoni<a href=\"http:\/\/www.tvcnoticias.com.ar\/?attachment_id=34196\" rel=\"attachment wp-att-34196\"><img loading=\"lazy\" decoding=\"async\" src=\"http:\/\/www.tvcnoticias.com.ar\/wp-content\/uploads\/2017\/12\/docentes1-Medium-450x254.jpg\" alt=\"\" width=\"450\" height=\"254\" class=\"alignleft size-medium wp-image-34196\" \/><\/a><\/p>\n<p><a href=\"http:\/\/www.tvcnoticias.com.ar\/?attachment_id=34197\" rel=\"attachment wp-att-34197\"><img loading=\"lazy\" decoding=\"async\" src=\"http:\/\/www.tvcnoticias.com.ar\/wp-content\/uploads\/2017\/12\/docentes2-Medium-450x254.jpg\" alt=\"\" width=\"450\" height=\"254\" class=\"alignleft size-medium wp-image-34197\" \/><\/a><\/p>\n","protected":false},"excerpt":{"rendered":"<p>El d\u00eda de hoy, lunes 18 de diciembre de 2017, a las 10:00 horas nos convocamos en la plaza de Tornquist a una asamblea abierta a la comunidad, un grupo de 20 docentes agremiados en los distintos gremios del distrito, docentes sin filiaci\u00f3n gremial y vecinas y vecinos preocupados por la inminente reforma a la [&hellip;]<\/p>\n","protected":false},"author":1,"featured_media":34197,"comment_status":"closed","ping_status":"open","sticky":false,"template":"","format":"standard","meta":{"footnotes":""},"categories":[51,52],"tags":[],"class_list":["post-34195","post","type-post","status-publish","format-standard","has-post-thumbnail","hentry","category-comunidad","category-destacadas"],"yoast_head":"<!-- This site is optimized with the Yoast SEO plugin v19.7.1 - https:\/\/yoast.com\/wordpress\/plugins\/seo\/ -->\n<title>Se realiz\u00f3 una Asamblea de docentes en la Plaza Ernesto Tornquist - CELTTV<\/title>\n<meta name=\"description\" content=\"Sitio web de noticias de la localidad de Tornquist, provincia de Buenos Aires, Rep\u00fablica Argentina. Contenido propio originado por periodistas de CELTTV, el canal de TV local de la Cooperativa El\u00e9ctrica de Tornquist. Turismo, Pol\u00edtica, Sociedad, Deporte, Cultura y todo el contenido de inter\u00e9s general que la gente del pueblo y la regi\u00f3n debe conocer.\" \/>\n<meta name=\"robots\" content=\"index, follow, max-snippet:-1, max-image-preview:large, max-video-preview:-1\" \/>\n<link rel=\"canonical\" href=\"https:\/\/www.celttv.com.ar\/index.php\/2017\/12\/18\/se-realizo-una-asamblea-de-docentes-en-la-plaza-ernesto-tornquist\/\" \/>\n<meta property=\"og:locale\" content=\"es_ES\" \/>\n<meta property=\"og:type\" content=\"article\" \/>\n<meta property=\"og:title\" content=\"Se realiz\u00f3 una Asamblea de docentes en la Plaza Ernesto Tornquist - CELTTV\" \/>\n<meta property=\"og:description\" content=\"Sitio web de noticias de la localidad de Tornquist, provincia de Buenos Aires, Rep\u00fablica Argentina. Contenido propio originado por periodistas de CELTTV, el canal de TV local de la Cooperativa El\u00e9ctrica de Tornquist. Turismo, Pol\u00edtica, Sociedad, Deporte, Cultura y todo el contenido de inter\u00e9s general que la gente del pueblo y la regi\u00f3n debe conocer.\" \/>\n<meta property=\"og:url\" content=\"https:\/\/www.celttv.com.ar\/index.php\/2017\/12\/18\/se-realizo-una-asamblea-de-docentes-en-la-plaza-ernesto-tornquist\/\" \/>\n<meta property=\"og:site_name\" content=\"CELTTV\" \/>\n<meta property=\"article:publisher\" content=\"https:\/\/www.facebook.com\/celtTV\/\" \/>\n<meta property=\"article:published_time\" content=\"2017-12-18T23:33:12+00:00\" \/>\n<meta property=\"og:image\" content=\"https:\/\/www.celttv.com.ar\/wp-content\/uploads\/2017\/12\/docentes2-Medium.jpg\" \/>\n\t<meta property=\"og:image:width\" content=\"1362\" \/>\n\t<meta property=\"og:image:height\" content=\"768\" \/>\n\t<meta property=\"og:image:type\" content=\"image\/jpeg\" \/>\n<meta name=\"author\" content=\"ulises\" \/>\n<meta name=\"twitter:card\" content=\"summary_large_image\" \/>\n<meta name=\"twitter:label1\" content=\"Escrito por\" \/>\n\t<meta name=\"twitter:data1\" content=\"ulises\" \/>\n\t<meta name=\"twitter:label2\" content=\"Tiempo de lectura\" \/>\n\t<meta name=\"twitter:data2\" content=\"3 minutos\" \/>\n<script type=\"application\/ld+json\" class=\"yoast-schema-graph\">{\"@context\":\"https:\/\/schema.org\",\"@graph\":[{\"@type\":\"NewsArticle\",\"@id\":\"https:\/\/www.celttv.com.ar\/index.php\/2017\/12\/18\/se-realizo-una-asamblea-de-docentes-en-la-plaza-ernesto-tornquist\/#article\",\"isPartOf\":{\"@id\":\"https:\/\/www.celttv.com.ar\/index.php\/2017\/12\/18\/se-realizo-una-asamblea-de-docentes-en-la-plaza-ernesto-tornquist\/\"},\"author\":{\"name\":\"ulises\",\"@id\":\"https:\/\/www.celttv.com.ar\/#\/schema\/person\/6d99c072dba59953809c81446e9d0ace\"},\"headline\":\"Se realiz\u00f3 una Asamblea de docentes en la Plaza Ernesto Tornquist\",\"datePublished\":\"2017-12-18T23:33:12+00:00\",\"dateModified\":\"2017-12-18T23:33:12+00:00\",\"mainEntityOfPage\":{\"@id\":\"https:\/\/www.celttv.com.ar\/index.php\/2017\/12\/18\/se-realizo-una-asamblea-de-docentes-en-la-plaza-ernesto-tornquist\/\"},\"wordCount\":543,\"publisher\":{\"@id\":\"https:\/\/www.celttv.com.ar\/#organization\"},\"articleSection\":[\"Comunidad\",\"Destacadas\"],\"inLanguage\":\"es\"},{\"@type\":\"WebPage\",\"@id\":\"https:\/\/www.celttv.com.ar\/index.php\/2017\/12\/18\/se-realizo-una-asamblea-de-docentes-en-la-plaza-ernesto-tornquist\/\",\"url\":\"https:\/\/www.celttv.com.ar\/index.php\/2017\/12\/18\/se-realizo-una-asamblea-de-docentes-en-la-plaza-ernesto-tornquist\/\",\"name\":\"Se realiz\u00f3 una Asamblea de docentes en la Plaza Ernesto Tornquist - CELTTV\",\"isPartOf\":{\"@id\":\"https:\/\/www.celttv.com.ar\/#website\"},\"datePublished\":\"2017-12-18T23:33:12+00:00\",\"dateModified\":\"2017-12-18T23:33:12+00:00\",\"description\":\"Sitio web de noticias de la localidad de Tornquist, provincia de Buenos Aires, Rep\u00fablica Argentina. Contenido propio originado por periodistas de CELTTV, el canal de TV local de la Cooperativa El\u00e9ctrica de Tornquist. Turismo, Pol\u00edtica, Sociedad, Deporte, Cultura y todo el contenido de inter\u00e9s general que la gente del pueblo y la regi\u00f3n debe conocer.\",\"breadcrumb\":{\"@id\":\"https:\/\/www.celttv.com.ar\/index.php\/2017\/12\/18\/se-realizo-una-asamblea-de-docentes-en-la-plaza-ernesto-tornquist\/#breadcrumb\"},\"inLanguage\":\"es\",\"potentialAction\":[{\"@type\":\"ReadAction\",\"target\":[\"https:\/\/www.celttv.com.ar\/index.php\/2017\/12\/18\/se-realizo-una-asamblea-de-docentes-en-la-plaza-ernesto-tornquist\/\"]}]},{\"@type\":\"BreadcrumbList\",\"@id\":\"https:\/\/www.celttv.com.ar\/index.php\/2017\/12\/18\/se-realizo-una-asamblea-de-docentes-en-la-plaza-ernesto-tornquist\/#breadcrumb\",\"itemListElement\":[{\"@type\":\"ListItem\",\"position\":1,\"name\":\"Inicio\",\"item\":\"https:\/\/www.celttv.com.ar\/\"},{\"@type\":\"ListItem\",\"position\":2,\"name\":\"Se realiz\u00f3 una Asamblea de docentes en la Plaza Ernesto Tornquist\"}]},{\"@type\":\"WebSite\",\"@id\":\"https:\/\/www.celttv.com.ar\/#website\",\"url\":\"https:\/\/www.celttv.com.ar\/\",\"name\":\"CELTTV\",\"description\":\"Cooperativa El\u00e9ctrica de Tornquist\",\"publisher\":{\"@id\":\"https:\/\/www.celttv.com.ar\/#organization\"},\"potentialAction\":[{\"@type\":\"SearchAction\",\"target\":{\"@type\":\"EntryPoint\",\"urlTemplate\":\"https:\/\/www.celttv.com.ar\/?s={search_term_string}\"},\"query-input\":\"required name=search_term_string\"}],\"inLanguage\":\"es\"},{\"@type\":\"Organization\",\"@id\":\"https:\/\/www.celttv.com.ar\/#organization\",\"name\":\"CELTTV\",\"url\":\"https:\/\/www.celttv.com.ar\/\",\"sameAs\":[\"https:\/\/www.youtube.com\/channel\/UCz_oIt8Hig64Ub-EmcNPIhg\",\"https:\/\/www.facebook.com\/celtTV\/\"],\"logo\":{\"@type\":\"ImageObject\",\"inLanguage\":\"es\",\"@id\":\"https:\/\/www.celttv.com.ar\/#\/schema\/logo\/image\/\",\"url\":\"http:\/\/www.celttv.com.ar\/wp-content\/uploads\/2022\/08\/logo-1.png\",\"contentUrl\":\"http:\/\/www.celttv.com.ar\/wp-content\/uploads\/2022\/08\/logo-1.png\",\"width\":461,\"height\":159,\"caption\":\"CELTTV\"},\"image\":{\"@id\":\"https:\/\/www.celttv.com.ar\/#\/schema\/logo\/image\/\"}},{\"@type\":\"Person\",\"@id\":\"https:\/\/www.celttv.com.ar\/#\/schema\/person\/6d99c072dba59953809c81446e9d0ace\",\"name\":\"ulises\",\"image\":{\"@type\":\"ImageObject\",\"inLanguage\":\"es\",\"@id\":\"https:\/\/www.celttv.com.ar\/#\/schema\/person\/image\/\",\"url\":\"https:\/\/secure.gravatar.com\/avatar\/7f2c48bdc33b30088f941fb6082e555f2874c98e20cb159d7b92b50eadfce793?s=96&d=mm&r=g\",\"contentUrl\":\"https:\/\/secure.gravatar.com\/avatar\/7f2c48bdc33b30088f941fb6082e555f2874c98e20cb159d7b92b50eadfce793?s=96&d=mm&r=g\",\"caption\":\"ulises\"},\"sameAs\":[\"http:\/\/www.celttv.com.ar\"]}]}<\/script>\n<!-- \/ Yoast SEO plugin. -->","yoast_head_json":{"title":"Se realiz\u00f3 una Asamblea de docentes en la Plaza Ernesto Tornquist - CELTTV","description":"Sitio web de noticias de la localidad de Tornquist, provincia de Buenos Aires, Rep\u00fablica Argentina. Contenido propio originado por periodistas de CELTTV, el canal de TV local de la Cooperativa El\u00e9ctrica de Tornquist. Turismo, Pol\u00edtica, Sociedad, Deporte, Cultura y todo el contenido de inter\u00e9s general que la gente del pueblo y la regi\u00f3n debe conocer.","robots":{"index":"index","follow":"follow","max-snippet":"max-snippet:-1","max-image-preview":"max-image-preview:large","max-video-preview":"max-video-preview:-1"},"canonical":"https:\/\/www.celttv.com.ar\/index.php\/2017\/12\/18\/se-realizo-una-asamblea-de-docentes-en-la-plaza-ernesto-tornquist\/","og_locale":"es_ES","og_type":"article","og_title":"Se realiz\u00f3 una Asamblea de docentes en la Plaza Ernesto Tornquist - CELTTV","og_description":"Sitio web de noticias de la localidad de Tornquist, provincia de Buenos Aires, Rep\u00fablica Argentina. Contenido propio originado por periodistas de CELTTV, el canal de TV local de la Cooperativa El\u00e9ctrica de Tornquist. Turismo, Pol\u00edtica, Sociedad, Deporte, Cultura y todo el contenido de inter\u00e9s general que la gente del pueblo y la regi\u00f3n debe conocer.","og_url":"https:\/\/www.celttv.com.ar\/index.php\/2017\/12\/18\/se-realizo-una-asamblea-de-docentes-en-la-plaza-ernesto-tornquist\/","og_site_name":"CELTTV","article_publisher":"https:\/\/www.facebook.com\/celtTV\/","article_published_time":"2017-12-18T23:33:12+00:00","og_image":[{"width":1362,"height":768,"url":"https:\/\/www.celttv.com.ar\/wp-content\/uploads\/2017\/12\/docentes2-Medium.jpg","type":"image\/jpeg"}],"author":"ulises","twitter_card":"summary_large_image","twitter_misc":{"Escrito por":"ulises","Tiempo de lectura":"3 minutos"},"schema":{"@context":"https:\/\/schema.org","@graph":[{"@type":"NewsArticle","@id":"https:\/\/www.celttv.com.ar\/index.php\/2017\/12\/18\/se-realizo-una-asamblea-de-docentes-en-la-plaza-ernesto-tornquist\/#article","isPartOf":{"@id":"https:\/\/www.celttv.com.ar\/index.php\/2017\/12\/18\/se-realizo-una-asamblea-de-docentes-en-la-plaza-ernesto-tornquist\/"},"author":{"name":"ulises","@id":"https:\/\/www.celttv.com.ar\/#\/schema\/person\/6d99c072dba59953809c81446e9d0ace"},"headline":"Se realiz\u00f3 una Asamblea de docentes en la Plaza Ernesto Tornquist","datePublished":"2017-12-18T23:33:12+00:00","dateModified":"2017-12-18T23:33:12+00:00","mainEntityOfPage":{"@id":"https:\/\/www.celttv.com.ar\/index.php\/2017\/12\/18\/se-realizo-una-asamblea-de-docentes-en-la-plaza-ernesto-tornquist\/"},"wordCount":543,"publisher":{"@id":"https:\/\/www.celttv.com.ar\/#organization"},"articleSection":["Comunidad","Destacadas"],"inLanguage":"es"},{"@type":"WebPage","@id":"https:\/\/www.celttv.com.ar\/index.php\/2017\/12\/18\/se-realizo-una-asamblea-de-docentes-en-la-plaza-ernesto-tornquist\/","url":"https:\/\/www.celttv.com.ar\/index.php\/2017\/12\/18\/se-realizo-una-asamblea-de-docentes-en-la-plaza-ernesto-tornquist\/","name":"Se realiz\u00f3 una Asamblea de docentes en la Plaza Ernesto Tornquist - CELTTV","isPartOf":{"@id":"https:\/\/www.celttv.com.ar\/#website"},"datePublished":"2017-12-18T23:33:12+00:00","dateModified":"2017-12-18T23:33:12+00:00","description":"Sitio web de noticias de la localidad de Tornquist, provincia de Buenos Aires, Rep\u00fablica Argentina. Contenido propio originado por periodistas de CELTTV, el canal de TV local de la Cooperativa El\u00e9ctrica de Tornquist. Turismo, Pol\u00edtica, Sociedad, Deporte, Cultura y todo el contenido de inter\u00e9s general que la gente del pueblo y la regi\u00f3n debe conocer.","breadcrumb":{"@id":"https:\/\/www.celttv.com.ar\/index.php\/2017\/12\/18\/se-realizo-una-asamblea-de-docentes-en-la-plaza-ernesto-tornquist\/#breadcrumb"},"inLanguage":"es","potentialAction":[{"@type":"ReadAction","target":["https:\/\/www.celttv.com.ar\/index.php\/2017\/12\/18\/se-realizo-una-asamblea-de-docentes-en-la-plaza-ernesto-tornquist\/"]}]},{"@type":"BreadcrumbList","@id":"https:\/\/www.celttv.com.ar\/index.php\/2017\/12\/18\/se-realizo-una-asamblea-de-docentes-en-la-plaza-ernesto-tornquist\/#breadcrumb","itemListElement":[{"@type":"ListItem","position":1,"name":"Inicio","item":"https:\/\/www.celttv.com.ar\/"},{"@type":"ListItem","position":2,"name":"Se realiz\u00f3 una Asamblea de docentes en la Plaza Ernesto Tornquist"}]},{"@type":"WebSite","@id":"https:\/\/www.celttv.com.ar\/#website","url":"https:\/\/www.celttv.com.ar\/","name":"CELTTV","description":"Cooperativa El\u00e9ctrica de Tornquist","publisher":{"@id":"https:\/\/www.celttv.com.ar\/#organization"},"potentialAction":[{"@type":"SearchAction","target":{"@type":"EntryPoint","urlTemplate":"https:\/\/www.celttv.com.ar\/?s={search_term_string}"},"query-input":"required name=search_term_string"}],"inLanguage":"es"},{"@type":"Organization","@id":"https:\/\/www.celttv.com.ar\/#organization","name":"CELTTV","url":"https:\/\/www.celttv.com.ar\/","sameAs":["https:\/\/www.youtube.com\/channel\/UCz_oIt8Hig64Ub-EmcNPIhg","https:\/\/www.facebook.com\/celtTV\/"],"logo":{"@type":"ImageObject","inLanguage":"es","@id":"https:\/\/www.celttv.com.ar\/#\/schema\/logo\/image\/","url":"http:\/\/www.celttv.com.ar\/wp-content\/uploads\/2022\/08\/logo-1.png","contentUrl":"http:\/\/www.celttv.com.ar\/wp-content\/uploads\/2022\/08\/logo-1.png","width":461,"height":159,"caption":"CELTTV"},"image":{"@id":"https:\/\/www.celttv.com.ar\/#\/schema\/logo\/image\/"}},{"@type":"Person","@id":"https:\/\/www.celttv.com.ar\/#\/schema\/person\/6d99c072dba59953809c81446e9d0ace","name":"ulises","image":{"@type":"ImageObject","inLanguage":"es","@id":"https:\/\/www.celttv.com.ar\/#\/schema\/person\/image\/","url":"https:\/\/secure.gravatar.com\/avatar\/7f2c48bdc33b30088f941fb6082e555f2874c98e20cb159d7b92b50eadfce793?s=96&d=mm&r=g","contentUrl":"https:\/\/secure.gravatar.com\/avatar\/7f2c48bdc33b30088f941fb6082e555f2874c98e20cb159d7b92b50eadfce793?s=96&d=mm&r=g","caption":"ulises"},"sameAs":["http:\/\/www.celttv.com.ar"]}]}},"_links":{"self":[{"href":"https:\/\/www.celttv.com.ar\/index.php\/wp-json\/wp\/v2\/posts\/34195","targetHints":{"allow":["GET"]}}],"collection":[{"href":"https:\/\/www.celttv.com.ar\/index.php\/wp-json\/wp\/v2\/posts"}],"about":[{"href":"https:\/\/www.celttv.com.ar\/index.php\/wp-json\/wp\/v2\/types\/post"}],"author":[{"embeddable":true,"href":"https:\/\/www.celttv.com.ar\/index.php\/wp-json\/wp\/v2\/users\/1"}],"replies":[{"embeddable":true,"href":"https:\/\/www.celttv.com.ar\/index.php\/wp-json\/wp\/v2\/comments?post=34195"}],"version-history":[{"count":0,"href":"https:\/\/www.celttv.com.ar\/index.php\/wp-json\/wp\/v2\/posts\/34195\/revisions"}],"wp:featuredmedia":[{"embeddable":true,"href":"https:\/\/www.celttv.com.ar\/index.php\/wp-json\/wp\/v2\/media\/34197"}],"wp:attachment":[{"href":"https:\/\/www.celttv.com.ar\/index.php\/wp-json\/wp\/v2\/media?parent=34195"}],"wp:term":[{"taxonomy":"category","embeddable":true,"href":"https:\/\/www.celttv.com.ar\/index.php\/wp-json\/wp\/v2\/categories?post=34195"},{"taxonomy":"post_tag","embeddable":true,"href":"https:\/\/www.celttv.com.ar\/index.php\/wp-json\/wp\/v2\/tags?post=34195"}],"curies":[{"name":"wp","href":"https:\/\/api.w.org\/{rel}","templated":true}]}}