{"id":34226,"date":"2018-01-25T19:41:54","date_gmt":"2018-01-25T19:41:54","guid":{"rendered":"http:\/\/www.tvcnoticias.com.ar\/?p=34226"},"modified":"2018-01-25T19:41:54","modified_gmt":"2018-01-25T19:41:54","slug":"charla-abierta-de-la-familia-zapp","status":"publish","type":"post","link":"https:\/\/www.celttv.com.ar\/index.php\/2018\/01\/25\/charla-abierta-de-la-familia-zapp\/","title":{"rendered":"Charla Abierta de la Familia Zapp"},"content":{"rendered":"<div id='gallery_1' class='gallery galleryid-34226 gallery-columns-3 gallery-size-thumbnail'><figure class='gallery-item'>\n            <div class='gallery-icon landscape'>\n                <a href='https:\/\/www.celttv.com.ar\/wp-content\/uploads\/2018\/01\/488.jpg'><img loading=\"lazy\" decoding=\"async\" width=\"150\" height=\"150\" src=\"\" class=\"attachment-thumbnail size-thumbnail lazyload\" alt=\"\" data-src=\"https:\/\/www.celttv.com.ar\/wp-content\/uploads\/2018\/01\/488-150x150.jpg\" data-sizes=\"auto\" data-srcset=\"https:\/\/www.celttv.com.ar\/wp-content\/uploads\/2018\/01\/488-150x150.jpg 150w, https:\/\/www.celttv.com.ar\/wp-content\/uploads\/2018\/01\/488-75x75.jpg 75w\" data-expand=\"700\" \/><\/a>\n            <\/div><\/figure><figure class='gallery-item'>\n            <div class='gallery-icon landscape'>\n                <a href='https:\/\/www.celttv.com.ar\/wp-content\/uploads\/2018\/01\/12.jpg'><img loading=\"lazy\" decoding=\"async\" width=\"150\" height=\"107\" src=\"\" class=\"attachment-thumbnail size-thumbnail lazyload\" alt=\"\" data-src=\"https:\/\/www.celttv.com.ar\/wp-content\/uploads\/2018\/01\/12-150x107.jpg\" data-sizes=\"auto\" data-srcset=\"https:\/\/www.celttv.com.ar\/wp-content\/uploads\/2018\/01\/12-150x107.jpg 150w, https:\/\/www.celttv.com.ar\/wp-content\/uploads\/2018\/01\/12-120x86.jpg 120w\" data-expand=\"700\" \/><\/a>\n            <\/div><\/figure><figure class='gallery-item'>\n            <div class='gallery-icon landscape'>\n                <a href='https:\/\/www.celttv.com.ar\/wp-content\/uploads\/2018\/01\/19.jpg'><img loading=\"lazy\" decoding=\"async\" width=\"150\" height=\"150\" src=\"\" class=\"attachment-thumbnail size-thumbnail lazyload\" alt=\"\" data-src=\"https:\/\/www.celttv.com.ar\/wp-content\/uploads\/2018\/01\/19-150x150.jpg\" data-sizes=\"auto\" data-srcset=\"https:\/\/www.celttv.com.ar\/wp-content\/uploads\/2018\/01\/19-150x150.jpg 150w, https:\/\/www.celttv.com.ar\/wp-content\/uploads\/2018\/01\/19-75x75.jpg 75w\" data-expand=\"700\" \/><\/a>\n            <\/div><\/figure><br style=\"clear: both\" \/><figure class='gallery-item'>\n            <div class='gallery-icon landscape'>\n                <a href='https:\/\/www.celttv.com.ar\/wp-content\/uploads\/2018\/01\/21.jpg'><img loading=\"lazy\" decoding=\"async\" width=\"150\" height=\"150\" src=\"\" class=\"attachment-thumbnail size-thumbnail lazyload\" alt=\"\" data-src=\"https:\/\/www.celttv.com.ar\/wp-content\/uploads\/2018\/01\/21-150x150.jpg\" data-sizes=\"auto\" data-srcset=\"https:\/\/www.celttv.com.ar\/wp-content\/uploads\/2018\/01\/21-150x150.jpg 150w, https:\/\/www.celttv.com.ar\/wp-content\/uploads\/2018\/01\/21-75x75.jpg 75w\" data-expand=\"700\" \/><\/a>\n            <\/div><\/figure><figure class='gallery-item'>\n            <div class='gallery-icon landscape'>\n                <a href='https:\/\/www.celttv.com.ar\/wp-content\/uploads\/2018\/01\/474.jpg'><img loading=\"lazy\" decoding=\"async\" width=\"150\" height=\"150\" src=\"\" class=\"attachment-thumbnail size-thumbnail lazyload\" alt=\"\" data-src=\"https:\/\/www.celttv.com.ar\/wp-content\/uploads\/2018\/01\/474-150x150.jpg\" data-sizes=\"auto\" data-srcset=\"https:\/\/www.celttv.com.ar\/wp-content\/uploads\/2018\/01\/474-150x150.jpg 150w, https:\/\/www.celttv.com.ar\/wp-content\/uploads\/2018\/01\/474-75x75.jpg 75w\" data-expand=\"700\" \/><\/a>\n            <\/div><\/figure><figure class='gallery-item'>\n            <div class='gallery-icon landscape'>\n                <a href='https:\/\/www.celttv.com.ar\/wp-content\/uploads\/2018\/01\/navidad-en-Belen.jpg'><img loading=\"lazy\" decoding=\"async\" width=\"150\" height=\"150\" src=\"\" class=\"attachment-thumbnail size-thumbnail lazyload\" alt=\"\" data-src=\"https:\/\/www.celttv.com.ar\/wp-content\/uploads\/2018\/01\/navidad-en-Belen-150x150.jpg\" data-sizes=\"auto\" data-srcset=\"https:\/\/www.celttv.com.ar\/wp-content\/uploads\/2018\/01\/navidad-en-Belen-150x150.jpg 150w, https:\/\/www.celttv.com.ar\/wp-content\/uploads\/2018\/01\/navidad-en-Belen-75x75.jpg 75w\" data-expand=\"700\" \/><\/a>\n            <\/div><\/figure><br style=\"clear: both\" \/>\n        <\/div>\nCreemos que es importante esta oportunidad que se nos brinda para conocer a la Familia ZAPP quienes nos visitan y nos ofrecer\u00e1n una Charla abierta en el d\u00eda de ma\u00f1ana viernes 26 a las 20.30hs en el Sal\u00f3n de la CELT. Entrada Libre y Gratuita.<br \/>\nQui\u00e9nes son:<br \/>\nCANDELARIA:<br \/>\nNaci\u00f3 en Buenos Aires en 1970, la menor de 4 hermanos. A sus 8 a\u00f1os la conoc\u00ed y antes de que nadie me aventajara, a sus 14 a\u00f1os le declare mi amor.  Desde entonces estamos juntos, 10 a\u00f1os de novios y luego nos casamos.<br \/>\nToda su infancia fue en el campo y all\u00ed su alma tanto aventurera como libre empez\u00f3 a crecer. Su mayor riqueza son sus amigos.<br \/>\nHERMAN:<br \/>\nNac\u00ed en California en el a\u00f1o 1968 y al a\u00f1o viv\u00eda en el campo con mi abuelo en Sierra de la Ventana, Argentina y me la pasaba yendo de casa de una t\u00eda a la otra\u2026<br \/>\nEl abuelo, mi mejor ejemplo, viajero desde siempre: a caballo por la Patagonia, en FordA por la Cordillera cruzando vados remolcado por mulas\u2026 y claro mi abuelo sigui\u00f3 viajando y me llevaba a m\u00ed\u2026 y a m\u00ed me gustaba. Recuerdo\u2026 un mapa de toda Argentina, que cada tanto mi abuelo abr\u00eda en su mesa del comedor. Horas y horas se pasaba mirando con sus anteojos de vidrios gruesos que le modificaban sus ojos. Ese mapa viejo, doblado y desdoblado una y otra vez ten\u00eda su fortuna, ten\u00eda los caminos recorridos, marcados con distintos colores en distintos tiempos\u2026 ten\u00eda marcada su vida.<br \/>\nYo crec\u00ed mir\u00e1ndolo, admir\u00e1ndolo, era preguntarle por una de esas l\u00edneas de colores en ese mapa y una historia brotaba, se sumaba un \u00e1lbum de fotos en blanco y negro, y as\u00ed  con una historia ajena a duendes y hadas yo me iba a dormir\u2026 a so\u00f1ar.<br \/>\nPAMPA:<br \/>\nNaci\u00f3 en el medio de un sue\u00f1o, en Greensboro, Carolina del Norte, en Junio del 2002. Naci\u00f3 en viaje a Alaska y hasta ahora\u2026 su vida es un viaje.<br \/>\nTEHUE:<br \/>\nNaci\u00f3 en el medio de otro sue\u00f1o, el de escribir un libro.<br \/>\nNaci\u00f3 en Capilla del Se\u00f1or, Buenos Aires, Argentina, en Marzo del 2005.  A casa llegamos 5 d\u00edas antes de que naciera y a sus trece d\u00edas de vida volvimos a partir, cubrimos La Quiaca-Ushuaia desde lo m\u00e1s norte de Argentina hasta la parte m\u00e1s austral del continente.<br \/>\nPALOMA:<br \/>\nNaci\u00f3 en Noviembre del 2007 durante otro sue\u00f1o y en una isla so\u00f1ada de Vancouver, Canad\u00e1 (naci\u00f3 durante nuestro tercer viaje). Hecha con amor y por amor, con ella descubrimos lo maravilloso que es tener en brazos a una ni\u00f1a, vestirla de rosa, ponerle ese vestido con mo\u00f1ito\u2026<br \/>\nYa con ella el asiento trasero del Graham est\u00e1 completo y viaja con sus dos hermanos como si siempre lo hubiera hecho. Besos no le faltan, mimos tampoco, abrazos menos\u2026 pero de tanto amor a veces le falta el aire\u2026 es que sus hermanos no le dan respiro.<br \/>\nWALLABY:<br \/>\nNaci\u00f3 en Australia, de la forma m\u00e1s natural posible y trayendo con \u00e9l alegr\u00eda para nosotros. Su primera visita a este maravilloso mundo la hizo nadando en el agua hasta que encontr\u00f3 a su mama y en sus brazos se qued\u00f3.<br \/>\nY si hay alguien que no tiene tiempo de aburrirse en este viaje es el, con todas las cosas nuevas para ver, m\u00e1s toda la tribu que lo acompa\u00f1a en la parte de atr\u00e1s. Con \u00e9l un asiento nuevo agregamos al Graham y muchas cosas dejamos atr\u00e1s.<br \/>\nLa llegada de Wallaby concret\u00f3 otro sue\u00f1o. Somos seis desde Marzo del 2009!!<br \/>\nCuanto m\u00e1s lleno este el Graham m\u00e1s se llena nuestro coraz\u00f3n de Felicidad. Siempre quicimos tener 4 hijos y viajar. Existe algo mejor que ir mezclando los sue\u00f1os?<br \/>\nGRAHAM PAIGE (alias MACONCO CAMBALACHE):<br \/>\nNaci\u00f3 en el a\u00f1o 1928 en Detroit, MI, USA y apenas naci\u00f3 empez\u00f3 a viajar: llego en barco a Argentina. Para su \u00e9poca era un auto muy avanzado, val\u00eda tres veces m\u00e1s que el valor de un Ford A. Por lo que sabemos vivi\u00f3 en una ciudad llamada Arrecifes hasta que su due\u00f1o lo entreg\u00f3 en forma de pago de una deuda a un mec\u00e1nico en Buenos Aires. Ocho a\u00f1os pasaron hasta que Herman lo fuera a ver y se enamorara de \u00e9l como para comprarlo, convencerme a m\u00ed y viajar con \u00e9l.<br \/>\nViaj\u00f3 70.000 kil\u00f3metros de Argentina a Alaska, 20.000 desde el Norte de Argentina hasta el punto m\u00e1s Austral del Continente. Antes de comenzar el tercer viaje por Ocean\u00eda y Asia ya nuestra familia se hab\u00eda agrandado con Pampa y Tehue y a Macondo lo tuvimos que agrandar. Lo estrechamos 40 cm. m\u00e1s de largo y reemplazamos el portaequipaje del techo por un techo r\u00edgido que se levanta convirti\u00e9ndose en un cuarto para los chicos tipo camper (fotos ver en novedades). As\u00ed pudimos seguir viajando con \u00e9l miles de kil\u00f3metros m\u00e1s por USA, Canad\u00e1 y muchos m\u00e1s por Ocean\u00eda, Asia y \u00c1frica. Quien sabe cu\u00e1ntos kil\u00f3metros m\u00e1s le esperan por manejar por \u00c1frica. Ya vamos casi 250.000 km y en el T\u00edbet le ha tocado subir lo m\u00e1s alto que ha hecho en todo el viaje en estos \u00faltimos 15 a\u00f1os, varias veces a 5230 msn.<br \/>\n&#8211; &#8211; &#8211; &#8211; &#8211; &#8211; &#8211; &#8211; &#8211; &#8211; &#8211; &#8211; &#8211; &#8211; &#8211; &#8211; &#8211; &#8211; &#8211;<br \/>\nRecorridos:<br \/>\nI. Argentina-Alaska<br \/>\nII. Ushuaia-La Quiaca<br \/>\nIII. USA-Canad\u00e1<br \/>\nIV. Ocean\u00eda<br \/>\nV. Asia<br \/>\nDos maravillosos a\u00f1os el realizar Asia, visitando templos, islas, playas inolvidables, el Everest, el TajMahal, aprendiendo de culturas, comidas, religiones y much\u00edsimo mas. En la parte de novedades podes ver fotos y leer historias de este recorrido.<br \/>\nVI. \u00c1frica<br \/>\nEl a\u00f1o y medio que pensamos como m\u00e1ximo en \u00c1frica, se transform\u00f3 en 3 a\u00f1os y medio en este continente y podemos decir que \u00c1frica es incre\u00edble!!<br \/>\nVII Europa<br \/>\n&#8211; &#8211; &#8211; &#8211; &#8211; &#8211; &#8211; &#8211; &#8211; &#8211; &#8211; &#8211; &#8211; &#8211; &#8211; &#8211; &#8211; &#8211; &#8211;<br \/>\nDuermen en el auto  (Macondo Cambalache)<br \/>\n\u201cEste hotel tiene todas las estrellas del mundo!!! \u201c<br \/>\nEn la carpa de arriba est\u00e1 el cuarto de los chicos donde antes de dormir miran sus pel\u00edculas o juegan sus videojuegos. Y abajo los asientos se hacen una gran cama para Herman y Candelaria.<br \/>\n&#8211; &#8211; &#8211; &#8211; &#8211; &#8211; &#8211; &#8211; &#8211; &#8211; &#8211; &#8211; &#8211; &#8211; &#8211; &#8211; &#8211; &#8211; &#8211;<br \/>\nCon respecto a la educaci\u00f3n de los chicos. Tocar este tema es todo un tema\u2026 Para muchos es un tema muy delicado\u2026 ya tienen su opini\u00f3n hecha\u2026 y nada que sea distinto les va a hacer cambiar su punto de vista.<br \/>\n\u201c\u00a1Nosotros lo llamamos World-wide-Schooling!\u201d (escuela mundial)<br \/>\nEs una enorme y exorbitante cantidad de amor, mezclada con tiempo, mucha voluntad y una infinita paciencia. A todo esto, se le suma perseverancia\u2026 mucha, mucha perseverancia adem\u00e1s de monta\u00f1as de responsabilidades\u2026 Es muy dif\u00edcil separarse de ser mam\u00e1 para ser maestra. \u00a1El resultado es maravilloso! Lee, sabe y resuelve gracias a t\u00ed y\u2026 ese sentimiento es bell\u00edsimo \u00a1No por nada hay tantos maestros!<br \/>\nNo elegimos hacer Homeschooling porque es lo que queremos hacer. Lo hacemos porque queremos mostrarles a nuestros hijos el maravilloso mundo en que vivimos. Pero cuando llegue a casa los mandar\u00e9 a la escuela aunque sepa que el Homeschooling es maravilloso y sepa de familias que lo llevan s\u00faper bien.<br \/>\nAprendemos mucho del mismo lugar\u2026 y experiment\u00e1ndolo. Usamos el mismo viaje para ense\u00f1ar.<br \/>\nUna vez Tehue ten\u00eda que aprender del ciclo del Agua, est\u00e1bamos en unas monta\u00f1as muy lindas en Sud\u00e1frica en Invierno y en la cima nevaba.  A media monta\u00f1a era como una lluvia con hielo y m\u00e1s abajo era lluvia, el hielo se derret\u00eda y llegaba a un peque\u00f1o hilo de agua que crec\u00eda hasta ser un arroyo, y este m\u00e1s all\u00e1 un rio,  y en las ma\u00f1anas ve\u00edamos como sal\u00eda vapor para formar nuevamente nubes\u2026. Y otra vez nevar\u2026 as\u00ed nos pas\u00f3 tambi\u00e9n con la cadena alimenticia de los animales, en \u00c1frica, desde el herb\u00edvoro al carn\u00edvoro. Ver como un ciervo que estaba comiendo pasto es cazado por una chita y luego ver a un leopardo robarle la presa \u2013 Hace una pausa, y prosigue- Estudiar de los Egipcios y hasta estar dentro de las mismas pir\u00e1mides, navegar El Nilo.<br \/>\nLeer de China y caminar sus murallas,  bucear entre barcos hundidos de la segunda guerra\u2026 estar frente al primer avi\u00f3n que logro volar, ver despegar un transbordador espacial, pararte frente a Lucy, tocar la monta\u00f1a m\u00e1s alta del mundo\u2026 caminar en el desierto, en la selva, en la nieve\u2026 en Mumbai, en New york, Singapur\u2026<br \/>\nLa  materia obligatoria \u00a1Es Matem\u00e1tica y Econom\u00eda! Llegar a un nuevo pa\u00eds es aprender de nuevos billetes, que ahora el m\u00e1s chico puede ser de $1000 y con \u00e9ste cuanto se puede comprar y a cuanto cambiar cuando cambiemos de pa\u00eds nuevamente\u2026. Ir tan solo de compras y saber que en este pa\u00eds el precio se pelea mucho y que en este no; que en \u00e9ste dos d\u00f3lares es el salario normal de un d\u00eda y en este una propina peque\u00f1a\u2026 Los chicos tienen su propia plata y tienen que saber usarla.<br \/>\nSeguimos un sistema de educaci\u00f3n\u2026  para nosotros es s\u00faper importante, as\u00ed al volver a una clase no se sientan perdidos ni bichos de otro mundo. La integraci\u00f3n en el mundo en que vivimos es fundamental.  Y para ello seguimos y tenemos la Bendici\u00f3n de contar con un buen\u00edsimo sistema que comparte el Ministerio de Educaci\u00f3n de Argentina que tiene unas maestras m\u00e1s que maravillosas, por su dedicaci\u00f3n y hasta por sus ganas de ayudar a ense\u00f1ar.<br \/>\nEducarlos es hacerlos sentirse seguros en el mundo donde viven, en que se sientan en sinton\u00eda con el mundo, con la gente que los rodea. Una vez que ellos sientan confianza en s\u00ed mismo van a saber c\u00f3mo ser excelentes profesionales. Confianza en que uno puede, para m\u00ed eso es fundamental \u00a1sentir que podes conquistar el mundo!<\/p>\n","protected":false},"excerpt":{"rendered":"<p>Creemos que es importante esta oportunidad que se nos brinda para conocer a la Familia ZAPP quienes nos visitan y nos ofrecer\u00e1n una Charla abierta en el d\u00eda de ma\u00f1ana viernes 26 a las 20.30hs en el Sal\u00f3n de la CELT. Entrada Libre y Gratuita. Qui\u00e9nes son: CANDELARIA: Naci\u00f3 en Buenos Aires en 1970, la [&hellip;]<\/p>\n","protected":false},"author":1,"featured_media":34228,"comment_status":"closed","ping_status":"open","sticky":false,"template":"","format":"standard","meta":{"footnotes":""},"categories":[51,52],"tags":[],"class_list":["post-34226","post","type-post","status-publish","format-standard","has-post-thumbnail","hentry","category-comunidad","category-destacadas"],"yoast_head":"<!-- This site is optimized with the Yoast SEO plugin v19.7.1 - https:\/\/yoast.com\/wordpress\/plugins\/seo\/ -->\n<title>Charla Abierta de la Familia Zapp - CELTTV<\/title>\n<meta name=\"description\" content=\"Sitio web de noticias de la localidad de Tornquist, provincia de Buenos Aires, Rep\u00fablica Argentina. Contenido propio originado por periodistas de CELTTV, el canal de TV local de la Cooperativa El\u00e9ctrica de Tornquist. Turismo, Pol\u00edtica, Sociedad, Deporte, Cultura y todo el contenido de inter\u00e9s general que la gente del pueblo y la regi\u00f3n debe conocer.\" \/>\n<meta name=\"robots\" content=\"index, follow, max-snippet:-1, max-image-preview:large, max-video-preview:-1\" \/>\n<link rel=\"canonical\" href=\"https:\/\/www.celttv.com.ar\/index.php\/2018\/01\/25\/charla-abierta-de-la-familia-zapp\/\" \/>\n<meta property=\"og:locale\" content=\"es_ES\" \/>\n<meta property=\"og:type\" content=\"article\" \/>\n<meta property=\"og:title\" content=\"Charla Abierta de la Familia Zapp - CELTTV\" \/>\n<meta property=\"og:description\" content=\"Sitio web de noticias de la localidad de Tornquist, provincia de Buenos Aires, Rep\u00fablica Argentina. Contenido propio originado por periodistas de CELTTV, el canal de TV local de la Cooperativa El\u00e9ctrica de Tornquist. Turismo, Pol\u00edtica, Sociedad, Deporte, Cultura y todo el contenido de inter\u00e9s general que la gente del pueblo y la regi\u00f3n debe conocer.\" \/>\n<meta property=\"og:url\" content=\"https:\/\/www.celttv.com.ar\/index.php\/2018\/01\/25\/charla-abierta-de-la-familia-zapp\/\" \/>\n<meta property=\"og:site_name\" content=\"CELTTV\" \/>\n<meta property=\"article:publisher\" content=\"https:\/\/www.facebook.com\/celtTV\/\" \/>\n<meta property=\"article:published_time\" content=\"2018-01-25T19:41:54+00:00\" \/>\n<meta property=\"og:image\" content=\"https:\/\/www.celttv.com.ar\/wp-content\/uploads\/2018\/01\/488.jpg\" \/>\n\t<meta property=\"og:image:width\" content=\"778\" \/>\n\t<meta property=\"og:image:height\" content=\"519\" \/>\n\t<meta property=\"og:image:type\" content=\"image\/jpeg\" \/>\n<meta name=\"author\" content=\"ulises\" \/>\n<meta name=\"twitter:card\" content=\"summary_large_image\" \/>\n<meta name=\"twitter:label1\" content=\"Escrito por\" \/>\n\t<meta name=\"twitter:data1\" content=\"ulises\" \/>\n\t<meta name=\"twitter:label2\" content=\"Tiempo de lectura\" \/>\n\t<meta name=\"twitter:data2\" content=\"9 minutos\" \/>\n<script type=\"application\/ld+json\" class=\"yoast-schema-graph\">{\"@context\":\"https:\/\/schema.org\",\"@graph\":[{\"@type\":\"NewsArticle\",\"@id\":\"https:\/\/www.celttv.com.ar\/index.php\/2018\/01\/25\/charla-abierta-de-la-familia-zapp\/#article\",\"isPartOf\":{\"@id\":\"https:\/\/www.celttv.com.ar\/index.php\/2018\/01\/25\/charla-abierta-de-la-familia-zapp\/\"},\"author\":{\"name\":\"ulises\",\"@id\":\"https:\/\/www.celttv.com.ar\/#\/schema\/person\/6d99c072dba59953809c81446e9d0ace\"},\"headline\":\"Charla Abierta de la Familia Zapp\",\"datePublished\":\"2018-01-25T19:41:54+00:00\",\"dateModified\":\"2018-01-25T19:41:54+00:00\",\"mainEntityOfPage\":{\"@id\":\"https:\/\/www.celttv.com.ar\/index.php\/2018\/01\/25\/charla-abierta-de-la-familia-zapp\/\"},\"wordCount\":1748,\"publisher\":{\"@id\":\"https:\/\/www.celttv.com.ar\/#organization\"},\"articleSection\":[\"Comunidad\",\"Destacadas\"],\"inLanguage\":\"es\"},{\"@type\":\"WebPage\",\"@id\":\"https:\/\/www.celttv.com.ar\/index.php\/2018\/01\/25\/charla-abierta-de-la-familia-zapp\/\",\"url\":\"https:\/\/www.celttv.com.ar\/index.php\/2018\/01\/25\/charla-abierta-de-la-familia-zapp\/\",\"name\":\"Charla Abierta de la Familia Zapp - CELTTV\",\"isPartOf\":{\"@id\":\"https:\/\/www.celttv.com.ar\/#website\"},\"datePublished\":\"2018-01-25T19:41:54+00:00\",\"dateModified\":\"2018-01-25T19:41:54+00:00\",\"description\":\"Sitio web de noticias de la localidad de Tornquist, provincia de Buenos Aires, Rep\u00fablica Argentina. Contenido propio originado por periodistas de CELTTV, el canal de TV local de la Cooperativa El\u00e9ctrica de Tornquist. Turismo, Pol\u00edtica, Sociedad, Deporte, Cultura y todo el contenido de inter\u00e9s general que la gente del pueblo y la regi\u00f3n debe conocer.\",\"breadcrumb\":{\"@id\":\"https:\/\/www.celttv.com.ar\/index.php\/2018\/01\/25\/charla-abierta-de-la-familia-zapp\/#breadcrumb\"},\"inLanguage\":\"es\",\"potentialAction\":[{\"@type\":\"ReadAction\",\"target\":[\"https:\/\/www.celttv.com.ar\/index.php\/2018\/01\/25\/charla-abierta-de-la-familia-zapp\/\"]}]},{\"@type\":\"BreadcrumbList\",\"@id\":\"https:\/\/www.celttv.com.ar\/index.php\/2018\/01\/25\/charla-abierta-de-la-familia-zapp\/#breadcrumb\",\"itemListElement\":[{\"@type\":\"ListItem\",\"position\":1,\"name\":\"Inicio\",\"item\":\"https:\/\/www.celttv.com.ar\/\"},{\"@type\":\"ListItem\",\"position\":2,\"name\":\"Charla Abierta de la Familia Zapp\"}]},{\"@type\":\"WebSite\",\"@id\":\"https:\/\/www.celttv.com.ar\/#website\",\"url\":\"https:\/\/www.celttv.com.ar\/\",\"name\":\"CELTTV\",\"description\":\"Cooperativa El\u00e9ctrica de Tornquist\",\"publisher\":{\"@id\":\"https:\/\/www.celttv.com.ar\/#organization\"},\"potentialAction\":[{\"@type\":\"SearchAction\",\"target\":{\"@type\":\"EntryPoint\",\"urlTemplate\":\"https:\/\/www.celttv.com.ar\/?s={search_term_string}\"},\"query-input\":\"required name=search_term_string\"}],\"inLanguage\":\"es\"},{\"@type\":\"Organization\",\"@id\":\"https:\/\/www.celttv.com.ar\/#organization\",\"name\":\"CELTTV\",\"url\":\"https:\/\/www.celttv.com.ar\/\",\"sameAs\":[\"https:\/\/www.youtube.com\/channel\/UCz_oIt8Hig64Ub-EmcNPIhg\",\"https:\/\/www.facebook.com\/celtTV\/\"],\"logo\":{\"@type\":\"ImageObject\",\"inLanguage\":\"es\",\"@id\":\"https:\/\/www.celttv.com.ar\/#\/schema\/logo\/image\/\",\"url\":\"http:\/\/www.celttv.com.ar\/wp-content\/uploads\/2022\/08\/logo-1.png\",\"contentUrl\":\"http:\/\/www.celttv.com.ar\/wp-content\/uploads\/2022\/08\/logo-1.png\",\"width\":461,\"height\":159,\"caption\":\"CELTTV\"},\"image\":{\"@id\":\"https:\/\/www.celttv.com.ar\/#\/schema\/logo\/image\/\"}},{\"@type\":\"Person\",\"@id\":\"https:\/\/www.celttv.com.ar\/#\/schema\/person\/6d99c072dba59953809c81446e9d0ace\",\"name\":\"ulises\",\"image\":{\"@type\":\"ImageObject\",\"inLanguage\":\"es\",\"@id\":\"https:\/\/www.celttv.com.ar\/#\/schema\/person\/image\/\",\"url\":\"https:\/\/secure.gravatar.com\/avatar\/7f2c48bdc33b30088f941fb6082e555f2874c98e20cb159d7b92b50eadfce793?s=96&d=mm&r=g\",\"contentUrl\":\"https:\/\/secure.gravatar.com\/avatar\/7f2c48bdc33b30088f941fb6082e555f2874c98e20cb159d7b92b50eadfce793?s=96&d=mm&r=g\",\"caption\":\"ulises\"},\"sameAs\":[\"http:\/\/www.celttv.com.ar\"]}]}<\/script>\n<!-- \/ Yoast SEO plugin. -->","yoast_head_json":{"title":"Charla Abierta de la Familia Zapp - CELTTV","description":"Sitio web de noticias de la localidad de Tornquist, provincia de Buenos Aires, Rep\u00fablica Argentina. Contenido propio originado por periodistas de CELTTV, el canal de TV local de la Cooperativa El\u00e9ctrica de Tornquist. Turismo, Pol\u00edtica, Sociedad, Deporte, Cultura y todo el contenido de inter\u00e9s general que la gente del pueblo y la regi\u00f3n debe conocer.","robots":{"index":"index","follow":"follow","max-snippet":"max-snippet:-1","max-image-preview":"max-image-preview:large","max-video-preview":"max-video-preview:-1"},"canonical":"https:\/\/www.celttv.com.ar\/index.php\/2018\/01\/25\/charla-abierta-de-la-familia-zapp\/","og_locale":"es_ES","og_type":"article","og_title":"Charla Abierta de la Familia Zapp - CELTTV","og_description":"Sitio web de noticias de la localidad de Tornquist, provincia de Buenos Aires, Rep\u00fablica Argentina. Contenido propio originado por periodistas de CELTTV, el canal de TV local de la Cooperativa El\u00e9ctrica de Tornquist. Turismo, Pol\u00edtica, Sociedad, Deporte, Cultura y todo el contenido de inter\u00e9s general que la gente del pueblo y la regi\u00f3n debe conocer.","og_url":"https:\/\/www.celttv.com.ar\/index.php\/2018\/01\/25\/charla-abierta-de-la-familia-zapp\/","og_site_name":"CELTTV","article_publisher":"https:\/\/www.facebook.com\/celtTV\/","article_published_time":"2018-01-25T19:41:54+00:00","og_image":[{"width":778,"height":519,"url":"https:\/\/www.celttv.com.ar\/wp-content\/uploads\/2018\/01\/488.jpg","type":"image\/jpeg"}],"author":"ulises","twitter_card":"summary_large_image","twitter_misc":{"Escrito por":"ulises","Tiempo de lectura":"9 minutos"},"schema":{"@context":"https:\/\/schema.org","@graph":[{"@type":"NewsArticle","@id":"https:\/\/www.celttv.com.ar\/index.php\/2018\/01\/25\/charla-abierta-de-la-familia-zapp\/#article","isPartOf":{"@id":"https:\/\/www.celttv.com.ar\/index.php\/2018\/01\/25\/charla-abierta-de-la-familia-zapp\/"},"author":{"name":"ulises","@id":"https:\/\/www.celttv.com.ar\/#\/schema\/person\/6d99c072dba59953809c81446e9d0ace"},"headline":"Charla Abierta de la Familia Zapp","datePublished":"2018-01-25T19:41:54+00:00","dateModified":"2018-01-25T19:41:54+00:00","mainEntityOfPage":{"@id":"https:\/\/www.celttv.com.ar\/index.php\/2018\/01\/25\/charla-abierta-de-la-familia-zapp\/"},"wordCount":1748,"publisher":{"@id":"https:\/\/www.celttv.com.ar\/#organization"},"articleSection":["Comunidad","Destacadas"],"inLanguage":"es"},{"@type":"WebPage","@id":"https:\/\/www.celttv.com.ar\/index.php\/2018\/01\/25\/charla-abierta-de-la-familia-zapp\/","url":"https:\/\/www.celttv.com.ar\/index.php\/2018\/01\/25\/charla-abierta-de-la-familia-zapp\/","name":"Charla Abierta de la Familia Zapp - CELTTV","isPartOf":{"@id":"https:\/\/www.celttv.com.ar\/#website"},"datePublished":"2018-01-25T19:41:54+00:00","dateModified":"2018-01-25T19:41:54+00:00","description":"Sitio web de noticias de la localidad de Tornquist, provincia de Buenos Aires, Rep\u00fablica Argentina. Contenido propio originado por periodistas de CELTTV, el canal de TV local de la Cooperativa El\u00e9ctrica de Tornquist. Turismo, Pol\u00edtica, Sociedad, Deporte, Cultura y todo el contenido de inter\u00e9s general que la gente del pueblo y la regi\u00f3n debe conocer.","breadcrumb":{"@id":"https:\/\/www.celttv.com.ar\/index.php\/2018\/01\/25\/charla-abierta-de-la-familia-zapp\/#breadcrumb"},"inLanguage":"es","potentialAction":[{"@type":"ReadAction","target":["https:\/\/www.celttv.com.ar\/index.php\/2018\/01\/25\/charla-abierta-de-la-familia-zapp\/"]}]},{"@type":"BreadcrumbList","@id":"https:\/\/www.celttv.com.ar\/index.php\/2018\/01\/25\/charla-abierta-de-la-familia-zapp\/#breadcrumb","itemListElement":[{"@type":"ListItem","position":1,"name":"Inicio","item":"https:\/\/www.celttv.com.ar\/"},{"@type":"ListItem","position":2,"name":"Charla Abierta de la Familia Zapp"}]},{"@type":"WebSite","@id":"https:\/\/www.celttv.com.ar\/#website","url":"https:\/\/www.celttv.com.ar\/","name":"CELTTV","description":"Cooperativa El\u00e9ctrica de Tornquist","publisher":{"@id":"https:\/\/www.celttv.com.ar\/#organization"},"potentialAction":[{"@type":"SearchAction","target":{"@type":"EntryPoint","urlTemplate":"https:\/\/www.celttv.com.ar\/?s={search_term_string}"},"query-input":"required name=search_term_string"}],"inLanguage":"es"},{"@type":"Organization","@id":"https:\/\/www.celttv.com.ar\/#organization","name":"CELTTV","url":"https:\/\/www.celttv.com.ar\/","sameAs":["https:\/\/www.youtube.com\/channel\/UCz_oIt8Hig64Ub-EmcNPIhg","https:\/\/www.facebook.com\/celtTV\/"],"logo":{"@type":"ImageObject","inLanguage":"es","@id":"https:\/\/www.celttv.com.ar\/#\/schema\/logo\/image\/","url":"http:\/\/www.celttv.com.ar\/wp-content\/uploads\/2022\/08\/logo-1.png","contentUrl":"http:\/\/www.celttv.com.ar\/wp-content\/uploads\/2022\/08\/logo-1.png","width":461,"height":159,"caption":"CELTTV"},"image":{"@id":"https:\/\/www.celttv.com.ar\/#\/schema\/logo\/image\/"}},{"@type":"Person","@id":"https:\/\/www.celttv.com.ar\/#\/schema\/person\/6d99c072dba59953809c81446e9d0ace","name":"ulises","image":{"@type":"ImageObject","inLanguage":"es","@id":"https:\/\/www.celttv.com.ar\/#\/schema\/person\/image\/","url":"https:\/\/secure.gravatar.com\/avatar\/7f2c48bdc33b30088f941fb6082e555f2874c98e20cb159d7b92b50eadfce793?s=96&d=mm&r=g","contentUrl":"https:\/\/secure.gravatar.com\/avatar\/7f2c48bdc33b30088f941fb6082e555f2874c98e20cb159d7b92b50eadfce793?s=96&d=mm&r=g","caption":"ulises"},"sameAs":["http:\/\/www.celttv.com.ar"]}]}},"_links":{"self":[{"href":"https:\/\/www.celttv.com.ar\/index.php\/wp-json\/wp\/v2\/posts\/34226","targetHints":{"allow":["GET"]}}],"collection":[{"href":"https:\/\/www.celttv.com.ar\/index.php\/wp-json\/wp\/v2\/posts"}],"about":[{"href":"https:\/\/www.celttv.com.ar\/index.php\/wp-json\/wp\/v2\/types\/post"}],"author":[{"embeddable":true,"href":"https:\/\/www.celttv.com.ar\/index.php\/wp-json\/wp\/v2\/users\/1"}],"replies":[{"embeddable":true,"href":"https:\/\/www.celttv.com.ar\/index.php\/wp-json\/wp\/v2\/comments?post=34226"}],"version-history":[{"count":0,"href":"https:\/\/www.celttv.com.ar\/index.php\/wp-json\/wp\/v2\/posts\/34226\/revisions"}],"wp:featuredmedia":[{"embeddable":true,"href":"https:\/\/www.celttv.com.ar\/index.php\/wp-json\/wp\/v2\/media\/34228"}],"wp:attachment":[{"href":"https:\/\/www.celttv.com.ar\/index.php\/wp-json\/wp\/v2\/media?parent=34226"}],"wp:term":[{"taxonomy":"category","embeddable":true,"href":"https:\/\/www.celttv.com.ar\/index.php\/wp-json\/wp\/v2\/categories?post=34226"},{"taxonomy":"post_tag","embeddable":true,"href":"https:\/\/www.celttv.com.ar\/index.php\/wp-json\/wp\/v2\/tags?post=34226"}],"curies":[{"name":"wp","href":"https:\/\/api.w.org\/{rel}","templated":true}]}}