{"id":34485,"date":"2018-05-27T15:42:08","date_gmt":"2018-05-27T15:42:08","guid":{"rendered":"http:\/\/www.tvcnoticias.com.ar\/?p=34485"},"modified":"2018-05-27T15:42:08","modified_gmt":"2018-05-27T15:42:08","slug":"te-canasta-en-el-21o-aniversario-de-la-junta-vecinal-del-barrio-sur","status":"publish","type":"post","link":"https:\/\/www.celttv.com.ar\/index.php\/2018\/05\/27\/te-canasta-en-el-21o-aniversario-de-la-junta-vecinal-del-barrio-sur\/","title":{"rendered":"Te Canasta en el 21\u00ba aniversario de la Junta Vecinal del Barrio Sur"},"content":{"rendered":"<p><span style=\"font-family: 'comic sans ms', sans-serif; font-size: large;\"><span class=\"m_431307962610402342gmail-m_4748337657368896251m_-3850542768004485637gmail-m_-3430097014818124884im\">La Junta Vecinal\u00a0 invita al tradicional&#8221; T\u00e9 Canasta&#8221; que\u00a0<\/span>se realizar\u00e1 el pr\u00f3ximo s\u00e1bado 23 de junio en el SUM\u00a0del Barrio Sur\u00a0a partir de las 15 30 horas.<\/span><\/p>\n<div><span style=\"font-family: 'comic sans ms', sans-serif; font-size: large;\">\u00a0Con motivo de festejarse el 21\u00ba aniversario de la Instituci\u00f3n\u00a0<\/span><\/div>\n<div><span style=\"font-family: 'comic sans ms', sans-serif; font-size: large;\"><br \/>\n<\/span><\/p>\n<div><span style=\"font-family: 'comic sans ms', sans-serif; font-size: large;\">La tarjeta tiene un valor de $ 100 y ya est\u00e1n a la venta. Por consultas comunicarse con los n\u00fameros telef\u00f3nicos: 4940 674 o al 2915707837.<\/span><\/div>\n<div><a href=\"http:\/\/www.tvcnoticias.com.ar\/?attachment_id=34486\" rel=\"attachment wp-att-34486\"><img loading=\"lazy\" decoding=\"async\" class=\"alignleft size-full wp-image-34486\" src=\"http:\/\/www.tvcnoticias.com.ar\/wp-content\/uploads\/2018\/05\/te-canaasta.jpg\" alt=\"\" width=\"750\" height=\"441\" srcset=\"https:\/\/www.celttv.com.ar\/wp-content\/uploads\/2018\/05\/te-canaasta.jpg 750w, https:\/\/www.celttv.com.ar\/wp-content\/uploads\/2018\/05\/te-canaasta-300x176.jpg 300w\" sizes=\"auto, (max-width: 750px) 100vw, 750px\" \/><\/a><span style=\"font-family: 'comic sans ms', sans-serif; font-size: large;\">Los esperamos para pasar una linda tarde con muchas sorpresas y regalos !!<\/span><\/div>\n<\/div>\n","protected":false},"excerpt":{"rendered":"<p>La Junta Vecinal\u00a0 invita al tradicional&#8221; T\u00e9 Canasta&#8221; que\u00a0se realizar\u00e1 el pr\u00f3ximo s\u00e1bado 23 de junio en el SUM\u00a0del Barrio Sur\u00a0a partir de las 15 30 horas. \u00a0Con motivo de festejarse el 21\u00ba aniversario de la Instituci\u00f3n\u00a0 La tarjeta tiene un valor de $ 100 y ya est\u00e1n a la venta. Por consultas comunicarse con [&hellip;]<\/p>\n","protected":false},"author":1,"featured_media":34486,"comment_status":"closed","ping_status":"open","sticky":false,"template":"","format":"standard","meta":{"footnotes":""},"categories":[51,52],"tags":[],"class_list":["post-34485","post","type-post","status-publish","format-standard","has-post-thumbnail","hentry","category-comunidad","category-destacadas"],"yoast_head":"<!-- This site is optimized with the Yoast SEO plugin v19.7.1 - https:\/\/yoast.com\/wordpress\/plugins\/seo\/ -->\n<title>Te Canasta en el 21\u00ba aniversario de la Junta Vecinal del Barrio Sur - CELTTV<\/title>\n<meta name=\"description\" content=\"Sitio web de noticias de la localidad de Tornquist, provincia de Buenos Aires, Rep\u00fablica Argentina. Contenido propio originado por periodistas de CELTTV, el canal de TV local de la Cooperativa El\u00e9ctrica de Tornquist. Turismo, Pol\u00edtica, Sociedad, Deporte, Cultura y todo el contenido de inter\u00e9s general que la gente del pueblo y la regi\u00f3n debe conocer.\" \/>\n<meta name=\"robots\" content=\"index, follow, max-snippet:-1, max-image-preview:large, max-video-preview:-1\" \/>\n<link rel=\"canonical\" href=\"https:\/\/www.celttv.com.ar\/index.php\/2018\/05\/27\/te-canasta-en-el-21o-aniversario-de-la-junta-vecinal-del-barrio-sur\/\" \/>\n<meta property=\"og:locale\" content=\"es_ES\" \/>\n<meta property=\"og:type\" content=\"article\" \/>\n<meta property=\"og:title\" content=\"Te Canasta en el 21\u00ba aniversario de la Junta Vecinal del Barrio Sur - CELTTV\" \/>\n<meta property=\"og:description\" content=\"Sitio web de noticias de la localidad de Tornquist, provincia de Buenos Aires, Rep\u00fablica Argentina. Contenido propio originado por periodistas de CELTTV, el canal de TV local de la Cooperativa El\u00e9ctrica de Tornquist. Turismo, Pol\u00edtica, Sociedad, Deporte, Cultura y todo el contenido de inter\u00e9s general que la gente del pueblo y la regi\u00f3n debe conocer.\" \/>\n<meta property=\"og:url\" content=\"https:\/\/www.celttv.com.ar\/index.php\/2018\/05\/27\/te-canasta-en-el-21o-aniversario-de-la-junta-vecinal-del-barrio-sur\/\" \/>\n<meta property=\"og:site_name\" content=\"CELTTV\" \/>\n<meta property=\"article:publisher\" content=\"https:\/\/www.facebook.com\/celtTV\/\" \/>\n<meta property=\"article:published_time\" content=\"2018-05-27T15:42:08+00:00\" \/>\n<meta property=\"og:image\" content=\"https:\/\/www.celttv.com.ar\/wp-content\/uploads\/2018\/05\/te-canaasta.jpg\" \/>\n\t<meta property=\"og:image:width\" content=\"750\" \/>\n\t<meta property=\"og:image:height\" content=\"441\" \/>\n\t<meta property=\"og:image:type\" content=\"image\/jpeg\" \/>\n<meta name=\"author\" content=\"ulises\" \/>\n<meta name=\"twitter:card\" content=\"summary_large_image\" \/>\n<meta name=\"twitter:label1\" content=\"Escrito por\" \/>\n\t<meta name=\"twitter:data1\" content=\"ulises\" \/>\n<script type=\"application\/ld+json\" class=\"yoast-schema-graph\">{\"@context\":\"https:\/\/schema.org\",\"@graph\":[{\"@type\":\"NewsArticle\",\"@id\":\"https:\/\/www.celttv.com.ar\/index.php\/2018\/05\/27\/te-canasta-en-el-21o-aniversario-de-la-junta-vecinal-del-barrio-sur\/#article\",\"isPartOf\":{\"@id\":\"https:\/\/www.celttv.com.ar\/index.php\/2018\/05\/27\/te-canasta-en-el-21o-aniversario-de-la-junta-vecinal-del-barrio-sur\/\"},\"author\":{\"name\":\"ulises\",\"@id\":\"https:\/\/www.celttv.com.ar\/#\/schema\/person\/6d99c072dba59953809c81446e9d0ace\"},\"headline\":\"Te Canasta en el 21\u00ba aniversario de la Junta Vecinal del Barrio Sur\",\"datePublished\":\"2018-05-27T15:42:08+00:00\",\"dateModified\":\"2018-05-27T15:42:08+00:00\",\"mainEntityOfPage\":{\"@id\":\"https:\/\/www.celttv.com.ar\/index.php\/2018\/05\/27\/te-canasta-en-el-21o-aniversario-de-la-junta-vecinal-del-barrio-sur\/\"},\"wordCount\":87,\"publisher\":{\"@id\":\"https:\/\/www.celttv.com.ar\/#organization\"},\"articleSection\":[\"Comunidad\",\"Destacadas\"],\"inLanguage\":\"es\"},{\"@type\":\"WebPage\",\"@id\":\"https:\/\/www.celttv.com.ar\/index.php\/2018\/05\/27\/te-canasta-en-el-21o-aniversario-de-la-junta-vecinal-del-barrio-sur\/\",\"url\":\"https:\/\/www.celttv.com.ar\/index.php\/2018\/05\/27\/te-canasta-en-el-21o-aniversario-de-la-junta-vecinal-del-barrio-sur\/\",\"name\":\"Te Canasta en el 21\u00ba aniversario de la Junta Vecinal del Barrio Sur - CELTTV\",\"isPartOf\":{\"@id\":\"https:\/\/www.celttv.com.ar\/#website\"},\"datePublished\":\"2018-05-27T15:42:08+00:00\",\"dateModified\":\"2018-05-27T15:42:08+00:00\",\"description\":\"Sitio web de noticias de la localidad de Tornquist, provincia de Buenos Aires, Rep\u00fablica Argentina. Contenido propio originado por periodistas de CELTTV, el canal de TV local de la Cooperativa El\u00e9ctrica de Tornquist. Turismo, Pol\u00edtica, Sociedad, Deporte, Cultura y todo el contenido de inter\u00e9s general que la gente del pueblo y la regi\u00f3n debe conocer.\",\"breadcrumb\":{\"@id\":\"https:\/\/www.celttv.com.ar\/index.php\/2018\/05\/27\/te-canasta-en-el-21o-aniversario-de-la-junta-vecinal-del-barrio-sur\/#breadcrumb\"},\"inLanguage\":\"es\",\"potentialAction\":[{\"@type\":\"ReadAction\",\"target\":[\"https:\/\/www.celttv.com.ar\/index.php\/2018\/05\/27\/te-canasta-en-el-21o-aniversario-de-la-junta-vecinal-del-barrio-sur\/\"]}]},{\"@type\":\"BreadcrumbList\",\"@id\":\"https:\/\/www.celttv.com.ar\/index.php\/2018\/05\/27\/te-canasta-en-el-21o-aniversario-de-la-junta-vecinal-del-barrio-sur\/#breadcrumb\",\"itemListElement\":[{\"@type\":\"ListItem\",\"position\":1,\"name\":\"Inicio\",\"item\":\"https:\/\/www.celttv.com.ar\/\"},{\"@type\":\"ListItem\",\"position\":2,\"name\":\"Te Canasta en el 21\u00ba aniversario de la Junta Vecinal del Barrio Sur\"}]},{\"@type\":\"WebSite\",\"@id\":\"https:\/\/www.celttv.com.ar\/#website\",\"url\":\"https:\/\/www.celttv.com.ar\/\",\"name\":\"CELTTV\",\"description\":\"Cooperativa El\u00e9ctrica de Tornquist\",\"publisher\":{\"@id\":\"https:\/\/www.celttv.com.ar\/#organization\"},\"potentialAction\":[{\"@type\":\"SearchAction\",\"target\":{\"@type\":\"EntryPoint\",\"urlTemplate\":\"https:\/\/www.celttv.com.ar\/?s={search_term_string}\"},\"query-input\":\"required name=search_term_string\"}],\"inLanguage\":\"es\"},{\"@type\":\"Organization\",\"@id\":\"https:\/\/www.celttv.com.ar\/#organization\",\"name\":\"CELTTV\",\"url\":\"https:\/\/www.celttv.com.ar\/\",\"sameAs\":[\"https:\/\/www.youtube.com\/channel\/UCz_oIt8Hig64Ub-EmcNPIhg\",\"https:\/\/www.facebook.com\/celtTV\/\"],\"logo\":{\"@type\":\"ImageObject\",\"inLanguage\":\"es\",\"@id\":\"https:\/\/www.celttv.com.ar\/#\/schema\/logo\/image\/\",\"url\":\"http:\/\/www.celttv.com.ar\/wp-content\/uploads\/2022\/08\/logo-1.png\",\"contentUrl\":\"http:\/\/www.celttv.com.ar\/wp-content\/uploads\/2022\/08\/logo-1.png\",\"width\":461,\"height\":159,\"caption\":\"CELTTV\"},\"image\":{\"@id\":\"https:\/\/www.celttv.com.ar\/#\/schema\/logo\/image\/\"}},{\"@type\":\"Person\",\"@id\":\"https:\/\/www.celttv.com.ar\/#\/schema\/person\/6d99c072dba59953809c81446e9d0ace\",\"name\":\"ulises\",\"image\":{\"@type\":\"ImageObject\",\"inLanguage\":\"es\",\"@id\":\"https:\/\/www.celttv.com.ar\/#\/schema\/person\/image\/\",\"url\":\"https:\/\/secure.gravatar.com\/avatar\/7f2c48bdc33b30088f941fb6082e555f2874c98e20cb159d7b92b50eadfce793?s=96&d=mm&r=g\",\"contentUrl\":\"https:\/\/secure.gravatar.com\/avatar\/7f2c48bdc33b30088f941fb6082e555f2874c98e20cb159d7b92b50eadfce793?s=96&d=mm&r=g\",\"caption\":\"ulises\"},\"sameAs\":[\"http:\/\/www.celttv.com.ar\"]}]}<\/script>\n<!-- \/ Yoast SEO plugin. -->","yoast_head_json":{"title":"Te Canasta en el 21\u00ba aniversario de la Junta Vecinal del Barrio Sur - CELTTV","description":"Sitio web de noticias de la localidad de Tornquist, provincia de Buenos Aires, Rep\u00fablica Argentina. Contenido propio originado por periodistas de CELTTV, el canal de TV local de la Cooperativa El\u00e9ctrica de Tornquist. Turismo, Pol\u00edtica, Sociedad, Deporte, Cultura y todo el contenido de inter\u00e9s general que la gente del pueblo y la regi\u00f3n debe conocer.","robots":{"index":"index","follow":"follow","max-snippet":"max-snippet:-1","max-image-preview":"max-image-preview:large","max-video-preview":"max-video-preview:-1"},"canonical":"https:\/\/www.celttv.com.ar\/index.php\/2018\/05\/27\/te-canasta-en-el-21o-aniversario-de-la-junta-vecinal-del-barrio-sur\/","og_locale":"es_ES","og_type":"article","og_title":"Te Canasta en el 21\u00ba aniversario de la Junta Vecinal del Barrio Sur - CELTTV","og_description":"Sitio web de noticias de la localidad de Tornquist, provincia de Buenos Aires, Rep\u00fablica Argentina. Contenido propio originado por periodistas de CELTTV, el canal de TV local de la Cooperativa El\u00e9ctrica de Tornquist. Turismo, Pol\u00edtica, Sociedad, Deporte, Cultura y todo el contenido de inter\u00e9s general que la gente del pueblo y la regi\u00f3n debe conocer.","og_url":"https:\/\/www.celttv.com.ar\/index.php\/2018\/05\/27\/te-canasta-en-el-21o-aniversario-de-la-junta-vecinal-del-barrio-sur\/","og_site_name":"CELTTV","article_publisher":"https:\/\/www.facebook.com\/celtTV\/","article_published_time":"2018-05-27T15:42:08+00:00","og_image":[{"width":750,"height":441,"url":"https:\/\/www.celttv.com.ar\/wp-content\/uploads\/2018\/05\/te-canaasta.jpg","type":"image\/jpeg"}],"author":"ulises","twitter_card":"summary_large_image","twitter_misc":{"Escrito por":"ulises"},"schema":{"@context":"https:\/\/schema.org","@graph":[{"@type":"NewsArticle","@id":"https:\/\/www.celttv.com.ar\/index.php\/2018\/05\/27\/te-canasta-en-el-21o-aniversario-de-la-junta-vecinal-del-barrio-sur\/#article","isPartOf":{"@id":"https:\/\/www.celttv.com.ar\/index.php\/2018\/05\/27\/te-canasta-en-el-21o-aniversario-de-la-junta-vecinal-del-barrio-sur\/"},"author":{"name":"ulises","@id":"https:\/\/www.celttv.com.ar\/#\/schema\/person\/6d99c072dba59953809c81446e9d0ace"},"headline":"Te Canasta en el 21\u00ba aniversario de la Junta Vecinal del Barrio Sur","datePublished":"2018-05-27T15:42:08+00:00","dateModified":"2018-05-27T15:42:08+00:00","mainEntityOfPage":{"@id":"https:\/\/www.celttv.com.ar\/index.php\/2018\/05\/27\/te-canasta-en-el-21o-aniversario-de-la-junta-vecinal-del-barrio-sur\/"},"wordCount":87,"publisher":{"@id":"https:\/\/www.celttv.com.ar\/#organization"},"articleSection":["Comunidad","Destacadas"],"inLanguage":"es"},{"@type":"WebPage","@id":"https:\/\/www.celttv.com.ar\/index.php\/2018\/05\/27\/te-canasta-en-el-21o-aniversario-de-la-junta-vecinal-del-barrio-sur\/","url":"https:\/\/www.celttv.com.ar\/index.php\/2018\/05\/27\/te-canasta-en-el-21o-aniversario-de-la-junta-vecinal-del-barrio-sur\/","name":"Te Canasta en el 21\u00ba aniversario de la Junta Vecinal del Barrio Sur - CELTTV","isPartOf":{"@id":"https:\/\/www.celttv.com.ar\/#website"},"datePublished":"2018-05-27T15:42:08+00:00","dateModified":"2018-05-27T15:42:08+00:00","description":"Sitio web de noticias de la localidad de Tornquist, provincia de Buenos Aires, Rep\u00fablica Argentina. Contenido propio originado por periodistas de CELTTV, el canal de TV local de la Cooperativa El\u00e9ctrica de Tornquist. Turismo, Pol\u00edtica, Sociedad, Deporte, Cultura y todo el contenido de inter\u00e9s general que la gente del pueblo y la regi\u00f3n debe conocer.","breadcrumb":{"@id":"https:\/\/www.celttv.com.ar\/index.php\/2018\/05\/27\/te-canasta-en-el-21o-aniversario-de-la-junta-vecinal-del-barrio-sur\/#breadcrumb"},"inLanguage":"es","potentialAction":[{"@type":"ReadAction","target":["https:\/\/www.celttv.com.ar\/index.php\/2018\/05\/27\/te-canasta-en-el-21o-aniversario-de-la-junta-vecinal-del-barrio-sur\/"]}]},{"@type":"BreadcrumbList","@id":"https:\/\/www.celttv.com.ar\/index.php\/2018\/05\/27\/te-canasta-en-el-21o-aniversario-de-la-junta-vecinal-del-barrio-sur\/#breadcrumb","itemListElement":[{"@type":"ListItem","position":1,"name":"Inicio","item":"https:\/\/www.celttv.com.ar\/"},{"@type":"ListItem","position":2,"name":"Te Canasta en el 21\u00ba aniversario de la Junta Vecinal del Barrio Sur"}]},{"@type":"WebSite","@id":"https:\/\/www.celttv.com.ar\/#website","url":"https:\/\/www.celttv.com.ar\/","name":"CELTTV","description":"Cooperativa El\u00e9ctrica de Tornquist","publisher":{"@id":"https:\/\/www.celttv.com.ar\/#organization"},"potentialAction":[{"@type":"SearchAction","target":{"@type":"EntryPoint","urlTemplate":"https:\/\/www.celttv.com.ar\/?s={search_term_string}"},"query-input":"required name=search_term_string"}],"inLanguage":"es"},{"@type":"Organization","@id":"https:\/\/www.celttv.com.ar\/#organization","name":"CELTTV","url":"https:\/\/www.celttv.com.ar\/","sameAs":["https:\/\/www.youtube.com\/channel\/UCz_oIt8Hig64Ub-EmcNPIhg","https:\/\/www.facebook.com\/celtTV\/"],"logo":{"@type":"ImageObject","inLanguage":"es","@id":"https:\/\/www.celttv.com.ar\/#\/schema\/logo\/image\/","url":"http:\/\/www.celttv.com.ar\/wp-content\/uploads\/2022\/08\/logo-1.png","contentUrl":"http:\/\/www.celttv.com.ar\/wp-content\/uploads\/2022\/08\/logo-1.png","width":461,"height":159,"caption":"CELTTV"},"image":{"@id":"https:\/\/www.celttv.com.ar\/#\/schema\/logo\/image\/"}},{"@type":"Person","@id":"https:\/\/www.celttv.com.ar\/#\/schema\/person\/6d99c072dba59953809c81446e9d0ace","name":"ulises","image":{"@type":"ImageObject","inLanguage":"es","@id":"https:\/\/www.celttv.com.ar\/#\/schema\/person\/image\/","url":"https:\/\/secure.gravatar.com\/avatar\/7f2c48bdc33b30088f941fb6082e555f2874c98e20cb159d7b92b50eadfce793?s=96&d=mm&r=g","contentUrl":"https:\/\/secure.gravatar.com\/avatar\/7f2c48bdc33b30088f941fb6082e555f2874c98e20cb159d7b92b50eadfce793?s=96&d=mm&r=g","caption":"ulises"},"sameAs":["http:\/\/www.celttv.com.ar"]}]}},"_links":{"self":[{"href":"https:\/\/www.celttv.com.ar\/index.php\/wp-json\/wp\/v2\/posts\/34485","targetHints":{"allow":["GET"]}}],"collection":[{"href":"https:\/\/www.celttv.com.ar\/index.php\/wp-json\/wp\/v2\/posts"}],"about":[{"href":"https:\/\/www.celttv.com.ar\/index.php\/wp-json\/wp\/v2\/types\/post"}],"author":[{"embeddable":true,"href":"https:\/\/www.celttv.com.ar\/index.php\/wp-json\/wp\/v2\/users\/1"}],"replies":[{"embeddable":true,"href":"https:\/\/www.celttv.com.ar\/index.php\/wp-json\/wp\/v2\/comments?post=34485"}],"version-history":[{"count":0,"href":"https:\/\/www.celttv.com.ar\/index.php\/wp-json\/wp\/v2\/posts\/34485\/revisions"}],"wp:featuredmedia":[{"embeddable":true,"href":"https:\/\/www.celttv.com.ar\/index.php\/wp-json\/wp\/v2\/media\/34486"}],"wp:attachment":[{"href":"https:\/\/www.celttv.com.ar\/index.php\/wp-json\/wp\/v2\/media?parent=34485"}],"wp:term":[{"taxonomy":"category","embeddable":true,"href":"https:\/\/www.celttv.com.ar\/index.php\/wp-json\/wp\/v2\/categories?post=34485"},{"taxonomy":"post_tag","embeddable":true,"href":"https:\/\/www.celttv.com.ar\/index.php\/wp-json\/wp\/v2\/tags?post=34485"}],"curies":[{"name":"wp","href":"https:\/\/api.w.org\/{rel}","templated":true}]}}