{"id":34519,"date":"2018-05-31T23:24:10","date_gmt":"2018-05-31T23:24:10","guid":{"rendered":"http:\/\/www.tvcnoticias.com.ar\/?p=34519"},"modified":"2018-05-31T23:24:10","modified_gmt":"2018-05-31T23:24:10","slug":"el-dr-leandro-picado-ocupara-uno-de-los-cargos-vacantes-en-la-camara-federal-de-apelaciones-de-bahia-blanca","status":"publish","type":"post","link":"https:\/\/www.celttv.com.ar\/index.php\/2018\/05\/31\/el-dr-leandro-picado-ocupara-uno-de-los-cargos-vacantes-en-la-camara-federal-de-apelaciones-de-bahia-blanca\/","title":{"rendered":"El Dr. Leandro Picado ocupar\u00e1 uno de los cargos vacantes en la C\u00e1mara Federal de Apelaciones de Bah\u00eda Blanca"},"content":{"rendered":"<p><strong>C\u00e1mara Federal: el Senado aprob\u00f3 el pliego de cuatro jueces<\/strong><br \/>\nEn la marat\u00f3nica sesi\u00f3n que culmin\u00f3 en la madrugada de hoy, el senado de la Naci\u00f3n aprob\u00f3 los pliegos de\u00a0Pablo Esteban Larriera, Silvia M\u00f3nica Fari\u00f1a, Leandro Sergio Picado y Roberto Daniel Am\u00e1bile, quienes ocupar\u00e1n los cuatro cargos vacantes en la C\u00e1mara Federal de Apelaciones de Bah\u00eda Blanca.<br \/>\n&nbsp;<br \/>\nSi bien resta la firma de Mauricio Macri, fue el propio mandatario el que present\u00f3 las designaciones de estas cuatro personas, por lo que lo \u00fanico que resta es un tr\u00e1mite m\u00e9ramente formal<br \/>\nUna vez que se publique el decreto en el Bolet\u00edn Oficial, se fijar\u00e1 una fecha para la jura de estos cuatro magistrados.<br \/>\n<a class=\"titulonoticia_centro\" href=\"http:\/\/www.observadorserrano.com.ar\/shop\/detallenot.asp?notid=2467\">El Dr. Leandro Picado ocupar\u00e1 uno de los cargos vacantes en la C\u00e1mara Federal de Apelaciones de Bah\u00eda Blanca<\/a><a href=\"http:\/\/www.tvcnoticias.com.ar\/?attachment_id=34520\" rel=\"attachment wp-att-34520\"><img loading=\"lazy\" decoding=\"async\" class=\"alignleft size-full wp-image-34520\" src=\"http:\/\/www.tvcnoticias.com.ar\/wp-content\/uploads\/2018\/05\/jueces2.jpg\" alt=\"\" width=\"701\" height=\"391\" srcset=\"https:\/\/www.celttv.com.ar\/wp-content\/uploads\/2018\/05\/jueces2.jpg 701w, https:\/\/www.celttv.com.ar\/wp-content\/uploads\/2018\/05\/jueces2-300x167.jpg 300w\" sizes=\"auto, (max-width: 701px) 100vw, 701px\" \/><\/a><\/p>\n","protected":false},"excerpt":{"rendered":"<p>C\u00e1mara Federal: el Senado aprob\u00f3 el pliego de cuatro jueces En la marat\u00f3nica sesi\u00f3n que culmin\u00f3 en la madrugada de hoy, el senado de la Naci\u00f3n aprob\u00f3 los pliegos de\u00a0Pablo Esteban Larriera, Silvia M\u00f3nica Fari\u00f1a, Leandro Sergio Picado y Roberto Daniel Am\u00e1bile, quienes ocupar\u00e1n los cuatro cargos vacantes en la C\u00e1mara Federal de Apelaciones de [&hellip;]<\/p>\n","protected":false},"author":1,"featured_media":34520,"comment_status":"closed","ping_status":"open","sticky":false,"template":"","format":"standard","meta":{"footnotes":""},"categories":[51,52],"tags":[],"class_list":["post-34519","post","type-post","status-publish","format-standard","has-post-thumbnail","hentry","category-comunidad","category-destacadas"],"yoast_head":"<!-- This site is optimized with the Yoast SEO plugin v19.7.1 - https:\/\/yoast.com\/wordpress\/plugins\/seo\/ -->\n<title>El Dr. Leandro Picado ocupar\u00e1 uno de los cargos vacantes en la C\u00e1mara Federal de Apelaciones de Bah\u00eda Blanca - CELTTV<\/title>\n<meta name=\"description\" content=\"Sitio web de noticias de la localidad de Tornquist, provincia de Buenos Aires, Rep\u00fablica Argentina. Contenido propio originado por periodistas de CELTTV, el canal de TV local de la Cooperativa El\u00e9ctrica de Tornquist. Turismo, Pol\u00edtica, Sociedad, Deporte, Cultura y todo el contenido de inter\u00e9s general que la gente del pueblo y la regi\u00f3n debe conocer.\" \/>\n<meta name=\"robots\" content=\"index, follow, max-snippet:-1, max-image-preview:large, max-video-preview:-1\" \/>\n<link rel=\"canonical\" href=\"https:\/\/www.celttv.com.ar\/index.php\/2018\/05\/31\/el-dr-leandro-picado-ocupara-uno-de-los-cargos-vacantes-en-la-camara-federal-de-apelaciones-de-bahia-blanca\/\" \/>\n<meta property=\"og:locale\" content=\"es_ES\" \/>\n<meta property=\"og:type\" content=\"article\" \/>\n<meta property=\"og:title\" content=\"El Dr. Leandro Picado ocupar\u00e1 uno de los cargos vacantes en la C\u00e1mara Federal de Apelaciones de Bah\u00eda Blanca - CELTTV\" \/>\n<meta property=\"og:description\" content=\"Sitio web de noticias de la localidad de Tornquist, provincia de Buenos Aires, Rep\u00fablica Argentina. Contenido propio originado por periodistas de CELTTV, el canal de TV local de la Cooperativa El\u00e9ctrica de Tornquist. Turismo, Pol\u00edtica, Sociedad, Deporte, Cultura y todo el contenido de inter\u00e9s general que la gente del pueblo y la regi\u00f3n debe conocer.\" \/>\n<meta property=\"og:url\" content=\"https:\/\/www.celttv.com.ar\/index.php\/2018\/05\/31\/el-dr-leandro-picado-ocupara-uno-de-los-cargos-vacantes-en-la-camara-federal-de-apelaciones-de-bahia-blanca\/\" \/>\n<meta property=\"og:site_name\" content=\"CELTTV\" \/>\n<meta property=\"article:publisher\" content=\"https:\/\/www.facebook.com\/celtTV\/\" \/>\n<meta property=\"article:published_time\" content=\"2018-05-31T23:24:10+00:00\" \/>\n<meta property=\"og:image\" content=\"https:\/\/www.celttv.com.ar\/wp-content\/uploads\/2018\/05\/jueces2.jpg\" \/>\n\t<meta property=\"og:image:width\" content=\"701\" \/>\n\t<meta property=\"og:image:height\" content=\"391\" \/>\n\t<meta property=\"og:image:type\" content=\"image\/jpeg\" \/>\n<meta name=\"author\" content=\"ulises\" \/>\n<meta name=\"twitter:card\" content=\"summary_large_image\" \/>\n<meta name=\"twitter:label1\" content=\"Escrito por\" \/>\n\t<meta name=\"twitter:data1\" content=\"ulises\" \/>\n\t<meta name=\"twitter:label2\" content=\"Tiempo de lectura\" \/>\n\t<meta name=\"twitter:data2\" content=\"1 minuto\" \/>\n<script type=\"application\/ld+json\" class=\"yoast-schema-graph\">{\"@context\":\"https:\/\/schema.org\",\"@graph\":[{\"@type\":\"NewsArticle\",\"@id\":\"https:\/\/www.celttv.com.ar\/index.php\/2018\/05\/31\/el-dr-leandro-picado-ocupara-uno-de-los-cargos-vacantes-en-la-camara-federal-de-apelaciones-de-bahia-blanca\/#article\",\"isPartOf\":{\"@id\":\"https:\/\/www.celttv.com.ar\/index.php\/2018\/05\/31\/el-dr-leandro-picado-ocupara-uno-de-los-cargos-vacantes-en-la-camara-federal-de-apelaciones-de-bahia-blanca\/\"},\"author\":{\"name\":\"ulises\",\"@id\":\"https:\/\/www.celttv.com.ar\/#\/schema\/person\/6d99c072dba59953809c81446e9d0ace\"},\"headline\":\"El Dr. Leandro Picado ocupar\u00e1 uno de los cargos vacantes en la C\u00e1mara Federal de Apelaciones de Bah\u00eda Blanca\",\"datePublished\":\"2018-05-31T23:24:10+00:00\",\"dateModified\":\"2018-05-31T23:24:10+00:00\",\"mainEntityOfPage\":{\"@id\":\"https:\/\/www.celttv.com.ar\/index.php\/2018\/05\/31\/el-dr-leandro-picado-ocupara-uno-de-los-cargos-vacantes-en-la-camara-federal-de-apelaciones-de-bahia-blanca\/\"},\"wordCount\":169,\"publisher\":{\"@id\":\"https:\/\/www.celttv.com.ar\/#organization\"},\"articleSection\":[\"Comunidad\",\"Destacadas\"],\"inLanguage\":\"es\"},{\"@type\":\"WebPage\",\"@id\":\"https:\/\/www.celttv.com.ar\/index.php\/2018\/05\/31\/el-dr-leandro-picado-ocupara-uno-de-los-cargos-vacantes-en-la-camara-federal-de-apelaciones-de-bahia-blanca\/\",\"url\":\"https:\/\/www.celttv.com.ar\/index.php\/2018\/05\/31\/el-dr-leandro-picado-ocupara-uno-de-los-cargos-vacantes-en-la-camara-federal-de-apelaciones-de-bahia-blanca\/\",\"name\":\"El Dr. Leandro Picado ocupar\u00e1 uno de los cargos vacantes en la C\u00e1mara Federal de Apelaciones de Bah\u00eda Blanca - CELTTV\",\"isPartOf\":{\"@id\":\"https:\/\/www.celttv.com.ar\/#website\"},\"datePublished\":\"2018-05-31T23:24:10+00:00\",\"dateModified\":\"2018-05-31T23:24:10+00:00\",\"description\":\"Sitio web de noticias de la localidad de Tornquist, provincia de Buenos Aires, Rep\u00fablica Argentina. Contenido propio originado por periodistas de CELTTV, el canal de TV local de la Cooperativa El\u00e9ctrica de Tornquist. Turismo, Pol\u00edtica, Sociedad, Deporte, Cultura y todo el contenido de inter\u00e9s general que la gente del pueblo y la regi\u00f3n debe conocer.\",\"breadcrumb\":{\"@id\":\"https:\/\/www.celttv.com.ar\/index.php\/2018\/05\/31\/el-dr-leandro-picado-ocupara-uno-de-los-cargos-vacantes-en-la-camara-federal-de-apelaciones-de-bahia-blanca\/#breadcrumb\"},\"inLanguage\":\"es\",\"potentialAction\":[{\"@type\":\"ReadAction\",\"target\":[\"https:\/\/www.celttv.com.ar\/index.php\/2018\/05\/31\/el-dr-leandro-picado-ocupara-uno-de-los-cargos-vacantes-en-la-camara-federal-de-apelaciones-de-bahia-blanca\/\"]}]},{\"@type\":\"BreadcrumbList\",\"@id\":\"https:\/\/www.celttv.com.ar\/index.php\/2018\/05\/31\/el-dr-leandro-picado-ocupara-uno-de-los-cargos-vacantes-en-la-camara-federal-de-apelaciones-de-bahia-blanca\/#breadcrumb\",\"itemListElement\":[{\"@type\":\"ListItem\",\"position\":1,\"name\":\"Inicio\",\"item\":\"https:\/\/www.celttv.com.ar\/\"},{\"@type\":\"ListItem\",\"position\":2,\"name\":\"El Dr. Leandro Picado ocupar\u00e1 uno de los cargos vacantes en la C\u00e1mara Federal de Apelaciones de Bah\u00eda Blanca\"}]},{\"@type\":\"WebSite\",\"@id\":\"https:\/\/www.celttv.com.ar\/#website\",\"url\":\"https:\/\/www.celttv.com.ar\/\",\"name\":\"CELTTV\",\"description\":\"Cooperativa El\u00e9ctrica de Tornquist\",\"publisher\":{\"@id\":\"https:\/\/www.celttv.com.ar\/#organization\"},\"potentialAction\":[{\"@type\":\"SearchAction\",\"target\":{\"@type\":\"EntryPoint\",\"urlTemplate\":\"https:\/\/www.celttv.com.ar\/?s={search_term_string}\"},\"query-input\":\"required name=search_term_string\"}],\"inLanguage\":\"es\"},{\"@type\":\"Organization\",\"@id\":\"https:\/\/www.celttv.com.ar\/#organization\",\"name\":\"CELTTV\",\"url\":\"https:\/\/www.celttv.com.ar\/\",\"sameAs\":[\"https:\/\/www.youtube.com\/channel\/UCz_oIt8Hig64Ub-EmcNPIhg\",\"https:\/\/www.facebook.com\/celtTV\/\"],\"logo\":{\"@type\":\"ImageObject\",\"inLanguage\":\"es\",\"@id\":\"https:\/\/www.celttv.com.ar\/#\/schema\/logo\/image\/\",\"url\":\"http:\/\/www.celttv.com.ar\/wp-content\/uploads\/2022\/08\/logo-1.png\",\"contentUrl\":\"http:\/\/www.celttv.com.ar\/wp-content\/uploads\/2022\/08\/logo-1.png\",\"width\":461,\"height\":159,\"caption\":\"CELTTV\"},\"image\":{\"@id\":\"https:\/\/www.celttv.com.ar\/#\/schema\/logo\/image\/\"}},{\"@type\":\"Person\",\"@id\":\"https:\/\/www.celttv.com.ar\/#\/schema\/person\/6d99c072dba59953809c81446e9d0ace\",\"name\":\"ulises\",\"image\":{\"@type\":\"ImageObject\",\"inLanguage\":\"es\",\"@id\":\"https:\/\/www.celttv.com.ar\/#\/schema\/person\/image\/\",\"url\":\"https:\/\/secure.gravatar.com\/avatar\/7f2c48bdc33b30088f941fb6082e555f2874c98e20cb159d7b92b50eadfce793?s=96&d=mm&r=g\",\"contentUrl\":\"https:\/\/secure.gravatar.com\/avatar\/7f2c48bdc33b30088f941fb6082e555f2874c98e20cb159d7b92b50eadfce793?s=96&d=mm&r=g\",\"caption\":\"ulises\"},\"sameAs\":[\"http:\/\/www.celttv.com.ar\"]}]}<\/script>\n<!-- \/ Yoast SEO plugin. -->","yoast_head_json":{"title":"El Dr. Leandro Picado ocupar\u00e1 uno de los cargos vacantes en la C\u00e1mara Federal de Apelaciones de Bah\u00eda Blanca - CELTTV","description":"Sitio web de noticias de la localidad de Tornquist, provincia de Buenos Aires, Rep\u00fablica Argentina. Contenido propio originado por periodistas de CELTTV, el canal de TV local de la Cooperativa El\u00e9ctrica de Tornquist. Turismo, Pol\u00edtica, Sociedad, Deporte, Cultura y todo el contenido de inter\u00e9s general que la gente del pueblo y la regi\u00f3n debe conocer.","robots":{"index":"index","follow":"follow","max-snippet":"max-snippet:-1","max-image-preview":"max-image-preview:large","max-video-preview":"max-video-preview:-1"},"canonical":"https:\/\/www.celttv.com.ar\/index.php\/2018\/05\/31\/el-dr-leandro-picado-ocupara-uno-de-los-cargos-vacantes-en-la-camara-federal-de-apelaciones-de-bahia-blanca\/","og_locale":"es_ES","og_type":"article","og_title":"El Dr. Leandro Picado ocupar\u00e1 uno de los cargos vacantes en la C\u00e1mara Federal de Apelaciones de Bah\u00eda Blanca - CELTTV","og_description":"Sitio web de noticias de la localidad de Tornquist, provincia de Buenos Aires, Rep\u00fablica Argentina. Contenido propio originado por periodistas de CELTTV, el canal de TV local de la Cooperativa El\u00e9ctrica de Tornquist. Turismo, Pol\u00edtica, Sociedad, Deporte, Cultura y todo el contenido de inter\u00e9s general que la gente del pueblo y la regi\u00f3n debe conocer.","og_url":"https:\/\/www.celttv.com.ar\/index.php\/2018\/05\/31\/el-dr-leandro-picado-ocupara-uno-de-los-cargos-vacantes-en-la-camara-federal-de-apelaciones-de-bahia-blanca\/","og_site_name":"CELTTV","article_publisher":"https:\/\/www.facebook.com\/celtTV\/","article_published_time":"2018-05-31T23:24:10+00:00","og_image":[{"width":701,"height":391,"url":"https:\/\/www.celttv.com.ar\/wp-content\/uploads\/2018\/05\/jueces2.jpg","type":"image\/jpeg"}],"author":"ulises","twitter_card":"summary_large_image","twitter_misc":{"Escrito por":"ulises","Tiempo de lectura":"1 minuto"},"schema":{"@context":"https:\/\/schema.org","@graph":[{"@type":"NewsArticle","@id":"https:\/\/www.celttv.com.ar\/index.php\/2018\/05\/31\/el-dr-leandro-picado-ocupara-uno-de-los-cargos-vacantes-en-la-camara-federal-de-apelaciones-de-bahia-blanca\/#article","isPartOf":{"@id":"https:\/\/www.celttv.com.ar\/index.php\/2018\/05\/31\/el-dr-leandro-picado-ocupara-uno-de-los-cargos-vacantes-en-la-camara-federal-de-apelaciones-de-bahia-blanca\/"},"author":{"name":"ulises","@id":"https:\/\/www.celttv.com.ar\/#\/schema\/person\/6d99c072dba59953809c81446e9d0ace"},"headline":"El Dr. Leandro Picado ocupar\u00e1 uno de los cargos vacantes en la C\u00e1mara Federal de Apelaciones de Bah\u00eda Blanca","datePublished":"2018-05-31T23:24:10+00:00","dateModified":"2018-05-31T23:24:10+00:00","mainEntityOfPage":{"@id":"https:\/\/www.celttv.com.ar\/index.php\/2018\/05\/31\/el-dr-leandro-picado-ocupara-uno-de-los-cargos-vacantes-en-la-camara-federal-de-apelaciones-de-bahia-blanca\/"},"wordCount":169,"publisher":{"@id":"https:\/\/www.celttv.com.ar\/#organization"},"articleSection":["Comunidad","Destacadas"],"inLanguage":"es"},{"@type":"WebPage","@id":"https:\/\/www.celttv.com.ar\/index.php\/2018\/05\/31\/el-dr-leandro-picado-ocupara-uno-de-los-cargos-vacantes-en-la-camara-federal-de-apelaciones-de-bahia-blanca\/","url":"https:\/\/www.celttv.com.ar\/index.php\/2018\/05\/31\/el-dr-leandro-picado-ocupara-uno-de-los-cargos-vacantes-en-la-camara-federal-de-apelaciones-de-bahia-blanca\/","name":"El Dr. Leandro Picado ocupar\u00e1 uno de los cargos vacantes en la C\u00e1mara Federal de Apelaciones de Bah\u00eda Blanca - CELTTV","isPartOf":{"@id":"https:\/\/www.celttv.com.ar\/#website"},"datePublished":"2018-05-31T23:24:10+00:00","dateModified":"2018-05-31T23:24:10+00:00","description":"Sitio web de noticias de la localidad de Tornquist, provincia de Buenos Aires, Rep\u00fablica Argentina. Contenido propio originado por periodistas de CELTTV, el canal de TV local de la Cooperativa El\u00e9ctrica de Tornquist. Turismo, Pol\u00edtica, Sociedad, Deporte, Cultura y todo el contenido de inter\u00e9s general que la gente del pueblo y la regi\u00f3n debe conocer.","breadcrumb":{"@id":"https:\/\/www.celttv.com.ar\/index.php\/2018\/05\/31\/el-dr-leandro-picado-ocupara-uno-de-los-cargos-vacantes-en-la-camara-federal-de-apelaciones-de-bahia-blanca\/#breadcrumb"},"inLanguage":"es","potentialAction":[{"@type":"ReadAction","target":["https:\/\/www.celttv.com.ar\/index.php\/2018\/05\/31\/el-dr-leandro-picado-ocupara-uno-de-los-cargos-vacantes-en-la-camara-federal-de-apelaciones-de-bahia-blanca\/"]}]},{"@type":"BreadcrumbList","@id":"https:\/\/www.celttv.com.ar\/index.php\/2018\/05\/31\/el-dr-leandro-picado-ocupara-uno-de-los-cargos-vacantes-en-la-camara-federal-de-apelaciones-de-bahia-blanca\/#breadcrumb","itemListElement":[{"@type":"ListItem","position":1,"name":"Inicio","item":"https:\/\/www.celttv.com.ar\/"},{"@type":"ListItem","position":2,"name":"El Dr. Leandro Picado ocupar\u00e1 uno de los cargos vacantes en la C\u00e1mara Federal de Apelaciones de Bah\u00eda Blanca"}]},{"@type":"WebSite","@id":"https:\/\/www.celttv.com.ar\/#website","url":"https:\/\/www.celttv.com.ar\/","name":"CELTTV","description":"Cooperativa El\u00e9ctrica de Tornquist","publisher":{"@id":"https:\/\/www.celttv.com.ar\/#organization"},"potentialAction":[{"@type":"SearchAction","target":{"@type":"EntryPoint","urlTemplate":"https:\/\/www.celttv.com.ar\/?s={search_term_string}"},"query-input":"required name=search_term_string"}],"inLanguage":"es"},{"@type":"Organization","@id":"https:\/\/www.celttv.com.ar\/#organization","name":"CELTTV","url":"https:\/\/www.celttv.com.ar\/","sameAs":["https:\/\/www.youtube.com\/channel\/UCz_oIt8Hig64Ub-EmcNPIhg","https:\/\/www.facebook.com\/celtTV\/"],"logo":{"@type":"ImageObject","inLanguage":"es","@id":"https:\/\/www.celttv.com.ar\/#\/schema\/logo\/image\/","url":"http:\/\/www.celttv.com.ar\/wp-content\/uploads\/2022\/08\/logo-1.png","contentUrl":"http:\/\/www.celttv.com.ar\/wp-content\/uploads\/2022\/08\/logo-1.png","width":461,"height":159,"caption":"CELTTV"},"image":{"@id":"https:\/\/www.celttv.com.ar\/#\/schema\/logo\/image\/"}},{"@type":"Person","@id":"https:\/\/www.celttv.com.ar\/#\/schema\/person\/6d99c072dba59953809c81446e9d0ace","name":"ulises","image":{"@type":"ImageObject","inLanguage":"es","@id":"https:\/\/www.celttv.com.ar\/#\/schema\/person\/image\/","url":"https:\/\/secure.gravatar.com\/avatar\/7f2c48bdc33b30088f941fb6082e555f2874c98e20cb159d7b92b50eadfce793?s=96&d=mm&r=g","contentUrl":"https:\/\/secure.gravatar.com\/avatar\/7f2c48bdc33b30088f941fb6082e555f2874c98e20cb159d7b92b50eadfce793?s=96&d=mm&r=g","caption":"ulises"},"sameAs":["http:\/\/www.celttv.com.ar"]}]}},"_links":{"self":[{"href":"https:\/\/www.celttv.com.ar\/index.php\/wp-json\/wp\/v2\/posts\/34519","targetHints":{"allow":["GET"]}}],"collection":[{"href":"https:\/\/www.celttv.com.ar\/index.php\/wp-json\/wp\/v2\/posts"}],"about":[{"href":"https:\/\/www.celttv.com.ar\/index.php\/wp-json\/wp\/v2\/types\/post"}],"author":[{"embeddable":true,"href":"https:\/\/www.celttv.com.ar\/index.php\/wp-json\/wp\/v2\/users\/1"}],"replies":[{"embeddable":true,"href":"https:\/\/www.celttv.com.ar\/index.php\/wp-json\/wp\/v2\/comments?post=34519"}],"version-history":[{"count":0,"href":"https:\/\/www.celttv.com.ar\/index.php\/wp-json\/wp\/v2\/posts\/34519\/revisions"}],"wp:featuredmedia":[{"embeddable":true,"href":"https:\/\/www.celttv.com.ar\/index.php\/wp-json\/wp\/v2\/media\/34520"}],"wp:attachment":[{"href":"https:\/\/www.celttv.com.ar\/index.php\/wp-json\/wp\/v2\/media?parent=34519"}],"wp:term":[{"taxonomy":"category","embeddable":true,"href":"https:\/\/www.celttv.com.ar\/index.php\/wp-json\/wp\/v2\/categories?post=34519"},{"taxonomy":"post_tag","embeddable":true,"href":"https:\/\/www.celttv.com.ar\/index.php\/wp-json\/wp\/v2\/tags?post=34519"}],"curies":[{"name":"wp","href":"https:\/\/api.w.org\/{rel}","templated":true}]}}