{"id":3464,"date":"2011-11-30T02:05:56","date_gmt":"2011-11-30T02:05:56","guid":{"rendered":"http:\/\/www.tvcnoticias.com.ar\/?p=3464"},"modified":"2011-11-30T02:05:56","modified_gmt":"2011-11-30T02:05:56","slug":"la-television-publica-en-la-comarca-serrana-este-miercoles-y-jueves-con-el-programa-vivo-en-argentina-videoentrevistas","status":"publish","type":"post","link":"https:\/\/www.celttv.com.ar\/index.php\/2011\/11\/30\/la-television-publica-en-la-comarca-serrana-este-miercoles-y-jueves-con-el-programa-vivo-en-argentina-videoentrevistas\/","title":{"rendered":"LA TELEVISION P\u00daBLICA EN LA COMARCA SERRANA: ESTE MIERCOLES Y JUEVES CON EL PROGRAMA &#8220;VIVO EN ARGENTINA&#8221; (videoentrevistas)"},"content":{"rendered":"<p><img loading=\"lazy\" decoding=\"async\" class=\"aligncenter size-full wp-image-3465\" title=\"VIVO_EN_ARGENTINA[1] (Small)\" src=\"http:\/\/www.tvcnoticias.com.ar\/wp-content\/uploads\/2011\/11\/VIVO_EN_ARGENTINA1-Small.jpg\" alt=\"\" width=\"640\" height=\"479\" \/><br \/>\n<a>httpv:\/\/www.youtube.com\/watch?v=RVaq5-FTW6M<\/a><br \/>\nLa Secretar\u00eda de Turismo Cultura y Deportes del Municipio de Tornquist, informa que los d\u00edas mi\u00e9rcoles 30 de Noviembre y jueves 01 de Diciembre, un m\u00f3vil del programa \u201cVivo en Argentina\u201d estar\u00e1 transmitiendo en vivo desde nuestro distrito.<br \/>\nEl programa es conducido de lunes a viernes de 14 a 16 horas por Lalo MIR y Carla CONTE, \u201cVivo en Argentina \u201c es un programa que promueve el encuentro entre todos los habitantes del pa\u00eds, fomentando la participaci\u00f3n, el entretenimiento y la comunicaci\u00f3n permanente por medio de las redes sociales, para intercambiar opiniones, jugar, hacer preguntas, contar historias y compartir fotos y videos de los lugares de los que somos parte.<br \/>\nEl m\u00f3vil recorre el pa\u00eds entero, visitando una provincia distinta cada semana y\u00a0 abre una puerta a un espacio com\u00fan, de intercambio, para conocernos y compartir nuestra identidad.<br \/>\nEste miercoles saldr\u00e1 desde el Municipio el micro rumbo a Villa Ventana el que trasladar\u00e1 sin costo a todas las personas que quieran presenciar en vivo la emisi\u00f3n del programa, se destaca que habr\u00e1 n\u00fameros en vivo como la presentaci\u00f3n del grupo finalista de Talento Argentino,\u201dLA OTRA PARTE\u201d entre otros, habr\u00e1 secci\u00f3n de cocinas y se mostrar\u00e1 al pa\u00eds las distintas opciones con las que cuenta nuestra comarca en cuanto a prestaciones , servicios tur\u00edsticos, comidas\u00a0 y danzas t\u00edpicas.<br \/>\nPor otro lado el jueves en nuestra plaza en el mismo horario se emitir\u00e1 la ultima jornada desde la plaza local donde el contenido a desarrollar se vincular\u00e1 con localidades como Saldungaray y la recuperaci\u00f3n de los frescos en la Parroquia Sta.Rosa de Lima de nuestra ciudad entre otros eventos, con la musicalizaci\u00f3n del Grupo Folkl\u00f3rico \u201cPE\u00d1I &#8211; HUE\u201d y la presencia del artista local Rub\u00e9n Bustillo.<br \/>\nEs importante resaltar que estas dos jornadas ser\u00e1n de mucha utilidad para posicionar de cara a este nuevo periodo estival a nuestro Distrito, llevando a trav\u00e9s de la pantalla de la TELEVISION PUBLICA nuestras diferentes propuestas culturales y tur\u00edsticas que tan bien recibe el televidente y que suman turistas\u00a0 a la hora de elegir el destino vacacional.<\/p>\n","protected":false},"excerpt":{"rendered":"<p>httpv:\/\/www.youtube.com\/watch?v=RVaq5-FTW6M La Secretar\u00eda de Turismo Cultura y Deportes del Municipio de Tornquist, informa que los d\u00edas mi\u00e9rcoles 30 de Noviembre y jueves 01 de Diciembre, un m\u00f3vil del programa \u201cVivo en Argentina\u201d estar\u00e1 transmitiendo en vivo desde nuestro distrito. El programa es conducido de lunes a viernes de 14 a 16 horas por Lalo MIR [&hellip;]<\/p>\n","protected":false},"author":1,"featured_media":0,"comment_status":"open","ping_status":"open","sticky":false,"template":"","format":"standard","meta":{"footnotes":""},"categories":[51,52,56,53],"tags":[],"class_list":["post-3464","post","type-post","status-publish","format-standard","hentry","category-comunidad","category-destacadas","category-espectaculos","category-politica"],"yoast_head":"<!-- This site is optimized with the Yoast SEO plugin v19.7.1 - https:\/\/yoast.com\/wordpress\/plugins\/seo\/ -->\n<title>LA TELEVISION P\u00daBLICA EN LA COMARCA SERRANA: ESTE MIERCOLES Y JUEVES CON EL PROGRAMA &quot;VIVO EN ARGENTINA&quot; (videoentrevistas) - CELTTV<\/title>\n<meta name=\"description\" content=\"Sitio web de noticias de la localidad de Tornquist, provincia de Buenos Aires, Rep\u00fablica Argentina. Contenido propio originado por periodistas de CELTTV, el canal de TV local de la Cooperativa El\u00e9ctrica de Tornquist. Turismo, Pol\u00edtica, Sociedad, Deporte, Cultura y todo el contenido de inter\u00e9s general que la gente del pueblo y la regi\u00f3n debe conocer.\" \/>\n<meta name=\"robots\" content=\"index, follow, max-snippet:-1, max-image-preview:large, max-video-preview:-1\" \/>\n<link rel=\"canonical\" href=\"https:\/\/www.celttv.com.ar\/index.php\/2011\/11\/30\/la-television-publica-en-la-comarca-serrana-este-miercoles-y-jueves-con-el-programa-vivo-en-argentina-videoentrevistas\/\" \/>\n<meta property=\"og:locale\" content=\"es_ES\" \/>\n<meta property=\"og:type\" content=\"article\" \/>\n<meta property=\"og:title\" content=\"LA TELEVISION P\u00daBLICA EN LA COMARCA SERRANA: ESTE MIERCOLES Y JUEVES CON EL PROGRAMA &quot;VIVO EN ARGENTINA&quot; (videoentrevistas) - CELTTV\" \/>\n<meta property=\"og:description\" content=\"Sitio web de noticias de la localidad de Tornquist, provincia de Buenos Aires, Rep\u00fablica Argentina. Contenido propio originado por periodistas de CELTTV, el canal de TV local de la Cooperativa El\u00e9ctrica de Tornquist. Turismo, Pol\u00edtica, Sociedad, Deporte, Cultura y todo el contenido de inter\u00e9s general que la gente del pueblo y la regi\u00f3n debe conocer.\" \/>\n<meta property=\"og:url\" content=\"https:\/\/www.celttv.com.ar\/index.php\/2011\/11\/30\/la-television-publica-en-la-comarca-serrana-este-miercoles-y-jueves-con-el-programa-vivo-en-argentina-videoentrevistas\/\" \/>\n<meta property=\"og:site_name\" content=\"CELTTV\" \/>\n<meta property=\"article:publisher\" content=\"https:\/\/www.facebook.com\/celtTV\/\" \/>\n<meta property=\"article:published_time\" content=\"2011-11-30T02:05:56+00:00\" \/>\n<meta property=\"og:image\" content=\"http:\/\/www.tvcnoticias.com.ar\/wp-content\/uploads\/2011\/11\/VIVO_EN_ARGENTINA1-Small.jpg\" \/>\n<meta name=\"author\" content=\"ulises\" \/>\n<meta name=\"twitter:card\" content=\"summary_large_image\" \/>\n<meta name=\"twitter:label1\" content=\"Escrito por\" \/>\n\t<meta name=\"twitter:data1\" content=\"ulises\" \/>\n\t<meta name=\"twitter:label2\" content=\"Tiempo de lectura\" \/>\n\t<meta name=\"twitter:data2\" content=\"2 minutos\" \/>\n<script type=\"application\/ld+json\" class=\"yoast-schema-graph\">{\"@context\":\"https:\/\/schema.org\",\"@graph\":[{\"@type\":\"NewsArticle\",\"@id\":\"https:\/\/www.celttv.com.ar\/index.php\/2011\/11\/30\/la-television-publica-en-la-comarca-serrana-este-miercoles-y-jueves-con-el-programa-vivo-en-argentina-videoentrevistas\/#article\",\"isPartOf\":{\"@id\":\"https:\/\/www.celttv.com.ar\/index.php\/2011\/11\/30\/la-television-publica-en-la-comarca-serrana-este-miercoles-y-jueves-con-el-programa-vivo-en-argentina-videoentrevistas\/\"},\"author\":{\"name\":\"ulises\",\"@id\":\"https:\/\/www.celttv.com.ar\/#\/schema\/person\/6d99c072dba59953809c81446e9d0ace\"},\"headline\":\"LA TELEVISION P\u00daBLICA EN LA COMARCA SERRANA: ESTE MIERCOLES Y JUEVES CON EL PROGRAMA &#8220;VIVO EN ARGENTINA&#8221; (videoentrevistas)\",\"datePublished\":\"2011-11-30T02:05:56+00:00\",\"dateModified\":\"2011-11-30T02:05:56+00:00\",\"mainEntityOfPage\":{\"@id\":\"https:\/\/www.celttv.com.ar\/index.php\/2011\/11\/30\/la-television-publica-en-la-comarca-serrana-este-miercoles-y-jueves-con-el-programa-vivo-en-argentina-videoentrevistas\/\"},\"wordCount\":390,\"commentCount\":0,\"publisher\":{\"@id\":\"https:\/\/www.celttv.com.ar\/#organization\"},\"articleSection\":[\"Comunidad\",\"Destacadas\",\"Espect\u00e1culos\",\"Pol\u00edtica\"],\"inLanguage\":\"es\"},{\"@type\":\"WebPage\",\"@id\":\"https:\/\/www.celttv.com.ar\/index.php\/2011\/11\/30\/la-television-publica-en-la-comarca-serrana-este-miercoles-y-jueves-con-el-programa-vivo-en-argentina-videoentrevistas\/\",\"url\":\"https:\/\/www.celttv.com.ar\/index.php\/2011\/11\/30\/la-television-publica-en-la-comarca-serrana-este-miercoles-y-jueves-con-el-programa-vivo-en-argentina-videoentrevistas\/\",\"name\":\"LA TELEVISION P\u00daBLICA EN LA COMARCA SERRANA: ESTE MIERCOLES Y JUEVES CON EL PROGRAMA \\\"VIVO EN ARGENTINA\\\" (videoentrevistas) - CELTTV\",\"isPartOf\":{\"@id\":\"https:\/\/www.celttv.com.ar\/#website\"},\"datePublished\":\"2011-11-30T02:05:56+00:00\",\"dateModified\":\"2011-11-30T02:05:56+00:00\",\"description\":\"Sitio web de noticias de la localidad de Tornquist, provincia de Buenos Aires, Rep\u00fablica Argentina. Contenido propio originado por periodistas de CELTTV, el canal de TV local de la Cooperativa El\u00e9ctrica de Tornquist. Turismo, Pol\u00edtica, Sociedad, Deporte, Cultura y todo el contenido de inter\u00e9s general que la gente del pueblo y la regi\u00f3n debe conocer.\",\"breadcrumb\":{\"@id\":\"https:\/\/www.celttv.com.ar\/index.php\/2011\/11\/30\/la-television-publica-en-la-comarca-serrana-este-miercoles-y-jueves-con-el-programa-vivo-en-argentina-videoentrevistas\/#breadcrumb\"},\"inLanguage\":\"es\",\"potentialAction\":[{\"@type\":\"ReadAction\",\"target\":[\"https:\/\/www.celttv.com.ar\/index.php\/2011\/11\/30\/la-television-publica-en-la-comarca-serrana-este-miercoles-y-jueves-con-el-programa-vivo-en-argentina-videoentrevistas\/\"]}]},{\"@type\":\"BreadcrumbList\",\"@id\":\"https:\/\/www.celttv.com.ar\/index.php\/2011\/11\/30\/la-television-publica-en-la-comarca-serrana-este-miercoles-y-jueves-con-el-programa-vivo-en-argentina-videoentrevistas\/#breadcrumb\",\"itemListElement\":[{\"@type\":\"ListItem\",\"position\":1,\"name\":\"Inicio\",\"item\":\"https:\/\/www.celttv.com.ar\/\"},{\"@type\":\"ListItem\",\"position\":2,\"name\":\"LA TELEVISION P\u00daBLICA EN LA COMARCA SERRANA: ESTE MIERCOLES Y JUEVES CON EL PROGRAMA &#8220;VIVO EN ARGENTINA&#8221; (videoentrevistas)\"}]},{\"@type\":\"WebSite\",\"@id\":\"https:\/\/www.celttv.com.ar\/#website\",\"url\":\"https:\/\/www.celttv.com.ar\/\",\"name\":\"CELTTV\",\"description\":\"Cooperativa El\u00e9ctrica de Tornquist\",\"publisher\":{\"@id\":\"https:\/\/www.celttv.com.ar\/#organization\"},\"potentialAction\":[{\"@type\":\"SearchAction\",\"target\":{\"@type\":\"EntryPoint\",\"urlTemplate\":\"https:\/\/www.celttv.com.ar\/?s={search_term_string}\"},\"query-input\":\"required name=search_term_string\"}],\"inLanguage\":\"es\"},{\"@type\":\"Organization\",\"@id\":\"https:\/\/www.celttv.com.ar\/#organization\",\"name\":\"CELTTV\",\"url\":\"https:\/\/www.celttv.com.ar\/\",\"sameAs\":[\"https:\/\/www.youtube.com\/channel\/UCz_oIt8Hig64Ub-EmcNPIhg\",\"https:\/\/www.facebook.com\/celtTV\/\"],\"logo\":{\"@type\":\"ImageObject\",\"inLanguage\":\"es\",\"@id\":\"https:\/\/www.celttv.com.ar\/#\/schema\/logo\/image\/\",\"url\":\"http:\/\/www.celttv.com.ar\/wp-content\/uploads\/2022\/08\/logo-1.png\",\"contentUrl\":\"http:\/\/www.celttv.com.ar\/wp-content\/uploads\/2022\/08\/logo-1.png\",\"width\":461,\"height\":159,\"caption\":\"CELTTV\"},\"image\":{\"@id\":\"https:\/\/www.celttv.com.ar\/#\/schema\/logo\/image\/\"}},{\"@type\":\"Person\",\"@id\":\"https:\/\/www.celttv.com.ar\/#\/schema\/person\/6d99c072dba59953809c81446e9d0ace\",\"name\":\"ulises\",\"image\":{\"@type\":\"ImageObject\",\"inLanguage\":\"es\",\"@id\":\"https:\/\/www.celttv.com.ar\/#\/schema\/person\/image\/\",\"url\":\"https:\/\/secure.gravatar.com\/avatar\/7f2c48bdc33b30088f941fb6082e555f2874c98e20cb159d7b92b50eadfce793?s=96&d=mm&r=g\",\"contentUrl\":\"https:\/\/secure.gravatar.com\/avatar\/7f2c48bdc33b30088f941fb6082e555f2874c98e20cb159d7b92b50eadfce793?s=96&d=mm&r=g\",\"caption\":\"ulises\"},\"sameAs\":[\"http:\/\/www.celttv.com.ar\"]}]}<\/script>\n<!-- \/ Yoast SEO plugin. -->","yoast_head_json":{"title":"LA TELEVISION P\u00daBLICA EN LA COMARCA SERRANA: ESTE MIERCOLES Y JUEVES CON EL PROGRAMA \"VIVO EN ARGENTINA\" (videoentrevistas) - CELTTV","description":"Sitio web de noticias de la localidad de Tornquist, provincia de Buenos Aires, Rep\u00fablica Argentina. Contenido propio originado por periodistas de CELTTV, el canal de TV local de la Cooperativa El\u00e9ctrica de Tornquist. Turismo, Pol\u00edtica, Sociedad, Deporte, Cultura y todo el contenido de inter\u00e9s general que la gente del pueblo y la regi\u00f3n debe conocer.","robots":{"index":"index","follow":"follow","max-snippet":"max-snippet:-1","max-image-preview":"max-image-preview:large","max-video-preview":"max-video-preview:-1"},"canonical":"https:\/\/www.celttv.com.ar\/index.php\/2011\/11\/30\/la-television-publica-en-la-comarca-serrana-este-miercoles-y-jueves-con-el-programa-vivo-en-argentina-videoentrevistas\/","og_locale":"es_ES","og_type":"article","og_title":"LA TELEVISION P\u00daBLICA EN LA COMARCA SERRANA: ESTE MIERCOLES Y JUEVES CON EL PROGRAMA \"VIVO EN ARGENTINA\" (videoentrevistas) - CELTTV","og_description":"Sitio web de noticias de la localidad de Tornquist, provincia de Buenos Aires, Rep\u00fablica Argentina. Contenido propio originado por periodistas de CELTTV, el canal de TV local de la Cooperativa El\u00e9ctrica de Tornquist. Turismo, Pol\u00edtica, Sociedad, Deporte, Cultura y todo el contenido de inter\u00e9s general que la gente del pueblo y la regi\u00f3n debe conocer.","og_url":"https:\/\/www.celttv.com.ar\/index.php\/2011\/11\/30\/la-television-publica-en-la-comarca-serrana-este-miercoles-y-jueves-con-el-programa-vivo-en-argentina-videoentrevistas\/","og_site_name":"CELTTV","article_publisher":"https:\/\/www.facebook.com\/celtTV\/","article_published_time":"2011-11-30T02:05:56+00:00","og_image":[{"url":"http:\/\/www.tvcnoticias.com.ar\/wp-content\/uploads\/2011\/11\/VIVO_EN_ARGENTINA1-Small.jpg"}],"author":"ulises","twitter_card":"summary_large_image","twitter_misc":{"Escrito por":"ulises","Tiempo de lectura":"2 minutos"},"schema":{"@context":"https:\/\/schema.org","@graph":[{"@type":"NewsArticle","@id":"https:\/\/www.celttv.com.ar\/index.php\/2011\/11\/30\/la-television-publica-en-la-comarca-serrana-este-miercoles-y-jueves-con-el-programa-vivo-en-argentina-videoentrevistas\/#article","isPartOf":{"@id":"https:\/\/www.celttv.com.ar\/index.php\/2011\/11\/30\/la-television-publica-en-la-comarca-serrana-este-miercoles-y-jueves-con-el-programa-vivo-en-argentina-videoentrevistas\/"},"author":{"name":"ulises","@id":"https:\/\/www.celttv.com.ar\/#\/schema\/person\/6d99c072dba59953809c81446e9d0ace"},"headline":"LA TELEVISION P\u00daBLICA EN LA COMARCA SERRANA: ESTE MIERCOLES Y JUEVES CON EL PROGRAMA &#8220;VIVO EN ARGENTINA&#8221; (videoentrevistas)","datePublished":"2011-11-30T02:05:56+00:00","dateModified":"2011-11-30T02:05:56+00:00","mainEntityOfPage":{"@id":"https:\/\/www.celttv.com.ar\/index.php\/2011\/11\/30\/la-television-publica-en-la-comarca-serrana-este-miercoles-y-jueves-con-el-programa-vivo-en-argentina-videoentrevistas\/"},"wordCount":390,"commentCount":0,"publisher":{"@id":"https:\/\/www.celttv.com.ar\/#organization"},"articleSection":["Comunidad","Destacadas","Espect\u00e1culos","Pol\u00edtica"],"inLanguage":"es"},{"@type":"WebPage","@id":"https:\/\/www.celttv.com.ar\/index.php\/2011\/11\/30\/la-television-publica-en-la-comarca-serrana-este-miercoles-y-jueves-con-el-programa-vivo-en-argentina-videoentrevistas\/","url":"https:\/\/www.celttv.com.ar\/index.php\/2011\/11\/30\/la-television-publica-en-la-comarca-serrana-este-miercoles-y-jueves-con-el-programa-vivo-en-argentina-videoentrevistas\/","name":"LA TELEVISION P\u00daBLICA EN LA COMARCA SERRANA: ESTE MIERCOLES Y JUEVES CON EL PROGRAMA \"VIVO EN ARGENTINA\" (videoentrevistas) - CELTTV","isPartOf":{"@id":"https:\/\/www.celttv.com.ar\/#website"},"datePublished":"2011-11-30T02:05:56+00:00","dateModified":"2011-11-30T02:05:56+00:00","description":"Sitio web de noticias de la localidad de Tornquist, provincia de Buenos Aires, Rep\u00fablica Argentina. Contenido propio originado por periodistas de CELTTV, el canal de TV local de la Cooperativa El\u00e9ctrica de Tornquist. Turismo, Pol\u00edtica, Sociedad, Deporte, Cultura y todo el contenido de inter\u00e9s general que la gente del pueblo y la regi\u00f3n debe conocer.","breadcrumb":{"@id":"https:\/\/www.celttv.com.ar\/index.php\/2011\/11\/30\/la-television-publica-en-la-comarca-serrana-este-miercoles-y-jueves-con-el-programa-vivo-en-argentina-videoentrevistas\/#breadcrumb"},"inLanguage":"es","potentialAction":[{"@type":"ReadAction","target":["https:\/\/www.celttv.com.ar\/index.php\/2011\/11\/30\/la-television-publica-en-la-comarca-serrana-este-miercoles-y-jueves-con-el-programa-vivo-en-argentina-videoentrevistas\/"]}]},{"@type":"BreadcrumbList","@id":"https:\/\/www.celttv.com.ar\/index.php\/2011\/11\/30\/la-television-publica-en-la-comarca-serrana-este-miercoles-y-jueves-con-el-programa-vivo-en-argentina-videoentrevistas\/#breadcrumb","itemListElement":[{"@type":"ListItem","position":1,"name":"Inicio","item":"https:\/\/www.celttv.com.ar\/"},{"@type":"ListItem","position":2,"name":"LA TELEVISION P\u00daBLICA EN LA COMARCA SERRANA: ESTE MIERCOLES Y JUEVES CON EL PROGRAMA &#8220;VIVO EN ARGENTINA&#8221; (videoentrevistas)"}]},{"@type":"WebSite","@id":"https:\/\/www.celttv.com.ar\/#website","url":"https:\/\/www.celttv.com.ar\/","name":"CELTTV","description":"Cooperativa El\u00e9ctrica de Tornquist","publisher":{"@id":"https:\/\/www.celttv.com.ar\/#organization"},"potentialAction":[{"@type":"SearchAction","target":{"@type":"EntryPoint","urlTemplate":"https:\/\/www.celttv.com.ar\/?s={search_term_string}"},"query-input":"required name=search_term_string"}],"inLanguage":"es"},{"@type":"Organization","@id":"https:\/\/www.celttv.com.ar\/#organization","name":"CELTTV","url":"https:\/\/www.celttv.com.ar\/","sameAs":["https:\/\/www.youtube.com\/channel\/UCz_oIt8Hig64Ub-EmcNPIhg","https:\/\/www.facebook.com\/celtTV\/"],"logo":{"@type":"ImageObject","inLanguage":"es","@id":"https:\/\/www.celttv.com.ar\/#\/schema\/logo\/image\/","url":"http:\/\/www.celttv.com.ar\/wp-content\/uploads\/2022\/08\/logo-1.png","contentUrl":"http:\/\/www.celttv.com.ar\/wp-content\/uploads\/2022\/08\/logo-1.png","width":461,"height":159,"caption":"CELTTV"},"image":{"@id":"https:\/\/www.celttv.com.ar\/#\/schema\/logo\/image\/"}},{"@type":"Person","@id":"https:\/\/www.celttv.com.ar\/#\/schema\/person\/6d99c072dba59953809c81446e9d0ace","name":"ulises","image":{"@type":"ImageObject","inLanguage":"es","@id":"https:\/\/www.celttv.com.ar\/#\/schema\/person\/image\/","url":"https:\/\/secure.gravatar.com\/avatar\/7f2c48bdc33b30088f941fb6082e555f2874c98e20cb159d7b92b50eadfce793?s=96&d=mm&r=g","contentUrl":"https:\/\/secure.gravatar.com\/avatar\/7f2c48bdc33b30088f941fb6082e555f2874c98e20cb159d7b92b50eadfce793?s=96&d=mm&r=g","caption":"ulises"},"sameAs":["http:\/\/www.celttv.com.ar"]}]}},"_links":{"self":[{"href":"https:\/\/www.celttv.com.ar\/index.php\/wp-json\/wp\/v2\/posts\/3464","targetHints":{"allow":["GET"]}}],"collection":[{"href":"https:\/\/www.celttv.com.ar\/index.php\/wp-json\/wp\/v2\/posts"}],"about":[{"href":"https:\/\/www.celttv.com.ar\/index.php\/wp-json\/wp\/v2\/types\/post"}],"author":[{"embeddable":true,"href":"https:\/\/www.celttv.com.ar\/index.php\/wp-json\/wp\/v2\/users\/1"}],"replies":[{"embeddable":true,"href":"https:\/\/www.celttv.com.ar\/index.php\/wp-json\/wp\/v2\/comments?post=3464"}],"version-history":[{"count":0,"href":"https:\/\/www.celttv.com.ar\/index.php\/wp-json\/wp\/v2\/posts\/3464\/revisions"}],"wp:attachment":[{"href":"https:\/\/www.celttv.com.ar\/index.php\/wp-json\/wp\/v2\/media?parent=3464"}],"wp:term":[{"taxonomy":"category","embeddable":true,"href":"https:\/\/www.celttv.com.ar\/index.php\/wp-json\/wp\/v2\/categories?post=3464"},{"taxonomy":"post_tag","embeddable":true,"href":"https:\/\/www.celttv.com.ar\/index.php\/wp-json\/wp\/v2\/tags?post=3464"}],"curies":[{"name":"wp","href":"https:\/\/api.w.org\/{rel}","templated":true}]}}