{"id":3475,"date":"2011-12-01T21:53:25","date_gmt":"2011-12-01T21:53:25","guid":{"rendered":"http:\/\/www.tvcnoticias.com.ar\/?p=3475"},"modified":"2011-12-01T21:53:25","modified_gmt":"2011-12-01T21:53:25","slug":"estado-de-las-gestiones-legales-por-la-reubicacion-de-antenas-de-telefonia-en-sierra-de-la-ventana","status":"publish","type":"post","link":"https:\/\/www.celttv.com.ar\/index.php\/2011\/12\/01\/estado-de-las-gestiones-legales-por-la-reubicacion-de-antenas-de-telefonia-en-sierra-de-la-ventana\/","title":{"rendered":"Estado de las gestiones legales por la reubicaci\u00f3n de antenas de telefon\u00eda en Sierra de la Ventana."},"content":{"rendered":"<p>En la siguiente linea de tiempo extractamos los hechos mas relevantes en relaci\u00f3n a las actividades que se vienen llevando a cabo en nuestra localidad en busca de la reubicaci\u00f3n de todas las antenas de telefon\u00eda celular en una torre comunitaria, la cual se ubicar\u00eda en una zona estrat\u00e9gica y alejada de la poblaci\u00f3n, para que de esta manera se reduzca al m\u00ednimo los riesgos que pueden ocasionar a la salud las radiaciones electromagn\u00e9ticas no ionizantes originadas por estas tecnolog\u00edas.<br \/>\nEl caso puntual de nuestra localidad tiene como agravante que varias instituciones educativas colmadas de ni\u00f1os (Jard\u00edn de Infantes N\u00b0 903 y la Escuela EGB N\u00b0 6) y otras entidades sociales (Unidad Sanitaria \u2013 Correo \u2013 Comisar\u00eda \u2013 Etc.), como as\u00ed tambi\u00e9n hogares de vecinos en general se encuentran a escasos metros de la torre y antena de la empresa AMX \u2013 CLARO (ex CTI) como as\u00ed tambi\u00e9n de otra torre y antena perteneciente a la compa\u00f1\u00eda Telef\u00f3nica.<br \/>\nLa ONG Ambiente Comarca sustenta fundamentalmente este reclamo en el PRINCIPIO PRECAUTORIO, el cual expresa claramente que &#8230;cuando haya peligro de da\u00f1o grave o irreversible la ausencia de informaci\u00f3n o certeza cient\u00edfica no deber\u00e1 utilizarse como raz\u00f3n para postergar la adopci\u00f3n de medidas eficaces&#8230; (Ley General del Ambiente N\u00b0 25.675 &#8211; Art. N\u00b0 4).<br \/>\nYa se termina el ciclo lectivo 2011, faltan pocos d\u00edas, otro a\u00f1o mas pas\u00f3 y las antenas siguen all\u00ed. Nos preguntamos si somos muy optimistas al imaginar un comienzo de clases en el a\u00f1o 2012 sin las antenas de telefon\u00eda celular al lado de los chicos.<br \/>\nGracias por informarse, participar y difundirlo.<br \/>\nONG Ambiente Comarca.<\/p>\n","protected":false},"excerpt":{"rendered":"<p>En la siguiente linea de tiempo extractamos los hechos mas relevantes en relaci\u00f3n a las actividades que se vienen llevando a cabo en nuestra localidad en busca de la reubicaci\u00f3n de todas las antenas de telefon\u00eda celular en una torre comunitaria, la cual se ubicar\u00eda en una zona estrat\u00e9gica y alejada de la poblaci\u00f3n, para [&hellip;]<\/p>\n","protected":false},"author":1,"featured_media":0,"comment_status":"closed","ping_status":"open","sticky":false,"template":"","format":"standard","meta":{"footnotes":""},"categories":[95],"tags":[],"class_list":["post-3475","post","type-post","status-publish","format-standard","hentry","category-opiniones"],"yoast_head":"<!-- This site is optimized with the Yoast SEO plugin v19.7.1 - https:\/\/yoast.com\/wordpress\/plugins\/seo\/ -->\n<title>Estado de las gestiones legales por la reubicaci\u00f3n de antenas de telefon\u00eda en Sierra de la Ventana. - CELTTV<\/title>\n<meta name=\"description\" content=\"Sitio web de noticias de la localidad de Tornquist, provincia de Buenos Aires, Rep\u00fablica Argentina. Contenido propio originado por periodistas de CELTTV, el canal de TV local de la Cooperativa El\u00e9ctrica de Tornquist. Turismo, Pol\u00edtica, Sociedad, Deporte, Cultura y todo el contenido de inter\u00e9s general que la gente del pueblo y la regi\u00f3n debe conocer.\" \/>\n<meta name=\"robots\" content=\"index, follow, max-snippet:-1, max-image-preview:large, max-video-preview:-1\" \/>\n<link rel=\"canonical\" href=\"https:\/\/www.celttv.com.ar\/index.php\/2011\/12\/01\/estado-de-las-gestiones-legales-por-la-reubicacion-de-antenas-de-telefonia-en-sierra-de-la-ventana\/\" \/>\n<meta property=\"og:locale\" content=\"es_ES\" \/>\n<meta property=\"og:type\" content=\"article\" \/>\n<meta property=\"og:title\" content=\"Estado de las gestiones legales por la reubicaci\u00f3n de antenas de telefon\u00eda en Sierra de la Ventana. - CELTTV\" \/>\n<meta property=\"og:description\" content=\"Sitio web de noticias de la localidad de Tornquist, provincia de Buenos Aires, Rep\u00fablica Argentina. Contenido propio originado por periodistas de CELTTV, el canal de TV local de la Cooperativa El\u00e9ctrica de Tornquist. Turismo, Pol\u00edtica, Sociedad, Deporte, Cultura y todo el contenido de inter\u00e9s general que la gente del pueblo y la regi\u00f3n debe conocer.\" \/>\n<meta property=\"og:url\" content=\"https:\/\/www.celttv.com.ar\/index.php\/2011\/12\/01\/estado-de-las-gestiones-legales-por-la-reubicacion-de-antenas-de-telefonia-en-sierra-de-la-ventana\/\" \/>\n<meta property=\"og:site_name\" content=\"CELTTV\" \/>\n<meta property=\"article:publisher\" content=\"https:\/\/www.facebook.com\/celtTV\/\" \/>\n<meta property=\"article:published_time\" content=\"2011-12-01T21:53:25+00:00\" \/>\n<meta name=\"author\" content=\"ulises\" \/>\n<meta name=\"twitter:card\" content=\"summary_large_image\" \/>\n<meta name=\"twitter:label1\" content=\"Escrito por\" \/>\n\t<meta name=\"twitter:data1\" content=\"ulises\" \/>\n\t<meta name=\"twitter:label2\" content=\"Tiempo de lectura\" \/>\n\t<meta name=\"twitter:data2\" content=\"1 minuto\" \/>\n<script type=\"application\/ld+json\" class=\"yoast-schema-graph\">{\"@context\":\"https:\/\/schema.org\",\"@graph\":[{\"@type\":\"NewsArticle\",\"@id\":\"https:\/\/www.celttv.com.ar\/index.php\/2011\/12\/01\/estado-de-las-gestiones-legales-por-la-reubicacion-de-antenas-de-telefonia-en-sierra-de-la-ventana\/#article\",\"isPartOf\":{\"@id\":\"https:\/\/www.celttv.com.ar\/index.php\/2011\/12\/01\/estado-de-las-gestiones-legales-por-la-reubicacion-de-antenas-de-telefonia-en-sierra-de-la-ventana\/\"},\"author\":{\"name\":\"ulises\",\"@id\":\"https:\/\/www.celttv.com.ar\/#\/schema\/person\/6d99c072dba59953809c81446e9d0ace\"},\"headline\":\"Estado de las gestiones legales por la reubicaci\u00f3n de antenas de telefon\u00eda en Sierra de la Ventana.\",\"datePublished\":\"2011-12-01T21:53:25+00:00\",\"dateModified\":\"2011-12-01T21:53:25+00:00\",\"mainEntityOfPage\":{\"@id\":\"https:\/\/www.celttv.com.ar\/index.php\/2011\/12\/01\/estado-de-las-gestiones-legales-por-la-reubicacion-de-antenas-de-telefonia-en-sierra-de-la-ventana\/\"},\"wordCount\":301,\"publisher\":{\"@id\":\"https:\/\/www.celttv.com.ar\/#organization\"},\"articleSection\":[\"Opiniones\"],\"inLanguage\":\"es\"},{\"@type\":\"WebPage\",\"@id\":\"https:\/\/www.celttv.com.ar\/index.php\/2011\/12\/01\/estado-de-las-gestiones-legales-por-la-reubicacion-de-antenas-de-telefonia-en-sierra-de-la-ventana\/\",\"url\":\"https:\/\/www.celttv.com.ar\/index.php\/2011\/12\/01\/estado-de-las-gestiones-legales-por-la-reubicacion-de-antenas-de-telefonia-en-sierra-de-la-ventana\/\",\"name\":\"Estado de las gestiones legales por la reubicaci\u00f3n de antenas de telefon\u00eda en Sierra de la Ventana. - CELTTV\",\"isPartOf\":{\"@id\":\"https:\/\/www.celttv.com.ar\/#website\"},\"datePublished\":\"2011-12-01T21:53:25+00:00\",\"dateModified\":\"2011-12-01T21:53:25+00:00\",\"description\":\"Sitio web de noticias de la localidad de Tornquist, provincia de Buenos Aires, Rep\u00fablica Argentina. Contenido propio originado por periodistas de CELTTV, el canal de TV local de la Cooperativa El\u00e9ctrica de Tornquist. Turismo, Pol\u00edtica, Sociedad, Deporte, Cultura y todo el contenido de inter\u00e9s general que la gente del pueblo y la regi\u00f3n debe conocer.\",\"breadcrumb\":{\"@id\":\"https:\/\/www.celttv.com.ar\/index.php\/2011\/12\/01\/estado-de-las-gestiones-legales-por-la-reubicacion-de-antenas-de-telefonia-en-sierra-de-la-ventana\/#breadcrumb\"},\"inLanguage\":\"es\",\"potentialAction\":[{\"@type\":\"ReadAction\",\"target\":[\"https:\/\/www.celttv.com.ar\/index.php\/2011\/12\/01\/estado-de-las-gestiones-legales-por-la-reubicacion-de-antenas-de-telefonia-en-sierra-de-la-ventana\/\"]}]},{\"@type\":\"BreadcrumbList\",\"@id\":\"https:\/\/www.celttv.com.ar\/index.php\/2011\/12\/01\/estado-de-las-gestiones-legales-por-la-reubicacion-de-antenas-de-telefonia-en-sierra-de-la-ventana\/#breadcrumb\",\"itemListElement\":[{\"@type\":\"ListItem\",\"position\":1,\"name\":\"Inicio\",\"item\":\"https:\/\/www.celttv.com.ar\/\"},{\"@type\":\"ListItem\",\"position\":2,\"name\":\"Estado de las gestiones legales por la reubicaci\u00f3n de antenas de telefon\u00eda en Sierra de la Ventana.\"}]},{\"@type\":\"WebSite\",\"@id\":\"https:\/\/www.celttv.com.ar\/#website\",\"url\":\"https:\/\/www.celttv.com.ar\/\",\"name\":\"CELTTV\",\"description\":\"Cooperativa El\u00e9ctrica de Tornquist\",\"publisher\":{\"@id\":\"https:\/\/www.celttv.com.ar\/#organization\"},\"potentialAction\":[{\"@type\":\"SearchAction\",\"target\":{\"@type\":\"EntryPoint\",\"urlTemplate\":\"https:\/\/www.celttv.com.ar\/?s={search_term_string}\"},\"query-input\":\"required name=search_term_string\"}],\"inLanguage\":\"es\"},{\"@type\":\"Organization\",\"@id\":\"https:\/\/www.celttv.com.ar\/#organization\",\"name\":\"CELTTV\",\"url\":\"https:\/\/www.celttv.com.ar\/\",\"sameAs\":[\"https:\/\/www.youtube.com\/channel\/UCz_oIt8Hig64Ub-EmcNPIhg\",\"https:\/\/www.facebook.com\/celtTV\/\"],\"logo\":{\"@type\":\"ImageObject\",\"inLanguage\":\"es\",\"@id\":\"https:\/\/www.celttv.com.ar\/#\/schema\/logo\/image\/\",\"url\":\"http:\/\/www.celttv.com.ar\/wp-content\/uploads\/2022\/08\/logo-1.png\",\"contentUrl\":\"http:\/\/www.celttv.com.ar\/wp-content\/uploads\/2022\/08\/logo-1.png\",\"width\":461,\"height\":159,\"caption\":\"CELTTV\"},\"image\":{\"@id\":\"https:\/\/www.celttv.com.ar\/#\/schema\/logo\/image\/\"}},{\"@type\":\"Person\",\"@id\":\"https:\/\/www.celttv.com.ar\/#\/schema\/person\/6d99c072dba59953809c81446e9d0ace\",\"name\":\"ulises\",\"image\":{\"@type\":\"ImageObject\",\"inLanguage\":\"es\",\"@id\":\"https:\/\/www.celttv.com.ar\/#\/schema\/person\/image\/\",\"url\":\"https:\/\/secure.gravatar.com\/avatar\/7f2c48bdc33b30088f941fb6082e555f2874c98e20cb159d7b92b50eadfce793?s=96&d=mm&r=g\",\"contentUrl\":\"https:\/\/secure.gravatar.com\/avatar\/7f2c48bdc33b30088f941fb6082e555f2874c98e20cb159d7b92b50eadfce793?s=96&d=mm&r=g\",\"caption\":\"ulises\"},\"sameAs\":[\"http:\/\/www.celttv.com.ar\"]}]}<\/script>\n<!-- \/ Yoast SEO plugin. -->","yoast_head_json":{"title":"Estado de las gestiones legales por la reubicaci\u00f3n de antenas de telefon\u00eda en Sierra de la Ventana. - CELTTV","description":"Sitio web de noticias de la localidad de Tornquist, provincia de Buenos Aires, Rep\u00fablica Argentina. Contenido propio originado por periodistas de CELTTV, el canal de TV local de la Cooperativa El\u00e9ctrica de Tornquist. Turismo, Pol\u00edtica, Sociedad, Deporte, Cultura y todo el contenido de inter\u00e9s general que la gente del pueblo y la regi\u00f3n debe conocer.","robots":{"index":"index","follow":"follow","max-snippet":"max-snippet:-1","max-image-preview":"max-image-preview:large","max-video-preview":"max-video-preview:-1"},"canonical":"https:\/\/www.celttv.com.ar\/index.php\/2011\/12\/01\/estado-de-las-gestiones-legales-por-la-reubicacion-de-antenas-de-telefonia-en-sierra-de-la-ventana\/","og_locale":"es_ES","og_type":"article","og_title":"Estado de las gestiones legales por la reubicaci\u00f3n de antenas de telefon\u00eda en Sierra de la Ventana. - CELTTV","og_description":"Sitio web de noticias de la localidad de Tornquist, provincia de Buenos Aires, Rep\u00fablica Argentina. Contenido propio originado por periodistas de CELTTV, el canal de TV local de la Cooperativa El\u00e9ctrica de Tornquist. Turismo, Pol\u00edtica, Sociedad, Deporte, Cultura y todo el contenido de inter\u00e9s general que la gente del pueblo y la regi\u00f3n debe conocer.","og_url":"https:\/\/www.celttv.com.ar\/index.php\/2011\/12\/01\/estado-de-las-gestiones-legales-por-la-reubicacion-de-antenas-de-telefonia-en-sierra-de-la-ventana\/","og_site_name":"CELTTV","article_publisher":"https:\/\/www.facebook.com\/celtTV\/","article_published_time":"2011-12-01T21:53:25+00:00","author":"ulises","twitter_card":"summary_large_image","twitter_misc":{"Escrito por":"ulises","Tiempo de lectura":"1 minuto"},"schema":{"@context":"https:\/\/schema.org","@graph":[{"@type":"NewsArticle","@id":"https:\/\/www.celttv.com.ar\/index.php\/2011\/12\/01\/estado-de-las-gestiones-legales-por-la-reubicacion-de-antenas-de-telefonia-en-sierra-de-la-ventana\/#article","isPartOf":{"@id":"https:\/\/www.celttv.com.ar\/index.php\/2011\/12\/01\/estado-de-las-gestiones-legales-por-la-reubicacion-de-antenas-de-telefonia-en-sierra-de-la-ventana\/"},"author":{"name":"ulises","@id":"https:\/\/www.celttv.com.ar\/#\/schema\/person\/6d99c072dba59953809c81446e9d0ace"},"headline":"Estado de las gestiones legales por la reubicaci\u00f3n de antenas de telefon\u00eda en Sierra de la Ventana.","datePublished":"2011-12-01T21:53:25+00:00","dateModified":"2011-12-01T21:53:25+00:00","mainEntityOfPage":{"@id":"https:\/\/www.celttv.com.ar\/index.php\/2011\/12\/01\/estado-de-las-gestiones-legales-por-la-reubicacion-de-antenas-de-telefonia-en-sierra-de-la-ventana\/"},"wordCount":301,"publisher":{"@id":"https:\/\/www.celttv.com.ar\/#organization"},"articleSection":["Opiniones"],"inLanguage":"es"},{"@type":"WebPage","@id":"https:\/\/www.celttv.com.ar\/index.php\/2011\/12\/01\/estado-de-las-gestiones-legales-por-la-reubicacion-de-antenas-de-telefonia-en-sierra-de-la-ventana\/","url":"https:\/\/www.celttv.com.ar\/index.php\/2011\/12\/01\/estado-de-las-gestiones-legales-por-la-reubicacion-de-antenas-de-telefonia-en-sierra-de-la-ventana\/","name":"Estado de las gestiones legales por la reubicaci\u00f3n de antenas de telefon\u00eda en Sierra de la Ventana. - CELTTV","isPartOf":{"@id":"https:\/\/www.celttv.com.ar\/#website"},"datePublished":"2011-12-01T21:53:25+00:00","dateModified":"2011-12-01T21:53:25+00:00","description":"Sitio web de noticias de la localidad de Tornquist, provincia de Buenos Aires, Rep\u00fablica Argentina. Contenido propio originado por periodistas de CELTTV, el canal de TV local de la Cooperativa El\u00e9ctrica de Tornquist. Turismo, Pol\u00edtica, Sociedad, Deporte, Cultura y todo el contenido de inter\u00e9s general que la gente del pueblo y la regi\u00f3n debe conocer.","breadcrumb":{"@id":"https:\/\/www.celttv.com.ar\/index.php\/2011\/12\/01\/estado-de-las-gestiones-legales-por-la-reubicacion-de-antenas-de-telefonia-en-sierra-de-la-ventana\/#breadcrumb"},"inLanguage":"es","potentialAction":[{"@type":"ReadAction","target":["https:\/\/www.celttv.com.ar\/index.php\/2011\/12\/01\/estado-de-las-gestiones-legales-por-la-reubicacion-de-antenas-de-telefonia-en-sierra-de-la-ventana\/"]}]},{"@type":"BreadcrumbList","@id":"https:\/\/www.celttv.com.ar\/index.php\/2011\/12\/01\/estado-de-las-gestiones-legales-por-la-reubicacion-de-antenas-de-telefonia-en-sierra-de-la-ventana\/#breadcrumb","itemListElement":[{"@type":"ListItem","position":1,"name":"Inicio","item":"https:\/\/www.celttv.com.ar\/"},{"@type":"ListItem","position":2,"name":"Estado de las gestiones legales por la reubicaci\u00f3n de antenas de telefon\u00eda en Sierra de la Ventana."}]},{"@type":"WebSite","@id":"https:\/\/www.celttv.com.ar\/#website","url":"https:\/\/www.celttv.com.ar\/","name":"CELTTV","description":"Cooperativa El\u00e9ctrica de Tornquist","publisher":{"@id":"https:\/\/www.celttv.com.ar\/#organization"},"potentialAction":[{"@type":"SearchAction","target":{"@type":"EntryPoint","urlTemplate":"https:\/\/www.celttv.com.ar\/?s={search_term_string}"},"query-input":"required name=search_term_string"}],"inLanguage":"es"},{"@type":"Organization","@id":"https:\/\/www.celttv.com.ar\/#organization","name":"CELTTV","url":"https:\/\/www.celttv.com.ar\/","sameAs":["https:\/\/www.youtube.com\/channel\/UCz_oIt8Hig64Ub-EmcNPIhg","https:\/\/www.facebook.com\/celtTV\/"],"logo":{"@type":"ImageObject","inLanguage":"es","@id":"https:\/\/www.celttv.com.ar\/#\/schema\/logo\/image\/","url":"http:\/\/www.celttv.com.ar\/wp-content\/uploads\/2022\/08\/logo-1.png","contentUrl":"http:\/\/www.celttv.com.ar\/wp-content\/uploads\/2022\/08\/logo-1.png","width":461,"height":159,"caption":"CELTTV"},"image":{"@id":"https:\/\/www.celttv.com.ar\/#\/schema\/logo\/image\/"}},{"@type":"Person","@id":"https:\/\/www.celttv.com.ar\/#\/schema\/person\/6d99c072dba59953809c81446e9d0ace","name":"ulises","image":{"@type":"ImageObject","inLanguage":"es","@id":"https:\/\/www.celttv.com.ar\/#\/schema\/person\/image\/","url":"https:\/\/secure.gravatar.com\/avatar\/7f2c48bdc33b30088f941fb6082e555f2874c98e20cb159d7b92b50eadfce793?s=96&d=mm&r=g","contentUrl":"https:\/\/secure.gravatar.com\/avatar\/7f2c48bdc33b30088f941fb6082e555f2874c98e20cb159d7b92b50eadfce793?s=96&d=mm&r=g","caption":"ulises"},"sameAs":["http:\/\/www.celttv.com.ar"]}]}},"_links":{"self":[{"href":"https:\/\/www.celttv.com.ar\/index.php\/wp-json\/wp\/v2\/posts\/3475","targetHints":{"allow":["GET"]}}],"collection":[{"href":"https:\/\/www.celttv.com.ar\/index.php\/wp-json\/wp\/v2\/posts"}],"about":[{"href":"https:\/\/www.celttv.com.ar\/index.php\/wp-json\/wp\/v2\/types\/post"}],"author":[{"embeddable":true,"href":"https:\/\/www.celttv.com.ar\/index.php\/wp-json\/wp\/v2\/users\/1"}],"replies":[{"embeddable":true,"href":"https:\/\/www.celttv.com.ar\/index.php\/wp-json\/wp\/v2\/comments?post=3475"}],"version-history":[{"count":0,"href":"https:\/\/www.celttv.com.ar\/index.php\/wp-json\/wp\/v2\/posts\/3475\/revisions"}],"wp:attachment":[{"href":"https:\/\/www.celttv.com.ar\/index.php\/wp-json\/wp\/v2\/media?parent=3475"}],"wp:term":[{"taxonomy":"category","embeddable":true,"href":"https:\/\/www.celttv.com.ar\/index.php\/wp-json\/wp\/v2\/categories?post=3475"},{"taxonomy":"post_tag","embeddable":true,"href":"https:\/\/www.celttv.com.ar\/index.php\/wp-json\/wp\/v2\/tags?post=3475"}],"curies":[{"name":"wp","href":"https:\/\/api.w.org\/{rel}","templated":true}]}}