{"id":34976,"date":"2018-07-11T21:14:33","date_gmt":"2018-07-11T21:14:33","guid":{"rendered":"http:\/\/www.tvcnoticias.com.ar\/?p=34976"},"modified":"2018-07-11T21:14:33","modified_gmt":"2018-07-11T21:14:33","slug":"liga-regional-de-futbol-tribunal-de-penas-cuatro-fechas-a-nicodemo-sosa","status":"publish","type":"post","link":"https:\/\/www.celttv.com.ar\/index.php\/2018\/07\/11\/liga-regional-de-futbol-tribunal-de-penas-cuatro-fechas-a-nicodemo-sosa\/","title":{"rendered":"Liga Regional de F\u00fatbol \/ Tribunal de Penas: Cuatro fechas a Nicodemo Sosa"},"content":{"rendered":"<p>Doce jugadores llegaron al l\u00edmite de 5 tarjetas amarillas.<\/p>\n<p style=\"font-weight: 400;\">Los 4 partidos de suspensi\u00f3n para Nicodemo Sosa (Deportivo Argentino) se convirti\u00f3 en la principal novedad emanada de la reuni\u00f3n que este martes llev\u00f3 a cabo el Tribunal de Penas de la Liga Regional de F\u00fatbol de Coronel Su\u00e1rez.<\/p>\n<p style=\"font-weight: 400;\">El cuerpo que preside Osvaldo Delgado, en otra resoluci\u00f3n de Primera divisi\u00f3n, sancion\u00f3 en forma provisoria a Lautaro Zapata (Racing Club).<\/p>\n<p style=\"font-weight: 400;\">Por haber llegado al l\u00edmite de 5 tarjetas amarillas recibieron 1 cotejo de inhabilitaci\u00f3n Mart\u00edn Holzmann (Independiente), Braian Olmedo y Gabriel Quintana (Tiro Federal de Villa Belgrano), Bruno Schmidt (Empleados de Comercio), Maximiliano Arce y Cristian Toledo (Deportivo Sarmiento), Guillermo Torraco y Mart\u00edn Schmidt (San Mart\u00edn de Carhu\u00e9), Santiago Cayssials y Bautista Vigouroux (Club Sarmiento), Conrado Mart\u00ednez y Franco Sacomani (Puan F. Club).<\/p>\n<p style=\"font-weight: 400;\">Reserva e inferiores<\/p>\n<p style=\"font-weight: 400;\">En Reserva, la resoluci\u00f3n m\u00e1s severa fue la que le aplicaron a Francisco Vigouroux (Club Sarmiento), quien recibi\u00f3 4 fechas de suspensi\u00f3n.<\/p>\n<p style=\"font-weight: 400;\">Por 1 partido resultaron sancionados Gast\u00f3n Litre (Pe\u00f1arol de Pig\u00fc\u00e9), Luciano Belaunzar\u00e1n y Maximiliano Santerre (ambos de Atl\u00e9tico Huanguel\u00e9n).<\/p>\n<p style=\"font-weight: 400;\">En forma provisoria quedaron inhabilitados Marcos Arriaga (Atl\u00e9tico Huanguel\u00e9n), Agust\u00edn Mousegne y Juan Correa (los dos de Pe\u00f1arol de Guamin\u00ed).<\/p>\n<p style=\"font-weight: 400;\">En divisiones inferiores, en tanto, recibieron 1 encuentro Bruno Masiero (5\u00aa de Empleados de Comercio), Enzo Gra\u00f1a (5\u00aa de Atl\u00e9tico Huanguel\u00e9n) y Braian Rodr\u00edguez (6\u00aa de San Mart\u00edn de Santa Trinidad).<a href=\"http:\/\/www.tvcnoticias.com.ar\/?attachment_id=34977\" rel=\"attachment wp-att-34977\"><img loading=\"lazy\" decoding=\"async\" class=\"alignleft size-full wp-image-34977\" src=\"http:\/\/www.tvcnoticias.com.ar\/wp-content\/uploads\/2018\/07\/tarjeta_roja_734468955.jpg\" alt=\"\" width=\"690\" height=\"459\" srcset=\"https:\/\/www.celttv.com.ar\/wp-content\/uploads\/2018\/07\/tarjeta_roja_734468955.jpg 690w, https:\/\/www.celttv.com.ar\/wp-content\/uploads\/2018\/07\/tarjeta_roja_734468955-300x200.jpg 300w\" sizes=\"auto, (max-width: 690px) 100vw, 690px\" \/><\/a><\/p>\n","protected":false},"excerpt":{"rendered":"<p>Doce jugadores llegaron al l\u00edmite de 5 tarjetas amarillas. Los 4 partidos de suspensi\u00f3n para Nicodemo Sosa (Deportivo Argentino) se convirti\u00f3 en la principal novedad emanada de la reuni\u00f3n que este martes llev\u00f3 a cabo el Tribunal de Penas de la Liga Regional de F\u00fatbol de Coronel Su\u00e1rez. El cuerpo que preside Osvaldo Delgado, en [&hellip;]<\/p>\n","protected":false},"author":1,"featured_media":34977,"comment_status":"closed","ping_status":"open","sticky":false,"template":"","format":"standard","meta":{"footnotes":""},"categories":[51,60,63],"tags":[],"class_list":["post-34976","post","type-post","status-publish","format-standard","has-post-thumbnail","hentry","category-comunidad","category-deporte","category-magazine-sport"],"yoast_head":"<!-- This site is optimized with the Yoast SEO plugin v19.7.1 - https:\/\/yoast.com\/wordpress\/plugins\/seo\/ -->\n<title>Liga Regional de F\u00fatbol \/ Tribunal de Penas: Cuatro fechas a Nicodemo Sosa - CELTTV<\/title>\n<meta name=\"description\" content=\"Sitio web de noticias de la localidad de Tornquist, provincia de Buenos Aires, Rep\u00fablica Argentina. Contenido propio originado por periodistas de CELTTV, el canal de TV local de la Cooperativa El\u00e9ctrica de Tornquist. Turismo, Pol\u00edtica, Sociedad, Deporte, Cultura y todo el contenido de inter\u00e9s general que la gente del pueblo y la regi\u00f3n debe conocer.\" \/>\n<meta name=\"robots\" content=\"index, follow, max-snippet:-1, max-image-preview:large, max-video-preview:-1\" \/>\n<link rel=\"canonical\" href=\"https:\/\/www.celttv.com.ar\/index.php\/2018\/07\/11\/liga-regional-de-futbol-tribunal-de-penas-cuatro-fechas-a-nicodemo-sosa\/\" \/>\n<meta property=\"og:locale\" content=\"es_ES\" \/>\n<meta property=\"og:type\" content=\"article\" \/>\n<meta property=\"og:title\" content=\"Liga Regional de F\u00fatbol \/ Tribunal de Penas: Cuatro fechas a Nicodemo Sosa - CELTTV\" \/>\n<meta property=\"og:description\" content=\"Sitio web de noticias de la localidad de Tornquist, provincia de Buenos Aires, Rep\u00fablica Argentina. Contenido propio originado por periodistas de CELTTV, el canal de TV local de la Cooperativa El\u00e9ctrica de Tornquist. Turismo, Pol\u00edtica, Sociedad, Deporte, Cultura y todo el contenido de inter\u00e9s general que la gente del pueblo y la regi\u00f3n debe conocer.\" \/>\n<meta property=\"og:url\" content=\"https:\/\/www.celttv.com.ar\/index.php\/2018\/07\/11\/liga-regional-de-futbol-tribunal-de-penas-cuatro-fechas-a-nicodemo-sosa\/\" \/>\n<meta property=\"og:site_name\" content=\"CELTTV\" \/>\n<meta property=\"article:publisher\" content=\"https:\/\/www.facebook.com\/celtTV\/\" \/>\n<meta property=\"article:published_time\" content=\"2018-07-11T21:14:33+00:00\" \/>\n<meta property=\"og:image\" content=\"https:\/\/www.celttv.com.ar\/wp-content\/uploads\/2018\/07\/tarjeta_roja_734468955.jpg\" \/>\n\t<meta property=\"og:image:width\" content=\"690\" \/>\n\t<meta property=\"og:image:height\" content=\"459\" \/>\n\t<meta property=\"og:image:type\" content=\"image\/jpeg\" \/>\n<meta name=\"author\" content=\"ulises\" \/>\n<meta name=\"twitter:card\" content=\"summary_large_image\" \/>\n<meta name=\"twitter:label1\" content=\"Escrito por\" \/>\n\t<meta name=\"twitter:data1\" content=\"ulises\" \/>\n\t<meta name=\"twitter:label2\" content=\"Tiempo de lectura\" \/>\n\t<meta name=\"twitter:data2\" content=\"1 minuto\" \/>\n<script type=\"application\/ld+json\" class=\"yoast-schema-graph\">{\"@context\":\"https:\/\/schema.org\",\"@graph\":[{\"@type\":\"NewsArticle\",\"@id\":\"https:\/\/www.celttv.com.ar\/index.php\/2018\/07\/11\/liga-regional-de-futbol-tribunal-de-penas-cuatro-fechas-a-nicodemo-sosa\/#article\",\"isPartOf\":{\"@id\":\"https:\/\/www.celttv.com.ar\/index.php\/2018\/07\/11\/liga-regional-de-futbol-tribunal-de-penas-cuatro-fechas-a-nicodemo-sosa\/\"},\"author\":{\"name\":\"ulises\",\"@id\":\"https:\/\/www.celttv.com.ar\/#\/schema\/person\/6d99c072dba59953809c81446e9d0ace\"},\"headline\":\"Liga Regional de F\u00fatbol \/ Tribunal de Penas: Cuatro fechas a Nicodemo Sosa\",\"datePublished\":\"2018-07-11T21:14:33+00:00\",\"dateModified\":\"2018-07-11T21:14:33+00:00\",\"mainEntityOfPage\":{\"@id\":\"https:\/\/www.celttv.com.ar\/index.php\/2018\/07\/11\/liga-regional-de-futbol-tribunal-de-penas-cuatro-fechas-a-nicodemo-sosa\/\"},\"wordCount\":260,\"publisher\":{\"@id\":\"https:\/\/www.celttv.com.ar\/#organization\"},\"articleSection\":[\"Comunidad\",\"Deporte\",\"Magazine Sport\"],\"inLanguage\":\"es\"},{\"@type\":\"WebPage\",\"@id\":\"https:\/\/www.celttv.com.ar\/index.php\/2018\/07\/11\/liga-regional-de-futbol-tribunal-de-penas-cuatro-fechas-a-nicodemo-sosa\/\",\"url\":\"https:\/\/www.celttv.com.ar\/index.php\/2018\/07\/11\/liga-regional-de-futbol-tribunal-de-penas-cuatro-fechas-a-nicodemo-sosa\/\",\"name\":\"Liga Regional de F\u00fatbol \/ Tribunal de Penas: Cuatro fechas a Nicodemo Sosa - CELTTV\",\"isPartOf\":{\"@id\":\"https:\/\/www.celttv.com.ar\/#website\"},\"datePublished\":\"2018-07-11T21:14:33+00:00\",\"dateModified\":\"2018-07-11T21:14:33+00:00\",\"description\":\"Sitio web de noticias de la localidad de Tornquist, provincia de Buenos Aires, Rep\u00fablica Argentina. Contenido propio originado por periodistas de CELTTV, el canal de TV local de la Cooperativa El\u00e9ctrica de Tornquist. Turismo, Pol\u00edtica, Sociedad, Deporte, Cultura y todo el contenido de inter\u00e9s general que la gente del pueblo y la regi\u00f3n debe conocer.\",\"breadcrumb\":{\"@id\":\"https:\/\/www.celttv.com.ar\/index.php\/2018\/07\/11\/liga-regional-de-futbol-tribunal-de-penas-cuatro-fechas-a-nicodemo-sosa\/#breadcrumb\"},\"inLanguage\":\"es\",\"potentialAction\":[{\"@type\":\"ReadAction\",\"target\":[\"https:\/\/www.celttv.com.ar\/index.php\/2018\/07\/11\/liga-regional-de-futbol-tribunal-de-penas-cuatro-fechas-a-nicodemo-sosa\/\"]}]},{\"@type\":\"BreadcrumbList\",\"@id\":\"https:\/\/www.celttv.com.ar\/index.php\/2018\/07\/11\/liga-regional-de-futbol-tribunal-de-penas-cuatro-fechas-a-nicodemo-sosa\/#breadcrumb\",\"itemListElement\":[{\"@type\":\"ListItem\",\"position\":1,\"name\":\"Inicio\",\"item\":\"https:\/\/www.celttv.com.ar\/\"},{\"@type\":\"ListItem\",\"position\":2,\"name\":\"Liga Regional de F\u00fatbol \/ Tribunal de Penas: Cuatro fechas a Nicodemo Sosa\"}]},{\"@type\":\"WebSite\",\"@id\":\"https:\/\/www.celttv.com.ar\/#website\",\"url\":\"https:\/\/www.celttv.com.ar\/\",\"name\":\"CELTTV\",\"description\":\"Cooperativa El\u00e9ctrica de Tornquist\",\"publisher\":{\"@id\":\"https:\/\/www.celttv.com.ar\/#organization\"},\"potentialAction\":[{\"@type\":\"SearchAction\",\"target\":{\"@type\":\"EntryPoint\",\"urlTemplate\":\"https:\/\/www.celttv.com.ar\/?s={search_term_string}\"},\"query-input\":\"required name=search_term_string\"}],\"inLanguage\":\"es\"},{\"@type\":\"Organization\",\"@id\":\"https:\/\/www.celttv.com.ar\/#organization\",\"name\":\"CELTTV\",\"url\":\"https:\/\/www.celttv.com.ar\/\",\"sameAs\":[\"https:\/\/www.youtube.com\/channel\/UCz_oIt8Hig64Ub-EmcNPIhg\",\"https:\/\/www.facebook.com\/celtTV\/\"],\"logo\":{\"@type\":\"ImageObject\",\"inLanguage\":\"es\",\"@id\":\"https:\/\/www.celttv.com.ar\/#\/schema\/logo\/image\/\",\"url\":\"http:\/\/www.celttv.com.ar\/wp-content\/uploads\/2022\/08\/logo-1.png\",\"contentUrl\":\"http:\/\/www.celttv.com.ar\/wp-content\/uploads\/2022\/08\/logo-1.png\",\"width\":461,\"height\":159,\"caption\":\"CELTTV\"},\"image\":{\"@id\":\"https:\/\/www.celttv.com.ar\/#\/schema\/logo\/image\/\"}},{\"@type\":\"Person\",\"@id\":\"https:\/\/www.celttv.com.ar\/#\/schema\/person\/6d99c072dba59953809c81446e9d0ace\",\"name\":\"ulises\",\"image\":{\"@type\":\"ImageObject\",\"inLanguage\":\"es\",\"@id\":\"https:\/\/www.celttv.com.ar\/#\/schema\/person\/image\/\",\"url\":\"https:\/\/secure.gravatar.com\/avatar\/7f2c48bdc33b30088f941fb6082e555f2874c98e20cb159d7b92b50eadfce793?s=96&d=mm&r=g\",\"contentUrl\":\"https:\/\/secure.gravatar.com\/avatar\/7f2c48bdc33b30088f941fb6082e555f2874c98e20cb159d7b92b50eadfce793?s=96&d=mm&r=g\",\"caption\":\"ulises\"},\"sameAs\":[\"http:\/\/www.celttv.com.ar\"]}]}<\/script>\n<!-- \/ Yoast SEO plugin. -->","yoast_head_json":{"title":"Liga Regional de F\u00fatbol \/ Tribunal de Penas: Cuatro fechas a Nicodemo Sosa - CELTTV","description":"Sitio web de noticias de la localidad de Tornquist, provincia de Buenos Aires, Rep\u00fablica Argentina. Contenido propio originado por periodistas de CELTTV, el canal de TV local de la Cooperativa El\u00e9ctrica de Tornquist. Turismo, Pol\u00edtica, Sociedad, Deporte, Cultura y todo el contenido de inter\u00e9s general que la gente del pueblo y la regi\u00f3n debe conocer.","robots":{"index":"index","follow":"follow","max-snippet":"max-snippet:-1","max-image-preview":"max-image-preview:large","max-video-preview":"max-video-preview:-1"},"canonical":"https:\/\/www.celttv.com.ar\/index.php\/2018\/07\/11\/liga-regional-de-futbol-tribunal-de-penas-cuatro-fechas-a-nicodemo-sosa\/","og_locale":"es_ES","og_type":"article","og_title":"Liga Regional de F\u00fatbol \/ Tribunal de Penas: Cuatro fechas a Nicodemo Sosa - CELTTV","og_description":"Sitio web de noticias de la localidad de Tornquist, provincia de Buenos Aires, Rep\u00fablica Argentina. Contenido propio originado por periodistas de CELTTV, el canal de TV local de la Cooperativa El\u00e9ctrica de Tornquist. Turismo, Pol\u00edtica, Sociedad, Deporte, Cultura y todo el contenido de inter\u00e9s general que la gente del pueblo y la regi\u00f3n debe conocer.","og_url":"https:\/\/www.celttv.com.ar\/index.php\/2018\/07\/11\/liga-regional-de-futbol-tribunal-de-penas-cuatro-fechas-a-nicodemo-sosa\/","og_site_name":"CELTTV","article_publisher":"https:\/\/www.facebook.com\/celtTV\/","article_published_time":"2018-07-11T21:14:33+00:00","og_image":[{"width":690,"height":459,"url":"https:\/\/www.celttv.com.ar\/wp-content\/uploads\/2018\/07\/tarjeta_roja_734468955.jpg","type":"image\/jpeg"}],"author":"ulises","twitter_card":"summary_large_image","twitter_misc":{"Escrito por":"ulises","Tiempo de lectura":"1 minuto"},"schema":{"@context":"https:\/\/schema.org","@graph":[{"@type":"NewsArticle","@id":"https:\/\/www.celttv.com.ar\/index.php\/2018\/07\/11\/liga-regional-de-futbol-tribunal-de-penas-cuatro-fechas-a-nicodemo-sosa\/#article","isPartOf":{"@id":"https:\/\/www.celttv.com.ar\/index.php\/2018\/07\/11\/liga-regional-de-futbol-tribunal-de-penas-cuatro-fechas-a-nicodemo-sosa\/"},"author":{"name":"ulises","@id":"https:\/\/www.celttv.com.ar\/#\/schema\/person\/6d99c072dba59953809c81446e9d0ace"},"headline":"Liga Regional de F\u00fatbol \/ Tribunal de Penas: Cuatro fechas a Nicodemo Sosa","datePublished":"2018-07-11T21:14:33+00:00","dateModified":"2018-07-11T21:14:33+00:00","mainEntityOfPage":{"@id":"https:\/\/www.celttv.com.ar\/index.php\/2018\/07\/11\/liga-regional-de-futbol-tribunal-de-penas-cuatro-fechas-a-nicodemo-sosa\/"},"wordCount":260,"publisher":{"@id":"https:\/\/www.celttv.com.ar\/#organization"},"articleSection":["Comunidad","Deporte","Magazine Sport"],"inLanguage":"es"},{"@type":"WebPage","@id":"https:\/\/www.celttv.com.ar\/index.php\/2018\/07\/11\/liga-regional-de-futbol-tribunal-de-penas-cuatro-fechas-a-nicodemo-sosa\/","url":"https:\/\/www.celttv.com.ar\/index.php\/2018\/07\/11\/liga-regional-de-futbol-tribunal-de-penas-cuatro-fechas-a-nicodemo-sosa\/","name":"Liga Regional de F\u00fatbol \/ Tribunal de Penas: Cuatro fechas a Nicodemo Sosa - CELTTV","isPartOf":{"@id":"https:\/\/www.celttv.com.ar\/#website"},"datePublished":"2018-07-11T21:14:33+00:00","dateModified":"2018-07-11T21:14:33+00:00","description":"Sitio web de noticias de la localidad de Tornquist, provincia de Buenos Aires, Rep\u00fablica Argentina. Contenido propio originado por periodistas de CELTTV, el canal de TV local de la Cooperativa El\u00e9ctrica de Tornquist. Turismo, Pol\u00edtica, Sociedad, Deporte, Cultura y todo el contenido de inter\u00e9s general que la gente del pueblo y la regi\u00f3n debe conocer.","breadcrumb":{"@id":"https:\/\/www.celttv.com.ar\/index.php\/2018\/07\/11\/liga-regional-de-futbol-tribunal-de-penas-cuatro-fechas-a-nicodemo-sosa\/#breadcrumb"},"inLanguage":"es","potentialAction":[{"@type":"ReadAction","target":["https:\/\/www.celttv.com.ar\/index.php\/2018\/07\/11\/liga-regional-de-futbol-tribunal-de-penas-cuatro-fechas-a-nicodemo-sosa\/"]}]},{"@type":"BreadcrumbList","@id":"https:\/\/www.celttv.com.ar\/index.php\/2018\/07\/11\/liga-regional-de-futbol-tribunal-de-penas-cuatro-fechas-a-nicodemo-sosa\/#breadcrumb","itemListElement":[{"@type":"ListItem","position":1,"name":"Inicio","item":"https:\/\/www.celttv.com.ar\/"},{"@type":"ListItem","position":2,"name":"Liga Regional de F\u00fatbol \/ Tribunal de Penas: Cuatro fechas a Nicodemo Sosa"}]},{"@type":"WebSite","@id":"https:\/\/www.celttv.com.ar\/#website","url":"https:\/\/www.celttv.com.ar\/","name":"CELTTV","description":"Cooperativa El\u00e9ctrica de Tornquist","publisher":{"@id":"https:\/\/www.celttv.com.ar\/#organization"},"potentialAction":[{"@type":"SearchAction","target":{"@type":"EntryPoint","urlTemplate":"https:\/\/www.celttv.com.ar\/?s={search_term_string}"},"query-input":"required name=search_term_string"}],"inLanguage":"es"},{"@type":"Organization","@id":"https:\/\/www.celttv.com.ar\/#organization","name":"CELTTV","url":"https:\/\/www.celttv.com.ar\/","sameAs":["https:\/\/www.youtube.com\/channel\/UCz_oIt8Hig64Ub-EmcNPIhg","https:\/\/www.facebook.com\/celtTV\/"],"logo":{"@type":"ImageObject","inLanguage":"es","@id":"https:\/\/www.celttv.com.ar\/#\/schema\/logo\/image\/","url":"http:\/\/www.celttv.com.ar\/wp-content\/uploads\/2022\/08\/logo-1.png","contentUrl":"http:\/\/www.celttv.com.ar\/wp-content\/uploads\/2022\/08\/logo-1.png","width":461,"height":159,"caption":"CELTTV"},"image":{"@id":"https:\/\/www.celttv.com.ar\/#\/schema\/logo\/image\/"}},{"@type":"Person","@id":"https:\/\/www.celttv.com.ar\/#\/schema\/person\/6d99c072dba59953809c81446e9d0ace","name":"ulises","image":{"@type":"ImageObject","inLanguage":"es","@id":"https:\/\/www.celttv.com.ar\/#\/schema\/person\/image\/","url":"https:\/\/secure.gravatar.com\/avatar\/7f2c48bdc33b30088f941fb6082e555f2874c98e20cb159d7b92b50eadfce793?s=96&d=mm&r=g","contentUrl":"https:\/\/secure.gravatar.com\/avatar\/7f2c48bdc33b30088f941fb6082e555f2874c98e20cb159d7b92b50eadfce793?s=96&d=mm&r=g","caption":"ulises"},"sameAs":["http:\/\/www.celttv.com.ar"]}]}},"_links":{"self":[{"href":"https:\/\/www.celttv.com.ar\/index.php\/wp-json\/wp\/v2\/posts\/34976","targetHints":{"allow":["GET"]}}],"collection":[{"href":"https:\/\/www.celttv.com.ar\/index.php\/wp-json\/wp\/v2\/posts"}],"about":[{"href":"https:\/\/www.celttv.com.ar\/index.php\/wp-json\/wp\/v2\/types\/post"}],"author":[{"embeddable":true,"href":"https:\/\/www.celttv.com.ar\/index.php\/wp-json\/wp\/v2\/users\/1"}],"replies":[{"embeddable":true,"href":"https:\/\/www.celttv.com.ar\/index.php\/wp-json\/wp\/v2\/comments?post=34976"}],"version-history":[{"count":0,"href":"https:\/\/www.celttv.com.ar\/index.php\/wp-json\/wp\/v2\/posts\/34976\/revisions"}],"wp:featuredmedia":[{"embeddable":true,"href":"https:\/\/www.celttv.com.ar\/index.php\/wp-json\/wp\/v2\/media\/34977"}],"wp:attachment":[{"href":"https:\/\/www.celttv.com.ar\/index.php\/wp-json\/wp\/v2\/media?parent=34976"}],"wp:term":[{"taxonomy":"category","embeddable":true,"href":"https:\/\/www.celttv.com.ar\/index.php\/wp-json\/wp\/v2\/categories?post=34976"},{"taxonomy":"post_tag","embeddable":true,"href":"https:\/\/www.celttv.com.ar\/index.php\/wp-json\/wp\/v2\/tags?post=34976"}],"curies":[{"name":"wp","href":"https:\/\/api.w.org\/{rel}","templated":true}]}}