{"id":35898,"date":"2018-08-12T22:46:11","date_gmt":"2018-08-12T22:46:11","guid":{"rendered":"http:\/\/www.celttv.com.ar\/?p=35898"},"modified":"2018-08-12T22:46:11","modified_gmt":"2018-08-12T22:46:11","slug":"el-verde-a-la-final","status":"publish","type":"post","link":"https:\/\/www.celttv.com.ar\/index.php\/2018\/08\/12\/el-verde-a-la-final\/","title":{"rendered":"EL VERDE A LA FINAL"},"content":{"rendered":"<p>Uni\u00f3n venci\u00f3 por penales a Deportivo Sarmiento y jugar\u00e1 la final de cruces frente a Racing de Carhu\u00e9. En el tiempo reglamentario fue igualdad 1 a 1. Gustavo Schilereff abri\u00f3 la cuenta para el \u201cDepor\u201d con un golazo, igual\u00f3 Esteban Angelini para los de Graff.<br \/>\nEn un partido muy trabado y poco jugado, el empate en tiempo reglamentario fue justo y la llave se defini\u00f3 por penales.<br \/>\nQuiz\u00e1s fue el verde quien quiso un poco m\u00e1s pero al fin y al cabo la parda fue lo m\u00e1s justo.<br \/>\nEl primer tiempo fue pobre, con un Uni\u00f3n que intent\u00f3 un poco m\u00e1s que el \u201cDepor\u201d. Los tiros de media distancia fueron la opci\u00f3n m\u00e1s buscada frente a dos defensas casi impenetrables.<br \/>\nEn el segundo tiempo y desde temprano, Deportivo Sarmiento sali\u00f3 a buscar la ventaja. A los dos minutos se salv\u00f3 Uni\u00f3n despu\u00e9s de una jugada con unos cuantos rebotes y dos minutos despu\u00e9s lleg\u00f3 la apertura del marcador.<br \/>\n<strong>Gustavo Schilereff<\/strong> tom\u00f3 la pelota afuera del \u00e1rea, recostado sobre la banda izquierda y sac\u00f3 un derechazo que se le meti\u00f3 en el segundo palo a Stefanof, pr\u00e1cticamente al \u00e1ngulo, inatajable para el arquero.<br \/>\nAll\u00ed los de Odriozola pudieron ampliar pero la mira la tuvo desviada.<br \/>\nA los 17 minutos la igualdad. Tiro libre desde la derecha de Correa, falla Bauer y la bola le queda a <strong>Esteban Angelini<\/strong> que bien despierto la mand\u00f3 a guardad.<br \/>\nDe all\u00ed en m\u00e1s los dos se cuidaron m\u00e1s de la cuenta y el partido fue derechito a los penales.<br \/>\nEn los tiros desde los doce pasos prevaleci\u00f3 Uni\u00f3n por 4 a 2. Para el \u201cVerde\u201d anotaron Angelini, Schmidt, Loffredo y Sotelo. A Correa se lo ataj\u00f3 Bauer. En el \u201cDepor\u201d marcaron Hern\u00e1ndez y Jos\u00e9, Cendra estrell\u00f3 su disparo en el travesa\u00f1o y a Ruffa se lo ataj\u00f3 Stefanof.<br \/>\nAhora Uni\u00f3n se medir\u00e1 en la final de cruces frente a Racing de Carhu\u00e9 quien tambi\u00e9n venci\u00f3 por penales a Pe\u00f1arol de Pig\u00fc\u00e9.<br \/>\n<em>Gustavo Bacci<\/em><br \/>\n<strong>Dep. Sarmiento:<\/strong> Mat\u00edas Bauer; Jes\u00fas Jos\u00e9, Cristian Hernandez, Thom\u00e1s Schroh, Maximiliano Arce; Juan Seewald, Santiago Fern\u00e1ndez, Cristian Palacio, Gonzalo Cendra; Gustavo Schilereff, Carlos Navarro. DT: Carlos Odriozola.<br \/>\n<u>Cambios:<\/u> ST: 12\u2019 Gonzalo Gayoso por Seewald, 36\u2019 Braian Ruffa por Schilereff.<br \/>\n<u>Supl:<\/u> Mat\u00edas Carricajo, Cristian Toledo y Juan Moreno.<br \/>\n<strong>Uni\u00f3n:<\/strong> Juan Manuel Stefanof; Federico Franco, Jos\u00e9 Luis Teysseyre, Sebasti\u00e1n Callava, Hern\u00e1n Delgado; Juan Heiland, Tom\u00e1s Terrugi, Lucas Sotelo, Ezequiel Schmidt; Joaqu\u00edn Correa, Esteban Angelini. DT: Carlos Graff.<br \/>\n<u>Cambios:<\/u> ST: 29\u2019 Fernando Salazar por Heiland, 47\u2019 Juan Loffredo por Franco.<br \/>\n<u>Supl:<\/u> Adri\u00e1n Buoncompagni, Mat\u00edas Fritz y Edgar Sanabria.<br \/>\n<u>Goles:<\/u> ST: 4\u2019 Gustavo Schilereff (DS), 17\u2019 Esteban Angelini (U).<br \/>\n<u>Penales:<\/u> Para Dep. Sarmiento anotaron Hern\u00e1ndez y Jos\u00e9, Centra estrell\u00f3 su disparo en el travesa\u00f1o y a Ruffa se lo ataj\u00f3 Stefanof. Para Uni\u00f3n marcaron Angelini, Schmidt, Loffredo y Sotelo. A Correa se lo ataj\u00f3 Buer.<br \/>\n<u>\u00c1rbitro:<\/u> Lucas Jara (7) de Olavarr\u00eda<br \/>\n<u>Cancha:<\/u> Estadio 19 de Marzo de Pe\u00f1arol de Pig\u00fc\u00e9<br \/>\n<a href=\"https:\/\/www.facebook.com\/pg\/solofutbolcanal2\/photos\/?tab=album&amp;album_id=879782545564270\" target=\"_blank\" rel=\"noopener\">\u00c1lbum de Fotos: Solo F\u00fatbol<\/a><br \/>\n<a href=\"http:\/\/www.celttv.com.ar\/?attachment_id=35899\" rel=\"attachment wp-att-35899\"><img loading=\"lazy\" decoding=\"async\" class=\"alignleft size-medium wp-image-35899\" src=\"http:\/\/www.celttv.com.ar\/wp-content\/uploads\/2018\/08\/DSC_0720-780x520.jpg\" alt=\"\" width=\"780\" height=\"520\" \/><\/a> <a href=\"http:\/\/www.celttv.com.ar\/?attachment_id=35900\" rel=\"attachment wp-att-35900\"><img loading=\"lazy\" decoding=\"async\" class=\"alignleft size-medium wp-image-35900\" src=\"http:\/\/www.celttv.com.ar\/wp-content\/uploads\/2018\/08\/DSC_0723-780x520.jpg\" alt=\"\" width=\"780\" height=\"520\" \/><\/a> <a href=\"http:\/\/www.celttv.com.ar\/?attachment_id=35901\" rel=\"attachment wp-att-35901\"><img loading=\"lazy\" decoding=\"async\" class=\"alignleft size-medium wp-image-35901\" src=\"http:\/\/www.celttv.com.ar\/wp-content\/uploads\/2018\/08\/DSC_0726-780x520.jpg\" alt=\"\" width=\"780\" height=\"520\" \/><\/a><\/p>\n","protected":false},"excerpt":{"rendered":"<p>Uni\u00f3n venci\u00f3 por penales a Deportivo Sarmiento y jugar\u00e1 la final de cruces frente a Racing de Carhu\u00e9. En el tiempo reglamentario fue igualdad 1 a 1. Gustavo Schilereff abri\u00f3 la cuenta para el \u201cDepor\u201d con un golazo, igual\u00f3 Esteban Angelini para los de Graff. En un partido muy trabado y poco jugado, el empate [&hellip;]<\/p>\n","protected":false},"author":1,"featured_media":35901,"comment_status":"closed","ping_status":"open","sticky":false,"template":"","format":"standard","meta":{"footnotes":""},"categories":[60,76],"tags":[],"class_list":["post-35898","post","type-post","status-publish","format-standard","has-post-thumbnail","hentry","category-deporte","category-solo-futbol"],"yoast_head":"<!-- This site is optimized with the Yoast SEO plugin v19.7.1 - https:\/\/yoast.com\/wordpress\/plugins\/seo\/ -->\n<title>EL VERDE A LA FINAL - CELTTV<\/title>\n<meta name=\"description\" content=\"Sitio web de noticias de la localidad de Tornquist, provincia de Buenos Aires, Rep\u00fablica Argentina. Contenido propio originado por periodistas de CELTTV, el canal de TV local de la Cooperativa El\u00e9ctrica de Tornquist. Turismo, Pol\u00edtica, Sociedad, Deporte, Cultura y todo el contenido de inter\u00e9s general que la gente del pueblo y la regi\u00f3n debe conocer.\" \/>\n<meta name=\"robots\" content=\"index, follow, max-snippet:-1, max-image-preview:large, max-video-preview:-1\" \/>\n<link rel=\"canonical\" href=\"https:\/\/www.celttv.com.ar\/index.php\/2018\/08\/12\/el-verde-a-la-final\/\" \/>\n<meta property=\"og:locale\" content=\"es_ES\" \/>\n<meta property=\"og:type\" content=\"article\" \/>\n<meta property=\"og:title\" content=\"EL VERDE A LA FINAL - CELTTV\" \/>\n<meta property=\"og:description\" content=\"Sitio web de noticias de la localidad de Tornquist, provincia de Buenos Aires, Rep\u00fablica Argentina. Contenido propio originado por periodistas de CELTTV, el canal de TV local de la Cooperativa El\u00e9ctrica de Tornquist. Turismo, Pol\u00edtica, Sociedad, Deporte, Cultura y todo el contenido de inter\u00e9s general que la gente del pueblo y la regi\u00f3n debe conocer.\" \/>\n<meta property=\"og:url\" content=\"https:\/\/www.celttv.com.ar\/index.php\/2018\/08\/12\/el-verde-a-la-final\/\" \/>\n<meta property=\"og:site_name\" content=\"CELTTV\" \/>\n<meta property=\"article:publisher\" content=\"https:\/\/www.facebook.com\/celtTV\/\" \/>\n<meta property=\"article:published_time\" content=\"2018-08-12T22:46:11+00:00\" \/>\n<meta property=\"og:image\" content=\"https:\/\/www.celttv.com.ar\/wp-content\/uploads\/2018\/08\/DSC_0726.jpg\" \/>\n\t<meta property=\"og:image:width\" content=\"960\" \/>\n\t<meta property=\"og:image:height\" content=\"640\" \/>\n\t<meta property=\"og:image:type\" content=\"image\/jpeg\" \/>\n<meta name=\"author\" content=\"ulises\" \/>\n<meta name=\"twitter:card\" content=\"summary_large_image\" \/>\n<meta name=\"twitter:label1\" content=\"Escrito por\" \/>\n\t<meta name=\"twitter:data1\" content=\"ulises\" \/>\n\t<meta name=\"twitter:label2\" content=\"Tiempo de lectura\" \/>\n\t<meta name=\"twitter:data2\" content=\"3 minutos\" \/>\n<script type=\"application\/ld+json\" class=\"yoast-schema-graph\">{\"@context\":\"https:\/\/schema.org\",\"@graph\":[{\"@type\":\"NewsArticle\",\"@id\":\"https:\/\/www.celttv.com.ar\/index.php\/2018\/08\/12\/el-verde-a-la-final\/#article\",\"isPartOf\":{\"@id\":\"https:\/\/www.celttv.com.ar\/index.php\/2018\/08\/12\/el-verde-a-la-final\/\"},\"author\":{\"name\":\"ulises\",\"@id\":\"https:\/\/www.celttv.com.ar\/#\/schema\/person\/6d99c072dba59953809c81446e9d0ace\"},\"headline\":\"EL VERDE A LA FINAL\",\"datePublished\":\"2018-08-12T22:46:11+00:00\",\"dateModified\":\"2018-08-12T22:46:11+00:00\",\"mainEntityOfPage\":{\"@id\":\"https:\/\/www.celttv.com.ar\/index.php\/2018\/08\/12\/el-verde-a-la-final\/\"},\"wordCount\":519,\"publisher\":{\"@id\":\"https:\/\/www.celttv.com.ar\/#organization\"},\"articleSection\":[\"Deporte\",\"Solo Futbol\"],\"inLanguage\":\"es\"},{\"@type\":\"WebPage\",\"@id\":\"https:\/\/www.celttv.com.ar\/index.php\/2018\/08\/12\/el-verde-a-la-final\/\",\"url\":\"https:\/\/www.celttv.com.ar\/index.php\/2018\/08\/12\/el-verde-a-la-final\/\",\"name\":\"EL VERDE A LA FINAL - CELTTV\",\"isPartOf\":{\"@id\":\"https:\/\/www.celttv.com.ar\/#website\"},\"datePublished\":\"2018-08-12T22:46:11+00:00\",\"dateModified\":\"2018-08-12T22:46:11+00:00\",\"description\":\"Sitio web de noticias de la localidad de Tornquist, provincia de Buenos Aires, Rep\u00fablica Argentina. Contenido propio originado por periodistas de CELTTV, el canal de TV local de la Cooperativa El\u00e9ctrica de Tornquist. Turismo, Pol\u00edtica, Sociedad, Deporte, Cultura y todo el contenido de inter\u00e9s general que la gente del pueblo y la regi\u00f3n debe conocer.\",\"breadcrumb\":{\"@id\":\"https:\/\/www.celttv.com.ar\/index.php\/2018\/08\/12\/el-verde-a-la-final\/#breadcrumb\"},\"inLanguage\":\"es\",\"potentialAction\":[{\"@type\":\"ReadAction\",\"target\":[\"https:\/\/www.celttv.com.ar\/index.php\/2018\/08\/12\/el-verde-a-la-final\/\"]}]},{\"@type\":\"BreadcrumbList\",\"@id\":\"https:\/\/www.celttv.com.ar\/index.php\/2018\/08\/12\/el-verde-a-la-final\/#breadcrumb\",\"itemListElement\":[{\"@type\":\"ListItem\",\"position\":1,\"name\":\"Inicio\",\"item\":\"https:\/\/www.celttv.com.ar\/\"},{\"@type\":\"ListItem\",\"position\":2,\"name\":\"EL VERDE A LA FINAL\"}]},{\"@type\":\"WebSite\",\"@id\":\"https:\/\/www.celttv.com.ar\/#website\",\"url\":\"https:\/\/www.celttv.com.ar\/\",\"name\":\"CELTTV\",\"description\":\"Cooperativa El\u00e9ctrica de Tornquist\",\"publisher\":{\"@id\":\"https:\/\/www.celttv.com.ar\/#organization\"},\"potentialAction\":[{\"@type\":\"SearchAction\",\"target\":{\"@type\":\"EntryPoint\",\"urlTemplate\":\"https:\/\/www.celttv.com.ar\/?s={search_term_string}\"},\"query-input\":\"required name=search_term_string\"}],\"inLanguage\":\"es\"},{\"@type\":\"Organization\",\"@id\":\"https:\/\/www.celttv.com.ar\/#organization\",\"name\":\"CELTTV\",\"url\":\"https:\/\/www.celttv.com.ar\/\",\"sameAs\":[\"https:\/\/www.youtube.com\/channel\/UCz_oIt8Hig64Ub-EmcNPIhg\",\"https:\/\/www.facebook.com\/celtTV\/\"],\"logo\":{\"@type\":\"ImageObject\",\"inLanguage\":\"es\",\"@id\":\"https:\/\/www.celttv.com.ar\/#\/schema\/logo\/image\/\",\"url\":\"http:\/\/www.celttv.com.ar\/wp-content\/uploads\/2022\/08\/logo-1.png\",\"contentUrl\":\"http:\/\/www.celttv.com.ar\/wp-content\/uploads\/2022\/08\/logo-1.png\",\"width\":461,\"height\":159,\"caption\":\"CELTTV\"},\"image\":{\"@id\":\"https:\/\/www.celttv.com.ar\/#\/schema\/logo\/image\/\"}},{\"@type\":\"Person\",\"@id\":\"https:\/\/www.celttv.com.ar\/#\/schema\/person\/6d99c072dba59953809c81446e9d0ace\",\"name\":\"ulises\",\"image\":{\"@type\":\"ImageObject\",\"inLanguage\":\"es\",\"@id\":\"https:\/\/www.celttv.com.ar\/#\/schema\/person\/image\/\",\"url\":\"https:\/\/secure.gravatar.com\/avatar\/7f2c48bdc33b30088f941fb6082e555f2874c98e20cb159d7b92b50eadfce793?s=96&d=mm&r=g\",\"contentUrl\":\"https:\/\/secure.gravatar.com\/avatar\/7f2c48bdc33b30088f941fb6082e555f2874c98e20cb159d7b92b50eadfce793?s=96&d=mm&r=g\",\"caption\":\"ulises\"},\"sameAs\":[\"http:\/\/www.celttv.com.ar\"]}]}<\/script>\n<!-- \/ Yoast SEO plugin. -->","yoast_head_json":{"title":"EL VERDE A LA FINAL - CELTTV","description":"Sitio web de noticias de la localidad de Tornquist, provincia de Buenos Aires, Rep\u00fablica Argentina. Contenido propio originado por periodistas de CELTTV, el canal de TV local de la Cooperativa El\u00e9ctrica de Tornquist. Turismo, Pol\u00edtica, Sociedad, Deporte, Cultura y todo el contenido de inter\u00e9s general que la gente del pueblo y la regi\u00f3n debe conocer.","robots":{"index":"index","follow":"follow","max-snippet":"max-snippet:-1","max-image-preview":"max-image-preview:large","max-video-preview":"max-video-preview:-1"},"canonical":"https:\/\/www.celttv.com.ar\/index.php\/2018\/08\/12\/el-verde-a-la-final\/","og_locale":"es_ES","og_type":"article","og_title":"EL VERDE A LA FINAL - CELTTV","og_description":"Sitio web de noticias de la localidad de Tornquist, provincia de Buenos Aires, Rep\u00fablica Argentina. Contenido propio originado por periodistas de CELTTV, el canal de TV local de la Cooperativa El\u00e9ctrica de Tornquist. Turismo, Pol\u00edtica, Sociedad, Deporte, Cultura y todo el contenido de inter\u00e9s general que la gente del pueblo y la regi\u00f3n debe conocer.","og_url":"https:\/\/www.celttv.com.ar\/index.php\/2018\/08\/12\/el-verde-a-la-final\/","og_site_name":"CELTTV","article_publisher":"https:\/\/www.facebook.com\/celtTV\/","article_published_time":"2018-08-12T22:46:11+00:00","og_image":[{"width":960,"height":640,"url":"https:\/\/www.celttv.com.ar\/wp-content\/uploads\/2018\/08\/DSC_0726.jpg","type":"image\/jpeg"}],"author":"ulises","twitter_card":"summary_large_image","twitter_misc":{"Escrito por":"ulises","Tiempo de lectura":"3 minutos"},"schema":{"@context":"https:\/\/schema.org","@graph":[{"@type":"NewsArticle","@id":"https:\/\/www.celttv.com.ar\/index.php\/2018\/08\/12\/el-verde-a-la-final\/#article","isPartOf":{"@id":"https:\/\/www.celttv.com.ar\/index.php\/2018\/08\/12\/el-verde-a-la-final\/"},"author":{"name":"ulises","@id":"https:\/\/www.celttv.com.ar\/#\/schema\/person\/6d99c072dba59953809c81446e9d0ace"},"headline":"EL VERDE A LA FINAL","datePublished":"2018-08-12T22:46:11+00:00","dateModified":"2018-08-12T22:46:11+00:00","mainEntityOfPage":{"@id":"https:\/\/www.celttv.com.ar\/index.php\/2018\/08\/12\/el-verde-a-la-final\/"},"wordCount":519,"publisher":{"@id":"https:\/\/www.celttv.com.ar\/#organization"},"articleSection":["Deporte","Solo Futbol"],"inLanguage":"es"},{"@type":"WebPage","@id":"https:\/\/www.celttv.com.ar\/index.php\/2018\/08\/12\/el-verde-a-la-final\/","url":"https:\/\/www.celttv.com.ar\/index.php\/2018\/08\/12\/el-verde-a-la-final\/","name":"EL VERDE A LA FINAL - CELTTV","isPartOf":{"@id":"https:\/\/www.celttv.com.ar\/#website"},"datePublished":"2018-08-12T22:46:11+00:00","dateModified":"2018-08-12T22:46:11+00:00","description":"Sitio web de noticias de la localidad de Tornquist, provincia de Buenos Aires, Rep\u00fablica Argentina. Contenido propio originado por periodistas de CELTTV, el canal de TV local de la Cooperativa El\u00e9ctrica de Tornquist. Turismo, Pol\u00edtica, Sociedad, Deporte, Cultura y todo el contenido de inter\u00e9s general que la gente del pueblo y la regi\u00f3n debe conocer.","breadcrumb":{"@id":"https:\/\/www.celttv.com.ar\/index.php\/2018\/08\/12\/el-verde-a-la-final\/#breadcrumb"},"inLanguage":"es","potentialAction":[{"@type":"ReadAction","target":["https:\/\/www.celttv.com.ar\/index.php\/2018\/08\/12\/el-verde-a-la-final\/"]}]},{"@type":"BreadcrumbList","@id":"https:\/\/www.celttv.com.ar\/index.php\/2018\/08\/12\/el-verde-a-la-final\/#breadcrumb","itemListElement":[{"@type":"ListItem","position":1,"name":"Inicio","item":"https:\/\/www.celttv.com.ar\/"},{"@type":"ListItem","position":2,"name":"EL VERDE A LA FINAL"}]},{"@type":"WebSite","@id":"https:\/\/www.celttv.com.ar\/#website","url":"https:\/\/www.celttv.com.ar\/","name":"CELTTV","description":"Cooperativa El\u00e9ctrica de Tornquist","publisher":{"@id":"https:\/\/www.celttv.com.ar\/#organization"},"potentialAction":[{"@type":"SearchAction","target":{"@type":"EntryPoint","urlTemplate":"https:\/\/www.celttv.com.ar\/?s={search_term_string}"},"query-input":"required name=search_term_string"}],"inLanguage":"es"},{"@type":"Organization","@id":"https:\/\/www.celttv.com.ar\/#organization","name":"CELTTV","url":"https:\/\/www.celttv.com.ar\/","sameAs":["https:\/\/www.youtube.com\/channel\/UCz_oIt8Hig64Ub-EmcNPIhg","https:\/\/www.facebook.com\/celtTV\/"],"logo":{"@type":"ImageObject","inLanguage":"es","@id":"https:\/\/www.celttv.com.ar\/#\/schema\/logo\/image\/","url":"http:\/\/www.celttv.com.ar\/wp-content\/uploads\/2022\/08\/logo-1.png","contentUrl":"http:\/\/www.celttv.com.ar\/wp-content\/uploads\/2022\/08\/logo-1.png","width":461,"height":159,"caption":"CELTTV"},"image":{"@id":"https:\/\/www.celttv.com.ar\/#\/schema\/logo\/image\/"}},{"@type":"Person","@id":"https:\/\/www.celttv.com.ar\/#\/schema\/person\/6d99c072dba59953809c81446e9d0ace","name":"ulises","image":{"@type":"ImageObject","inLanguage":"es","@id":"https:\/\/www.celttv.com.ar\/#\/schema\/person\/image\/","url":"https:\/\/secure.gravatar.com\/avatar\/7f2c48bdc33b30088f941fb6082e555f2874c98e20cb159d7b92b50eadfce793?s=96&d=mm&r=g","contentUrl":"https:\/\/secure.gravatar.com\/avatar\/7f2c48bdc33b30088f941fb6082e555f2874c98e20cb159d7b92b50eadfce793?s=96&d=mm&r=g","caption":"ulises"},"sameAs":["http:\/\/www.celttv.com.ar"]}]}},"_links":{"self":[{"href":"https:\/\/www.celttv.com.ar\/index.php\/wp-json\/wp\/v2\/posts\/35898","targetHints":{"allow":["GET"]}}],"collection":[{"href":"https:\/\/www.celttv.com.ar\/index.php\/wp-json\/wp\/v2\/posts"}],"about":[{"href":"https:\/\/www.celttv.com.ar\/index.php\/wp-json\/wp\/v2\/types\/post"}],"author":[{"embeddable":true,"href":"https:\/\/www.celttv.com.ar\/index.php\/wp-json\/wp\/v2\/users\/1"}],"replies":[{"embeddable":true,"href":"https:\/\/www.celttv.com.ar\/index.php\/wp-json\/wp\/v2\/comments?post=35898"}],"version-history":[{"count":0,"href":"https:\/\/www.celttv.com.ar\/index.php\/wp-json\/wp\/v2\/posts\/35898\/revisions"}],"wp:featuredmedia":[{"embeddable":true,"href":"https:\/\/www.celttv.com.ar\/index.php\/wp-json\/wp\/v2\/media\/35901"}],"wp:attachment":[{"href":"https:\/\/www.celttv.com.ar\/index.php\/wp-json\/wp\/v2\/media?parent=35898"}],"wp:term":[{"taxonomy":"category","embeddable":true,"href":"https:\/\/www.celttv.com.ar\/index.php\/wp-json\/wp\/v2\/categories?post=35898"},{"taxonomy":"post_tag","embeddable":true,"href":"https:\/\/www.celttv.com.ar\/index.php\/wp-json\/wp\/v2\/tags?post=35898"}],"curies":[{"name":"wp","href":"https:\/\/api.w.org\/{rel}","templated":true}]}}