{"id":36234,"date":"2018-08-19T22:41:22","date_gmt":"2018-08-19T22:41:22","guid":{"rendered":"http:\/\/www.celttv.com.ar\/?p=36234"},"modified":"2018-08-19T22:41:22","modified_gmt":"2018-08-19T22:41:22","slug":"racing-es-el-segundo-semifinalista-anual","status":"publish","type":"post","link":"https:\/\/www.celttv.com.ar\/index.php\/2018\/08\/19\/racing-es-el-segundo-semifinalista-anual\/","title":{"rendered":"RACING ES EL SEGUNDO SEMIFINALISTA ANUAL"},"content":{"rendered":"<p>La \u201cEstrellita\u201d de Carhu\u00e9 le gan\u00f3 por penales a Uni\u00f3n luego de haber empatado 1 a 1 a lo largo de los 90 minutos. Grassi abri\u00f3 la cuenta para el \u201cVerde\u201d, igual\u00f3 Rapetti para los de Cotarello. Pol\u00e9mico arbitraje de Lucas Jara.<br \/>\nSi bien el encuentro fue muy trabado en la mitad de cancha y el fuerte viento no ayudaba para nada, el equipo de nuestra ciudad fue quien tuvo mayor cantidad de chances y m\u00e1s claras tambi\u00e9n, incluso contando con un segundo gol en el primer tiempo que fue anulado por Jara por una supuesta mano de Angelini que no existi\u00f3.<br \/>\nLa primera de peligro iba a ser para Uni\u00f3n a los 17\u2019, y digo iba porque el \u00e1rbitro del encuentro cobra una falta en el borde del \u00e1rea cuando la pelota sal\u00eda para Correa y quedaba mano a mano con Herrera.<br \/>\nDespu\u00e9s de la protesta de todo Uni\u00f3n, se hizo el tiro libre y finalmente lleg\u00f3 la apertura del marcador. Terrugi remata, la pelota rebota en una pierna y queda muerta, Schmidt aprovecha y dispara pero Herrera achic\u00f3 bien, el rebote sale para el medio y <strong>\u00c1ngelo Grassi<\/strong> aprovecha para mandarla al fondo del arco.<br \/>\nLuego el verde tuvo dos situaciones m\u00e1s sin terminar bien la jugada y a los 24 la pol\u00e9mica de la tarde. Despu\u00e9s de un tiro de esquina, peina un jugador de Racing, la pelota da en el poste y cuando rechazan el bal\u00f3n le pega en la cintura a Angelini y se mete. Jara interpret\u00f3 que hab\u00eda mano del delantero del verde y anul\u00f3 la jugada.<br \/>\nA los 40\u2019 lleg\u00f3 el empate. Floricich combina con G\u00e1lvez y \u00e9ste habilita a <strong>Facundo Rapetti<\/strong> que le pega cruzado y rasante para poner el 1 a 1.<br \/>\nLa \u00faltima fue para Perotti con un tiro libre que control\u00f3 Stefanof,<br \/>\nEn el segundo tiempo el verde sigui\u00f3 siendo un poco m\u00e1s que Racing pero el partido se fue diluyendo con el pasar de los minutos, y parec\u00eda que a los dos les ca\u00edan bien los penales.<br \/>\nLas dos m\u00e1s claras de la segunda mitad fueron para Schmidt, con un cabezazo que se fue muy cerca, y un tiro libre que sac\u00f3 Herrera por arriba del horizontal.<br \/>\nEn la tanda de penales para Racing convirtieron Romero, Perotti, Cantoni, Bardella, Herrera y Floricich. A Bitschin se lo ataj\u00f3 Stefanof y Puefil estrell\u00f3 el disparo en el travesa\u00f1o. Para Uni\u00f3n convirteron Angelini, Schmidt, Sotelo, Heiland y Salazar. Correa estrell\u00f3 el disparo en el palo, y a Loffredo y Terrugi se los ataj\u00f3 Herrera.<br \/>\nRacing junto a Boca son los dos clasificados del torneo apertura a la semifinal del a\u00f1o. Restan los dos del clausura, que comienza el pr\u00f3ximo domingo.<br \/>\n<strong>Racing:<\/strong> Hern\u00e1n Herrera; Jonatan Tello, C\u00e9sar Bitschin, Alexis Acosta, Mat\u00edas G\u00e1lvez; Ar\u00edstedes Ferreyra, Ignacio Floricich, Maximiliano Cantoni, Juan Perotti; Emilio Romero y Facundo Rapetti. DT: Pablo Cotarello.<br \/>\n<u>Cambios:<\/u> ST: 23\u2019 Nahuel Bardella por G\u00e1lvez, 43\u2019 Camilo Puefil por Rapetti.<br \/>\n<u>Supl:<\/u> Homero Giudici, Hern\u00e1n Berdini y Romeo Navarro Silva.<br \/>\n<strong>Uni\u00f3n:<\/strong> Juan Manuel Stefanof; Federico Franco, Jos\u00e9 Luis Teysseyre, Sebasti\u00e1n Callava, Hern\u00e1n Delgado; \u00c1ngelo Grassi, Lucas Sotelo, Tom\u00e1s Terrugi, Ezequiel Schmidt; Joaqu\u00edn Correa y Esteban Angelini. DT: Carlos Graff.<br \/>\n<u>Cambios:<\/u> ST: 36\u2019 Juan Heiland por Delgado, 46\u2019 Fernando Salazar por Grassi y Juan Loffredo por Franco.<br \/>\n<u>Supl:<\/u> Adri\u00e1n Buoncompagni y Mat\u00edas Fritz.<br \/>\n<u>Goles:<\/u> PT: 18\u2019 \u00c1ngelo Grassi (U), 40\u2019 Facundo Rapetti (R).<br \/>\n<u>\u00c1rbitro:<\/u> Lucas Jara (2)<br \/>\n<u>Cancha:<\/u> Estadio 19 de Marzo de Pe\u00f1arol de Pig\u00fc\u00e9.<br \/>\n<u>Reserva:<\/u> Racing 1 &#8211; Uni\u00f3n 0 (partido adeudado)<br \/>\n<a href=\"https:\/\/www.facebook.com\/pg\/solofutbolcanal2\/photos\/?tab=album&amp;album_id=887378918137966\" target=\"_blank\" rel=\"noopener\">\u00c1lbum de Fotos: Solo F\u00fatbol<\/a><br \/>\n<a href=\"http:\/\/www.celttv.com.ar\/?attachment_id=36235\" rel=\"attachment wp-att-36235\"><img loading=\"lazy\" decoding=\"async\" class=\"alignleft size-medium wp-image-36235\" src=\"http:\/\/www.celttv.com.ar\/wp-content\/uploads\/2018\/08\/DSC_0801-780x520.jpg\" alt=\"\" width=\"780\" height=\"520\" \/><\/a> <a href=\"http:\/\/www.celttv.com.ar\/?attachment_id=36236\" rel=\"attachment wp-att-36236\"><img loading=\"lazy\" decoding=\"async\" class=\"alignleft size-medium wp-image-36236\" src=\"http:\/\/www.celttv.com.ar\/wp-content\/uploads\/2018\/08\/DSC_0888-780x520.jpg\" alt=\"\" width=\"780\" height=\"520\" \/><\/a> <a href=\"http:\/\/www.celttv.com.ar\/?attachment_id=36237\" rel=\"attachment wp-att-36237\"><img loading=\"lazy\" decoding=\"async\" class=\"alignleft size-medium wp-image-36237\" src=\"http:\/\/www.celttv.com.ar\/wp-content\/uploads\/2018\/08\/DSC_0899-780x520.jpg\" alt=\"\" width=\"780\" height=\"520\" \/><\/a><\/p>\n","protected":false},"excerpt":{"rendered":"<p>La \u201cEstrellita\u201d de Carhu\u00e9 le gan\u00f3 por penales a Uni\u00f3n luego de haber empatado 1 a 1 a lo largo de los 90 minutos. Grassi abri\u00f3 la cuenta para el \u201cVerde\u201d, igual\u00f3 Rapetti para los de Cotarello. Pol\u00e9mico arbitraje de Lucas Jara. Si bien el encuentro fue muy trabado en la mitad de cancha y [&hellip;]<\/p>\n","protected":false},"author":1,"featured_media":36237,"comment_status":"closed","ping_status":"open","sticky":false,"template":"","format":"standard","meta":{"footnotes":""},"categories":[60,52,76],"tags":[],"class_list":["post-36234","post","type-post","status-publish","format-standard","has-post-thumbnail","hentry","category-deporte","category-destacadas","category-solo-futbol"],"yoast_head":"<!-- This site is optimized with the Yoast SEO plugin v19.7.1 - https:\/\/yoast.com\/wordpress\/plugins\/seo\/ -->\n<title>RACING ES EL SEGUNDO SEMIFINALISTA ANUAL - CELTTV<\/title>\n<meta name=\"description\" content=\"Sitio web de noticias de la localidad de Tornquist, provincia de Buenos Aires, Rep\u00fablica Argentina. Contenido propio originado por periodistas de CELTTV, el canal de TV local de la Cooperativa El\u00e9ctrica de Tornquist. Turismo, Pol\u00edtica, Sociedad, Deporte, Cultura y todo el contenido de inter\u00e9s general que la gente del pueblo y la regi\u00f3n debe conocer.\" \/>\n<meta name=\"robots\" content=\"index, follow, max-snippet:-1, max-image-preview:large, max-video-preview:-1\" \/>\n<link rel=\"canonical\" href=\"https:\/\/www.celttv.com.ar\/index.php\/2018\/08\/19\/racing-es-el-segundo-semifinalista-anual\/\" \/>\n<meta property=\"og:locale\" content=\"es_ES\" \/>\n<meta property=\"og:type\" content=\"article\" \/>\n<meta property=\"og:title\" content=\"RACING ES EL SEGUNDO SEMIFINALISTA ANUAL - CELTTV\" \/>\n<meta property=\"og:description\" content=\"Sitio web de noticias de la localidad de Tornquist, provincia de Buenos Aires, Rep\u00fablica Argentina. Contenido propio originado por periodistas de CELTTV, el canal de TV local de la Cooperativa El\u00e9ctrica de Tornquist. Turismo, Pol\u00edtica, Sociedad, Deporte, Cultura y todo el contenido de inter\u00e9s general que la gente del pueblo y la regi\u00f3n debe conocer.\" \/>\n<meta property=\"og:url\" content=\"https:\/\/www.celttv.com.ar\/index.php\/2018\/08\/19\/racing-es-el-segundo-semifinalista-anual\/\" \/>\n<meta property=\"og:site_name\" content=\"CELTTV\" \/>\n<meta property=\"article:publisher\" content=\"https:\/\/www.facebook.com\/celtTV\/\" \/>\n<meta property=\"article:published_time\" content=\"2018-08-19T22:41:22+00:00\" \/>\n<meta property=\"og:image\" content=\"https:\/\/www.celttv.com.ar\/wp-content\/uploads\/2018\/08\/DSC_0899.jpg\" \/>\n\t<meta property=\"og:image:width\" content=\"960\" \/>\n\t<meta property=\"og:image:height\" content=\"640\" \/>\n\t<meta property=\"og:image:type\" content=\"image\/jpeg\" \/>\n<meta name=\"author\" content=\"ulises\" \/>\n<meta name=\"twitter:card\" content=\"summary_large_image\" \/>\n<meta name=\"twitter:label1\" content=\"Escrito por\" \/>\n\t<meta name=\"twitter:data1\" content=\"ulises\" \/>\n\t<meta name=\"twitter:label2\" content=\"Tiempo de lectura\" \/>\n\t<meta name=\"twitter:data2\" content=\"3 minutos\" \/>\n<script type=\"application\/ld+json\" class=\"yoast-schema-graph\">{\"@context\":\"https:\/\/schema.org\",\"@graph\":[{\"@type\":\"NewsArticle\",\"@id\":\"https:\/\/www.celttv.com.ar\/index.php\/2018\/08\/19\/racing-es-el-segundo-semifinalista-anual\/#article\",\"isPartOf\":{\"@id\":\"https:\/\/www.celttv.com.ar\/index.php\/2018\/08\/19\/racing-es-el-segundo-semifinalista-anual\/\"},\"author\":{\"name\":\"ulises\",\"@id\":\"https:\/\/www.celttv.com.ar\/#\/schema\/person\/6d99c072dba59953809c81446e9d0ace\"},\"headline\":\"RACING ES EL SEGUNDO SEMIFINALISTA ANUAL\",\"datePublished\":\"2018-08-19T22:41:22+00:00\",\"dateModified\":\"2018-08-19T22:41:22+00:00\",\"mainEntityOfPage\":{\"@id\":\"https:\/\/www.celttv.com.ar\/index.php\/2018\/08\/19\/racing-es-el-segundo-semifinalista-anual\/\"},\"wordCount\":612,\"publisher\":{\"@id\":\"https:\/\/www.celttv.com.ar\/#organization\"},\"articleSection\":[\"Deporte\",\"Destacadas\",\"Solo Futbol\"],\"inLanguage\":\"es\"},{\"@type\":\"WebPage\",\"@id\":\"https:\/\/www.celttv.com.ar\/index.php\/2018\/08\/19\/racing-es-el-segundo-semifinalista-anual\/\",\"url\":\"https:\/\/www.celttv.com.ar\/index.php\/2018\/08\/19\/racing-es-el-segundo-semifinalista-anual\/\",\"name\":\"RACING ES EL SEGUNDO SEMIFINALISTA ANUAL - CELTTV\",\"isPartOf\":{\"@id\":\"https:\/\/www.celttv.com.ar\/#website\"},\"datePublished\":\"2018-08-19T22:41:22+00:00\",\"dateModified\":\"2018-08-19T22:41:22+00:00\",\"description\":\"Sitio web de noticias de la localidad de Tornquist, provincia de Buenos Aires, Rep\u00fablica Argentina. Contenido propio originado por periodistas de CELTTV, el canal de TV local de la Cooperativa El\u00e9ctrica de Tornquist. Turismo, Pol\u00edtica, Sociedad, Deporte, Cultura y todo el contenido de inter\u00e9s general que la gente del pueblo y la regi\u00f3n debe conocer.\",\"breadcrumb\":{\"@id\":\"https:\/\/www.celttv.com.ar\/index.php\/2018\/08\/19\/racing-es-el-segundo-semifinalista-anual\/#breadcrumb\"},\"inLanguage\":\"es\",\"potentialAction\":[{\"@type\":\"ReadAction\",\"target\":[\"https:\/\/www.celttv.com.ar\/index.php\/2018\/08\/19\/racing-es-el-segundo-semifinalista-anual\/\"]}]},{\"@type\":\"BreadcrumbList\",\"@id\":\"https:\/\/www.celttv.com.ar\/index.php\/2018\/08\/19\/racing-es-el-segundo-semifinalista-anual\/#breadcrumb\",\"itemListElement\":[{\"@type\":\"ListItem\",\"position\":1,\"name\":\"Inicio\",\"item\":\"https:\/\/www.celttv.com.ar\/\"},{\"@type\":\"ListItem\",\"position\":2,\"name\":\"RACING ES EL SEGUNDO SEMIFINALISTA ANUAL\"}]},{\"@type\":\"WebSite\",\"@id\":\"https:\/\/www.celttv.com.ar\/#website\",\"url\":\"https:\/\/www.celttv.com.ar\/\",\"name\":\"CELTTV\",\"description\":\"Cooperativa El\u00e9ctrica de Tornquist\",\"publisher\":{\"@id\":\"https:\/\/www.celttv.com.ar\/#organization\"},\"potentialAction\":[{\"@type\":\"SearchAction\",\"target\":{\"@type\":\"EntryPoint\",\"urlTemplate\":\"https:\/\/www.celttv.com.ar\/?s={search_term_string}\"},\"query-input\":\"required name=search_term_string\"}],\"inLanguage\":\"es\"},{\"@type\":\"Organization\",\"@id\":\"https:\/\/www.celttv.com.ar\/#organization\",\"name\":\"CELTTV\",\"url\":\"https:\/\/www.celttv.com.ar\/\",\"sameAs\":[\"https:\/\/www.youtube.com\/channel\/UCz_oIt8Hig64Ub-EmcNPIhg\",\"https:\/\/www.facebook.com\/celtTV\/\"],\"logo\":{\"@type\":\"ImageObject\",\"inLanguage\":\"es\",\"@id\":\"https:\/\/www.celttv.com.ar\/#\/schema\/logo\/image\/\",\"url\":\"http:\/\/www.celttv.com.ar\/wp-content\/uploads\/2022\/08\/logo-1.png\",\"contentUrl\":\"http:\/\/www.celttv.com.ar\/wp-content\/uploads\/2022\/08\/logo-1.png\",\"width\":461,\"height\":159,\"caption\":\"CELTTV\"},\"image\":{\"@id\":\"https:\/\/www.celttv.com.ar\/#\/schema\/logo\/image\/\"}},{\"@type\":\"Person\",\"@id\":\"https:\/\/www.celttv.com.ar\/#\/schema\/person\/6d99c072dba59953809c81446e9d0ace\",\"name\":\"ulises\",\"image\":{\"@type\":\"ImageObject\",\"inLanguage\":\"es\",\"@id\":\"https:\/\/www.celttv.com.ar\/#\/schema\/person\/image\/\",\"url\":\"https:\/\/secure.gravatar.com\/avatar\/7f2c48bdc33b30088f941fb6082e555f2874c98e20cb159d7b92b50eadfce793?s=96&d=mm&r=g\",\"contentUrl\":\"https:\/\/secure.gravatar.com\/avatar\/7f2c48bdc33b30088f941fb6082e555f2874c98e20cb159d7b92b50eadfce793?s=96&d=mm&r=g\",\"caption\":\"ulises\"},\"sameAs\":[\"http:\/\/www.celttv.com.ar\"]}]}<\/script>\n<!-- \/ Yoast SEO plugin. -->","yoast_head_json":{"title":"RACING ES EL SEGUNDO SEMIFINALISTA ANUAL - CELTTV","description":"Sitio web de noticias de la localidad de Tornquist, provincia de Buenos Aires, Rep\u00fablica Argentina. Contenido propio originado por periodistas de CELTTV, el canal de TV local de la Cooperativa El\u00e9ctrica de Tornquist. Turismo, Pol\u00edtica, Sociedad, Deporte, Cultura y todo el contenido de inter\u00e9s general que la gente del pueblo y la regi\u00f3n debe conocer.","robots":{"index":"index","follow":"follow","max-snippet":"max-snippet:-1","max-image-preview":"max-image-preview:large","max-video-preview":"max-video-preview:-1"},"canonical":"https:\/\/www.celttv.com.ar\/index.php\/2018\/08\/19\/racing-es-el-segundo-semifinalista-anual\/","og_locale":"es_ES","og_type":"article","og_title":"RACING ES EL SEGUNDO SEMIFINALISTA ANUAL - CELTTV","og_description":"Sitio web de noticias de la localidad de Tornquist, provincia de Buenos Aires, Rep\u00fablica Argentina. Contenido propio originado por periodistas de CELTTV, el canal de TV local de la Cooperativa El\u00e9ctrica de Tornquist. Turismo, Pol\u00edtica, Sociedad, Deporte, Cultura y todo el contenido de inter\u00e9s general que la gente del pueblo y la regi\u00f3n debe conocer.","og_url":"https:\/\/www.celttv.com.ar\/index.php\/2018\/08\/19\/racing-es-el-segundo-semifinalista-anual\/","og_site_name":"CELTTV","article_publisher":"https:\/\/www.facebook.com\/celtTV\/","article_published_time":"2018-08-19T22:41:22+00:00","og_image":[{"width":960,"height":640,"url":"https:\/\/www.celttv.com.ar\/wp-content\/uploads\/2018\/08\/DSC_0899.jpg","type":"image\/jpeg"}],"author":"ulises","twitter_card":"summary_large_image","twitter_misc":{"Escrito por":"ulises","Tiempo de lectura":"3 minutos"},"schema":{"@context":"https:\/\/schema.org","@graph":[{"@type":"NewsArticle","@id":"https:\/\/www.celttv.com.ar\/index.php\/2018\/08\/19\/racing-es-el-segundo-semifinalista-anual\/#article","isPartOf":{"@id":"https:\/\/www.celttv.com.ar\/index.php\/2018\/08\/19\/racing-es-el-segundo-semifinalista-anual\/"},"author":{"name":"ulises","@id":"https:\/\/www.celttv.com.ar\/#\/schema\/person\/6d99c072dba59953809c81446e9d0ace"},"headline":"RACING ES EL SEGUNDO SEMIFINALISTA ANUAL","datePublished":"2018-08-19T22:41:22+00:00","dateModified":"2018-08-19T22:41:22+00:00","mainEntityOfPage":{"@id":"https:\/\/www.celttv.com.ar\/index.php\/2018\/08\/19\/racing-es-el-segundo-semifinalista-anual\/"},"wordCount":612,"publisher":{"@id":"https:\/\/www.celttv.com.ar\/#organization"},"articleSection":["Deporte","Destacadas","Solo Futbol"],"inLanguage":"es"},{"@type":"WebPage","@id":"https:\/\/www.celttv.com.ar\/index.php\/2018\/08\/19\/racing-es-el-segundo-semifinalista-anual\/","url":"https:\/\/www.celttv.com.ar\/index.php\/2018\/08\/19\/racing-es-el-segundo-semifinalista-anual\/","name":"RACING ES EL SEGUNDO SEMIFINALISTA ANUAL - CELTTV","isPartOf":{"@id":"https:\/\/www.celttv.com.ar\/#website"},"datePublished":"2018-08-19T22:41:22+00:00","dateModified":"2018-08-19T22:41:22+00:00","description":"Sitio web de noticias de la localidad de Tornquist, provincia de Buenos Aires, Rep\u00fablica Argentina. Contenido propio originado por periodistas de CELTTV, el canal de TV local de la Cooperativa El\u00e9ctrica de Tornquist. Turismo, Pol\u00edtica, Sociedad, Deporte, Cultura y todo el contenido de inter\u00e9s general que la gente del pueblo y la regi\u00f3n debe conocer.","breadcrumb":{"@id":"https:\/\/www.celttv.com.ar\/index.php\/2018\/08\/19\/racing-es-el-segundo-semifinalista-anual\/#breadcrumb"},"inLanguage":"es","potentialAction":[{"@type":"ReadAction","target":["https:\/\/www.celttv.com.ar\/index.php\/2018\/08\/19\/racing-es-el-segundo-semifinalista-anual\/"]}]},{"@type":"BreadcrumbList","@id":"https:\/\/www.celttv.com.ar\/index.php\/2018\/08\/19\/racing-es-el-segundo-semifinalista-anual\/#breadcrumb","itemListElement":[{"@type":"ListItem","position":1,"name":"Inicio","item":"https:\/\/www.celttv.com.ar\/"},{"@type":"ListItem","position":2,"name":"RACING ES EL SEGUNDO SEMIFINALISTA ANUAL"}]},{"@type":"WebSite","@id":"https:\/\/www.celttv.com.ar\/#website","url":"https:\/\/www.celttv.com.ar\/","name":"CELTTV","description":"Cooperativa El\u00e9ctrica de Tornquist","publisher":{"@id":"https:\/\/www.celttv.com.ar\/#organization"},"potentialAction":[{"@type":"SearchAction","target":{"@type":"EntryPoint","urlTemplate":"https:\/\/www.celttv.com.ar\/?s={search_term_string}"},"query-input":"required name=search_term_string"}],"inLanguage":"es"},{"@type":"Organization","@id":"https:\/\/www.celttv.com.ar\/#organization","name":"CELTTV","url":"https:\/\/www.celttv.com.ar\/","sameAs":["https:\/\/www.youtube.com\/channel\/UCz_oIt8Hig64Ub-EmcNPIhg","https:\/\/www.facebook.com\/celtTV\/"],"logo":{"@type":"ImageObject","inLanguage":"es","@id":"https:\/\/www.celttv.com.ar\/#\/schema\/logo\/image\/","url":"http:\/\/www.celttv.com.ar\/wp-content\/uploads\/2022\/08\/logo-1.png","contentUrl":"http:\/\/www.celttv.com.ar\/wp-content\/uploads\/2022\/08\/logo-1.png","width":461,"height":159,"caption":"CELTTV"},"image":{"@id":"https:\/\/www.celttv.com.ar\/#\/schema\/logo\/image\/"}},{"@type":"Person","@id":"https:\/\/www.celttv.com.ar\/#\/schema\/person\/6d99c072dba59953809c81446e9d0ace","name":"ulises","image":{"@type":"ImageObject","inLanguage":"es","@id":"https:\/\/www.celttv.com.ar\/#\/schema\/person\/image\/","url":"https:\/\/secure.gravatar.com\/avatar\/7f2c48bdc33b30088f941fb6082e555f2874c98e20cb159d7b92b50eadfce793?s=96&d=mm&r=g","contentUrl":"https:\/\/secure.gravatar.com\/avatar\/7f2c48bdc33b30088f941fb6082e555f2874c98e20cb159d7b92b50eadfce793?s=96&d=mm&r=g","caption":"ulises"},"sameAs":["http:\/\/www.celttv.com.ar"]}]}},"_links":{"self":[{"href":"https:\/\/www.celttv.com.ar\/index.php\/wp-json\/wp\/v2\/posts\/36234","targetHints":{"allow":["GET"]}}],"collection":[{"href":"https:\/\/www.celttv.com.ar\/index.php\/wp-json\/wp\/v2\/posts"}],"about":[{"href":"https:\/\/www.celttv.com.ar\/index.php\/wp-json\/wp\/v2\/types\/post"}],"author":[{"embeddable":true,"href":"https:\/\/www.celttv.com.ar\/index.php\/wp-json\/wp\/v2\/users\/1"}],"replies":[{"embeddable":true,"href":"https:\/\/www.celttv.com.ar\/index.php\/wp-json\/wp\/v2\/comments?post=36234"}],"version-history":[{"count":0,"href":"https:\/\/www.celttv.com.ar\/index.php\/wp-json\/wp\/v2\/posts\/36234\/revisions"}],"wp:featuredmedia":[{"embeddable":true,"href":"https:\/\/www.celttv.com.ar\/index.php\/wp-json\/wp\/v2\/media\/36237"}],"wp:attachment":[{"href":"https:\/\/www.celttv.com.ar\/index.php\/wp-json\/wp\/v2\/media?parent=36234"}],"wp:term":[{"taxonomy":"category","embeddable":true,"href":"https:\/\/www.celttv.com.ar\/index.php\/wp-json\/wp\/v2\/categories?post=36234"},{"taxonomy":"post_tag","embeddable":true,"href":"https:\/\/www.celttv.com.ar\/index.php\/wp-json\/wp\/v2\/tags?post=36234"}],"curies":[{"name":"wp","href":"https:\/\/api.w.org\/{rel}","templated":true}]}}