{"id":36239,"date":"2018-08-20T00:59:25","date_gmt":"2018-08-20T00:59:25","guid":{"rendered":"http:\/\/www.celttv.com.ar\/?p=36239"},"modified":"2018-08-20T00:59:25","modified_gmt":"2018-08-20T00:59:25","slug":"el-festival-tornquist-patria-y-folklore-colmo-el-sum-del-cnsl-fotos","status":"publish","type":"post","link":"https:\/\/www.celttv.com.ar\/index.php\/2018\/08\/20\/el-festival-tornquist-patria-y-folklore-colmo-el-sum-del-cnsl-fotos\/","title":{"rendered":"EL FESTIVAL &#8220;TORNQUIST, PATRIA Y FOLKLORE&#8221;, COLM\u00d3 EL SUM DEL CNSL (FOTOS)"},"content":{"rendered":"<p><strong>CELTTV&#8212;<\/strong> Un importante marco de p\u00fablico particip\u00f3 de la <strong>29\u00ba edici\u00f3n del Festival &#8220;Tornquist, Patria y Foklore&#8221;<\/strong>, que organiz\u00f3 la <strong>Escuela Folkl\u00f3rica Municipal<\/strong>, en el SUM del Colegio Nuestra Se\u00f1ora de Luj\u00e1n.<br \/>\nCon la presencia de delegaciones y agrupaciones de Bah\u00eda Blanca, Carhu\u00e9, Monte Hermoso, Punta Alta y los anfitriones, entre otros, se llev\u00f3 adelante el evento que cont\u00f3 con la presencia de la Directora de Cultura, <strong>Noel\u00ed Mertl<\/strong> y el secretario de Seguridad, <strong>Mart\u00edn Cenizo<\/strong>.<br \/>\nAl comienzo, las delegaciones fueron desfilando por el centro del SUM portando banderas y sus estandartes para luego entonar las estrofas del Himno Nacional.<br \/>\n&#8220;Es un evento que debemos seguir acompa\u00f1ando y promocion\u00e1ndolo porque el folklore nos une como familia y, por supuesto, como argentinos. Siempre es un placer poder acompa\u00f1ar a la Escuela Folkl\u00f3rica porque realizan un gran trabajo a lo largo de todo el a\u00f1o&#8221;, manifest\u00f3 <strong>Noel\u00ed Mertl.<\/strong><br \/>\nPor su parte, <strong>Mariela Montero<\/strong>, Directora de la Escuela Folkl\u00f3rica Municipal, destac\u00f3 el acompa\u00f1amiento de distintas delegaciones que se sumaron, una vez m\u00e1s, al tradicional evento que en el 2019 festejar\u00e1 sus 30 a\u00f1os de vida.<br \/>\n&#8220;Somos privilegiados del material humano con el que contamos y el compromiso que la familia pone de manifiesto a lo largo del a\u00f1o y, en especial, durante los espect\u00e1culos que organizamos como escuela. Cada uno cumple su rol y eso hace que las cosas salgan de la mejor manera posible&#8221;, remarc\u00f3 <strong>Mariela Montero<\/strong>.<br \/>\nEn tanto, es importante mencionar que parte del cuerpo de baile de la escuela anfitriona, fue la encargada de abrir el festival con distintos cuadros, los cuales fueron coronados con un gran aplauso.<br \/>\nPr\u00f3ximamente notas e im\u00e1genes en <strong>CELTTV NOTICIAS<\/strong>.<br \/>\n<a href=\"http:\/\/www.celttv.com.ar\/?attachment_id=36248\" rel=\"attachment wp-att-36248\"><img loading=\"lazy\" decoding=\"async\" class=\"alignleft size-medium wp-image-36248\" src=\"http:\/\/www.celttv.com.ar\/wp-content\/uploads\/2018\/08\/20180819_200244-780x439.jpg\" alt=\"\" width=\"780\" height=\"439\" \/><\/a> <a href=\"http:\/\/www.celttv.com.ar\/?attachment_id=36249\" rel=\"attachment wp-att-36249\"><img loading=\"lazy\" decoding=\"async\" class=\"alignleft size-medium wp-image-36249\" src=\"http:\/\/www.celttv.com.ar\/wp-content\/uploads\/2018\/08\/20180819_200300-1-439x780.jpg\" alt=\"\" width=\"439\" height=\"780\" \/><\/a> <a href=\"http:\/\/www.celttv.com.ar\/?attachment_id=36244\" rel=\"attachment wp-att-36244\"><img loading=\"lazy\" decoding=\"async\" class=\"alignleft size-medium wp-image-36244\" src=\"http:\/\/www.celttv.com.ar\/wp-content\/uploads\/2018\/08\/20180819_203227-780x439.jpg\" alt=\"\" width=\"780\" height=\"439\" \/><\/a> <a href=\"http:\/\/www.celttv.com.ar\/?attachment_id=36250\" rel=\"attachment wp-att-36250\"><img loading=\"lazy\" decoding=\"async\" class=\"alignleft size-medium wp-image-36250\" src=\"http:\/\/www.celttv.com.ar\/wp-content\/uploads\/2018\/08\/20180819_203309-780x439.jpg\" alt=\"\" width=\"780\" height=\"439\" \/><\/a> <a href=\"http:\/\/www.celttv.com.ar\/?attachment_id=36253\" rel=\"attachment wp-att-36253\"><img loading=\"lazy\" decoding=\"async\" class=\"alignleft size-medium wp-image-36253\" src=\"http:\/\/www.celttv.com.ar\/wp-content\/uploads\/2018\/08\/20180819_210926-780x439.jpg\" alt=\"\" width=\"780\" height=\"439\" \/><\/a> <a href=\"http:\/\/www.celttv.com.ar\/?attachment_id=36252\" rel=\"attachment wp-att-36252\"><img loading=\"lazy\" decoding=\"async\" class=\"alignleft size-medium wp-image-36252\" src=\"http:\/\/www.celttv.com.ar\/wp-content\/uploads\/2018\/08\/20180819_204951-780x439.jpg\" alt=\"\" width=\"780\" height=\"439\" \/><\/a> <a href=\"http:\/\/www.celttv.com.ar\/?attachment_id=36251\" rel=\"attachment wp-att-36251\"><img loading=\"lazy\" decoding=\"async\" class=\"alignleft size-medium wp-image-36251\" src=\"http:\/\/www.celttv.com.ar\/wp-content\/uploads\/2018\/08\/20180819_204256-1-780x439.jpg\" alt=\"\" width=\"780\" height=\"439\" \/><\/a> <a href=\"http:\/\/www.celttv.com.ar\/?attachment_id=36246\" rel=\"attachment wp-att-36246\"><img loading=\"lazy\" decoding=\"async\" class=\"alignleft size-medium wp-image-36246\" src=\"http:\/\/www.celttv.com.ar\/wp-content\/uploads\/2018\/08\/20180819_210825-780x439.jpg\" alt=\"\" width=\"780\" height=\"439\" \/><\/a> <a href=\"http:\/\/www.celttv.com.ar\/?attachment_id=36243\" rel=\"attachment wp-att-36243\"><img loading=\"lazy\" decoding=\"async\" class=\"alignleft size-medium wp-image-36243\" src=\"http:\/\/www.celttv.com.ar\/wp-content\/uploads\/2018\/08\/20180819_202724-780x439.jpg\" alt=\"\" width=\"780\" height=\"439\" \/><\/a><\/p>\n","protected":false},"excerpt":{"rendered":"<p>CELTTV&#8212; Un importante marco de p\u00fablico particip\u00f3 de la 29\u00ba edici\u00f3n del Festival &#8220;Tornquist, Patria y Foklore&#8221;, que organiz\u00f3 la Escuela Folkl\u00f3rica Municipal, en el SUM del Colegio Nuestra Se\u00f1ora de Luj\u00e1n. Con la presencia de delegaciones y agrupaciones de Bah\u00eda Blanca, Carhu\u00e9, Monte Hermoso, Punta Alta y los anfitriones, entre otros, se llev\u00f3 adelante [&hellip;]<\/p>\n","protected":false},"author":1,"featured_media":36247,"comment_status":"closed","ping_status":"open","sticky":false,"template":"","format":"standard","meta":{"footnotes":""},"categories":[55,51,52],"tags":[],"class_list":["post-36239","post","type-post","status-publish","format-standard","has-post-thumbnail","hentry","category-celt-tv-noticias","category-comunidad","category-destacadas"],"yoast_head":"<!-- This site is optimized with the Yoast SEO plugin v19.7.1 - https:\/\/yoast.com\/wordpress\/plugins\/seo\/ -->\n<title>EL FESTIVAL &quot;TORNQUIST, PATRIA Y FOLKLORE&quot;, COLM\u00d3 EL SUM DEL CNSL (FOTOS) - CELTTV<\/title>\n<meta name=\"description\" content=\"Sitio web de noticias de la localidad de Tornquist, provincia de Buenos Aires, Rep\u00fablica Argentina. Contenido propio originado por periodistas de CELTTV, el canal de TV local de la Cooperativa El\u00e9ctrica de Tornquist. Turismo, Pol\u00edtica, Sociedad, Deporte, Cultura y todo el contenido de inter\u00e9s general que la gente del pueblo y la regi\u00f3n debe conocer.\" \/>\n<meta name=\"robots\" content=\"index, follow, max-snippet:-1, max-image-preview:large, max-video-preview:-1\" \/>\n<link rel=\"canonical\" href=\"https:\/\/www.celttv.com.ar\/index.php\/2018\/08\/20\/el-festival-tornquist-patria-y-folklore-colmo-el-sum-del-cnsl-fotos\/\" \/>\n<meta property=\"og:locale\" content=\"es_ES\" \/>\n<meta property=\"og:type\" content=\"article\" \/>\n<meta property=\"og:title\" content=\"EL FESTIVAL &quot;TORNQUIST, PATRIA Y FOLKLORE&quot;, COLM\u00d3 EL SUM DEL CNSL (FOTOS) - CELTTV\" \/>\n<meta property=\"og:description\" content=\"Sitio web de noticias de la localidad de Tornquist, provincia de Buenos Aires, Rep\u00fablica Argentina. Contenido propio originado por periodistas de CELTTV, el canal de TV local de la Cooperativa El\u00e9ctrica de Tornquist. Turismo, Pol\u00edtica, Sociedad, Deporte, Cultura y todo el contenido de inter\u00e9s general que la gente del pueblo y la regi\u00f3n debe conocer.\" \/>\n<meta property=\"og:url\" content=\"https:\/\/www.celttv.com.ar\/index.php\/2018\/08\/20\/el-festival-tornquist-patria-y-folklore-colmo-el-sum-del-cnsl-fotos\/\" \/>\n<meta property=\"og:site_name\" content=\"CELTTV\" \/>\n<meta property=\"article:publisher\" content=\"https:\/\/www.facebook.com\/celtTV\/\" \/>\n<meta property=\"article:published_time\" content=\"2018-08-20T00:59:25+00:00\" \/>\n<meta property=\"og:image\" content=\"https:\/\/www.celttv.com.ar\/wp-content\/uploads\/2018\/08\/20180819_200207.jpg\" \/>\n\t<meta property=\"og:image:width\" content=\"1959\" \/>\n\t<meta property=\"og:image:height\" content=\"1102\" \/>\n\t<meta property=\"og:image:type\" content=\"image\/jpeg\" \/>\n<meta name=\"author\" content=\"ulises\" \/>\n<meta name=\"twitter:card\" content=\"summary_large_image\" \/>\n<meta name=\"twitter:label1\" content=\"Escrito por\" \/>\n\t<meta name=\"twitter:data1\" content=\"ulises\" \/>\n\t<meta name=\"twitter:label2\" content=\"Tiempo de lectura\" \/>\n\t<meta name=\"twitter:data2\" content=\"1 minuto\" \/>\n<script type=\"application\/ld+json\" class=\"yoast-schema-graph\">{\"@context\":\"https:\/\/schema.org\",\"@graph\":[{\"@type\":\"NewsArticle\",\"@id\":\"https:\/\/www.celttv.com.ar\/index.php\/2018\/08\/20\/el-festival-tornquist-patria-y-folklore-colmo-el-sum-del-cnsl-fotos\/#article\",\"isPartOf\":{\"@id\":\"https:\/\/www.celttv.com.ar\/index.php\/2018\/08\/20\/el-festival-tornquist-patria-y-folklore-colmo-el-sum-del-cnsl-fotos\/\"},\"author\":{\"name\":\"ulises\",\"@id\":\"https:\/\/www.celttv.com.ar\/#\/schema\/person\/6d99c072dba59953809c81446e9d0ace\"},\"headline\":\"EL FESTIVAL &#8220;TORNQUIST, PATRIA Y FOLKLORE&#8221;, COLM\u00d3 EL SUM DEL CNSL (FOTOS)\",\"datePublished\":\"2018-08-20T00:59:25+00:00\",\"dateModified\":\"2018-08-20T00:59:25+00:00\",\"mainEntityOfPage\":{\"@id\":\"https:\/\/www.celttv.com.ar\/index.php\/2018\/08\/20\/el-festival-tornquist-patria-y-folklore-colmo-el-sum-del-cnsl-fotos\/\"},\"wordCount\":304,\"publisher\":{\"@id\":\"https:\/\/www.celttv.com.ar\/#organization\"},\"articleSection\":[\"Celt TV Noticias\",\"Comunidad\",\"Destacadas\"],\"inLanguage\":\"es\"},{\"@type\":\"WebPage\",\"@id\":\"https:\/\/www.celttv.com.ar\/index.php\/2018\/08\/20\/el-festival-tornquist-patria-y-folklore-colmo-el-sum-del-cnsl-fotos\/\",\"url\":\"https:\/\/www.celttv.com.ar\/index.php\/2018\/08\/20\/el-festival-tornquist-patria-y-folklore-colmo-el-sum-del-cnsl-fotos\/\",\"name\":\"EL FESTIVAL \\\"TORNQUIST, PATRIA Y FOLKLORE\\\", COLM\u00d3 EL SUM DEL CNSL (FOTOS) - CELTTV\",\"isPartOf\":{\"@id\":\"https:\/\/www.celttv.com.ar\/#website\"},\"datePublished\":\"2018-08-20T00:59:25+00:00\",\"dateModified\":\"2018-08-20T00:59:25+00:00\",\"description\":\"Sitio web de noticias de la localidad de Tornquist, provincia de Buenos Aires, Rep\u00fablica Argentina. Contenido propio originado por periodistas de CELTTV, el canal de TV local de la Cooperativa El\u00e9ctrica de Tornquist. Turismo, Pol\u00edtica, Sociedad, Deporte, Cultura y todo el contenido de inter\u00e9s general que la gente del pueblo y la regi\u00f3n debe conocer.\",\"breadcrumb\":{\"@id\":\"https:\/\/www.celttv.com.ar\/index.php\/2018\/08\/20\/el-festival-tornquist-patria-y-folklore-colmo-el-sum-del-cnsl-fotos\/#breadcrumb\"},\"inLanguage\":\"es\",\"potentialAction\":[{\"@type\":\"ReadAction\",\"target\":[\"https:\/\/www.celttv.com.ar\/index.php\/2018\/08\/20\/el-festival-tornquist-patria-y-folklore-colmo-el-sum-del-cnsl-fotos\/\"]}]},{\"@type\":\"BreadcrumbList\",\"@id\":\"https:\/\/www.celttv.com.ar\/index.php\/2018\/08\/20\/el-festival-tornquist-patria-y-folklore-colmo-el-sum-del-cnsl-fotos\/#breadcrumb\",\"itemListElement\":[{\"@type\":\"ListItem\",\"position\":1,\"name\":\"Inicio\",\"item\":\"https:\/\/www.celttv.com.ar\/\"},{\"@type\":\"ListItem\",\"position\":2,\"name\":\"EL FESTIVAL &#8220;TORNQUIST, PATRIA Y FOLKLORE&#8221;, COLM\u00d3 EL SUM DEL CNSL (FOTOS)\"}]},{\"@type\":\"WebSite\",\"@id\":\"https:\/\/www.celttv.com.ar\/#website\",\"url\":\"https:\/\/www.celttv.com.ar\/\",\"name\":\"CELTTV\",\"description\":\"Cooperativa El\u00e9ctrica de Tornquist\",\"publisher\":{\"@id\":\"https:\/\/www.celttv.com.ar\/#organization\"},\"potentialAction\":[{\"@type\":\"SearchAction\",\"target\":{\"@type\":\"EntryPoint\",\"urlTemplate\":\"https:\/\/www.celttv.com.ar\/?s={search_term_string}\"},\"query-input\":\"required name=search_term_string\"}],\"inLanguage\":\"es\"},{\"@type\":\"Organization\",\"@id\":\"https:\/\/www.celttv.com.ar\/#organization\",\"name\":\"CELTTV\",\"url\":\"https:\/\/www.celttv.com.ar\/\",\"sameAs\":[\"https:\/\/www.youtube.com\/channel\/UCz_oIt8Hig64Ub-EmcNPIhg\",\"https:\/\/www.facebook.com\/celtTV\/\"],\"logo\":{\"@type\":\"ImageObject\",\"inLanguage\":\"es\",\"@id\":\"https:\/\/www.celttv.com.ar\/#\/schema\/logo\/image\/\",\"url\":\"http:\/\/www.celttv.com.ar\/wp-content\/uploads\/2022\/08\/logo-1.png\",\"contentUrl\":\"http:\/\/www.celttv.com.ar\/wp-content\/uploads\/2022\/08\/logo-1.png\",\"width\":461,\"height\":159,\"caption\":\"CELTTV\"},\"image\":{\"@id\":\"https:\/\/www.celttv.com.ar\/#\/schema\/logo\/image\/\"}},{\"@type\":\"Person\",\"@id\":\"https:\/\/www.celttv.com.ar\/#\/schema\/person\/6d99c072dba59953809c81446e9d0ace\",\"name\":\"ulises\",\"image\":{\"@type\":\"ImageObject\",\"inLanguage\":\"es\",\"@id\":\"https:\/\/www.celttv.com.ar\/#\/schema\/person\/image\/\",\"url\":\"https:\/\/secure.gravatar.com\/avatar\/7f2c48bdc33b30088f941fb6082e555f2874c98e20cb159d7b92b50eadfce793?s=96&d=mm&r=g\",\"contentUrl\":\"https:\/\/secure.gravatar.com\/avatar\/7f2c48bdc33b30088f941fb6082e555f2874c98e20cb159d7b92b50eadfce793?s=96&d=mm&r=g\",\"caption\":\"ulises\"},\"sameAs\":[\"http:\/\/www.celttv.com.ar\"]}]}<\/script>\n<!-- \/ Yoast SEO plugin. -->","yoast_head_json":{"title":"EL FESTIVAL \"TORNQUIST, PATRIA Y FOLKLORE\", COLM\u00d3 EL SUM DEL CNSL (FOTOS) - CELTTV","description":"Sitio web de noticias de la localidad de Tornquist, provincia de Buenos Aires, Rep\u00fablica Argentina. Contenido propio originado por periodistas de CELTTV, el canal de TV local de la Cooperativa El\u00e9ctrica de Tornquist. Turismo, Pol\u00edtica, Sociedad, Deporte, Cultura y todo el contenido de inter\u00e9s general que la gente del pueblo y la regi\u00f3n debe conocer.","robots":{"index":"index","follow":"follow","max-snippet":"max-snippet:-1","max-image-preview":"max-image-preview:large","max-video-preview":"max-video-preview:-1"},"canonical":"https:\/\/www.celttv.com.ar\/index.php\/2018\/08\/20\/el-festival-tornquist-patria-y-folklore-colmo-el-sum-del-cnsl-fotos\/","og_locale":"es_ES","og_type":"article","og_title":"EL FESTIVAL \"TORNQUIST, PATRIA Y FOLKLORE\", COLM\u00d3 EL SUM DEL CNSL (FOTOS) - CELTTV","og_description":"Sitio web de noticias de la localidad de Tornquist, provincia de Buenos Aires, Rep\u00fablica Argentina. Contenido propio originado por periodistas de CELTTV, el canal de TV local de la Cooperativa El\u00e9ctrica de Tornquist. Turismo, Pol\u00edtica, Sociedad, Deporte, Cultura y todo el contenido de inter\u00e9s general que la gente del pueblo y la regi\u00f3n debe conocer.","og_url":"https:\/\/www.celttv.com.ar\/index.php\/2018\/08\/20\/el-festival-tornquist-patria-y-folklore-colmo-el-sum-del-cnsl-fotos\/","og_site_name":"CELTTV","article_publisher":"https:\/\/www.facebook.com\/celtTV\/","article_published_time":"2018-08-20T00:59:25+00:00","og_image":[{"width":1959,"height":1102,"url":"https:\/\/www.celttv.com.ar\/wp-content\/uploads\/2018\/08\/20180819_200207.jpg","type":"image\/jpeg"}],"author":"ulises","twitter_card":"summary_large_image","twitter_misc":{"Escrito por":"ulises","Tiempo de lectura":"1 minuto"},"schema":{"@context":"https:\/\/schema.org","@graph":[{"@type":"NewsArticle","@id":"https:\/\/www.celttv.com.ar\/index.php\/2018\/08\/20\/el-festival-tornquist-patria-y-folklore-colmo-el-sum-del-cnsl-fotos\/#article","isPartOf":{"@id":"https:\/\/www.celttv.com.ar\/index.php\/2018\/08\/20\/el-festival-tornquist-patria-y-folklore-colmo-el-sum-del-cnsl-fotos\/"},"author":{"name":"ulises","@id":"https:\/\/www.celttv.com.ar\/#\/schema\/person\/6d99c072dba59953809c81446e9d0ace"},"headline":"EL FESTIVAL &#8220;TORNQUIST, PATRIA Y FOLKLORE&#8221;, COLM\u00d3 EL SUM DEL CNSL (FOTOS)","datePublished":"2018-08-20T00:59:25+00:00","dateModified":"2018-08-20T00:59:25+00:00","mainEntityOfPage":{"@id":"https:\/\/www.celttv.com.ar\/index.php\/2018\/08\/20\/el-festival-tornquist-patria-y-folklore-colmo-el-sum-del-cnsl-fotos\/"},"wordCount":304,"publisher":{"@id":"https:\/\/www.celttv.com.ar\/#organization"},"articleSection":["Celt TV Noticias","Comunidad","Destacadas"],"inLanguage":"es"},{"@type":"WebPage","@id":"https:\/\/www.celttv.com.ar\/index.php\/2018\/08\/20\/el-festival-tornquist-patria-y-folklore-colmo-el-sum-del-cnsl-fotos\/","url":"https:\/\/www.celttv.com.ar\/index.php\/2018\/08\/20\/el-festival-tornquist-patria-y-folklore-colmo-el-sum-del-cnsl-fotos\/","name":"EL FESTIVAL \"TORNQUIST, PATRIA Y FOLKLORE\", COLM\u00d3 EL SUM DEL CNSL (FOTOS) - CELTTV","isPartOf":{"@id":"https:\/\/www.celttv.com.ar\/#website"},"datePublished":"2018-08-20T00:59:25+00:00","dateModified":"2018-08-20T00:59:25+00:00","description":"Sitio web de noticias de la localidad de Tornquist, provincia de Buenos Aires, Rep\u00fablica Argentina. Contenido propio originado por periodistas de CELTTV, el canal de TV local de la Cooperativa El\u00e9ctrica de Tornquist. Turismo, Pol\u00edtica, Sociedad, Deporte, Cultura y todo el contenido de inter\u00e9s general que la gente del pueblo y la regi\u00f3n debe conocer.","breadcrumb":{"@id":"https:\/\/www.celttv.com.ar\/index.php\/2018\/08\/20\/el-festival-tornquist-patria-y-folklore-colmo-el-sum-del-cnsl-fotos\/#breadcrumb"},"inLanguage":"es","potentialAction":[{"@type":"ReadAction","target":["https:\/\/www.celttv.com.ar\/index.php\/2018\/08\/20\/el-festival-tornquist-patria-y-folklore-colmo-el-sum-del-cnsl-fotos\/"]}]},{"@type":"BreadcrumbList","@id":"https:\/\/www.celttv.com.ar\/index.php\/2018\/08\/20\/el-festival-tornquist-patria-y-folklore-colmo-el-sum-del-cnsl-fotos\/#breadcrumb","itemListElement":[{"@type":"ListItem","position":1,"name":"Inicio","item":"https:\/\/www.celttv.com.ar\/"},{"@type":"ListItem","position":2,"name":"EL FESTIVAL &#8220;TORNQUIST, PATRIA Y FOLKLORE&#8221;, COLM\u00d3 EL SUM DEL CNSL (FOTOS)"}]},{"@type":"WebSite","@id":"https:\/\/www.celttv.com.ar\/#website","url":"https:\/\/www.celttv.com.ar\/","name":"CELTTV","description":"Cooperativa El\u00e9ctrica de Tornquist","publisher":{"@id":"https:\/\/www.celttv.com.ar\/#organization"},"potentialAction":[{"@type":"SearchAction","target":{"@type":"EntryPoint","urlTemplate":"https:\/\/www.celttv.com.ar\/?s={search_term_string}"},"query-input":"required name=search_term_string"}],"inLanguage":"es"},{"@type":"Organization","@id":"https:\/\/www.celttv.com.ar\/#organization","name":"CELTTV","url":"https:\/\/www.celttv.com.ar\/","sameAs":["https:\/\/www.youtube.com\/channel\/UCz_oIt8Hig64Ub-EmcNPIhg","https:\/\/www.facebook.com\/celtTV\/"],"logo":{"@type":"ImageObject","inLanguage":"es","@id":"https:\/\/www.celttv.com.ar\/#\/schema\/logo\/image\/","url":"http:\/\/www.celttv.com.ar\/wp-content\/uploads\/2022\/08\/logo-1.png","contentUrl":"http:\/\/www.celttv.com.ar\/wp-content\/uploads\/2022\/08\/logo-1.png","width":461,"height":159,"caption":"CELTTV"},"image":{"@id":"https:\/\/www.celttv.com.ar\/#\/schema\/logo\/image\/"}},{"@type":"Person","@id":"https:\/\/www.celttv.com.ar\/#\/schema\/person\/6d99c072dba59953809c81446e9d0ace","name":"ulises","image":{"@type":"ImageObject","inLanguage":"es","@id":"https:\/\/www.celttv.com.ar\/#\/schema\/person\/image\/","url":"https:\/\/secure.gravatar.com\/avatar\/7f2c48bdc33b30088f941fb6082e555f2874c98e20cb159d7b92b50eadfce793?s=96&d=mm&r=g","contentUrl":"https:\/\/secure.gravatar.com\/avatar\/7f2c48bdc33b30088f941fb6082e555f2874c98e20cb159d7b92b50eadfce793?s=96&d=mm&r=g","caption":"ulises"},"sameAs":["http:\/\/www.celttv.com.ar"]}]}},"_links":{"self":[{"href":"https:\/\/www.celttv.com.ar\/index.php\/wp-json\/wp\/v2\/posts\/36239","targetHints":{"allow":["GET"]}}],"collection":[{"href":"https:\/\/www.celttv.com.ar\/index.php\/wp-json\/wp\/v2\/posts"}],"about":[{"href":"https:\/\/www.celttv.com.ar\/index.php\/wp-json\/wp\/v2\/types\/post"}],"author":[{"embeddable":true,"href":"https:\/\/www.celttv.com.ar\/index.php\/wp-json\/wp\/v2\/users\/1"}],"replies":[{"embeddable":true,"href":"https:\/\/www.celttv.com.ar\/index.php\/wp-json\/wp\/v2\/comments?post=36239"}],"version-history":[{"count":0,"href":"https:\/\/www.celttv.com.ar\/index.php\/wp-json\/wp\/v2\/posts\/36239\/revisions"}],"wp:featuredmedia":[{"embeddable":true,"href":"https:\/\/www.celttv.com.ar\/index.php\/wp-json\/wp\/v2\/media\/36247"}],"wp:attachment":[{"href":"https:\/\/www.celttv.com.ar\/index.php\/wp-json\/wp\/v2\/media?parent=36239"}],"wp:term":[{"taxonomy":"category","embeddable":true,"href":"https:\/\/www.celttv.com.ar\/index.php\/wp-json\/wp\/v2\/categories?post=36239"},{"taxonomy":"post_tag","embeddable":true,"href":"https:\/\/www.celttv.com.ar\/index.php\/wp-json\/wp\/v2\/tags?post=36239"}],"curies":[{"name":"wp","href":"https:\/\/api.w.org\/{rel}","templated":true}]}}