{"id":36264,"date":"2018-08-21T18:49:51","date_gmt":"2018-08-21T18:49:51","guid":{"rendered":"http:\/\/www.celttv.com.ar\/?p=36264"},"modified":"2018-08-21T18:49:51","modified_gmt":"2018-08-21T18:49:51","slug":"emotivo-homenaje-al-dr-victor-duarte-a-un-ano-de-su-fallecimiento-videos-entrevistas","status":"publish","type":"post","link":"https:\/\/www.celttv.com.ar\/index.php\/2018\/08\/21\/emotivo-homenaje-al-dr-victor-duarte-a-un-ano-de-su-fallecimiento-videos-entrevistas\/","title":{"rendered":"Emotivo homenaje al Dr. V\u00edctor Duarte, a un a\u00f1o de su fallecimiento (VIDEOS ENTREVISTAS)"},"content":{"rendered":"<p>Autoridades municipales, familiares, colegas, compa\u00f1eros de trabajo, concejales y amigos, se dieron cita en el Hospital Municipal &#8220;Dr. Alberto Castro&#8221; para rendir homenaje al doctor V\u00edctor Duarte Oses, a un a\u00f1o de su fallecimiento.<br \/>\nEl acto, que dio inici\u00f3 pasadas las 11.00 hs., tuvo lugar en el acceso al sector en donde m\u00e1s horas dedic\u00f3, la sala de partos.<br \/>\nEzequiel Gabella y Marcela Guido, en representaci\u00f3n del municipio, brindaron unas palabras en su honor. Su esposa y su hijo V\u00edctor, tambi\u00e9n expresaron unas sentidas palabras. Todos destacaron sus valores, entrega y\u00a0 gran dedicaci\u00f3n a su trabajo.<br \/>\nDurante el acto el municipio y el C\u00edrculo M\u00e9dico de Tornquist\u00a0 descubrieron unas placas recordatorias.<\/p>\n<div class=\"jeg_video_container jeg_video_content\"><iframe loading=\"lazy\" title=\"2018 08 21 HOMENAJE AL DR DUARTE 1 EZEQUIEL GABELLA\" width=\"500\" height=\"375\" src=\"https:\/\/www.youtube.com\/embed\/hsqGGvLV9A0?feature=oembed\" frameborder=\"0\" allow=\"accelerometer; autoplay; clipboard-write; encrypted-media; gyroscope; picture-in-picture; web-share\" referrerpolicy=\"strict-origin-when-cross-origin\" allowfullscreen><\/iframe><\/div>\n<div class=\"jeg_video_container jeg_video_content\"><iframe loading=\"lazy\" title=\"2018 08 21 HOMENAJE AL DR DUARTE 2 MARA SOTELO DE DUARTE\" width=\"500\" height=\"375\" src=\"https:\/\/www.youtube.com\/embed\/3rhqRMMKAwY?feature=oembed\" frameborder=\"0\" allow=\"accelerometer; autoplay; clipboard-write; encrypted-media; gyroscope; picture-in-picture; web-share\" referrerpolicy=\"strict-origin-when-cross-origin\" allowfullscreen><\/iframe><\/div>\n<div class=\"jeg_video_container jeg_video_content\"><iframe loading=\"lazy\" title=\"2018 08 21 HOMENAJE AL DR DUARTE 3 MARCELA GUIDO\" width=\"500\" height=\"375\" src=\"https:\/\/www.youtube.com\/embed\/O2nzvMe8iFs?feature=oembed\" frameborder=\"0\" allow=\"accelerometer; autoplay; clipboard-write; encrypted-media; gyroscope; picture-in-picture; web-share\" referrerpolicy=\"strict-origin-when-cross-origin\" allowfullscreen><\/iframe><\/div>\n<div class=\"jeg_video_container jeg_video_content\"><iframe loading=\"lazy\" title=\"2018 08 21 HOMENAJE AL DR DUARTE 4 VICTOR DUARTE\" width=\"500\" height=\"375\" src=\"https:\/\/www.youtube.com\/embed\/y5eGZccNXHo?feature=oembed\" frameborder=\"0\" allow=\"accelerometer; autoplay; clipboard-write; encrypted-media; gyroscope; picture-in-picture; web-share\" referrerpolicy=\"strict-origin-when-cross-origin\" allowfullscreen><\/iframe><\/div>\n<div class=\"jeg_video_container jeg_video_content\"><iframe loading=\"lazy\" title=\"2018 08 21 HOMENAJE AL DR DUARTE 5 JUAN CARLOS FIZ\" width=\"500\" height=\"375\" src=\"https:\/\/www.youtube.com\/embed\/KCbiXBAFNAY?feature=oembed\" frameborder=\"0\" allow=\"accelerometer; autoplay; clipboard-write; encrypted-media; gyroscope; picture-in-picture; web-share\" referrerpolicy=\"strict-origin-when-cross-origin\" allowfullscreen><\/iframe><\/div>\n<div class=\"jeg_video_container jeg_video_content\"><iframe loading=\"lazy\" title=\"2018 08 21 HOMENAJE AL DR DUARTE 6 SERGIO BORDONI\" width=\"500\" height=\"375\" src=\"https:\/\/www.youtube.com\/embed\/c9rS7rIHBmg?feature=oembed\" frameborder=\"0\" allow=\"accelerometer; autoplay; clipboard-write; encrypted-media; gyroscope; picture-in-picture; web-share\" referrerpolicy=\"strict-origin-when-cross-origin\" allowfullscreen><\/iframe><\/div>\n<div class=\"jeg_video_container jeg_video_content\"><iframe loading=\"lazy\" title=\"2018 08 21 HOMENAJE AL DR DUARTE 9 MARCELA GUIDO\" width=\"500\" height=\"375\" src=\"https:\/\/www.youtube.com\/embed\/YKbXLc4-CTE?feature=oembed\" frameborder=\"0\" allow=\"accelerometer; autoplay; clipboard-write; encrypted-media; gyroscope; picture-in-picture; web-share\" referrerpolicy=\"strict-origin-when-cross-origin\" allowfullscreen><\/iframe><\/div>\n<div class=\"jeg_video_container jeg_video_content\"><iframe loading=\"lazy\" title=\"2018 08 21 HOMENAJE AL DR DUARTE 7 MARA SOTELO DE DUARTE\" width=\"500\" height=\"375\" src=\"https:\/\/www.youtube.com\/embed\/Ee6aFmhaM4k?feature=oembed\" frameborder=\"0\" allow=\"accelerometer; autoplay; clipboard-write; encrypted-media; gyroscope; picture-in-picture; web-share\" referrerpolicy=\"strict-origin-when-cross-origin\" allowfullscreen><\/iframe><\/div>\n<div class=\"jeg_video_container jeg_video_content\"><iframe loading=\"lazy\" title=\"2018 08 21 HOMENAJE AL DR DUARTE 8 SUSANA CATALINA SAUER\" width=\"500\" height=\"375\" src=\"https:\/\/www.youtube.com\/embed\/MXdCOBA-Oyo?feature=oembed\" frameborder=\"0\" allow=\"accelerometer; autoplay; clipboard-write; encrypted-media; gyroscope; picture-in-picture; web-share\" referrerpolicy=\"strict-origin-when-cross-origin\" allowfullscreen><\/iframe><\/div>\n<p><a href=\"http:\/\/www.celttv.com.ar\/?attachment_id=36266\" rel=\"attachment wp-att-36266\"><img loading=\"lazy\" decoding=\"async\" class=\"alignleft size-medium wp-image-36266\" src=\"http:\/\/www.celttv.com.ar\/wp-content\/uploads\/2018\/08\/DSCN5266-1024x768-780x585.jpg\" alt=\"\" width=\"780\" height=\"585\" \/><\/a> <a href=\"http:\/\/www.celttv.com.ar\/?attachment_id=36265\" rel=\"attachment wp-att-36265\"><img loading=\"lazy\" decoding=\"async\" class=\"alignleft size-medium wp-image-36265\" src=\"http:\/\/www.celttv.com.ar\/wp-content\/uploads\/2018\/08\/DSCN5264-1024x768-780x585.jpg\" alt=\"\" width=\"780\" height=\"585\" \/><\/a> <a href=\"http:\/\/www.celttv.com.ar\/?attachment_id=36268\" rel=\"attachment wp-att-36268\"><img loading=\"lazy\" decoding=\"async\" class=\"alignleft size-medium wp-image-36268\" src=\"http:\/\/www.celttv.com.ar\/wp-content\/uploads\/2018\/08\/DSCN5298-1024x768-780x585.jpg\" alt=\"\" width=\"780\" height=\"585\" \/><\/a><\/p>\n","protected":false},"excerpt":{"rendered":"<p>Autoridades municipales, familiares, colegas, compa\u00f1eros de trabajo, concejales y amigos, se dieron cita en el Hospital Municipal &#8220;Dr. Alberto Castro&#8221; para rendir homenaje al doctor V\u00edctor Duarte Oses, a un a\u00f1o de su fallecimiento. El acto, que dio inici\u00f3 pasadas las 11.00 hs., tuvo lugar en el acceso al sector en donde m\u00e1s horas dedic\u00f3, [&hellip;]<\/p>\n","protected":false},"author":1,"featured_media":36267,"comment_status":"closed","ping_status":"open","sticky":false,"template":"","format":"standard","meta":{"footnotes":""},"categories":[54,55,51,52],"tags":[],"class_list":["post-36264","post","type-post","status-publish","format-standard","has-post-thumbnail","hentry","category-atencion-salud","category-celt-tv-noticias","category-comunidad","category-destacadas"],"yoast_head":"<!-- This site is optimized with the Yoast SEO plugin v19.7.1 - https:\/\/yoast.com\/wordpress\/plugins\/seo\/ -->\n<title>Emotivo homenaje al Dr. V\u00edctor Duarte, a un a\u00f1o de su fallecimiento (VIDEOS ENTREVISTAS) - CELTTV<\/title>\n<meta name=\"description\" content=\"Sitio web de noticias de la localidad de Tornquist, provincia de Buenos Aires, Rep\u00fablica Argentina. Contenido propio originado por periodistas de CELTTV, el canal de TV local de la Cooperativa El\u00e9ctrica de Tornquist. Turismo, Pol\u00edtica, Sociedad, Deporte, Cultura y todo el contenido de inter\u00e9s general que la gente del pueblo y la regi\u00f3n debe conocer.\" \/>\n<meta name=\"robots\" content=\"index, follow, max-snippet:-1, max-image-preview:large, max-video-preview:-1\" \/>\n<link rel=\"canonical\" href=\"https:\/\/www.celttv.com.ar\/index.php\/2018\/08\/21\/emotivo-homenaje-al-dr-victor-duarte-a-un-ano-de-su-fallecimiento-videos-entrevistas\/\" \/>\n<meta property=\"og:locale\" content=\"es_ES\" \/>\n<meta property=\"og:type\" content=\"article\" \/>\n<meta property=\"og:title\" content=\"Emotivo homenaje al Dr. V\u00edctor Duarte, a un a\u00f1o de su fallecimiento (VIDEOS ENTREVISTAS) - CELTTV\" \/>\n<meta property=\"og:description\" content=\"Sitio web de noticias de la localidad de Tornquist, provincia de Buenos Aires, Rep\u00fablica Argentina. Contenido propio originado por periodistas de CELTTV, el canal de TV local de la Cooperativa El\u00e9ctrica de Tornquist. Turismo, Pol\u00edtica, Sociedad, Deporte, Cultura y todo el contenido de inter\u00e9s general que la gente del pueblo y la regi\u00f3n debe conocer.\" \/>\n<meta property=\"og:url\" content=\"https:\/\/www.celttv.com.ar\/index.php\/2018\/08\/21\/emotivo-homenaje-al-dr-victor-duarte-a-un-ano-de-su-fallecimiento-videos-entrevistas\/\" \/>\n<meta property=\"og:site_name\" content=\"CELTTV\" \/>\n<meta property=\"article:publisher\" content=\"https:\/\/www.facebook.com\/celtTV\/\" \/>\n<meta property=\"article:published_time\" content=\"2018-08-21T18:49:51+00:00\" \/>\n<meta property=\"og:image\" content=\"https:\/\/www.celttv.com.ar\/wp-content\/uploads\/2018\/08\/DSCN5293-1024x768-1.jpg\" \/>\n\t<meta property=\"og:image:width\" content=\"1024\" \/>\n\t<meta property=\"og:image:height\" content=\"768\" \/>\n\t<meta property=\"og:image:type\" content=\"image\/jpeg\" \/>\n<meta name=\"author\" content=\"ulises\" \/>\n<meta name=\"twitter:card\" content=\"summary_large_image\" \/>\n<meta name=\"twitter:label1\" content=\"Escrito por\" \/>\n\t<meta name=\"twitter:data1\" content=\"ulises\" \/>\n\t<meta name=\"twitter:label2\" content=\"Tiempo de lectura\" \/>\n\t<meta name=\"twitter:data2\" content=\"1 minuto\" \/>\n<script type=\"application\/ld+json\" class=\"yoast-schema-graph\">{\"@context\":\"https:\/\/schema.org\",\"@graph\":[{\"@type\":\"NewsArticle\",\"@id\":\"https:\/\/www.celttv.com.ar\/index.php\/2018\/08\/21\/emotivo-homenaje-al-dr-victor-duarte-a-un-ano-de-su-fallecimiento-videos-entrevistas\/#article\",\"isPartOf\":{\"@id\":\"https:\/\/www.celttv.com.ar\/index.php\/2018\/08\/21\/emotivo-homenaje-al-dr-victor-duarte-a-un-ano-de-su-fallecimiento-videos-entrevistas\/\"},\"author\":{\"name\":\"ulises\",\"@id\":\"https:\/\/www.celttv.com.ar\/#\/schema\/person\/6d99c072dba59953809c81446e9d0ace\"},\"headline\":\"Emotivo homenaje al Dr. V\u00edctor Duarte, a un a\u00f1o de su fallecimiento (VIDEOS ENTREVISTAS)\",\"datePublished\":\"2018-08-21T18:49:51+00:00\",\"dateModified\":\"2018-08-21T18:49:51+00:00\",\"mainEntityOfPage\":{\"@id\":\"https:\/\/www.celttv.com.ar\/index.php\/2018\/08\/21\/emotivo-homenaje-al-dr-victor-duarte-a-un-ano-de-su-fallecimiento-videos-entrevistas\/\"},\"wordCount\":208,\"publisher\":{\"@id\":\"https:\/\/www.celttv.com.ar\/#organization\"},\"articleSection\":[\"Atenci\u00f3n Salud\",\"Celt TV Noticias\",\"Comunidad\",\"Destacadas\"],\"inLanguage\":\"es\"},{\"@type\":\"WebPage\",\"@id\":\"https:\/\/www.celttv.com.ar\/index.php\/2018\/08\/21\/emotivo-homenaje-al-dr-victor-duarte-a-un-ano-de-su-fallecimiento-videos-entrevistas\/\",\"url\":\"https:\/\/www.celttv.com.ar\/index.php\/2018\/08\/21\/emotivo-homenaje-al-dr-victor-duarte-a-un-ano-de-su-fallecimiento-videos-entrevistas\/\",\"name\":\"Emotivo homenaje al Dr. V\u00edctor Duarte, a un a\u00f1o de su fallecimiento (VIDEOS ENTREVISTAS) - CELTTV\",\"isPartOf\":{\"@id\":\"https:\/\/www.celttv.com.ar\/#website\"},\"datePublished\":\"2018-08-21T18:49:51+00:00\",\"dateModified\":\"2018-08-21T18:49:51+00:00\",\"description\":\"Sitio web de noticias de la localidad de Tornquist, provincia de Buenos Aires, Rep\u00fablica Argentina. Contenido propio originado por periodistas de CELTTV, el canal de TV local de la Cooperativa El\u00e9ctrica de Tornquist. Turismo, Pol\u00edtica, Sociedad, Deporte, Cultura y todo el contenido de inter\u00e9s general que la gente del pueblo y la regi\u00f3n debe conocer.\",\"breadcrumb\":{\"@id\":\"https:\/\/www.celttv.com.ar\/index.php\/2018\/08\/21\/emotivo-homenaje-al-dr-victor-duarte-a-un-ano-de-su-fallecimiento-videos-entrevistas\/#breadcrumb\"},\"inLanguage\":\"es\",\"potentialAction\":[{\"@type\":\"ReadAction\",\"target\":[\"https:\/\/www.celttv.com.ar\/index.php\/2018\/08\/21\/emotivo-homenaje-al-dr-victor-duarte-a-un-ano-de-su-fallecimiento-videos-entrevistas\/\"]}]},{\"@type\":\"BreadcrumbList\",\"@id\":\"https:\/\/www.celttv.com.ar\/index.php\/2018\/08\/21\/emotivo-homenaje-al-dr-victor-duarte-a-un-ano-de-su-fallecimiento-videos-entrevistas\/#breadcrumb\",\"itemListElement\":[{\"@type\":\"ListItem\",\"position\":1,\"name\":\"Inicio\",\"item\":\"https:\/\/www.celttv.com.ar\/\"},{\"@type\":\"ListItem\",\"position\":2,\"name\":\"Emotivo homenaje al Dr. V\u00edctor Duarte, a un a\u00f1o de su fallecimiento (VIDEOS ENTREVISTAS)\"}]},{\"@type\":\"WebSite\",\"@id\":\"https:\/\/www.celttv.com.ar\/#website\",\"url\":\"https:\/\/www.celttv.com.ar\/\",\"name\":\"CELTTV\",\"description\":\"Cooperativa El\u00e9ctrica de Tornquist\",\"publisher\":{\"@id\":\"https:\/\/www.celttv.com.ar\/#organization\"},\"potentialAction\":[{\"@type\":\"SearchAction\",\"target\":{\"@type\":\"EntryPoint\",\"urlTemplate\":\"https:\/\/www.celttv.com.ar\/?s={search_term_string}\"},\"query-input\":\"required name=search_term_string\"}],\"inLanguage\":\"es\"},{\"@type\":\"Organization\",\"@id\":\"https:\/\/www.celttv.com.ar\/#organization\",\"name\":\"CELTTV\",\"url\":\"https:\/\/www.celttv.com.ar\/\",\"sameAs\":[\"https:\/\/www.youtube.com\/channel\/UCz_oIt8Hig64Ub-EmcNPIhg\",\"https:\/\/www.facebook.com\/celtTV\/\"],\"logo\":{\"@type\":\"ImageObject\",\"inLanguage\":\"es\",\"@id\":\"https:\/\/www.celttv.com.ar\/#\/schema\/logo\/image\/\",\"url\":\"http:\/\/www.celttv.com.ar\/wp-content\/uploads\/2022\/08\/logo-1.png\",\"contentUrl\":\"http:\/\/www.celttv.com.ar\/wp-content\/uploads\/2022\/08\/logo-1.png\",\"width\":461,\"height\":159,\"caption\":\"CELTTV\"},\"image\":{\"@id\":\"https:\/\/www.celttv.com.ar\/#\/schema\/logo\/image\/\"}},{\"@type\":\"Person\",\"@id\":\"https:\/\/www.celttv.com.ar\/#\/schema\/person\/6d99c072dba59953809c81446e9d0ace\",\"name\":\"ulises\",\"image\":{\"@type\":\"ImageObject\",\"inLanguage\":\"es\",\"@id\":\"https:\/\/www.celttv.com.ar\/#\/schema\/person\/image\/\",\"url\":\"https:\/\/secure.gravatar.com\/avatar\/7f2c48bdc33b30088f941fb6082e555f2874c98e20cb159d7b92b50eadfce793?s=96&d=mm&r=g\",\"contentUrl\":\"https:\/\/secure.gravatar.com\/avatar\/7f2c48bdc33b30088f941fb6082e555f2874c98e20cb159d7b92b50eadfce793?s=96&d=mm&r=g\",\"caption\":\"ulises\"},\"sameAs\":[\"http:\/\/www.celttv.com.ar\"]}]}<\/script>\n<!-- \/ Yoast SEO plugin. -->","yoast_head_json":{"title":"Emotivo homenaje al Dr. V\u00edctor Duarte, a un a\u00f1o de su fallecimiento (VIDEOS ENTREVISTAS) - CELTTV","description":"Sitio web de noticias de la localidad de Tornquist, provincia de Buenos Aires, Rep\u00fablica Argentina. Contenido propio originado por periodistas de CELTTV, el canal de TV local de la Cooperativa El\u00e9ctrica de Tornquist. Turismo, Pol\u00edtica, Sociedad, Deporte, Cultura y todo el contenido de inter\u00e9s general que la gente del pueblo y la regi\u00f3n debe conocer.","robots":{"index":"index","follow":"follow","max-snippet":"max-snippet:-1","max-image-preview":"max-image-preview:large","max-video-preview":"max-video-preview:-1"},"canonical":"https:\/\/www.celttv.com.ar\/index.php\/2018\/08\/21\/emotivo-homenaje-al-dr-victor-duarte-a-un-ano-de-su-fallecimiento-videos-entrevistas\/","og_locale":"es_ES","og_type":"article","og_title":"Emotivo homenaje al Dr. V\u00edctor Duarte, a un a\u00f1o de su fallecimiento (VIDEOS ENTREVISTAS) - CELTTV","og_description":"Sitio web de noticias de la localidad de Tornquist, provincia de Buenos Aires, Rep\u00fablica Argentina. Contenido propio originado por periodistas de CELTTV, el canal de TV local de la Cooperativa El\u00e9ctrica de Tornquist. Turismo, Pol\u00edtica, Sociedad, Deporte, Cultura y todo el contenido de inter\u00e9s general que la gente del pueblo y la regi\u00f3n debe conocer.","og_url":"https:\/\/www.celttv.com.ar\/index.php\/2018\/08\/21\/emotivo-homenaje-al-dr-victor-duarte-a-un-ano-de-su-fallecimiento-videos-entrevistas\/","og_site_name":"CELTTV","article_publisher":"https:\/\/www.facebook.com\/celtTV\/","article_published_time":"2018-08-21T18:49:51+00:00","og_image":[{"width":1024,"height":768,"url":"https:\/\/www.celttv.com.ar\/wp-content\/uploads\/2018\/08\/DSCN5293-1024x768-1.jpg","type":"image\/jpeg"}],"author":"ulises","twitter_card":"summary_large_image","twitter_misc":{"Escrito por":"ulises","Tiempo de lectura":"1 minuto"},"schema":{"@context":"https:\/\/schema.org","@graph":[{"@type":"NewsArticle","@id":"https:\/\/www.celttv.com.ar\/index.php\/2018\/08\/21\/emotivo-homenaje-al-dr-victor-duarte-a-un-ano-de-su-fallecimiento-videos-entrevistas\/#article","isPartOf":{"@id":"https:\/\/www.celttv.com.ar\/index.php\/2018\/08\/21\/emotivo-homenaje-al-dr-victor-duarte-a-un-ano-de-su-fallecimiento-videos-entrevistas\/"},"author":{"name":"ulises","@id":"https:\/\/www.celttv.com.ar\/#\/schema\/person\/6d99c072dba59953809c81446e9d0ace"},"headline":"Emotivo homenaje al Dr. V\u00edctor Duarte, a un a\u00f1o de su fallecimiento (VIDEOS ENTREVISTAS)","datePublished":"2018-08-21T18:49:51+00:00","dateModified":"2018-08-21T18:49:51+00:00","mainEntityOfPage":{"@id":"https:\/\/www.celttv.com.ar\/index.php\/2018\/08\/21\/emotivo-homenaje-al-dr-victor-duarte-a-un-ano-de-su-fallecimiento-videos-entrevistas\/"},"wordCount":208,"publisher":{"@id":"https:\/\/www.celttv.com.ar\/#organization"},"articleSection":["Atenci\u00f3n Salud","Celt TV Noticias","Comunidad","Destacadas"],"inLanguage":"es"},{"@type":"WebPage","@id":"https:\/\/www.celttv.com.ar\/index.php\/2018\/08\/21\/emotivo-homenaje-al-dr-victor-duarte-a-un-ano-de-su-fallecimiento-videos-entrevistas\/","url":"https:\/\/www.celttv.com.ar\/index.php\/2018\/08\/21\/emotivo-homenaje-al-dr-victor-duarte-a-un-ano-de-su-fallecimiento-videos-entrevistas\/","name":"Emotivo homenaje al Dr. V\u00edctor Duarte, a un a\u00f1o de su fallecimiento (VIDEOS ENTREVISTAS) - CELTTV","isPartOf":{"@id":"https:\/\/www.celttv.com.ar\/#website"},"datePublished":"2018-08-21T18:49:51+00:00","dateModified":"2018-08-21T18:49:51+00:00","description":"Sitio web de noticias de la localidad de Tornquist, provincia de Buenos Aires, Rep\u00fablica Argentina. Contenido propio originado por periodistas de CELTTV, el canal de TV local de la Cooperativa El\u00e9ctrica de Tornquist. Turismo, Pol\u00edtica, Sociedad, Deporte, Cultura y todo el contenido de inter\u00e9s general que la gente del pueblo y la regi\u00f3n debe conocer.","breadcrumb":{"@id":"https:\/\/www.celttv.com.ar\/index.php\/2018\/08\/21\/emotivo-homenaje-al-dr-victor-duarte-a-un-ano-de-su-fallecimiento-videos-entrevistas\/#breadcrumb"},"inLanguage":"es","potentialAction":[{"@type":"ReadAction","target":["https:\/\/www.celttv.com.ar\/index.php\/2018\/08\/21\/emotivo-homenaje-al-dr-victor-duarte-a-un-ano-de-su-fallecimiento-videos-entrevistas\/"]}]},{"@type":"BreadcrumbList","@id":"https:\/\/www.celttv.com.ar\/index.php\/2018\/08\/21\/emotivo-homenaje-al-dr-victor-duarte-a-un-ano-de-su-fallecimiento-videos-entrevistas\/#breadcrumb","itemListElement":[{"@type":"ListItem","position":1,"name":"Inicio","item":"https:\/\/www.celttv.com.ar\/"},{"@type":"ListItem","position":2,"name":"Emotivo homenaje al Dr. V\u00edctor Duarte, a un a\u00f1o de su fallecimiento (VIDEOS ENTREVISTAS)"}]},{"@type":"WebSite","@id":"https:\/\/www.celttv.com.ar\/#website","url":"https:\/\/www.celttv.com.ar\/","name":"CELTTV","description":"Cooperativa El\u00e9ctrica de Tornquist","publisher":{"@id":"https:\/\/www.celttv.com.ar\/#organization"},"potentialAction":[{"@type":"SearchAction","target":{"@type":"EntryPoint","urlTemplate":"https:\/\/www.celttv.com.ar\/?s={search_term_string}"},"query-input":"required name=search_term_string"}],"inLanguage":"es"},{"@type":"Organization","@id":"https:\/\/www.celttv.com.ar\/#organization","name":"CELTTV","url":"https:\/\/www.celttv.com.ar\/","sameAs":["https:\/\/www.youtube.com\/channel\/UCz_oIt8Hig64Ub-EmcNPIhg","https:\/\/www.facebook.com\/celtTV\/"],"logo":{"@type":"ImageObject","inLanguage":"es","@id":"https:\/\/www.celttv.com.ar\/#\/schema\/logo\/image\/","url":"http:\/\/www.celttv.com.ar\/wp-content\/uploads\/2022\/08\/logo-1.png","contentUrl":"http:\/\/www.celttv.com.ar\/wp-content\/uploads\/2022\/08\/logo-1.png","width":461,"height":159,"caption":"CELTTV"},"image":{"@id":"https:\/\/www.celttv.com.ar\/#\/schema\/logo\/image\/"}},{"@type":"Person","@id":"https:\/\/www.celttv.com.ar\/#\/schema\/person\/6d99c072dba59953809c81446e9d0ace","name":"ulises","image":{"@type":"ImageObject","inLanguage":"es","@id":"https:\/\/www.celttv.com.ar\/#\/schema\/person\/image\/","url":"https:\/\/secure.gravatar.com\/avatar\/7f2c48bdc33b30088f941fb6082e555f2874c98e20cb159d7b92b50eadfce793?s=96&d=mm&r=g","contentUrl":"https:\/\/secure.gravatar.com\/avatar\/7f2c48bdc33b30088f941fb6082e555f2874c98e20cb159d7b92b50eadfce793?s=96&d=mm&r=g","caption":"ulises"},"sameAs":["http:\/\/www.celttv.com.ar"]}]}},"_links":{"self":[{"href":"https:\/\/www.celttv.com.ar\/index.php\/wp-json\/wp\/v2\/posts\/36264","targetHints":{"allow":["GET"]}}],"collection":[{"href":"https:\/\/www.celttv.com.ar\/index.php\/wp-json\/wp\/v2\/posts"}],"about":[{"href":"https:\/\/www.celttv.com.ar\/index.php\/wp-json\/wp\/v2\/types\/post"}],"author":[{"embeddable":true,"href":"https:\/\/www.celttv.com.ar\/index.php\/wp-json\/wp\/v2\/users\/1"}],"replies":[{"embeddable":true,"href":"https:\/\/www.celttv.com.ar\/index.php\/wp-json\/wp\/v2\/comments?post=36264"}],"version-history":[{"count":0,"href":"https:\/\/www.celttv.com.ar\/index.php\/wp-json\/wp\/v2\/posts\/36264\/revisions"}],"wp:featuredmedia":[{"embeddable":true,"href":"https:\/\/www.celttv.com.ar\/index.php\/wp-json\/wp\/v2\/media\/36267"}],"wp:attachment":[{"href":"https:\/\/www.celttv.com.ar\/index.php\/wp-json\/wp\/v2\/media?parent=36264"}],"wp:term":[{"taxonomy":"category","embeddable":true,"href":"https:\/\/www.celttv.com.ar\/index.php\/wp-json\/wp\/v2\/categories?post=36264"},{"taxonomy":"post_tag","embeddable":true,"href":"https:\/\/www.celttv.com.ar\/index.php\/wp-json\/wp\/v2\/tags?post=36264"}],"curies":[{"name":"wp","href":"https:\/\/api.w.org\/{rel}","templated":true}]}}