{"id":36272,"date":"2018-08-21T19:08:56","date_gmt":"2018-08-21T19:08:56","guid":{"rendered":"http:\/\/www.celttv.com.ar\/?p=36272"},"modified":"2018-08-21T19:08:56","modified_gmt":"2018-08-21T19:08:56","slug":"mas-de-150-ninos-festejaron-su-dia-en-el-centro-cultural-de-sierra-de-la-ventana","status":"publish","type":"post","link":"https:\/\/www.celttv.com.ar\/index.php\/2018\/08\/21\/mas-de-150-ninos-festejaron-su-dia-en-el-centro-cultural-de-sierra-de-la-ventana\/","title":{"rendered":"M\u00e1s de 150 ni\u00f1os festejaron su d\u00eda en el Centro Cultural de Sierra de la Ventana"},"content":{"rendered":"<p>M\u00e1s de 150 ni\u00f1os pudieron disfrutar, el d\u00eda de ayer, del festival del d\u00eda del ni\u00f1o \u201cJuntos es Mejor\u201d, en el predio del Centro Cultural.<br \/>\nEl d\u00eda frio no pudo parar el festejo organizado para los m\u00e1s bajitos, quienes se acercaron para jugar junto al Club Ventana, la Junta Vecinal de Villa Arcadia, dieron el tradicional paseo en autobomba con los Bomberos Voluntarios de la localidad y\u00a0 se recrearon en el rinc\u00f3n literario de la Biblioteca Mariano Moreno. Tambi\u00e9n estuvo presente, acompa\u00f1ando en esta iniciativa, la Comisaria de la Mujer.<br \/>\nDurante la jornada, que dio inicio a las 14hs, se presentaron: el grupo de taekwondo del Club Ventana, que junto a su profesor, realizaron una serie de demostraciones; Florinda, deleitando a los m\u00e1s peque\u00f1os con sus canciones; &#8220;Marmolados Circo&#8221; con sus malabares, burbujas gigantes y zancos hicieron que la tarde se llenara de sorpresas; \u00a0y para cerrar, la participaci\u00f3n de Alejandra Medina puso a bailar Zumba a chicos y grandes.<br \/>\nPara finalizar el festejo se ofreci\u00f3 un chocolate caliente con tortas a cargo de Bomberos Voluntarios. Adem\u00e1s se repartieron juguetes y bolsitas de golosinas para los ni\u00f1os presentes.<br \/>\nAgradecemos el compromiso y participaci\u00f3n de cada una de las instituciones, que junto al Municipio, trabajaron mancomunadamente para hacer que los ni\u00f1os disfruten de su d\u00eda.<br \/>\n<a href=\"http:\/\/www.celttv.com.ar\/?attachment_id=36274\" rel=\"attachment wp-att-36274\"><img loading=\"lazy\" decoding=\"async\" class=\"alignleft size-medium wp-image-36274\" src=\"http:\/\/www.celttv.com.ar\/wp-content\/uploads\/2018\/08\/WhatsApp-Image-2018-08-19-at-16.45.34-1024x576-780x439.jpeg\" alt=\"\" width=\"780\" height=\"439\" \/><\/a> <a href=\"http:\/\/www.celttv.com.ar\/?attachment_id=36275\" rel=\"attachment wp-att-36275\"><img loading=\"lazy\" decoding=\"async\" class=\"alignleft size-medium wp-image-36275\" src=\"http:\/\/www.celttv.com.ar\/wp-content\/uploads\/2018\/08\/WhatsApp-Image-2018-08-21-at-9.07.51-AM-e1534857737764-1024x576-780x439.jpeg\" alt=\"\" width=\"780\" height=\"439\" \/><\/a> <a href=\"http:\/\/www.celttv.com.ar\/?attachment_id=36276\" rel=\"attachment wp-att-36276\"><img loading=\"lazy\" decoding=\"async\" class=\"alignleft size-medium wp-image-36276\" src=\"http:\/\/www.celttv.com.ar\/wp-content\/uploads\/2018\/08\/WhatsApp-Image-2018-08-21-at-9.08.09-AM-1-614x1024-468x780.jpeg\" alt=\"\" width=\"468\" height=\"780\" \/><\/a><\/p>\n","protected":false},"excerpt":{"rendered":"<p>M\u00e1s de 150 ni\u00f1os pudieron disfrutar, el d\u00eda de ayer, del festival del d\u00eda del ni\u00f1o \u201cJuntos es Mejor\u201d, en el predio del Centro Cultural. El d\u00eda frio no pudo parar el festejo organizado para los m\u00e1s bajitos, quienes se acercaron para jugar junto al Club Ventana, la Junta Vecinal de Villa Arcadia, dieron el [&hellip;]<\/p>\n","protected":false},"author":1,"featured_media":36273,"comment_status":"closed","ping_status":"open","sticky":false,"template":"","format":"standard","meta":{"footnotes":""},"categories":[55,51,52],"tags":[],"class_list":["post-36272","post","type-post","status-publish","format-standard","has-post-thumbnail","hentry","category-celt-tv-noticias","category-comunidad","category-destacadas"],"yoast_head":"<!-- This site is optimized with the Yoast SEO plugin v19.7.1 - https:\/\/yoast.com\/wordpress\/plugins\/seo\/ -->\n<title>M\u00e1s de 150 ni\u00f1os festejaron su d\u00eda en el Centro Cultural de Sierra de la Ventana - CELTTV<\/title>\n<meta name=\"description\" content=\"Sitio web de noticias de la localidad de Tornquist, provincia de Buenos Aires, Rep\u00fablica Argentina. Contenido propio originado por periodistas de CELTTV, el canal de TV local de la Cooperativa El\u00e9ctrica de Tornquist. Turismo, Pol\u00edtica, Sociedad, Deporte, Cultura y todo el contenido de inter\u00e9s general que la gente del pueblo y la regi\u00f3n debe conocer.\" \/>\n<meta name=\"robots\" content=\"index, follow, max-snippet:-1, max-image-preview:large, max-video-preview:-1\" \/>\n<link rel=\"canonical\" href=\"https:\/\/www.celttv.com.ar\/index.php\/2018\/08\/21\/mas-de-150-ninos-festejaron-su-dia-en-el-centro-cultural-de-sierra-de-la-ventana\/\" \/>\n<meta property=\"og:locale\" content=\"es_ES\" \/>\n<meta property=\"og:type\" content=\"article\" \/>\n<meta property=\"og:title\" content=\"M\u00e1s de 150 ni\u00f1os festejaron su d\u00eda en el Centro Cultural de Sierra de la Ventana - CELTTV\" \/>\n<meta property=\"og:description\" content=\"Sitio web de noticias de la localidad de Tornquist, provincia de Buenos Aires, Rep\u00fablica Argentina. Contenido propio originado por periodistas de CELTTV, el canal de TV local de la Cooperativa El\u00e9ctrica de Tornquist. Turismo, Pol\u00edtica, Sociedad, Deporte, Cultura y todo el contenido de inter\u00e9s general que la gente del pueblo y la regi\u00f3n debe conocer.\" \/>\n<meta property=\"og:url\" content=\"https:\/\/www.celttv.com.ar\/index.php\/2018\/08\/21\/mas-de-150-ninos-festejaron-su-dia-en-el-centro-cultural-de-sierra-de-la-ventana\/\" \/>\n<meta property=\"og:site_name\" content=\"CELTTV\" \/>\n<meta property=\"article:publisher\" content=\"https:\/\/www.facebook.com\/celtTV\/\" \/>\n<meta property=\"article:published_time\" content=\"2018-08-21T19:08:56+00:00\" \/>\n<meta property=\"og:image\" content=\"https:\/\/www.celttv.com.ar\/wp-content\/uploads\/2018\/08\/WhatsApp-Image-2018-08-19-at-16.44.23-1024x576-1.jpeg\" \/>\n\t<meta property=\"og:image:width\" content=\"1024\" \/>\n\t<meta property=\"og:image:height\" content=\"576\" \/>\n\t<meta property=\"og:image:type\" content=\"image\/jpeg\" \/>\n<meta name=\"author\" content=\"ulises\" \/>\n<meta name=\"twitter:card\" content=\"summary_large_image\" \/>\n<meta name=\"twitter:label1\" content=\"Escrito por\" \/>\n\t<meta name=\"twitter:data1\" content=\"ulises\" \/>\n\t<meta name=\"twitter:label2\" content=\"Tiempo de lectura\" \/>\n\t<meta name=\"twitter:data2\" content=\"1 minuto\" \/>\n<script type=\"application\/ld+json\" class=\"yoast-schema-graph\">{\"@context\":\"https:\/\/schema.org\",\"@graph\":[{\"@type\":\"NewsArticle\",\"@id\":\"https:\/\/www.celttv.com.ar\/index.php\/2018\/08\/21\/mas-de-150-ninos-festejaron-su-dia-en-el-centro-cultural-de-sierra-de-la-ventana\/#article\",\"isPartOf\":{\"@id\":\"https:\/\/www.celttv.com.ar\/index.php\/2018\/08\/21\/mas-de-150-ninos-festejaron-su-dia-en-el-centro-cultural-de-sierra-de-la-ventana\/\"},\"author\":{\"name\":\"ulises\",\"@id\":\"https:\/\/www.celttv.com.ar\/#\/schema\/person\/6d99c072dba59953809c81446e9d0ace\"},\"headline\":\"M\u00e1s de 150 ni\u00f1os festejaron su d\u00eda en el Centro Cultural de Sierra de la Ventana\",\"datePublished\":\"2018-08-21T19:08:56+00:00\",\"dateModified\":\"2018-08-21T19:08:56+00:00\",\"mainEntityOfPage\":{\"@id\":\"https:\/\/www.celttv.com.ar\/index.php\/2018\/08\/21\/mas-de-150-ninos-festejaron-su-dia-en-el-centro-cultural-de-sierra-de-la-ventana\/\"},\"wordCount\":249,\"publisher\":{\"@id\":\"https:\/\/www.celttv.com.ar\/#organization\"},\"articleSection\":[\"Celt TV Noticias\",\"Comunidad\",\"Destacadas\"],\"inLanguage\":\"es\"},{\"@type\":\"WebPage\",\"@id\":\"https:\/\/www.celttv.com.ar\/index.php\/2018\/08\/21\/mas-de-150-ninos-festejaron-su-dia-en-el-centro-cultural-de-sierra-de-la-ventana\/\",\"url\":\"https:\/\/www.celttv.com.ar\/index.php\/2018\/08\/21\/mas-de-150-ninos-festejaron-su-dia-en-el-centro-cultural-de-sierra-de-la-ventana\/\",\"name\":\"M\u00e1s de 150 ni\u00f1os festejaron su d\u00eda en el Centro Cultural de Sierra de la Ventana - CELTTV\",\"isPartOf\":{\"@id\":\"https:\/\/www.celttv.com.ar\/#website\"},\"datePublished\":\"2018-08-21T19:08:56+00:00\",\"dateModified\":\"2018-08-21T19:08:56+00:00\",\"description\":\"Sitio web de noticias de la localidad de Tornquist, provincia de Buenos Aires, Rep\u00fablica Argentina. Contenido propio originado por periodistas de CELTTV, el canal de TV local de la Cooperativa El\u00e9ctrica de Tornquist. Turismo, Pol\u00edtica, Sociedad, Deporte, Cultura y todo el contenido de inter\u00e9s general que la gente del pueblo y la regi\u00f3n debe conocer.\",\"breadcrumb\":{\"@id\":\"https:\/\/www.celttv.com.ar\/index.php\/2018\/08\/21\/mas-de-150-ninos-festejaron-su-dia-en-el-centro-cultural-de-sierra-de-la-ventana\/#breadcrumb\"},\"inLanguage\":\"es\",\"potentialAction\":[{\"@type\":\"ReadAction\",\"target\":[\"https:\/\/www.celttv.com.ar\/index.php\/2018\/08\/21\/mas-de-150-ninos-festejaron-su-dia-en-el-centro-cultural-de-sierra-de-la-ventana\/\"]}]},{\"@type\":\"BreadcrumbList\",\"@id\":\"https:\/\/www.celttv.com.ar\/index.php\/2018\/08\/21\/mas-de-150-ninos-festejaron-su-dia-en-el-centro-cultural-de-sierra-de-la-ventana\/#breadcrumb\",\"itemListElement\":[{\"@type\":\"ListItem\",\"position\":1,\"name\":\"Inicio\",\"item\":\"https:\/\/www.celttv.com.ar\/\"},{\"@type\":\"ListItem\",\"position\":2,\"name\":\"M\u00e1s de 150 ni\u00f1os festejaron su d\u00eda en el Centro Cultural de Sierra de la Ventana\"}]},{\"@type\":\"WebSite\",\"@id\":\"https:\/\/www.celttv.com.ar\/#website\",\"url\":\"https:\/\/www.celttv.com.ar\/\",\"name\":\"CELTTV\",\"description\":\"Cooperativa El\u00e9ctrica de Tornquist\",\"publisher\":{\"@id\":\"https:\/\/www.celttv.com.ar\/#organization\"},\"potentialAction\":[{\"@type\":\"SearchAction\",\"target\":{\"@type\":\"EntryPoint\",\"urlTemplate\":\"https:\/\/www.celttv.com.ar\/?s={search_term_string}\"},\"query-input\":\"required name=search_term_string\"}],\"inLanguage\":\"es\"},{\"@type\":\"Organization\",\"@id\":\"https:\/\/www.celttv.com.ar\/#organization\",\"name\":\"CELTTV\",\"url\":\"https:\/\/www.celttv.com.ar\/\",\"sameAs\":[\"https:\/\/www.youtube.com\/channel\/UCz_oIt8Hig64Ub-EmcNPIhg\",\"https:\/\/www.facebook.com\/celtTV\/\"],\"logo\":{\"@type\":\"ImageObject\",\"inLanguage\":\"es\",\"@id\":\"https:\/\/www.celttv.com.ar\/#\/schema\/logo\/image\/\",\"url\":\"http:\/\/www.celttv.com.ar\/wp-content\/uploads\/2022\/08\/logo-1.png\",\"contentUrl\":\"http:\/\/www.celttv.com.ar\/wp-content\/uploads\/2022\/08\/logo-1.png\",\"width\":461,\"height\":159,\"caption\":\"CELTTV\"},\"image\":{\"@id\":\"https:\/\/www.celttv.com.ar\/#\/schema\/logo\/image\/\"}},{\"@type\":\"Person\",\"@id\":\"https:\/\/www.celttv.com.ar\/#\/schema\/person\/6d99c072dba59953809c81446e9d0ace\",\"name\":\"ulises\",\"image\":{\"@type\":\"ImageObject\",\"inLanguage\":\"es\",\"@id\":\"https:\/\/www.celttv.com.ar\/#\/schema\/person\/image\/\",\"url\":\"https:\/\/secure.gravatar.com\/avatar\/7f2c48bdc33b30088f941fb6082e555f2874c98e20cb159d7b92b50eadfce793?s=96&d=mm&r=g\",\"contentUrl\":\"https:\/\/secure.gravatar.com\/avatar\/7f2c48bdc33b30088f941fb6082e555f2874c98e20cb159d7b92b50eadfce793?s=96&d=mm&r=g\",\"caption\":\"ulises\"},\"sameAs\":[\"http:\/\/www.celttv.com.ar\"]}]}<\/script>\n<!-- \/ Yoast SEO plugin. -->","yoast_head_json":{"title":"M\u00e1s de 150 ni\u00f1os festejaron su d\u00eda en el Centro Cultural de Sierra de la Ventana - CELTTV","description":"Sitio web de noticias de la localidad de Tornquist, provincia de Buenos Aires, Rep\u00fablica Argentina. Contenido propio originado por periodistas de CELTTV, el canal de TV local de la Cooperativa El\u00e9ctrica de Tornquist. Turismo, Pol\u00edtica, Sociedad, Deporte, Cultura y todo el contenido de inter\u00e9s general que la gente del pueblo y la regi\u00f3n debe conocer.","robots":{"index":"index","follow":"follow","max-snippet":"max-snippet:-1","max-image-preview":"max-image-preview:large","max-video-preview":"max-video-preview:-1"},"canonical":"https:\/\/www.celttv.com.ar\/index.php\/2018\/08\/21\/mas-de-150-ninos-festejaron-su-dia-en-el-centro-cultural-de-sierra-de-la-ventana\/","og_locale":"es_ES","og_type":"article","og_title":"M\u00e1s de 150 ni\u00f1os festejaron su d\u00eda en el Centro Cultural de Sierra de la Ventana - CELTTV","og_description":"Sitio web de noticias de la localidad de Tornquist, provincia de Buenos Aires, Rep\u00fablica Argentina. Contenido propio originado por periodistas de CELTTV, el canal de TV local de la Cooperativa El\u00e9ctrica de Tornquist. Turismo, Pol\u00edtica, Sociedad, Deporte, Cultura y todo el contenido de inter\u00e9s general que la gente del pueblo y la regi\u00f3n debe conocer.","og_url":"https:\/\/www.celttv.com.ar\/index.php\/2018\/08\/21\/mas-de-150-ninos-festejaron-su-dia-en-el-centro-cultural-de-sierra-de-la-ventana\/","og_site_name":"CELTTV","article_publisher":"https:\/\/www.facebook.com\/celtTV\/","article_published_time":"2018-08-21T19:08:56+00:00","og_image":[{"width":1024,"height":576,"url":"https:\/\/www.celttv.com.ar\/wp-content\/uploads\/2018\/08\/WhatsApp-Image-2018-08-19-at-16.44.23-1024x576-1.jpeg","type":"image\/jpeg"}],"author":"ulises","twitter_card":"summary_large_image","twitter_misc":{"Escrito por":"ulises","Tiempo de lectura":"1 minuto"},"schema":{"@context":"https:\/\/schema.org","@graph":[{"@type":"NewsArticle","@id":"https:\/\/www.celttv.com.ar\/index.php\/2018\/08\/21\/mas-de-150-ninos-festejaron-su-dia-en-el-centro-cultural-de-sierra-de-la-ventana\/#article","isPartOf":{"@id":"https:\/\/www.celttv.com.ar\/index.php\/2018\/08\/21\/mas-de-150-ninos-festejaron-su-dia-en-el-centro-cultural-de-sierra-de-la-ventana\/"},"author":{"name":"ulises","@id":"https:\/\/www.celttv.com.ar\/#\/schema\/person\/6d99c072dba59953809c81446e9d0ace"},"headline":"M\u00e1s de 150 ni\u00f1os festejaron su d\u00eda en el Centro Cultural de Sierra de la Ventana","datePublished":"2018-08-21T19:08:56+00:00","dateModified":"2018-08-21T19:08:56+00:00","mainEntityOfPage":{"@id":"https:\/\/www.celttv.com.ar\/index.php\/2018\/08\/21\/mas-de-150-ninos-festejaron-su-dia-en-el-centro-cultural-de-sierra-de-la-ventana\/"},"wordCount":249,"publisher":{"@id":"https:\/\/www.celttv.com.ar\/#organization"},"articleSection":["Celt TV Noticias","Comunidad","Destacadas"],"inLanguage":"es"},{"@type":"WebPage","@id":"https:\/\/www.celttv.com.ar\/index.php\/2018\/08\/21\/mas-de-150-ninos-festejaron-su-dia-en-el-centro-cultural-de-sierra-de-la-ventana\/","url":"https:\/\/www.celttv.com.ar\/index.php\/2018\/08\/21\/mas-de-150-ninos-festejaron-su-dia-en-el-centro-cultural-de-sierra-de-la-ventana\/","name":"M\u00e1s de 150 ni\u00f1os festejaron su d\u00eda en el Centro Cultural de Sierra de la Ventana - CELTTV","isPartOf":{"@id":"https:\/\/www.celttv.com.ar\/#website"},"datePublished":"2018-08-21T19:08:56+00:00","dateModified":"2018-08-21T19:08:56+00:00","description":"Sitio web de noticias de la localidad de Tornquist, provincia de Buenos Aires, Rep\u00fablica Argentina. Contenido propio originado por periodistas de CELTTV, el canal de TV local de la Cooperativa El\u00e9ctrica de Tornquist. Turismo, Pol\u00edtica, Sociedad, Deporte, Cultura y todo el contenido de inter\u00e9s general que la gente del pueblo y la regi\u00f3n debe conocer.","breadcrumb":{"@id":"https:\/\/www.celttv.com.ar\/index.php\/2018\/08\/21\/mas-de-150-ninos-festejaron-su-dia-en-el-centro-cultural-de-sierra-de-la-ventana\/#breadcrumb"},"inLanguage":"es","potentialAction":[{"@type":"ReadAction","target":["https:\/\/www.celttv.com.ar\/index.php\/2018\/08\/21\/mas-de-150-ninos-festejaron-su-dia-en-el-centro-cultural-de-sierra-de-la-ventana\/"]}]},{"@type":"BreadcrumbList","@id":"https:\/\/www.celttv.com.ar\/index.php\/2018\/08\/21\/mas-de-150-ninos-festejaron-su-dia-en-el-centro-cultural-de-sierra-de-la-ventana\/#breadcrumb","itemListElement":[{"@type":"ListItem","position":1,"name":"Inicio","item":"https:\/\/www.celttv.com.ar\/"},{"@type":"ListItem","position":2,"name":"M\u00e1s de 150 ni\u00f1os festejaron su d\u00eda en el Centro Cultural de Sierra de la Ventana"}]},{"@type":"WebSite","@id":"https:\/\/www.celttv.com.ar\/#website","url":"https:\/\/www.celttv.com.ar\/","name":"CELTTV","description":"Cooperativa El\u00e9ctrica de Tornquist","publisher":{"@id":"https:\/\/www.celttv.com.ar\/#organization"},"potentialAction":[{"@type":"SearchAction","target":{"@type":"EntryPoint","urlTemplate":"https:\/\/www.celttv.com.ar\/?s={search_term_string}"},"query-input":"required name=search_term_string"}],"inLanguage":"es"},{"@type":"Organization","@id":"https:\/\/www.celttv.com.ar\/#organization","name":"CELTTV","url":"https:\/\/www.celttv.com.ar\/","sameAs":["https:\/\/www.youtube.com\/channel\/UCz_oIt8Hig64Ub-EmcNPIhg","https:\/\/www.facebook.com\/celtTV\/"],"logo":{"@type":"ImageObject","inLanguage":"es","@id":"https:\/\/www.celttv.com.ar\/#\/schema\/logo\/image\/","url":"http:\/\/www.celttv.com.ar\/wp-content\/uploads\/2022\/08\/logo-1.png","contentUrl":"http:\/\/www.celttv.com.ar\/wp-content\/uploads\/2022\/08\/logo-1.png","width":461,"height":159,"caption":"CELTTV"},"image":{"@id":"https:\/\/www.celttv.com.ar\/#\/schema\/logo\/image\/"}},{"@type":"Person","@id":"https:\/\/www.celttv.com.ar\/#\/schema\/person\/6d99c072dba59953809c81446e9d0ace","name":"ulises","image":{"@type":"ImageObject","inLanguage":"es","@id":"https:\/\/www.celttv.com.ar\/#\/schema\/person\/image\/","url":"https:\/\/secure.gravatar.com\/avatar\/7f2c48bdc33b30088f941fb6082e555f2874c98e20cb159d7b92b50eadfce793?s=96&d=mm&r=g","contentUrl":"https:\/\/secure.gravatar.com\/avatar\/7f2c48bdc33b30088f941fb6082e555f2874c98e20cb159d7b92b50eadfce793?s=96&d=mm&r=g","caption":"ulises"},"sameAs":["http:\/\/www.celttv.com.ar"]}]}},"_links":{"self":[{"href":"https:\/\/www.celttv.com.ar\/index.php\/wp-json\/wp\/v2\/posts\/36272","targetHints":{"allow":["GET"]}}],"collection":[{"href":"https:\/\/www.celttv.com.ar\/index.php\/wp-json\/wp\/v2\/posts"}],"about":[{"href":"https:\/\/www.celttv.com.ar\/index.php\/wp-json\/wp\/v2\/types\/post"}],"author":[{"embeddable":true,"href":"https:\/\/www.celttv.com.ar\/index.php\/wp-json\/wp\/v2\/users\/1"}],"replies":[{"embeddable":true,"href":"https:\/\/www.celttv.com.ar\/index.php\/wp-json\/wp\/v2\/comments?post=36272"}],"version-history":[{"count":0,"href":"https:\/\/www.celttv.com.ar\/index.php\/wp-json\/wp\/v2\/posts\/36272\/revisions"}],"wp:featuredmedia":[{"embeddable":true,"href":"https:\/\/www.celttv.com.ar\/index.php\/wp-json\/wp\/v2\/media\/36273"}],"wp:attachment":[{"href":"https:\/\/www.celttv.com.ar\/index.php\/wp-json\/wp\/v2\/media?parent=36272"}],"wp:term":[{"taxonomy":"category","embeddable":true,"href":"https:\/\/www.celttv.com.ar\/index.php\/wp-json\/wp\/v2\/categories?post=36272"},{"taxonomy":"post_tag","embeddable":true,"href":"https:\/\/www.celttv.com.ar\/index.php\/wp-json\/wp\/v2\/tags?post=36272"}],"curies":[{"name":"wp","href":"https:\/\/api.w.org\/{rel}","templated":true}]}}