{"id":36636,"date":"2018-08-31T19:14:40","date_gmt":"2018-08-31T19:14:40","guid":{"rendered":"http:\/\/www.celttv.com.ar\/?p=36636"},"modified":"2018-08-31T19:14:40","modified_gmt":"2018-08-31T19:14:40","slug":"el-honorable-concejo-deliberante-recibio-la-visita-de-alumnos-de-4o-ano-de-la-escuela-primaria-no-28","status":"publish","type":"post","link":"https:\/\/www.celttv.com.ar\/index.php\/2018\/08\/31\/el-honorable-concejo-deliberante-recibio-la-visita-de-alumnos-de-4o-ano-de-la-escuela-primaria-no-28\/","title":{"rendered":"El Honorable Concejo Deliberante recibi\u00f3 la visita de alumnos de 4\u00ba a\u00f1o de la Escuela Primaria N\u00ba 28"},"content":{"rendered":"<p>viernes 31 de agosto el Honorable Concejo Deliberante recibi\u00f3 la visita de alumnos de 4\u00ba a\u00f1o de la Escuela Primaria N\u00ba 28 de nuestra ciudad, acompa\u00f1ados por la docente Mar\u00eda Consuelo Buitrago.<br \/>\n&nbsp;<br \/>\nFueron atendidos por representantes de los distintos Bloques del Cuerpo Deliberativo, entre los que se encontraban los Concejales Cristian Raising del Bloque Cambiemos, M\u00f3nica Sagredo del Bloque Frente para la Victoria, y del Bloque Frente Justicialista Cumplir la Concejal Laura Rosatelli. Adem\u00e1s se cont\u00f3 con la presencia de\u00a0 la\u00a0 Secretaria Legislativa Valentina Nyez.<br \/>\n&nbsp;<br \/>\nLa Secretaria Legislativa y los\u00a0 Ediles mantuvieron una charla con los\u00a0 presentes y los interiorizaron sobre el\u00a0 funcionamiento del Concejo Deliberante, y la labor que debe desarrollar el\u00a0 concejal como representante de los vecinos del distrito, respondiendo adem\u00e1s las inquietudes planteadas por los alumnos.<br \/>\n&nbsp;<br \/>\nEl Cuerpo Deliberativo agradece la presencia de los alumnos, y reconoce la importancia que tiene el desarrollar en nuestros ni\u00f1os y j\u00f3venes el inter\u00e9s por participar\u00a0 en organismos que hacen a la democracia de nuestro pa\u00eds.<br \/>\n<a href=\"http:\/\/www.celttv.com.ar\/?attachment_id=36637\" rel=\"attachment wp-att-36637\"><img loading=\"lazy\" decoding=\"async\" class=\"alignleft size-medium wp-image-36637\" src=\"http:\/\/www.celttv.com.ar\/wp-content\/uploads\/2018\/08\/P1070114-780x585.jpg\" alt=\"\" width=\"780\" height=\"585\" \/><\/a><br \/>\n<a href=\"http:\/\/www.celttv.com.ar\/?attachment_id=36639\" rel=\"attachment wp-att-36639\"><img loading=\"lazy\" decoding=\"async\" class=\"alignleft size-medium wp-image-36639\" src=\"http:\/\/www.celttv.com.ar\/wp-content\/uploads\/2018\/08\/P1070113-780x585.jpg\" alt=\"\" width=\"780\" height=\"585\" \/><\/a><a href=\"http:\/\/www.celttv.com.ar\/?attachment_id=36640\" rel=\"attachment wp-att-36640\"><img loading=\"lazy\" decoding=\"async\" class=\"alignleft size-medium wp-image-36640\" src=\"http:\/\/www.celttv.com.ar\/wp-content\/uploads\/2018\/08\/P1070115-1-780x585.jpg\" alt=\"\" width=\"780\" height=\"585\" \/><\/a><\/p>\n","protected":false},"excerpt":{"rendered":"<p>viernes 31 de agosto el Honorable Concejo Deliberante recibi\u00f3 la visita de alumnos de 4\u00ba a\u00f1o de la Escuela Primaria N\u00ba 28 de nuestra ciudad, acompa\u00f1ados por la docente Mar\u00eda Consuelo Buitrago. &nbsp; Fueron atendidos por representantes de los distintos Bloques del Cuerpo Deliberativo, entre los que se encontraban los Concejales Cristian Raising del Bloque [&hellip;]<\/p>\n","protected":false},"author":1,"featured_media":36638,"comment_status":"closed","ping_status":"open","sticky":false,"template":"","format":"standard","meta":{"footnotes":""},"categories":[55,51,52],"tags":[],"class_list":["post-36636","post","type-post","status-publish","format-standard","has-post-thumbnail","hentry","category-celt-tv-noticias","category-comunidad","category-destacadas"],"yoast_head":"<!-- This site is optimized with the Yoast SEO plugin v19.7.1 - https:\/\/yoast.com\/wordpress\/plugins\/seo\/ -->\n<title>El Honorable Concejo Deliberante recibi\u00f3 la visita de alumnos de 4\u00ba a\u00f1o de la Escuela Primaria N\u00ba 28 - CELTTV<\/title>\n<meta name=\"description\" content=\"Sitio web de noticias de la localidad de Tornquist, provincia de Buenos Aires, Rep\u00fablica Argentina. Contenido propio originado por periodistas de CELTTV, el canal de TV local de la Cooperativa El\u00e9ctrica de Tornquist. Turismo, Pol\u00edtica, Sociedad, Deporte, Cultura y todo el contenido de inter\u00e9s general que la gente del pueblo y la regi\u00f3n debe conocer.\" \/>\n<meta name=\"robots\" content=\"index, follow, max-snippet:-1, max-image-preview:large, max-video-preview:-1\" \/>\n<link rel=\"canonical\" href=\"https:\/\/www.celttv.com.ar\/index.php\/2018\/08\/31\/el-honorable-concejo-deliberante-recibio-la-visita-de-alumnos-de-4o-ano-de-la-escuela-primaria-no-28\/\" \/>\n<meta property=\"og:locale\" content=\"es_ES\" \/>\n<meta property=\"og:type\" content=\"article\" \/>\n<meta property=\"og:title\" content=\"El Honorable Concejo Deliberante recibi\u00f3 la visita de alumnos de 4\u00ba a\u00f1o de la Escuela Primaria N\u00ba 28 - CELTTV\" \/>\n<meta property=\"og:description\" content=\"Sitio web de noticias de la localidad de Tornquist, provincia de Buenos Aires, Rep\u00fablica Argentina. Contenido propio originado por periodistas de CELTTV, el canal de TV local de la Cooperativa El\u00e9ctrica de Tornquist. Turismo, Pol\u00edtica, Sociedad, Deporte, Cultura y todo el contenido de inter\u00e9s general que la gente del pueblo y la regi\u00f3n debe conocer.\" \/>\n<meta property=\"og:url\" content=\"https:\/\/www.celttv.com.ar\/index.php\/2018\/08\/31\/el-honorable-concejo-deliberante-recibio-la-visita-de-alumnos-de-4o-ano-de-la-escuela-primaria-no-28\/\" \/>\n<meta property=\"og:site_name\" content=\"CELTTV\" \/>\n<meta property=\"article:publisher\" content=\"https:\/\/www.facebook.com\/celtTV\/\" \/>\n<meta property=\"article:published_time\" content=\"2018-08-31T19:14:40+00:00\" \/>\n<meta property=\"og:image\" content=\"https:\/\/www.celttv.com.ar\/wp-content\/uploads\/2018\/08\/P1070119.jpg\" \/>\n\t<meta property=\"og:image:width\" content=\"1024\" \/>\n\t<meta property=\"og:image:height\" content=\"768\" \/>\n\t<meta property=\"og:image:type\" content=\"image\/jpeg\" \/>\n<meta name=\"author\" content=\"ulises\" \/>\n<meta name=\"twitter:card\" content=\"summary_large_image\" \/>\n<meta name=\"twitter:label1\" content=\"Escrito por\" \/>\n\t<meta name=\"twitter:data1\" content=\"ulises\" \/>\n\t<meta name=\"twitter:label2\" content=\"Tiempo de lectura\" \/>\n\t<meta name=\"twitter:data2\" content=\"1 minuto\" \/>\n<script type=\"application\/ld+json\" class=\"yoast-schema-graph\">{\"@context\":\"https:\/\/schema.org\",\"@graph\":[{\"@type\":\"NewsArticle\",\"@id\":\"https:\/\/www.celttv.com.ar\/index.php\/2018\/08\/31\/el-honorable-concejo-deliberante-recibio-la-visita-de-alumnos-de-4o-ano-de-la-escuela-primaria-no-28\/#article\",\"isPartOf\":{\"@id\":\"https:\/\/www.celttv.com.ar\/index.php\/2018\/08\/31\/el-honorable-concejo-deliberante-recibio-la-visita-de-alumnos-de-4o-ano-de-la-escuela-primaria-no-28\/\"},\"author\":{\"name\":\"ulises\",\"@id\":\"https:\/\/www.celttv.com.ar\/#\/schema\/person\/6d99c072dba59953809c81446e9d0ace\"},\"headline\":\"El Honorable Concejo Deliberante recibi\u00f3 la visita de alumnos de 4\u00ba a\u00f1o de la Escuela Primaria N\u00ba 28\",\"datePublished\":\"2018-08-31T19:14:40+00:00\",\"dateModified\":\"2018-08-31T19:14:40+00:00\",\"mainEntityOfPage\":{\"@id\":\"https:\/\/www.celttv.com.ar\/index.php\/2018\/08\/31\/el-honorable-concejo-deliberante-recibio-la-visita-de-alumnos-de-4o-ano-de-la-escuela-primaria-no-28\/\"},\"wordCount\":192,\"publisher\":{\"@id\":\"https:\/\/www.celttv.com.ar\/#organization\"},\"articleSection\":[\"Celt TV Noticias\",\"Comunidad\",\"Destacadas\"],\"inLanguage\":\"es\"},{\"@type\":\"WebPage\",\"@id\":\"https:\/\/www.celttv.com.ar\/index.php\/2018\/08\/31\/el-honorable-concejo-deliberante-recibio-la-visita-de-alumnos-de-4o-ano-de-la-escuela-primaria-no-28\/\",\"url\":\"https:\/\/www.celttv.com.ar\/index.php\/2018\/08\/31\/el-honorable-concejo-deliberante-recibio-la-visita-de-alumnos-de-4o-ano-de-la-escuela-primaria-no-28\/\",\"name\":\"El Honorable Concejo Deliberante recibi\u00f3 la visita de alumnos de 4\u00ba a\u00f1o de la Escuela Primaria N\u00ba 28 - CELTTV\",\"isPartOf\":{\"@id\":\"https:\/\/www.celttv.com.ar\/#website\"},\"datePublished\":\"2018-08-31T19:14:40+00:00\",\"dateModified\":\"2018-08-31T19:14:40+00:00\",\"description\":\"Sitio web de noticias de la localidad de Tornquist, provincia de Buenos Aires, Rep\u00fablica Argentina. Contenido propio originado por periodistas de CELTTV, el canal de TV local de la Cooperativa El\u00e9ctrica de Tornquist. Turismo, Pol\u00edtica, Sociedad, Deporte, Cultura y todo el contenido de inter\u00e9s general que la gente del pueblo y la regi\u00f3n debe conocer.\",\"breadcrumb\":{\"@id\":\"https:\/\/www.celttv.com.ar\/index.php\/2018\/08\/31\/el-honorable-concejo-deliberante-recibio-la-visita-de-alumnos-de-4o-ano-de-la-escuela-primaria-no-28\/#breadcrumb\"},\"inLanguage\":\"es\",\"potentialAction\":[{\"@type\":\"ReadAction\",\"target\":[\"https:\/\/www.celttv.com.ar\/index.php\/2018\/08\/31\/el-honorable-concejo-deliberante-recibio-la-visita-de-alumnos-de-4o-ano-de-la-escuela-primaria-no-28\/\"]}]},{\"@type\":\"BreadcrumbList\",\"@id\":\"https:\/\/www.celttv.com.ar\/index.php\/2018\/08\/31\/el-honorable-concejo-deliberante-recibio-la-visita-de-alumnos-de-4o-ano-de-la-escuela-primaria-no-28\/#breadcrumb\",\"itemListElement\":[{\"@type\":\"ListItem\",\"position\":1,\"name\":\"Inicio\",\"item\":\"https:\/\/www.celttv.com.ar\/\"},{\"@type\":\"ListItem\",\"position\":2,\"name\":\"El Honorable Concejo Deliberante recibi\u00f3 la visita de alumnos de 4\u00ba a\u00f1o de la Escuela Primaria N\u00ba 28\"}]},{\"@type\":\"WebSite\",\"@id\":\"https:\/\/www.celttv.com.ar\/#website\",\"url\":\"https:\/\/www.celttv.com.ar\/\",\"name\":\"CELTTV\",\"description\":\"Cooperativa El\u00e9ctrica de Tornquist\",\"publisher\":{\"@id\":\"https:\/\/www.celttv.com.ar\/#organization\"},\"potentialAction\":[{\"@type\":\"SearchAction\",\"target\":{\"@type\":\"EntryPoint\",\"urlTemplate\":\"https:\/\/www.celttv.com.ar\/?s={search_term_string}\"},\"query-input\":\"required name=search_term_string\"}],\"inLanguage\":\"es\"},{\"@type\":\"Organization\",\"@id\":\"https:\/\/www.celttv.com.ar\/#organization\",\"name\":\"CELTTV\",\"url\":\"https:\/\/www.celttv.com.ar\/\",\"sameAs\":[\"https:\/\/www.youtube.com\/channel\/UCz_oIt8Hig64Ub-EmcNPIhg\",\"https:\/\/www.facebook.com\/celtTV\/\"],\"logo\":{\"@type\":\"ImageObject\",\"inLanguage\":\"es\",\"@id\":\"https:\/\/www.celttv.com.ar\/#\/schema\/logo\/image\/\",\"url\":\"http:\/\/www.celttv.com.ar\/wp-content\/uploads\/2022\/08\/logo-1.png\",\"contentUrl\":\"http:\/\/www.celttv.com.ar\/wp-content\/uploads\/2022\/08\/logo-1.png\",\"width\":461,\"height\":159,\"caption\":\"CELTTV\"},\"image\":{\"@id\":\"https:\/\/www.celttv.com.ar\/#\/schema\/logo\/image\/\"}},{\"@type\":\"Person\",\"@id\":\"https:\/\/www.celttv.com.ar\/#\/schema\/person\/6d99c072dba59953809c81446e9d0ace\",\"name\":\"ulises\",\"image\":{\"@type\":\"ImageObject\",\"inLanguage\":\"es\",\"@id\":\"https:\/\/www.celttv.com.ar\/#\/schema\/person\/image\/\",\"url\":\"https:\/\/secure.gravatar.com\/avatar\/7f2c48bdc33b30088f941fb6082e555f2874c98e20cb159d7b92b50eadfce793?s=96&d=mm&r=g\",\"contentUrl\":\"https:\/\/secure.gravatar.com\/avatar\/7f2c48bdc33b30088f941fb6082e555f2874c98e20cb159d7b92b50eadfce793?s=96&d=mm&r=g\",\"caption\":\"ulises\"},\"sameAs\":[\"http:\/\/www.celttv.com.ar\"]}]}<\/script>\n<!-- \/ Yoast SEO plugin. -->","yoast_head_json":{"title":"El Honorable Concejo Deliberante recibi\u00f3 la visita de alumnos de 4\u00ba a\u00f1o de la Escuela Primaria N\u00ba 28 - CELTTV","description":"Sitio web de noticias de la localidad de Tornquist, provincia de Buenos Aires, Rep\u00fablica Argentina. Contenido propio originado por periodistas de CELTTV, el canal de TV local de la Cooperativa El\u00e9ctrica de Tornquist. Turismo, Pol\u00edtica, Sociedad, Deporte, Cultura y todo el contenido de inter\u00e9s general que la gente del pueblo y la regi\u00f3n debe conocer.","robots":{"index":"index","follow":"follow","max-snippet":"max-snippet:-1","max-image-preview":"max-image-preview:large","max-video-preview":"max-video-preview:-1"},"canonical":"https:\/\/www.celttv.com.ar\/index.php\/2018\/08\/31\/el-honorable-concejo-deliberante-recibio-la-visita-de-alumnos-de-4o-ano-de-la-escuela-primaria-no-28\/","og_locale":"es_ES","og_type":"article","og_title":"El Honorable Concejo Deliberante recibi\u00f3 la visita de alumnos de 4\u00ba a\u00f1o de la Escuela Primaria N\u00ba 28 - CELTTV","og_description":"Sitio web de noticias de la localidad de Tornquist, provincia de Buenos Aires, Rep\u00fablica Argentina. Contenido propio originado por periodistas de CELTTV, el canal de TV local de la Cooperativa El\u00e9ctrica de Tornquist. Turismo, Pol\u00edtica, Sociedad, Deporte, Cultura y todo el contenido de inter\u00e9s general que la gente del pueblo y la regi\u00f3n debe conocer.","og_url":"https:\/\/www.celttv.com.ar\/index.php\/2018\/08\/31\/el-honorable-concejo-deliberante-recibio-la-visita-de-alumnos-de-4o-ano-de-la-escuela-primaria-no-28\/","og_site_name":"CELTTV","article_publisher":"https:\/\/www.facebook.com\/celtTV\/","article_published_time":"2018-08-31T19:14:40+00:00","og_image":[{"width":1024,"height":768,"url":"https:\/\/www.celttv.com.ar\/wp-content\/uploads\/2018\/08\/P1070119.jpg","type":"image\/jpeg"}],"author":"ulises","twitter_card":"summary_large_image","twitter_misc":{"Escrito por":"ulises","Tiempo de lectura":"1 minuto"},"schema":{"@context":"https:\/\/schema.org","@graph":[{"@type":"NewsArticle","@id":"https:\/\/www.celttv.com.ar\/index.php\/2018\/08\/31\/el-honorable-concejo-deliberante-recibio-la-visita-de-alumnos-de-4o-ano-de-la-escuela-primaria-no-28\/#article","isPartOf":{"@id":"https:\/\/www.celttv.com.ar\/index.php\/2018\/08\/31\/el-honorable-concejo-deliberante-recibio-la-visita-de-alumnos-de-4o-ano-de-la-escuela-primaria-no-28\/"},"author":{"name":"ulises","@id":"https:\/\/www.celttv.com.ar\/#\/schema\/person\/6d99c072dba59953809c81446e9d0ace"},"headline":"El Honorable Concejo Deliberante recibi\u00f3 la visita de alumnos de 4\u00ba a\u00f1o de la Escuela Primaria N\u00ba 28","datePublished":"2018-08-31T19:14:40+00:00","dateModified":"2018-08-31T19:14:40+00:00","mainEntityOfPage":{"@id":"https:\/\/www.celttv.com.ar\/index.php\/2018\/08\/31\/el-honorable-concejo-deliberante-recibio-la-visita-de-alumnos-de-4o-ano-de-la-escuela-primaria-no-28\/"},"wordCount":192,"publisher":{"@id":"https:\/\/www.celttv.com.ar\/#organization"},"articleSection":["Celt TV Noticias","Comunidad","Destacadas"],"inLanguage":"es"},{"@type":"WebPage","@id":"https:\/\/www.celttv.com.ar\/index.php\/2018\/08\/31\/el-honorable-concejo-deliberante-recibio-la-visita-de-alumnos-de-4o-ano-de-la-escuela-primaria-no-28\/","url":"https:\/\/www.celttv.com.ar\/index.php\/2018\/08\/31\/el-honorable-concejo-deliberante-recibio-la-visita-de-alumnos-de-4o-ano-de-la-escuela-primaria-no-28\/","name":"El Honorable Concejo Deliberante recibi\u00f3 la visita de alumnos de 4\u00ba a\u00f1o de la Escuela Primaria N\u00ba 28 - CELTTV","isPartOf":{"@id":"https:\/\/www.celttv.com.ar\/#website"},"datePublished":"2018-08-31T19:14:40+00:00","dateModified":"2018-08-31T19:14:40+00:00","description":"Sitio web de noticias de la localidad de Tornquist, provincia de Buenos Aires, Rep\u00fablica Argentina. Contenido propio originado por periodistas de CELTTV, el canal de TV local de la Cooperativa El\u00e9ctrica de Tornquist. Turismo, Pol\u00edtica, Sociedad, Deporte, Cultura y todo el contenido de inter\u00e9s general que la gente del pueblo y la regi\u00f3n debe conocer.","breadcrumb":{"@id":"https:\/\/www.celttv.com.ar\/index.php\/2018\/08\/31\/el-honorable-concejo-deliberante-recibio-la-visita-de-alumnos-de-4o-ano-de-la-escuela-primaria-no-28\/#breadcrumb"},"inLanguage":"es","potentialAction":[{"@type":"ReadAction","target":["https:\/\/www.celttv.com.ar\/index.php\/2018\/08\/31\/el-honorable-concejo-deliberante-recibio-la-visita-de-alumnos-de-4o-ano-de-la-escuela-primaria-no-28\/"]}]},{"@type":"BreadcrumbList","@id":"https:\/\/www.celttv.com.ar\/index.php\/2018\/08\/31\/el-honorable-concejo-deliberante-recibio-la-visita-de-alumnos-de-4o-ano-de-la-escuela-primaria-no-28\/#breadcrumb","itemListElement":[{"@type":"ListItem","position":1,"name":"Inicio","item":"https:\/\/www.celttv.com.ar\/"},{"@type":"ListItem","position":2,"name":"El Honorable Concejo Deliberante recibi\u00f3 la visita de alumnos de 4\u00ba a\u00f1o de la Escuela Primaria N\u00ba 28"}]},{"@type":"WebSite","@id":"https:\/\/www.celttv.com.ar\/#website","url":"https:\/\/www.celttv.com.ar\/","name":"CELTTV","description":"Cooperativa El\u00e9ctrica de Tornquist","publisher":{"@id":"https:\/\/www.celttv.com.ar\/#organization"},"potentialAction":[{"@type":"SearchAction","target":{"@type":"EntryPoint","urlTemplate":"https:\/\/www.celttv.com.ar\/?s={search_term_string}"},"query-input":"required name=search_term_string"}],"inLanguage":"es"},{"@type":"Organization","@id":"https:\/\/www.celttv.com.ar\/#organization","name":"CELTTV","url":"https:\/\/www.celttv.com.ar\/","sameAs":["https:\/\/www.youtube.com\/channel\/UCz_oIt8Hig64Ub-EmcNPIhg","https:\/\/www.facebook.com\/celtTV\/"],"logo":{"@type":"ImageObject","inLanguage":"es","@id":"https:\/\/www.celttv.com.ar\/#\/schema\/logo\/image\/","url":"http:\/\/www.celttv.com.ar\/wp-content\/uploads\/2022\/08\/logo-1.png","contentUrl":"http:\/\/www.celttv.com.ar\/wp-content\/uploads\/2022\/08\/logo-1.png","width":461,"height":159,"caption":"CELTTV"},"image":{"@id":"https:\/\/www.celttv.com.ar\/#\/schema\/logo\/image\/"}},{"@type":"Person","@id":"https:\/\/www.celttv.com.ar\/#\/schema\/person\/6d99c072dba59953809c81446e9d0ace","name":"ulises","image":{"@type":"ImageObject","inLanguage":"es","@id":"https:\/\/www.celttv.com.ar\/#\/schema\/person\/image\/","url":"https:\/\/secure.gravatar.com\/avatar\/7f2c48bdc33b30088f941fb6082e555f2874c98e20cb159d7b92b50eadfce793?s=96&d=mm&r=g","contentUrl":"https:\/\/secure.gravatar.com\/avatar\/7f2c48bdc33b30088f941fb6082e555f2874c98e20cb159d7b92b50eadfce793?s=96&d=mm&r=g","caption":"ulises"},"sameAs":["http:\/\/www.celttv.com.ar"]}]}},"_links":{"self":[{"href":"https:\/\/www.celttv.com.ar\/index.php\/wp-json\/wp\/v2\/posts\/36636","targetHints":{"allow":["GET"]}}],"collection":[{"href":"https:\/\/www.celttv.com.ar\/index.php\/wp-json\/wp\/v2\/posts"}],"about":[{"href":"https:\/\/www.celttv.com.ar\/index.php\/wp-json\/wp\/v2\/types\/post"}],"author":[{"embeddable":true,"href":"https:\/\/www.celttv.com.ar\/index.php\/wp-json\/wp\/v2\/users\/1"}],"replies":[{"embeddable":true,"href":"https:\/\/www.celttv.com.ar\/index.php\/wp-json\/wp\/v2\/comments?post=36636"}],"version-history":[{"count":0,"href":"https:\/\/www.celttv.com.ar\/index.php\/wp-json\/wp\/v2\/posts\/36636\/revisions"}],"wp:featuredmedia":[{"embeddable":true,"href":"https:\/\/www.celttv.com.ar\/index.php\/wp-json\/wp\/v2\/media\/36638"}],"wp:attachment":[{"href":"https:\/\/www.celttv.com.ar\/index.php\/wp-json\/wp\/v2\/media?parent=36636"}],"wp:term":[{"taxonomy":"category","embeddable":true,"href":"https:\/\/www.celttv.com.ar\/index.php\/wp-json\/wp\/v2\/categories?post=36636"},{"taxonomy":"post_tag","embeddable":true,"href":"https:\/\/www.celttv.com.ar\/index.php\/wp-json\/wp\/v2\/tags?post=36636"}],"curies":[{"name":"wp","href":"https:\/\/api.w.org\/{rel}","templated":true}]}}