{"id":36642,"date":"2018-08-31T19:20:06","date_gmt":"2018-08-31T19:20:06","guid":{"rendered":"http:\/\/www.celttv.com.ar\/?p=36642"},"modified":"2018-08-31T19:20:06","modified_gmt":"2018-08-31T19:20:06","slug":"nuevo-informe-del-consejo-escolar-sobre-el-uso-del-fondo-educativo","status":"publish","type":"post","link":"https:\/\/www.celttv.com.ar\/index.php\/2018\/08\/31\/nuevo-informe-del-consejo-escolar-sobre-el-uso-del-fondo-educativo\/","title":{"rendered":"Nuevo informe del Consejo Escolar sobre el uso del Fondo Educativo"},"content":{"rendered":"<p>El Consejo Escolar de Tornquist informa que durante el mes de agosto se continu\u00f3 trabajando sobre la\u00a0 infraestructura de las escuelas del distrito para dar respuesta a todas las necesidades que presentan las instituciones educativas.<br \/>\nPor un lado, se comenz\u00f3 con la segunda etapa del recambio de luminarias por led en las Escuelas N\u00b04, N\u00b025 y N\u00b09.<br \/>\nAdem\u00e1s se est\u00e1 trabajando en un Plan de Prevenci\u00f3n, solicitado por la gobernaci\u00f3n de la Provincia de Buenos Aires, sobre instalaciones de agua, gas y luz de las distintas edificaciones. Es importante destacar, que desde el inicio de esta gesti\u00f3n de gobierno local, se trabaja diariamente sobre la infraestructura de las escuelas y jardines, mediante la administraci\u00f3n del Consejo Escolar.<br \/>\nEn materia del servicio de gas, se destaca que se ha procedido a regularizar los artefactos e instalaciones de dicho servicio. El distrito de Tornquist no ha presentado inconvenientes en el funcionamiento de los mismos, simplemente se est\u00e1 realizando el recambio necesario de calefactores, cocinas, termotanques, etc; que se encontraban obsoletos.<br \/>\nPor otro lado, se contin\u00faa con el reacondicionamiento de dos aulas y pasillo de circulaci\u00f3n de\u00a0 acceso a las mismas en la Escuela T\u00e9cnica, donde no solo trabaja personal contratado por el Consejo, sino tambi\u00e9n alumnos que asisten a la misma. Los chicos realizan trabajos parciales, implementando sus conocimientos adquiridos, en la instalaci\u00f3n el\u00e9ctrica y pintura.<br \/>\nAl mismo tiempo, se contin\u00faa trabajando en el revestimiento de la cocina de la Escuela N\u00b013 y se informa que concluyeron las tareas de pintura en la E. P N\u00b07.<br \/>\n<a href=\"http:\/\/www.celttv.com.ar\/?attachment_id=36645\" rel=\"attachment wp-att-36645\"><img loading=\"lazy\" decoding=\"async\" class=\"alignleft size-medium wp-image-36645\" src=\"http:\/\/www.celttv.com.ar\/wp-content\/uploads\/2018\/08\/WhatsApp-Image-2018-08-31-at-13.44.10-1024x768-780x585.jpeg\" alt=\"\" width=\"780\" height=\"585\" \/><\/a><br \/>\n<a href=\"http:\/\/www.celttv.com.ar\/?attachment_id=36643\" rel=\"attachment wp-att-36643\"><img loading=\"lazy\" decoding=\"async\" class=\"alignleft size-medium wp-image-36643\" src=\"http:\/\/www.celttv.com.ar\/wp-content\/uploads\/2018\/08\/WhatsApp-Image-2018-08-31-at-12.41.11-1024x768-780x585.jpeg\" alt=\"\" width=\"780\" height=\"585\" \/><\/a><\/p>\n","protected":false},"excerpt":{"rendered":"<p>El Consejo Escolar de Tornquist informa que durante el mes de agosto se continu\u00f3 trabajando sobre la\u00a0 infraestructura de las escuelas del distrito para dar respuesta a todas las necesidades que presentan las instituciones educativas. Por un lado, se comenz\u00f3 con la segunda etapa del recambio de luminarias por led en las Escuelas N\u00b04, N\u00b025 [&hellip;]<\/p>\n","protected":false},"author":1,"featured_media":36644,"comment_status":"closed","ping_status":"open","sticky":false,"template":"","format":"standard","meta":{"footnotes":""},"categories":[55,51,52],"tags":[],"class_list":["post-36642","post","type-post","status-publish","format-standard","has-post-thumbnail","hentry","category-celt-tv-noticias","category-comunidad","category-destacadas"],"yoast_head":"<!-- This site is optimized with the Yoast SEO plugin v19.7.1 - https:\/\/yoast.com\/wordpress\/plugins\/seo\/ -->\n<title>Nuevo informe del Consejo Escolar sobre el uso del Fondo Educativo - CELTTV<\/title>\n<meta name=\"description\" content=\"Sitio web de noticias de la localidad de Tornquist, provincia de Buenos Aires, Rep\u00fablica Argentina. Contenido propio originado por periodistas de CELTTV, el canal de TV local de la Cooperativa El\u00e9ctrica de Tornquist. Turismo, Pol\u00edtica, Sociedad, Deporte, Cultura y todo el contenido de inter\u00e9s general que la gente del pueblo y la regi\u00f3n debe conocer.\" \/>\n<meta name=\"robots\" content=\"index, follow, max-snippet:-1, max-image-preview:large, max-video-preview:-1\" \/>\n<link rel=\"canonical\" href=\"https:\/\/www.celttv.com.ar\/index.php\/2018\/08\/31\/nuevo-informe-del-consejo-escolar-sobre-el-uso-del-fondo-educativo\/\" \/>\n<meta property=\"og:locale\" content=\"es_ES\" \/>\n<meta property=\"og:type\" content=\"article\" \/>\n<meta property=\"og:title\" content=\"Nuevo informe del Consejo Escolar sobre el uso del Fondo Educativo - CELTTV\" \/>\n<meta property=\"og:description\" content=\"Sitio web de noticias de la localidad de Tornquist, provincia de Buenos Aires, Rep\u00fablica Argentina. Contenido propio originado por periodistas de CELTTV, el canal de TV local de la Cooperativa El\u00e9ctrica de Tornquist. Turismo, Pol\u00edtica, Sociedad, Deporte, Cultura y todo el contenido de inter\u00e9s general que la gente del pueblo y la regi\u00f3n debe conocer.\" \/>\n<meta property=\"og:url\" content=\"https:\/\/www.celttv.com.ar\/index.php\/2018\/08\/31\/nuevo-informe-del-consejo-escolar-sobre-el-uso-del-fondo-educativo\/\" \/>\n<meta property=\"og:site_name\" content=\"CELTTV\" \/>\n<meta property=\"article:publisher\" content=\"https:\/\/www.facebook.com\/celtTV\/\" \/>\n<meta property=\"article:published_time\" content=\"2018-08-31T19:20:06+00:00\" \/>\n<meta property=\"og:image\" content=\"https:\/\/www.celttv.com.ar\/wp-content\/uploads\/2018\/08\/WhatsApp-Image-2018-08-31-at-13.44.16-2-768x1024-1.jpeg\" \/>\n\t<meta property=\"og:image:width\" content=\"768\" \/>\n\t<meta property=\"og:image:height\" content=\"1024\" \/>\n\t<meta property=\"og:image:type\" content=\"image\/jpeg\" \/>\n<meta name=\"author\" content=\"ulises\" \/>\n<meta name=\"twitter:card\" content=\"summary_large_image\" \/>\n<meta name=\"twitter:label1\" content=\"Escrito por\" \/>\n\t<meta name=\"twitter:data1\" content=\"ulises\" \/>\n\t<meta name=\"twitter:label2\" content=\"Tiempo de lectura\" \/>\n\t<meta name=\"twitter:data2\" content=\"1 minuto\" \/>\n<script type=\"application\/ld+json\" class=\"yoast-schema-graph\">{\"@context\":\"https:\/\/schema.org\",\"@graph\":[{\"@type\":\"NewsArticle\",\"@id\":\"https:\/\/www.celttv.com.ar\/index.php\/2018\/08\/31\/nuevo-informe-del-consejo-escolar-sobre-el-uso-del-fondo-educativo\/#article\",\"isPartOf\":{\"@id\":\"https:\/\/www.celttv.com.ar\/index.php\/2018\/08\/31\/nuevo-informe-del-consejo-escolar-sobre-el-uso-del-fondo-educativo\/\"},\"author\":{\"name\":\"ulises\",\"@id\":\"https:\/\/www.celttv.com.ar\/#\/schema\/person\/6d99c072dba59953809c81446e9d0ace\"},\"headline\":\"Nuevo informe del Consejo Escolar sobre el uso del Fondo Educativo\",\"datePublished\":\"2018-08-31T19:20:06+00:00\",\"dateModified\":\"2018-08-31T19:20:06+00:00\",\"mainEntityOfPage\":{\"@id\":\"https:\/\/www.celttv.com.ar\/index.php\/2018\/08\/31\/nuevo-informe-del-consejo-escolar-sobre-el-uso-del-fondo-educativo\/\"},\"wordCount\":277,\"publisher\":{\"@id\":\"https:\/\/www.celttv.com.ar\/#organization\"},\"articleSection\":[\"Celt TV Noticias\",\"Comunidad\",\"Destacadas\"],\"inLanguage\":\"es\"},{\"@type\":\"WebPage\",\"@id\":\"https:\/\/www.celttv.com.ar\/index.php\/2018\/08\/31\/nuevo-informe-del-consejo-escolar-sobre-el-uso-del-fondo-educativo\/\",\"url\":\"https:\/\/www.celttv.com.ar\/index.php\/2018\/08\/31\/nuevo-informe-del-consejo-escolar-sobre-el-uso-del-fondo-educativo\/\",\"name\":\"Nuevo informe del Consejo Escolar sobre el uso del Fondo Educativo - CELTTV\",\"isPartOf\":{\"@id\":\"https:\/\/www.celttv.com.ar\/#website\"},\"datePublished\":\"2018-08-31T19:20:06+00:00\",\"dateModified\":\"2018-08-31T19:20:06+00:00\",\"description\":\"Sitio web de noticias de la localidad de Tornquist, provincia de Buenos Aires, Rep\u00fablica Argentina. Contenido propio originado por periodistas de CELTTV, el canal de TV local de la Cooperativa El\u00e9ctrica de Tornquist. Turismo, Pol\u00edtica, Sociedad, Deporte, Cultura y todo el contenido de inter\u00e9s general que la gente del pueblo y la regi\u00f3n debe conocer.\",\"breadcrumb\":{\"@id\":\"https:\/\/www.celttv.com.ar\/index.php\/2018\/08\/31\/nuevo-informe-del-consejo-escolar-sobre-el-uso-del-fondo-educativo\/#breadcrumb\"},\"inLanguage\":\"es\",\"potentialAction\":[{\"@type\":\"ReadAction\",\"target\":[\"https:\/\/www.celttv.com.ar\/index.php\/2018\/08\/31\/nuevo-informe-del-consejo-escolar-sobre-el-uso-del-fondo-educativo\/\"]}]},{\"@type\":\"BreadcrumbList\",\"@id\":\"https:\/\/www.celttv.com.ar\/index.php\/2018\/08\/31\/nuevo-informe-del-consejo-escolar-sobre-el-uso-del-fondo-educativo\/#breadcrumb\",\"itemListElement\":[{\"@type\":\"ListItem\",\"position\":1,\"name\":\"Inicio\",\"item\":\"https:\/\/www.celttv.com.ar\/\"},{\"@type\":\"ListItem\",\"position\":2,\"name\":\"Nuevo informe del Consejo Escolar sobre el uso del Fondo Educativo\"}]},{\"@type\":\"WebSite\",\"@id\":\"https:\/\/www.celttv.com.ar\/#website\",\"url\":\"https:\/\/www.celttv.com.ar\/\",\"name\":\"CELTTV\",\"description\":\"Cooperativa El\u00e9ctrica de Tornquist\",\"publisher\":{\"@id\":\"https:\/\/www.celttv.com.ar\/#organization\"},\"potentialAction\":[{\"@type\":\"SearchAction\",\"target\":{\"@type\":\"EntryPoint\",\"urlTemplate\":\"https:\/\/www.celttv.com.ar\/?s={search_term_string}\"},\"query-input\":\"required name=search_term_string\"}],\"inLanguage\":\"es\"},{\"@type\":\"Organization\",\"@id\":\"https:\/\/www.celttv.com.ar\/#organization\",\"name\":\"CELTTV\",\"url\":\"https:\/\/www.celttv.com.ar\/\",\"sameAs\":[\"https:\/\/www.youtube.com\/channel\/UCz_oIt8Hig64Ub-EmcNPIhg\",\"https:\/\/www.facebook.com\/celtTV\/\"],\"logo\":{\"@type\":\"ImageObject\",\"inLanguage\":\"es\",\"@id\":\"https:\/\/www.celttv.com.ar\/#\/schema\/logo\/image\/\",\"url\":\"http:\/\/www.celttv.com.ar\/wp-content\/uploads\/2022\/08\/logo-1.png\",\"contentUrl\":\"http:\/\/www.celttv.com.ar\/wp-content\/uploads\/2022\/08\/logo-1.png\",\"width\":461,\"height\":159,\"caption\":\"CELTTV\"},\"image\":{\"@id\":\"https:\/\/www.celttv.com.ar\/#\/schema\/logo\/image\/\"}},{\"@type\":\"Person\",\"@id\":\"https:\/\/www.celttv.com.ar\/#\/schema\/person\/6d99c072dba59953809c81446e9d0ace\",\"name\":\"ulises\",\"image\":{\"@type\":\"ImageObject\",\"inLanguage\":\"es\",\"@id\":\"https:\/\/www.celttv.com.ar\/#\/schema\/person\/image\/\",\"url\":\"https:\/\/secure.gravatar.com\/avatar\/7f2c48bdc33b30088f941fb6082e555f2874c98e20cb159d7b92b50eadfce793?s=96&d=mm&r=g\",\"contentUrl\":\"https:\/\/secure.gravatar.com\/avatar\/7f2c48bdc33b30088f941fb6082e555f2874c98e20cb159d7b92b50eadfce793?s=96&d=mm&r=g\",\"caption\":\"ulises\"},\"sameAs\":[\"http:\/\/www.celttv.com.ar\"]}]}<\/script>\n<!-- \/ Yoast SEO plugin. -->","yoast_head_json":{"title":"Nuevo informe del Consejo Escolar sobre el uso del Fondo Educativo - CELTTV","description":"Sitio web de noticias de la localidad de Tornquist, provincia de Buenos Aires, Rep\u00fablica Argentina. Contenido propio originado por periodistas de CELTTV, el canal de TV local de la Cooperativa El\u00e9ctrica de Tornquist. Turismo, Pol\u00edtica, Sociedad, Deporte, Cultura y todo el contenido de inter\u00e9s general que la gente del pueblo y la regi\u00f3n debe conocer.","robots":{"index":"index","follow":"follow","max-snippet":"max-snippet:-1","max-image-preview":"max-image-preview:large","max-video-preview":"max-video-preview:-1"},"canonical":"https:\/\/www.celttv.com.ar\/index.php\/2018\/08\/31\/nuevo-informe-del-consejo-escolar-sobre-el-uso-del-fondo-educativo\/","og_locale":"es_ES","og_type":"article","og_title":"Nuevo informe del Consejo Escolar sobre el uso del Fondo Educativo - CELTTV","og_description":"Sitio web de noticias de la localidad de Tornquist, provincia de Buenos Aires, Rep\u00fablica Argentina. Contenido propio originado por periodistas de CELTTV, el canal de TV local de la Cooperativa El\u00e9ctrica de Tornquist. Turismo, Pol\u00edtica, Sociedad, Deporte, Cultura y todo el contenido de inter\u00e9s general que la gente del pueblo y la regi\u00f3n debe conocer.","og_url":"https:\/\/www.celttv.com.ar\/index.php\/2018\/08\/31\/nuevo-informe-del-consejo-escolar-sobre-el-uso-del-fondo-educativo\/","og_site_name":"CELTTV","article_publisher":"https:\/\/www.facebook.com\/celtTV\/","article_published_time":"2018-08-31T19:20:06+00:00","og_image":[{"width":768,"height":1024,"url":"https:\/\/www.celttv.com.ar\/wp-content\/uploads\/2018\/08\/WhatsApp-Image-2018-08-31-at-13.44.16-2-768x1024-1.jpeg","type":"image\/jpeg"}],"author":"ulises","twitter_card":"summary_large_image","twitter_misc":{"Escrito por":"ulises","Tiempo de lectura":"1 minuto"},"schema":{"@context":"https:\/\/schema.org","@graph":[{"@type":"NewsArticle","@id":"https:\/\/www.celttv.com.ar\/index.php\/2018\/08\/31\/nuevo-informe-del-consejo-escolar-sobre-el-uso-del-fondo-educativo\/#article","isPartOf":{"@id":"https:\/\/www.celttv.com.ar\/index.php\/2018\/08\/31\/nuevo-informe-del-consejo-escolar-sobre-el-uso-del-fondo-educativo\/"},"author":{"name":"ulises","@id":"https:\/\/www.celttv.com.ar\/#\/schema\/person\/6d99c072dba59953809c81446e9d0ace"},"headline":"Nuevo informe del Consejo Escolar sobre el uso del Fondo Educativo","datePublished":"2018-08-31T19:20:06+00:00","dateModified":"2018-08-31T19:20:06+00:00","mainEntityOfPage":{"@id":"https:\/\/www.celttv.com.ar\/index.php\/2018\/08\/31\/nuevo-informe-del-consejo-escolar-sobre-el-uso-del-fondo-educativo\/"},"wordCount":277,"publisher":{"@id":"https:\/\/www.celttv.com.ar\/#organization"},"articleSection":["Celt TV Noticias","Comunidad","Destacadas"],"inLanguage":"es"},{"@type":"WebPage","@id":"https:\/\/www.celttv.com.ar\/index.php\/2018\/08\/31\/nuevo-informe-del-consejo-escolar-sobre-el-uso-del-fondo-educativo\/","url":"https:\/\/www.celttv.com.ar\/index.php\/2018\/08\/31\/nuevo-informe-del-consejo-escolar-sobre-el-uso-del-fondo-educativo\/","name":"Nuevo informe del Consejo Escolar sobre el uso del Fondo Educativo - CELTTV","isPartOf":{"@id":"https:\/\/www.celttv.com.ar\/#website"},"datePublished":"2018-08-31T19:20:06+00:00","dateModified":"2018-08-31T19:20:06+00:00","description":"Sitio web de noticias de la localidad de Tornquist, provincia de Buenos Aires, Rep\u00fablica Argentina. Contenido propio originado por periodistas de CELTTV, el canal de TV local de la Cooperativa El\u00e9ctrica de Tornquist. Turismo, Pol\u00edtica, Sociedad, Deporte, Cultura y todo el contenido de inter\u00e9s general que la gente del pueblo y la regi\u00f3n debe conocer.","breadcrumb":{"@id":"https:\/\/www.celttv.com.ar\/index.php\/2018\/08\/31\/nuevo-informe-del-consejo-escolar-sobre-el-uso-del-fondo-educativo\/#breadcrumb"},"inLanguage":"es","potentialAction":[{"@type":"ReadAction","target":["https:\/\/www.celttv.com.ar\/index.php\/2018\/08\/31\/nuevo-informe-del-consejo-escolar-sobre-el-uso-del-fondo-educativo\/"]}]},{"@type":"BreadcrumbList","@id":"https:\/\/www.celttv.com.ar\/index.php\/2018\/08\/31\/nuevo-informe-del-consejo-escolar-sobre-el-uso-del-fondo-educativo\/#breadcrumb","itemListElement":[{"@type":"ListItem","position":1,"name":"Inicio","item":"https:\/\/www.celttv.com.ar\/"},{"@type":"ListItem","position":2,"name":"Nuevo informe del Consejo Escolar sobre el uso del Fondo Educativo"}]},{"@type":"WebSite","@id":"https:\/\/www.celttv.com.ar\/#website","url":"https:\/\/www.celttv.com.ar\/","name":"CELTTV","description":"Cooperativa El\u00e9ctrica de Tornquist","publisher":{"@id":"https:\/\/www.celttv.com.ar\/#organization"},"potentialAction":[{"@type":"SearchAction","target":{"@type":"EntryPoint","urlTemplate":"https:\/\/www.celttv.com.ar\/?s={search_term_string}"},"query-input":"required name=search_term_string"}],"inLanguage":"es"},{"@type":"Organization","@id":"https:\/\/www.celttv.com.ar\/#organization","name":"CELTTV","url":"https:\/\/www.celttv.com.ar\/","sameAs":["https:\/\/www.youtube.com\/channel\/UCz_oIt8Hig64Ub-EmcNPIhg","https:\/\/www.facebook.com\/celtTV\/"],"logo":{"@type":"ImageObject","inLanguage":"es","@id":"https:\/\/www.celttv.com.ar\/#\/schema\/logo\/image\/","url":"http:\/\/www.celttv.com.ar\/wp-content\/uploads\/2022\/08\/logo-1.png","contentUrl":"http:\/\/www.celttv.com.ar\/wp-content\/uploads\/2022\/08\/logo-1.png","width":461,"height":159,"caption":"CELTTV"},"image":{"@id":"https:\/\/www.celttv.com.ar\/#\/schema\/logo\/image\/"}},{"@type":"Person","@id":"https:\/\/www.celttv.com.ar\/#\/schema\/person\/6d99c072dba59953809c81446e9d0ace","name":"ulises","image":{"@type":"ImageObject","inLanguage":"es","@id":"https:\/\/www.celttv.com.ar\/#\/schema\/person\/image\/","url":"https:\/\/secure.gravatar.com\/avatar\/7f2c48bdc33b30088f941fb6082e555f2874c98e20cb159d7b92b50eadfce793?s=96&d=mm&r=g","contentUrl":"https:\/\/secure.gravatar.com\/avatar\/7f2c48bdc33b30088f941fb6082e555f2874c98e20cb159d7b92b50eadfce793?s=96&d=mm&r=g","caption":"ulises"},"sameAs":["http:\/\/www.celttv.com.ar"]}]}},"_links":{"self":[{"href":"https:\/\/www.celttv.com.ar\/index.php\/wp-json\/wp\/v2\/posts\/36642","targetHints":{"allow":["GET"]}}],"collection":[{"href":"https:\/\/www.celttv.com.ar\/index.php\/wp-json\/wp\/v2\/posts"}],"about":[{"href":"https:\/\/www.celttv.com.ar\/index.php\/wp-json\/wp\/v2\/types\/post"}],"author":[{"embeddable":true,"href":"https:\/\/www.celttv.com.ar\/index.php\/wp-json\/wp\/v2\/users\/1"}],"replies":[{"embeddable":true,"href":"https:\/\/www.celttv.com.ar\/index.php\/wp-json\/wp\/v2\/comments?post=36642"}],"version-history":[{"count":0,"href":"https:\/\/www.celttv.com.ar\/index.php\/wp-json\/wp\/v2\/posts\/36642\/revisions"}],"wp:featuredmedia":[{"embeddable":true,"href":"https:\/\/www.celttv.com.ar\/index.php\/wp-json\/wp\/v2\/media\/36644"}],"wp:attachment":[{"href":"https:\/\/www.celttv.com.ar\/index.php\/wp-json\/wp\/v2\/media?parent=36642"}],"wp:term":[{"taxonomy":"category","embeddable":true,"href":"https:\/\/www.celttv.com.ar\/index.php\/wp-json\/wp\/v2\/categories?post=36642"},{"taxonomy":"post_tag","embeddable":true,"href":"https:\/\/www.celttv.com.ar\/index.php\/wp-json\/wp\/v2\/tags?post=36642"}],"curies":[{"name":"wp","href":"https:\/\/api.w.org\/{rel}","templated":true}]}}