{"id":36764,"date":"2018-09-02T22:32:23","date_gmt":"2018-09-02T22:32:23","guid":{"rendered":"http:\/\/www.celttv.com.ar\/?p=36764"},"modified":"2018-09-02T22:32:23","modified_gmt":"2018-09-02T22:32:23","slug":"union-gano-y-es-lider","status":"publish","type":"post","link":"https:\/\/www.celttv.com.ar\/index.php\/2018\/09\/02\/union-gano-y-es-lider\/","title":{"rendered":"UNI\u00d3N GAN\u00d3 Y ES L\u00cdDER"},"content":{"rendered":"<p>El verde derrot\u00f3 a Pe\u00f1arol de Pig\u00fc\u00e9 por 1 a 0 con gol de Joaqu\u00edn Correa. Se fue expulsado Hern\u00e1n Delgado en el local y el Director T\u00e9cnico Dietrich en la visita.<br \/>\nTrabado, disputado y con poco f\u00fatbol. As\u00ed fue el encuentro entre verdes y azulgranas en el Juan Jos\u00e9 Bolletta. Y en ese poco f\u00fatbol, Uni\u00f3n fue quien jug\u00f3 mejor, tuvo las situaciones y pudo haber definido el partido y no sufrir hasta el final. Pe\u00f1arol lejos de sus mejores rendimientos, m\u00e1s bien cerca de sus malos, con un Salvi poco encontrado por sus compa\u00f1eros y ante la falta de creaci\u00f3n de juego, pocas fueron las situaciones que tuvo.<br \/>\nNi bien arranc\u00f3 el encuentro, a los pocos segundos, Angelini pudo poner en ventaja al local pero no pudo definir. Tampoco lo pudo hacer pasado los 20 minutos en una doble chance que dilapid\u00f3 el verde. Grassi tambi\u00e9n tuvo dos oportunidades que no lleg\u00f3 a conectar cuando quedaba cerca del arco, pero el que en la primera factur\u00f3 fue <strong>Joaqu\u00edn Correa<\/strong> a los 30\u2019, despu\u00e9s de un buen centro de Schmidt desde la izquierda para dejarlo solo.<br \/>\nCinco minutos despu\u00e9s apareci\u00f3 de Pe\u00f1arol con su primera chance, con un disparo de afuera de Cavalier que sac\u00f3 lejos Stefanof con los pu\u00f1os para no complicarse.<br \/>\nEn el final, Schmidt tir\u00f3 un muy buen centro para dejar a Heiland solo abajo del arco, pero \u201cJuanchi\u201d la tir\u00f3 por arriba, y en la \u00faltima fall\u00f3 Teysseyre y qued\u00f3 Pinilla solo para definir y tambi\u00e9n la puso en \u00f3rbita.<br \/>\nPara el segundo tiempo, Dietrich mand\u00f3 a Thom\u00e1s Monterrubianessi por Lagrimal pero nada hizo cambiar el desarrollo del partido. Incluso Pe\u00f1arol no cont\u00f3 con ninguna situaci\u00f3n de peligro real. Solo algunos centros luego de que el verde se quedara con diez por la expulsi\u00f3n de Delgado, pero la defensa del verde supo despejar sin problemas. Uni\u00f3n tuvo algunas chances para definir y liquidar. Si no lo pudo hacer fue porque Herrero se luci\u00f3 para sacar por ejemplo, los remates de Heiland y Fritz que eran dos verdaderos golazos. Despu\u00e9s ni Angelini, ni Correa, ni Grassi, que fueron los que tuvieron las otras situaciones de peligro, tuvieron la mira calibrada.<br \/>\nLa expulsi\u00f3n de Delgado fue a los 37\u2019 por una protesta a Kevin Bali\u00f1o, de muy mal arbitraje. A los 46\u2019 la expulsi\u00f3n al \u201cTili\u201d Dietrich por la misma causa.<br \/>\nLa del final qued\u00f3 para Loffredo, que hizo pasar de largo a dos defensores y defini\u00f3 desviado.<br \/>\nA los 50\u2019 Bali\u00f1o marc\u00f3 el final. El verde consigue su segunda victoria al hilo y es l\u00edder junto a El Progreso. Para Pe\u00f1arol habr\u00e1 revancha en siete d\u00edas.<br \/>\n<em>Gustavo Bacci<\/em><br \/>\n<strong>Uni\u00f3n:<\/strong> Juan Manuel Stefanof; Federico Franco, Jos\u00e9 Luis Teysseyre, Sebasti\u00e1n Callava, Hern\u00e1n Delgado; Juan Jos\u00e9 Heiland, Mat\u00edas Fritz, \u00c1ngelo Grassi, Ezequiel Schmidt; Joaqu\u00edn Correa y Esteban Angelini. DT: Carlos Graff.<br \/>\n<u>Cambios:<\/u> ST: 29\u2019 Danilo De Sabarte por Grassi, 31\u2019 Fernando Salazar por Heiland, 39\u2019 Juan Loffredo por Angelini.<br \/>\n<u>Supl:<\/u> Adri\u00e1n Buoncompagni y Paulo Bauer.<br \/>\n<strong>Pe\u00f1arol:<\/strong> Maximiliano Herrero; Bruno Lagrimal, Marcos Parada, Alan Betancor, Ferm\u00edn Monterrubianessi; Santiago Rojas, Franco Cavalier; Marcos Weisbeck, Joaqu\u00edn Salvi, Ignacio Cappelletti; Lisandro Pinilla. DT: Juan Manuel Dietrich.<br \/>\n<u>Cambios:<\/u> ST: 0\u2019 Thom\u00e1s Monterrubianessi por Lagrimal, 18\u2019 Fabi\u00e1n Coronel por Betancor, 29\u2019 Tom\u00e1s Trech por Cappelletti.<br \/>\n<u>Supl:<\/u> Alexis Szulga y Gonzalo Fabre.<br \/>\n<u>Gol:<\/u> PT: 30\u2019 Joaqu\u00edn Correa (U)<br \/>\n<u>Expulsados:<\/u> ST: 37\u2019 Hern\u00e1n Delgado (U), 46\u2019 Juan Manuel Dietrich (DT de Pe\u00f1arol)<br \/>\n<u>\u00c1rbitro:<\/u> Kevin Bali\u00f1o (3)<br \/>\n<u>Cancha:<\/u> Estadio Juan Jos\u00e9 Bolletta<br \/>\n<u>Reserva:<\/u> Uni\u00f3n 2 &#8211; Pe\u00f1arol 1<br \/>\n<a href=\"https:\/\/www.facebook.com\/pg\/solofutbolcanal2\/photos\/?tab=album&amp;album_id=897385157137342&amp;__xts__%5B0%5D=68.ARBhOlan-HIclLHiGvRYUUfChOv25c_YCVWD3rVbGkIcUlNRzRlmZJAUDxbvbu8-i1fVdiJD94FqNrwk5yu_sexmCrje2bccySbzPxCrkZefqjNp3dQzIUYMGTenoeMOT1_EGNK6Gf1JEUw_2DCoIH0w5aXLOgmPoHovC0JzcY-xw_EEW-SRn0Hj5icIjrLLKmCneI9B5HhWhnU7HBTnXI_clyaZE9ty_JZX_Ic&amp;__tn__=-U-R\" target=\"_blank\" rel=\"noopener\">\u00c1lbum de Fotos: Solo F\u00fatbol<\/a><br \/>\n<a href=\"http:\/\/www.celttv.com.ar\/?attachment_id=36765\" rel=\"attachment wp-att-36765\"><img loading=\"lazy\" decoding=\"async\" class=\"alignleft size-medium wp-image-36765\" src=\"http:\/\/www.celttv.com.ar\/wp-content\/uploads\/2018\/09\/DSC_0796-780x520.jpg\" alt=\"\" width=\"780\" height=\"520\" \/><\/a> <a href=\"http:\/\/www.celttv.com.ar\/?attachment_id=36766\" rel=\"attachment wp-att-36766\"><img loading=\"lazy\" decoding=\"async\" class=\"alignleft size-medium wp-image-36766\" src=\"http:\/\/www.celttv.com.ar\/wp-content\/uploads\/2018\/09\/DSC_0800-780x520.jpg\" alt=\"\" width=\"780\" height=\"520\" \/><\/a> <a href=\"http:\/\/www.celttv.com.ar\/?attachment_id=36767\" rel=\"attachment wp-att-36767\"><img loading=\"lazy\" decoding=\"async\" class=\"alignleft size-medium wp-image-36767\" src=\"http:\/\/www.celttv.com.ar\/wp-content\/uploads\/2018\/09\/DSC_0823-780x520.jpg\" alt=\"\" width=\"780\" height=\"520\" \/><\/a><\/p>\n","protected":false},"excerpt":{"rendered":"<p>El verde derrot\u00f3 a Pe\u00f1arol de Pig\u00fc\u00e9 por 1 a 0 con gol de Joaqu\u00edn Correa. Se fue expulsado Hern\u00e1n Delgado en el local y el Director T\u00e9cnico Dietrich en la visita. Trabado, disputado y con poco f\u00fatbol. As\u00ed fue el encuentro entre verdes y azulgranas en el Juan Jos\u00e9 Bolletta. Y en ese poco [&hellip;]<\/p>\n","protected":false},"author":1,"featured_media":36766,"comment_status":"closed","ping_status":"open","sticky":false,"template":"","format":"standard","meta":{"footnotes":""},"categories":[60,52,76],"tags":[],"class_list":["post-36764","post","type-post","status-publish","format-standard","has-post-thumbnail","hentry","category-deporte","category-destacadas","category-solo-futbol"],"yoast_head":"<!-- This site is optimized with the Yoast SEO plugin v19.7.1 - https:\/\/yoast.com\/wordpress\/plugins\/seo\/ -->\n<title>UNI\u00d3N GAN\u00d3 Y ES L\u00cdDER - CELTTV<\/title>\n<meta name=\"description\" content=\"Sitio web de noticias de la localidad de Tornquist, provincia de Buenos Aires, Rep\u00fablica Argentina. Contenido propio originado por periodistas de CELTTV, el canal de TV local de la Cooperativa El\u00e9ctrica de Tornquist. Turismo, Pol\u00edtica, Sociedad, Deporte, Cultura y todo el contenido de inter\u00e9s general que la gente del pueblo y la regi\u00f3n debe conocer.\" \/>\n<meta name=\"robots\" content=\"index, follow, max-snippet:-1, max-image-preview:large, max-video-preview:-1\" \/>\n<link rel=\"canonical\" href=\"https:\/\/www.celttv.com.ar\/index.php\/2018\/09\/02\/union-gano-y-es-lider\/\" \/>\n<meta property=\"og:locale\" content=\"es_ES\" \/>\n<meta property=\"og:type\" content=\"article\" \/>\n<meta property=\"og:title\" content=\"UNI\u00d3N GAN\u00d3 Y ES L\u00cdDER - CELTTV\" \/>\n<meta property=\"og:description\" content=\"Sitio web de noticias de la localidad de Tornquist, provincia de Buenos Aires, Rep\u00fablica Argentina. Contenido propio originado por periodistas de CELTTV, el canal de TV local de la Cooperativa El\u00e9ctrica de Tornquist. Turismo, Pol\u00edtica, Sociedad, Deporte, Cultura y todo el contenido de inter\u00e9s general que la gente del pueblo y la regi\u00f3n debe conocer.\" \/>\n<meta property=\"og:url\" content=\"https:\/\/www.celttv.com.ar\/index.php\/2018\/09\/02\/union-gano-y-es-lider\/\" \/>\n<meta property=\"og:site_name\" content=\"CELTTV\" \/>\n<meta property=\"article:publisher\" content=\"https:\/\/www.facebook.com\/celtTV\/\" \/>\n<meta property=\"article:published_time\" content=\"2018-09-02T22:32:23+00:00\" \/>\n<meta property=\"og:image\" content=\"https:\/\/www.celttv.com.ar\/wp-content\/uploads\/2018\/09\/DSC_0800.jpg\" \/>\n\t<meta property=\"og:image:width\" content=\"960\" \/>\n\t<meta property=\"og:image:height\" content=\"640\" \/>\n\t<meta property=\"og:image:type\" content=\"image\/jpeg\" \/>\n<meta name=\"author\" content=\"ulises\" \/>\n<meta name=\"twitter:card\" content=\"summary_large_image\" \/>\n<meta name=\"twitter:label1\" content=\"Escrito por\" \/>\n\t<meta name=\"twitter:data1\" content=\"ulises\" \/>\n\t<meta name=\"twitter:label2\" content=\"Tiempo de lectura\" \/>\n\t<meta name=\"twitter:data2\" content=\"3 minutos\" \/>\n<script type=\"application\/ld+json\" class=\"yoast-schema-graph\">{\"@context\":\"https:\/\/schema.org\",\"@graph\":[{\"@type\":\"NewsArticle\",\"@id\":\"https:\/\/www.celttv.com.ar\/index.php\/2018\/09\/02\/union-gano-y-es-lider\/#article\",\"isPartOf\":{\"@id\":\"https:\/\/www.celttv.com.ar\/index.php\/2018\/09\/02\/union-gano-y-es-lider\/\"},\"author\":{\"name\":\"ulises\",\"@id\":\"https:\/\/www.celttv.com.ar\/#\/schema\/person\/6d99c072dba59953809c81446e9d0ace\"},\"headline\":\"UNI\u00d3N GAN\u00d3 Y ES L\u00cdDER\",\"datePublished\":\"2018-09-02T22:32:23+00:00\",\"dateModified\":\"2018-09-02T22:32:23+00:00\",\"mainEntityOfPage\":{\"@id\":\"https:\/\/www.celttv.com.ar\/index.php\/2018\/09\/02\/union-gano-y-es-lider\/\"},\"wordCount\":623,\"publisher\":{\"@id\":\"https:\/\/www.celttv.com.ar\/#organization\"},\"articleSection\":[\"Deporte\",\"Destacadas\",\"Solo Futbol\"],\"inLanguage\":\"es\"},{\"@type\":\"WebPage\",\"@id\":\"https:\/\/www.celttv.com.ar\/index.php\/2018\/09\/02\/union-gano-y-es-lider\/\",\"url\":\"https:\/\/www.celttv.com.ar\/index.php\/2018\/09\/02\/union-gano-y-es-lider\/\",\"name\":\"UNI\u00d3N GAN\u00d3 Y ES L\u00cdDER - CELTTV\",\"isPartOf\":{\"@id\":\"https:\/\/www.celttv.com.ar\/#website\"},\"datePublished\":\"2018-09-02T22:32:23+00:00\",\"dateModified\":\"2018-09-02T22:32:23+00:00\",\"description\":\"Sitio web de noticias de la localidad de Tornquist, provincia de Buenos Aires, Rep\u00fablica Argentina. Contenido propio originado por periodistas de CELTTV, el canal de TV local de la Cooperativa El\u00e9ctrica de Tornquist. Turismo, Pol\u00edtica, Sociedad, Deporte, Cultura y todo el contenido de inter\u00e9s general que la gente del pueblo y la regi\u00f3n debe conocer.\",\"breadcrumb\":{\"@id\":\"https:\/\/www.celttv.com.ar\/index.php\/2018\/09\/02\/union-gano-y-es-lider\/#breadcrumb\"},\"inLanguage\":\"es\",\"potentialAction\":[{\"@type\":\"ReadAction\",\"target\":[\"https:\/\/www.celttv.com.ar\/index.php\/2018\/09\/02\/union-gano-y-es-lider\/\"]}]},{\"@type\":\"BreadcrumbList\",\"@id\":\"https:\/\/www.celttv.com.ar\/index.php\/2018\/09\/02\/union-gano-y-es-lider\/#breadcrumb\",\"itemListElement\":[{\"@type\":\"ListItem\",\"position\":1,\"name\":\"Inicio\",\"item\":\"https:\/\/www.celttv.com.ar\/\"},{\"@type\":\"ListItem\",\"position\":2,\"name\":\"UNI\u00d3N GAN\u00d3 Y ES L\u00cdDER\"}]},{\"@type\":\"WebSite\",\"@id\":\"https:\/\/www.celttv.com.ar\/#website\",\"url\":\"https:\/\/www.celttv.com.ar\/\",\"name\":\"CELTTV\",\"description\":\"Cooperativa El\u00e9ctrica de Tornquist\",\"publisher\":{\"@id\":\"https:\/\/www.celttv.com.ar\/#organization\"},\"potentialAction\":[{\"@type\":\"SearchAction\",\"target\":{\"@type\":\"EntryPoint\",\"urlTemplate\":\"https:\/\/www.celttv.com.ar\/?s={search_term_string}\"},\"query-input\":\"required name=search_term_string\"}],\"inLanguage\":\"es\"},{\"@type\":\"Organization\",\"@id\":\"https:\/\/www.celttv.com.ar\/#organization\",\"name\":\"CELTTV\",\"url\":\"https:\/\/www.celttv.com.ar\/\",\"sameAs\":[\"https:\/\/www.youtube.com\/channel\/UCz_oIt8Hig64Ub-EmcNPIhg\",\"https:\/\/www.facebook.com\/celtTV\/\"],\"logo\":{\"@type\":\"ImageObject\",\"inLanguage\":\"es\",\"@id\":\"https:\/\/www.celttv.com.ar\/#\/schema\/logo\/image\/\",\"url\":\"http:\/\/www.celttv.com.ar\/wp-content\/uploads\/2022\/08\/logo-1.png\",\"contentUrl\":\"http:\/\/www.celttv.com.ar\/wp-content\/uploads\/2022\/08\/logo-1.png\",\"width\":461,\"height\":159,\"caption\":\"CELTTV\"},\"image\":{\"@id\":\"https:\/\/www.celttv.com.ar\/#\/schema\/logo\/image\/\"}},{\"@type\":\"Person\",\"@id\":\"https:\/\/www.celttv.com.ar\/#\/schema\/person\/6d99c072dba59953809c81446e9d0ace\",\"name\":\"ulises\",\"image\":{\"@type\":\"ImageObject\",\"inLanguage\":\"es\",\"@id\":\"https:\/\/www.celttv.com.ar\/#\/schema\/person\/image\/\",\"url\":\"https:\/\/secure.gravatar.com\/avatar\/7f2c48bdc33b30088f941fb6082e555f2874c98e20cb159d7b92b50eadfce793?s=96&d=mm&r=g\",\"contentUrl\":\"https:\/\/secure.gravatar.com\/avatar\/7f2c48bdc33b30088f941fb6082e555f2874c98e20cb159d7b92b50eadfce793?s=96&d=mm&r=g\",\"caption\":\"ulises\"},\"sameAs\":[\"http:\/\/www.celttv.com.ar\"]}]}<\/script>\n<!-- \/ Yoast SEO plugin. -->","yoast_head_json":{"title":"UNI\u00d3N GAN\u00d3 Y ES L\u00cdDER - CELTTV","description":"Sitio web de noticias de la localidad de Tornquist, provincia de Buenos Aires, Rep\u00fablica Argentina. Contenido propio originado por periodistas de CELTTV, el canal de TV local de la Cooperativa El\u00e9ctrica de Tornquist. Turismo, Pol\u00edtica, Sociedad, Deporte, Cultura y todo el contenido de inter\u00e9s general que la gente del pueblo y la regi\u00f3n debe conocer.","robots":{"index":"index","follow":"follow","max-snippet":"max-snippet:-1","max-image-preview":"max-image-preview:large","max-video-preview":"max-video-preview:-1"},"canonical":"https:\/\/www.celttv.com.ar\/index.php\/2018\/09\/02\/union-gano-y-es-lider\/","og_locale":"es_ES","og_type":"article","og_title":"UNI\u00d3N GAN\u00d3 Y ES L\u00cdDER - CELTTV","og_description":"Sitio web de noticias de la localidad de Tornquist, provincia de Buenos Aires, Rep\u00fablica Argentina. Contenido propio originado por periodistas de CELTTV, el canal de TV local de la Cooperativa El\u00e9ctrica de Tornquist. Turismo, Pol\u00edtica, Sociedad, Deporte, Cultura y todo el contenido de inter\u00e9s general que la gente del pueblo y la regi\u00f3n debe conocer.","og_url":"https:\/\/www.celttv.com.ar\/index.php\/2018\/09\/02\/union-gano-y-es-lider\/","og_site_name":"CELTTV","article_publisher":"https:\/\/www.facebook.com\/celtTV\/","article_published_time":"2018-09-02T22:32:23+00:00","og_image":[{"width":960,"height":640,"url":"https:\/\/www.celttv.com.ar\/wp-content\/uploads\/2018\/09\/DSC_0800.jpg","type":"image\/jpeg"}],"author":"ulises","twitter_card":"summary_large_image","twitter_misc":{"Escrito por":"ulises","Tiempo de lectura":"3 minutos"},"schema":{"@context":"https:\/\/schema.org","@graph":[{"@type":"NewsArticle","@id":"https:\/\/www.celttv.com.ar\/index.php\/2018\/09\/02\/union-gano-y-es-lider\/#article","isPartOf":{"@id":"https:\/\/www.celttv.com.ar\/index.php\/2018\/09\/02\/union-gano-y-es-lider\/"},"author":{"name":"ulises","@id":"https:\/\/www.celttv.com.ar\/#\/schema\/person\/6d99c072dba59953809c81446e9d0ace"},"headline":"UNI\u00d3N GAN\u00d3 Y ES L\u00cdDER","datePublished":"2018-09-02T22:32:23+00:00","dateModified":"2018-09-02T22:32:23+00:00","mainEntityOfPage":{"@id":"https:\/\/www.celttv.com.ar\/index.php\/2018\/09\/02\/union-gano-y-es-lider\/"},"wordCount":623,"publisher":{"@id":"https:\/\/www.celttv.com.ar\/#organization"},"articleSection":["Deporte","Destacadas","Solo Futbol"],"inLanguage":"es"},{"@type":"WebPage","@id":"https:\/\/www.celttv.com.ar\/index.php\/2018\/09\/02\/union-gano-y-es-lider\/","url":"https:\/\/www.celttv.com.ar\/index.php\/2018\/09\/02\/union-gano-y-es-lider\/","name":"UNI\u00d3N GAN\u00d3 Y ES L\u00cdDER - CELTTV","isPartOf":{"@id":"https:\/\/www.celttv.com.ar\/#website"},"datePublished":"2018-09-02T22:32:23+00:00","dateModified":"2018-09-02T22:32:23+00:00","description":"Sitio web de noticias de la localidad de Tornquist, provincia de Buenos Aires, Rep\u00fablica Argentina. Contenido propio originado por periodistas de CELTTV, el canal de TV local de la Cooperativa El\u00e9ctrica de Tornquist. Turismo, Pol\u00edtica, Sociedad, Deporte, Cultura y todo el contenido de inter\u00e9s general que la gente del pueblo y la regi\u00f3n debe conocer.","breadcrumb":{"@id":"https:\/\/www.celttv.com.ar\/index.php\/2018\/09\/02\/union-gano-y-es-lider\/#breadcrumb"},"inLanguage":"es","potentialAction":[{"@type":"ReadAction","target":["https:\/\/www.celttv.com.ar\/index.php\/2018\/09\/02\/union-gano-y-es-lider\/"]}]},{"@type":"BreadcrumbList","@id":"https:\/\/www.celttv.com.ar\/index.php\/2018\/09\/02\/union-gano-y-es-lider\/#breadcrumb","itemListElement":[{"@type":"ListItem","position":1,"name":"Inicio","item":"https:\/\/www.celttv.com.ar\/"},{"@type":"ListItem","position":2,"name":"UNI\u00d3N GAN\u00d3 Y ES L\u00cdDER"}]},{"@type":"WebSite","@id":"https:\/\/www.celttv.com.ar\/#website","url":"https:\/\/www.celttv.com.ar\/","name":"CELTTV","description":"Cooperativa El\u00e9ctrica de Tornquist","publisher":{"@id":"https:\/\/www.celttv.com.ar\/#organization"},"potentialAction":[{"@type":"SearchAction","target":{"@type":"EntryPoint","urlTemplate":"https:\/\/www.celttv.com.ar\/?s={search_term_string}"},"query-input":"required name=search_term_string"}],"inLanguage":"es"},{"@type":"Organization","@id":"https:\/\/www.celttv.com.ar\/#organization","name":"CELTTV","url":"https:\/\/www.celttv.com.ar\/","sameAs":["https:\/\/www.youtube.com\/channel\/UCz_oIt8Hig64Ub-EmcNPIhg","https:\/\/www.facebook.com\/celtTV\/"],"logo":{"@type":"ImageObject","inLanguage":"es","@id":"https:\/\/www.celttv.com.ar\/#\/schema\/logo\/image\/","url":"http:\/\/www.celttv.com.ar\/wp-content\/uploads\/2022\/08\/logo-1.png","contentUrl":"http:\/\/www.celttv.com.ar\/wp-content\/uploads\/2022\/08\/logo-1.png","width":461,"height":159,"caption":"CELTTV"},"image":{"@id":"https:\/\/www.celttv.com.ar\/#\/schema\/logo\/image\/"}},{"@type":"Person","@id":"https:\/\/www.celttv.com.ar\/#\/schema\/person\/6d99c072dba59953809c81446e9d0ace","name":"ulises","image":{"@type":"ImageObject","inLanguage":"es","@id":"https:\/\/www.celttv.com.ar\/#\/schema\/person\/image\/","url":"https:\/\/secure.gravatar.com\/avatar\/7f2c48bdc33b30088f941fb6082e555f2874c98e20cb159d7b92b50eadfce793?s=96&d=mm&r=g","contentUrl":"https:\/\/secure.gravatar.com\/avatar\/7f2c48bdc33b30088f941fb6082e555f2874c98e20cb159d7b92b50eadfce793?s=96&d=mm&r=g","caption":"ulises"},"sameAs":["http:\/\/www.celttv.com.ar"]}]}},"_links":{"self":[{"href":"https:\/\/www.celttv.com.ar\/index.php\/wp-json\/wp\/v2\/posts\/36764","targetHints":{"allow":["GET"]}}],"collection":[{"href":"https:\/\/www.celttv.com.ar\/index.php\/wp-json\/wp\/v2\/posts"}],"about":[{"href":"https:\/\/www.celttv.com.ar\/index.php\/wp-json\/wp\/v2\/types\/post"}],"author":[{"embeddable":true,"href":"https:\/\/www.celttv.com.ar\/index.php\/wp-json\/wp\/v2\/users\/1"}],"replies":[{"embeddable":true,"href":"https:\/\/www.celttv.com.ar\/index.php\/wp-json\/wp\/v2\/comments?post=36764"}],"version-history":[{"count":0,"href":"https:\/\/www.celttv.com.ar\/index.php\/wp-json\/wp\/v2\/posts\/36764\/revisions"}],"wp:featuredmedia":[{"embeddable":true,"href":"https:\/\/www.celttv.com.ar\/index.php\/wp-json\/wp\/v2\/media\/36766"}],"wp:attachment":[{"href":"https:\/\/www.celttv.com.ar\/index.php\/wp-json\/wp\/v2\/media?parent=36764"}],"wp:term":[{"taxonomy":"category","embeddable":true,"href":"https:\/\/www.celttv.com.ar\/index.php\/wp-json\/wp\/v2\/categories?post=36764"},{"taxonomy":"post_tag","embeddable":true,"href":"https:\/\/www.celttv.com.ar\/index.php\/wp-json\/wp\/v2\/tags?post=36764"}],"curies":[{"name":"wp","href":"https:\/\/api.w.org\/{rel}","templated":true}]}}