{"id":36845,"date":"2018-09-05T19:27:00","date_gmt":"2018-09-05T19:27:00","guid":{"rendered":"http:\/\/www.celttv.com.ar\/?p=36845"},"modified":"2018-09-05T19:27:00","modified_gmt":"2018-09-05T19:27:00","slug":"concejales-oficialistas-y-opositores-debatieron-sobre-los-residuos-encontrados-en-un-basurero-del-distrito-videos-del-debate","status":"publish","type":"post","link":"https:\/\/www.celttv.com.ar\/index.php\/2018\/09\/05\/concejales-oficialistas-y-opositores-debatieron-sobre-los-residuos-encontrados-en-un-basurero-del-distrito-videos-del-debate\/","title":{"rendered":"CONCEJALES OFICIALISTAS Y OPOSITORES DEBATIERON SOBRE LOS RESIDUOS ENCONTRADOS EN UN BASURERO DEL DISTRITO (VIDEOS DEL DEBATE)"},"content":{"rendered":"<p><strong>CELTTV&#8212;<\/strong> Concejales oficialistas y opositores, debatieron sobre el basurero a cielo abierto de Sierra de la Ventana y la supuesta aparici\u00f3n de bolsas con posible elementos pat\u00f3genos y otro de tipo de envases y desperdicios que no corresponder\u00edan a este distrito.<br \/>\nLos concejales de Cambiemos, FPV y Frente Justicialista Cumplir, expresaron su opini\u00f3n al respecto durante la \u00faltima sesi\u00f3n ordinaria del Concejo Deliberante.<\/p>\n<div class=\"jeg_video_container jeg_video_content\"><iframe loading=\"lazy\" title=\"2018 09 05 HCD BASUREROS 1 BASSI SAGREDO\" width=\"500\" height=\"375\" src=\"https:\/\/www.youtube.com\/embed\/51k_ya1UTk4?feature=oembed\" frameborder=\"0\" allow=\"accelerometer; autoplay; clipboard-write; encrypted-media; gyroscope; picture-in-picture; web-share\" referrerpolicy=\"strict-origin-when-cross-origin\" allowfullscreen><\/iframe><\/div>\n<div class=\"jeg_video_container jeg_video_content\"><iframe loading=\"lazy\" title=\"2018 09 05 HCD BASUREROS 2 DE LARENA SAGREDO DE LARENA\" width=\"500\" height=\"375\" src=\"https:\/\/www.youtube.com\/embed\/EWMrQRyvVg0?feature=oembed\" frameborder=\"0\" allow=\"accelerometer; autoplay; clipboard-write; encrypted-media; gyroscope; picture-in-picture; web-share\" referrerpolicy=\"strict-origin-when-cross-origin\" allowfullscreen><\/iframe><\/div>\n<div class=\"jeg_video_container jeg_video_content\"><iframe loading=\"lazy\" title=\"2018 09 05 HCD BASUREROS 3 SKOLAK IBARRA SKOLAK\" width=\"500\" height=\"375\" src=\"https:\/\/www.youtube.com\/embed\/vNmxuMIK1D8?feature=oembed\" frameborder=\"0\" allow=\"accelerometer; autoplay; clipboard-write; encrypted-media; gyroscope; picture-in-picture; web-share\" referrerpolicy=\"strict-origin-when-cross-origin\" allowfullscreen><\/iframe><\/div>\n<div class=\"jeg_video_container jeg_video_content\"><iframe loading=\"lazy\" title=\"2018 09 05 HCD BASUREROS 4 DE LARENA SKOLAK BASSI\" width=\"500\" height=\"375\" src=\"https:\/\/www.youtube.com\/embed\/D_mHbtECa4I?feature=oembed\" frameborder=\"0\" allow=\"accelerometer; autoplay; clipboard-write; encrypted-media; gyroscope; picture-in-picture; web-share\" referrerpolicy=\"strict-origin-when-cross-origin\" allowfullscreen><\/iframe><\/div>\n<div class=\"jeg_video_container jeg_video_content\"><iframe loading=\"lazy\" title=\"2018 09 05 HCD BASUREROS 5 LOFFLER IBARRA ROJAS SKOLAK IBARRA DE LARENA ROJAS DE LARENA SKOLAK\" width=\"500\" height=\"375\" src=\"https:\/\/www.youtube.com\/embed\/yTbk4_Fc2wo?feature=oembed\" frameborder=\"0\" allow=\"accelerometer; autoplay; clipboard-write; encrypted-media; gyroscope; picture-in-picture; web-share\" referrerpolicy=\"strict-origin-when-cross-origin\" allowfullscreen><\/iframe><\/div>\n","protected":false},"excerpt":{"rendered":"<p>CELTTV&#8212; Concejales oficialistas y opositores, debatieron sobre el basurero a cielo abierto de Sierra de la Ventana y la supuesta aparici\u00f3n de bolsas con posible elementos pat\u00f3genos y otro de tipo de envases y desperdicios que no corresponder\u00edan a este distrito. Los concejales de Cambiemos, FPV y Frente Justicialista Cumplir, expresaron su opini\u00f3n al respecto [&hellip;]<\/p>\n","protected":false},"author":1,"featured_media":36847,"comment_status":"closed","ping_status":"open","sticky":false,"template":"","format":"standard","meta":{"footnotes":""},"categories":[55,51,52,65],"tags":[],"class_list":["post-36845","post","type-post","status-publish","format-standard","has-post-thumbnail","hentry","category-celt-tv-noticias","category-comunidad","category-destacadas","category-produccion"],"yoast_head":"<!-- This site is optimized with the Yoast SEO plugin v19.7.1 - https:\/\/yoast.com\/wordpress\/plugins\/seo\/ -->\n<title>CONCEJALES OFICIALISTAS Y OPOSITORES DEBATIERON SOBRE LOS RESIDUOS ENCONTRADOS EN UN BASURERO DEL DISTRITO (VIDEOS DEL DEBATE) - CELTTV<\/title>\n<meta name=\"description\" content=\"Sitio web de noticias de la localidad de Tornquist, provincia de Buenos Aires, Rep\u00fablica Argentina. Contenido propio originado por periodistas de CELTTV, el canal de TV local de la Cooperativa El\u00e9ctrica de Tornquist. Turismo, Pol\u00edtica, Sociedad, Deporte, Cultura y todo el contenido de inter\u00e9s general que la gente del pueblo y la regi\u00f3n debe conocer.\" \/>\n<meta name=\"robots\" content=\"index, follow, max-snippet:-1, max-image-preview:large, max-video-preview:-1\" \/>\n<link rel=\"canonical\" href=\"https:\/\/www.celttv.com.ar\/index.php\/2018\/09\/05\/concejales-oficialistas-y-opositores-debatieron-sobre-los-residuos-encontrados-en-un-basurero-del-distrito-videos-del-debate\/\" \/>\n<meta property=\"og:locale\" content=\"es_ES\" \/>\n<meta property=\"og:type\" content=\"article\" \/>\n<meta property=\"og:title\" content=\"CONCEJALES OFICIALISTAS Y OPOSITORES DEBATIERON SOBRE LOS RESIDUOS ENCONTRADOS EN UN BASURERO DEL DISTRITO (VIDEOS DEL DEBATE) - CELTTV\" \/>\n<meta property=\"og:description\" content=\"Sitio web de noticias de la localidad de Tornquist, provincia de Buenos Aires, Rep\u00fablica Argentina. Contenido propio originado por periodistas de CELTTV, el canal de TV local de la Cooperativa El\u00e9ctrica de Tornquist. Turismo, Pol\u00edtica, Sociedad, Deporte, Cultura y todo el contenido de inter\u00e9s general que la gente del pueblo y la regi\u00f3n debe conocer.\" \/>\n<meta property=\"og:url\" content=\"https:\/\/www.celttv.com.ar\/index.php\/2018\/09\/05\/concejales-oficialistas-y-opositores-debatieron-sobre-los-residuos-encontrados-en-un-basurero-del-distrito-videos-del-debate\/\" \/>\n<meta property=\"og:site_name\" content=\"CELTTV\" \/>\n<meta property=\"article:publisher\" content=\"https:\/\/www.facebook.com\/celtTV\/\" \/>\n<meta property=\"article:published_time\" content=\"2018-09-05T19:27:00+00:00\" \/>\n<meta property=\"og:image\" content=\"https:\/\/www.celttv.com.ar\/wp-content\/uploads\/2018\/09\/HCD-1.jpg\" \/>\n\t<meta property=\"og:image:width\" content=\"960\" \/>\n\t<meta property=\"og:image:height\" content=\"720\" \/>\n\t<meta property=\"og:image:type\" content=\"image\/jpeg\" \/>\n<meta name=\"author\" content=\"ulises\" \/>\n<meta name=\"twitter:card\" content=\"summary_large_image\" \/>\n<meta name=\"twitter:label1\" content=\"Escrito por\" \/>\n\t<meta name=\"twitter:data1\" content=\"ulises\" \/>\n\t<meta name=\"twitter:label2\" content=\"Tiempo de lectura\" \/>\n\t<meta name=\"twitter:data2\" content=\"1 minuto\" \/>\n<script type=\"application\/ld+json\" class=\"yoast-schema-graph\">{\"@context\":\"https:\/\/schema.org\",\"@graph\":[{\"@type\":\"NewsArticle\",\"@id\":\"https:\/\/www.celttv.com.ar\/index.php\/2018\/09\/05\/concejales-oficialistas-y-opositores-debatieron-sobre-los-residuos-encontrados-en-un-basurero-del-distrito-videos-del-debate\/#article\",\"isPartOf\":{\"@id\":\"https:\/\/www.celttv.com.ar\/index.php\/2018\/09\/05\/concejales-oficialistas-y-opositores-debatieron-sobre-los-residuos-encontrados-en-un-basurero-del-distrito-videos-del-debate\/\"},\"author\":{\"name\":\"ulises\",\"@id\":\"https:\/\/www.celttv.com.ar\/#\/schema\/person\/6d99c072dba59953809c81446e9d0ace\"},\"headline\":\"CONCEJALES OFICIALISTAS Y OPOSITORES DEBATIERON SOBRE LOS RESIDUOS ENCONTRADOS EN UN BASURERO DEL DISTRITO (VIDEOS DEL DEBATE)\",\"datePublished\":\"2018-09-05T19:27:00+00:00\",\"dateModified\":\"2018-09-05T19:27:00+00:00\",\"mainEntityOfPage\":{\"@id\":\"https:\/\/www.celttv.com.ar\/index.php\/2018\/09\/05\/concejales-oficialistas-y-opositores-debatieron-sobre-los-residuos-encontrados-en-un-basurero-del-distrito-videos-del-debate\/\"},\"wordCount\":127,\"publisher\":{\"@id\":\"https:\/\/www.celttv.com.ar\/#organization\"},\"articleSection\":[\"Celt TV Noticias\",\"Comunidad\",\"Destacadas\",\"Producci\u00f3n y Medio Ambiente\"],\"inLanguage\":\"es\"},{\"@type\":\"WebPage\",\"@id\":\"https:\/\/www.celttv.com.ar\/index.php\/2018\/09\/05\/concejales-oficialistas-y-opositores-debatieron-sobre-los-residuos-encontrados-en-un-basurero-del-distrito-videos-del-debate\/\",\"url\":\"https:\/\/www.celttv.com.ar\/index.php\/2018\/09\/05\/concejales-oficialistas-y-opositores-debatieron-sobre-los-residuos-encontrados-en-un-basurero-del-distrito-videos-del-debate\/\",\"name\":\"CONCEJALES OFICIALISTAS Y OPOSITORES DEBATIERON SOBRE LOS RESIDUOS ENCONTRADOS EN UN BASURERO DEL DISTRITO (VIDEOS DEL DEBATE) - CELTTV\",\"isPartOf\":{\"@id\":\"https:\/\/www.celttv.com.ar\/#website\"},\"datePublished\":\"2018-09-05T19:27:00+00:00\",\"dateModified\":\"2018-09-05T19:27:00+00:00\",\"description\":\"Sitio web de noticias de la localidad de Tornquist, provincia de Buenos Aires, Rep\u00fablica Argentina. Contenido propio originado por periodistas de CELTTV, el canal de TV local de la Cooperativa El\u00e9ctrica de Tornquist. Turismo, Pol\u00edtica, Sociedad, Deporte, Cultura y todo el contenido de inter\u00e9s general que la gente del pueblo y la regi\u00f3n debe conocer.\",\"breadcrumb\":{\"@id\":\"https:\/\/www.celttv.com.ar\/index.php\/2018\/09\/05\/concejales-oficialistas-y-opositores-debatieron-sobre-los-residuos-encontrados-en-un-basurero-del-distrito-videos-del-debate\/#breadcrumb\"},\"inLanguage\":\"es\",\"potentialAction\":[{\"@type\":\"ReadAction\",\"target\":[\"https:\/\/www.celttv.com.ar\/index.php\/2018\/09\/05\/concejales-oficialistas-y-opositores-debatieron-sobre-los-residuos-encontrados-en-un-basurero-del-distrito-videos-del-debate\/\"]}]},{\"@type\":\"BreadcrumbList\",\"@id\":\"https:\/\/www.celttv.com.ar\/index.php\/2018\/09\/05\/concejales-oficialistas-y-opositores-debatieron-sobre-los-residuos-encontrados-en-un-basurero-del-distrito-videos-del-debate\/#breadcrumb\",\"itemListElement\":[{\"@type\":\"ListItem\",\"position\":1,\"name\":\"Inicio\",\"item\":\"https:\/\/www.celttv.com.ar\/\"},{\"@type\":\"ListItem\",\"position\":2,\"name\":\"CONCEJALES OFICIALISTAS Y OPOSITORES DEBATIERON SOBRE LOS RESIDUOS ENCONTRADOS EN UN BASURERO DEL DISTRITO (VIDEOS DEL DEBATE)\"}]},{\"@type\":\"WebSite\",\"@id\":\"https:\/\/www.celttv.com.ar\/#website\",\"url\":\"https:\/\/www.celttv.com.ar\/\",\"name\":\"CELTTV\",\"description\":\"Cooperativa El\u00e9ctrica de Tornquist\",\"publisher\":{\"@id\":\"https:\/\/www.celttv.com.ar\/#organization\"},\"potentialAction\":[{\"@type\":\"SearchAction\",\"target\":{\"@type\":\"EntryPoint\",\"urlTemplate\":\"https:\/\/www.celttv.com.ar\/?s={search_term_string}\"},\"query-input\":\"required name=search_term_string\"}],\"inLanguage\":\"es\"},{\"@type\":\"Organization\",\"@id\":\"https:\/\/www.celttv.com.ar\/#organization\",\"name\":\"CELTTV\",\"url\":\"https:\/\/www.celttv.com.ar\/\",\"sameAs\":[\"https:\/\/www.youtube.com\/channel\/UCz_oIt8Hig64Ub-EmcNPIhg\",\"https:\/\/www.facebook.com\/celtTV\/\"],\"logo\":{\"@type\":\"ImageObject\",\"inLanguage\":\"es\",\"@id\":\"https:\/\/www.celttv.com.ar\/#\/schema\/logo\/image\/\",\"url\":\"http:\/\/www.celttv.com.ar\/wp-content\/uploads\/2022\/08\/logo-1.png\",\"contentUrl\":\"http:\/\/www.celttv.com.ar\/wp-content\/uploads\/2022\/08\/logo-1.png\",\"width\":461,\"height\":159,\"caption\":\"CELTTV\"},\"image\":{\"@id\":\"https:\/\/www.celttv.com.ar\/#\/schema\/logo\/image\/\"}},{\"@type\":\"Person\",\"@id\":\"https:\/\/www.celttv.com.ar\/#\/schema\/person\/6d99c072dba59953809c81446e9d0ace\",\"name\":\"ulises\",\"image\":{\"@type\":\"ImageObject\",\"inLanguage\":\"es\",\"@id\":\"https:\/\/www.celttv.com.ar\/#\/schema\/person\/image\/\",\"url\":\"https:\/\/secure.gravatar.com\/avatar\/7f2c48bdc33b30088f941fb6082e555f2874c98e20cb159d7b92b50eadfce793?s=96&d=mm&r=g\",\"contentUrl\":\"https:\/\/secure.gravatar.com\/avatar\/7f2c48bdc33b30088f941fb6082e555f2874c98e20cb159d7b92b50eadfce793?s=96&d=mm&r=g\",\"caption\":\"ulises\"},\"sameAs\":[\"http:\/\/www.celttv.com.ar\"]}]}<\/script>\n<!-- \/ Yoast SEO plugin. -->","yoast_head_json":{"title":"CONCEJALES OFICIALISTAS Y OPOSITORES DEBATIERON SOBRE LOS RESIDUOS ENCONTRADOS EN UN BASURERO DEL DISTRITO (VIDEOS DEL DEBATE) - CELTTV","description":"Sitio web de noticias de la localidad de Tornquist, provincia de Buenos Aires, Rep\u00fablica Argentina. Contenido propio originado por periodistas de CELTTV, el canal de TV local de la Cooperativa El\u00e9ctrica de Tornquist. Turismo, Pol\u00edtica, Sociedad, Deporte, Cultura y todo el contenido de inter\u00e9s general que la gente del pueblo y la regi\u00f3n debe conocer.","robots":{"index":"index","follow":"follow","max-snippet":"max-snippet:-1","max-image-preview":"max-image-preview:large","max-video-preview":"max-video-preview:-1"},"canonical":"https:\/\/www.celttv.com.ar\/index.php\/2018\/09\/05\/concejales-oficialistas-y-opositores-debatieron-sobre-los-residuos-encontrados-en-un-basurero-del-distrito-videos-del-debate\/","og_locale":"es_ES","og_type":"article","og_title":"CONCEJALES OFICIALISTAS Y OPOSITORES DEBATIERON SOBRE LOS RESIDUOS ENCONTRADOS EN UN BASURERO DEL DISTRITO (VIDEOS DEL DEBATE) - CELTTV","og_description":"Sitio web de noticias de la localidad de Tornquist, provincia de Buenos Aires, Rep\u00fablica Argentina. Contenido propio originado por periodistas de CELTTV, el canal de TV local de la Cooperativa El\u00e9ctrica de Tornquist. Turismo, Pol\u00edtica, Sociedad, Deporte, Cultura y todo el contenido de inter\u00e9s general que la gente del pueblo y la regi\u00f3n debe conocer.","og_url":"https:\/\/www.celttv.com.ar\/index.php\/2018\/09\/05\/concejales-oficialistas-y-opositores-debatieron-sobre-los-residuos-encontrados-en-un-basurero-del-distrito-videos-del-debate\/","og_site_name":"CELTTV","article_publisher":"https:\/\/www.facebook.com\/celtTV\/","article_published_time":"2018-09-05T19:27:00+00:00","og_image":[{"width":960,"height":720,"url":"https:\/\/www.celttv.com.ar\/wp-content\/uploads\/2018\/09\/HCD-1.jpg","type":"image\/jpeg"}],"author":"ulises","twitter_card":"summary_large_image","twitter_misc":{"Escrito por":"ulises","Tiempo de lectura":"1 minuto"},"schema":{"@context":"https:\/\/schema.org","@graph":[{"@type":"NewsArticle","@id":"https:\/\/www.celttv.com.ar\/index.php\/2018\/09\/05\/concejales-oficialistas-y-opositores-debatieron-sobre-los-residuos-encontrados-en-un-basurero-del-distrito-videos-del-debate\/#article","isPartOf":{"@id":"https:\/\/www.celttv.com.ar\/index.php\/2018\/09\/05\/concejales-oficialistas-y-opositores-debatieron-sobre-los-residuos-encontrados-en-un-basurero-del-distrito-videos-del-debate\/"},"author":{"name":"ulises","@id":"https:\/\/www.celttv.com.ar\/#\/schema\/person\/6d99c072dba59953809c81446e9d0ace"},"headline":"CONCEJALES OFICIALISTAS Y OPOSITORES DEBATIERON SOBRE LOS RESIDUOS ENCONTRADOS EN UN BASURERO DEL DISTRITO (VIDEOS DEL DEBATE)","datePublished":"2018-09-05T19:27:00+00:00","dateModified":"2018-09-05T19:27:00+00:00","mainEntityOfPage":{"@id":"https:\/\/www.celttv.com.ar\/index.php\/2018\/09\/05\/concejales-oficialistas-y-opositores-debatieron-sobre-los-residuos-encontrados-en-un-basurero-del-distrito-videos-del-debate\/"},"wordCount":127,"publisher":{"@id":"https:\/\/www.celttv.com.ar\/#organization"},"articleSection":["Celt TV Noticias","Comunidad","Destacadas","Producci\u00f3n y Medio Ambiente"],"inLanguage":"es"},{"@type":"WebPage","@id":"https:\/\/www.celttv.com.ar\/index.php\/2018\/09\/05\/concejales-oficialistas-y-opositores-debatieron-sobre-los-residuos-encontrados-en-un-basurero-del-distrito-videos-del-debate\/","url":"https:\/\/www.celttv.com.ar\/index.php\/2018\/09\/05\/concejales-oficialistas-y-opositores-debatieron-sobre-los-residuos-encontrados-en-un-basurero-del-distrito-videos-del-debate\/","name":"CONCEJALES OFICIALISTAS Y OPOSITORES DEBATIERON SOBRE LOS RESIDUOS ENCONTRADOS EN UN BASURERO DEL DISTRITO (VIDEOS DEL DEBATE) - CELTTV","isPartOf":{"@id":"https:\/\/www.celttv.com.ar\/#website"},"datePublished":"2018-09-05T19:27:00+00:00","dateModified":"2018-09-05T19:27:00+00:00","description":"Sitio web de noticias de la localidad de Tornquist, provincia de Buenos Aires, Rep\u00fablica Argentina. Contenido propio originado por periodistas de CELTTV, el canal de TV local de la Cooperativa El\u00e9ctrica de Tornquist. Turismo, Pol\u00edtica, Sociedad, Deporte, Cultura y todo el contenido de inter\u00e9s general que la gente del pueblo y la regi\u00f3n debe conocer.","breadcrumb":{"@id":"https:\/\/www.celttv.com.ar\/index.php\/2018\/09\/05\/concejales-oficialistas-y-opositores-debatieron-sobre-los-residuos-encontrados-en-un-basurero-del-distrito-videos-del-debate\/#breadcrumb"},"inLanguage":"es","potentialAction":[{"@type":"ReadAction","target":["https:\/\/www.celttv.com.ar\/index.php\/2018\/09\/05\/concejales-oficialistas-y-opositores-debatieron-sobre-los-residuos-encontrados-en-un-basurero-del-distrito-videos-del-debate\/"]}]},{"@type":"BreadcrumbList","@id":"https:\/\/www.celttv.com.ar\/index.php\/2018\/09\/05\/concejales-oficialistas-y-opositores-debatieron-sobre-los-residuos-encontrados-en-un-basurero-del-distrito-videos-del-debate\/#breadcrumb","itemListElement":[{"@type":"ListItem","position":1,"name":"Inicio","item":"https:\/\/www.celttv.com.ar\/"},{"@type":"ListItem","position":2,"name":"CONCEJALES OFICIALISTAS Y OPOSITORES DEBATIERON SOBRE LOS RESIDUOS ENCONTRADOS EN UN BASURERO DEL DISTRITO (VIDEOS DEL DEBATE)"}]},{"@type":"WebSite","@id":"https:\/\/www.celttv.com.ar\/#website","url":"https:\/\/www.celttv.com.ar\/","name":"CELTTV","description":"Cooperativa El\u00e9ctrica de Tornquist","publisher":{"@id":"https:\/\/www.celttv.com.ar\/#organization"},"potentialAction":[{"@type":"SearchAction","target":{"@type":"EntryPoint","urlTemplate":"https:\/\/www.celttv.com.ar\/?s={search_term_string}"},"query-input":"required name=search_term_string"}],"inLanguage":"es"},{"@type":"Organization","@id":"https:\/\/www.celttv.com.ar\/#organization","name":"CELTTV","url":"https:\/\/www.celttv.com.ar\/","sameAs":["https:\/\/www.youtube.com\/channel\/UCz_oIt8Hig64Ub-EmcNPIhg","https:\/\/www.facebook.com\/celtTV\/"],"logo":{"@type":"ImageObject","inLanguage":"es","@id":"https:\/\/www.celttv.com.ar\/#\/schema\/logo\/image\/","url":"http:\/\/www.celttv.com.ar\/wp-content\/uploads\/2022\/08\/logo-1.png","contentUrl":"http:\/\/www.celttv.com.ar\/wp-content\/uploads\/2022\/08\/logo-1.png","width":461,"height":159,"caption":"CELTTV"},"image":{"@id":"https:\/\/www.celttv.com.ar\/#\/schema\/logo\/image\/"}},{"@type":"Person","@id":"https:\/\/www.celttv.com.ar\/#\/schema\/person\/6d99c072dba59953809c81446e9d0ace","name":"ulises","image":{"@type":"ImageObject","inLanguage":"es","@id":"https:\/\/www.celttv.com.ar\/#\/schema\/person\/image\/","url":"https:\/\/secure.gravatar.com\/avatar\/7f2c48bdc33b30088f941fb6082e555f2874c98e20cb159d7b92b50eadfce793?s=96&d=mm&r=g","contentUrl":"https:\/\/secure.gravatar.com\/avatar\/7f2c48bdc33b30088f941fb6082e555f2874c98e20cb159d7b92b50eadfce793?s=96&d=mm&r=g","caption":"ulises"},"sameAs":["http:\/\/www.celttv.com.ar"]}]}},"_links":{"self":[{"href":"https:\/\/www.celttv.com.ar\/index.php\/wp-json\/wp\/v2\/posts\/36845","targetHints":{"allow":["GET"]}}],"collection":[{"href":"https:\/\/www.celttv.com.ar\/index.php\/wp-json\/wp\/v2\/posts"}],"about":[{"href":"https:\/\/www.celttv.com.ar\/index.php\/wp-json\/wp\/v2\/types\/post"}],"author":[{"embeddable":true,"href":"https:\/\/www.celttv.com.ar\/index.php\/wp-json\/wp\/v2\/users\/1"}],"replies":[{"embeddable":true,"href":"https:\/\/www.celttv.com.ar\/index.php\/wp-json\/wp\/v2\/comments?post=36845"}],"version-history":[{"count":0,"href":"https:\/\/www.celttv.com.ar\/index.php\/wp-json\/wp\/v2\/posts\/36845\/revisions"}],"wp:featuredmedia":[{"embeddable":true,"href":"https:\/\/www.celttv.com.ar\/index.php\/wp-json\/wp\/v2\/media\/36847"}],"wp:attachment":[{"href":"https:\/\/www.celttv.com.ar\/index.php\/wp-json\/wp\/v2\/media?parent=36845"}],"wp:term":[{"taxonomy":"category","embeddable":true,"href":"https:\/\/www.celttv.com.ar\/index.php\/wp-json\/wp\/v2\/categories?post=36845"},{"taxonomy":"post_tag","embeddable":true,"href":"https:\/\/www.celttv.com.ar\/index.php\/wp-json\/wp\/v2\/tags?post=36845"}],"curies":[{"name":"wp","href":"https:\/\/api.w.org\/{rel}","templated":true}]}}