{"id":36870,"date":"2018-09-06T14:02:43","date_gmt":"2018-09-06T14:02:43","guid":{"rendered":"http:\/\/www.celttv.com.ar\/?p=36870"},"modified":"2018-09-06T14:02:43","modified_gmt":"2018-09-06T14:02:43","slug":"informe-de-la-ultuma-sesion-ordinaria-del-honorable-concejo-deliberante-fotos","status":"publish","type":"post","link":"https:\/\/www.celttv.com.ar\/index.php\/2018\/09\/06\/informe-de-la-ultuma-sesion-ordinaria-del-honorable-concejo-deliberante-fotos\/","title":{"rendered":"Informe de la \u00faltuma sesi\u00f3n ordinaria del Honorable Concejo Deliberante (Fotos)"},"content":{"rendered":"<p><strong><u>Comunicaciones Oficiales y dict\u00e1menes de las Comisiones:<\/u><\/strong><br \/>\n<strong><u>\u00a0<\/u><\/strong><br \/>\n<strong><u>Expte. <\/u><\/strong><strong><u>N\u00ba 259\/17:<\/u><\/strong> \u201cDirecci\u00f3n de Cultura \u2013 Resignificaci\u00f3n de la planta baja del inmueble denominado casa Rodr\u00edguez en Espacio Muse\u00edstico\u201d.<br \/>\nPasa a las Comisiones de Asuntos Municipales e Interpretaci\u00f3n y Reglamento.<br \/>\n&nbsp;<br \/>\n<strong><u>Expte. <\/u><\/strong><strong><u>N\u00ba 259\/18:<\/u><\/strong> \u201cDirecci\u00f3n de Cultura: Designa con el nombre de Mar\u00eda E. Walsh \u2013 Casa del Ni\u00f1o\u201d.<br \/>\nSe solicita tratamiento sobre Tablas.<br \/>\nSe aprueba por unanimidad la Ordenanza con el N\u00ba 3069\/18 por la que se designa con el nombre de Mar\u00eda Elena Walsh a la Casa del Ni\u00f1o perteneciente a la Municipalidad de Tornquist, que actualmente est\u00e1 funcionando en el inmueble que se ubica en la Avenida San Mart\u00edn N\u00ba 268 de la ciudad de Tornquist.<br \/>\n&nbsp;<br \/>\n<strong><u>Expte. <\/u><\/strong><strong><u>N\u00ba 263\/18:<\/u><\/strong> \u201cD.E. Convalida la firma del Convenio Espec\u00edfico celebrado e\/el Municipio de Tornquist, la UPSO y la UNS\u201d.<br \/>\nPasa a las Comisiones de Presupuesto y Hacienda, y Asuntos Municipales.<br \/>\n<strong><em><u>\u00a0<\/u><\/em><\/strong><br \/>\n<strong><u>Expte. <\/u><\/strong><strong><u>N\u00ba 268\/18:<\/u><\/strong> \u201cConvalida la firma del Convenio celebrado en el Ministerio de Infraestructura y Servicios P\u00fablicos de la Provincia de Buenos Aires y el Municipio de Tornquist\u201d.<br \/>\nSe solicita tratamiento sobre Tablas.<br \/>\nSe aprueba por unanimidad la Ordenanza con el N\u00ba 3070\/18 por la que se convalida la firma del Convenio Celebrado entre el Ministerio de Infraestructura y Servicios P\u00fablicos de la Provincia de Buenos Aires, representado por el Sr. Ministro Gigante, Roberto y la Municipalidad de Tornquist, representada por el Se\u00f1or Intendente Municipal Sergio Bordoni. A trav\u00e9s de este Convenio el Ministerio otorgar\u00e1 al Municipio en concepto de subsidio hasta la suma de pesos un mill\u00f3n quinientos cuatro mil cuarenta y ocho, con ocho centavos ($1.504.048,08) destinados a financiar la ejecuci\u00f3n de la obra \u201cPreparaci\u00f3n de terrenos y apertura de calles\u201d.-<br \/>\n&nbsp;<br \/>\n<strong><u>Expte. <\/u><\/strong><strong><u>N\u00ba 7045\/18:<\/u><\/strong> \u201cN.P. \u2013 Alejandro Aiello: Solicita actualizaci\u00f3n tarifas transporte Saldungaray-Tornquist\u201d.<br \/>\nPasa a las Comisiones de Presupuesto y Hacienda y Asuntos Municipales.<br \/>\n&nbsp;<br \/>\n<strong><u>Expte. <\/u><\/strong><strong><u>N\u00ba 7047\/17:<\/u><\/strong> \u201cBloque Cambiemos Bs. As. \u2013 Proyecto de Ordenanza: Nominaci\u00f3n a la pista de salud de Sierra de la Ventana con el nombre \u201cEspacio Saludable Dr. Julio H. Pugliese\u201d\u201d.<br \/>\nPasa a la Comisi\u00f3n de Asuntos Municipales.<br \/>\n&nbsp;<br \/>\n<strong><u>Expte. <\/u><\/strong><strong><u>N\u00ba 215\/18:<\/u><\/strong> \u201cD.E. \u2013 Condonaci\u00f3n y eximici\u00f3n de tasas municipales a instituciones religiosas del Distrito\u201d.<br \/>\nSe aprueba por unanimidad el dictamen de las Comisiones de Asuntos Municipales, y Presupuesto y Hacienda que aconseja enviar el mismo al Departamento Ejecutivo para que se revea el listado y de ser posible se exima solo a aquellas partidas que cuenten con alguna construcci\u00f3n.<br \/>\n&nbsp;<br \/>\n<strong><u>Expte. <\/u><\/strong><strong><u>N\u00ba 6934\/17:<\/u><\/strong> \u201cPresidente del H.C.D. consulta al H.T.C. sobre Expte. N\u00ba 014\/04. \u00a0Caratulado: \u201cSecretar\u00eda de Obras y Serv. P\u00fablicos \u2013 B\u00ba Parque Golf \u2013 Sierra de la Ventana: S\/afectaci\u00f3n manzana 7 por curso de Agua R\u00edo Sauce Grande y Calle Perimetral\u201d.<br \/>\nSe aprueba por unanimidad el dictamen de las Comisiones Interpretaci\u00f3n y Reglamento, Asuntos Municipales y Obras P\u00fablicas que aconseja enviar el mismo al Departamento Ejecutivo para que proceda de acuerdo a la respuesta recibida por el Honorable Tribunal de Cuentas.<br \/>\n&nbsp;<br \/>\n<strong><u>Expte. <\/u><\/strong><strong><u>N\u00ba 7046\/18:<\/u><\/strong> \u201cN.P. \u2013 Gerardo Bucchi, Director de Juventud Municipalidad de Tornquist: Presenta proyectos de Concejo Deliberante Estudiantil\u201d.<br \/>\nSe aprueba por unanimidad el dictamen de la Comisi\u00f3n de Asuntos Municipales que aconseja enviar el mismo al Departamento Ejecutivo para que a trav\u00e9s de las \u00e1reas que correspondan analicen e informen la viabilidad de los proyectos presentados por el Concejo Deliberante Estudiantil.<br \/>\n&nbsp;<br \/>\n<strong><u>Proyectos Presentados<\/u><\/strong><br \/>\n<strong><u>\u00a0<\/u><\/strong><br \/>\n<strong><u>Bloque Cambiemos Buenos Aires- Proyecto de Ordenanza:<\/u><\/strong> Proh\u00edbe el estacionamiento de veh\u00edculos d\u00edas h\u00e1biles\u00a0\u00a0 en la calle 25 de Mayo N\u00ba 451, en toda la amplitud del frente del edificio donde funciona el Taller Protegido (C.A.I.D.T.) de Tornquist.<br \/>\nSe solicita formaci\u00f3n de Expediente y tratamiento sobre Tablas.<br \/>\nSe forma el Expediente N\u00ba 7048\/18y se aprueba por unanimidad la Ordenanza con el N\u00ba 3071\/18\u00a0 por la que se proh\u00edbe el estacionamiento de veh\u00edculos los d\u00edas h\u00e1biles\u00a0\u00a0 en la calle 25 de Mayo N\u00ba 451, en toda la amplitud del frente del edificio donde funciona el Taller Protegido (C.A.I.D.T.) de Tornquist. Se autoriza al D.E a la instalaci\u00f3n de carteles indicadores de prohibici\u00f3n de estacionamiento en dicho tramo, y pintura sobre cord\u00f3n cuneta\u00a0 para el cumplimiento de la presente normativa. Los infractores de la presente norma ser\u00e1n pasibles de la multa correspondiente, de acuerdo a las disposiciones vigentes.<br \/>\n&nbsp;<br \/>\n<strong><u>Bloques Frente para la Victoria y Frente Justicialista Cumplir- Pedido de Informes:<\/u><\/strong> Debido a la preocupaci\u00f3n que se ha generado en la comunidad por al ingreso de un cami\u00f3n de procedencia ajena al Distrito y la posterior descarga de residuos en el basural ubicado entre Saldungaray y Sierra de la Ventana, se solicita a las Secretar\u00edas de Seguridad, Producci\u00f3n y a la Direcci\u00f3n de Medio Ambiente copia de la denuncia penal efectuada. Se solicita a la Secretar\u00eda de Producci\u00f3n y Direcci\u00f3n de Medio Ambiente un informe detallado de las acciones de control que se realizan sobre el arrojo de residuos en los basurales a cielo abierto.<br \/>\nSe solicita formaci\u00f3n de Expediente y tratamiento sobre Tablas.<br \/>\nSe forma el Expediente N\u00ba 7049\/18 y se aprueba por unanimidad el dictamen del Honorable Concejo Deliberante que aconseja enviar el mismo al Departamento Ejecutivo para que por el \u00e1rea que corresponda se d\u00e9 respuesta a lo solicitado.<br \/>\n&nbsp;<br \/>\n<strong><u>Bloques Frente para la Victoria y Frente Justicialista Cumplir &#8211; Proyecto de Resoluci\u00f3n:<\/u><\/strong> Declarar de Inter\u00e9s Municipal el 50\u00ba Aniversario de la Asociaci\u00f3n de Fomento de Villa Ventana.<br \/>\nSe solicita formaci\u00f3n de Expediente y tratamiento sobre Tablas.<br \/>\nSe forma el Expediente N\u00ba 7050\/18 y se aprueba por unanimidad la Resoluci\u00f3n con el N\u00ba 22\/18 por la que se declara de Inter\u00e9s Municipal el 50\u00ba Aniversario de la Asociaci\u00f3n de Fomento de Villa Ventana, creada el d\u00eda 15 de septiembre de 1968.<br \/>\n&nbsp;<br \/>\n<strong><u>Asuntos Particulares<\/u><\/strong><br \/>\n<strong><u>\u00a0<\/u><\/strong><br \/>\n<strong><u>N.P. Vecinos que ganaron el Presupuesto Participativo del a\u00f1o 2017:<\/u><\/strong> Solicitan nominar el sector recreativo ubicado a la vera de la Ruta Provincial N\u00ba 72 con el nombre de \u201cEspacio Saludable Dr. Julio Pugliese\u201d.<br \/>\nSe solicita adjuntar al Expediente N\u00ba 7047\/18.<br \/>\n<strong><u>\u00a0<\/u><\/strong><br \/>\n<strong><u>N.P. Representantes de ATE Tornquist:<\/u><\/strong> Manifiestan preocupaci\u00f3n en relaci\u00f3n a la situaci\u00f3n edilicia\u00a0\u00a0 donde funciona el C.A.T.D.I. N\u00ba 1 (caba\u00f1a prefabricada), donde concurren hasta 31 ni\u00f1os de 45 d\u00edas hasta 3 a\u00f1os de edad.<br \/>\nSe solicita formaci\u00f3n de Expediente y pase a Comisi\u00f3n.<br \/>\n<strong><u>\u00a0<\/u><\/strong><br \/>\n<strong><u>N.P. Integrantes de la Mesa de Trabajo Interinstitucional Villa Ventana:<\/u><\/strong> Solicita se gestione ante los organismos correspondientes la ampliaci\u00f3n de la red de gas para toda la localidad de Villa Ventana.<br \/>\nSe solicita formaci\u00f3n de Expediente y pase a Comisi\u00f3n.<br \/>\n<strong><u>\u00a0<\/u><\/strong><br \/>\n<strong><u>N.P. CAMCOTISAS (C\u00e1mara de Comercio, Turismo e Industria Sierra de la Ventana, Villa la Arcadia y Saldungaray):<\/u><\/strong> Solicita declarar de Inter\u00e9s Municipal la \u201c4\u00ba Expo Comercial y Art\u00edstica\u201d a realizarse en el Centro Cultural Sierra de la Ventana el d\u00eda 7 de octubre en el horario de 11 a 20 hs.<br \/>\nSe solicita formaci\u00f3n de Expediente y pase a Comisi\u00f3n.<br \/>\n&nbsp;<br \/>\n<strong><u>N.P. Cooperativa de Trabajo en Villa Ventana para Desarrollo de Huerta Comunitaria:<\/u><\/strong> Solicitan un predio fiscal disponible para uso de la cooperativa en formaci\u00f3n: \u201cHuerto Creciente- Cooperativa Permacol\u00f3gica de Villa Ventana\u201d.<br \/>\nSe solicita formaci\u00f3n de Expediente y pase a Comisi\u00f3n.<br \/>\n<strong><u>\u00a0<\/u><\/strong><br \/>\n<strong><u>N.P. C\u00e1mara de Comercio, Industria y Turismo Ernesto Tornquist:<\/u><\/strong> A ra\u00edz de la grave situaci\u00f3n econ\u00f3mica que est\u00e1 atravesando el sector comercial, y a pedido de Comerciantes y asociados de la instituci\u00f3n, solicitan que por el plazo de 120 d\u00edas se limite la presi\u00f3n fiscal ejercida por la AFIP y ARBA sobre ellos.<br \/>\nSe solicita formaci\u00f3n de Expediente y pase a Comisi\u00f3n.<br \/>\n<strong><u>\u00a0<\/u><\/strong><br \/>\n<strong><u>N.P. Sindicato SITRAIC\u00a0 (Sindicato de Trabajadores de la Industria de la Construcci\u00f3n):<\/u><\/strong> Presentan un Proyecto de Ordenanza referente a garantizar el principio de libertad sindical.<br \/>\nSe solicita formaci\u00f3n de Expediente y pase a\u00a0 Comisi\u00f3n.<br \/>\n&nbsp;<br \/>\n<strong><u>N.P. Concejal Graciela Bag\u00fa: <\/u><\/strong>Solicita extender su licencia por 30 d\u00edas m\u00e1s, por razones de salud.<br \/>\nSe aprueba por unanimidad dicho pedido.<br \/>\n&nbsp;<br \/>\n<strong><u>N.P. Vecinos de Saldungaray:<\/u><\/strong> Solicitan que se cambie el nombre de la \u201cCalle 1\u201d por el nombre \u201cCamino de los Eucaliptos\u201d.<br \/>\nSe solicita formaci\u00f3n de Expediente y pase a Comisi\u00f3n.<br \/>\n&nbsp;<br \/>\nAlocuciones de los Concejales:<br \/>\n&nbsp;<br \/>\nConcejal Bassi Sebasti\u00e1n:<br \/>\n\u201cBien, quiero referirme de manera breve y lo m\u00e1s clara posible con respecto al Pedido de Informes que se ha hecho en referencia al hecho extra\u00f1o en el basurero entre Sierra y Saldungaray. He podido interactuar e informarme lo m\u00e1s que he podido con los diferentes actores, porque bueno, no deja de ser un hecho extra\u00f1o y que preocup\u00f3 a muchos habitantes de all\u00e1, del cual me incluyo. Pero principalmente quiero llevar tranquilidad, porque bueno, se le dio intervenci\u00f3n y se actu\u00f3 de inmediato, tanto el empleado municipal que trabaja all\u00ed, estuvo atento a este caso. Luego, de ah\u00ed hubo las denuncias policiales que correspond\u00edan, donde intervino, bueno, el Comando de Prevenci\u00f3n Rural, y tambi\u00e9n la Polic\u00eda Ecol\u00f3gica, y bueno, si bien el proceso est\u00e1 en etapa de investigaci\u00f3n, uno escucha muchas veces magnificar, tampoco lo quiero minimizar, pero que bueno, que ser\u00eda m\u00e1s grave de lo que ser\u00eda, y no ser\u00eda as\u00ed. No obstante quiero ser cauteloso, y esperar el informe final que va a dar la justicia. Nada m\u00e1s se\u00f1or Presidente\u201d.<br \/>\n&nbsp;<br \/>\nConcejal Sagredo M\u00f3nica:<br \/>\n\u201cCoincidimos en que ha sido un suceso extra\u00f1o, y que ha inquietado a varios vecinos. Sabemos que se efectu\u00f3 la denuncia correspondiente, en principio por una posible infracci\u00f3n a la ley 11.347, del tratamiento de Residuos Patog\u00e9nicos. Lo extra\u00f1o es que hay otras aristas, \u00bfno?, que, para investigar tambi\u00e9n. Sabemos, de acuerdo a lo que vimos en el comunicado de prensa que los pasaportes que se hallaron est\u00e1n tambi\u00e9n en poder de la polic\u00eda. Lo que nos preocupa es que ac\u00e1 hay una responsabilidad del Municipio en cuanto al control de, no s\u00f3lo de qu\u00e9 es lo que se arroja en el basural a cielo abierto, no solo en el de Saldungaray, sino tambi\u00e9n en el de Tornquist, y todos los que pudiera haber en el Distrito, sino la procedencia de los residuos. Porque de acuerdo a lo que nos han informado, el cami\u00f3n que arroj\u00f3 esos residuos ser\u00eda proveniente de Vicente L\u00f3pez, o sea que son\u00a0 unos 700 kil\u00f3metros para arrojar todas esas cosas, m\u00e1s all\u00e1 de lo extra\u00f1a que fueron, y lo extra\u00f1o de la situaci\u00f3n, lo arrojaron en nuestro basurero. Entonces por un lado estamos permanentemente concientizando y solicit\u00e1ndole al vecino que haga separaci\u00f3n de los residuos, para poder achicar el volumen, a lo cual siempre hay buena respuesta de parte de la comunidad, pero por otro lado desde el municipio se permite que pueda ingresar evidentemente cualquier persona, cualquier transporte de cualquier lugar, arrojar cualquier cosa en el basurero. En este caso el empleado que est\u00e1 al cuidado bueno, fue quien avis\u00f3 al extra\u00f1arse digamos de lo que se hab\u00eda arrojado all\u00ed, pero bueno, no se impidi\u00f3 o no se impide evidentemente el ingreso por eso nosotros en el Pedido de Informes lo que solicitamos tambi\u00e9n que se nos detallen cu\u00e1l es el protocolo que se sigue o cu\u00e1les son las medidas de control que se tienen\u00a0 sobre lo que se arroja y sobre la procedencia de los residuos que se arrojan en los basurales del Distrito. Cuando hablamos de control tambi\u00e9n hoy casualmente salida de bomberos por un incendio en el basural de Tornquist, no hace muchos d\u00edas atr\u00e1s hab\u00eda sucedido lo mismo, se est\u00e1 permanentemente recordando a la comunidad que no se puede arrojar envases de agroqu\u00edmicos, bueno, todo eso debe ser controlado. Esto del control es una de las cosas que con mayor \u00e9nfasis se reclam\u00f3 tambi\u00e9n en esa asamblea de vecinos que se hizo en Saldungaray. Y a varios meses nos encontramos ante esta situaci\u00f3n. Por un lado nosotros hicimos el Pedido de Informes que fue aprobado, esperamos tener una pronta respuesta con el resultado de la investigaci\u00f3n,\u00a0 porque han ocurrido ya otros hechos como fue lo de la combi de Chasic\u00f3, como fueron los incendios en las sierras, que fueron intencionales, que incluso el propio Intendente manifest\u00f3 que se hab\u00eda visto el veh\u00edculo que lo hab\u00eda provocado, en este caso tambi\u00e9n que se tiene identificado al conductor, se hicieron denuncias, se iniciaron investigaciones, pero en ninguno de los casos se lleg\u00f3 a un resultado de esa investigaci\u00f3n, o al menos no se inform\u00f3 ese resultado. En cada una de estas situaciones nosotros hicimos Pedido de Informes, fue aprobado por unanimidad en este Cuerpo, nunca hubo una respuesta. Como as\u00ed tampoco hubo una respuesta hacia la comunidad. Por eso en este caso tenemos la esperanza de que por la gravedad que podr\u00eda llegar a tener, la respuesta sea m\u00e1s pronta. No obstante eso, y para justamente poder interiorizarnos un poco m\u00e1s sobre detalles de esta situaci\u00f3n y de c\u00f3mo se va a trabajar de aqu\u00ed en adelante para que no ocurra algo similar, quiero mocionar una reuni\u00f3n que pueda realizarse lo antes posible con el Secretario de Seguridad,\u00a0 y el Secretario de Producci\u00f3n y Medio Ambiente, que fueron quienes efectuaron la denuncia, y tienen a cargo en el caso de Producci\u00f3n este tipo de controles\u201d.<br \/>\nSe aprueba por mayor\u00eda la moci\u00f3n de la Concejal Sagredo.<br \/>\n&nbsp;<br \/>\nConcejal de Larena Germ\u00e1n:<br \/>\n\u201cQuer\u00eda dar algunas apreciaciones sobre esta situaci\u00f3n que se ha dado en el basurero. Que la empresa est\u00e9 radicada digamos, a 600 km casi, o en Buenos Aires no quiere decir que los residuos viajen 700 km para venir exclusivamente al basurero de Tornquist, de Saldungaray y Sierra, sino puede ser que la empresa haya trabajado por ac\u00e1 cerca y vengan de, digamos de otra regi\u00f3n el residuo. Y despu\u00e9s m\u00e1s all\u00e1 que todos digamos, coincidimos en que el basurero, o sea,\u00a0 hay que erradicarlo, y en eso no tenemos dudas en ese punto. Yo creo que desde, digamos, desde el control creo que en\u00a0 este gobierno local se ha hecho mucho, en el basurero de Saldungaray y Sierra, porque hoy hay una persona que est\u00e1 ah\u00ed, que trabaja ah\u00ed, que controla el ingreso y el egreso del basurero, se han puesto c\u00e1maras, que se permiten, ver la entrada de los caminos,\u00a0 y tambi\u00e9n no se quema, m\u00e1s all\u00e1 de algunos hechos puntuales, accidentales, no se quema la basura, asique me parece que, falta por supuesto mucho por hacer, pero creo que se ha avanzado en lo que respecta a esos \u00edtems. Gracias se\u00f1or Presidente\u201d.<br \/>\n&nbsp;<br \/>\nConcejal Sagredo M\u00f3nica:<br \/>\n\u201cBueno, en caso de ser as\u00ed, que estos residuos no viajaron esos 700 kil\u00f3metros, sino que proceder\u00edan de un lugar de nuestro Distrito, bueno, creo que\u00a0 m\u00e1s extra\u00f1o todav\u00eda resulta, pero bueno, se har\u00e1 la investigaci\u00f3n correspondiente. Y con esto de las quemas que son accidentales, o se ha dicho que han sido intencionales, tambi\u00e9n por eso mocion\u00e9 la reuni\u00f3n, porque bueno, ser\u00eda interesante que pueda informarse quienes son los que prenden o por qu\u00e9 se prende el basurero. Acu\u00e9rdense que hace un tiempo fue reconocido por el propio Delegado Municipal y el Secretario de Producci\u00f3n porque estuvieron las m\u00e1quinas removiendo y eso produjo el incendio, uno de los m\u00e1s grandes que hubo este a\u00f1o, y que m\u00e1s molestias ocasion\u00f3. Nada m\u00e1s se\u00f1or Presidente\u201d.<br \/>\n&nbsp;<br \/>\nConcejal de Larena Germ\u00e1n:<br \/>\n\u201cNo, simplemente aclarar lo que dije, para la Concejal Sagredo, yo no quise decir que la procedencia sea el Distrito de Tornquist, los residuos, lo que quiero decir es que, que la empresa sea cerca de Buenos Aires no quiere decir que viajen 700 kil\u00f3metros exclusivamente para venir ac\u00e1. Eso nada m\u00e1s\u201d.<br \/>\n&nbsp;<br \/>\nConcejal Skolak Mar\u00eda Ofelia:<br \/>\n\u201cEn relaci\u00f3n a esto, para hip\u00f3tesis est\u00e1 la justicia, por eso est\u00e1 muy bien la denuncia que se hizo desde el Departamento Ejecutivo como tambi\u00e9n nosotros desde nuestro lugar hacemos el Pedido de Informes, que es nuestra herramienta para que nos quede por escrito algo tan grave como lo que sucedi\u00f3 en el basurero de Saldungaray. Con respecto a lo que habla, a la opini\u00f3n del Concejal de Larena, del basurero de Saldungaray, como dec\u00eda mi compa\u00f1era la Concejal Sagredo, estuvimos en una reuni\u00f3n hace cinco meses donde el Intendente se comprometi\u00f3 a llevar adelante acciones, a favor del basurero de Saldungaray. Hasta el momento no hemos visto ninguna. El Intendente en el 2015 en la campa\u00f1a lo primero que prometi\u00f3 fue erradicar el basurero a cielo abierto. Bueno, ni siquiera hemos visto acciones, que no me imagino que lleguemos a contar con esa posibilidad, por lo tanto sigo diciendo que no se han hecho obras con respecto a algo beneficioso para el basurero. Se sigue prendiendo, el Concejal dice que menos, yo no saco los n\u00fameros pero cada vez que uno mira los medios, generalmente una vez por mes aparecen noticias de que est\u00e1 prendido el basurero de Saldungaray, como el de Tornquist. Entonces tenemos que reconocer que no se ha hecho nada por el basurero de Saldungaray se\u00f1or Presidente. Pong\u00e1monos a trabajar entre todos, si es necesario a buscar la forma de colaborar con el Departamento Ejecutivo para poder tomar medidas en beneficio de esto. Nada m\u00e1s se\u00f1or Presidente\u201d.<br \/>\n&nbsp;<br \/>\nConcejal Ibarra Juan Manuel:<br \/>\n\u201cCon respecto a lo que dice la Concejal Skolak, tengo entendido que hay un monto de cuatro millones y pico que est\u00e1n, no se pueden utilizar, est\u00e1n congelados por una causa que tiene Bonad\u00edo creo que de malversaci\u00f3n de fondos de la gesti\u00f3n anterior. Me comprometo a averiguar m\u00e1s con respecto al Ejecutivo, \u00bfs\u00ed?, a interiorizarme, porque tengo entendido que hay congelado cuatro millones y pico justamente por malversaci\u00f3n de fondos. Pero bueno, me comprometo a indagar sobre el tema. Gracias\u201d.<br \/>\n&nbsp;<br \/>\nConcejal Skolak Mar\u00eda Ofelia:<br \/>\n\u201cS\u00ed, ese es el caballito de batalla que tienen los Concejales para indagar sobre el tema. Esas explicaciones ya se dieron, las dijo el Intendente tambi\u00e9n en esa reuni\u00f3n, siempre ech\u00e1ndole la culpa a lo anterior. \u00bfPor qu\u00e9 no se hacen cargo de lo que prometen y se ponen a trabajar en las acciones que realmente el Distrito necesita?, en vez de destruirlo como lo est\u00e1n destruyendo. Nada m\u00e1s se\u00f1or Presidente\u201d.<br \/>\n&nbsp;<br \/>\nConcejal de Larena Germ\u00e1n:<br \/>\n\u201cNo, creo que nosotros nos estamos haciendo cargo porque estamos coincidiendo en que en lo que respecta al basurero hay muchas cosas por hacer, y de ese lugar hay que erradicarlo, y de eso estamos convencidos. Pero lo que no estamos de acuerdo es que decir que no se hizo nada en el basurero no estamos de acuerdo, porque a los hechos me remito, hay una persona, esta persona es la que detect\u00f3 en este caso puntual estos residuos, o sea que se ha avanzado, es m\u00e1s se ha cercado tambi\u00e9n el basurero. Nada m\u00e1s se\u00f1or Presidente, gracias\u201d.<br \/>\n&nbsp;<br \/>\nConcejal Skolak Mar\u00eda Ofelia:<br \/>\n\u201cYo le estoy hablando refiri\u00e9ndome se\u00f1or Presidente, a acciones concretas. Poner un empleado municipal, que de 190 empleados que puso esta gesti\u00f3n me parece muy buena decisi\u00f3n. Nada m\u00e1s se\u00f1or Presidente\u201d.<br \/>\n&nbsp;<br \/>\nConcejal Bassi Sebasti\u00e1n:<br \/>\n\u201cBien, referente a las acciones concretas, una vez m\u00e1s van ligadas al recurso econ\u00f3mico. Recurso f\u00edsico que hoy desgraciadamente escasea, y uno no quiere decir que fue la herencia, pero bueno, gran parte de eso hay. Esos fondos a los que se refer\u00eda mi compa\u00f1ero de bancada Ibarra, est\u00e1n pr\u00f3ximos a destrabarse, y es as\u00ed, eso es una realidad. Son fondos afectados para poder empezar a viabilizar de manera concreta con hechos, como todos queremos, eso no cabe duda y nadie se opone, una soluci\u00f3n para el basurero que tenemos y nos preocupa a todos. Nada m\u00e1s se\u00f1or Presidente\u201d.<br \/>\n&nbsp;<br \/>\nConcejal L\u00f6ffler Guillermo:<br \/>\n\u201cSi, yo quiero aclararle al Concejal Ibarra, a las chicanas pol\u00edticas que por ah\u00ed est\u00e1n haciendo y que usan, en el cual esos fondos est\u00e1n trabados de Bonad\u00edo, pero aclarar que ac\u00e1 no hubo malversaci\u00f3n de fondos. Porque saben bien que ac\u00e1 no hubo malversaci\u00f3n de fondos, porque saben bien que estuvo gente de Bonad\u00edo y dijo que estaba todo perfectamente rendido. Y esas son las chicanas que por ah\u00ed hacen, y hacen confundir a la gente. Y despu\u00e9s, si hubiese estado la decisi\u00f3n pol\u00edtica de erradicar el basurero m\u00e1s all\u00e1 de los fondos que se trabaron por el Gobierno Nacional, por una denuncia que es Nacional, a nivel Nacional, hubieron fondos que vinieron del fondo de infraestructura, el Municipio de Tornquist recibi\u00f3 mucha plata de ese fondo y se hubiese podido ir haciendo acciones las cuales no las vimos. Pero bueno, como dijo la Concejal Skolak, nada, junt\u00e9monos con el Ejecutivo, crucemos las ideas, nosotros estamos dispuestos a colaborar, y bueno veamos. Hay cosas que no es todo plata, s\u00ed se necesita plata para otras, pero por ah\u00ed hay medidas que se pueden ir tomando que no tienen un gran costo econ\u00f3mico y creo que entre todos si nos ponemos a trabajar y nos dejamos de chicanas y de andar tir\u00e1ndonos flores, y en vez de juntarnos para trabajar por el pueblo, para trabajar, para resolver los temas que le preocupan a la gente creo que va a ser mejor. Y bueno, propongo esto, me sumo a la convocatoria que hizo la concejal Skolak que nos juntemos dejemos las diferencias pol\u00edticas y nos pongamos a trabajar para tratar de solucionar algo, hay, creo que hay muchas acciones que podemos tomar que son econ\u00f3micas, que no nos va a llevar erogar mucho dinero, y que las podemos ir haciendo. Nada m\u00e1s se\u00f1or Presidente\u201d.<br \/>\n&nbsp;<br \/>\nConcejal Ibarra Juan Manuel:<br \/>\n\u201cYo coincido totalmente con el Concejal L\u00f6ffler, el hecho de trabajar en conjunto para salir de una buena vez adelante, pero bueno, no es una chicana pol\u00edtica lo que acabo de decir. Simplemente es una respuesta que recibimos del Ejecutivo en su momento cuando fuimos a interiorizarnos, esa es la respuesta que nos dieron y por eso es la respuesta que damos. Y si hablamos de chicanas pol\u00edticas, lo de la Concejal Skolak puede tomarse tambi\u00e9n de la misma forma,\u00a0 decir que se agregaron 190 personas creo que es un desprop\u00f3sito. Si es as\u00ed pido por favor un informe de todos los nombres y fecha con que se agregaron al Municipio\u201d.<br \/>\n&nbsp;<br \/>\nConcejal Rojas Fernando:<br \/>\n\u201cYo, referido a estos hechos del basurero, que se est\u00e1 mencionando que hay una persona actualmente trabajando, esa persona ven\u00eda trabajando ya desde la gesti\u00f3n anterior tambi\u00e9n\u201d.<br \/>\n&nbsp;<br \/>\nConcejal Skolak Mar\u00eda Ofelia:<br \/>\n\u201cA ver, \u00bfqu\u00e9 es chicana?, que yo diga que tenemos 190 empleados desde que inici\u00f3 Sergio Bordoni. Digo lo que m\u00e1s o menos s\u00e9, ciento ochenta y pico, ciento noventa. \u00bfPor cu\u00e1nto me pas\u00e9?, m\u00e1s o menos estamos ah\u00ed, no s\u00e9 a qu\u00e9 se refiere chicana pol\u00edtica. Y en segundo lugar le quiero corregir al Concejal Ibarra ya que se pone en esa situaci\u00f3n que el otro d\u00eda \u00e9l cuando menciona entre las gestiones que hab\u00eda logrado el Intendente Bordoni, la ambulancia para Chasic\u00f3, la ambulancia para Chasic\u00f3 fue gesti\u00f3n de Gustavo Trankels. Nada m\u00e1s se\u00f1or Presidente\u201d.<br \/>\n&nbsp;<br \/>\nConcejal Ibarra Juan Manuel:<br \/>\n\u201cEn cuanto a los puestos que supuestamente son 190, tengo entendido que no son m\u00e1s de 90, por eso hago la aclaraci\u00f3n. Y con respecto a la ambulancia, es cierto, que se hizo en la gesti\u00f3n de Trankels, pero la totalidad de la ambulancia se pag\u00f3 en la actual gesti\u00f3n, en la gesti\u00f3n de Bordoni\u201d.<br \/>\n&nbsp;<br \/>\nConcejal de Larena Germ\u00e1n:<br \/>\n\u201cYo quer\u00eda preguntarle al Concejal Rojas donde trabajaba el actual, Daniel Torres, que es el chico que trabaja en el basurero, en la gesti\u00f3n anterior\u201d.<br \/>\n&nbsp;<br \/>\nConcejal Rojas Fernando:<br \/>\n\u201cBueno, respondiendo al Concejal de Larena, el empleado nuevo es de la gesti\u00f3n, de esta gesti\u00f3n, y en la anterior gesti\u00f3n, trabajaba, hab\u00eda dos empleados que ocuparon ese cargo, o sea este cargo que ocupa este chico actualmente y lo est\u00e1 haciendo muy bien gracias a Dios, pero m\u00ed referencia era en que s\u00ed el cargo ese ya estaba cubierto desde la gesti\u00f3n anterior, ya\u00a0 se ven\u00eda trabajando en la entrada y salida de gente del basurero\u201d.<br \/>\n&nbsp;<br \/>\nConcejal de Larena Germ\u00e1n:<br \/>\n\u201cInterpret\u00e9 mal entonces al Concejal Rojas. Interpret\u00e9 que este muchacho trabajaba en la gesti\u00f3n anterior\u201d (el Presidente del H.C.D. dice: \u201ccorregido\u201d)<br \/>\n&nbsp;<br \/>\nConcejal Skolak Mar\u00eda Ofelia:<br \/>\n\u201cEstamos hablando de las acciones concretas que se llevaron a cabo, y estamos diciendo solamente, hablando del empleado municipal que pusieron a cargo, me hubiese gustado escuchar otras se\u00f1or Presidente. Nada m\u00e1s\u201d.<br \/>\n&nbsp;<br \/>\nConcejal Rosatelli Laura:<br \/>\n\u201cCambiando el tema, en esta oportunidad quiero, desde lo personal, desde mi grupo de compa\u00f1eros Concejales del Partido Justicialista, expresar, y lo que tantos vecinos nos han manifestado este \u00faltimo tiempo, de la tristeza, de la triste realidad que estamos viviendo en la plaza. Ya s\u00e9 que muchos van a pensar que es un tema que ya se habl\u00f3,\u00a0 pero bueno, cuando uno escuchaba en los medios radiales que se empezaba con la segunda etapa, con el proyecto de la segunda etapa, y nosotros nos preguntamos d\u00f3nde est\u00e1 el proyecto que nunca lo vimos. La realidad es que se incumple con una Ley Provincial de Arbolado P\u00fablico, cuando estamos exigiendo y pidiendo a la comunidad que cada vez que se extraiga un \u00e1rbol tiene que pedir autorizaci\u00f3n. Vemos que el Municipio, el Ejecutivo no est\u00e1 haciendo lo mismo, no est\u00e1 dando el ejemplo, cuando est\u00e1n sacando \u00e1rboles, todos los \u00e1rboles, cuando en realidad\u00a0 no eran todos los que hab\u00eda que sacar. He podido observar estos d\u00edas c\u00f3mo las m\u00e1quinas, la fuerza que hac\u00edan esas m\u00e1quinas para sacar esos \u00e1rboles frente al Banco Naci\u00f3n, entonces yo me pregunto \u00bfd\u00f3nde estaba el peligro de esos \u00e1rboles? Realmente es angustiante ver la plaza, s\u00e9 que por ah\u00ed hay gente que le gustar\u00e1, pero desde lo personal, desde nosotros los Concejales del Partido Justicialista lo vemos con sentimiento de angustia, de tristeza y s\u00f3lo le podemos responder a la gente desde lo que sentimos, angustia. No le podemos dar una soluci\u00f3n, sabemos que para extraer un ejemplar tiene que haber un informe t\u00e9cnico, porque lo dice la Ley Provincial, no hemos visto nunca un informe t\u00e9cnico, no hemos visto como ya dije el proyecto, lo hemos pedido, lo hemos pedido varias veces, y nunca, bueno, como ese Pedido de Informes varios no hemos recibido ninguno. Tambi\u00e9n hemos podido y han podido observar las plantas que se sacaron en la \u00faltima calle del Barrio Sur, tampoco sabemos por qu\u00e9, no hay un informe t\u00e9cnico, no hay un informe de nada. Yo lo que pido que por favor se\u00f1or Presidente, gestione ante el Ejecutivo, ante el se\u00f1or Intendente que responda al Pedido de Informes que ya hace rato hemos llevado acciones a cabo, como fue el abrazo cuando hicimos, el \u00e1rbol, que nos trataron, y lo voy a decir, nos trataron de locas, \u201cpor qu\u00e9 no nos \u00edbamos a limpiar\u201d, \u201cpor qu\u00e9 no nos \u00edbamos a cocinar\u201d, cuando fuimos a hacer el abrazo solidario al \u00e1rbol. Hemos hecho Pedidos de Informes como ya dije, hemos hecho una denuncia en Fiscal\u00eda, bueno, y estamos a la espera. Realmente debo decir que es una tristeza ver la plaza como est\u00e1 hoy. Nada m\u00e1s se\u00f1or Presidente\u201d.<br \/>\n&nbsp;<br \/>\nConcejal Bassi Sebasti\u00e1n:<br \/>\n\u201cen referencia a lo que hablaba la Concejal Rosatelli, bueno, seguro que a una gran mayor\u00eda le invade un sentimiento de desolaci\u00f3n, o de tristeza, al que incluyo digamos, hasta el propio Ejecutivo o la figura del Intendente. Pero ac\u00e1 desde un primer momento, desde la primera etapa cuando se empezaron estos movimientos, que uno tambi\u00e9n cuestion\u00f3, o bueno, o indag\u00f3 al respecto, la cuesti\u00f3n fue primar y sigue siendo, la seguridad de todos los que transitan y visitan esta hermosa plaza. Y obviamente no fue una decisi\u00f3n en este caso para el Intendente tomar esta reforma, esta restructuraci\u00f3n de la plaza, cuando sabemos que ac\u00e1 tambi\u00e9n vamos a coincidir muchos, que hab\u00eda que hacer una intervenci\u00f3n. Obviamente se discute la manera, o la forma, pero que hab\u00eda que intervenirla porque bueno, ya ten\u00eda una vegetaci\u00f3n excesiva. Yo voy a ser tambi\u00e9n prudente en esto porque no soy especialista, pero que hab\u00eda muchas plantas en riesgo, que en cada tormenta o en cada vendaval deb\u00eda clausurarse determinado sector. Pero bueno, reitero, lo que prim\u00f3 fue, cuidar a todos los ciudadanos o los habitantes de Tornquist, los\u00a0 que nos visitan, porque el riesgo de una p\u00e9rdida f\u00edsica o una p\u00e9rdida humana era muy grande. Esta medida no fue arbitraria, no fue solamente del Intendente, el recibi\u00f3 su asesoramiento, tuvo su acompa\u00f1amiento, y bueno, por estos d\u00edas tambi\u00e9n le\u00ed a un profesional, ha hecho proyectos y trabajos en la gesti\u00f3n anterior, que dec\u00eda que \u00e9l bueno, cuidaba, no hab\u00eda visto el proyecto, por eso no opinaba, pero yo coincido en esas apreciaciones con este profesional, que dec\u00eda que el tiempo va a decir quien ten\u00eda raz\u00f3n y qui\u00e9n no. Yo soy un convencido que el tiempo va a decir que bueno, la plaza va a volver a renacer, a florecer, y va a volver a ser orgullo. Lamentablemente hoy la tenemos que ver as\u00ed. Nada m\u00e1s se\u00f1or Presidente\u201d.<br \/>\n&nbsp;<br \/>\nConcejal Sagredo M\u00f3nica:<br \/>\n\u201cSimplemente quiero aclarar que nadie en ning\u00fan momento se opuso a que se hagan las intervenciones que sean necesarias en la plaza. Y comenzando, all\u00e1 en principios, mayo creo que fue, del 2016, una de nuestras primera acciones justamente en ese momento \u00e9ramos solo Bloque Frente para la Victoria, fue reunirnos con el se\u00f1or Intendente en su despacho, presentarle un Proyecto de Ordenanza para una intervenci\u00f3n planificada de la Plaza Ernesto Tornquist, porque ya estos anuncios ya estaban, ese Proyecto contemplaba justamente el cumplimiento de la Ley, y la intervenci\u00f3n y los informes t\u00e9cnicos de los distintos profesionales, muchos de los cuales incluso son de nuestro Distrito, son personas totalmente responsables y comprometidas, y de hecho, algunos de ellos forman parte actualmente del Consejo de Arbolado que se cre\u00f3 tambi\u00e9n a ra\u00edz de todas estas situaciones. En ese momento el Intendente nos dijo que no necesitaba ese Proyecto, que no ten\u00edamos nosotros que ir a decirle lo que \u00e9l ten\u00eda que hacer. Despu\u00e9s sali\u00f3 a decir en alg\u00fan momento que \u00e9l ese d\u00eda nos mostr\u00f3 un proyecto, mentira, nunca nos mostr\u00f3 un proyecto. Y este fundamento de la seguridad, en la cual por supuesto que todos estamos de acuerdo, pero justamente para eso tiene que haber un informe t\u00e9cnico que abale el riesgo de cada uno de los ejemplares que se retiran. No que, \u201cporque hay muchos \u00e1rboles, o porque tienen tantos a\u00f1os, o porque lo veo inclinado, creo que pueden ser peligrosos entonces los saco\u201d, porque con ese criterio entonces tenemos que desforestar todo Villa Ventana, por ejemplo. Nuevamente el cuestionamiento que se hace no solo nuestro como Concejales, sino de cada uno de los vecinos que ven con angustia, con dolor, con preocupaci\u00f3n, lo que est\u00e1 sucediendo, es el modo en el que se est\u00e1 haciendo, que no se est\u00e1 haciendo de manera seria, respetando la Ley, con los informes t\u00e9cnicos correspondientes y m\u00e1s all\u00e1 de que pueda gustarnos o no, m\u00e1s all\u00e1 de c\u00f3mo se vea la plaza de ac\u00e1 a unos a\u00f1os, a diez, a veinte, a treinta, cuarenta a\u00f1os, lo que sea, lo que se est\u00e1 haciendo ac\u00e1 es destruir un patrimonio, destruir la obra de Carlos Thays, que fue planificada en el a\u00f1o 1905, se est\u00e1 destruyendo el patrimonio, y creo que eso es algo realmente muy triste y lamentablemente ya en algunas cuestiones es tarde para actuar, ya no lo podemos evitar, porque ya est\u00e1 una gran parte destruida. Nada m\u00e1s se\u00f1or Presidente\u201d.<br \/>\n&nbsp;<br \/>\nConcejal Bassi Sebasti\u00e1n:<br \/>\n\u201cNo quiero extender este debate, que obviamente lo amerita, y bueno, y ya estamos en lo que es intervenci\u00f3n en la tercera y \u00faltima etapa. Quiero hacer esa aclaraci\u00f3n. Pero tengo entendido tambi\u00e9n, por funcionarios del Ejecutivo, que bueno, la intervenci\u00f3n era inminente, hab\u00eda que hacerla. Ac\u00e1 lo que se discute es obviamente, la forma, la manera y el proyecto, que a m\u00ed entender, es facultad de, bueno, del que hoy es Ejecutivo y gobierna. Reitero, escuchar se escuch\u00f3, y\u00a0 asesoramiento se busc\u00f3, el tema de discusi\u00f3n es bueno, qu\u00e9 proyecto era el aconsejable, y ah\u00ed se escuchan varias voces, gente que est\u00e1 a favor, gente que est\u00e1 en contra, pero bueno, yo reitero esto, ojala que con el tiempo nos podamos volver a encontrar, as\u00ed sea, como vecinos seguro, y bueno, y decir si esta apuesta, esta restructuraci\u00f3n, este cambio fue lo que esper\u00e1bamos, o no. De mi parte, estoy convencido que va a ser muy bueno y va a seguir siendo un orgullo, y va a ser un orgullo, y va a estar mejor. Nada m\u00e1s\u201d.<br \/>\n&nbsp;<br \/>\nConcejal Skolak Mar\u00eda Ofelia:<br \/>\n\u201cNo, para cerrar con el tema de la Plaza yo quer\u00eda agregar que cuando uno observa la Plaza, imagina el fundamento del por qu\u00e9 la Plaza est\u00e1 as\u00ed. El que la ve inmediatamente dice \u201cquer\u00edan otra Plaza\u201d, porque es otra, otra imagen, otro paisaje, est\u00e1 totalmente desolado, y yo creo que en esto vamos a estar totalmente de acuerdo. Cuando hablamos de seguridad hubiesen tomado la medida que corresponde con el proyecto que corresponde, como dec\u00eda mi compa\u00f1era, hecho por profesionales, que nunca lo vimos, y eso es lo que nos llama la atenci\u00f3n, por qu\u00e9 nunca nos presentaron los proyectos t\u00e9cnicos. Y seguramente se hubiesen sacado alguna de esas plantas, diez, quince, veinte, veinticinco, pero no el desastre que se hizo. Hicieron una Plaza distinta, la finalidad de esta Plaza fue cambiarla en su totalidad, destruir la Plaza, destruir un patrimonio hist\u00f3rico y cultural, que yo no s\u00e9 si el Intendente ha pensado en eso, qu\u00e9 significa tener un espacio que sea un patrimonio hist\u00f3rico y cultural. Y eso es lo que hay que, lo que uno valora de la Plaza, lo que valora el turista cuando viene, pero bueno, de todas maneras, que quede claro que nosotros no estamos en contra de que se hayan sacado algunos ejemplares que no eran seguros. Pero no todos los \u00e1rboles que se sacaron. Nada m\u00e1s se\u00f1or Presidente. Y quer\u00eda, perd\u00f3n se\u00f1or Presidente, quer\u00eda corregir algo, para que quede claro, porque cuando me equivoco me hago cargo, 131 empleados del 2015 a la fecha. Nada m\u00e1s se\u00f1or Presidente\u201d.<br \/>\n&nbsp;<br \/>\nPresidente del Honorable Concejo Deliberante Concejal Gustavo Moroncini:<br \/>\n\u201cBueno, nosotros, quer\u00eda comentarles que tenemos reuni\u00f3n como todos sabemos el viernes en Pelicur\u00e1, y quer\u00eda saber qu\u00e9 n\u00famero de Concejales \u00edbamos a viajar\u201d.<br \/>\n(Confirman asistir a la reuni\u00f3n Germ\u00e1n de Larena y Viviana Montibeller, adem\u00e1s de Gustavo Moroncini).<br \/>\n&nbsp;<br \/>\nHONORABLE CONCEJO DELIBERANTE<br \/>\n<a href=\"http:\/\/www.celttv.com.ar\/?attachment_id=36875\" rel=\"attachment wp-att-36875\"><img loading=\"lazy\" decoding=\"async\" class=\"alignleft size-medium wp-image-36875\" src=\"http:\/\/www.celttv.com.ar\/wp-content\/uploads\/2018\/09\/P1070137-780x585.jpg\" alt=\"\" width=\"780\" height=\"585\" \/><\/a> <a href=\"http:\/\/www.celttv.com.ar\/?attachment_id=36874\" rel=\"attachment wp-att-36874\"><img loading=\"lazy\" decoding=\"async\" class=\"alignleft size-medium wp-image-36874\" src=\"http:\/\/www.celttv.com.ar\/wp-content\/uploads\/2018\/09\/P1070135-780x585.jpg\" alt=\"\" width=\"780\" height=\"585\" \/><\/a> <a href=\"http:\/\/www.celttv.com.ar\/?attachment_id=36873\" rel=\"attachment wp-att-36873\"><img loading=\"lazy\" decoding=\"async\" class=\"alignleft size-medium wp-image-36873\" src=\"http:\/\/www.celttv.com.ar\/wp-content\/uploads\/2018\/09\/P1070134-780x585.jpg\" alt=\"\" width=\"780\" height=\"585\" \/><\/a> <a href=\"http:\/\/www.celttv.com.ar\/?attachment_id=36872\" rel=\"attachment wp-att-36872\"><img loading=\"lazy\" decoding=\"async\" class=\"alignleft size-medium wp-image-36872\" src=\"http:\/\/www.celttv.com.ar\/wp-content\/uploads\/2018\/09\/P1070133-780x585.jpg\" alt=\"\" width=\"780\" height=\"585\" \/><\/a> <a href=\"http:\/\/www.celttv.com.ar\/?attachment_id=36871\" rel=\"attachment wp-att-36871\"><img loading=\"lazy\" decoding=\"async\" class=\"alignleft size-medium wp-image-36871\" src=\"http:\/\/www.celttv.com.ar\/wp-content\/uploads\/2018\/09\/P1070129-780x585.jpg\" alt=\"\" width=\"780\" height=\"585\" \/><\/a><br \/>\n&nbsp;<\/p>\n","protected":false},"excerpt":{"rendered":"<p>Comunicaciones Oficiales y dict\u00e1menes de las Comisiones: \u00a0 Expte. N\u00ba 259\/17: \u201cDirecci\u00f3n de Cultura \u2013 Resignificaci\u00f3n de la planta baja del inmueble denominado casa Rodr\u00edguez en Espacio Muse\u00edstico\u201d. Pasa a las Comisiones de Asuntos Municipales e Interpretaci\u00f3n y Reglamento. &nbsp; Expte. N\u00ba 259\/18: \u201cDirecci\u00f3n de Cultura: Designa con el nombre de Mar\u00eda E. Walsh \u2013 [&hellip;]<\/p>\n","protected":false},"author":1,"featured_media":36876,"comment_status":"closed","ping_status":"open","sticky":false,"template":"","format":"standard","meta":{"footnotes":""},"categories":[55,51,52],"tags":[],"class_list":["post-36870","post","type-post","status-publish","format-standard","has-post-thumbnail","hentry","category-celt-tv-noticias","category-comunidad","category-destacadas"],"yoast_head":"<!-- This site is optimized with the Yoast SEO plugin v19.7.1 - https:\/\/yoast.com\/wordpress\/plugins\/seo\/ -->\n<title>Informe de la \u00faltuma sesi\u00f3n ordinaria del Honorable Concejo Deliberante (Fotos) - CELTTV<\/title>\n<meta name=\"description\" content=\"Sitio web de noticias de la localidad de Tornquist, provincia de Buenos Aires, Rep\u00fablica Argentina. Contenido propio originado por periodistas de CELTTV, el canal de TV local de la Cooperativa El\u00e9ctrica de Tornquist. Turismo, Pol\u00edtica, Sociedad, Deporte, Cultura y todo el contenido de inter\u00e9s general que la gente del pueblo y la regi\u00f3n debe conocer.\" \/>\n<meta name=\"robots\" content=\"index, follow, max-snippet:-1, max-image-preview:large, max-video-preview:-1\" \/>\n<link rel=\"canonical\" href=\"https:\/\/www.celttv.com.ar\/index.php\/2018\/09\/06\/informe-de-la-ultuma-sesion-ordinaria-del-honorable-concejo-deliberante-fotos\/\" \/>\n<meta property=\"og:locale\" content=\"es_ES\" \/>\n<meta property=\"og:type\" content=\"article\" \/>\n<meta property=\"og:title\" content=\"Informe de la \u00faltuma sesi\u00f3n ordinaria del Honorable Concejo Deliberante (Fotos) - CELTTV\" \/>\n<meta property=\"og:description\" content=\"Sitio web de noticias de la localidad de Tornquist, provincia de Buenos Aires, Rep\u00fablica Argentina. Contenido propio originado por periodistas de CELTTV, el canal de TV local de la Cooperativa El\u00e9ctrica de Tornquist. Turismo, Pol\u00edtica, Sociedad, Deporte, Cultura y todo el contenido de inter\u00e9s general que la gente del pueblo y la regi\u00f3n debe conocer.\" \/>\n<meta property=\"og:url\" content=\"https:\/\/www.celttv.com.ar\/index.php\/2018\/09\/06\/informe-de-la-ultuma-sesion-ordinaria-del-honorable-concejo-deliberante-fotos\/\" \/>\n<meta property=\"og:site_name\" content=\"CELTTV\" \/>\n<meta property=\"article:publisher\" content=\"https:\/\/www.facebook.com\/celtTV\/\" \/>\n<meta property=\"article:published_time\" content=\"2018-09-06T14:02:43+00:00\" \/>\n<meta property=\"og:image\" content=\"https:\/\/www.celttv.com.ar\/wp-content\/uploads\/2018\/09\/P1070138.jpg\" \/>\n\t<meta property=\"og:image:width\" content=\"1024\" \/>\n\t<meta property=\"og:image:height\" content=\"768\" \/>\n\t<meta property=\"og:image:type\" content=\"image\/jpeg\" \/>\n<meta name=\"author\" content=\"ulises\" \/>\n<meta name=\"twitter:card\" content=\"summary_large_image\" \/>\n<meta name=\"twitter:label1\" content=\"Escrito por\" \/>\n\t<meta name=\"twitter:data1\" content=\"ulises\" \/>\n\t<meta name=\"twitter:label2\" content=\"Tiempo de lectura\" \/>\n\t<meta name=\"twitter:data2\" content=\"30 minutos\" \/>\n<script type=\"application\/ld+json\" class=\"yoast-schema-graph\">{\"@context\":\"https:\/\/schema.org\",\"@graph\":[{\"@type\":\"NewsArticle\",\"@id\":\"https:\/\/www.celttv.com.ar\/index.php\/2018\/09\/06\/informe-de-la-ultuma-sesion-ordinaria-del-honorable-concejo-deliberante-fotos\/#article\",\"isPartOf\":{\"@id\":\"https:\/\/www.celttv.com.ar\/index.php\/2018\/09\/06\/informe-de-la-ultuma-sesion-ordinaria-del-honorable-concejo-deliberante-fotos\/\"},\"author\":{\"name\":\"ulises\",\"@id\":\"https:\/\/www.celttv.com.ar\/#\/schema\/person\/6d99c072dba59953809c81446e9d0ace\"},\"headline\":\"Informe de la \u00faltuma sesi\u00f3n ordinaria del Honorable Concejo Deliberante (Fotos)\",\"datePublished\":\"2018-09-06T14:02:43+00:00\",\"dateModified\":\"2018-09-06T14:02:43+00:00\",\"mainEntityOfPage\":{\"@id\":\"https:\/\/www.celttv.com.ar\/index.php\/2018\/09\/06\/informe-de-la-ultuma-sesion-ordinaria-del-honorable-concejo-deliberante-fotos\/\"},\"wordCount\":6076,\"publisher\":{\"@id\":\"https:\/\/www.celttv.com.ar\/#organization\"},\"articleSection\":[\"Celt TV Noticias\",\"Comunidad\",\"Destacadas\"],\"inLanguage\":\"es\"},{\"@type\":\"WebPage\",\"@id\":\"https:\/\/www.celttv.com.ar\/index.php\/2018\/09\/06\/informe-de-la-ultuma-sesion-ordinaria-del-honorable-concejo-deliberante-fotos\/\",\"url\":\"https:\/\/www.celttv.com.ar\/index.php\/2018\/09\/06\/informe-de-la-ultuma-sesion-ordinaria-del-honorable-concejo-deliberante-fotos\/\",\"name\":\"Informe de la \u00faltuma sesi\u00f3n ordinaria del Honorable Concejo Deliberante (Fotos) - CELTTV\",\"isPartOf\":{\"@id\":\"https:\/\/www.celttv.com.ar\/#website\"},\"datePublished\":\"2018-09-06T14:02:43+00:00\",\"dateModified\":\"2018-09-06T14:02:43+00:00\",\"description\":\"Sitio web de noticias de la localidad de Tornquist, provincia de Buenos Aires, Rep\u00fablica Argentina. Contenido propio originado por periodistas de CELTTV, el canal de TV local de la Cooperativa El\u00e9ctrica de Tornquist. Turismo, Pol\u00edtica, Sociedad, Deporte, Cultura y todo el contenido de inter\u00e9s general que la gente del pueblo y la regi\u00f3n debe conocer.\",\"breadcrumb\":{\"@id\":\"https:\/\/www.celttv.com.ar\/index.php\/2018\/09\/06\/informe-de-la-ultuma-sesion-ordinaria-del-honorable-concejo-deliberante-fotos\/#breadcrumb\"},\"inLanguage\":\"es\",\"potentialAction\":[{\"@type\":\"ReadAction\",\"target\":[\"https:\/\/www.celttv.com.ar\/index.php\/2018\/09\/06\/informe-de-la-ultuma-sesion-ordinaria-del-honorable-concejo-deliberante-fotos\/\"]}]},{\"@type\":\"BreadcrumbList\",\"@id\":\"https:\/\/www.celttv.com.ar\/index.php\/2018\/09\/06\/informe-de-la-ultuma-sesion-ordinaria-del-honorable-concejo-deliberante-fotos\/#breadcrumb\",\"itemListElement\":[{\"@type\":\"ListItem\",\"position\":1,\"name\":\"Inicio\",\"item\":\"https:\/\/www.celttv.com.ar\/\"},{\"@type\":\"ListItem\",\"position\":2,\"name\":\"Informe de la \u00faltuma sesi\u00f3n ordinaria del Honorable Concejo Deliberante (Fotos)\"}]},{\"@type\":\"WebSite\",\"@id\":\"https:\/\/www.celttv.com.ar\/#website\",\"url\":\"https:\/\/www.celttv.com.ar\/\",\"name\":\"CELTTV\",\"description\":\"Cooperativa El\u00e9ctrica de Tornquist\",\"publisher\":{\"@id\":\"https:\/\/www.celttv.com.ar\/#organization\"},\"potentialAction\":[{\"@type\":\"SearchAction\",\"target\":{\"@type\":\"EntryPoint\",\"urlTemplate\":\"https:\/\/www.celttv.com.ar\/?s={search_term_string}\"},\"query-input\":\"required name=search_term_string\"}],\"inLanguage\":\"es\"},{\"@type\":\"Organization\",\"@id\":\"https:\/\/www.celttv.com.ar\/#organization\",\"name\":\"CELTTV\",\"url\":\"https:\/\/www.celttv.com.ar\/\",\"sameAs\":[\"https:\/\/www.youtube.com\/channel\/UCz_oIt8Hig64Ub-EmcNPIhg\",\"https:\/\/www.facebook.com\/celtTV\/\"],\"logo\":{\"@type\":\"ImageObject\",\"inLanguage\":\"es\",\"@id\":\"https:\/\/www.celttv.com.ar\/#\/schema\/logo\/image\/\",\"url\":\"http:\/\/www.celttv.com.ar\/wp-content\/uploads\/2022\/08\/logo-1.png\",\"contentUrl\":\"http:\/\/www.celttv.com.ar\/wp-content\/uploads\/2022\/08\/logo-1.png\",\"width\":461,\"height\":159,\"caption\":\"CELTTV\"},\"image\":{\"@id\":\"https:\/\/www.celttv.com.ar\/#\/schema\/logo\/image\/\"}},{\"@type\":\"Person\",\"@id\":\"https:\/\/www.celttv.com.ar\/#\/schema\/person\/6d99c072dba59953809c81446e9d0ace\",\"name\":\"ulises\",\"image\":{\"@type\":\"ImageObject\",\"inLanguage\":\"es\",\"@id\":\"https:\/\/www.celttv.com.ar\/#\/schema\/person\/image\/\",\"url\":\"https:\/\/secure.gravatar.com\/avatar\/7f2c48bdc33b30088f941fb6082e555f2874c98e20cb159d7b92b50eadfce793?s=96&d=mm&r=g\",\"contentUrl\":\"https:\/\/secure.gravatar.com\/avatar\/7f2c48bdc33b30088f941fb6082e555f2874c98e20cb159d7b92b50eadfce793?s=96&d=mm&r=g\",\"caption\":\"ulises\"},\"sameAs\":[\"http:\/\/www.celttv.com.ar\"]}]}<\/script>\n<!-- \/ Yoast SEO plugin. -->","yoast_head_json":{"title":"Informe de la \u00faltuma sesi\u00f3n ordinaria del Honorable Concejo Deliberante (Fotos) - CELTTV","description":"Sitio web de noticias de la localidad de Tornquist, provincia de Buenos Aires, Rep\u00fablica Argentina. Contenido propio originado por periodistas de CELTTV, el canal de TV local de la Cooperativa El\u00e9ctrica de Tornquist. Turismo, Pol\u00edtica, Sociedad, Deporte, Cultura y todo el contenido de inter\u00e9s general que la gente del pueblo y la regi\u00f3n debe conocer.","robots":{"index":"index","follow":"follow","max-snippet":"max-snippet:-1","max-image-preview":"max-image-preview:large","max-video-preview":"max-video-preview:-1"},"canonical":"https:\/\/www.celttv.com.ar\/index.php\/2018\/09\/06\/informe-de-la-ultuma-sesion-ordinaria-del-honorable-concejo-deliberante-fotos\/","og_locale":"es_ES","og_type":"article","og_title":"Informe de la \u00faltuma sesi\u00f3n ordinaria del Honorable Concejo Deliberante (Fotos) - CELTTV","og_description":"Sitio web de noticias de la localidad de Tornquist, provincia de Buenos Aires, Rep\u00fablica Argentina. Contenido propio originado por periodistas de CELTTV, el canal de TV local de la Cooperativa El\u00e9ctrica de Tornquist. Turismo, Pol\u00edtica, Sociedad, Deporte, Cultura y todo el contenido de inter\u00e9s general que la gente del pueblo y la regi\u00f3n debe conocer.","og_url":"https:\/\/www.celttv.com.ar\/index.php\/2018\/09\/06\/informe-de-la-ultuma-sesion-ordinaria-del-honorable-concejo-deliberante-fotos\/","og_site_name":"CELTTV","article_publisher":"https:\/\/www.facebook.com\/celtTV\/","article_published_time":"2018-09-06T14:02:43+00:00","og_image":[{"width":1024,"height":768,"url":"https:\/\/www.celttv.com.ar\/wp-content\/uploads\/2018\/09\/P1070138.jpg","type":"image\/jpeg"}],"author":"ulises","twitter_card":"summary_large_image","twitter_misc":{"Escrito por":"ulises","Tiempo de lectura":"30 minutos"},"schema":{"@context":"https:\/\/schema.org","@graph":[{"@type":"NewsArticle","@id":"https:\/\/www.celttv.com.ar\/index.php\/2018\/09\/06\/informe-de-la-ultuma-sesion-ordinaria-del-honorable-concejo-deliberante-fotos\/#article","isPartOf":{"@id":"https:\/\/www.celttv.com.ar\/index.php\/2018\/09\/06\/informe-de-la-ultuma-sesion-ordinaria-del-honorable-concejo-deliberante-fotos\/"},"author":{"name":"ulises","@id":"https:\/\/www.celttv.com.ar\/#\/schema\/person\/6d99c072dba59953809c81446e9d0ace"},"headline":"Informe de la \u00faltuma sesi\u00f3n ordinaria del Honorable Concejo Deliberante (Fotos)","datePublished":"2018-09-06T14:02:43+00:00","dateModified":"2018-09-06T14:02:43+00:00","mainEntityOfPage":{"@id":"https:\/\/www.celttv.com.ar\/index.php\/2018\/09\/06\/informe-de-la-ultuma-sesion-ordinaria-del-honorable-concejo-deliberante-fotos\/"},"wordCount":6076,"publisher":{"@id":"https:\/\/www.celttv.com.ar\/#organization"},"articleSection":["Celt TV Noticias","Comunidad","Destacadas"],"inLanguage":"es"},{"@type":"WebPage","@id":"https:\/\/www.celttv.com.ar\/index.php\/2018\/09\/06\/informe-de-la-ultuma-sesion-ordinaria-del-honorable-concejo-deliberante-fotos\/","url":"https:\/\/www.celttv.com.ar\/index.php\/2018\/09\/06\/informe-de-la-ultuma-sesion-ordinaria-del-honorable-concejo-deliberante-fotos\/","name":"Informe de la \u00faltuma sesi\u00f3n ordinaria del Honorable Concejo Deliberante (Fotos) - CELTTV","isPartOf":{"@id":"https:\/\/www.celttv.com.ar\/#website"},"datePublished":"2018-09-06T14:02:43+00:00","dateModified":"2018-09-06T14:02:43+00:00","description":"Sitio web de noticias de la localidad de Tornquist, provincia de Buenos Aires, Rep\u00fablica Argentina. Contenido propio originado por periodistas de CELTTV, el canal de TV local de la Cooperativa El\u00e9ctrica de Tornquist. Turismo, Pol\u00edtica, Sociedad, Deporte, Cultura y todo el contenido de inter\u00e9s general que la gente del pueblo y la regi\u00f3n debe conocer.","breadcrumb":{"@id":"https:\/\/www.celttv.com.ar\/index.php\/2018\/09\/06\/informe-de-la-ultuma-sesion-ordinaria-del-honorable-concejo-deliberante-fotos\/#breadcrumb"},"inLanguage":"es","potentialAction":[{"@type":"ReadAction","target":["https:\/\/www.celttv.com.ar\/index.php\/2018\/09\/06\/informe-de-la-ultuma-sesion-ordinaria-del-honorable-concejo-deliberante-fotos\/"]}]},{"@type":"BreadcrumbList","@id":"https:\/\/www.celttv.com.ar\/index.php\/2018\/09\/06\/informe-de-la-ultuma-sesion-ordinaria-del-honorable-concejo-deliberante-fotos\/#breadcrumb","itemListElement":[{"@type":"ListItem","position":1,"name":"Inicio","item":"https:\/\/www.celttv.com.ar\/"},{"@type":"ListItem","position":2,"name":"Informe de la \u00faltuma sesi\u00f3n ordinaria del Honorable Concejo Deliberante (Fotos)"}]},{"@type":"WebSite","@id":"https:\/\/www.celttv.com.ar\/#website","url":"https:\/\/www.celttv.com.ar\/","name":"CELTTV","description":"Cooperativa El\u00e9ctrica de Tornquist","publisher":{"@id":"https:\/\/www.celttv.com.ar\/#organization"},"potentialAction":[{"@type":"SearchAction","target":{"@type":"EntryPoint","urlTemplate":"https:\/\/www.celttv.com.ar\/?s={search_term_string}"},"query-input":"required name=search_term_string"}],"inLanguage":"es"},{"@type":"Organization","@id":"https:\/\/www.celttv.com.ar\/#organization","name":"CELTTV","url":"https:\/\/www.celttv.com.ar\/","sameAs":["https:\/\/www.youtube.com\/channel\/UCz_oIt8Hig64Ub-EmcNPIhg","https:\/\/www.facebook.com\/celtTV\/"],"logo":{"@type":"ImageObject","inLanguage":"es","@id":"https:\/\/www.celttv.com.ar\/#\/schema\/logo\/image\/","url":"http:\/\/www.celttv.com.ar\/wp-content\/uploads\/2022\/08\/logo-1.png","contentUrl":"http:\/\/www.celttv.com.ar\/wp-content\/uploads\/2022\/08\/logo-1.png","width":461,"height":159,"caption":"CELTTV"},"image":{"@id":"https:\/\/www.celttv.com.ar\/#\/schema\/logo\/image\/"}},{"@type":"Person","@id":"https:\/\/www.celttv.com.ar\/#\/schema\/person\/6d99c072dba59953809c81446e9d0ace","name":"ulises","image":{"@type":"ImageObject","inLanguage":"es","@id":"https:\/\/www.celttv.com.ar\/#\/schema\/person\/image\/","url":"https:\/\/secure.gravatar.com\/avatar\/7f2c48bdc33b30088f941fb6082e555f2874c98e20cb159d7b92b50eadfce793?s=96&d=mm&r=g","contentUrl":"https:\/\/secure.gravatar.com\/avatar\/7f2c48bdc33b30088f941fb6082e555f2874c98e20cb159d7b92b50eadfce793?s=96&d=mm&r=g","caption":"ulises"},"sameAs":["http:\/\/www.celttv.com.ar"]}]}},"_links":{"self":[{"href":"https:\/\/www.celttv.com.ar\/index.php\/wp-json\/wp\/v2\/posts\/36870","targetHints":{"allow":["GET"]}}],"collection":[{"href":"https:\/\/www.celttv.com.ar\/index.php\/wp-json\/wp\/v2\/posts"}],"about":[{"href":"https:\/\/www.celttv.com.ar\/index.php\/wp-json\/wp\/v2\/types\/post"}],"author":[{"embeddable":true,"href":"https:\/\/www.celttv.com.ar\/index.php\/wp-json\/wp\/v2\/users\/1"}],"replies":[{"embeddable":true,"href":"https:\/\/www.celttv.com.ar\/index.php\/wp-json\/wp\/v2\/comments?post=36870"}],"version-history":[{"count":0,"href":"https:\/\/www.celttv.com.ar\/index.php\/wp-json\/wp\/v2\/posts\/36870\/revisions"}],"wp:featuredmedia":[{"embeddable":true,"href":"https:\/\/www.celttv.com.ar\/index.php\/wp-json\/wp\/v2\/media\/36876"}],"wp:attachment":[{"href":"https:\/\/www.celttv.com.ar\/index.php\/wp-json\/wp\/v2\/media?parent=36870"}],"wp:term":[{"taxonomy":"category","embeddable":true,"href":"https:\/\/www.celttv.com.ar\/index.php\/wp-json\/wp\/v2\/categories?post=36870"},{"taxonomy":"post_tag","embeddable":true,"href":"https:\/\/www.celttv.com.ar\/index.php\/wp-json\/wp\/v2\/tags?post=36870"}],"curies":[{"name":"wp","href":"https:\/\/api.w.org\/{rel}","templated":true}]}}