{"id":36885,"date":"2018-09-06T20:20:44","date_gmt":"2018-09-06T20:20:44","guid":{"rendered":"http:\/\/www.celttv.com.ar\/?p=36885"},"modified":"2018-09-06T20:20:44","modified_gmt":"2018-09-06T20:20:44","slug":"se-realizo-el-curso-de-oratoria-y-comunicacion-en-el-sindicato-de-luz-y-fuerza-de-tornquist","status":"publish","type":"post","link":"https:\/\/www.celttv.com.ar\/index.php\/2018\/09\/06\/se-realizo-el-curso-de-oratoria-y-comunicacion-en-el-sindicato-de-luz-y-fuerza-de-tornquist\/","title":{"rendered":"Se realiz\u00f3 el Curso de Oratoria y Comunicaci\u00f3n en el sindicato de Luz y Fuerza de Tornquist"},"content":{"rendered":"<p>El Curso \u201cOratoria y Comunicaci\u00f3n\u201d del Instituto de Formaci\u00f3n Social y Capacitaci\u00f3n Sindical \u201cAdalberto Wimer\u201d dependiente de la FATLYF, se dict\u00f3 desde este lunes en la Filial Tornquist del Sindicato de Trabajadores de Luz y Fuerza de Coronel Su\u00e1rez.<br \/>\nEl mismo estuvo abierto a la comunidad, y participaron afiliados al gremio de Luz y Fuerza, compa\u00f1eros del Sindicato de Papeleros, del Gremio Docente Sadop, de Bancarios, algunos docentes y un grupo de estudiantes del profesorado de Ense\u00f1anza Primaria.<br \/>\n<span id=\"more-24692\"><\/span><br \/>\nRecibieron de parte de los excelentes capacitadores Lic. Gabriel Fada y Gast\u00f3n Bonnef\u00f3n, los conceptos te\u00f3ricos relacionados con la comunicaci\u00f3n, e implementaron pr\u00e1cticas para crecer en el arte de decir, de poner en com\u00fan, de interactuar y de escuchar. Sin duda un aprendizaje que imprime transformaciones individuales y grupales con incidencia en la vida personal, laboral y social.<br \/>\nEn la apertura estuvo presente el Secretario General Cro. Roberto Garc\u00eda, miembros de Comisi\u00f3n Directiva del Sindicato y Delegados de la Filial Tornquist.<br \/>\n<a title=\"WhatsApp Image 2018-09-06 at 00.39.58 (1)\" href=\"http:\/\/farm2.staticflickr.com\/1876\/42701527630_c1c2bae63e.jpg\" rel=\"\"><img loading=\"lazy\" decoding=\"async\" class=\"alignleft\" title=\"WhatsApp Image 2018-09-06 at 00.39.58 (1)\" src=\"http:\/\/farm2.staticflickr.com\/1876\/42701527630_c1c2bae63e.jpg\" alt=\"WhatsApp Image 2018-09-06 at 00.39.58 (1)\" width=\"500\" height=\"375\" \/><\/a>\u201cCrecer y abrir nuevos horizontes es el objetivo de los programas de formaci\u00f3n de la FATLyF que llegan a todos los Sindicatos hermanos\u201d, expres\u00f3 el Compa\u00f1ero Gast\u00f3n Bonnef\u00f3n, quien adem\u00e1s destac\u00f3 que esta tarea es prioritaria para el Secretariado Nacional y es testimonio elocuente de ello la presencia del Instituto \u201cAdalberto Wimer\u201d a lo largo y ancho el pa\u00eds.<br \/>\nPor su parte, el Secretario General del Sindicato Luz y Fuerza de Coronel Su\u00e1rez, Compa\u00f1ero Roberto Garc\u00eda dio la bienvenida y agradeci\u00f3 esta pol\u00edtica de formaci\u00f3n de la FATLyF y alent\u00f3 a los presentes a abrazar la capacitaci\u00f3n como herramienta para forjar una realidad siempre renovada en pos de los preceptos sindicales.<br \/>\nEl cierre del curso se llev\u00f3 a cabo con el acto de entrega de certificados, y en \u00e9l estuvo presente el Subsecretario de Prensa de la FATLYF, Cro. Sergio Vergara, trayendo el c\u00e1lido saludo del Secretariado Nacional.<br \/>\nUna vez culminado con el acto protocolar, se disfrut\u00f3 de una cena muy amena para todos los presentes.<br \/>\n<a href=\"http:\/\/www.celttv.com.ar\/?attachment_id=36886\" rel=\"attachment wp-att-36886\"><img loading=\"lazy\" decoding=\"async\" class=\"alignleft size-full wp-image-36886\" src=\"http:\/\/www.celttv.com.ar\/wp-content\/uploads\/2018\/09\/42701527940_b25df6ecef.jpg\" alt=\"\" width=\"500\" height=\"259\" srcset=\"https:\/\/www.celttv.com.ar\/wp-content\/uploads\/2018\/09\/42701527940_b25df6ecef.jpg 500w, https:\/\/www.celttv.com.ar\/wp-content\/uploads\/2018\/09\/42701527940_b25df6ecef-300x155.jpg 300w\" sizes=\"auto, (max-width: 500px) 100vw, 500px\" \/><\/a><\/p>\n","protected":false},"excerpt":{"rendered":"<p>El Curso \u201cOratoria y Comunicaci\u00f3n\u201d del Instituto de Formaci\u00f3n Social y Capacitaci\u00f3n Sindical \u201cAdalberto Wimer\u201d dependiente de la FATLYF, se dict\u00f3 desde este lunes en la Filial Tornquist del Sindicato de Trabajadores de Luz y Fuerza de Coronel Su\u00e1rez. El mismo estuvo abierto a la comunidad, y participaron afiliados al gremio de Luz y Fuerza, [&hellip;]<\/p>\n","protected":false},"author":1,"featured_media":36887,"comment_status":"closed","ping_status":"open","sticky":false,"template":"","format":"standard","meta":{"footnotes":""},"categories":[55,51,52,66],"tags":[],"class_list":["post-36885","post","type-post","status-publish","format-standard","has-post-thumbnail","hentry","category-celt-tv-noticias","category-comunidad","category-destacadas","category-informacion-cooperativa"],"yoast_head":"<!-- This site is optimized with the Yoast SEO plugin v19.7.1 - https:\/\/yoast.com\/wordpress\/plugins\/seo\/ -->\n<title>Se realiz\u00f3 el Curso de Oratoria y Comunicaci\u00f3n en el sindicato de Luz y Fuerza de Tornquist - CELTTV<\/title>\n<meta name=\"description\" content=\"Sitio web de noticias de la localidad de Tornquist, provincia de Buenos Aires, Rep\u00fablica Argentina. Contenido propio originado por periodistas de CELTTV, el canal de TV local de la Cooperativa El\u00e9ctrica de Tornquist. Turismo, Pol\u00edtica, Sociedad, Deporte, Cultura y todo el contenido de inter\u00e9s general que la gente del pueblo y la regi\u00f3n debe conocer.\" \/>\n<meta name=\"robots\" content=\"index, follow, max-snippet:-1, max-image-preview:large, max-video-preview:-1\" \/>\n<link rel=\"canonical\" href=\"https:\/\/www.celttv.com.ar\/index.php\/2018\/09\/06\/se-realizo-el-curso-de-oratoria-y-comunicacion-en-el-sindicato-de-luz-y-fuerza-de-tornquist\/\" \/>\n<meta property=\"og:locale\" content=\"es_ES\" \/>\n<meta property=\"og:type\" content=\"article\" \/>\n<meta property=\"og:title\" content=\"Se realiz\u00f3 el Curso de Oratoria y Comunicaci\u00f3n en el sindicato de Luz y Fuerza de Tornquist - CELTTV\" \/>\n<meta property=\"og:description\" content=\"Sitio web de noticias de la localidad de Tornquist, provincia de Buenos Aires, Rep\u00fablica Argentina. Contenido propio originado por periodistas de CELTTV, el canal de TV local de la Cooperativa El\u00e9ctrica de Tornquist. Turismo, Pol\u00edtica, Sociedad, Deporte, Cultura y todo el contenido de inter\u00e9s general que la gente del pueblo y la regi\u00f3n debe conocer.\" \/>\n<meta property=\"og:url\" content=\"https:\/\/www.celttv.com.ar\/index.php\/2018\/09\/06\/se-realizo-el-curso-de-oratoria-y-comunicacion-en-el-sindicato-de-luz-y-fuerza-de-tornquist\/\" \/>\n<meta property=\"og:site_name\" content=\"CELTTV\" \/>\n<meta property=\"article:publisher\" content=\"https:\/\/www.facebook.com\/celtTV\/\" \/>\n<meta property=\"article:published_time\" content=\"2018-09-06T20:20:44+00:00\" \/>\n<meta property=\"og:image\" content=\"https:\/\/www.celttv.com.ar\/wp-content\/uploads\/2018\/09\/WhatsApp-Image-2018-09-06-at-00.39.58-777x437-1.jpeg\" \/>\n\t<meta property=\"og:image:width\" content=\"777\" \/>\n\t<meta property=\"og:image:height\" content=\"437\" \/>\n\t<meta property=\"og:image:type\" content=\"image\/jpeg\" \/>\n<meta name=\"author\" content=\"ulises\" \/>\n<meta name=\"twitter:card\" content=\"summary_large_image\" \/>\n<meta name=\"twitter:label1\" content=\"Escrito por\" \/>\n\t<meta name=\"twitter:data1\" content=\"ulises\" \/>\n\t<meta name=\"twitter:label2\" content=\"Tiempo de lectura\" \/>\n\t<meta name=\"twitter:data2\" content=\"2 minutos\" \/>\n<script type=\"application\/ld+json\" class=\"yoast-schema-graph\">{\"@context\":\"https:\/\/schema.org\",\"@graph\":[{\"@type\":\"NewsArticle\",\"@id\":\"https:\/\/www.celttv.com.ar\/index.php\/2018\/09\/06\/se-realizo-el-curso-de-oratoria-y-comunicacion-en-el-sindicato-de-luz-y-fuerza-de-tornquist\/#article\",\"isPartOf\":{\"@id\":\"https:\/\/www.celttv.com.ar\/index.php\/2018\/09\/06\/se-realizo-el-curso-de-oratoria-y-comunicacion-en-el-sindicato-de-luz-y-fuerza-de-tornquist\/\"},\"author\":{\"name\":\"ulises\",\"@id\":\"https:\/\/www.celttv.com.ar\/#\/schema\/person\/6d99c072dba59953809c81446e9d0ace\"},\"headline\":\"Se realiz\u00f3 el Curso de Oratoria y Comunicaci\u00f3n en el sindicato de Luz y Fuerza de Tornquist\",\"datePublished\":\"2018-09-06T20:20:44+00:00\",\"dateModified\":\"2018-09-06T20:20:44+00:00\",\"mainEntityOfPage\":{\"@id\":\"https:\/\/www.celttv.com.ar\/index.php\/2018\/09\/06\/se-realizo-el-curso-de-oratoria-y-comunicacion-en-el-sindicato-de-luz-y-fuerza-de-tornquist\/\"},\"wordCount\":370,\"publisher\":{\"@id\":\"https:\/\/www.celttv.com.ar\/#organization\"},\"articleSection\":[\"Celt TV Noticias\",\"Comunidad\",\"Destacadas\",\"Informaci\u00f3n Cooperativa\"],\"inLanguage\":\"es\"},{\"@type\":\"WebPage\",\"@id\":\"https:\/\/www.celttv.com.ar\/index.php\/2018\/09\/06\/se-realizo-el-curso-de-oratoria-y-comunicacion-en-el-sindicato-de-luz-y-fuerza-de-tornquist\/\",\"url\":\"https:\/\/www.celttv.com.ar\/index.php\/2018\/09\/06\/se-realizo-el-curso-de-oratoria-y-comunicacion-en-el-sindicato-de-luz-y-fuerza-de-tornquist\/\",\"name\":\"Se realiz\u00f3 el Curso de Oratoria y Comunicaci\u00f3n en el sindicato de Luz y Fuerza de Tornquist - CELTTV\",\"isPartOf\":{\"@id\":\"https:\/\/www.celttv.com.ar\/#website\"},\"datePublished\":\"2018-09-06T20:20:44+00:00\",\"dateModified\":\"2018-09-06T20:20:44+00:00\",\"description\":\"Sitio web de noticias de la localidad de Tornquist, provincia de Buenos Aires, Rep\u00fablica Argentina. Contenido propio originado por periodistas de CELTTV, el canal de TV local de la Cooperativa El\u00e9ctrica de Tornquist. Turismo, Pol\u00edtica, Sociedad, Deporte, Cultura y todo el contenido de inter\u00e9s general que la gente del pueblo y la regi\u00f3n debe conocer.\",\"breadcrumb\":{\"@id\":\"https:\/\/www.celttv.com.ar\/index.php\/2018\/09\/06\/se-realizo-el-curso-de-oratoria-y-comunicacion-en-el-sindicato-de-luz-y-fuerza-de-tornquist\/#breadcrumb\"},\"inLanguage\":\"es\",\"potentialAction\":[{\"@type\":\"ReadAction\",\"target\":[\"https:\/\/www.celttv.com.ar\/index.php\/2018\/09\/06\/se-realizo-el-curso-de-oratoria-y-comunicacion-en-el-sindicato-de-luz-y-fuerza-de-tornquist\/\"]}]},{\"@type\":\"BreadcrumbList\",\"@id\":\"https:\/\/www.celttv.com.ar\/index.php\/2018\/09\/06\/se-realizo-el-curso-de-oratoria-y-comunicacion-en-el-sindicato-de-luz-y-fuerza-de-tornquist\/#breadcrumb\",\"itemListElement\":[{\"@type\":\"ListItem\",\"position\":1,\"name\":\"Inicio\",\"item\":\"https:\/\/www.celttv.com.ar\/\"},{\"@type\":\"ListItem\",\"position\":2,\"name\":\"Se realiz\u00f3 el Curso de Oratoria y Comunicaci\u00f3n en el sindicato de Luz y Fuerza de Tornquist\"}]},{\"@type\":\"WebSite\",\"@id\":\"https:\/\/www.celttv.com.ar\/#website\",\"url\":\"https:\/\/www.celttv.com.ar\/\",\"name\":\"CELTTV\",\"description\":\"Cooperativa El\u00e9ctrica de Tornquist\",\"publisher\":{\"@id\":\"https:\/\/www.celttv.com.ar\/#organization\"},\"potentialAction\":[{\"@type\":\"SearchAction\",\"target\":{\"@type\":\"EntryPoint\",\"urlTemplate\":\"https:\/\/www.celttv.com.ar\/?s={search_term_string}\"},\"query-input\":\"required name=search_term_string\"}],\"inLanguage\":\"es\"},{\"@type\":\"Organization\",\"@id\":\"https:\/\/www.celttv.com.ar\/#organization\",\"name\":\"CELTTV\",\"url\":\"https:\/\/www.celttv.com.ar\/\",\"sameAs\":[\"https:\/\/www.youtube.com\/channel\/UCz_oIt8Hig64Ub-EmcNPIhg\",\"https:\/\/www.facebook.com\/celtTV\/\"],\"logo\":{\"@type\":\"ImageObject\",\"inLanguage\":\"es\",\"@id\":\"https:\/\/www.celttv.com.ar\/#\/schema\/logo\/image\/\",\"url\":\"http:\/\/www.celttv.com.ar\/wp-content\/uploads\/2022\/08\/logo-1.png\",\"contentUrl\":\"http:\/\/www.celttv.com.ar\/wp-content\/uploads\/2022\/08\/logo-1.png\",\"width\":461,\"height\":159,\"caption\":\"CELTTV\"},\"image\":{\"@id\":\"https:\/\/www.celttv.com.ar\/#\/schema\/logo\/image\/\"}},{\"@type\":\"Person\",\"@id\":\"https:\/\/www.celttv.com.ar\/#\/schema\/person\/6d99c072dba59953809c81446e9d0ace\",\"name\":\"ulises\",\"image\":{\"@type\":\"ImageObject\",\"inLanguage\":\"es\",\"@id\":\"https:\/\/www.celttv.com.ar\/#\/schema\/person\/image\/\",\"url\":\"https:\/\/secure.gravatar.com\/avatar\/7f2c48bdc33b30088f941fb6082e555f2874c98e20cb159d7b92b50eadfce793?s=96&d=mm&r=g\",\"contentUrl\":\"https:\/\/secure.gravatar.com\/avatar\/7f2c48bdc33b30088f941fb6082e555f2874c98e20cb159d7b92b50eadfce793?s=96&d=mm&r=g\",\"caption\":\"ulises\"},\"sameAs\":[\"http:\/\/www.celttv.com.ar\"]}]}<\/script>\n<!-- \/ Yoast SEO plugin. -->","yoast_head_json":{"title":"Se realiz\u00f3 el Curso de Oratoria y Comunicaci\u00f3n en el sindicato de Luz y Fuerza de Tornquist - CELTTV","description":"Sitio web de noticias de la localidad de Tornquist, provincia de Buenos Aires, Rep\u00fablica Argentina. Contenido propio originado por periodistas de CELTTV, el canal de TV local de la Cooperativa El\u00e9ctrica de Tornquist. Turismo, Pol\u00edtica, Sociedad, Deporte, Cultura y todo el contenido de inter\u00e9s general que la gente del pueblo y la regi\u00f3n debe conocer.","robots":{"index":"index","follow":"follow","max-snippet":"max-snippet:-1","max-image-preview":"max-image-preview:large","max-video-preview":"max-video-preview:-1"},"canonical":"https:\/\/www.celttv.com.ar\/index.php\/2018\/09\/06\/se-realizo-el-curso-de-oratoria-y-comunicacion-en-el-sindicato-de-luz-y-fuerza-de-tornquist\/","og_locale":"es_ES","og_type":"article","og_title":"Se realiz\u00f3 el Curso de Oratoria y Comunicaci\u00f3n en el sindicato de Luz y Fuerza de Tornquist - CELTTV","og_description":"Sitio web de noticias de la localidad de Tornquist, provincia de Buenos Aires, Rep\u00fablica Argentina. Contenido propio originado por periodistas de CELTTV, el canal de TV local de la Cooperativa El\u00e9ctrica de Tornquist. Turismo, Pol\u00edtica, Sociedad, Deporte, Cultura y todo el contenido de inter\u00e9s general que la gente del pueblo y la regi\u00f3n debe conocer.","og_url":"https:\/\/www.celttv.com.ar\/index.php\/2018\/09\/06\/se-realizo-el-curso-de-oratoria-y-comunicacion-en-el-sindicato-de-luz-y-fuerza-de-tornquist\/","og_site_name":"CELTTV","article_publisher":"https:\/\/www.facebook.com\/celtTV\/","article_published_time":"2018-09-06T20:20:44+00:00","og_image":[{"width":777,"height":437,"url":"https:\/\/www.celttv.com.ar\/wp-content\/uploads\/2018\/09\/WhatsApp-Image-2018-09-06-at-00.39.58-777x437-1.jpeg","type":"image\/jpeg"}],"author":"ulises","twitter_card":"summary_large_image","twitter_misc":{"Escrito por":"ulises","Tiempo de lectura":"2 minutos"},"schema":{"@context":"https:\/\/schema.org","@graph":[{"@type":"NewsArticle","@id":"https:\/\/www.celttv.com.ar\/index.php\/2018\/09\/06\/se-realizo-el-curso-de-oratoria-y-comunicacion-en-el-sindicato-de-luz-y-fuerza-de-tornquist\/#article","isPartOf":{"@id":"https:\/\/www.celttv.com.ar\/index.php\/2018\/09\/06\/se-realizo-el-curso-de-oratoria-y-comunicacion-en-el-sindicato-de-luz-y-fuerza-de-tornquist\/"},"author":{"name":"ulises","@id":"https:\/\/www.celttv.com.ar\/#\/schema\/person\/6d99c072dba59953809c81446e9d0ace"},"headline":"Se realiz\u00f3 el Curso de Oratoria y Comunicaci\u00f3n en el sindicato de Luz y Fuerza de Tornquist","datePublished":"2018-09-06T20:20:44+00:00","dateModified":"2018-09-06T20:20:44+00:00","mainEntityOfPage":{"@id":"https:\/\/www.celttv.com.ar\/index.php\/2018\/09\/06\/se-realizo-el-curso-de-oratoria-y-comunicacion-en-el-sindicato-de-luz-y-fuerza-de-tornquist\/"},"wordCount":370,"publisher":{"@id":"https:\/\/www.celttv.com.ar\/#organization"},"articleSection":["Celt TV Noticias","Comunidad","Destacadas","Informaci\u00f3n Cooperativa"],"inLanguage":"es"},{"@type":"WebPage","@id":"https:\/\/www.celttv.com.ar\/index.php\/2018\/09\/06\/se-realizo-el-curso-de-oratoria-y-comunicacion-en-el-sindicato-de-luz-y-fuerza-de-tornquist\/","url":"https:\/\/www.celttv.com.ar\/index.php\/2018\/09\/06\/se-realizo-el-curso-de-oratoria-y-comunicacion-en-el-sindicato-de-luz-y-fuerza-de-tornquist\/","name":"Se realiz\u00f3 el Curso de Oratoria y Comunicaci\u00f3n en el sindicato de Luz y Fuerza de Tornquist - CELTTV","isPartOf":{"@id":"https:\/\/www.celttv.com.ar\/#website"},"datePublished":"2018-09-06T20:20:44+00:00","dateModified":"2018-09-06T20:20:44+00:00","description":"Sitio web de noticias de la localidad de Tornquist, provincia de Buenos Aires, Rep\u00fablica Argentina. Contenido propio originado por periodistas de CELTTV, el canal de TV local de la Cooperativa El\u00e9ctrica de Tornquist. Turismo, Pol\u00edtica, Sociedad, Deporte, Cultura y todo el contenido de inter\u00e9s general que la gente del pueblo y la regi\u00f3n debe conocer.","breadcrumb":{"@id":"https:\/\/www.celttv.com.ar\/index.php\/2018\/09\/06\/se-realizo-el-curso-de-oratoria-y-comunicacion-en-el-sindicato-de-luz-y-fuerza-de-tornquist\/#breadcrumb"},"inLanguage":"es","potentialAction":[{"@type":"ReadAction","target":["https:\/\/www.celttv.com.ar\/index.php\/2018\/09\/06\/se-realizo-el-curso-de-oratoria-y-comunicacion-en-el-sindicato-de-luz-y-fuerza-de-tornquist\/"]}]},{"@type":"BreadcrumbList","@id":"https:\/\/www.celttv.com.ar\/index.php\/2018\/09\/06\/se-realizo-el-curso-de-oratoria-y-comunicacion-en-el-sindicato-de-luz-y-fuerza-de-tornquist\/#breadcrumb","itemListElement":[{"@type":"ListItem","position":1,"name":"Inicio","item":"https:\/\/www.celttv.com.ar\/"},{"@type":"ListItem","position":2,"name":"Se realiz\u00f3 el Curso de Oratoria y Comunicaci\u00f3n en el sindicato de Luz y Fuerza de Tornquist"}]},{"@type":"WebSite","@id":"https:\/\/www.celttv.com.ar\/#website","url":"https:\/\/www.celttv.com.ar\/","name":"CELTTV","description":"Cooperativa El\u00e9ctrica de Tornquist","publisher":{"@id":"https:\/\/www.celttv.com.ar\/#organization"},"potentialAction":[{"@type":"SearchAction","target":{"@type":"EntryPoint","urlTemplate":"https:\/\/www.celttv.com.ar\/?s={search_term_string}"},"query-input":"required name=search_term_string"}],"inLanguage":"es"},{"@type":"Organization","@id":"https:\/\/www.celttv.com.ar\/#organization","name":"CELTTV","url":"https:\/\/www.celttv.com.ar\/","sameAs":["https:\/\/www.youtube.com\/channel\/UCz_oIt8Hig64Ub-EmcNPIhg","https:\/\/www.facebook.com\/celtTV\/"],"logo":{"@type":"ImageObject","inLanguage":"es","@id":"https:\/\/www.celttv.com.ar\/#\/schema\/logo\/image\/","url":"http:\/\/www.celttv.com.ar\/wp-content\/uploads\/2022\/08\/logo-1.png","contentUrl":"http:\/\/www.celttv.com.ar\/wp-content\/uploads\/2022\/08\/logo-1.png","width":461,"height":159,"caption":"CELTTV"},"image":{"@id":"https:\/\/www.celttv.com.ar\/#\/schema\/logo\/image\/"}},{"@type":"Person","@id":"https:\/\/www.celttv.com.ar\/#\/schema\/person\/6d99c072dba59953809c81446e9d0ace","name":"ulises","image":{"@type":"ImageObject","inLanguage":"es","@id":"https:\/\/www.celttv.com.ar\/#\/schema\/person\/image\/","url":"https:\/\/secure.gravatar.com\/avatar\/7f2c48bdc33b30088f941fb6082e555f2874c98e20cb159d7b92b50eadfce793?s=96&d=mm&r=g","contentUrl":"https:\/\/secure.gravatar.com\/avatar\/7f2c48bdc33b30088f941fb6082e555f2874c98e20cb159d7b92b50eadfce793?s=96&d=mm&r=g","caption":"ulises"},"sameAs":["http:\/\/www.celttv.com.ar"]}]}},"_links":{"self":[{"href":"https:\/\/www.celttv.com.ar\/index.php\/wp-json\/wp\/v2\/posts\/36885","targetHints":{"allow":["GET"]}}],"collection":[{"href":"https:\/\/www.celttv.com.ar\/index.php\/wp-json\/wp\/v2\/posts"}],"about":[{"href":"https:\/\/www.celttv.com.ar\/index.php\/wp-json\/wp\/v2\/types\/post"}],"author":[{"embeddable":true,"href":"https:\/\/www.celttv.com.ar\/index.php\/wp-json\/wp\/v2\/users\/1"}],"replies":[{"embeddable":true,"href":"https:\/\/www.celttv.com.ar\/index.php\/wp-json\/wp\/v2\/comments?post=36885"}],"version-history":[{"count":0,"href":"https:\/\/www.celttv.com.ar\/index.php\/wp-json\/wp\/v2\/posts\/36885\/revisions"}],"wp:featuredmedia":[{"embeddable":true,"href":"https:\/\/www.celttv.com.ar\/index.php\/wp-json\/wp\/v2\/media\/36887"}],"wp:attachment":[{"href":"https:\/\/www.celttv.com.ar\/index.php\/wp-json\/wp\/v2\/media?parent=36885"}],"wp:term":[{"taxonomy":"category","embeddable":true,"href":"https:\/\/www.celttv.com.ar\/index.php\/wp-json\/wp\/v2\/categories?post=36885"},{"taxonomy":"post_tag","embeddable":true,"href":"https:\/\/www.celttv.com.ar\/index.php\/wp-json\/wp\/v2\/tags?post=36885"}],"curies":[{"name":"wp","href":"https:\/\/api.w.org\/{rel}","templated":true}]}}