{"id":36889,"date":"2018-09-06T22:36:22","date_gmt":"2018-09-06T22:36:22","guid":{"rendered":"http:\/\/www.celttv.com.ar\/?p=36889"},"modified":"2018-09-06T22:36:22","modified_gmt":"2018-09-06T22:36:22","slug":"aprueban-emergencia-en-infraestructura-escolar","status":"publish","type":"post","link":"https:\/\/www.celttv.com.ar\/index.php\/2018\/09\/06\/aprueban-emergencia-en-infraestructura-escolar\/","title":{"rendered":"APRUEBAN EMERGENCIA EN INFRAESTRUCTURA ESCOLAR"},"content":{"rendered":"<p>&nbsp;<\/p>\n<p class=\"yiv5000552390x_gmail-m-2766411309904755422msonospacing\">La C\u00e1mara de Diputados aprob\u00f3 la Emergencia en Infraestructura Escolar con el objetivo de solucionar de manera inmediata los problemas existentes en materia edilicia. El proyecto pas\u00f3 al Senado para continuar su tratamiento.<\/p>\n<p class=\"yiv5000552390x_gmail-m-2766411309904755422msonospacing\">La iniciativa, que surgi\u00f3 a propuesta de diferentes bloques, prev\u00e9 la realizaci\u00f3n de obras para restablecer la seguridad y las condiciones de habitabilidad de los edificios escolares y garantizar el suministro de los servicios esenciales a los establecimientos educativos.<\/p>\n<p class=\"yiv5000552390x_gmail-m-2766411309904755422msonospacing\">La medida ser\u00e1 por un a\u00f1o y tendr\u00e1 la posibilidad de prorrogarse por otro m\u00e1s.<\/p>\n<p class=\"yiv5000552390x_gmail-m-2766411309904755422msonospacing\"><strong>REPERCUSIONES DEL DEBATE:<\/strong><\/p>\n<p class=\"yiv5000552390x_gmail-m-2766411309904755422msonospacing\">Pablo Garate &#8211; Bloque Frente Renovador:\u00a0<strong><em>\u201cQueremos declarar una emergencia que, cuando pase un a\u00f1o, podamos decir que sirvi\u00f3 para hacer obras y mejorar la situaci\u00f3n de las escuelas\u201d. \u201cTenemos que resolver los problemas de la educaci\u00f3n, hoy nos llevamos la satisfacci\u00f3n de aportar un granito de arena\u201d.<\/em><\/strong><\/p>\n<p class=\"yiv5000552390x_gmail-m-2766411309904755422msonospacing\">Florencia Saintout &#8211; Jefa del Bloque de Unidad Ciudadana:\u00a0<strong><em>\u201cEste es un proyecto para todos los maestros y maestras de la provincia, realizado en un trabajo de todos los bloques en consenso\u201d. \u201cNosotros venimos trabajando desde el primer momento, nuestra preocupaci\u00f3n ha sido constante\u201d. \u201cNosotros s\u00ed creemos que hay responsables y tambi\u00e9n creemos que hay que dar respuestas\u201d.<\/em><\/strong><\/p>\n<p class=\"yiv5000552390x_gmail-m-2766411309904755422msonospacing\">Guillermo Escudero \u2013 Bloque PJ Unidad y Renovaci\u00f3n:\u00a0<strong><em>\u201cLos desaf\u00edos que nos presenta la educaci\u00f3n no se resuelven enfrent\u00e1ndonos a los docentes. Tenemos que tener en cuenta que hay cuestiones pendientes sobre d\u00f3nde hay que construir\u201d.<\/em><\/strong><\/p>\n<p class=\"yiv5000552390x_gmail-m-2766411309904755422msonospacing\">Alejandra Mart\u00ednez \u2013 Bloque Convicci\u00f3n Peronista:\u00a0<strong><em>\u201cEl derecho a la educci\u00f3n es insoslayable, y como el Estado somos todos, este proyecto en definitiva lo que significa es lo que nosotros podemos y debemos aportar para encontrar definitivamente el camino que empiece a solucionar un grave problema\u201d.<\/em><\/strong><\/p>\n<p class=\"yiv5000552390x_gmail-m-2766411309904755422msonospacing\">Guillermo Kane \u2013 Bloque Frente de Izquierda y de los Trabajadores:\u00a0<strong><em>\u201cNosotros tenemos que poder garantizar que la educaci\u00f3n en Moreno o Jos\u00e9 C. Paz sea la misma que en San Isidro o en Vicente L\u00f3pez donde los niveles de ingreso de la poblaci\u00f3n son distintos\u201d.<\/em><\/strong><\/p>\n<p class=\"yiv5000552390x_gmail-m-2766411309904755422msonospacing\">Guillermo Castello \u2013 Bloque Cambiemos:\u00a0<strong><em>\u201cVamos a acompa\u00f1ar por una situaci\u00f3n de hecho: la educaci\u00f3n est\u00e1 en emergencia hace 20 a\u00f1os\u201d. \u201cLa sociedad est\u00e1 esperando vernos trabajar en conjunto para mejorar una educaci\u00f3n que debe ser una pol\u00edtica de estado, que la podemos convertir en la b\u00fasqueda de consensos y por encima de todas las banderas pol\u00edticas que est\u00e1n representadas en este Congreso\u201d.<\/em><\/strong><\/p>\n<p><img decoding=\"async\" src=\"https:\/\/dl-mail.ymail.com\/ws\/download\/mailboxes\/@.id==VjN-ZIfQQF6UE_7aAWus3anv2ms6A5ZZ7EBnU6krGPmYvEuceO_8sciHd9w4bTudeQwgR0B_HnWL-xvSEFlM61giQxh-J5C6LyUnkpuuSevalNc\/messages\/@.id==AN_MtBpm5ntsW5GdBQmoqKocRrM\/content\/parts\/@.id==1.3\/raw?appid=YMailNorrin&amp;ymreqid=b66e4141-2144-0be5-1c09-19000001cf00&amp;token=zitEzqOML3j84e6ealFTT5U7-km5qEQF52lp7AcCuBbGbLDdRqMhetmduJE123epFGF2XPcY5FJzM__Wg9xUzDtZMWfoba_yfcdRoBxaG-Y0vGvUxbem8C6iWTs8X_eP\" \/><br \/>\n&nbsp;<\/p>\n","protected":false},"excerpt":{"rendered":"<p>&nbsp; La C\u00e1mara de Diputados aprob\u00f3 la Emergencia en Infraestructura Escolar con el objetivo de solucionar de manera inmediata los problemas existentes en materia edilicia. El proyecto pas\u00f3 al Senado para continuar su tratamiento. La iniciativa, que surgi\u00f3 a propuesta de diferentes bloques, prev\u00e9 la realizaci\u00f3n de obras para restablecer la seguridad y las condiciones [&hellip;]<\/p>\n","protected":false},"author":1,"featured_media":36890,"comment_status":"closed","ping_status":"open","sticky":false,"template":"","format":"standard","meta":{"footnotes":""},"categories":[55,51,52,53],"tags":[],"class_list":["post-36889","post","type-post","status-publish","format-standard","has-post-thumbnail","hentry","category-celt-tv-noticias","category-comunidad","category-destacadas","category-politica"],"yoast_head":"<!-- This site is optimized with the Yoast SEO plugin v19.7.1 - https:\/\/yoast.com\/wordpress\/plugins\/seo\/ -->\n<title>APRUEBAN EMERGENCIA EN INFRAESTRUCTURA ESCOLAR - CELTTV<\/title>\n<meta name=\"description\" content=\"Sitio web de noticias de la localidad de Tornquist, provincia de Buenos Aires, Rep\u00fablica Argentina. Contenido propio originado por periodistas de CELTTV, el canal de TV local de la Cooperativa El\u00e9ctrica de Tornquist. Turismo, Pol\u00edtica, Sociedad, Deporte, Cultura y todo el contenido de inter\u00e9s general que la gente del pueblo y la regi\u00f3n debe conocer.\" \/>\n<meta name=\"robots\" content=\"index, follow, max-snippet:-1, max-image-preview:large, max-video-preview:-1\" \/>\n<link rel=\"canonical\" href=\"https:\/\/www.celttv.com.ar\/index.php\/2018\/09\/06\/aprueban-emergencia-en-infraestructura-escolar\/\" \/>\n<meta property=\"og:locale\" content=\"es_ES\" \/>\n<meta property=\"og:type\" content=\"article\" \/>\n<meta property=\"og:title\" content=\"APRUEBAN EMERGENCIA EN INFRAESTRUCTURA ESCOLAR - CELTTV\" \/>\n<meta property=\"og:description\" content=\"Sitio web de noticias de la localidad de Tornquist, provincia de Buenos Aires, Rep\u00fablica Argentina. Contenido propio originado por periodistas de CELTTV, el canal de TV local de la Cooperativa El\u00e9ctrica de Tornquist. Turismo, Pol\u00edtica, Sociedad, Deporte, Cultura y todo el contenido de inter\u00e9s general que la gente del pueblo y la regi\u00f3n debe conocer.\" \/>\n<meta property=\"og:url\" content=\"https:\/\/www.celttv.com.ar\/index.php\/2018\/09\/06\/aprueban-emergencia-en-infraestructura-escolar\/\" \/>\n<meta property=\"og:site_name\" content=\"CELTTV\" \/>\n<meta property=\"article:publisher\" content=\"https:\/\/www.facebook.com\/celtTV\/\" \/>\n<meta property=\"article:published_time\" content=\"2018-09-06T22:36:22+00:00\" \/>\n<meta property=\"og:image\" content=\"https:\/\/www.celttv.com.ar\/wp-content\/uploads\/2018\/09\/Diputado-Pablo-Garate.jpeg\" \/>\n\t<meta property=\"og:image:width\" content=\"1280\" \/>\n\t<meta property=\"og:image:height\" content=\"853\" \/>\n\t<meta property=\"og:image:type\" content=\"image\/jpeg\" \/>\n<meta name=\"author\" content=\"ulises\" \/>\n<meta name=\"twitter:card\" content=\"summary_large_image\" \/>\n<meta name=\"twitter:label1\" content=\"Escrito por\" \/>\n\t<meta name=\"twitter:data1\" content=\"ulises\" \/>\n\t<meta name=\"twitter:label2\" content=\"Tiempo de lectura\" \/>\n\t<meta name=\"twitter:data2\" content=\"2 minutos\" \/>\n<script type=\"application\/ld+json\" class=\"yoast-schema-graph\">{\"@context\":\"https:\/\/schema.org\",\"@graph\":[{\"@type\":\"NewsArticle\",\"@id\":\"https:\/\/www.celttv.com.ar\/index.php\/2018\/09\/06\/aprueban-emergencia-en-infraestructura-escolar\/#article\",\"isPartOf\":{\"@id\":\"https:\/\/www.celttv.com.ar\/index.php\/2018\/09\/06\/aprueban-emergencia-en-infraestructura-escolar\/\"},\"author\":{\"name\":\"ulises\",\"@id\":\"https:\/\/www.celttv.com.ar\/#\/schema\/person\/6d99c072dba59953809c81446e9d0ace\"},\"headline\":\"APRUEBAN EMERGENCIA EN INFRAESTRUCTURA ESCOLAR\",\"datePublished\":\"2018-09-06T22:36:22+00:00\",\"dateModified\":\"2018-09-06T22:36:22+00:00\",\"mainEntityOfPage\":{\"@id\":\"https:\/\/www.celttv.com.ar\/index.php\/2018\/09\/06\/aprueban-emergencia-en-infraestructura-escolar\/\"},\"wordCount\":419,\"publisher\":{\"@id\":\"https:\/\/www.celttv.com.ar\/#organization\"},\"articleSection\":[\"Celt TV Noticias\",\"Comunidad\",\"Destacadas\",\"Pol\u00edtica\"],\"inLanguage\":\"es\"},{\"@type\":\"WebPage\",\"@id\":\"https:\/\/www.celttv.com.ar\/index.php\/2018\/09\/06\/aprueban-emergencia-en-infraestructura-escolar\/\",\"url\":\"https:\/\/www.celttv.com.ar\/index.php\/2018\/09\/06\/aprueban-emergencia-en-infraestructura-escolar\/\",\"name\":\"APRUEBAN EMERGENCIA EN INFRAESTRUCTURA ESCOLAR - CELTTV\",\"isPartOf\":{\"@id\":\"https:\/\/www.celttv.com.ar\/#website\"},\"datePublished\":\"2018-09-06T22:36:22+00:00\",\"dateModified\":\"2018-09-06T22:36:22+00:00\",\"description\":\"Sitio web de noticias de la localidad de Tornquist, provincia de Buenos Aires, Rep\u00fablica Argentina. Contenido propio originado por periodistas de CELTTV, el canal de TV local de la Cooperativa El\u00e9ctrica de Tornquist. Turismo, Pol\u00edtica, Sociedad, Deporte, Cultura y todo el contenido de inter\u00e9s general que la gente del pueblo y la regi\u00f3n debe conocer.\",\"breadcrumb\":{\"@id\":\"https:\/\/www.celttv.com.ar\/index.php\/2018\/09\/06\/aprueban-emergencia-en-infraestructura-escolar\/#breadcrumb\"},\"inLanguage\":\"es\",\"potentialAction\":[{\"@type\":\"ReadAction\",\"target\":[\"https:\/\/www.celttv.com.ar\/index.php\/2018\/09\/06\/aprueban-emergencia-en-infraestructura-escolar\/\"]}]},{\"@type\":\"BreadcrumbList\",\"@id\":\"https:\/\/www.celttv.com.ar\/index.php\/2018\/09\/06\/aprueban-emergencia-en-infraestructura-escolar\/#breadcrumb\",\"itemListElement\":[{\"@type\":\"ListItem\",\"position\":1,\"name\":\"Inicio\",\"item\":\"https:\/\/www.celttv.com.ar\/\"},{\"@type\":\"ListItem\",\"position\":2,\"name\":\"APRUEBAN EMERGENCIA EN INFRAESTRUCTURA ESCOLAR\"}]},{\"@type\":\"WebSite\",\"@id\":\"https:\/\/www.celttv.com.ar\/#website\",\"url\":\"https:\/\/www.celttv.com.ar\/\",\"name\":\"CELTTV\",\"description\":\"Cooperativa El\u00e9ctrica de Tornquist\",\"publisher\":{\"@id\":\"https:\/\/www.celttv.com.ar\/#organization\"},\"potentialAction\":[{\"@type\":\"SearchAction\",\"target\":{\"@type\":\"EntryPoint\",\"urlTemplate\":\"https:\/\/www.celttv.com.ar\/?s={search_term_string}\"},\"query-input\":\"required name=search_term_string\"}],\"inLanguage\":\"es\"},{\"@type\":\"Organization\",\"@id\":\"https:\/\/www.celttv.com.ar\/#organization\",\"name\":\"CELTTV\",\"url\":\"https:\/\/www.celttv.com.ar\/\",\"sameAs\":[\"https:\/\/www.youtube.com\/channel\/UCz_oIt8Hig64Ub-EmcNPIhg\",\"https:\/\/www.facebook.com\/celtTV\/\"],\"logo\":{\"@type\":\"ImageObject\",\"inLanguage\":\"es\",\"@id\":\"https:\/\/www.celttv.com.ar\/#\/schema\/logo\/image\/\",\"url\":\"http:\/\/www.celttv.com.ar\/wp-content\/uploads\/2022\/08\/logo-1.png\",\"contentUrl\":\"http:\/\/www.celttv.com.ar\/wp-content\/uploads\/2022\/08\/logo-1.png\",\"width\":461,\"height\":159,\"caption\":\"CELTTV\"},\"image\":{\"@id\":\"https:\/\/www.celttv.com.ar\/#\/schema\/logo\/image\/\"}},{\"@type\":\"Person\",\"@id\":\"https:\/\/www.celttv.com.ar\/#\/schema\/person\/6d99c072dba59953809c81446e9d0ace\",\"name\":\"ulises\",\"image\":{\"@type\":\"ImageObject\",\"inLanguage\":\"es\",\"@id\":\"https:\/\/www.celttv.com.ar\/#\/schema\/person\/image\/\",\"url\":\"https:\/\/secure.gravatar.com\/avatar\/7f2c48bdc33b30088f941fb6082e555f2874c98e20cb159d7b92b50eadfce793?s=96&d=mm&r=g\",\"contentUrl\":\"https:\/\/secure.gravatar.com\/avatar\/7f2c48bdc33b30088f941fb6082e555f2874c98e20cb159d7b92b50eadfce793?s=96&d=mm&r=g\",\"caption\":\"ulises\"},\"sameAs\":[\"http:\/\/www.celttv.com.ar\"]}]}<\/script>\n<!-- \/ Yoast SEO plugin. -->","yoast_head_json":{"title":"APRUEBAN EMERGENCIA EN INFRAESTRUCTURA ESCOLAR - CELTTV","description":"Sitio web de noticias de la localidad de Tornquist, provincia de Buenos Aires, Rep\u00fablica Argentina. Contenido propio originado por periodistas de CELTTV, el canal de TV local de la Cooperativa El\u00e9ctrica de Tornquist. Turismo, Pol\u00edtica, Sociedad, Deporte, Cultura y todo el contenido de inter\u00e9s general que la gente del pueblo y la regi\u00f3n debe conocer.","robots":{"index":"index","follow":"follow","max-snippet":"max-snippet:-1","max-image-preview":"max-image-preview:large","max-video-preview":"max-video-preview:-1"},"canonical":"https:\/\/www.celttv.com.ar\/index.php\/2018\/09\/06\/aprueban-emergencia-en-infraestructura-escolar\/","og_locale":"es_ES","og_type":"article","og_title":"APRUEBAN EMERGENCIA EN INFRAESTRUCTURA ESCOLAR - CELTTV","og_description":"Sitio web de noticias de la localidad de Tornquist, provincia de Buenos Aires, Rep\u00fablica Argentina. Contenido propio originado por periodistas de CELTTV, el canal de TV local de la Cooperativa El\u00e9ctrica de Tornquist. Turismo, Pol\u00edtica, Sociedad, Deporte, Cultura y todo el contenido de inter\u00e9s general que la gente del pueblo y la regi\u00f3n debe conocer.","og_url":"https:\/\/www.celttv.com.ar\/index.php\/2018\/09\/06\/aprueban-emergencia-en-infraestructura-escolar\/","og_site_name":"CELTTV","article_publisher":"https:\/\/www.facebook.com\/celtTV\/","article_published_time":"2018-09-06T22:36:22+00:00","og_image":[{"width":1280,"height":853,"url":"https:\/\/www.celttv.com.ar\/wp-content\/uploads\/2018\/09\/Diputado-Pablo-Garate.jpeg","type":"image\/jpeg"}],"author":"ulises","twitter_card":"summary_large_image","twitter_misc":{"Escrito por":"ulises","Tiempo de lectura":"2 minutos"},"schema":{"@context":"https:\/\/schema.org","@graph":[{"@type":"NewsArticle","@id":"https:\/\/www.celttv.com.ar\/index.php\/2018\/09\/06\/aprueban-emergencia-en-infraestructura-escolar\/#article","isPartOf":{"@id":"https:\/\/www.celttv.com.ar\/index.php\/2018\/09\/06\/aprueban-emergencia-en-infraestructura-escolar\/"},"author":{"name":"ulises","@id":"https:\/\/www.celttv.com.ar\/#\/schema\/person\/6d99c072dba59953809c81446e9d0ace"},"headline":"APRUEBAN EMERGENCIA EN INFRAESTRUCTURA ESCOLAR","datePublished":"2018-09-06T22:36:22+00:00","dateModified":"2018-09-06T22:36:22+00:00","mainEntityOfPage":{"@id":"https:\/\/www.celttv.com.ar\/index.php\/2018\/09\/06\/aprueban-emergencia-en-infraestructura-escolar\/"},"wordCount":419,"publisher":{"@id":"https:\/\/www.celttv.com.ar\/#organization"},"articleSection":["Celt TV Noticias","Comunidad","Destacadas","Pol\u00edtica"],"inLanguage":"es"},{"@type":"WebPage","@id":"https:\/\/www.celttv.com.ar\/index.php\/2018\/09\/06\/aprueban-emergencia-en-infraestructura-escolar\/","url":"https:\/\/www.celttv.com.ar\/index.php\/2018\/09\/06\/aprueban-emergencia-en-infraestructura-escolar\/","name":"APRUEBAN EMERGENCIA EN INFRAESTRUCTURA ESCOLAR - CELTTV","isPartOf":{"@id":"https:\/\/www.celttv.com.ar\/#website"},"datePublished":"2018-09-06T22:36:22+00:00","dateModified":"2018-09-06T22:36:22+00:00","description":"Sitio web de noticias de la localidad de Tornquist, provincia de Buenos Aires, Rep\u00fablica Argentina. Contenido propio originado por periodistas de CELTTV, el canal de TV local de la Cooperativa El\u00e9ctrica de Tornquist. Turismo, Pol\u00edtica, Sociedad, Deporte, Cultura y todo el contenido de inter\u00e9s general que la gente del pueblo y la regi\u00f3n debe conocer.","breadcrumb":{"@id":"https:\/\/www.celttv.com.ar\/index.php\/2018\/09\/06\/aprueban-emergencia-en-infraestructura-escolar\/#breadcrumb"},"inLanguage":"es","potentialAction":[{"@type":"ReadAction","target":["https:\/\/www.celttv.com.ar\/index.php\/2018\/09\/06\/aprueban-emergencia-en-infraestructura-escolar\/"]}]},{"@type":"BreadcrumbList","@id":"https:\/\/www.celttv.com.ar\/index.php\/2018\/09\/06\/aprueban-emergencia-en-infraestructura-escolar\/#breadcrumb","itemListElement":[{"@type":"ListItem","position":1,"name":"Inicio","item":"https:\/\/www.celttv.com.ar\/"},{"@type":"ListItem","position":2,"name":"APRUEBAN EMERGENCIA EN INFRAESTRUCTURA ESCOLAR"}]},{"@type":"WebSite","@id":"https:\/\/www.celttv.com.ar\/#website","url":"https:\/\/www.celttv.com.ar\/","name":"CELTTV","description":"Cooperativa El\u00e9ctrica de Tornquist","publisher":{"@id":"https:\/\/www.celttv.com.ar\/#organization"},"potentialAction":[{"@type":"SearchAction","target":{"@type":"EntryPoint","urlTemplate":"https:\/\/www.celttv.com.ar\/?s={search_term_string}"},"query-input":"required name=search_term_string"}],"inLanguage":"es"},{"@type":"Organization","@id":"https:\/\/www.celttv.com.ar\/#organization","name":"CELTTV","url":"https:\/\/www.celttv.com.ar\/","sameAs":["https:\/\/www.youtube.com\/channel\/UCz_oIt8Hig64Ub-EmcNPIhg","https:\/\/www.facebook.com\/celtTV\/"],"logo":{"@type":"ImageObject","inLanguage":"es","@id":"https:\/\/www.celttv.com.ar\/#\/schema\/logo\/image\/","url":"http:\/\/www.celttv.com.ar\/wp-content\/uploads\/2022\/08\/logo-1.png","contentUrl":"http:\/\/www.celttv.com.ar\/wp-content\/uploads\/2022\/08\/logo-1.png","width":461,"height":159,"caption":"CELTTV"},"image":{"@id":"https:\/\/www.celttv.com.ar\/#\/schema\/logo\/image\/"}},{"@type":"Person","@id":"https:\/\/www.celttv.com.ar\/#\/schema\/person\/6d99c072dba59953809c81446e9d0ace","name":"ulises","image":{"@type":"ImageObject","inLanguage":"es","@id":"https:\/\/www.celttv.com.ar\/#\/schema\/person\/image\/","url":"https:\/\/secure.gravatar.com\/avatar\/7f2c48bdc33b30088f941fb6082e555f2874c98e20cb159d7b92b50eadfce793?s=96&d=mm&r=g","contentUrl":"https:\/\/secure.gravatar.com\/avatar\/7f2c48bdc33b30088f941fb6082e555f2874c98e20cb159d7b92b50eadfce793?s=96&d=mm&r=g","caption":"ulises"},"sameAs":["http:\/\/www.celttv.com.ar"]}]}},"_links":{"self":[{"href":"https:\/\/www.celttv.com.ar\/index.php\/wp-json\/wp\/v2\/posts\/36889","targetHints":{"allow":["GET"]}}],"collection":[{"href":"https:\/\/www.celttv.com.ar\/index.php\/wp-json\/wp\/v2\/posts"}],"about":[{"href":"https:\/\/www.celttv.com.ar\/index.php\/wp-json\/wp\/v2\/types\/post"}],"author":[{"embeddable":true,"href":"https:\/\/www.celttv.com.ar\/index.php\/wp-json\/wp\/v2\/users\/1"}],"replies":[{"embeddable":true,"href":"https:\/\/www.celttv.com.ar\/index.php\/wp-json\/wp\/v2\/comments?post=36889"}],"version-history":[{"count":0,"href":"https:\/\/www.celttv.com.ar\/index.php\/wp-json\/wp\/v2\/posts\/36889\/revisions"}],"wp:featuredmedia":[{"embeddable":true,"href":"https:\/\/www.celttv.com.ar\/index.php\/wp-json\/wp\/v2\/media\/36890"}],"wp:attachment":[{"href":"https:\/\/www.celttv.com.ar\/index.php\/wp-json\/wp\/v2\/media?parent=36889"}],"wp:term":[{"taxonomy":"category","embeddable":true,"href":"https:\/\/www.celttv.com.ar\/index.php\/wp-json\/wp\/v2\/categories?post=36889"},{"taxonomy":"post_tag","embeddable":true,"href":"https:\/\/www.celttv.com.ar\/index.php\/wp-json\/wp\/v2\/tags?post=36889"}],"curies":[{"name":"wp","href":"https:\/\/api.w.org\/{rel}","templated":true}]}}