{"id":37062,"date":"2018-09-13T18:37:40","date_gmt":"2018-09-13T18:37:40","guid":{"rendered":"http:\/\/www.celttv.com.ar\/?p=37062"},"modified":"2018-09-13T18:37:40","modified_gmt":"2018-09-13T18:37:40","slug":"la-escuelita-azulgrana-jugo-en-olimpo-fotos","status":"publish","type":"post","link":"https:\/\/www.celttv.com.ar\/index.php\/2018\/09\/13\/la-escuelita-azulgrana-jugo-en-olimpo-fotos\/","title":{"rendered":"La Escuelita Azulgrana jug\u00f3 en Olimpo (Fotos)"},"content":{"rendered":"<p>Cuatro categor\u00edas de la Escuelita Azulgrana participaron de un encuentro organizado por el Club Olimpo en su predio de calle Mart\u00edn Rodr\u00edguez al 200, que cont\u00f3 con la participaci\u00f3n de una nutrida cantidad de ni\u00f1os de diferentes puntos de la regi\u00f3n.<br \/>\nAdem\u00e1s de la entidad anfitriona y de los chicos de Automoto, participaron de la iniciativa Empleados de Comercio y Pe\u00f1arol de Guamin\u00ed, Rosario Puerto Belgrano de Punta Alta, Pac\u00edfico de Cabildo, San Mart\u00edn de Carhu\u00e9, San Mart\u00edn de Chasic\u00f3, Boulevard de Viedma, Club Atl\u00e9tico Ventana y Almaceneros de Coronel Pringles.<br \/>\nEn representaci\u00f3n del conjunto azulgrana viajaron:<\/p>\n<ul>\n<li>Categor\u00eda 2007: Santiago Hansel, Luciano Sandobal, Vichenzo Vallucci, Benjam\u00edn Mold\u00fa, Ezequiel Heine, Lautaro Colado, Tiziano Solano, Fabricio Fr\u00edas, Agust\u00edn Storm, Ezequiel Sandobal, Jonathan Mu\u00f1oz, Lautaro Oro\u00f1o y Calem Scarafia.<\/li>\n<li>Categor\u00edas 2008: Franco Tejeda, Cristopher Salazar, Juan Cabrera, Benjam\u00edn Gallo, Uriel Garc\u00eda, Ian Borches, Mateo Vittori y Emiliano Solano.<\/li>\n<li>Categor\u00eda 2011: Francisco Lambichi, Mateo Hansel, Uriam Di\u00f3cares, Dilan Storm, Santino Storm, Laureano Esquivel, Kevin Medina, Santino Cartuccia, Bautista Contreras, Franchesco Labat y Guido Raising.<\/li>\n<li>Categor\u00eda 2012: Ciro Meriggi, Benicio Ant\u00f3n, Mateo Garc\u00eda, Juan Bonzini, Agust\u00edn Meriggi, Facundo Torsani, Miqueas Mart\u00ednez y Jail Cabrera.<\/li>\n<\/ul>\n<p>Los profesores de la Escuelita Azulgrana agradecen a los padres que acompa\u00f1aron a la delegaci\u00f3n y felicitan a los chicos que participaron de la iniciativa.<br \/>\nEl pr\u00f3ximo s\u00e1bado, las categor\u00edas 2009 y 2010 viajar\u00e1n a Cabildo para disfrutar del encuentro organizado por Pac\u00edfico.<br \/>\n&nbsp;<br \/>\nDepartamento de Prensa \u2013 Automoto Club Deportivo<br \/>\nwww.clubautomotopasion.com.ar<br \/>\nFacebook: \/automototornquist<br \/>\nTwitter: @ClubAutomoto<br \/>\n<a href=\"http:\/\/www.celttv.com.ar\/?attachment_id=37063\" rel=\"attachment wp-att-37063\"><img loading=\"lazy\" decoding=\"async\" class=\"alignleft size-medium wp-image-37063\" src=\"http:\/\/www.celttv.com.ar\/wp-content\/uploads\/2018\/09\/01-1-780x585.jpg\" alt=\"\" width=\"780\" height=\"585\" \/><\/a> <a href=\"http:\/\/www.celttv.com.ar\/?attachment_id=37065\" rel=\"attachment wp-att-37065\"><img loading=\"lazy\" decoding=\"async\" class=\"alignleft size-medium wp-image-37065\" src=\"http:\/\/www.celttv.com.ar\/wp-content\/uploads\/2018\/09\/03-2-780x585.jpg\" alt=\"\" width=\"780\" height=\"585\" \/><\/a> <a href=\"http:\/\/www.celttv.com.ar\/?attachment_id=37066\" rel=\"attachment wp-att-37066\"><img loading=\"lazy\" decoding=\"async\" class=\"alignleft size-medium wp-image-37066\" src=\"http:\/\/www.celttv.com.ar\/wp-content\/uploads\/2018\/09\/04-780x585.jpg\" alt=\"\" width=\"780\" height=\"585\" \/><\/a> <a href=\"http:\/\/www.celttv.com.ar\/?attachment_id=37067\" rel=\"attachment wp-att-37067\"><img loading=\"lazy\" decoding=\"async\" class=\"alignleft size-medium wp-image-37067\" src=\"http:\/\/www.celttv.com.ar\/wp-content\/uploads\/2018\/09\/05-780x379.jpg\" alt=\"\" width=\"780\" height=\"379\" \/><\/a> <a href=\"http:\/\/www.celttv.com.ar\/?attachment_id=37068\" rel=\"attachment wp-att-37068\"><img loading=\"lazy\" decoding=\"async\" class=\"alignleft size-medium wp-image-37068\" src=\"http:\/\/www.celttv.com.ar\/wp-content\/uploads\/2018\/09\/06-1-780x585.jpg\" alt=\"\" width=\"780\" height=\"585\" \/><\/a> <a href=\"http:\/\/www.celttv.com.ar\/?attachment_id=37069\" rel=\"attachment wp-att-37069\"><img loading=\"lazy\" decoding=\"async\" class=\"alignleft size-medium wp-image-37069\" src=\"http:\/\/www.celttv.com.ar\/wp-content\/uploads\/2018\/09\/07-1-780x585.jpg\" alt=\"\" width=\"780\" height=\"585\" \/><\/a> <a href=\"http:\/\/www.celttv.com.ar\/?attachment_id=37070\" rel=\"attachment wp-att-37070\"><img loading=\"lazy\" decoding=\"async\" class=\"alignleft size-medium wp-image-37070\" src=\"http:\/\/www.celttv.com.ar\/wp-content\/uploads\/2018\/09\/08-1-585x780.jpg\" alt=\"\" width=\"585\" height=\"780\" \/><\/a><\/p>\n","protected":false},"excerpt":{"rendered":"<p>Cuatro categor\u00edas de la Escuelita Azulgrana participaron de un encuentro organizado por el Club Olimpo en su predio de calle Mart\u00edn Rodr\u00edguez al 200, que cont\u00f3 con la participaci\u00f3n de una nutrida cantidad de ni\u00f1os de diferentes puntos de la regi\u00f3n. Adem\u00e1s de la entidad anfitriona y de los chicos de Automoto, participaron de la [&hellip;]<\/p>\n","protected":false},"author":1,"featured_media":37064,"comment_status":"closed","ping_status":"open","sticky":false,"template":"","format":"standard","meta":{"footnotes":""},"categories":[55,60,52,63],"tags":[],"class_list":["post-37062","post","type-post","status-publish","format-standard","has-post-thumbnail","hentry","category-celt-tv-noticias","category-deporte","category-destacadas","category-magazine-sport"],"yoast_head":"<!-- This site is optimized with the Yoast SEO plugin v19.7.1 - https:\/\/yoast.com\/wordpress\/plugins\/seo\/ -->\n<title>La Escuelita Azulgrana jug\u00f3 en Olimpo (Fotos) - CELTTV<\/title>\n<meta name=\"description\" content=\"Sitio web de noticias de la localidad de Tornquist, provincia de Buenos Aires, Rep\u00fablica Argentina. Contenido propio originado por periodistas de CELTTV, el canal de TV local de la Cooperativa El\u00e9ctrica de Tornquist. Turismo, Pol\u00edtica, Sociedad, Deporte, Cultura y todo el contenido de inter\u00e9s general que la gente del pueblo y la regi\u00f3n debe conocer.\" \/>\n<meta name=\"robots\" content=\"index, follow, max-snippet:-1, max-image-preview:large, max-video-preview:-1\" \/>\n<link rel=\"canonical\" href=\"https:\/\/www.celttv.com.ar\/index.php\/2018\/09\/13\/la-escuelita-azulgrana-jugo-en-olimpo-fotos\/\" \/>\n<meta property=\"og:locale\" content=\"es_ES\" \/>\n<meta property=\"og:type\" content=\"article\" \/>\n<meta property=\"og:title\" content=\"La Escuelita Azulgrana jug\u00f3 en Olimpo (Fotos) - CELTTV\" \/>\n<meta property=\"og:description\" content=\"Sitio web de noticias de la localidad de Tornquist, provincia de Buenos Aires, Rep\u00fablica Argentina. Contenido propio originado por periodistas de CELTTV, el canal de TV local de la Cooperativa El\u00e9ctrica de Tornquist. Turismo, Pol\u00edtica, Sociedad, Deporte, Cultura y todo el contenido de inter\u00e9s general que la gente del pueblo y la regi\u00f3n debe conocer.\" \/>\n<meta property=\"og:url\" content=\"https:\/\/www.celttv.com.ar\/index.php\/2018\/09\/13\/la-escuelita-azulgrana-jugo-en-olimpo-fotos\/\" \/>\n<meta property=\"og:site_name\" content=\"CELTTV\" \/>\n<meta property=\"article:publisher\" content=\"https:\/\/www.facebook.com\/celtTV\/\" \/>\n<meta property=\"article:published_time\" content=\"2018-09-13T18:37:40+00:00\" \/>\n<meta property=\"og:image\" content=\"https:\/\/www.celttv.com.ar\/wp-content\/uploads\/2018\/09\/02-3.jpg\" \/>\n\t<meta property=\"og:image:width\" content=\"960\" \/>\n\t<meta property=\"og:image:height\" content=\"720\" \/>\n\t<meta property=\"og:image:type\" content=\"image\/jpeg\" \/>\n<meta name=\"author\" content=\"ulises\" \/>\n<meta name=\"twitter:card\" content=\"summary_large_image\" \/>\n<meta name=\"twitter:label1\" content=\"Escrito por\" \/>\n\t<meta name=\"twitter:data1\" content=\"ulises\" \/>\n\t<meta name=\"twitter:label2\" content=\"Tiempo de lectura\" \/>\n\t<meta name=\"twitter:data2\" content=\"1 minuto\" \/>\n<script type=\"application\/ld+json\" class=\"yoast-schema-graph\">{\"@context\":\"https:\/\/schema.org\",\"@graph\":[{\"@type\":\"NewsArticle\",\"@id\":\"https:\/\/www.celttv.com.ar\/index.php\/2018\/09\/13\/la-escuelita-azulgrana-jugo-en-olimpo-fotos\/#article\",\"isPartOf\":{\"@id\":\"https:\/\/www.celttv.com.ar\/index.php\/2018\/09\/13\/la-escuelita-azulgrana-jugo-en-olimpo-fotos\/\"},\"author\":{\"name\":\"ulises\",\"@id\":\"https:\/\/www.celttv.com.ar\/#\/schema\/person\/6d99c072dba59953809c81446e9d0ace\"},\"headline\":\"La Escuelita Azulgrana jug\u00f3 en Olimpo (Fotos)\",\"datePublished\":\"2018-09-13T18:37:40+00:00\",\"dateModified\":\"2018-09-13T18:37:40+00:00\",\"mainEntityOfPage\":{\"@id\":\"https:\/\/www.celttv.com.ar\/index.php\/2018\/09\/13\/la-escuelita-azulgrana-jugo-en-olimpo-fotos\/\"},\"wordCount\":283,\"publisher\":{\"@id\":\"https:\/\/www.celttv.com.ar\/#organization\"},\"articleSection\":[\"Celt TV Noticias\",\"Deporte\",\"Destacadas\",\"Magazine Sport\"],\"inLanguage\":\"es\"},{\"@type\":\"WebPage\",\"@id\":\"https:\/\/www.celttv.com.ar\/index.php\/2018\/09\/13\/la-escuelita-azulgrana-jugo-en-olimpo-fotos\/\",\"url\":\"https:\/\/www.celttv.com.ar\/index.php\/2018\/09\/13\/la-escuelita-azulgrana-jugo-en-olimpo-fotos\/\",\"name\":\"La Escuelita Azulgrana jug\u00f3 en Olimpo (Fotos) - CELTTV\",\"isPartOf\":{\"@id\":\"https:\/\/www.celttv.com.ar\/#website\"},\"datePublished\":\"2018-09-13T18:37:40+00:00\",\"dateModified\":\"2018-09-13T18:37:40+00:00\",\"description\":\"Sitio web de noticias de la localidad de Tornquist, provincia de Buenos Aires, Rep\u00fablica Argentina. Contenido propio originado por periodistas de CELTTV, el canal de TV local de la Cooperativa El\u00e9ctrica de Tornquist. Turismo, Pol\u00edtica, Sociedad, Deporte, Cultura y todo el contenido de inter\u00e9s general que la gente del pueblo y la regi\u00f3n debe conocer.\",\"breadcrumb\":{\"@id\":\"https:\/\/www.celttv.com.ar\/index.php\/2018\/09\/13\/la-escuelita-azulgrana-jugo-en-olimpo-fotos\/#breadcrumb\"},\"inLanguage\":\"es\",\"potentialAction\":[{\"@type\":\"ReadAction\",\"target\":[\"https:\/\/www.celttv.com.ar\/index.php\/2018\/09\/13\/la-escuelita-azulgrana-jugo-en-olimpo-fotos\/\"]}]},{\"@type\":\"BreadcrumbList\",\"@id\":\"https:\/\/www.celttv.com.ar\/index.php\/2018\/09\/13\/la-escuelita-azulgrana-jugo-en-olimpo-fotos\/#breadcrumb\",\"itemListElement\":[{\"@type\":\"ListItem\",\"position\":1,\"name\":\"Inicio\",\"item\":\"https:\/\/www.celttv.com.ar\/\"},{\"@type\":\"ListItem\",\"position\":2,\"name\":\"La Escuelita Azulgrana jug\u00f3 en Olimpo (Fotos)\"}]},{\"@type\":\"WebSite\",\"@id\":\"https:\/\/www.celttv.com.ar\/#website\",\"url\":\"https:\/\/www.celttv.com.ar\/\",\"name\":\"CELTTV\",\"description\":\"Cooperativa El\u00e9ctrica de Tornquist\",\"publisher\":{\"@id\":\"https:\/\/www.celttv.com.ar\/#organization\"},\"potentialAction\":[{\"@type\":\"SearchAction\",\"target\":{\"@type\":\"EntryPoint\",\"urlTemplate\":\"https:\/\/www.celttv.com.ar\/?s={search_term_string}\"},\"query-input\":\"required name=search_term_string\"}],\"inLanguage\":\"es\"},{\"@type\":\"Organization\",\"@id\":\"https:\/\/www.celttv.com.ar\/#organization\",\"name\":\"CELTTV\",\"url\":\"https:\/\/www.celttv.com.ar\/\",\"sameAs\":[\"https:\/\/www.youtube.com\/channel\/UCz_oIt8Hig64Ub-EmcNPIhg\",\"https:\/\/www.facebook.com\/celtTV\/\"],\"logo\":{\"@type\":\"ImageObject\",\"inLanguage\":\"es\",\"@id\":\"https:\/\/www.celttv.com.ar\/#\/schema\/logo\/image\/\",\"url\":\"http:\/\/www.celttv.com.ar\/wp-content\/uploads\/2022\/08\/logo-1.png\",\"contentUrl\":\"http:\/\/www.celttv.com.ar\/wp-content\/uploads\/2022\/08\/logo-1.png\",\"width\":461,\"height\":159,\"caption\":\"CELTTV\"},\"image\":{\"@id\":\"https:\/\/www.celttv.com.ar\/#\/schema\/logo\/image\/\"}},{\"@type\":\"Person\",\"@id\":\"https:\/\/www.celttv.com.ar\/#\/schema\/person\/6d99c072dba59953809c81446e9d0ace\",\"name\":\"ulises\",\"image\":{\"@type\":\"ImageObject\",\"inLanguage\":\"es\",\"@id\":\"https:\/\/www.celttv.com.ar\/#\/schema\/person\/image\/\",\"url\":\"https:\/\/secure.gravatar.com\/avatar\/7f2c48bdc33b30088f941fb6082e555f2874c98e20cb159d7b92b50eadfce793?s=96&d=mm&r=g\",\"contentUrl\":\"https:\/\/secure.gravatar.com\/avatar\/7f2c48bdc33b30088f941fb6082e555f2874c98e20cb159d7b92b50eadfce793?s=96&d=mm&r=g\",\"caption\":\"ulises\"},\"sameAs\":[\"http:\/\/www.celttv.com.ar\"]}]}<\/script>\n<!-- \/ Yoast SEO plugin. -->","yoast_head_json":{"title":"La Escuelita Azulgrana jug\u00f3 en Olimpo (Fotos) - CELTTV","description":"Sitio web de noticias de la localidad de Tornquist, provincia de Buenos Aires, Rep\u00fablica Argentina. Contenido propio originado por periodistas de CELTTV, el canal de TV local de la Cooperativa El\u00e9ctrica de Tornquist. Turismo, Pol\u00edtica, Sociedad, Deporte, Cultura y todo el contenido de inter\u00e9s general que la gente del pueblo y la regi\u00f3n debe conocer.","robots":{"index":"index","follow":"follow","max-snippet":"max-snippet:-1","max-image-preview":"max-image-preview:large","max-video-preview":"max-video-preview:-1"},"canonical":"https:\/\/www.celttv.com.ar\/index.php\/2018\/09\/13\/la-escuelita-azulgrana-jugo-en-olimpo-fotos\/","og_locale":"es_ES","og_type":"article","og_title":"La Escuelita Azulgrana jug\u00f3 en Olimpo (Fotos) - CELTTV","og_description":"Sitio web de noticias de la localidad de Tornquist, provincia de Buenos Aires, Rep\u00fablica Argentina. Contenido propio originado por periodistas de CELTTV, el canal de TV local de la Cooperativa El\u00e9ctrica de Tornquist. Turismo, Pol\u00edtica, Sociedad, Deporte, Cultura y todo el contenido de inter\u00e9s general que la gente del pueblo y la regi\u00f3n debe conocer.","og_url":"https:\/\/www.celttv.com.ar\/index.php\/2018\/09\/13\/la-escuelita-azulgrana-jugo-en-olimpo-fotos\/","og_site_name":"CELTTV","article_publisher":"https:\/\/www.facebook.com\/celtTV\/","article_published_time":"2018-09-13T18:37:40+00:00","og_image":[{"width":960,"height":720,"url":"https:\/\/www.celttv.com.ar\/wp-content\/uploads\/2018\/09\/02-3.jpg","type":"image\/jpeg"}],"author":"ulises","twitter_card":"summary_large_image","twitter_misc":{"Escrito por":"ulises","Tiempo de lectura":"1 minuto"},"schema":{"@context":"https:\/\/schema.org","@graph":[{"@type":"NewsArticle","@id":"https:\/\/www.celttv.com.ar\/index.php\/2018\/09\/13\/la-escuelita-azulgrana-jugo-en-olimpo-fotos\/#article","isPartOf":{"@id":"https:\/\/www.celttv.com.ar\/index.php\/2018\/09\/13\/la-escuelita-azulgrana-jugo-en-olimpo-fotos\/"},"author":{"name":"ulises","@id":"https:\/\/www.celttv.com.ar\/#\/schema\/person\/6d99c072dba59953809c81446e9d0ace"},"headline":"La Escuelita Azulgrana jug\u00f3 en Olimpo (Fotos)","datePublished":"2018-09-13T18:37:40+00:00","dateModified":"2018-09-13T18:37:40+00:00","mainEntityOfPage":{"@id":"https:\/\/www.celttv.com.ar\/index.php\/2018\/09\/13\/la-escuelita-azulgrana-jugo-en-olimpo-fotos\/"},"wordCount":283,"publisher":{"@id":"https:\/\/www.celttv.com.ar\/#organization"},"articleSection":["Celt TV Noticias","Deporte","Destacadas","Magazine Sport"],"inLanguage":"es"},{"@type":"WebPage","@id":"https:\/\/www.celttv.com.ar\/index.php\/2018\/09\/13\/la-escuelita-azulgrana-jugo-en-olimpo-fotos\/","url":"https:\/\/www.celttv.com.ar\/index.php\/2018\/09\/13\/la-escuelita-azulgrana-jugo-en-olimpo-fotos\/","name":"La Escuelita Azulgrana jug\u00f3 en Olimpo (Fotos) - CELTTV","isPartOf":{"@id":"https:\/\/www.celttv.com.ar\/#website"},"datePublished":"2018-09-13T18:37:40+00:00","dateModified":"2018-09-13T18:37:40+00:00","description":"Sitio web de noticias de la localidad de Tornquist, provincia de Buenos Aires, Rep\u00fablica Argentina. Contenido propio originado por periodistas de CELTTV, el canal de TV local de la Cooperativa El\u00e9ctrica de Tornquist. Turismo, Pol\u00edtica, Sociedad, Deporte, Cultura y todo el contenido de inter\u00e9s general que la gente del pueblo y la regi\u00f3n debe conocer.","breadcrumb":{"@id":"https:\/\/www.celttv.com.ar\/index.php\/2018\/09\/13\/la-escuelita-azulgrana-jugo-en-olimpo-fotos\/#breadcrumb"},"inLanguage":"es","potentialAction":[{"@type":"ReadAction","target":["https:\/\/www.celttv.com.ar\/index.php\/2018\/09\/13\/la-escuelita-azulgrana-jugo-en-olimpo-fotos\/"]}]},{"@type":"BreadcrumbList","@id":"https:\/\/www.celttv.com.ar\/index.php\/2018\/09\/13\/la-escuelita-azulgrana-jugo-en-olimpo-fotos\/#breadcrumb","itemListElement":[{"@type":"ListItem","position":1,"name":"Inicio","item":"https:\/\/www.celttv.com.ar\/"},{"@type":"ListItem","position":2,"name":"La Escuelita Azulgrana jug\u00f3 en Olimpo (Fotos)"}]},{"@type":"WebSite","@id":"https:\/\/www.celttv.com.ar\/#website","url":"https:\/\/www.celttv.com.ar\/","name":"CELTTV","description":"Cooperativa El\u00e9ctrica de Tornquist","publisher":{"@id":"https:\/\/www.celttv.com.ar\/#organization"},"potentialAction":[{"@type":"SearchAction","target":{"@type":"EntryPoint","urlTemplate":"https:\/\/www.celttv.com.ar\/?s={search_term_string}"},"query-input":"required name=search_term_string"}],"inLanguage":"es"},{"@type":"Organization","@id":"https:\/\/www.celttv.com.ar\/#organization","name":"CELTTV","url":"https:\/\/www.celttv.com.ar\/","sameAs":["https:\/\/www.youtube.com\/channel\/UCz_oIt8Hig64Ub-EmcNPIhg","https:\/\/www.facebook.com\/celtTV\/"],"logo":{"@type":"ImageObject","inLanguage":"es","@id":"https:\/\/www.celttv.com.ar\/#\/schema\/logo\/image\/","url":"http:\/\/www.celttv.com.ar\/wp-content\/uploads\/2022\/08\/logo-1.png","contentUrl":"http:\/\/www.celttv.com.ar\/wp-content\/uploads\/2022\/08\/logo-1.png","width":461,"height":159,"caption":"CELTTV"},"image":{"@id":"https:\/\/www.celttv.com.ar\/#\/schema\/logo\/image\/"}},{"@type":"Person","@id":"https:\/\/www.celttv.com.ar\/#\/schema\/person\/6d99c072dba59953809c81446e9d0ace","name":"ulises","image":{"@type":"ImageObject","inLanguage":"es","@id":"https:\/\/www.celttv.com.ar\/#\/schema\/person\/image\/","url":"https:\/\/secure.gravatar.com\/avatar\/7f2c48bdc33b30088f941fb6082e555f2874c98e20cb159d7b92b50eadfce793?s=96&d=mm&r=g","contentUrl":"https:\/\/secure.gravatar.com\/avatar\/7f2c48bdc33b30088f941fb6082e555f2874c98e20cb159d7b92b50eadfce793?s=96&d=mm&r=g","caption":"ulises"},"sameAs":["http:\/\/www.celttv.com.ar"]}]}},"_links":{"self":[{"href":"https:\/\/www.celttv.com.ar\/index.php\/wp-json\/wp\/v2\/posts\/37062","targetHints":{"allow":["GET"]}}],"collection":[{"href":"https:\/\/www.celttv.com.ar\/index.php\/wp-json\/wp\/v2\/posts"}],"about":[{"href":"https:\/\/www.celttv.com.ar\/index.php\/wp-json\/wp\/v2\/types\/post"}],"author":[{"embeddable":true,"href":"https:\/\/www.celttv.com.ar\/index.php\/wp-json\/wp\/v2\/users\/1"}],"replies":[{"embeddable":true,"href":"https:\/\/www.celttv.com.ar\/index.php\/wp-json\/wp\/v2\/comments?post=37062"}],"version-history":[{"count":0,"href":"https:\/\/www.celttv.com.ar\/index.php\/wp-json\/wp\/v2\/posts\/37062\/revisions"}],"wp:featuredmedia":[{"embeddable":true,"href":"https:\/\/www.celttv.com.ar\/index.php\/wp-json\/wp\/v2\/media\/37064"}],"wp:attachment":[{"href":"https:\/\/www.celttv.com.ar\/index.php\/wp-json\/wp\/v2\/media?parent=37062"}],"wp:term":[{"taxonomy":"category","embeddable":true,"href":"https:\/\/www.celttv.com.ar\/index.php\/wp-json\/wp\/v2\/categories?post=37062"},{"taxonomy":"post_tag","embeddable":true,"href":"https:\/\/www.celttv.com.ar\/index.php\/wp-json\/wp\/v2\/tags?post=37062"}],"curies":[{"name":"wp","href":"https:\/\/api.w.org\/{rel}","templated":true}]}}