{"id":37088,"date":"2018-09-14T18:40:14","date_gmt":"2018-09-14T18:40:14","guid":{"rendered":"http:\/\/www.celttv.com.ar\/?p=37088"},"modified":"2018-09-14T18:40:14","modified_gmt":"2018-09-14T18:40:14","slug":"comienza-el-baby-futbol-en-automoto","status":"publish","type":"post","link":"https:\/\/www.celttv.com.ar\/index.php\/2018\/09\/14\/comienza-el-baby-futbol-en-automoto\/","title":{"rendered":"COMIENZA EL BABY F\u00daTBOL EN AUTOMOTO"},"content":{"rendered":"<p>Este viernes 14 de septiembre, comienza la 6ta edici\u00f3n del Baby F\u00fatbol, organizado por el Automoto Club.<br \/>\nComo desde el a\u00f1o 2012, los partidos se disputar\u00e1n en el Polideportivo Mario Gandini, desde las 18.30hs, en principio los d\u00edas viernes.<br \/>\nLas categor\u00edas que participan este a\u00f1o son las 2007\/08, 2009\/10 y 2011\/12.<br \/>\nEse viernes se juega la primera fecha de las categor\u00edas 2007\/08 y 2011\/12.<br \/>\nLos partidos y horarios ser\u00e1n los siguientes:<\/p>\n<table style=\"height: 495px;\" width=\"784\">\n<tbody>\n<tr>\n<td width=\"55\"><strong>PARTIDO<\/strong><\/td>\n<td width=\"57\"><strong>HORA<\/strong><\/td>\n<td width=\"331\"><strong>EQUIPOS<\/strong><\/td>\n<td width=\"85\"><strong>CATEGORIA<\/strong><\/td>\n<\/tr>\n<tr>\n<td width=\"55\">1<\/td>\n<td width=\"57\">18.30<\/td>\n<td width=\"331\">CONTRUCCIONES NEA \u2013 LA REJA<\/td>\n<td width=\"85\">2011\/2012<\/td>\n<\/tr>\n<tr>\n<td width=\"55\">2<\/td>\n<td width=\"57\">19<\/td>\n<td width=\"331\">RUBEN IBA\u00d1EZ CONTRUCCIONES \u2013 TAPAS DE CILINDROS BOTTO<\/td>\n<td width=\"85\">2011\/2012<\/td>\n<\/tr>\n<tr>\n<td width=\"55\">3<\/td>\n<td width=\"57\">19.40<\/td>\n<td width=\"331\">CONSTRUCCIONES\u00a0 BEBE \u2013 DESPENSA EL PORO<\/td>\n<td width=\"85\">2007\/2008<\/td>\n<\/tr>\n<tr>\n<td width=\"55\">4<\/td>\n<td width=\"57\">20.20<\/td>\n<td width=\"331\">RUBEN IBA\u00d1EZ CONSTRUCCIONES \u2013 LA REJA<\/td>\n<td width=\"85\">2011\/2012<\/td>\n<\/tr>\n<tr>\n<td width=\"55\">5<\/td>\n<td width=\"57\">20.50<\/td>\n<td width=\"331\">CONSTRUCCIONES NEA \u2013 TAPAS DE CILINDROS BOTTO<\/td>\n<td width=\"85\">2011\/2012<\/td>\n<\/tr>\n<tr>\n<td width=\"55\">6<\/td>\n<td width=\"57\">21.20<\/td>\n<td width=\"331\">MERCADITO LAS MARIAS \u2013 DISTRIBUIDORA ECO CRISTAL<\/td>\n<td width=\"85\">2007\/2008<\/td>\n<\/tr>\n<tr>\n<td width=\"55\"><strong>7<\/strong><\/td>\n<td width=\"57\">22.00<\/td>\n<td width=\"331\">AUTOSERVICIO IRIGOYEN \u2013 DESPENSA EL PORO<\/td>\n<td width=\"85\">2007\/2008<\/td>\n<\/tr>\n<\/tbody>\n<\/table>\n<p><strong id=\"yiv3367164835OWAStrongID\">\u00a0<\/strong><\/p>\n<div id=\"yiv3367164835Signature\">\n<div id=\"yiv3367164835divtagdefaultwrapper\"><span style=\"color: #2672ec;\"><b>Departamento de Prensa. Automoto Club Deportivo<\/b><\/span><\/div>\n<\/div>\n","protected":false},"excerpt":{"rendered":"<p>Este viernes 14 de septiembre, comienza la 6ta edici\u00f3n del Baby F\u00fatbol, organizado por el Automoto Club. Como desde el a\u00f1o 2012, los partidos se disputar\u00e1n en el Polideportivo Mario Gandini, desde las 18.30hs, en principio los d\u00edas viernes. Las categor\u00edas que participan este a\u00f1o son las 2007\/08, 2009\/10 y 2011\/12. Ese viernes se juega [&hellip;]<\/p>\n","protected":false},"author":1,"featured_media":0,"comment_status":"closed","ping_status":"open","sticky":false,"template":"","format":"standard","meta":{"footnotes":""},"categories":[55,60,63,76],"tags":[],"class_list":["post-37088","post","type-post","status-publish","format-standard","hentry","category-celt-tv-noticias","category-deporte","category-magazine-sport","category-solo-futbol"],"yoast_head":"<!-- This site is optimized with the Yoast SEO plugin v19.7.1 - https:\/\/yoast.com\/wordpress\/plugins\/seo\/ -->\n<title>COMIENZA EL BABY F\u00daTBOL EN AUTOMOTO - CELTTV<\/title>\n<meta name=\"description\" content=\"Sitio web de noticias de la localidad de Tornquist, provincia de Buenos Aires, Rep\u00fablica Argentina. Contenido propio originado por periodistas de CELTTV, el canal de TV local de la Cooperativa El\u00e9ctrica de Tornquist. Turismo, Pol\u00edtica, Sociedad, Deporte, Cultura y todo el contenido de inter\u00e9s general que la gente del pueblo y la regi\u00f3n debe conocer.\" \/>\n<meta name=\"robots\" content=\"index, follow, max-snippet:-1, max-image-preview:large, max-video-preview:-1\" \/>\n<link rel=\"canonical\" href=\"https:\/\/www.celttv.com.ar\/index.php\/2018\/09\/14\/comienza-el-baby-futbol-en-automoto\/\" \/>\n<meta property=\"og:locale\" content=\"es_ES\" \/>\n<meta property=\"og:type\" content=\"article\" \/>\n<meta property=\"og:title\" content=\"COMIENZA EL BABY F\u00daTBOL EN AUTOMOTO - CELTTV\" \/>\n<meta property=\"og:description\" content=\"Sitio web de noticias de la localidad de Tornquist, provincia de Buenos Aires, Rep\u00fablica Argentina. Contenido propio originado por periodistas de CELTTV, el canal de TV local de la Cooperativa El\u00e9ctrica de Tornquist. Turismo, Pol\u00edtica, Sociedad, Deporte, Cultura y todo el contenido de inter\u00e9s general que la gente del pueblo y la regi\u00f3n debe conocer.\" \/>\n<meta property=\"og:url\" content=\"https:\/\/www.celttv.com.ar\/index.php\/2018\/09\/14\/comienza-el-baby-futbol-en-automoto\/\" \/>\n<meta property=\"og:site_name\" content=\"CELTTV\" \/>\n<meta property=\"article:publisher\" content=\"https:\/\/www.facebook.com\/celtTV\/\" \/>\n<meta property=\"article:published_time\" content=\"2018-09-14T18:40:14+00:00\" \/>\n<meta name=\"author\" content=\"ulises\" \/>\n<meta name=\"twitter:card\" content=\"summary_large_image\" \/>\n<meta name=\"twitter:label1\" content=\"Escrito por\" \/>\n\t<meta name=\"twitter:data1\" content=\"ulises\" \/>\n\t<meta name=\"twitter:label2\" content=\"Tiempo de lectura\" \/>\n\t<meta name=\"twitter:data2\" content=\"1 minuto\" \/>\n<script type=\"application\/ld+json\" class=\"yoast-schema-graph\">{\"@context\":\"https:\/\/schema.org\",\"@graph\":[{\"@type\":\"NewsArticle\",\"@id\":\"https:\/\/www.celttv.com.ar\/index.php\/2018\/09\/14\/comienza-el-baby-futbol-en-automoto\/#article\",\"isPartOf\":{\"@id\":\"https:\/\/www.celttv.com.ar\/index.php\/2018\/09\/14\/comienza-el-baby-futbol-en-automoto\/\"},\"author\":{\"name\":\"ulises\",\"@id\":\"https:\/\/www.celttv.com.ar\/#\/schema\/person\/6d99c072dba59953809c81446e9d0ace\"},\"headline\":\"COMIENZA EL BABY F\u00daTBOL EN AUTOMOTO\",\"datePublished\":\"2018-09-14T18:40:14+00:00\",\"dateModified\":\"2018-09-14T18:40:14+00:00\",\"mainEntityOfPage\":{\"@id\":\"https:\/\/www.celttv.com.ar\/index.php\/2018\/09\/14\/comienza-el-baby-futbol-en-automoto\/\"},\"wordCount\":130,\"publisher\":{\"@id\":\"https:\/\/www.celttv.com.ar\/#organization\"},\"articleSection\":[\"Celt TV Noticias\",\"Deporte\",\"Magazine Sport\",\"Solo Futbol\"],\"inLanguage\":\"es\"},{\"@type\":\"WebPage\",\"@id\":\"https:\/\/www.celttv.com.ar\/index.php\/2018\/09\/14\/comienza-el-baby-futbol-en-automoto\/\",\"url\":\"https:\/\/www.celttv.com.ar\/index.php\/2018\/09\/14\/comienza-el-baby-futbol-en-automoto\/\",\"name\":\"COMIENZA EL BABY F\u00daTBOL EN AUTOMOTO - CELTTV\",\"isPartOf\":{\"@id\":\"https:\/\/www.celttv.com.ar\/#website\"},\"datePublished\":\"2018-09-14T18:40:14+00:00\",\"dateModified\":\"2018-09-14T18:40:14+00:00\",\"description\":\"Sitio web de noticias de la localidad de Tornquist, provincia de Buenos Aires, Rep\u00fablica Argentina. Contenido propio originado por periodistas de CELTTV, el canal de TV local de la Cooperativa El\u00e9ctrica de Tornquist. Turismo, Pol\u00edtica, Sociedad, Deporte, Cultura y todo el contenido de inter\u00e9s general que la gente del pueblo y la regi\u00f3n debe conocer.\",\"breadcrumb\":{\"@id\":\"https:\/\/www.celttv.com.ar\/index.php\/2018\/09\/14\/comienza-el-baby-futbol-en-automoto\/#breadcrumb\"},\"inLanguage\":\"es\",\"potentialAction\":[{\"@type\":\"ReadAction\",\"target\":[\"https:\/\/www.celttv.com.ar\/index.php\/2018\/09\/14\/comienza-el-baby-futbol-en-automoto\/\"]}]},{\"@type\":\"BreadcrumbList\",\"@id\":\"https:\/\/www.celttv.com.ar\/index.php\/2018\/09\/14\/comienza-el-baby-futbol-en-automoto\/#breadcrumb\",\"itemListElement\":[{\"@type\":\"ListItem\",\"position\":1,\"name\":\"Inicio\",\"item\":\"https:\/\/www.celttv.com.ar\/\"},{\"@type\":\"ListItem\",\"position\":2,\"name\":\"COMIENZA EL BABY F\u00daTBOL EN AUTOMOTO\"}]},{\"@type\":\"WebSite\",\"@id\":\"https:\/\/www.celttv.com.ar\/#website\",\"url\":\"https:\/\/www.celttv.com.ar\/\",\"name\":\"CELTTV\",\"description\":\"Cooperativa El\u00e9ctrica de Tornquist\",\"publisher\":{\"@id\":\"https:\/\/www.celttv.com.ar\/#organization\"},\"potentialAction\":[{\"@type\":\"SearchAction\",\"target\":{\"@type\":\"EntryPoint\",\"urlTemplate\":\"https:\/\/www.celttv.com.ar\/?s={search_term_string}\"},\"query-input\":\"required name=search_term_string\"}],\"inLanguage\":\"es\"},{\"@type\":\"Organization\",\"@id\":\"https:\/\/www.celttv.com.ar\/#organization\",\"name\":\"CELTTV\",\"url\":\"https:\/\/www.celttv.com.ar\/\",\"sameAs\":[\"https:\/\/www.youtube.com\/channel\/UCz_oIt8Hig64Ub-EmcNPIhg\",\"https:\/\/www.facebook.com\/celtTV\/\"],\"logo\":{\"@type\":\"ImageObject\",\"inLanguage\":\"es\",\"@id\":\"https:\/\/www.celttv.com.ar\/#\/schema\/logo\/image\/\",\"url\":\"http:\/\/www.celttv.com.ar\/wp-content\/uploads\/2022\/08\/logo-1.png\",\"contentUrl\":\"http:\/\/www.celttv.com.ar\/wp-content\/uploads\/2022\/08\/logo-1.png\",\"width\":461,\"height\":159,\"caption\":\"CELTTV\"},\"image\":{\"@id\":\"https:\/\/www.celttv.com.ar\/#\/schema\/logo\/image\/\"}},{\"@type\":\"Person\",\"@id\":\"https:\/\/www.celttv.com.ar\/#\/schema\/person\/6d99c072dba59953809c81446e9d0ace\",\"name\":\"ulises\",\"image\":{\"@type\":\"ImageObject\",\"inLanguage\":\"es\",\"@id\":\"https:\/\/www.celttv.com.ar\/#\/schema\/person\/image\/\",\"url\":\"https:\/\/secure.gravatar.com\/avatar\/7f2c48bdc33b30088f941fb6082e555f2874c98e20cb159d7b92b50eadfce793?s=96&d=mm&r=g\",\"contentUrl\":\"https:\/\/secure.gravatar.com\/avatar\/7f2c48bdc33b30088f941fb6082e555f2874c98e20cb159d7b92b50eadfce793?s=96&d=mm&r=g\",\"caption\":\"ulises\"},\"sameAs\":[\"http:\/\/www.celttv.com.ar\"]}]}<\/script>\n<!-- \/ Yoast SEO plugin. -->","yoast_head_json":{"title":"COMIENZA EL BABY F\u00daTBOL EN AUTOMOTO - CELTTV","description":"Sitio web de noticias de la localidad de Tornquist, provincia de Buenos Aires, Rep\u00fablica Argentina. Contenido propio originado por periodistas de CELTTV, el canal de TV local de la Cooperativa El\u00e9ctrica de Tornquist. Turismo, Pol\u00edtica, Sociedad, Deporte, Cultura y todo el contenido de inter\u00e9s general que la gente del pueblo y la regi\u00f3n debe conocer.","robots":{"index":"index","follow":"follow","max-snippet":"max-snippet:-1","max-image-preview":"max-image-preview:large","max-video-preview":"max-video-preview:-1"},"canonical":"https:\/\/www.celttv.com.ar\/index.php\/2018\/09\/14\/comienza-el-baby-futbol-en-automoto\/","og_locale":"es_ES","og_type":"article","og_title":"COMIENZA EL BABY F\u00daTBOL EN AUTOMOTO - CELTTV","og_description":"Sitio web de noticias de la localidad de Tornquist, provincia de Buenos Aires, Rep\u00fablica Argentina. Contenido propio originado por periodistas de CELTTV, el canal de TV local de la Cooperativa El\u00e9ctrica de Tornquist. Turismo, Pol\u00edtica, Sociedad, Deporte, Cultura y todo el contenido de inter\u00e9s general que la gente del pueblo y la regi\u00f3n debe conocer.","og_url":"https:\/\/www.celttv.com.ar\/index.php\/2018\/09\/14\/comienza-el-baby-futbol-en-automoto\/","og_site_name":"CELTTV","article_publisher":"https:\/\/www.facebook.com\/celtTV\/","article_published_time":"2018-09-14T18:40:14+00:00","author":"ulises","twitter_card":"summary_large_image","twitter_misc":{"Escrito por":"ulises","Tiempo de lectura":"1 minuto"},"schema":{"@context":"https:\/\/schema.org","@graph":[{"@type":"NewsArticle","@id":"https:\/\/www.celttv.com.ar\/index.php\/2018\/09\/14\/comienza-el-baby-futbol-en-automoto\/#article","isPartOf":{"@id":"https:\/\/www.celttv.com.ar\/index.php\/2018\/09\/14\/comienza-el-baby-futbol-en-automoto\/"},"author":{"name":"ulises","@id":"https:\/\/www.celttv.com.ar\/#\/schema\/person\/6d99c072dba59953809c81446e9d0ace"},"headline":"COMIENZA EL BABY F\u00daTBOL EN AUTOMOTO","datePublished":"2018-09-14T18:40:14+00:00","dateModified":"2018-09-14T18:40:14+00:00","mainEntityOfPage":{"@id":"https:\/\/www.celttv.com.ar\/index.php\/2018\/09\/14\/comienza-el-baby-futbol-en-automoto\/"},"wordCount":130,"publisher":{"@id":"https:\/\/www.celttv.com.ar\/#organization"},"articleSection":["Celt TV Noticias","Deporte","Magazine Sport","Solo Futbol"],"inLanguage":"es"},{"@type":"WebPage","@id":"https:\/\/www.celttv.com.ar\/index.php\/2018\/09\/14\/comienza-el-baby-futbol-en-automoto\/","url":"https:\/\/www.celttv.com.ar\/index.php\/2018\/09\/14\/comienza-el-baby-futbol-en-automoto\/","name":"COMIENZA EL BABY F\u00daTBOL EN AUTOMOTO - CELTTV","isPartOf":{"@id":"https:\/\/www.celttv.com.ar\/#website"},"datePublished":"2018-09-14T18:40:14+00:00","dateModified":"2018-09-14T18:40:14+00:00","description":"Sitio web de noticias de la localidad de Tornquist, provincia de Buenos Aires, Rep\u00fablica Argentina. Contenido propio originado por periodistas de CELTTV, el canal de TV local de la Cooperativa El\u00e9ctrica de Tornquist. Turismo, Pol\u00edtica, Sociedad, Deporte, Cultura y todo el contenido de inter\u00e9s general que la gente del pueblo y la regi\u00f3n debe conocer.","breadcrumb":{"@id":"https:\/\/www.celttv.com.ar\/index.php\/2018\/09\/14\/comienza-el-baby-futbol-en-automoto\/#breadcrumb"},"inLanguage":"es","potentialAction":[{"@type":"ReadAction","target":["https:\/\/www.celttv.com.ar\/index.php\/2018\/09\/14\/comienza-el-baby-futbol-en-automoto\/"]}]},{"@type":"BreadcrumbList","@id":"https:\/\/www.celttv.com.ar\/index.php\/2018\/09\/14\/comienza-el-baby-futbol-en-automoto\/#breadcrumb","itemListElement":[{"@type":"ListItem","position":1,"name":"Inicio","item":"https:\/\/www.celttv.com.ar\/"},{"@type":"ListItem","position":2,"name":"COMIENZA EL BABY F\u00daTBOL EN AUTOMOTO"}]},{"@type":"WebSite","@id":"https:\/\/www.celttv.com.ar\/#website","url":"https:\/\/www.celttv.com.ar\/","name":"CELTTV","description":"Cooperativa El\u00e9ctrica de Tornquist","publisher":{"@id":"https:\/\/www.celttv.com.ar\/#organization"},"potentialAction":[{"@type":"SearchAction","target":{"@type":"EntryPoint","urlTemplate":"https:\/\/www.celttv.com.ar\/?s={search_term_string}"},"query-input":"required name=search_term_string"}],"inLanguage":"es"},{"@type":"Organization","@id":"https:\/\/www.celttv.com.ar\/#organization","name":"CELTTV","url":"https:\/\/www.celttv.com.ar\/","sameAs":["https:\/\/www.youtube.com\/channel\/UCz_oIt8Hig64Ub-EmcNPIhg","https:\/\/www.facebook.com\/celtTV\/"],"logo":{"@type":"ImageObject","inLanguage":"es","@id":"https:\/\/www.celttv.com.ar\/#\/schema\/logo\/image\/","url":"http:\/\/www.celttv.com.ar\/wp-content\/uploads\/2022\/08\/logo-1.png","contentUrl":"http:\/\/www.celttv.com.ar\/wp-content\/uploads\/2022\/08\/logo-1.png","width":461,"height":159,"caption":"CELTTV"},"image":{"@id":"https:\/\/www.celttv.com.ar\/#\/schema\/logo\/image\/"}},{"@type":"Person","@id":"https:\/\/www.celttv.com.ar\/#\/schema\/person\/6d99c072dba59953809c81446e9d0ace","name":"ulises","image":{"@type":"ImageObject","inLanguage":"es","@id":"https:\/\/www.celttv.com.ar\/#\/schema\/person\/image\/","url":"https:\/\/secure.gravatar.com\/avatar\/7f2c48bdc33b30088f941fb6082e555f2874c98e20cb159d7b92b50eadfce793?s=96&d=mm&r=g","contentUrl":"https:\/\/secure.gravatar.com\/avatar\/7f2c48bdc33b30088f941fb6082e555f2874c98e20cb159d7b92b50eadfce793?s=96&d=mm&r=g","caption":"ulises"},"sameAs":["http:\/\/www.celttv.com.ar"]}]}},"_links":{"self":[{"href":"https:\/\/www.celttv.com.ar\/index.php\/wp-json\/wp\/v2\/posts\/37088","targetHints":{"allow":["GET"]}}],"collection":[{"href":"https:\/\/www.celttv.com.ar\/index.php\/wp-json\/wp\/v2\/posts"}],"about":[{"href":"https:\/\/www.celttv.com.ar\/index.php\/wp-json\/wp\/v2\/types\/post"}],"author":[{"embeddable":true,"href":"https:\/\/www.celttv.com.ar\/index.php\/wp-json\/wp\/v2\/users\/1"}],"replies":[{"embeddable":true,"href":"https:\/\/www.celttv.com.ar\/index.php\/wp-json\/wp\/v2\/comments?post=37088"}],"version-history":[{"count":0,"href":"https:\/\/www.celttv.com.ar\/index.php\/wp-json\/wp\/v2\/posts\/37088\/revisions"}],"wp:attachment":[{"href":"https:\/\/www.celttv.com.ar\/index.php\/wp-json\/wp\/v2\/media?parent=37088"}],"wp:term":[{"taxonomy":"category","embeddable":true,"href":"https:\/\/www.celttv.com.ar\/index.php\/wp-json\/wp\/v2\/categories?post=37088"},{"taxonomy":"post_tag","embeddable":true,"href":"https:\/\/www.celttv.com.ar\/index.php\/wp-json\/wp\/v2\/tags?post=37088"}],"curies":[{"name":"wp","href":"https:\/\/api.w.org\/{rel}","templated":true}]}}