{"id":37110,"date":"2018-09-16T21:05:55","date_gmt":"2018-09-16T21:05:55","guid":{"rendered":"http:\/\/www.celttv.com.ar\/?p=37110"},"modified":"2018-09-16T21:05:55","modified_gmt":"2018-09-16T21:05:55","slug":"con-gran-exito-se-realizo-la-7o-fecha-del-torneo-social-de-arqueria-en-parque-norte-fotos","status":"publish","type":"post","link":"https:\/\/www.celttv.com.ar\/index.php\/2018\/09\/16\/con-gran-exito-se-realizo-la-7o-fecha-del-torneo-social-de-arqueria-en-parque-norte-fotos\/","title":{"rendered":"CON GRAN \u00c9XITO SE REALIZ\u00d3 LA 7\u00ba FECHA DEL TORNEO SOCIAL DE ARQUERIA EN PARQUE NORTE (FOTOS)"},"content":{"rendered":"<p><strong>CELTTV&#8212;<\/strong> El grupo <strong>&#8220;Tiro con Arco Tornquist&#8221;<\/strong>, fue el encargado de organizar la 7\u00ba fecha del torneo social de arquer\u00eda, que se realiz\u00f3 en el balneario municipal Parque Norte.<br \/>\nCon la participaci\u00f3n de arqueros de General Lamadrid, Laprida, Coronel Su\u00e1rez, Pig\u00fc\u00e9, Trenque Lauquen y Tornquist, entre otras localidades, fueron los encargados de dar vida a dicha competencia, la cual se realiz\u00f3 en distintos puntos del balneario.<br \/>\nArroyo, barrancos y arboledas, fueron algunas de las dificultades que debieron enfrentar los competidores durante la jornada.<br \/>\nCon un sol radeante, buena temperatura y un escenario natural fant\u00e1stico, los arqueros quedaron muy conformes con la organizaci\u00f3n y tambi\u00e9n con el escenario elegido para dicha competencia.<br \/>\nPr\u00f3ximamente notas e im\u00e1genes en <strong>MAGAZINE SPORT<\/strong> y <strong>CELTTV NOTICIAS<\/strong>.<br \/>\n<strong>FOTOS: MAGAZINE SPORT<\/strong><br \/>\n<a href=\"http:\/\/www.celttv.com.ar\/?attachment_id=37168\" rel=\"attachment wp-att-37168\"><img loading=\"lazy\" decoding=\"async\" class=\"size-medium wp-image-37168\" src=\"http:\/\/www.celttv.com.ar\/wp-content\/uploads\/2018\/09\/106_7167-780x439.jpg\" alt=\"\" width=\"780\" height=\"439\" \/><\/a><br \/>\n<a href=\"http:\/\/www.celttv.com.ar\/?attachment_id=37164\" rel=\"attachment wp-att-37164\"><img loading=\"lazy\" decoding=\"async\" class=\"size-medium wp-image-37164\" src=\"http:\/\/www.celttv.com.ar\/wp-content\/uploads\/2018\/09\/106_7161-780x439.jpg\" alt=\"\" width=\"780\" height=\"439\" \/><\/a><br \/>\n<a href=\"http:\/\/www.celttv.com.ar\/?attachment_id=37163\" rel=\"attachment wp-att-37163\"><img loading=\"lazy\" decoding=\"async\" class=\"size-medium wp-image-37163\" src=\"http:\/\/www.celttv.com.ar\/wp-content\/uploads\/2018\/09\/106_7159-780x439.jpg\" alt=\"\" width=\"780\" height=\"439\" \/><\/a><br \/>\n<a href=\"http:\/\/www.celttv.com.ar\/?attachment_id=37161\" rel=\"attachment wp-att-37161\"><img loading=\"lazy\" decoding=\"async\" class=\"size-medium wp-image-37161\" src=\"http:\/\/www.celttv.com.ar\/wp-content\/uploads\/2018\/09\/106_7156-780x439.jpg\" alt=\"\" width=\"780\" height=\"439\" \/><\/a><br \/>\n<a href=\"http:\/\/www.celttv.com.ar\/?attachment_id=37160\" rel=\"attachment wp-att-37160\"><img loading=\"lazy\" decoding=\"async\" class=\"size-medium wp-image-37160\" src=\"http:\/\/www.celttv.com.ar\/wp-content\/uploads\/2018\/09\/106_7155-780x439.jpg\" alt=\"\" width=\"780\" height=\"439\" \/><\/a><br \/>\n<a href=\"http:\/\/www.celttv.com.ar\/?attachment_id=37159\" rel=\"attachment wp-att-37159\"><img loading=\"lazy\" decoding=\"async\" class=\"size-medium wp-image-37159\" src=\"http:\/\/www.celttv.com.ar\/wp-content\/uploads\/2018\/09\/106_7154-780x439.jpg\" alt=\"\" width=\"780\" height=\"439\" \/><\/a><br \/>\n<a href=\"http:\/\/www.celttv.com.ar\/?attachment_id=37158\" rel=\"attachment wp-att-37158\"><img loading=\"lazy\" decoding=\"async\" class=\"size-medium wp-image-37158\" src=\"http:\/\/www.celttv.com.ar\/wp-content\/uploads\/2018\/09\/106_7153-780x439.jpg\" alt=\"\" width=\"780\" height=\"439\" \/><\/a><br \/>\n<a href=\"http:\/\/www.celttv.com.ar\/?attachment_id=37157\" rel=\"attachment wp-att-37157\"><img loading=\"lazy\" decoding=\"async\" class=\"size-medium wp-image-37157\" src=\"http:\/\/www.celttv.com.ar\/wp-content\/uploads\/2018\/09\/106_7152-780x439.jpg\" alt=\"\" width=\"780\" height=\"439\" \/><\/a><br \/>\n<a href=\"http:\/\/www.celttv.com.ar\/?attachment_id=37170\" rel=\"attachment wp-att-37170\"><img loading=\"lazy\" decoding=\"async\" class=\"size-medium wp-image-37170\" src=\"http:\/\/www.celttv.com.ar\/wp-content\/uploads\/2018\/09\/106_7096-1-780x439.jpg\" alt=\"\" width=\"780\" height=\"439\" \/><\/a><br \/>\n<a href=\"http:\/\/www.celttv.com.ar\/?attachment_id=37171\" rel=\"attachment wp-att-37171\"><img loading=\"lazy\" decoding=\"async\" class=\"size-medium wp-image-37171\" src=\"http:\/\/www.celttv.com.ar\/wp-content\/uploads\/2018\/09\/106_7097-1-780x439.jpg\" alt=\"\" width=\"780\" height=\"439\" \/><\/a><br \/>\n<a href=\"http:\/\/www.celttv.com.ar\/?attachment_id=37172\" rel=\"attachment wp-att-37172\"><img loading=\"lazy\" decoding=\"async\" class=\"size-medium wp-image-37172\" src=\"http:\/\/www.celttv.com.ar\/wp-content\/uploads\/2018\/09\/106_7098-1-780x439.jpg\" alt=\"\" width=\"780\" height=\"439\" \/><\/a><br \/>\n<a href=\"http:\/\/www.celttv.com.ar\/?attachment_id=37173\" rel=\"attachment wp-att-37173\"><img loading=\"lazy\" decoding=\"async\" class=\"size-medium wp-image-37173\" src=\"http:\/\/www.celttv.com.ar\/wp-content\/uploads\/2018\/09\/106_7100-1-780x439.jpg\" alt=\"\" width=\"780\" height=\"439\" \/><\/a><br \/>\n<a href=\"http:\/\/www.celttv.com.ar\/?attachment_id=37174\" rel=\"attachment wp-att-37174\"><img loading=\"lazy\" decoding=\"async\" class=\"size-medium wp-image-37174\" src=\"http:\/\/www.celttv.com.ar\/wp-content\/uploads\/2018\/09\/106_7101-1-780x439.jpg\" alt=\"\" width=\"780\" height=\"439\" \/><\/a><br \/>\n<a href=\"http:\/\/www.celttv.com.ar\/?attachment_id=37175\" rel=\"attachment wp-att-37175\"><img loading=\"lazy\" decoding=\"async\" class=\"size-medium wp-image-37175\" src=\"http:\/\/www.celttv.com.ar\/wp-content\/uploads\/2018\/09\/106_7102-1-780x439.jpg\" alt=\"\" width=\"780\" height=\"439\" \/><\/a><br \/>\n<a href=\"http:\/\/www.celttv.com.ar\/?attachment_id=37176\" rel=\"attachment wp-att-37176\"><img loading=\"lazy\" decoding=\"async\" class=\"size-medium wp-image-37176\" src=\"http:\/\/www.celttv.com.ar\/wp-content\/uploads\/2018\/09\/106_7104-1-780x439.jpg\" alt=\"\" width=\"780\" height=\"439\" \/><\/a><br \/>\n<a href=\"http:\/\/www.celttv.com.ar\/?attachment_id=37177\" rel=\"attachment wp-att-37177\"><img loading=\"lazy\" decoding=\"async\" class=\"size-medium wp-image-37177\" src=\"http:\/\/www.celttv.com.ar\/wp-content\/uploads\/2018\/09\/106_7107-1-780x439.jpg\" alt=\"\" width=\"780\" height=\"439\" \/><\/a><br \/>\n<a href=\"http:\/\/www.celttv.com.ar\/?attachment_id=37178\" rel=\"attachment wp-att-37178\"><img loading=\"lazy\" decoding=\"async\" class=\"size-medium wp-image-37178\" src=\"http:\/\/www.celttv.com.ar\/wp-content\/uploads\/2018\/09\/106_7108-1-780x439.jpg\" alt=\"\" width=\"780\" height=\"439\" \/><\/a><br \/>\n<a href=\"http:\/\/www.celttv.com.ar\/?attachment_id=37179\" rel=\"attachment wp-att-37179\"><img loading=\"lazy\" decoding=\"async\" class=\"size-medium wp-image-37179\" src=\"http:\/\/www.celttv.com.ar\/wp-content\/uploads\/2018\/09\/106_7109-1-780x439.jpg\" alt=\"\" width=\"780\" height=\"439\" \/><\/a><br \/>\n<a href=\"http:\/\/www.celttv.com.ar\/?attachment_id=37180\" rel=\"attachment wp-att-37180\"><img loading=\"lazy\" decoding=\"async\" class=\"size-medium wp-image-37180\" src=\"http:\/\/www.celttv.com.ar\/wp-content\/uploads\/2018\/09\/106_7110-1-439x780.jpg\" alt=\"\" width=\"439\" height=\"780\" \/><\/a><br \/>\n<a href=\"http:\/\/www.celttv.com.ar\/?attachment_id=37181\" rel=\"attachment wp-att-37181\"><img loading=\"lazy\" decoding=\"async\" class=\"size-medium wp-image-37181\" src=\"http:\/\/www.celttv.com.ar\/wp-content\/uploads\/2018\/09\/106_7111-1-780x439.jpg\" alt=\"\" width=\"780\" height=\"439\" \/><\/a><br \/>\n<a href=\"http:\/\/www.celttv.com.ar\/?attachment_id=37182\" rel=\"attachment wp-att-37182\"><img loading=\"lazy\" decoding=\"async\" class=\"size-medium wp-image-37182\" src=\"http:\/\/www.celttv.com.ar\/wp-content\/uploads\/2018\/09\/106_7112-1-780x439.jpg\" alt=\"\" width=\"780\" height=\"439\" \/><\/a><br \/>\n<a href=\"http:\/\/www.celttv.com.ar\/?attachment_id=37183\" rel=\"attachment wp-att-37183\"><img loading=\"lazy\" decoding=\"async\" class=\"size-medium wp-image-37183\" src=\"http:\/\/www.celttv.com.ar\/wp-content\/uploads\/2018\/09\/106_7113-1-439x780.jpg\" alt=\"\" width=\"439\" height=\"780\" \/><\/a><br \/>\n<a href=\"http:\/\/www.celttv.com.ar\/?attachment_id=37184\" rel=\"attachment wp-att-37184\"><img loading=\"lazy\" decoding=\"async\" class=\"size-medium wp-image-37184\" src=\"http:\/\/www.celttv.com.ar\/wp-content\/uploads\/2018\/09\/106_7114-1-780x439.jpg\" alt=\"\" width=\"780\" height=\"439\" \/><\/a><br \/>\n<a href=\"http:\/\/www.celttv.com.ar\/?attachment_id=37186\" rel=\"attachment wp-att-37186\"><img loading=\"lazy\" decoding=\"async\" class=\"size-medium wp-image-37186\" src=\"http:\/\/www.celttv.com.ar\/wp-content\/uploads\/2018\/09\/106_7117-1-780x439.jpg\" alt=\"\" width=\"780\" height=\"439\" \/><\/a><br \/>\n<a href=\"http:\/\/www.celttv.com.ar\/?attachment_id=37187\" rel=\"attachment wp-att-37187\"><img loading=\"lazy\" decoding=\"async\" class=\"size-medium wp-image-37187\" src=\"http:\/\/www.celttv.com.ar\/wp-content\/uploads\/2018\/09\/106_7118-1-780x439.jpg\" alt=\"\" width=\"780\" height=\"439\" \/><\/a><br \/>\n<a href=\"http:\/\/www.celttv.com.ar\/?attachment_id=37188\" rel=\"attachment wp-att-37188\"><img loading=\"lazy\" decoding=\"async\" class=\"size-medium wp-image-37188\" src=\"http:\/\/www.celttv.com.ar\/wp-content\/uploads\/2018\/09\/106_7121-1-780x439.jpg\" alt=\"\" width=\"780\" height=\"439\" \/><\/a><br \/>\n<a href=\"http:\/\/www.celttv.com.ar\/?attachment_id=37189\" rel=\"attachment wp-att-37189\"><img loading=\"lazy\" decoding=\"async\" class=\"size-medium wp-image-37189\" src=\"http:\/\/www.celttv.com.ar\/wp-content\/uploads\/2018\/09\/106_7122-1-780x439.jpg\" alt=\"\" width=\"780\" height=\"439\" \/><\/a><br \/>\n<a href=\"http:\/\/www.celttv.com.ar\/?attachment_id=37190\" rel=\"attachment wp-att-37190\"><img loading=\"lazy\" decoding=\"async\" class=\"size-medium wp-image-37190\" src=\"http:\/\/www.celttv.com.ar\/wp-content\/uploads\/2018\/09\/106_7123-1-780x439.jpg\" alt=\"\" width=\"780\" height=\"439\" \/><\/a><br \/>\n<a href=\"http:\/\/www.celttv.com.ar\/?attachment_id=37191\" rel=\"attachment wp-att-37191\"><img loading=\"lazy\" decoding=\"async\" class=\"size-medium wp-image-37191\" src=\"http:\/\/www.celttv.com.ar\/wp-content\/uploads\/2018\/09\/106_7124-1-780x439.jpg\" alt=\"\" width=\"780\" height=\"439\" \/><\/a><br \/>\n<a href=\"http:\/\/www.celttv.com.ar\/?attachment_id=37192\" rel=\"attachment wp-att-37192\"><img loading=\"lazy\" decoding=\"async\" class=\"size-medium wp-image-37192\" src=\"http:\/\/www.celttv.com.ar\/wp-content\/uploads\/2018\/09\/106_7125-1-780x439.jpg\" alt=\"\" width=\"780\" height=\"439\" \/><\/a><br \/>\n<a href=\"http:\/\/www.celttv.com.ar\/?attachment_id=37193\" rel=\"attachment wp-att-37193\"><img loading=\"lazy\" decoding=\"async\" class=\"size-medium wp-image-37193\" src=\"http:\/\/www.celttv.com.ar\/wp-content\/uploads\/2018\/09\/106_7126-1-780x439.jpg\" alt=\"\" width=\"780\" height=\"439\" \/><\/a><br \/>\n<a href=\"http:\/\/www.celttv.com.ar\/?attachment_id=37194\" rel=\"attachment wp-att-37194\"><img loading=\"lazy\" decoding=\"async\" class=\"size-medium wp-image-37194\" src=\"http:\/\/www.celttv.com.ar\/wp-content\/uploads\/2018\/09\/106_7127-1-780x439.jpg\" alt=\"\" width=\"780\" height=\"439\" \/><\/a><br \/>\n<a href=\"http:\/\/www.celttv.com.ar\/?attachment_id=37195\" rel=\"attachment wp-att-37195\"><img loading=\"lazy\" decoding=\"async\" class=\"size-medium wp-image-37195\" src=\"http:\/\/www.celttv.com.ar\/wp-content\/uploads\/2018\/09\/106_7128-1-780x439.jpg\" alt=\"\" width=\"780\" height=\"439\" \/><\/a><br \/>\n<a href=\"http:\/\/www.celttv.com.ar\/?attachment_id=37196\" rel=\"attachment wp-att-37196\"><img loading=\"lazy\" decoding=\"async\" class=\"size-medium wp-image-37196\" src=\"http:\/\/www.celttv.com.ar\/wp-content\/uploads\/2018\/09\/106_7129-1-780x439.jpg\" alt=\"\" width=\"780\" height=\"439\" \/><\/a><br \/>\n<a href=\"http:\/\/www.celttv.com.ar\/?attachment_id=37197\" rel=\"attachment wp-att-37197\"><img loading=\"lazy\" decoding=\"async\" class=\"size-medium wp-image-37197\" src=\"http:\/\/www.celttv.com.ar\/wp-content\/uploads\/2018\/09\/106_7130-1-439x780.jpg\" alt=\"\" width=\"439\" height=\"780\" \/><\/a><br \/>\n<a href=\"http:\/\/www.celttv.com.ar\/?attachment_id=37198\" rel=\"attachment wp-att-37198\"><img loading=\"lazy\" decoding=\"async\" class=\"size-medium wp-image-37198\" src=\"http:\/\/www.celttv.com.ar\/wp-content\/uploads\/2018\/09\/106_7132-1-780x439.jpg\" alt=\"\" width=\"780\" height=\"439\" \/><\/a><br \/>\n<a href=\"http:\/\/www.celttv.com.ar\/?attachment_id=37199\" rel=\"attachment wp-att-37199\"><img loading=\"lazy\" decoding=\"async\" class=\"size-medium wp-image-37199\" src=\"http:\/\/www.celttv.com.ar\/wp-content\/uploads\/2018\/09\/106_7133-1-780x439.jpg\" alt=\"\" width=\"780\" height=\"439\" \/><\/a><br \/>\n<a href=\"http:\/\/www.celttv.com.ar\/?attachment_id=37200\" rel=\"attachment wp-att-37200\"><img loading=\"lazy\" decoding=\"async\" class=\"size-medium wp-image-37200\" src=\"http:\/\/www.celttv.com.ar\/wp-content\/uploads\/2018\/09\/106_7134-1-780x439.jpg\" alt=\"\" width=\"780\" height=\"439\" \/><\/a><br \/>\n<a href=\"http:\/\/www.celttv.com.ar\/?attachment_id=37201\" rel=\"attachment wp-att-37201\"><img loading=\"lazy\" decoding=\"async\" class=\"size-medium wp-image-37201\" src=\"http:\/\/www.celttv.com.ar\/wp-content\/uploads\/2018\/09\/106_7135-1-780x439.jpg\" alt=\"\" width=\"780\" height=\"439\" \/><\/a><br \/>\n<a href=\"http:\/\/www.celttv.com.ar\/?attachment_id=37202\" rel=\"attachment wp-att-37202\"><img loading=\"lazy\" decoding=\"async\" class=\"size-medium wp-image-37202\" src=\"http:\/\/www.celttv.com.ar\/wp-content\/uploads\/2018\/09\/106_7136-1-780x439.jpg\" alt=\"\" width=\"780\" height=\"439\" \/><\/a><br \/>\n<a href=\"http:\/\/www.celttv.com.ar\/?attachment_id=37203\" rel=\"attachment wp-att-37203\"><img loading=\"lazy\" decoding=\"async\" class=\"size-medium wp-image-37203\" src=\"http:\/\/www.celttv.com.ar\/wp-content\/uploads\/2018\/09\/106_7137-1-780x439.jpg\" alt=\"\" width=\"780\" height=\"439\" \/><\/a><\/p>\n","protected":false},"excerpt":{"rendered":"<p>CELTTV&#8212; El grupo &#8220;Tiro con Arco Tornquist&#8221;, fue el encargado de organizar la 7\u00ba fecha del torneo social de arquer\u00eda, que se realiz\u00f3 en el balneario municipal Parque Norte. Con la participaci\u00f3n de arqueros de General Lamadrid, Laprida, Coronel Su\u00e1rez, Pig\u00fc\u00e9, Trenque Lauquen y Tornquist, entre otras localidades, fueron los encargados de dar vida a [&hellip;]<\/p>\n","protected":false},"author":1,"featured_media":37162,"comment_status":"closed","ping_status":"open","sticky":false,"template":"","format":"standard","meta":{"footnotes":""},"categories":[55,51,60,52,63],"tags":[],"class_list":["post-37110","post","type-post","status-publish","format-standard","has-post-thumbnail","hentry","category-celt-tv-noticias","category-comunidad","category-deporte","category-destacadas","category-magazine-sport"],"yoast_head":"<!-- This site is optimized with the Yoast SEO plugin v19.7.1 - https:\/\/yoast.com\/wordpress\/plugins\/seo\/ -->\n<title>CON GRAN \u00c9XITO SE REALIZ\u00d3 LA 7\u00ba FECHA DEL TORNEO SOCIAL DE ARQUERIA EN PARQUE NORTE (FOTOS) - CELTTV<\/title>\n<meta name=\"description\" content=\"Sitio web de noticias de la localidad de Tornquist, provincia de Buenos Aires, Rep\u00fablica Argentina. Contenido propio originado por periodistas de CELTTV, el canal de TV local de la Cooperativa El\u00e9ctrica de Tornquist. Turismo, Pol\u00edtica, Sociedad, Deporte, Cultura y todo el contenido de inter\u00e9s general que la gente del pueblo y la regi\u00f3n debe conocer.\" \/>\n<meta name=\"robots\" content=\"index, follow, max-snippet:-1, max-image-preview:large, max-video-preview:-1\" \/>\n<link rel=\"canonical\" href=\"https:\/\/www.celttv.com.ar\/index.php\/2018\/09\/16\/con-gran-exito-se-realizo-la-7o-fecha-del-torneo-social-de-arqueria-en-parque-norte-fotos\/\" \/>\n<meta property=\"og:locale\" content=\"es_ES\" \/>\n<meta property=\"og:type\" content=\"article\" \/>\n<meta property=\"og:title\" content=\"CON GRAN \u00c9XITO SE REALIZ\u00d3 LA 7\u00ba FECHA DEL TORNEO SOCIAL DE ARQUERIA EN PARQUE NORTE (FOTOS) - CELTTV\" \/>\n<meta property=\"og:description\" content=\"Sitio web de noticias de la localidad de Tornquist, provincia de Buenos Aires, Rep\u00fablica Argentina. Contenido propio originado por periodistas de CELTTV, el canal de TV local de la Cooperativa El\u00e9ctrica de Tornquist. Turismo, Pol\u00edtica, Sociedad, Deporte, Cultura y todo el contenido de inter\u00e9s general que la gente del pueblo y la regi\u00f3n debe conocer.\" \/>\n<meta property=\"og:url\" content=\"https:\/\/www.celttv.com.ar\/index.php\/2018\/09\/16\/con-gran-exito-se-realizo-la-7o-fecha-del-torneo-social-de-arqueria-en-parque-norte-fotos\/\" \/>\n<meta property=\"og:site_name\" content=\"CELTTV\" \/>\n<meta property=\"article:publisher\" content=\"https:\/\/www.facebook.com\/celtTV\/\" \/>\n<meta property=\"article:published_time\" content=\"2018-09-16T21:05:55+00:00\" \/>\n<meta property=\"og:image\" content=\"https:\/\/www.celttv.com.ar\/wp-content\/uploads\/2018\/09\/106_7157.jpg\" \/>\n\t<meta property=\"og:image:width\" content=\"1920\" \/>\n\t<meta property=\"og:image:height\" content=\"1080\" \/>\n\t<meta property=\"og:image:type\" content=\"image\/jpeg\" \/>\n<meta name=\"author\" content=\"ulises\" \/>\n<meta name=\"twitter:card\" content=\"summary_large_image\" \/>\n<meta name=\"twitter:label1\" content=\"Escrito por\" \/>\n\t<meta name=\"twitter:data1\" content=\"ulises\" \/>\n\t<meta name=\"twitter:label2\" content=\"Tiempo de lectura\" \/>\n\t<meta name=\"twitter:data2\" content=\"1 minuto\" \/>\n<script type=\"application\/ld+json\" class=\"yoast-schema-graph\">{\"@context\":\"https:\/\/schema.org\",\"@graph\":[{\"@type\":\"NewsArticle\",\"@id\":\"https:\/\/www.celttv.com.ar\/index.php\/2018\/09\/16\/con-gran-exito-se-realizo-la-7o-fecha-del-torneo-social-de-arqueria-en-parque-norte-fotos\/#article\",\"isPartOf\":{\"@id\":\"https:\/\/www.celttv.com.ar\/index.php\/2018\/09\/16\/con-gran-exito-se-realizo-la-7o-fecha-del-torneo-social-de-arqueria-en-parque-norte-fotos\/\"},\"author\":{\"name\":\"ulises\",\"@id\":\"https:\/\/www.celttv.com.ar\/#\/schema\/person\/6d99c072dba59953809c81446e9d0ace\"},\"headline\":\"CON GRAN \u00c9XITO SE REALIZ\u00d3 LA 7\u00ba FECHA DEL TORNEO SOCIAL DE ARQUERIA EN PARQUE NORTE (FOTOS)\",\"datePublished\":\"2018-09-16T21:05:55+00:00\",\"dateModified\":\"2018-09-16T21:05:55+00:00\",\"mainEntityOfPage\":{\"@id\":\"https:\/\/www.celttv.com.ar\/index.php\/2018\/09\/16\/con-gran-exito-se-realizo-la-7o-fecha-del-torneo-social-de-arqueria-en-parque-norte-fotos\/\"},\"wordCount\":147,\"publisher\":{\"@id\":\"https:\/\/www.celttv.com.ar\/#organization\"},\"articleSection\":[\"Celt TV Noticias\",\"Comunidad\",\"Deporte\",\"Destacadas\",\"Magazine Sport\"],\"inLanguage\":\"es\"},{\"@type\":\"WebPage\",\"@id\":\"https:\/\/www.celttv.com.ar\/index.php\/2018\/09\/16\/con-gran-exito-se-realizo-la-7o-fecha-del-torneo-social-de-arqueria-en-parque-norte-fotos\/\",\"url\":\"https:\/\/www.celttv.com.ar\/index.php\/2018\/09\/16\/con-gran-exito-se-realizo-la-7o-fecha-del-torneo-social-de-arqueria-en-parque-norte-fotos\/\",\"name\":\"CON GRAN \u00c9XITO SE REALIZ\u00d3 LA 7\u00ba FECHA DEL TORNEO SOCIAL DE ARQUERIA EN PARQUE NORTE (FOTOS) - CELTTV\",\"isPartOf\":{\"@id\":\"https:\/\/www.celttv.com.ar\/#website\"},\"datePublished\":\"2018-09-16T21:05:55+00:00\",\"dateModified\":\"2018-09-16T21:05:55+00:00\",\"description\":\"Sitio web de noticias de la localidad de Tornquist, provincia de Buenos Aires, Rep\u00fablica Argentina. Contenido propio originado por periodistas de CELTTV, el canal de TV local de la Cooperativa El\u00e9ctrica de Tornquist. Turismo, Pol\u00edtica, Sociedad, Deporte, Cultura y todo el contenido de inter\u00e9s general que la gente del pueblo y la regi\u00f3n debe conocer.\",\"breadcrumb\":{\"@id\":\"https:\/\/www.celttv.com.ar\/index.php\/2018\/09\/16\/con-gran-exito-se-realizo-la-7o-fecha-del-torneo-social-de-arqueria-en-parque-norte-fotos\/#breadcrumb\"},\"inLanguage\":\"es\",\"potentialAction\":[{\"@type\":\"ReadAction\",\"target\":[\"https:\/\/www.celttv.com.ar\/index.php\/2018\/09\/16\/con-gran-exito-se-realizo-la-7o-fecha-del-torneo-social-de-arqueria-en-parque-norte-fotos\/\"]}]},{\"@type\":\"BreadcrumbList\",\"@id\":\"https:\/\/www.celttv.com.ar\/index.php\/2018\/09\/16\/con-gran-exito-se-realizo-la-7o-fecha-del-torneo-social-de-arqueria-en-parque-norte-fotos\/#breadcrumb\",\"itemListElement\":[{\"@type\":\"ListItem\",\"position\":1,\"name\":\"Inicio\",\"item\":\"https:\/\/www.celttv.com.ar\/\"},{\"@type\":\"ListItem\",\"position\":2,\"name\":\"CON GRAN \u00c9XITO SE REALIZ\u00d3 LA 7\u00ba FECHA DEL TORNEO SOCIAL DE ARQUERIA EN PARQUE NORTE (FOTOS)\"}]},{\"@type\":\"WebSite\",\"@id\":\"https:\/\/www.celttv.com.ar\/#website\",\"url\":\"https:\/\/www.celttv.com.ar\/\",\"name\":\"CELTTV\",\"description\":\"Cooperativa El\u00e9ctrica de Tornquist\",\"publisher\":{\"@id\":\"https:\/\/www.celttv.com.ar\/#organization\"},\"potentialAction\":[{\"@type\":\"SearchAction\",\"target\":{\"@type\":\"EntryPoint\",\"urlTemplate\":\"https:\/\/www.celttv.com.ar\/?s={search_term_string}\"},\"query-input\":\"required name=search_term_string\"}],\"inLanguage\":\"es\"},{\"@type\":\"Organization\",\"@id\":\"https:\/\/www.celttv.com.ar\/#organization\",\"name\":\"CELTTV\",\"url\":\"https:\/\/www.celttv.com.ar\/\",\"sameAs\":[\"https:\/\/www.youtube.com\/channel\/UCz_oIt8Hig64Ub-EmcNPIhg\",\"https:\/\/www.facebook.com\/celtTV\/\"],\"logo\":{\"@type\":\"ImageObject\",\"inLanguage\":\"es\",\"@id\":\"https:\/\/www.celttv.com.ar\/#\/schema\/logo\/image\/\",\"url\":\"http:\/\/www.celttv.com.ar\/wp-content\/uploads\/2022\/08\/logo-1.png\",\"contentUrl\":\"http:\/\/www.celttv.com.ar\/wp-content\/uploads\/2022\/08\/logo-1.png\",\"width\":461,\"height\":159,\"caption\":\"CELTTV\"},\"image\":{\"@id\":\"https:\/\/www.celttv.com.ar\/#\/schema\/logo\/image\/\"}},{\"@type\":\"Person\",\"@id\":\"https:\/\/www.celttv.com.ar\/#\/schema\/person\/6d99c072dba59953809c81446e9d0ace\",\"name\":\"ulises\",\"image\":{\"@type\":\"ImageObject\",\"inLanguage\":\"es\",\"@id\":\"https:\/\/www.celttv.com.ar\/#\/schema\/person\/image\/\",\"url\":\"https:\/\/secure.gravatar.com\/avatar\/7f2c48bdc33b30088f941fb6082e555f2874c98e20cb159d7b92b50eadfce793?s=96&d=mm&r=g\",\"contentUrl\":\"https:\/\/secure.gravatar.com\/avatar\/7f2c48bdc33b30088f941fb6082e555f2874c98e20cb159d7b92b50eadfce793?s=96&d=mm&r=g\",\"caption\":\"ulises\"},\"sameAs\":[\"http:\/\/www.celttv.com.ar\"]}]}<\/script>\n<!-- \/ Yoast SEO plugin. -->","yoast_head_json":{"title":"CON GRAN \u00c9XITO SE REALIZ\u00d3 LA 7\u00ba FECHA DEL TORNEO SOCIAL DE ARQUERIA EN PARQUE NORTE (FOTOS) - CELTTV","description":"Sitio web de noticias de la localidad de Tornquist, provincia de Buenos Aires, Rep\u00fablica Argentina. Contenido propio originado por periodistas de CELTTV, el canal de TV local de la Cooperativa El\u00e9ctrica de Tornquist. Turismo, Pol\u00edtica, Sociedad, Deporte, Cultura y todo el contenido de inter\u00e9s general que la gente del pueblo y la regi\u00f3n debe conocer.","robots":{"index":"index","follow":"follow","max-snippet":"max-snippet:-1","max-image-preview":"max-image-preview:large","max-video-preview":"max-video-preview:-1"},"canonical":"https:\/\/www.celttv.com.ar\/index.php\/2018\/09\/16\/con-gran-exito-se-realizo-la-7o-fecha-del-torneo-social-de-arqueria-en-parque-norte-fotos\/","og_locale":"es_ES","og_type":"article","og_title":"CON GRAN \u00c9XITO SE REALIZ\u00d3 LA 7\u00ba FECHA DEL TORNEO SOCIAL DE ARQUERIA EN PARQUE NORTE (FOTOS) - CELTTV","og_description":"Sitio web de noticias de la localidad de Tornquist, provincia de Buenos Aires, Rep\u00fablica Argentina. Contenido propio originado por periodistas de CELTTV, el canal de TV local de la Cooperativa El\u00e9ctrica de Tornquist. Turismo, Pol\u00edtica, Sociedad, Deporte, Cultura y todo el contenido de inter\u00e9s general que la gente del pueblo y la regi\u00f3n debe conocer.","og_url":"https:\/\/www.celttv.com.ar\/index.php\/2018\/09\/16\/con-gran-exito-se-realizo-la-7o-fecha-del-torneo-social-de-arqueria-en-parque-norte-fotos\/","og_site_name":"CELTTV","article_publisher":"https:\/\/www.facebook.com\/celtTV\/","article_published_time":"2018-09-16T21:05:55+00:00","og_image":[{"width":1920,"height":1080,"url":"https:\/\/www.celttv.com.ar\/wp-content\/uploads\/2018\/09\/106_7157.jpg","type":"image\/jpeg"}],"author":"ulises","twitter_card":"summary_large_image","twitter_misc":{"Escrito por":"ulises","Tiempo de lectura":"1 minuto"},"schema":{"@context":"https:\/\/schema.org","@graph":[{"@type":"NewsArticle","@id":"https:\/\/www.celttv.com.ar\/index.php\/2018\/09\/16\/con-gran-exito-se-realizo-la-7o-fecha-del-torneo-social-de-arqueria-en-parque-norte-fotos\/#article","isPartOf":{"@id":"https:\/\/www.celttv.com.ar\/index.php\/2018\/09\/16\/con-gran-exito-se-realizo-la-7o-fecha-del-torneo-social-de-arqueria-en-parque-norte-fotos\/"},"author":{"name":"ulises","@id":"https:\/\/www.celttv.com.ar\/#\/schema\/person\/6d99c072dba59953809c81446e9d0ace"},"headline":"CON GRAN \u00c9XITO SE REALIZ\u00d3 LA 7\u00ba FECHA DEL TORNEO SOCIAL DE ARQUERIA EN PARQUE NORTE (FOTOS)","datePublished":"2018-09-16T21:05:55+00:00","dateModified":"2018-09-16T21:05:55+00:00","mainEntityOfPage":{"@id":"https:\/\/www.celttv.com.ar\/index.php\/2018\/09\/16\/con-gran-exito-se-realizo-la-7o-fecha-del-torneo-social-de-arqueria-en-parque-norte-fotos\/"},"wordCount":147,"publisher":{"@id":"https:\/\/www.celttv.com.ar\/#organization"},"articleSection":["Celt TV Noticias","Comunidad","Deporte","Destacadas","Magazine Sport"],"inLanguage":"es"},{"@type":"WebPage","@id":"https:\/\/www.celttv.com.ar\/index.php\/2018\/09\/16\/con-gran-exito-se-realizo-la-7o-fecha-del-torneo-social-de-arqueria-en-parque-norte-fotos\/","url":"https:\/\/www.celttv.com.ar\/index.php\/2018\/09\/16\/con-gran-exito-se-realizo-la-7o-fecha-del-torneo-social-de-arqueria-en-parque-norte-fotos\/","name":"CON GRAN \u00c9XITO SE REALIZ\u00d3 LA 7\u00ba FECHA DEL TORNEO SOCIAL DE ARQUERIA EN PARQUE NORTE (FOTOS) - CELTTV","isPartOf":{"@id":"https:\/\/www.celttv.com.ar\/#website"},"datePublished":"2018-09-16T21:05:55+00:00","dateModified":"2018-09-16T21:05:55+00:00","description":"Sitio web de noticias de la localidad de Tornquist, provincia de Buenos Aires, Rep\u00fablica Argentina. Contenido propio originado por periodistas de CELTTV, el canal de TV local de la Cooperativa El\u00e9ctrica de Tornquist. Turismo, Pol\u00edtica, Sociedad, Deporte, Cultura y todo el contenido de inter\u00e9s general que la gente del pueblo y la regi\u00f3n debe conocer.","breadcrumb":{"@id":"https:\/\/www.celttv.com.ar\/index.php\/2018\/09\/16\/con-gran-exito-se-realizo-la-7o-fecha-del-torneo-social-de-arqueria-en-parque-norte-fotos\/#breadcrumb"},"inLanguage":"es","potentialAction":[{"@type":"ReadAction","target":["https:\/\/www.celttv.com.ar\/index.php\/2018\/09\/16\/con-gran-exito-se-realizo-la-7o-fecha-del-torneo-social-de-arqueria-en-parque-norte-fotos\/"]}]},{"@type":"BreadcrumbList","@id":"https:\/\/www.celttv.com.ar\/index.php\/2018\/09\/16\/con-gran-exito-se-realizo-la-7o-fecha-del-torneo-social-de-arqueria-en-parque-norte-fotos\/#breadcrumb","itemListElement":[{"@type":"ListItem","position":1,"name":"Inicio","item":"https:\/\/www.celttv.com.ar\/"},{"@type":"ListItem","position":2,"name":"CON GRAN \u00c9XITO SE REALIZ\u00d3 LA 7\u00ba FECHA DEL TORNEO SOCIAL DE ARQUERIA EN PARQUE NORTE (FOTOS)"}]},{"@type":"WebSite","@id":"https:\/\/www.celttv.com.ar\/#website","url":"https:\/\/www.celttv.com.ar\/","name":"CELTTV","description":"Cooperativa El\u00e9ctrica de Tornquist","publisher":{"@id":"https:\/\/www.celttv.com.ar\/#organization"},"potentialAction":[{"@type":"SearchAction","target":{"@type":"EntryPoint","urlTemplate":"https:\/\/www.celttv.com.ar\/?s={search_term_string}"},"query-input":"required name=search_term_string"}],"inLanguage":"es"},{"@type":"Organization","@id":"https:\/\/www.celttv.com.ar\/#organization","name":"CELTTV","url":"https:\/\/www.celttv.com.ar\/","sameAs":["https:\/\/www.youtube.com\/channel\/UCz_oIt8Hig64Ub-EmcNPIhg","https:\/\/www.facebook.com\/celtTV\/"],"logo":{"@type":"ImageObject","inLanguage":"es","@id":"https:\/\/www.celttv.com.ar\/#\/schema\/logo\/image\/","url":"http:\/\/www.celttv.com.ar\/wp-content\/uploads\/2022\/08\/logo-1.png","contentUrl":"http:\/\/www.celttv.com.ar\/wp-content\/uploads\/2022\/08\/logo-1.png","width":461,"height":159,"caption":"CELTTV"},"image":{"@id":"https:\/\/www.celttv.com.ar\/#\/schema\/logo\/image\/"}},{"@type":"Person","@id":"https:\/\/www.celttv.com.ar\/#\/schema\/person\/6d99c072dba59953809c81446e9d0ace","name":"ulises","image":{"@type":"ImageObject","inLanguage":"es","@id":"https:\/\/www.celttv.com.ar\/#\/schema\/person\/image\/","url":"https:\/\/secure.gravatar.com\/avatar\/7f2c48bdc33b30088f941fb6082e555f2874c98e20cb159d7b92b50eadfce793?s=96&d=mm&r=g","contentUrl":"https:\/\/secure.gravatar.com\/avatar\/7f2c48bdc33b30088f941fb6082e555f2874c98e20cb159d7b92b50eadfce793?s=96&d=mm&r=g","caption":"ulises"},"sameAs":["http:\/\/www.celttv.com.ar"]}]}},"_links":{"self":[{"href":"https:\/\/www.celttv.com.ar\/index.php\/wp-json\/wp\/v2\/posts\/37110","targetHints":{"allow":["GET"]}}],"collection":[{"href":"https:\/\/www.celttv.com.ar\/index.php\/wp-json\/wp\/v2\/posts"}],"about":[{"href":"https:\/\/www.celttv.com.ar\/index.php\/wp-json\/wp\/v2\/types\/post"}],"author":[{"embeddable":true,"href":"https:\/\/www.celttv.com.ar\/index.php\/wp-json\/wp\/v2\/users\/1"}],"replies":[{"embeddable":true,"href":"https:\/\/www.celttv.com.ar\/index.php\/wp-json\/wp\/v2\/comments?post=37110"}],"version-history":[{"count":0,"href":"https:\/\/www.celttv.com.ar\/index.php\/wp-json\/wp\/v2\/posts\/37110\/revisions"}],"wp:featuredmedia":[{"embeddable":true,"href":"https:\/\/www.celttv.com.ar\/index.php\/wp-json\/wp\/v2\/media\/37162"}],"wp:attachment":[{"href":"https:\/\/www.celttv.com.ar\/index.php\/wp-json\/wp\/v2\/media?parent=37110"}],"wp:term":[{"taxonomy":"category","embeddable":true,"href":"https:\/\/www.celttv.com.ar\/index.php\/wp-json\/wp\/v2\/categories?post=37110"},{"taxonomy":"post_tag","embeddable":true,"href":"https:\/\/www.celttv.com.ar\/index.php\/wp-json\/wp\/v2\/tags?post=37110"}],"curies":[{"name":"wp","href":"https:\/\/api.w.org\/{rel}","templated":true}]}}