{"id":3720,"date":"2011-12-12T12:46:53","date_gmt":"2011-12-12T12:46:53","guid":{"rendered":"http:\/\/www.tvcnoticias.com.ar\/?p=3720"},"modified":"2011-12-12T12:46:53","modified_gmt":"2011-12-12T12:46:53","slug":"domingo-11-amanecimos-en-villa-ventana-sin-agua","status":"publish","type":"post","link":"https:\/\/www.celttv.com.ar\/index.php\/2011\/12\/12\/domingo-11-amanecimos-en-villa-ventana-sin-agua\/","title":{"rendered":"DOMINGO 11:  \u00a1\u00a1\u00a1\u2026AMANECIMOS EN VILLA VENTANA SIN AGUA\u2026!!!"},"content":{"rendered":"<p>Quiero dejar constancia con la presente de que esta ma\u00f1ana (7hs) \u00a0hemos comprobado que NO hab\u00eda UNA SOLA GOTA DE AGUA en nuestras canillas.\u00a0<br \/>\nContrariamente, al abrir la canilla una presi\u00f3n negativa de la red chupaba aire, lo que indica que probablemente desde la madrugada o trasnoche la red de la parte superior de la Villa, alimentada por la cisterna del CEPT,\u00a0 se qued\u00f3 SIN AGUA totalmente.<br \/>\nEn estos momentos, nuestra red domiciliaria est\u00e1 siendo alimentada directamente de nuestras reservas habiendo anulado la entrada de la red externa.<br \/>\n\u00bf\u00bf\u00bfC\u00f3mo es posible que esto suceda en Diciembre, con buen r\u00e9gimen de lluvias en el \u00a02011, habiendo llovido hace tan s\u00f3lo par de d\u00edas atr\u00e1s por lo que \u201csupuestamente\u201d no tendr\u00edan que haber estado regando\u2026???<br \/>\n\u00bf\u00bf\u00bfQu\u00e9 nos espera entonces en ENERO\u2026 con las altas temperaturas que ya estamos teniendo en estos d\u00edas\u2026???<br \/>\n\u00bf\u00bf\u00bfAGUA PARA 20.000 HABITANTES\u2026???\u00a0<br \/>\n\u00bf\u00bf\u00bfCU\u00c1NTOS HABITANTES TENEMOS ALOJADOS \u00a0ESTE FIN DE SEMANA LARGO \u00a0EN VILLA VENTANA\u2026???<br \/>\n\u00a0\u00bf\u00bf\u00bfQU\u00c9 CAPACIDAD DE ALOJAMIENTO REAL TENEMOS EN VILLA VENTANA\u2026???<br \/>\nNO es posible que se fomente crecimiento INFINITO cuando los recursos naturales NO renovables son precisamente FINITOS (petr\u00f3leo, gas, minerales, tierras f\u00e9rtiles y agua potable). Esto significa que se ir\u00e1n agotando velozmente por consumismo abusivo e irracional que hacen los seres humanos de los mismos.<br \/>\nEl AGUA deber\u00eda ser un recurso natural renovable por el \u00a0ciclo natural que lo regula. Pero la intervenci\u00f3n tan errada e irresponsable del hombre est\u00e1 provocando que se convierta en un recurso NO renovable, por derroches descomunales, por contaminaciones crecientes.\u00a0<br \/>\nEn nuestro lugar, contaminaciones crecientes con agrot\u00f3xicos con los que en nuestros alrededores de la comarca serrana nos est\u00e1n fumigando, con desechos cloacales que NO pueden ser absorbidos por la tierra debidamente por aumento de la densidad de poblaci\u00f3n en predios inmobiliarios reducidos.\u00a0<br \/>\nY a nivel global, contaminaciones crecientes con residuos de mega-miner\u00edas, residuos nucleares, residuos industriales, residuos domiciliarios, desechos cloacales, etc., asimismo por uso intensivo y abusivo que altera sus cursos naturales, por crecimiento infinito de la poblaci\u00f3n, por crecientes deforestaciones, por sequ\u00edas que el cambio clim\u00e1tico alterna con inundaciones, tifones, tsunamis, etc., alterando los ciclos naturales de cada lugar.\u00a0<br \/>\nToda la Humanidad colaborando aqu\u00ed y all\u00e1 para lograr que el AGUA se convierta en un recurso FINITO, NO RENOVABLE\u2026<br \/>\n<strong>Hayd\u00e9e Nohara<\/strong><\/p>\n","protected":false},"excerpt":{"rendered":"<p>Quiero dejar constancia con la presente de que esta ma\u00f1ana (7hs) \u00a0hemos comprobado que NO hab\u00eda UNA SOLA GOTA DE AGUA en nuestras canillas.\u00a0 Contrariamente, al abrir la canilla una presi\u00f3n negativa de la red chupaba aire, lo que indica que probablemente desde la madrugada o trasnoche la red de la parte superior de la [&hellip;]<\/p>\n","protected":false},"author":1,"featured_media":0,"comment_status":"closed","ping_status":"open","sticky":false,"template":"","format":"standard","meta":{"footnotes":""},"categories":[95],"tags":[],"class_list":["post-3720","post","type-post","status-publish","format-standard","hentry","category-opiniones"],"yoast_head":"<!-- This site is optimized with the Yoast SEO plugin v19.7.1 - https:\/\/yoast.com\/wordpress\/plugins\/seo\/ -->\n<title>DOMINGO 11: \u00a1\u00a1\u00a1\u2026AMANECIMOS EN VILLA VENTANA SIN AGUA\u2026!!! - CELTTV<\/title>\n<meta name=\"description\" content=\"Sitio web de noticias de la localidad de Tornquist, provincia de Buenos Aires, Rep\u00fablica Argentina. Contenido propio originado por periodistas de CELTTV, el canal de TV local de la Cooperativa El\u00e9ctrica de Tornquist. Turismo, Pol\u00edtica, Sociedad, Deporte, Cultura y todo el contenido de inter\u00e9s general que la gente del pueblo y la regi\u00f3n debe conocer.\" \/>\n<meta name=\"robots\" content=\"index, follow, max-snippet:-1, max-image-preview:large, max-video-preview:-1\" \/>\n<link rel=\"canonical\" href=\"https:\/\/www.celttv.com.ar\/index.php\/2011\/12\/12\/domingo-11-amanecimos-en-villa-ventana-sin-agua\/\" \/>\n<meta property=\"og:locale\" content=\"es_ES\" \/>\n<meta property=\"og:type\" content=\"article\" \/>\n<meta property=\"og:title\" content=\"DOMINGO 11: \u00a1\u00a1\u00a1\u2026AMANECIMOS EN VILLA VENTANA SIN AGUA\u2026!!! - CELTTV\" \/>\n<meta property=\"og:description\" content=\"Sitio web de noticias de la localidad de Tornquist, provincia de Buenos Aires, Rep\u00fablica Argentina. Contenido propio originado por periodistas de CELTTV, el canal de TV local de la Cooperativa El\u00e9ctrica de Tornquist. Turismo, Pol\u00edtica, Sociedad, Deporte, Cultura y todo el contenido de inter\u00e9s general que la gente del pueblo y la regi\u00f3n debe conocer.\" \/>\n<meta property=\"og:url\" content=\"https:\/\/www.celttv.com.ar\/index.php\/2011\/12\/12\/domingo-11-amanecimos-en-villa-ventana-sin-agua\/\" \/>\n<meta property=\"og:site_name\" content=\"CELTTV\" \/>\n<meta property=\"article:publisher\" content=\"https:\/\/www.facebook.com\/celtTV\/\" \/>\n<meta property=\"article:published_time\" content=\"2011-12-12T12:46:53+00:00\" \/>\n<meta name=\"author\" content=\"ulises\" \/>\n<meta name=\"twitter:card\" content=\"summary_large_image\" \/>\n<meta name=\"twitter:label1\" content=\"Escrito por\" \/>\n\t<meta name=\"twitter:data1\" content=\"ulises\" \/>\n\t<meta name=\"twitter:label2\" content=\"Tiempo de lectura\" \/>\n\t<meta name=\"twitter:data2\" content=\"2 minutos\" \/>\n<script type=\"application\/ld+json\" class=\"yoast-schema-graph\">{\"@context\":\"https:\/\/schema.org\",\"@graph\":[{\"@type\":\"NewsArticle\",\"@id\":\"https:\/\/www.celttv.com.ar\/index.php\/2011\/12\/12\/domingo-11-amanecimos-en-villa-ventana-sin-agua\/#article\",\"isPartOf\":{\"@id\":\"https:\/\/www.celttv.com.ar\/index.php\/2011\/12\/12\/domingo-11-amanecimos-en-villa-ventana-sin-agua\/\"},\"author\":{\"name\":\"ulises\",\"@id\":\"https:\/\/www.celttv.com.ar\/#\/schema\/person\/6d99c072dba59953809c81446e9d0ace\"},\"headline\":\"DOMINGO 11: \u00a1\u00a1\u00a1\u2026AMANECIMOS EN VILLA VENTANA SIN AGUA\u2026!!!\",\"datePublished\":\"2011-12-12T12:46:53+00:00\",\"dateModified\":\"2011-12-12T12:46:53+00:00\",\"mainEntityOfPage\":{\"@id\":\"https:\/\/www.celttv.com.ar\/index.php\/2011\/12\/12\/domingo-11-amanecimos-en-villa-ventana-sin-agua\/\"},\"wordCount\":402,\"publisher\":{\"@id\":\"https:\/\/www.celttv.com.ar\/#organization\"},\"articleSection\":[\"Opiniones\"],\"inLanguage\":\"es\"},{\"@type\":\"WebPage\",\"@id\":\"https:\/\/www.celttv.com.ar\/index.php\/2011\/12\/12\/domingo-11-amanecimos-en-villa-ventana-sin-agua\/\",\"url\":\"https:\/\/www.celttv.com.ar\/index.php\/2011\/12\/12\/domingo-11-amanecimos-en-villa-ventana-sin-agua\/\",\"name\":\"DOMINGO 11: \u00a1\u00a1\u00a1\u2026AMANECIMOS EN VILLA VENTANA SIN AGUA\u2026!!! - CELTTV\",\"isPartOf\":{\"@id\":\"https:\/\/www.celttv.com.ar\/#website\"},\"datePublished\":\"2011-12-12T12:46:53+00:00\",\"dateModified\":\"2011-12-12T12:46:53+00:00\",\"description\":\"Sitio web de noticias de la localidad de Tornquist, provincia de Buenos Aires, Rep\u00fablica Argentina. Contenido propio originado por periodistas de CELTTV, el canal de TV local de la Cooperativa El\u00e9ctrica de Tornquist. Turismo, Pol\u00edtica, Sociedad, Deporte, Cultura y todo el contenido de inter\u00e9s general que la gente del pueblo y la regi\u00f3n debe conocer.\",\"breadcrumb\":{\"@id\":\"https:\/\/www.celttv.com.ar\/index.php\/2011\/12\/12\/domingo-11-amanecimos-en-villa-ventana-sin-agua\/#breadcrumb\"},\"inLanguage\":\"es\",\"potentialAction\":[{\"@type\":\"ReadAction\",\"target\":[\"https:\/\/www.celttv.com.ar\/index.php\/2011\/12\/12\/domingo-11-amanecimos-en-villa-ventana-sin-agua\/\"]}]},{\"@type\":\"BreadcrumbList\",\"@id\":\"https:\/\/www.celttv.com.ar\/index.php\/2011\/12\/12\/domingo-11-amanecimos-en-villa-ventana-sin-agua\/#breadcrumb\",\"itemListElement\":[{\"@type\":\"ListItem\",\"position\":1,\"name\":\"Inicio\",\"item\":\"https:\/\/www.celttv.com.ar\/\"},{\"@type\":\"ListItem\",\"position\":2,\"name\":\"DOMINGO 11: \u00a1\u00a1\u00a1\u2026AMANECIMOS EN VILLA VENTANA SIN AGUA\u2026!!!\"}]},{\"@type\":\"WebSite\",\"@id\":\"https:\/\/www.celttv.com.ar\/#website\",\"url\":\"https:\/\/www.celttv.com.ar\/\",\"name\":\"CELTTV\",\"description\":\"Cooperativa El\u00e9ctrica de Tornquist\",\"publisher\":{\"@id\":\"https:\/\/www.celttv.com.ar\/#organization\"},\"potentialAction\":[{\"@type\":\"SearchAction\",\"target\":{\"@type\":\"EntryPoint\",\"urlTemplate\":\"https:\/\/www.celttv.com.ar\/?s={search_term_string}\"},\"query-input\":\"required name=search_term_string\"}],\"inLanguage\":\"es\"},{\"@type\":\"Organization\",\"@id\":\"https:\/\/www.celttv.com.ar\/#organization\",\"name\":\"CELTTV\",\"url\":\"https:\/\/www.celttv.com.ar\/\",\"sameAs\":[\"https:\/\/www.youtube.com\/channel\/UCz_oIt8Hig64Ub-EmcNPIhg\",\"https:\/\/www.facebook.com\/celtTV\/\"],\"logo\":{\"@type\":\"ImageObject\",\"inLanguage\":\"es\",\"@id\":\"https:\/\/www.celttv.com.ar\/#\/schema\/logo\/image\/\",\"url\":\"http:\/\/www.celttv.com.ar\/wp-content\/uploads\/2022\/08\/logo-1.png\",\"contentUrl\":\"http:\/\/www.celttv.com.ar\/wp-content\/uploads\/2022\/08\/logo-1.png\",\"width\":461,\"height\":159,\"caption\":\"CELTTV\"},\"image\":{\"@id\":\"https:\/\/www.celttv.com.ar\/#\/schema\/logo\/image\/\"}},{\"@type\":\"Person\",\"@id\":\"https:\/\/www.celttv.com.ar\/#\/schema\/person\/6d99c072dba59953809c81446e9d0ace\",\"name\":\"ulises\",\"image\":{\"@type\":\"ImageObject\",\"inLanguage\":\"es\",\"@id\":\"https:\/\/www.celttv.com.ar\/#\/schema\/person\/image\/\",\"url\":\"https:\/\/secure.gravatar.com\/avatar\/7f2c48bdc33b30088f941fb6082e555f2874c98e20cb159d7b92b50eadfce793?s=96&d=mm&r=g\",\"contentUrl\":\"https:\/\/secure.gravatar.com\/avatar\/7f2c48bdc33b30088f941fb6082e555f2874c98e20cb159d7b92b50eadfce793?s=96&d=mm&r=g\",\"caption\":\"ulises\"},\"sameAs\":[\"http:\/\/www.celttv.com.ar\"]}]}<\/script>\n<!-- \/ Yoast SEO plugin. -->","yoast_head_json":{"title":"DOMINGO 11: \u00a1\u00a1\u00a1\u2026AMANECIMOS EN VILLA VENTANA SIN AGUA\u2026!!! - CELTTV","description":"Sitio web de noticias de la localidad de Tornquist, provincia de Buenos Aires, Rep\u00fablica Argentina. Contenido propio originado por periodistas de CELTTV, el canal de TV local de la Cooperativa El\u00e9ctrica de Tornquist. Turismo, Pol\u00edtica, Sociedad, Deporte, Cultura y todo el contenido de inter\u00e9s general que la gente del pueblo y la regi\u00f3n debe conocer.","robots":{"index":"index","follow":"follow","max-snippet":"max-snippet:-1","max-image-preview":"max-image-preview:large","max-video-preview":"max-video-preview:-1"},"canonical":"https:\/\/www.celttv.com.ar\/index.php\/2011\/12\/12\/domingo-11-amanecimos-en-villa-ventana-sin-agua\/","og_locale":"es_ES","og_type":"article","og_title":"DOMINGO 11: \u00a1\u00a1\u00a1\u2026AMANECIMOS EN VILLA VENTANA SIN AGUA\u2026!!! - CELTTV","og_description":"Sitio web de noticias de la localidad de Tornquist, provincia de Buenos Aires, Rep\u00fablica Argentina. Contenido propio originado por periodistas de CELTTV, el canal de TV local de la Cooperativa El\u00e9ctrica de Tornquist. Turismo, Pol\u00edtica, Sociedad, Deporte, Cultura y todo el contenido de inter\u00e9s general que la gente del pueblo y la regi\u00f3n debe conocer.","og_url":"https:\/\/www.celttv.com.ar\/index.php\/2011\/12\/12\/domingo-11-amanecimos-en-villa-ventana-sin-agua\/","og_site_name":"CELTTV","article_publisher":"https:\/\/www.facebook.com\/celtTV\/","article_published_time":"2011-12-12T12:46:53+00:00","author":"ulises","twitter_card":"summary_large_image","twitter_misc":{"Escrito por":"ulises","Tiempo de lectura":"2 minutos"},"schema":{"@context":"https:\/\/schema.org","@graph":[{"@type":"NewsArticle","@id":"https:\/\/www.celttv.com.ar\/index.php\/2011\/12\/12\/domingo-11-amanecimos-en-villa-ventana-sin-agua\/#article","isPartOf":{"@id":"https:\/\/www.celttv.com.ar\/index.php\/2011\/12\/12\/domingo-11-amanecimos-en-villa-ventana-sin-agua\/"},"author":{"name":"ulises","@id":"https:\/\/www.celttv.com.ar\/#\/schema\/person\/6d99c072dba59953809c81446e9d0ace"},"headline":"DOMINGO 11: \u00a1\u00a1\u00a1\u2026AMANECIMOS EN VILLA VENTANA SIN AGUA\u2026!!!","datePublished":"2011-12-12T12:46:53+00:00","dateModified":"2011-12-12T12:46:53+00:00","mainEntityOfPage":{"@id":"https:\/\/www.celttv.com.ar\/index.php\/2011\/12\/12\/domingo-11-amanecimos-en-villa-ventana-sin-agua\/"},"wordCount":402,"publisher":{"@id":"https:\/\/www.celttv.com.ar\/#organization"},"articleSection":["Opiniones"],"inLanguage":"es"},{"@type":"WebPage","@id":"https:\/\/www.celttv.com.ar\/index.php\/2011\/12\/12\/domingo-11-amanecimos-en-villa-ventana-sin-agua\/","url":"https:\/\/www.celttv.com.ar\/index.php\/2011\/12\/12\/domingo-11-amanecimos-en-villa-ventana-sin-agua\/","name":"DOMINGO 11: \u00a1\u00a1\u00a1\u2026AMANECIMOS EN VILLA VENTANA SIN AGUA\u2026!!! - CELTTV","isPartOf":{"@id":"https:\/\/www.celttv.com.ar\/#website"},"datePublished":"2011-12-12T12:46:53+00:00","dateModified":"2011-12-12T12:46:53+00:00","description":"Sitio web de noticias de la localidad de Tornquist, provincia de Buenos Aires, Rep\u00fablica Argentina. Contenido propio originado por periodistas de CELTTV, el canal de TV local de la Cooperativa El\u00e9ctrica de Tornquist. Turismo, Pol\u00edtica, Sociedad, Deporte, Cultura y todo el contenido de inter\u00e9s general que la gente del pueblo y la regi\u00f3n debe conocer.","breadcrumb":{"@id":"https:\/\/www.celttv.com.ar\/index.php\/2011\/12\/12\/domingo-11-amanecimos-en-villa-ventana-sin-agua\/#breadcrumb"},"inLanguage":"es","potentialAction":[{"@type":"ReadAction","target":["https:\/\/www.celttv.com.ar\/index.php\/2011\/12\/12\/domingo-11-amanecimos-en-villa-ventana-sin-agua\/"]}]},{"@type":"BreadcrumbList","@id":"https:\/\/www.celttv.com.ar\/index.php\/2011\/12\/12\/domingo-11-amanecimos-en-villa-ventana-sin-agua\/#breadcrumb","itemListElement":[{"@type":"ListItem","position":1,"name":"Inicio","item":"https:\/\/www.celttv.com.ar\/"},{"@type":"ListItem","position":2,"name":"DOMINGO 11: \u00a1\u00a1\u00a1\u2026AMANECIMOS EN VILLA VENTANA SIN AGUA\u2026!!!"}]},{"@type":"WebSite","@id":"https:\/\/www.celttv.com.ar\/#website","url":"https:\/\/www.celttv.com.ar\/","name":"CELTTV","description":"Cooperativa El\u00e9ctrica de Tornquist","publisher":{"@id":"https:\/\/www.celttv.com.ar\/#organization"},"potentialAction":[{"@type":"SearchAction","target":{"@type":"EntryPoint","urlTemplate":"https:\/\/www.celttv.com.ar\/?s={search_term_string}"},"query-input":"required name=search_term_string"}],"inLanguage":"es"},{"@type":"Organization","@id":"https:\/\/www.celttv.com.ar\/#organization","name":"CELTTV","url":"https:\/\/www.celttv.com.ar\/","sameAs":["https:\/\/www.youtube.com\/channel\/UCz_oIt8Hig64Ub-EmcNPIhg","https:\/\/www.facebook.com\/celtTV\/"],"logo":{"@type":"ImageObject","inLanguage":"es","@id":"https:\/\/www.celttv.com.ar\/#\/schema\/logo\/image\/","url":"http:\/\/www.celttv.com.ar\/wp-content\/uploads\/2022\/08\/logo-1.png","contentUrl":"http:\/\/www.celttv.com.ar\/wp-content\/uploads\/2022\/08\/logo-1.png","width":461,"height":159,"caption":"CELTTV"},"image":{"@id":"https:\/\/www.celttv.com.ar\/#\/schema\/logo\/image\/"}},{"@type":"Person","@id":"https:\/\/www.celttv.com.ar\/#\/schema\/person\/6d99c072dba59953809c81446e9d0ace","name":"ulises","image":{"@type":"ImageObject","inLanguage":"es","@id":"https:\/\/www.celttv.com.ar\/#\/schema\/person\/image\/","url":"https:\/\/secure.gravatar.com\/avatar\/7f2c48bdc33b30088f941fb6082e555f2874c98e20cb159d7b92b50eadfce793?s=96&d=mm&r=g","contentUrl":"https:\/\/secure.gravatar.com\/avatar\/7f2c48bdc33b30088f941fb6082e555f2874c98e20cb159d7b92b50eadfce793?s=96&d=mm&r=g","caption":"ulises"},"sameAs":["http:\/\/www.celttv.com.ar"]}]}},"_links":{"self":[{"href":"https:\/\/www.celttv.com.ar\/index.php\/wp-json\/wp\/v2\/posts\/3720","targetHints":{"allow":["GET"]}}],"collection":[{"href":"https:\/\/www.celttv.com.ar\/index.php\/wp-json\/wp\/v2\/posts"}],"about":[{"href":"https:\/\/www.celttv.com.ar\/index.php\/wp-json\/wp\/v2\/types\/post"}],"author":[{"embeddable":true,"href":"https:\/\/www.celttv.com.ar\/index.php\/wp-json\/wp\/v2\/users\/1"}],"replies":[{"embeddable":true,"href":"https:\/\/www.celttv.com.ar\/index.php\/wp-json\/wp\/v2\/comments?post=3720"}],"version-history":[{"count":0,"href":"https:\/\/www.celttv.com.ar\/index.php\/wp-json\/wp\/v2\/posts\/3720\/revisions"}],"wp:attachment":[{"href":"https:\/\/www.celttv.com.ar\/index.php\/wp-json\/wp\/v2\/media?parent=3720"}],"wp:term":[{"taxonomy":"category","embeddable":true,"href":"https:\/\/www.celttv.com.ar\/index.php\/wp-json\/wp\/v2\/categories?post=3720"},{"taxonomy":"post_tag","embeddable":true,"href":"https:\/\/www.celttv.com.ar\/index.php\/wp-json\/wp\/v2\/tags?post=3720"}],"curies":[{"name":"wp","href":"https:\/\/api.w.org\/{rel}","templated":true}]}}