{"id":37211,"date":"2018-09-17T00:59:13","date_gmt":"2018-09-17T00:59:13","guid":{"rendered":"http:\/\/www.celttv.com.ar\/?p=37211"},"modified":"2018-09-17T00:59:13","modified_gmt":"2018-09-17T00:59:13","slug":"si-no-sufre-no-vale","status":"publish","type":"post","link":"https:\/\/www.celttv.com.ar\/index.php\/2018\/09\/17\/si-no-sufre-no-vale\/","title":{"rendered":"SI NO SUFRE NO VALE"},"content":{"rendered":"<p>Automoto venci\u00f3 por la m\u00ednima a Atl\u00e9tico Huanguel\u00e9n con gol de Marcos Piedrabuena. Lo pudo ganar por m\u00e1s y lo termin\u00f3 sufriendo.<br \/>\nNinguno de los dos hab\u00eda arrancado bien el clausura y necesitaban la victoria como agua en el desierto. Automoto con el regreso de Aller por el expulsado Escobar. En Huanguel\u00e9n dos debuts. Enzo Barai y Manuel Alonso vest\u00edan por primera vez la camiseta albiverde en la m\u00e1xima divisi\u00f3n.<br \/>\nEn inicio del partido lo tuvo mejor a Automoto, que antes de los cinco minutos hab\u00eda tenido dos claras para abrir el marcador. Primero Gim\u00e9nez en el punto penal remat\u00f3 y sac\u00f3 Van der Tuin, luego Aller gan\u00f3 en lo alto y nuevamente el \u201c1\u201d sac\u00f3 arroj\u00e1ndose a su izquierda.<br \/>\nCon el correr de los minutos el partido se fue emparejando y no porque crezca la visita sino porque Automoto le sac\u00f3 el pie al ascelerador.<br \/>\nEl elenco de Mart\u00ednez intent\u00f3 con un remate de Balvidares y un tiro libre sin riesgo de Palacio, mientras que nuevamente Van der Tuin se luci\u00f3, esta vez ante Piedrabuena. Y eso iba a ser una premonici\u00f3n de lo que pasar\u00eda a los 42 minutos. Un tiro de esquina donde la pelota queda en el \u00e1rea y la visita no la puede despejar, Pollio remata a quemarropa, el arquero saca incre\u00edblemente y el rebote lo captura <strong>Marcos Piedrabuena<\/strong> para poner el 1 a 0.<br \/>\nEn el segundo tiempo Huanguel\u00e9n sali\u00f3 un poco m\u00e1s del fondo con la idea de buscar el empate. Automoto se par\u00f3 bien y trat\u00f3 de apostar a la contra, con Gim\u00e9nez pivoteando y aguantando para descargar con los volantes que pasaban como dos flechas.<br \/>\nAs\u00ed fueron pasando los minutos y Van der Tuin se termin\u00f3 de convertir en figura, sac\u00e1ndole los remates a Piedrabuena primero y luego a Reynoso.<br \/>\nLa m\u00e1s clara quiz\u00e1s fue a los 22\u2019 cuando el autor del gol qued\u00f3 cara a cara con el arquero y en vez de definir prefiri\u00f3 asistir a Gim\u00e9nez. El pase qued\u00f3 un poco largo y la jugada se diluy\u00f3. Pasando la media hora fue Peralta quien de tiro libre exigi\u00f3 nuevamente al portero albiverde.<br \/>\nEn los \u00faltimos minutos Huanguel\u00e9n fue a fuerza de centros y pelotazos a Palacio que complicaron un poco a la defensa azulgrana, quien hasta ah\u00ed hab\u00eda tenido un partido pr\u00e1cticamente perfecto. Primero fue Pitano quien se lo pierde dentro del \u00e1rea, y luego despu\u00e9s de un centro bajo fue Aller quien despej\u00f3 ante la arremetida de la delantera \u201caceitera\u201d.<br \/>\nSolo qued\u00f3 tiempo para que N\u00fa\u00f1ez se escape a los 48\u2019 para liquidarlo, pero quien otro sino Van der Tuin para quedarse con el duelo.<br \/>\nAutomoto consigui\u00f3 la primera victoria del clausura, que pudo ser por goleada pero casi lo termin\u00f3 sufriendo. Huanguel\u00e9n no puede levantar cabeza ni conseguir puntos en esta etapa del campeonato.<br \/>\n<strong>Automoto:<\/strong> Maximiliano F\u00f3gel; Ram\u00f3n Aller, Justo Zas, Gast\u00f3n Pollio, Agust\u00edn Franco; Agust\u00edn Reynoso, Emiliano Sandoval, Arturo Peralta, Facundo Villar; Marcos Piedrabuena y Lucas Gim\u00e9nez. DT: Eduardo Salvi.<br \/>\n<u>Cambios:<\/u> ST: 28\u2019 Ayrton N\u00fa\u00f1ez por Reynoso, 39\u2019 Jerem\u00edas Lacasta por Gim\u00e9nez, 45\u2019 Franco Cibelli por Piedrabuena.<br \/>\n<u>Supl:<\/u> Joaqu\u00edn Castelli y Facundo Quiroga.<br \/>\n<strong>Atl. Huaguel\u00e9n:<\/strong> Federico Van der Tuin; Juan Cruz Balvidares, Federico Bravo, Daniel Musso, Enzo Brai; Emanuel Allen, Germ\u00e1n Durand, Manuel Alonso; Francisco Pitano; Ramiro Palacio y Nahuel Stamm. DT: Javier Mart\u00ednez.<br \/>\n<u>Cambios:<\/u> ST: 12\u2019 Eduardo Balvidares por Stamm, 25\u2019 Elian Fibiger por Alonso, 36\u2019 Gonzalo Kuhn por Bravo.<br \/>\n<u>Supl:<\/u> Mat\u00edas Schoffer y Joel Sternari.<br \/>\n<u>Gol:<\/u> PT: 42\u2019 Marcos Piedrabuena (A)<br \/>\n<u>\u00c1rbitro:<\/u> Daniel Ferreyra (4)<br \/>\n<u>Cancha:<\/u> Estadio Agust\u00edn Ruppel<br \/>\n<u>Reserva:<\/u> Automoto 1 &#8211; Atl. Huanguel\u00e9n 4<br \/>\n<a href=\"https:\/\/www.facebook.com\/pg\/solofutbolcanal2\/photos\/?tab=album&amp;album_id=904806246395233\" target=\"_blank\" rel=\"noopener\">\u00c1lbum de Fotos: Solo F\u00fatbol<\/a><br \/>\n<a href=\"http:\/\/www.celttv.com.ar\/?attachment_id=37212\" rel=\"attachment wp-att-37212\"><img loading=\"lazy\" decoding=\"async\" class=\"alignleft size-medium wp-image-37212\" src=\"http:\/\/www.celttv.com.ar\/wp-content\/uploads\/2018\/09\/DSC_0940-780x520.jpg\" alt=\"\" width=\"780\" height=\"520\" \/><\/a> <a href=\"http:\/\/www.celttv.com.ar\/?attachment_id=37213\" rel=\"attachment wp-att-37213\"><img loading=\"lazy\" decoding=\"async\" class=\"alignleft size-medium wp-image-37213\" src=\"http:\/\/www.celttv.com.ar\/wp-content\/uploads\/2018\/09\/DSC_0949-780x520.jpg\" alt=\"\" width=\"780\" height=\"520\" \/><\/a> <a href=\"http:\/\/www.celttv.com.ar\/?attachment_id=37214\" rel=\"attachment wp-att-37214\"><img loading=\"lazy\" decoding=\"async\" class=\"alignleft size-medium wp-image-37214\" src=\"http:\/\/www.celttv.com.ar\/wp-content\/uploads\/2018\/09\/DSC_0951-780x520.jpg\" alt=\"\" width=\"780\" height=\"520\" \/><\/a><\/p>\n","protected":false},"excerpt":{"rendered":"<p>Automoto venci\u00f3 por la m\u00ednima a Atl\u00e9tico Huanguel\u00e9n con gol de Marcos Piedrabuena. Lo pudo ganar por m\u00e1s y lo termin\u00f3 sufriendo. Ninguno de los dos hab\u00eda arrancado bien el clausura y necesitaban la victoria como agua en el desierto. Automoto con el regreso de Aller por el expulsado Escobar. En Huanguel\u00e9n dos debuts. Enzo [&hellip;]<\/p>\n","protected":false},"author":1,"featured_media":37339,"comment_status":"closed","ping_status":"open","sticky":false,"template":"","format":"standard","meta":{"footnotes":""},"categories":[60,52,76],"tags":[],"class_list":["post-37211","post","type-post","status-publish","format-standard","has-post-thumbnail","hentry","category-deporte","category-destacadas","category-solo-futbol"],"yoast_head":"<!-- This site is optimized with the Yoast SEO plugin v19.7.1 - https:\/\/yoast.com\/wordpress\/plugins\/seo\/ -->\n<title>SI NO SUFRE NO VALE - CELTTV<\/title>\n<meta name=\"description\" content=\"Sitio web de noticias de la localidad de Tornquist, provincia de Buenos Aires, Rep\u00fablica Argentina. Contenido propio originado por periodistas de CELTTV, el canal de TV local de la Cooperativa El\u00e9ctrica de Tornquist. Turismo, Pol\u00edtica, Sociedad, Deporte, Cultura y todo el contenido de inter\u00e9s general que la gente del pueblo y la regi\u00f3n debe conocer.\" \/>\n<meta name=\"robots\" content=\"index, follow, max-snippet:-1, max-image-preview:large, max-video-preview:-1\" \/>\n<link rel=\"canonical\" href=\"https:\/\/www.celttv.com.ar\/index.php\/2018\/09\/17\/si-no-sufre-no-vale\/\" \/>\n<meta property=\"og:locale\" content=\"es_ES\" \/>\n<meta property=\"og:type\" content=\"article\" \/>\n<meta property=\"og:title\" content=\"SI NO SUFRE NO VALE - CELTTV\" \/>\n<meta property=\"og:description\" content=\"Sitio web de noticias de la localidad de Tornquist, provincia de Buenos Aires, Rep\u00fablica Argentina. Contenido propio originado por periodistas de CELTTV, el canal de TV local de la Cooperativa El\u00e9ctrica de Tornquist. Turismo, Pol\u00edtica, Sociedad, Deporte, Cultura y todo el contenido de inter\u00e9s general que la gente del pueblo y la regi\u00f3n debe conocer.\" \/>\n<meta property=\"og:url\" content=\"https:\/\/www.celttv.com.ar\/index.php\/2018\/09\/17\/si-no-sufre-no-vale\/\" \/>\n<meta property=\"og:site_name\" content=\"CELTTV\" \/>\n<meta property=\"article:publisher\" content=\"https:\/\/www.facebook.com\/celtTV\/\" \/>\n<meta property=\"article:published_time\" content=\"2018-09-17T00:59:13+00:00\" \/>\n<meta property=\"og:image\" content=\"https:\/\/www.celttv.com.ar\/wp-content\/uploads\/2018\/09\/DSC_0951-1.jpg\" \/>\n\t<meta property=\"og:image:width\" content=\"960\" \/>\n\t<meta property=\"og:image:height\" content=\"640\" \/>\n\t<meta property=\"og:image:type\" content=\"image\/jpeg\" \/>\n<meta name=\"author\" content=\"ulises\" \/>\n<meta name=\"twitter:card\" content=\"summary_large_image\" \/>\n<meta name=\"twitter:label1\" content=\"Escrito por\" \/>\n\t<meta name=\"twitter:data1\" content=\"ulises\" \/>\n\t<meta name=\"twitter:label2\" content=\"Tiempo de lectura\" \/>\n\t<meta name=\"twitter:data2\" content=\"3 minutos\" \/>\n<script type=\"application\/ld+json\" class=\"yoast-schema-graph\">{\"@context\":\"https:\/\/schema.org\",\"@graph\":[{\"@type\":\"NewsArticle\",\"@id\":\"https:\/\/www.celttv.com.ar\/index.php\/2018\/09\/17\/si-no-sufre-no-vale\/#article\",\"isPartOf\":{\"@id\":\"https:\/\/www.celttv.com.ar\/index.php\/2018\/09\/17\/si-no-sufre-no-vale\/\"},\"author\":{\"name\":\"ulises\",\"@id\":\"https:\/\/www.celttv.com.ar\/#\/schema\/person\/6d99c072dba59953809c81446e9d0ace\"},\"headline\":\"SI NO SUFRE NO VALE\",\"datePublished\":\"2018-09-17T00:59:13+00:00\",\"dateModified\":\"2018-09-17T00:59:13+00:00\",\"mainEntityOfPage\":{\"@id\":\"https:\/\/www.celttv.com.ar\/index.php\/2018\/09\/17\/si-no-sufre-no-vale\/\"},\"wordCount\":633,\"publisher\":{\"@id\":\"https:\/\/www.celttv.com.ar\/#organization\"},\"articleSection\":[\"Deporte\",\"Destacadas\",\"Solo Futbol\"],\"inLanguage\":\"es\"},{\"@type\":\"WebPage\",\"@id\":\"https:\/\/www.celttv.com.ar\/index.php\/2018\/09\/17\/si-no-sufre-no-vale\/\",\"url\":\"https:\/\/www.celttv.com.ar\/index.php\/2018\/09\/17\/si-no-sufre-no-vale\/\",\"name\":\"SI NO SUFRE NO VALE - CELTTV\",\"isPartOf\":{\"@id\":\"https:\/\/www.celttv.com.ar\/#website\"},\"datePublished\":\"2018-09-17T00:59:13+00:00\",\"dateModified\":\"2018-09-17T00:59:13+00:00\",\"description\":\"Sitio web de noticias de la localidad de Tornquist, provincia de Buenos Aires, Rep\u00fablica Argentina. Contenido propio originado por periodistas de CELTTV, el canal de TV local de la Cooperativa El\u00e9ctrica de Tornquist. Turismo, Pol\u00edtica, Sociedad, Deporte, Cultura y todo el contenido de inter\u00e9s general que la gente del pueblo y la regi\u00f3n debe conocer.\",\"breadcrumb\":{\"@id\":\"https:\/\/www.celttv.com.ar\/index.php\/2018\/09\/17\/si-no-sufre-no-vale\/#breadcrumb\"},\"inLanguage\":\"es\",\"potentialAction\":[{\"@type\":\"ReadAction\",\"target\":[\"https:\/\/www.celttv.com.ar\/index.php\/2018\/09\/17\/si-no-sufre-no-vale\/\"]}]},{\"@type\":\"BreadcrumbList\",\"@id\":\"https:\/\/www.celttv.com.ar\/index.php\/2018\/09\/17\/si-no-sufre-no-vale\/#breadcrumb\",\"itemListElement\":[{\"@type\":\"ListItem\",\"position\":1,\"name\":\"Inicio\",\"item\":\"https:\/\/www.celttv.com.ar\/\"},{\"@type\":\"ListItem\",\"position\":2,\"name\":\"SI NO SUFRE NO VALE\"}]},{\"@type\":\"WebSite\",\"@id\":\"https:\/\/www.celttv.com.ar\/#website\",\"url\":\"https:\/\/www.celttv.com.ar\/\",\"name\":\"CELTTV\",\"description\":\"Cooperativa El\u00e9ctrica de Tornquist\",\"publisher\":{\"@id\":\"https:\/\/www.celttv.com.ar\/#organization\"},\"potentialAction\":[{\"@type\":\"SearchAction\",\"target\":{\"@type\":\"EntryPoint\",\"urlTemplate\":\"https:\/\/www.celttv.com.ar\/?s={search_term_string}\"},\"query-input\":\"required name=search_term_string\"}],\"inLanguage\":\"es\"},{\"@type\":\"Organization\",\"@id\":\"https:\/\/www.celttv.com.ar\/#organization\",\"name\":\"CELTTV\",\"url\":\"https:\/\/www.celttv.com.ar\/\",\"sameAs\":[\"https:\/\/www.youtube.com\/channel\/UCz_oIt8Hig64Ub-EmcNPIhg\",\"https:\/\/www.facebook.com\/celtTV\/\"],\"logo\":{\"@type\":\"ImageObject\",\"inLanguage\":\"es\",\"@id\":\"https:\/\/www.celttv.com.ar\/#\/schema\/logo\/image\/\",\"url\":\"http:\/\/www.celttv.com.ar\/wp-content\/uploads\/2022\/08\/logo-1.png\",\"contentUrl\":\"http:\/\/www.celttv.com.ar\/wp-content\/uploads\/2022\/08\/logo-1.png\",\"width\":461,\"height\":159,\"caption\":\"CELTTV\"},\"image\":{\"@id\":\"https:\/\/www.celttv.com.ar\/#\/schema\/logo\/image\/\"}},{\"@type\":\"Person\",\"@id\":\"https:\/\/www.celttv.com.ar\/#\/schema\/person\/6d99c072dba59953809c81446e9d0ace\",\"name\":\"ulises\",\"image\":{\"@type\":\"ImageObject\",\"inLanguage\":\"es\",\"@id\":\"https:\/\/www.celttv.com.ar\/#\/schema\/person\/image\/\",\"url\":\"https:\/\/secure.gravatar.com\/avatar\/7f2c48bdc33b30088f941fb6082e555f2874c98e20cb159d7b92b50eadfce793?s=96&d=mm&r=g\",\"contentUrl\":\"https:\/\/secure.gravatar.com\/avatar\/7f2c48bdc33b30088f941fb6082e555f2874c98e20cb159d7b92b50eadfce793?s=96&d=mm&r=g\",\"caption\":\"ulises\"},\"sameAs\":[\"http:\/\/www.celttv.com.ar\"]}]}<\/script>\n<!-- \/ Yoast SEO plugin. -->","yoast_head_json":{"title":"SI NO SUFRE NO VALE - CELTTV","description":"Sitio web de noticias de la localidad de Tornquist, provincia de Buenos Aires, Rep\u00fablica Argentina. Contenido propio originado por periodistas de CELTTV, el canal de TV local de la Cooperativa El\u00e9ctrica de Tornquist. Turismo, Pol\u00edtica, Sociedad, Deporte, Cultura y todo el contenido de inter\u00e9s general que la gente del pueblo y la regi\u00f3n debe conocer.","robots":{"index":"index","follow":"follow","max-snippet":"max-snippet:-1","max-image-preview":"max-image-preview:large","max-video-preview":"max-video-preview:-1"},"canonical":"https:\/\/www.celttv.com.ar\/index.php\/2018\/09\/17\/si-no-sufre-no-vale\/","og_locale":"es_ES","og_type":"article","og_title":"SI NO SUFRE NO VALE - CELTTV","og_description":"Sitio web de noticias de la localidad de Tornquist, provincia de Buenos Aires, Rep\u00fablica Argentina. Contenido propio originado por periodistas de CELTTV, el canal de TV local de la Cooperativa El\u00e9ctrica de Tornquist. Turismo, Pol\u00edtica, Sociedad, Deporte, Cultura y todo el contenido de inter\u00e9s general que la gente del pueblo y la regi\u00f3n debe conocer.","og_url":"https:\/\/www.celttv.com.ar\/index.php\/2018\/09\/17\/si-no-sufre-no-vale\/","og_site_name":"CELTTV","article_publisher":"https:\/\/www.facebook.com\/celtTV\/","article_published_time":"2018-09-17T00:59:13+00:00","og_image":[{"width":960,"height":640,"url":"https:\/\/www.celttv.com.ar\/wp-content\/uploads\/2018\/09\/DSC_0951-1.jpg","type":"image\/jpeg"}],"author":"ulises","twitter_card":"summary_large_image","twitter_misc":{"Escrito por":"ulises","Tiempo de lectura":"3 minutos"},"schema":{"@context":"https:\/\/schema.org","@graph":[{"@type":"NewsArticle","@id":"https:\/\/www.celttv.com.ar\/index.php\/2018\/09\/17\/si-no-sufre-no-vale\/#article","isPartOf":{"@id":"https:\/\/www.celttv.com.ar\/index.php\/2018\/09\/17\/si-no-sufre-no-vale\/"},"author":{"name":"ulises","@id":"https:\/\/www.celttv.com.ar\/#\/schema\/person\/6d99c072dba59953809c81446e9d0ace"},"headline":"SI NO SUFRE NO VALE","datePublished":"2018-09-17T00:59:13+00:00","dateModified":"2018-09-17T00:59:13+00:00","mainEntityOfPage":{"@id":"https:\/\/www.celttv.com.ar\/index.php\/2018\/09\/17\/si-no-sufre-no-vale\/"},"wordCount":633,"publisher":{"@id":"https:\/\/www.celttv.com.ar\/#organization"},"articleSection":["Deporte","Destacadas","Solo Futbol"],"inLanguage":"es"},{"@type":"WebPage","@id":"https:\/\/www.celttv.com.ar\/index.php\/2018\/09\/17\/si-no-sufre-no-vale\/","url":"https:\/\/www.celttv.com.ar\/index.php\/2018\/09\/17\/si-no-sufre-no-vale\/","name":"SI NO SUFRE NO VALE - CELTTV","isPartOf":{"@id":"https:\/\/www.celttv.com.ar\/#website"},"datePublished":"2018-09-17T00:59:13+00:00","dateModified":"2018-09-17T00:59:13+00:00","description":"Sitio web de noticias de la localidad de Tornquist, provincia de Buenos Aires, Rep\u00fablica Argentina. Contenido propio originado por periodistas de CELTTV, el canal de TV local de la Cooperativa El\u00e9ctrica de Tornquist. Turismo, Pol\u00edtica, Sociedad, Deporte, Cultura y todo el contenido de inter\u00e9s general que la gente del pueblo y la regi\u00f3n debe conocer.","breadcrumb":{"@id":"https:\/\/www.celttv.com.ar\/index.php\/2018\/09\/17\/si-no-sufre-no-vale\/#breadcrumb"},"inLanguage":"es","potentialAction":[{"@type":"ReadAction","target":["https:\/\/www.celttv.com.ar\/index.php\/2018\/09\/17\/si-no-sufre-no-vale\/"]}]},{"@type":"BreadcrumbList","@id":"https:\/\/www.celttv.com.ar\/index.php\/2018\/09\/17\/si-no-sufre-no-vale\/#breadcrumb","itemListElement":[{"@type":"ListItem","position":1,"name":"Inicio","item":"https:\/\/www.celttv.com.ar\/"},{"@type":"ListItem","position":2,"name":"SI NO SUFRE NO VALE"}]},{"@type":"WebSite","@id":"https:\/\/www.celttv.com.ar\/#website","url":"https:\/\/www.celttv.com.ar\/","name":"CELTTV","description":"Cooperativa El\u00e9ctrica de Tornquist","publisher":{"@id":"https:\/\/www.celttv.com.ar\/#organization"},"potentialAction":[{"@type":"SearchAction","target":{"@type":"EntryPoint","urlTemplate":"https:\/\/www.celttv.com.ar\/?s={search_term_string}"},"query-input":"required name=search_term_string"}],"inLanguage":"es"},{"@type":"Organization","@id":"https:\/\/www.celttv.com.ar\/#organization","name":"CELTTV","url":"https:\/\/www.celttv.com.ar\/","sameAs":["https:\/\/www.youtube.com\/channel\/UCz_oIt8Hig64Ub-EmcNPIhg","https:\/\/www.facebook.com\/celtTV\/"],"logo":{"@type":"ImageObject","inLanguage":"es","@id":"https:\/\/www.celttv.com.ar\/#\/schema\/logo\/image\/","url":"http:\/\/www.celttv.com.ar\/wp-content\/uploads\/2022\/08\/logo-1.png","contentUrl":"http:\/\/www.celttv.com.ar\/wp-content\/uploads\/2022\/08\/logo-1.png","width":461,"height":159,"caption":"CELTTV"},"image":{"@id":"https:\/\/www.celttv.com.ar\/#\/schema\/logo\/image\/"}},{"@type":"Person","@id":"https:\/\/www.celttv.com.ar\/#\/schema\/person\/6d99c072dba59953809c81446e9d0ace","name":"ulises","image":{"@type":"ImageObject","inLanguage":"es","@id":"https:\/\/www.celttv.com.ar\/#\/schema\/person\/image\/","url":"https:\/\/secure.gravatar.com\/avatar\/7f2c48bdc33b30088f941fb6082e555f2874c98e20cb159d7b92b50eadfce793?s=96&d=mm&r=g","contentUrl":"https:\/\/secure.gravatar.com\/avatar\/7f2c48bdc33b30088f941fb6082e555f2874c98e20cb159d7b92b50eadfce793?s=96&d=mm&r=g","caption":"ulises"},"sameAs":["http:\/\/www.celttv.com.ar"]}]}},"_links":{"self":[{"href":"https:\/\/www.celttv.com.ar\/index.php\/wp-json\/wp\/v2\/posts\/37211","targetHints":{"allow":["GET"]}}],"collection":[{"href":"https:\/\/www.celttv.com.ar\/index.php\/wp-json\/wp\/v2\/posts"}],"about":[{"href":"https:\/\/www.celttv.com.ar\/index.php\/wp-json\/wp\/v2\/types\/post"}],"author":[{"embeddable":true,"href":"https:\/\/www.celttv.com.ar\/index.php\/wp-json\/wp\/v2\/users\/1"}],"replies":[{"embeddable":true,"href":"https:\/\/www.celttv.com.ar\/index.php\/wp-json\/wp\/v2\/comments?post=37211"}],"version-history":[{"count":0,"href":"https:\/\/www.celttv.com.ar\/index.php\/wp-json\/wp\/v2\/posts\/37211\/revisions"}],"wp:featuredmedia":[{"embeddable":true,"href":"https:\/\/www.celttv.com.ar\/index.php\/wp-json\/wp\/v2\/media\/37339"}],"wp:attachment":[{"href":"https:\/\/www.celttv.com.ar\/index.php\/wp-json\/wp\/v2\/media?parent=37211"}],"wp:term":[{"taxonomy":"category","embeddable":true,"href":"https:\/\/www.celttv.com.ar\/index.php\/wp-json\/wp\/v2\/categories?post=37211"},{"taxonomy":"post_tag","embeddable":true,"href":"https:\/\/www.celttv.com.ar\/index.php\/wp-json\/wp\/v2\/tags?post=37211"}],"curies":[{"name":"wp","href":"https:\/\/api.w.org\/{rel}","templated":true}]}}