{"id":37234,"date":"2018-09-17T23:04:40","date_gmt":"2018-09-17T23:04:40","guid":{"rendered":"http:\/\/www.celttv.com.ar\/?p=37234"},"modified":"2018-09-17T23:04:40","modified_gmt":"2018-09-17T23:04:40","slug":"municipios-de-la-region-participan-en-la-uns-de-un-programa-provincial-para-el-desarrollo-productivo","status":"publish","type":"post","link":"https:\/\/www.celttv.com.ar\/index.php\/2018\/09\/17\/municipios-de-la-region-participan-en-la-uns-de-un-programa-provincial-para-el-desarrollo-productivo\/","title":{"rendered":"Municipios de la Regi\u00f3n participan en la UNS de un programa provincial para el desarrollo productivo"},"content":{"rendered":"<p dir=\"ltr\">Con el objetivo trabajar sobre la soluci\u00f3n de problemas y la transformaci\u00f3n del entorno productivo de los municipios bonaerenses junto con las instituciones y organizaciones territoriales, comenz\u00f3 el pasado lunes el primer encuentro del programa \u201cFortalecimiento y desarrollo de los municipios y agentes territoriales\u201d en el Centro Hist\u00f3rico Cultural, de la Universidad Nacional del Sur.<\/p>\n<p>&nbsp;<\/p>\n<p dir=\"ltr\">La iniciativa, que pone el foco en las PyMEs, fue creada por el Ministerio de Producci\u00f3n junto con CEPAL, y consta de cuatro m\u00f3dulos de capacitaciones que se llevar\u00e1n a cabo durante diversas jornadas en cuatro altas casas de estudios: la Universidad Nacional del Sur, en Bah\u00eda Blanca; la Universidad Nacional de La Plata; Universidad Nacional del Centro de la Provincia de Buenos Aires, en Tandil; y la Universidad Nacional del Noroeste de la Provincia de Buenos Aires, en Jun\u00edn.<\/p>\n<p>&nbsp;<\/p>\n<p dir=\"ltr\">Asimismo, la CEPAL inici\u00f3 un estudio sobre las brechas productivas de la Provincia para trazar un plan acorde que va a entregar antes de fin de a\u00f1o.<\/p>\n<p>&nbsp;<\/p>\n<p dir=\"ltr\">\u201cEstos talleres fueron pensados para ayudar a darle impulso a las econom\u00edas regionales, que funcionan como el motor de la Provincia en t\u00e9rminos productivos. Queremos estar cerca de los municipios y de las PyMEs, como nos pide la gobernadora Mar\u00eda Eugenia Vidal\u201d, manifest\u00f3 el titular de la cartera de Producci\u00f3n bonaerense, Javier Tizado.<\/p>\n<p>&nbsp;<\/p>\n<p dir=\"ltr\">En total son cuatro encuentros (restan tres: 24 de septiembre, 3 de octubre, 21 de noviembre) en los que se explayan cuatro m\u00f3dulos:<\/p>\n<p dir=\"ltr\">1\u00b0 El desarrollo territorial en el contexto nacional-internacional.<\/p>\n<p dir=\"ltr\">2\u00b0 Las capacidades en los territorios. Di\u00e1logo p\u00fablico-privado.<\/p>\n<p dir=\"ltr\">3\u00b0 La competitividad y los nodos territoriales.<\/p>\n<p dir=\"ltr\">4\u00b0 La formulaci\u00f3n de planes de desarrollo territorial con enfoque en el empleo.<\/p>\n<p>&nbsp;<\/p>\n<p dir=\"ltr\">Cada uno de los cap\u00edtulos da inicio con una exposici\u00f3n de expertos del ILPES-CEPAL (Instituto Latinoamericano de Planificaci\u00f3n Econ\u00f3mica y Social, dependiente de CEPAL-ONU), quienes exponen los lineamientos de la tem\u00e1tica de cada jornada. Posteriormente, los participantes realizan trabajos grupales para generar una agenda de desarrollo productivo.<\/p>\n<p>&nbsp;<\/p>\n<p dir=\"ltr\">Los 21 municipios convocados para participar de los cuatro encuentros son Adolfo Alsina, Bah\u00eda Blanca, Coronel Dorrego, Coronel Pringles, Coronel Rosales, Coronel Su\u00e1rez, Daireaux, General La Madrid, Guamin\u00ed, Laprida, Monte Hermoso, Patagones, Pellegrini, Pu\u00e1n, Saavedra, Saladillo, Salliquel\u00f3, Tornquist, Tres Arroyos, Tres Lomas, Villarino.<\/p>\n<p>&nbsp;<\/p>\n<p dir=\"ltr\">SOBRE EL PROGRAMA<\/p>\n<p>&nbsp;<\/p>\n<p dir=\"ltr\">Como se dijo, el contenido del curso est\u00e1 dividido en cuatro unidades tem\u00e1ticas:<\/p>\n<p>&nbsp;<\/p>\n<p dir=\"ltr\">1) El desarrollo territorial en el contexto nacional.<\/p>\n<p>&nbsp;<\/p>\n<p dir=\"ltr\">Contenido: Agenda 2030 y desarrollo territorial. Vinculaci\u00f3n al contexto nacional e internacional. An\u00e1lisis prospectivo y herramientas de an\u00e1lisis prospectivo.<\/p>\n<p>&nbsp;<\/p>\n<p dir=\"ltr\">2) Capacidades en los territorios. Di\u00e1logo p\u00fablico-privado.<\/p>\n<p>&nbsp;<\/p>\n<p dir=\"ltr\">Contenido: identificaci\u00f3n de las oportunidades productivas a nivel territorial. El mapeo de actores clave y el di\u00e1logo p\u00fablico-privado. Pactos territoriales. Herramientas para construir mapa de actores y di\u00e1logos.<\/p>\n<p>&nbsp;<\/p>\n<p dir=\"ltr\">3) Competitividad y nodos territoriales.<\/p>\n<p>&nbsp;<\/p>\n<p dir=\"ltr\">Contenido: qu\u00e9 significa ser un territorio competitivo. Dimensiones y variables necesarias. Competitividad sist\u00e9mica. Herramientas para el an\u00e1lisis de la competitividad sist\u00e9mica.<\/p>\n<p>&nbsp;<\/p>\n<p dir=\"ltr\">4) Formulaciones de planes de desarrollo territorial con enfoque en el empleo.<\/p>\n<p>&nbsp;<\/p>\n<p dir=\"ltr\">Contenido: cartera de proyectos de pre-inversi\u00f3n p\u00fablico-privada con enfoque en el empleo. Aplicaci\u00f3n de la herramienta para la construcci\u00f3n de visiones territoriales, y mecanismo de di\u00e1logo social.<a href=\"http:\/\/www.celttv.com.ar\/?attachment_id=37235\" rel=\"attachment wp-att-37235\"><img loading=\"lazy\" decoding=\"async\" class=\"alignleft size-medium wp-image-37235\" src=\"http:\/\/www.celttv.com.ar\/wp-content\/uploads\/2018\/09\/produc1-780x585.jpg\" alt=\"\" width=\"780\" height=\"585\" \/><\/a> <a href=\"http:\/\/www.celttv.com.ar\/?attachment_id=37236\" rel=\"attachment wp-att-37236\"><img loading=\"lazy\" decoding=\"async\" class=\"alignleft size-medium wp-image-37236\" src=\"http:\/\/www.celttv.com.ar\/wp-content\/uploads\/2018\/09\/produc2-780x585.jpg\" alt=\"\" width=\"780\" height=\"585\" \/><\/a><\/p>\n","protected":false},"excerpt":{"rendered":"<p>Con el objetivo trabajar sobre la soluci\u00f3n de problemas y la transformaci\u00f3n del entorno productivo de los municipios bonaerenses junto con las instituciones y organizaciones territoriales, comenz\u00f3 el pasado lunes el primer encuentro del programa \u201cFortalecimiento y desarrollo de los municipios y agentes territoriales\u201d en el Centro Hist\u00f3rico Cultural, de la Universidad Nacional del Sur. [&hellip;]<\/p>\n","protected":false},"author":1,"featured_media":37236,"comment_status":"closed","ping_status":"open","sticky":false,"template":"","format":"standard","meta":{"footnotes":""},"categories":[51,52,65],"tags":[],"class_list":["post-37234","post","type-post","status-publish","format-standard","has-post-thumbnail","hentry","category-comunidad","category-destacadas","category-produccion"],"yoast_head":"<!-- This site is optimized with the Yoast SEO plugin v19.7.1 - https:\/\/yoast.com\/wordpress\/plugins\/seo\/ -->\n<title>Municipios de la Regi\u00f3n participan en la UNS de un programa provincial para el desarrollo productivo - CELTTV<\/title>\n<meta name=\"description\" content=\"Sitio web de noticias de la localidad de Tornquist, provincia de Buenos Aires, Rep\u00fablica Argentina. Contenido propio originado por periodistas de CELTTV, el canal de TV local de la Cooperativa El\u00e9ctrica de Tornquist. Turismo, Pol\u00edtica, Sociedad, Deporte, Cultura y todo el contenido de inter\u00e9s general que la gente del pueblo y la regi\u00f3n debe conocer.\" \/>\n<meta name=\"robots\" content=\"index, follow, max-snippet:-1, max-image-preview:large, max-video-preview:-1\" \/>\n<link rel=\"canonical\" href=\"https:\/\/www.celttv.com.ar\/index.php\/2018\/09\/17\/municipios-de-la-region-participan-en-la-uns-de-un-programa-provincial-para-el-desarrollo-productivo\/\" \/>\n<meta property=\"og:locale\" content=\"es_ES\" \/>\n<meta property=\"og:type\" content=\"article\" \/>\n<meta property=\"og:title\" content=\"Municipios de la Regi\u00f3n participan en la UNS de un programa provincial para el desarrollo productivo - CELTTV\" \/>\n<meta property=\"og:description\" content=\"Sitio web de noticias de la localidad de Tornquist, provincia de Buenos Aires, Rep\u00fablica Argentina. Contenido propio originado por periodistas de CELTTV, el canal de TV local de la Cooperativa El\u00e9ctrica de Tornquist. Turismo, Pol\u00edtica, Sociedad, Deporte, Cultura y todo el contenido de inter\u00e9s general que la gente del pueblo y la regi\u00f3n debe conocer.\" \/>\n<meta property=\"og:url\" content=\"https:\/\/www.celttv.com.ar\/index.php\/2018\/09\/17\/municipios-de-la-region-participan-en-la-uns-de-un-programa-provincial-para-el-desarrollo-productivo\/\" \/>\n<meta property=\"og:site_name\" content=\"CELTTV\" \/>\n<meta property=\"article:publisher\" content=\"https:\/\/www.facebook.com\/celtTV\/\" \/>\n<meta property=\"article:published_time\" content=\"2018-09-17T23:04:40+00:00\" \/>\n<meta property=\"og:image\" content=\"https:\/\/www.celttv.com.ar\/wp-content\/uploads\/2018\/09\/produc2.jpg\" \/>\n\t<meta property=\"og:image:width\" content=\"1200\" \/>\n\t<meta property=\"og:image:height\" content=\"900\" \/>\n\t<meta property=\"og:image:type\" content=\"image\/jpeg\" \/>\n<meta name=\"author\" content=\"ulises\" \/>\n<meta name=\"twitter:card\" content=\"summary_large_image\" \/>\n<meta name=\"twitter:label1\" content=\"Escrito por\" \/>\n\t<meta name=\"twitter:data1\" content=\"ulises\" \/>\n\t<meta name=\"twitter:label2\" content=\"Tiempo de lectura\" \/>\n\t<meta name=\"twitter:data2\" content=\"3 minutos\" \/>\n<script type=\"application\/ld+json\" class=\"yoast-schema-graph\">{\"@context\":\"https:\/\/schema.org\",\"@graph\":[{\"@type\":\"NewsArticle\",\"@id\":\"https:\/\/www.celttv.com.ar\/index.php\/2018\/09\/17\/municipios-de-la-region-participan-en-la-uns-de-un-programa-provincial-para-el-desarrollo-productivo\/#article\",\"isPartOf\":{\"@id\":\"https:\/\/www.celttv.com.ar\/index.php\/2018\/09\/17\/municipios-de-la-region-participan-en-la-uns-de-un-programa-provincial-para-el-desarrollo-productivo\/\"},\"author\":{\"name\":\"ulises\",\"@id\":\"https:\/\/www.celttv.com.ar\/#\/schema\/person\/6d99c072dba59953809c81446e9d0ace\"},\"headline\":\"Municipios de la Regi\u00f3n participan en la UNS de un programa provincial para el desarrollo productivo\",\"datePublished\":\"2018-09-17T23:04:40+00:00\",\"dateModified\":\"2018-09-17T23:04:40+00:00\",\"mainEntityOfPage\":{\"@id\":\"https:\/\/www.celttv.com.ar\/index.php\/2018\/09\/17\/municipios-de-la-region-participan-en-la-uns-de-un-programa-provincial-para-el-desarrollo-productivo\/\"},\"wordCount\":570,\"publisher\":{\"@id\":\"https:\/\/www.celttv.com.ar\/#organization\"},\"articleSection\":[\"Comunidad\",\"Destacadas\",\"Producci\u00f3n y Medio Ambiente\"],\"inLanguage\":\"es\"},{\"@type\":\"WebPage\",\"@id\":\"https:\/\/www.celttv.com.ar\/index.php\/2018\/09\/17\/municipios-de-la-region-participan-en-la-uns-de-un-programa-provincial-para-el-desarrollo-productivo\/\",\"url\":\"https:\/\/www.celttv.com.ar\/index.php\/2018\/09\/17\/municipios-de-la-region-participan-en-la-uns-de-un-programa-provincial-para-el-desarrollo-productivo\/\",\"name\":\"Municipios de la Regi\u00f3n participan en la UNS de un programa provincial para el desarrollo productivo - CELTTV\",\"isPartOf\":{\"@id\":\"https:\/\/www.celttv.com.ar\/#website\"},\"datePublished\":\"2018-09-17T23:04:40+00:00\",\"dateModified\":\"2018-09-17T23:04:40+00:00\",\"description\":\"Sitio web de noticias de la localidad de Tornquist, provincia de Buenos Aires, Rep\u00fablica Argentina. Contenido propio originado por periodistas de CELTTV, el canal de TV local de la Cooperativa El\u00e9ctrica de Tornquist. Turismo, Pol\u00edtica, Sociedad, Deporte, Cultura y todo el contenido de inter\u00e9s general que la gente del pueblo y la regi\u00f3n debe conocer.\",\"breadcrumb\":{\"@id\":\"https:\/\/www.celttv.com.ar\/index.php\/2018\/09\/17\/municipios-de-la-region-participan-en-la-uns-de-un-programa-provincial-para-el-desarrollo-productivo\/#breadcrumb\"},\"inLanguage\":\"es\",\"potentialAction\":[{\"@type\":\"ReadAction\",\"target\":[\"https:\/\/www.celttv.com.ar\/index.php\/2018\/09\/17\/municipios-de-la-region-participan-en-la-uns-de-un-programa-provincial-para-el-desarrollo-productivo\/\"]}]},{\"@type\":\"BreadcrumbList\",\"@id\":\"https:\/\/www.celttv.com.ar\/index.php\/2018\/09\/17\/municipios-de-la-region-participan-en-la-uns-de-un-programa-provincial-para-el-desarrollo-productivo\/#breadcrumb\",\"itemListElement\":[{\"@type\":\"ListItem\",\"position\":1,\"name\":\"Inicio\",\"item\":\"https:\/\/www.celttv.com.ar\/\"},{\"@type\":\"ListItem\",\"position\":2,\"name\":\"Municipios de la Regi\u00f3n participan en la UNS de un programa provincial para el desarrollo productivo\"}]},{\"@type\":\"WebSite\",\"@id\":\"https:\/\/www.celttv.com.ar\/#website\",\"url\":\"https:\/\/www.celttv.com.ar\/\",\"name\":\"CELTTV\",\"description\":\"Cooperativa El\u00e9ctrica de Tornquist\",\"publisher\":{\"@id\":\"https:\/\/www.celttv.com.ar\/#organization\"},\"potentialAction\":[{\"@type\":\"SearchAction\",\"target\":{\"@type\":\"EntryPoint\",\"urlTemplate\":\"https:\/\/www.celttv.com.ar\/?s={search_term_string}\"},\"query-input\":\"required name=search_term_string\"}],\"inLanguage\":\"es\"},{\"@type\":\"Organization\",\"@id\":\"https:\/\/www.celttv.com.ar\/#organization\",\"name\":\"CELTTV\",\"url\":\"https:\/\/www.celttv.com.ar\/\",\"sameAs\":[\"https:\/\/www.youtube.com\/channel\/UCz_oIt8Hig64Ub-EmcNPIhg\",\"https:\/\/www.facebook.com\/celtTV\/\"],\"logo\":{\"@type\":\"ImageObject\",\"inLanguage\":\"es\",\"@id\":\"https:\/\/www.celttv.com.ar\/#\/schema\/logo\/image\/\",\"url\":\"http:\/\/www.celttv.com.ar\/wp-content\/uploads\/2022\/08\/logo-1.png\",\"contentUrl\":\"http:\/\/www.celttv.com.ar\/wp-content\/uploads\/2022\/08\/logo-1.png\",\"width\":461,\"height\":159,\"caption\":\"CELTTV\"},\"image\":{\"@id\":\"https:\/\/www.celttv.com.ar\/#\/schema\/logo\/image\/\"}},{\"@type\":\"Person\",\"@id\":\"https:\/\/www.celttv.com.ar\/#\/schema\/person\/6d99c072dba59953809c81446e9d0ace\",\"name\":\"ulises\",\"image\":{\"@type\":\"ImageObject\",\"inLanguage\":\"es\",\"@id\":\"https:\/\/www.celttv.com.ar\/#\/schema\/person\/image\/\",\"url\":\"https:\/\/secure.gravatar.com\/avatar\/7f2c48bdc33b30088f941fb6082e555f2874c98e20cb159d7b92b50eadfce793?s=96&d=mm&r=g\",\"contentUrl\":\"https:\/\/secure.gravatar.com\/avatar\/7f2c48bdc33b30088f941fb6082e555f2874c98e20cb159d7b92b50eadfce793?s=96&d=mm&r=g\",\"caption\":\"ulises\"},\"sameAs\":[\"http:\/\/www.celttv.com.ar\"]}]}<\/script>\n<!-- \/ Yoast SEO plugin. -->","yoast_head_json":{"title":"Municipios de la Regi\u00f3n participan en la UNS de un programa provincial para el desarrollo productivo - CELTTV","description":"Sitio web de noticias de la localidad de Tornquist, provincia de Buenos Aires, Rep\u00fablica Argentina. Contenido propio originado por periodistas de CELTTV, el canal de TV local de la Cooperativa El\u00e9ctrica de Tornquist. Turismo, Pol\u00edtica, Sociedad, Deporte, Cultura y todo el contenido de inter\u00e9s general que la gente del pueblo y la regi\u00f3n debe conocer.","robots":{"index":"index","follow":"follow","max-snippet":"max-snippet:-1","max-image-preview":"max-image-preview:large","max-video-preview":"max-video-preview:-1"},"canonical":"https:\/\/www.celttv.com.ar\/index.php\/2018\/09\/17\/municipios-de-la-region-participan-en-la-uns-de-un-programa-provincial-para-el-desarrollo-productivo\/","og_locale":"es_ES","og_type":"article","og_title":"Municipios de la Regi\u00f3n participan en la UNS de un programa provincial para el desarrollo productivo - CELTTV","og_description":"Sitio web de noticias de la localidad de Tornquist, provincia de Buenos Aires, Rep\u00fablica Argentina. Contenido propio originado por periodistas de CELTTV, el canal de TV local de la Cooperativa El\u00e9ctrica de Tornquist. Turismo, Pol\u00edtica, Sociedad, Deporte, Cultura y todo el contenido de inter\u00e9s general que la gente del pueblo y la regi\u00f3n debe conocer.","og_url":"https:\/\/www.celttv.com.ar\/index.php\/2018\/09\/17\/municipios-de-la-region-participan-en-la-uns-de-un-programa-provincial-para-el-desarrollo-productivo\/","og_site_name":"CELTTV","article_publisher":"https:\/\/www.facebook.com\/celtTV\/","article_published_time":"2018-09-17T23:04:40+00:00","og_image":[{"width":1200,"height":900,"url":"https:\/\/www.celttv.com.ar\/wp-content\/uploads\/2018\/09\/produc2.jpg","type":"image\/jpeg"}],"author":"ulises","twitter_card":"summary_large_image","twitter_misc":{"Escrito por":"ulises","Tiempo de lectura":"3 minutos"},"schema":{"@context":"https:\/\/schema.org","@graph":[{"@type":"NewsArticle","@id":"https:\/\/www.celttv.com.ar\/index.php\/2018\/09\/17\/municipios-de-la-region-participan-en-la-uns-de-un-programa-provincial-para-el-desarrollo-productivo\/#article","isPartOf":{"@id":"https:\/\/www.celttv.com.ar\/index.php\/2018\/09\/17\/municipios-de-la-region-participan-en-la-uns-de-un-programa-provincial-para-el-desarrollo-productivo\/"},"author":{"name":"ulises","@id":"https:\/\/www.celttv.com.ar\/#\/schema\/person\/6d99c072dba59953809c81446e9d0ace"},"headline":"Municipios de la Regi\u00f3n participan en la UNS de un programa provincial para el desarrollo productivo","datePublished":"2018-09-17T23:04:40+00:00","dateModified":"2018-09-17T23:04:40+00:00","mainEntityOfPage":{"@id":"https:\/\/www.celttv.com.ar\/index.php\/2018\/09\/17\/municipios-de-la-region-participan-en-la-uns-de-un-programa-provincial-para-el-desarrollo-productivo\/"},"wordCount":570,"publisher":{"@id":"https:\/\/www.celttv.com.ar\/#organization"},"articleSection":["Comunidad","Destacadas","Producci\u00f3n y Medio Ambiente"],"inLanguage":"es"},{"@type":"WebPage","@id":"https:\/\/www.celttv.com.ar\/index.php\/2018\/09\/17\/municipios-de-la-region-participan-en-la-uns-de-un-programa-provincial-para-el-desarrollo-productivo\/","url":"https:\/\/www.celttv.com.ar\/index.php\/2018\/09\/17\/municipios-de-la-region-participan-en-la-uns-de-un-programa-provincial-para-el-desarrollo-productivo\/","name":"Municipios de la Regi\u00f3n participan en la UNS de un programa provincial para el desarrollo productivo - CELTTV","isPartOf":{"@id":"https:\/\/www.celttv.com.ar\/#website"},"datePublished":"2018-09-17T23:04:40+00:00","dateModified":"2018-09-17T23:04:40+00:00","description":"Sitio web de noticias de la localidad de Tornquist, provincia de Buenos Aires, Rep\u00fablica Argentina. Contenido propio originado por periodistas de CELTTV, el canal de TV local de la Cooperativa El\u00e9ctrica de Tornquist. Turismo, Pol\u00edtica, Sociedad, Deporte, Cultura y todo el contenido de inter\u00e9s general que la gente del pueblo y la regi\u00f3n debe conocer.","breadcrumb":{"@id":"https:\/\/www.celttv.com.ar\/index.php\/2018\/09\/17\/municipios-de-la-region-participan-en-la-uns-de-un-programa-provincial-para-el-desarrollo-productivo\/#breadcrumb"},"inLanguage":"es","potentialAction":[{"@type":"ReadAction","target":["https:\/\/www.celttv.com.ar\/index.php\/2018\/09\/17\/municipios-de-la-region-participan-en-la-uns-de-un-programa-provincial-para-el-desarrollo-productivo\/"]}]},{"@type":"BreadcrumbList","@id":"https:\/\/www.celttv.com.ar\/index.php\/2018\/09\/17\/municipios-de-la-region-participan-en-la-uns-de-un-programa-provincial-para-el-desarrollo-productivo\/#breadcrumb","itemListElement":[{"@type":"ListItem","position":1,"name":"Inicio","item":"https:\/\/www.celttv.com.ar\/"},{"@type":"ListItem","position":2,"name":"Municipios de la Regi\u00f3n participan en la UNS de un programa provincial para el desarrollo productivo"}]},{"@type":"WebSite","@id":"https:\/\/www.celttv.com.ar\/#website","url":"https:\/\/www.celttv.com.ar\/","name":"CELTTV","description":"Cooperativa El\u00e9ctrica de Tornquist","publisher":{"@id":"https:\/\/www.celttv.com.ar\/#organization"},"potentialAction":[{"@type":"SearchAction","target":{"@type":"EntryPoint","urlTemplate":"https:\/\/www.celttv.com.ar\/?s={search_term_string}"},"query-input":"required name=search_term_string"}],"inLanguage":"es"},{"@type":"Organization","@id":"https:\/\/www.celttv.com.ar\/#organization","name":"CELTTV","url":"https:\/\/www.celttv.com.ar\/","sameAs":["https:\/\/www.youtube.com\/channel\/UCz_oIt8Hig64Ub-EmcNPIhg","https:\/\/www.facebook.com\/celtTV\/"],"logo":{"@type":"ImageObject","inLanguage":"es","@id":"https:\/\/www.celttv.com.ar\/#\/schema\/logo\/image\/","url":"http:\/\/www.celttv.com.ar\/wp-content\/uploads\/2022\/08\/logo-1.png","contentUrl":"http:\/\/www.celttv.com.ar\/wp-content\/uploads\/2022\/08\/logo-1.png","width":461,"height":159,"caption":"CELTTV"},"image":{"@id":"https:\/\/www.celttv.com.ar\/#\/schema\/logo\/image\/"}},{"@type":"Person","@id":"https:\/\/www.celttv.com.ar\/#\/schema\/person\/6d99c072dba59953809c81446e9d0ace","name":"ulises","image":{"@type":"ImageObject","inLanguage":"es","@id":"https:\/\/www.celttv.com.ar\/#\/schema\/person\/image\/","url":"https:\/\/secure.gravatar.com\/avatar\/7f2c48bdc33b30088f941fb6082e555f2874c98e20cb159d7b92b50eadfce793?s=96&d=mm&r=g","contentUrl":"https:\/\/secure.gravatar.com\/avatar\/7f2c48bdc33b30088f941fb6082e555f2874c98e20cb159d7b92b50eadfce793?s=96&d=mm&r=g","caption":"ulises"},"sameAs":["http:\/\/www.celttv.com.ar"]}]}},"_links":{"self":[{"href":"https:\/\/www.celttv.com.ar\/index.php\/wp-json\/wp\/v2\/posts\/37234","targetHints":{"allow":["GET"]}}],"collection":[{"href":"https:\/\/www.celttv.com.ar\/index.php\/wp-json\/wp\/v2\/posts"}],"about":[{"href":"https:\/\/www.celttv.com.ar\/index.php\/wp-json\/wp\/v2\/types\/post"}],"author":[{"embeddable":true,"href":"https:\/\/www.celttv.com.ar\/index.php\/wp-json\/wp\/v2\/users\/1"}],"replies":[{"embeddable":true,"href":"https:\/\/www.celttv.com.ar\/index.php\/wp-json\/wp\/v2\/comments?post=37234"}],"version-history":[{"count":0,"href":"https:\/\/www.celttv.com.ar\/index.php\/wp-json\/wp\/v2\/posts\/37234\/revisions"}],"wp:featuredmedia":[{"embeddable":true,"href":"https:\/\/www.celttv.com.ar\/index.php\/wp-json\/wp\/v2\/media\/37236"}],"wp:attachment":[{"href":"https:\/\/www.celttv.com.ar\/index.php\/wp-json\/wp\/v2\/media?parent=37234"}],"wp:term":[{"taxonomy":"category","embeddable":true,"href":"https:\/\/www.celttv.com.ar\/index.php\/wp-json\/wp\/v2\/categories?post=37234"},{"taxonomy":"post_tag","embeddable":true,"href":"https:\/\/www.celttv.com.ar\/index.php\/wp-json\/wp\/v2\/tags?post=37234"}],"curies":[{"name":"wp","href":"https:\/\/api.w.org\/{rel}","templated":true}]}}