{"id":3736,"date":"2011-12-12T19:10:36","date_gmt":"2011-12-12T19:10:36","guid":{"rendered":"http:\/\/www.tvcnoticias.com.ar\/?p=3736"},"modified":"2011-12-12T19:10:36","modified_gmt":"2011-12-12T19:10:36","slug":"carta-abierta-de-zaida-franz-a-su-hija-desaparecida-durante-la-dictadura","status":"publish","type":"post","link":"https:\/\/www.celttv.com.ar\/index.php\/2011\/12\/12\/carta-abierta-de-zaida-franz-a-su-hija-desaparecida-durante-la-dictadura\/","title":{"rendered":"CARTA ABIERTA DE ZAIDA FRANZ A SU HIJA DESAPARECIDA DURANTE LA DICTADURA"},"content":{"rendered":"<div>Carta abierta: Ana Teresa Diego, desaparecida.<\/div>\n<div>\n<div>\n<div>\n<div>\n<div>\n<div>\n<div>\n<div>\n<div>\n<div>\n<div>\n<div>Destino: Asteriode 11441, entre Marte y J\u00f9piter.<\/div>\n<div>Remitente: Zaida Teresa Franz, Villa Ventana, Planeta Tierra.<\/div>\n<div>\u00a0<\/div>\n<div>\u00a0<\/div>\n<div>\u00a0\u00a0Por fin puedo comunicarme con vos, ahora tengo un lugar donde encontrarte. Te dir\u00e9 que la Facultad de Astronom\u00eda, a la que agradezco, present\u00f3\u00a0\u00a0a La Uni\u00f3n Astron\u00f3mica Internacional la posibilidad de que un asteroide lleve tu nombre.\u00a0\u00a0Y fue aprobado.<\/div>\n<p>\u00a0\u00a0\u00a0El d\u00eda de la asunci\u00f3n de la presidenta, en el inicio de su discurso: te mencion\u00f3 y contigo a todos los desaparecidos. Lo que indica su sensibilidad hacia la injusticia. En estos tiempos empezaron a ocurrir cosas muy distintas: hoy la justicia est\u00e1 juzgando a los responsables del genocidio, \u00bfqui\u00e9n lo hubiera cre\u00eddo?<br \/>\n\u00a0Te cuento que en los \u00faltimos a\u00f1os hubo muchos cambios. Gracias a la democracia nuevamente los j\u00f3venes est\u00e1n comprometidos con la transformaci\u00f3n social a trav\u00e9s de la pol\u00edtica, buscando hacer realidad las inquietudes que compartiste con tus compa\u00f1eros.<br \/>\n\u00a0 \u00a0Con respecto a la familia, Alejandra y Daniel est\u00e1n bien. Lo mismo tus seis sobrinos. Y de m\u00ed, que te puedo decir, enfrentando a la vejez. Como siempre, con muchos br\u00edos muy involucrada en las cuestiones sociales. Mi mente funciona muy bien no as\u00ed mi f\u00edsico, estoy casi ciega y la artrosis, sin mi permiso invade mis articulaciones. Dentro de mis actividades actuales, integro la Comisi\u00f3n del Consejo de Administraci\u00f3n de Centro Educativo para la Producci\u00f3n Total N\u00aa12, que trabaja en Educaci\u00f3n y en Desarrollo Local. Ah\u00ed aprenden y conviven chicos y profesores en base al amor a al respeto. Hace unos a\u00f1os, a partir de una charla que les di, surgi\u00f3 la idea de realizar un documental sobre tu vida que se llama Polvo de Estrellas. Te la recomiendo, si tenis internet, mirala ja, ja, ja!!.<br \/>\n\u00a0\u00a0Cierro los ojos y te veo como una lucecita en el asteroide junto a todos los desaparecidos que nos miran y saludan sonrientes. Los siento que est\u00e1n bien, alegres esperando y confiados en que esta humanidad va encontrar el camino de vivir en paz, solidaridad y armon\u00eda.<br \/>\n\u00a0\u00a0Seguramente te llegar\u00e1n mis cartas y la de otros familiares de compa\u00f1eros tuyos, porque ahora todos tenemos un destino donde hacerlo.<br \/>\n\u00a0\u00a0\u00a0\u00a0\u00a0\u00a0Los quiero mucho, especialmente a vos, un gran abrazo.<br \/>\n\u00a0Zaida \u00a0\u00a0<\/p>\n<div>\u00a0Zaida Teresa Franz<\/div>\n<\/div>\n<div>Villa Ventana<\/div>\n<\/div>\n<\/div>\n<\/div>\n<\/div>\n<\/div>\n<\/div>\n<\/div>\n<\/div>\n<\/div>\n<\/div>\n","protected":false},"excerpt":{"rendered":"<p>Carta abierta: Ana Teresa Diego, desaparecida. Destino: Asteriode 11441, entre Marte y J\u00f9piter. Remitente: Zaida Teresa Franz, Villa Ventana, Planeta Tierra. \u00a0 \u00a0 \u00a0\u00a0Por fin puedo comunicarme con vos, ahora tengo un lugar donde encontrarte. Te dir\u00e9 que la Facultad de Astronom\u00eda, a la que agradezco, present\u00f3\u00a0\u00a0a La Uni\u00f3n Astron\u00f3mica Internacional la posibilidad de que [&hellip;]<\/p>\n","protected":false},"author":1,"featured_media":0,"comment_status":"closed","ping_status":"open","sticky":false,"template":"","format":"standard","meta":{"footnotes":""},"categories":[95],"tags":[],"class_list":["post-3736","post","type-post","status-publish","format-standard","hentry","category-opiniones"],"yoast_head":"<!-- This site is optimized with the Yoast SEO plugin v19.7.1 - https:\/\/yoast.com\/wordpress\/plugins\/seo\/ -->\n<title>CARTA ABIERTA DE ZAIDA FRANZ A SU HIJA DESAPARECIDA DURANTE LA DICTADURA - CELTTV<\/title>\n<meta name=\"description\" content=\"Sitio web de noticias de la localidad de Tornquist, provincia de Buenos Aires, Rep\u00fablica Argentina. Contenido propio originado por periodistas de CELTTV, el canal de TV local de la Cooperativa El\u00e9ctrica de Tornquist. Turismo, Pol\u00edtica, Sociedad, Deporte, Cultura y todo el contenido de inter\u00e9s general que la gente del pueblo y la regi\u00f3n debe conocer.\" \/>\n<meta name=\"robots\" content=\"index, follow, max-snippet:-1, max-image-preview:large, max-video-preview:-1\" \/>\n<link rel=\"canonical\" href=\"https:\/\/www.celttv.com.ar\/index.php\/2011\/12\/12\/carta-abierta-de-zaida-franz-a-su-hija-desaparecida-durante-la-dictadura\/\" \/>\n<meta property=\"og:locale\" content=\"es_ES\" \/>\n<meta property=\"og:type\" content=\"article\" \/>\n<meta property=\"og:title\" content=\"CARTA ABIERTA DE ZAIDA FRANZ A SU HIJA DESAPARECIDA DURANTE LA DICTADURA - CELTTV\" \/>\n<meta property=\"og:description\" content=\"Sitio web de noticias de la localidad de Tornquist, provincia de Buenos Aires, Rep\u00fablica Argentina. Contenido propio originado por periodistas de CELTTV, el canal de TV local de la Cooperativa El\u00e9ctrica de Tornquist. Turismo, Pol\u00edtica, Sociedad, Deporte, Cultura y todo el contenido de inter\u00e9s general que la gente del pueblo y la regi\u00f3n debe conocer.\" \/>\n<meta property=\"og:url\" content=\"https:\/\/www.celttv.com.ar\/index.php\/2011\/12\/12\/carta-abierta-de-zaida-franz-a-su-hija-desaparecida-durante-la-dictadura\/\" \/>\n<meta property=\"og:site_name\" content=\"CELTTV\" \/>\n<meta property=\"article:publisher\" content=\"https:\/\/www.facebook.com\/celtTV\/\" \/>\n<meta property=\"article:published_time\" content=\"2011-12-12T19:10:36+00:00\" \/>\n<meta name=\"author\" content=\"ulises\" \/>\n<meta name=\"twitter:card\" content=\"summary_large_image\" \/>\n<meta name=\"twitter:label1\" content=\"Escrito por\" \/>\n\t<meta name=\"twitter:data1\" content=\"ulises\" \/>\n\t<meta name=\"twitter:label2\" content=\"Tiempo de lectura\" \/>\n\t<meta name=\"twitter:data2\" content=\"2 minutos\" \/>\n<script type=\"application\/ld+json\" class=\"yoast-schema-graph\">{\"@context\":\"https:\/\/schema.org\",\"@graph\":[{\"@type\":\"NewsArticle\",\"@id\":\"https:\/\/www.celttv.com.ar\/index.php\/2011\/12\/12\/carta-abierta-de-zaida-franz-a-su-hija-desaparecida-durante-la-dictadura\/#article\",\"isPartOf\":{\"@id\":\"https:\/\/www.celttv.com.ar\/index.php\/2011\/12\/12\/carta-abierta-de-zaida-franz-a-su-hija-desaparecida-durante-la-dictadura\/\"},\"author\":{\"name\":\"ulises\",\"@id\":\"https:\/\/www.celttv.com.ar\/#\/schema\/person\/6d99c072dba59953809c81446e9d0ace\"},\"headline\":\"CARTA ABIERTA DE ZAIDA FRANZ A SU HIJA DESAPARECIDA DURANTE LA DICTADURA\",\"datePublished\":\"2011-12-12T19:10:36+00:00\",\"dateModified\":\"2011-12-12T19:10:36+00:00\",\"mainEntityOfPage\":{\"@id\":\"https:\/\/www.celttv.com.ar\/index.php\/2011\/12\/12\/carta-abierta-de-zaida-franz-a-su-hija-desaparecida-durante-la-dictadura\/\"},\"wordCount\":411,\"publisher\":{\"@id\":\"https:\/\/www.celttv.com.ar\/#organization\"},\"articleSection\":[\"Opiniones\"],\"inLanguage\":\"es\"},{\"@type\":\"WebPage\",\"@id\":\"https:\/\/www.celttv.com.ar\/index.php\/2011\/12\/12\/carta-abierta-de-zaida-franz-a-su-hija-desaparecida-durante-la-dictadura\/\",\"url\":\"https:\/\/www.celttv.com.ar\/index.php\/2011\/12\/12\/carta-abierta-de-zaida-franz-a-su-hija-desaparecida-durante-la-dictadura\/\",\"name\":\"CARTA ABIERTA DE ZAIDA FRANZ A SU HIJA DESAPARECIDA DURANTE LA DICTADURA - CELTTV\",\"isPartOf\":{\"@id\":\"https:\/\/www.celttv.com.ar\/#website\"},\"datePublished\":\"2011-12-12T19:10:36+00:00\",\"dateModified\":\"2011-12-12T19:10:36+00:00\",\"description\":\"Sitio web de noticias de la localidad de Tornquist, provincia de Buenos Aires, Rep\u00fablica Argentina. Contenido propio originado por periodistas de CELTTV, el canal de TV local de la Cooperativa El\u00e9ctrica de Tornquist. Turismo, Pol\u00edtica, Sociedad, Deporte, Cultura y todo el contenido de inter\u00e9s general que la gente del pueblo y la regi\u00f3n debe conocer.\",\"breadcrumb\":{\"@id\":\"https:\/\/www.celttv.com.ar\/index.php\/2011\/12\/12\/carta-abierta-de-zaida-franz-a-su-hija-desaparecida-durante-la-dictadura\/#breadcrumb\"},\"inLanguage\":\"es\",\"potentialAction\":[{\"@type\":\"ReadAction\",\"target\":[\"https:\/\/www.celttv.com.ar\/index.php\/2011\/12\/12\/carta-abierta-de-zaida-franz-a-su-hija-desaparecida-durante-la-dictadura\/\"]}]},{\"@type\":\"BreadcrumbList\",\"@id\":\"https:\/\/www.celttv.com.ar\/index.php\/2011\/12\/12\/carta-abierta-de-zaida-franz-a-su-hija-desaparecida-durante-la-dictadura\/#breadcrumb\",\"itemListElement\":[{\"@type\":\"ListItem\",\"position\":1,\"name\":\"Inicio\",\"item\":\"https:\/\/www.celttv.com.ar\/\"},{\"@type\":\"ListItem\",\"position\":2,\"name\":\"CARTA ABIERTA DE ZAIDA FRANZ A SU HIJA DESAPARECIDA DURANTE LA DICTADURA\"}]},{\"@type\":\"WebSite\",\"@id\":\"https:\/\/www.celttv.com.ar\/#website\",\"url\":\"https:\/\/www.celttv.com.ar\/\",\"name\":\"CELTTV\",\"description\":\"Cooperativa El\u00e9ctrica de Tornquist\",\"publisher\":{\"@id\":\"https:\/\/www.celttv.com.ar\/#organization\"},\"potentialAction\":[{\"@type\":\"SearchAction\",\"target\":{\"@type\":\"EntryPoint\",\"urlTemplate\":\"https:\/\/www.celttv.com.ar\/?s={search_term_string}\"},\"query-input\":\"required name=search_term_string\"}],\"inLanguage\":\"es\"},{\"@type\":\"Organization\",\"@id\":\"https:\/\/www.celttv.com.ar\/#organization\",\"name\":\"CELTTV\",\"url\":\"https:\/\/www.celttv.com.ar\/\",\"sameAs\":[\"https:\/\/www.youtube.com\/channel\/UCz_oIt8Hig64Ub-EmcNPIhg\",\"https:\/\/www.facebook.com\/celtTV\/\"],\"logo\":{\"@type\":\"ImageObject\",\"inLanguage\":\"es\",\"@id\":\"https:\/\/www.celttv.com.ar\/#\/schema\/logo\/image\/\",\"url\":\"http:\/\/www.celttv.com.ar\/wp-content\/uploads\/2022\/08\/logo-1.png\",\"contentUrl\":\"http:\/\/www.celttv.com.ar\/wp-content\/uploads\/2022\/08\/logo-1.png\",\"width\":461,\"height\":159,\"caption\":\"CELTTV\"},\"image\":{\"@id\":\"https:\/\/www.celttv.com.ar\/#\/schema\/logo\/image\/\"}},{\"@type\":\"Person\",\"@id\":\"https:\/\/www.celttv.com.ar\/#\/schema\/person\/6d99c072dba59953809c81446e9d0ace\",\"name\":\"ulises\",\"image\":{\"@type\":\"ImageObject\",\"inLanguage\":\"es\",\"@id\":\"https:\/\/www.celttv.com.ar\/#\/schema\/person\/image\/\",\"url\":\"https:\/\/secure.gravatar.com\/avatar\/7f2c48bdc33b30088f941fb6082e555f2874c98e20cb159d7b92b50eadfce793?s=96&d=mm&r=g\",\"contentUrl\":\"https:\/\/secure.gravatar.com\/avatar\/7f2c48bdc33b30088f941fb6082e555f2874c98e20cb159d7b92b50eadfce793?s=96&d=mm&r=g\",\"caption\":\"ulises\"},\"sameAs\":[\"http:\/\/www.celttv.com.ar\"]}]}<\/script>\n<!-- \/ Yoast SEO plugin. -->","yoast_head_json":{"title":"CARTA ABIERTA DE ZAIDA FRANZ A SU HIJA DESAPARECIDA DURANTE LA DICTADURA - CELTTV","description":"Sitio web de noticias de la localidad de Tornquist, provincia de Buenos Aires, Rep\u00fablica Argentina. Contenido propio originado por periodistas de CELTTV, el canal de TV local de la Cooperativa El\u00e9ctrica de Tornquist. Turismo, Pol\u00edtica, Sociedad, Deporte, Cultura y todo el contenido de inter\u00e9s general que la gente del pueblo y la regi\u00f3n debe conocer.","robots":{"index":"index","follow":"follow","max-snippet":"max-snippet:-1","max-image-preview":"max-image-preview:large","max-video-preview":"max-video-preview:-1"},"canonical":"https:\/\/www.celttv.com.ar\/index.php\/2011\/12\/12\/carta-abierta-de-zaida-franz-a-su-hija-desaparecida-durante-la-dictadura\/","og_locale":"es_ES","og_type":"article","og_title":"CARTA ABIERTA DE ZAIDA FRANZ A SU HIJA DESAPARECIDA DURANTE LA DICTADURA - CELTTV","og_description":"Sitio web de noticias de la localidad de Tornquist, provincia de Buenos Aires, Rep\u00fablica Argentina. Contenido propio originado por periodistas de CELTTV, el canal de TV local de la Cooperativa El\u00e9ctrica de Tornquist. Turismo, Pol\u00edtica, Sociedad, Deporte, Cultura y todo el contenido de inter\u00e9s general que la gente del pueblo y la regi\u00f3n debe conocer.","og_url":"https:\/\/www.celttv.com.ar\/index.php\/2011\/12\/12\/carta-abierta-de-zaida-franz-a-su-hija-desaparecida-durante-la-dictadura\/","og_site_name":"CELTTV","article_publisher":"https:\/\/www.facebook.com\/celtTV\/","article_published_time":"2011-12-12T19:10:36+00:00","author":"ulises","twitter_card":"summary_large_image","twitter_misc":{"Escrito por":"ulises","Tiempo de lectura":"2 minutos"},"schema":{"@context":"https:\/\/schema.org","@graph":[{"@type":"NewsArticle","@id":"https:\/\/www.celttv.com.ar\/index.php\/2011\/12\/12\/carta-abierta-de-zaida-franz-a-su-hija-desaparecida-durante-la-dictadura\/#article","isPartOf":{"@id":"https:\/\/www.celttv.com.ar\/index.php\/2011\/12\/12\/carta-abierta-de-zaida-franz-a-su-hija-desaparecida-durante-la-dictadura\/"},"author":{"name":"ulises","@id":"https:\/\/www.celttv.com.ar\/#\/schema\/person\/6d99c072dba59953809c81446e9d0ace"},"headline":"CARTA ABIERTA DE ZAIDA FRANZ A SU HIJA DESAPARECIDA DURANTE LA DICTADURA","datePublished":"2011-12-12T19:10:36+00:00","dateModified":"2011-12-12T19:10:36+00:00","mainEntityOfPage":{"@id":"https:\/\/www.celttv.com.ar\/index.php\/2011\/12\/12\/carta-abierta-de-zaida-franz-a-su-hija-desaparecida-durante-la-dictadura\/"},"wordCount":411,"publisher":{"@id":"https:\/\/www.celttv.com.ar\/#organization"},"articleSection":["Opiniones"],"inLanguage":"es"},{"@type":"WebPage","@id":"https:\/\/www.celttv.com.ar\/index.php\/2011\/12\/12\/carta-abierta-de-zaida-franz-a-su-hija-desaparecida-durante-la-dictadura\/","url":"https:\/\/www.celttv.com.ar\/index.php\/2011\/12\/12\/carta-abierta-de-zaida-franz-a-su-hija-desaparecida-durante-la-dictadura\/","name":"CARTA ABIERTA DE ZAIDA FRANZ A SU HIJA DESAPARECIDA DURANTE LA DICTADURA - CELTTV","isPartOf":{"@id":"https:\/\/www.celttv.com.ar\/#website"},"datePublished":"2011-12-12T19:10:36+00:00","dateModified":"2011-12-12T19:10:36+00:00","description":"Sitio web de noticias de la localidad de Tornquist, provincia de Buenos Aires, Rep\u00fablica Argentina. Contenido propio originado por periodistas de CELTTV, el canal de TV local de la Cooperativa El\u00e9ctrica de Tornquist. Turismo, Pol\u00edtica, Sociedad, Deporte, Cultura y todo el contenido de inter\u00e9s general que la gente del pueblo y la regi\u00f3n debe conocer.","breadcrumb":{"@id":"https:\/\/www.celttv.com.ar\/index.php\/2011\/12\/12\/carta-abierta-de-zaida-franz-a-su-hija-desaparecida-durante-la-dictadura\/#breadcrumb"},"inLanguage":"es","potentialAction":[{"@type":"ReadAction","target":["https:\/\/www.celttv.com.ar\/index.php\/2011\/12\/12\/carta-abierta-de-zaida-franz-a-su-hija-desaparecida-durante-la-dictadura\/"]}]},{"@type":"BreadcrumbList","@id":"https:\/\/www.celttv.com.ar\/index.php\/2011\/12\/12\/carta-abierta-de-zaida-franz-a-su-hija-desaparecida-durante-la-dictadura\/#breadcrumb","itemListElement":[{"@type":"ListItem","position":1,"name":"Inicio","item":"https:\/\/www.celttv.com.ar\/"},{"@type":"ListItem","position":2,"name":"CARTA ABIERTA DE ZAIDA FRANZ A SU HIJA DESAPARECIDA DURANTE LA DICTADURA"}]},{"@type":"WebSite","@id":"https:\/\/www.celttv.com.ar\/#website","url":"https:\/\/www.celttv.com.ar\/","name":"CELTTV","description":"Cooperativa El\u00e9ctrica de Tornquist","publisher":{"@id":"https:\/\/www.celttv.com.ar\/#organization"},"potentialAction":[{"@type":"SearchAction","target":{"@type":"EntryPoint","urlTemplate":"https:\/\/www.celttv.com.ar\/?s={search_term_string}"},"query-input":"required name=search_term_string"}],"inLanguage":"es"},{"@type":"Organization","@id":"https:\/\/www.celttv.com.ar\/#organization","name":"CELTTV","url":"https:\/\/www.celttv.com.ar\/","sameAs":["https:\/\/www.youtube.com\/channel\/UCz_oIt8Hig64Ub-EmcNPIhg","https:\/\/www.facebook.com\/celtTV\/"],"logo":{"@type":"ImageObject","inLanguage":"es","@id":"https:\/\/www.celttv.com.ar\/#\/schema\/logo\/image\/","url":"http:\/\/www.celttv.com.ar\/wp-content\/uploads\/2022\/08\/logo-1.png","contentUrl":"http:\/\/www.celttv.com.ar\/wp-content\/uploads\/2022\/08\/logo-1.png","width":461,"height":159,"caption":"CELTTV"},"image":{"@id":"https:\/\/www.celttv.com.ar\/#\/schema\/logo\/image\/"}},{"@type":"Person","@id":"https:\/\/www.celttv.com.ar\/#\/schema\/person\/6d99c072dba59953809c81446e9d0ace","name":"ulises","image":{"@type":"ImageObject","inLanguage":"es","@id":"https:\/\/www.celttv.com.ar\/#\/schema\/person\/image\/","url":"https:\/\/secure.gravatar.com\/avatar\/7f2c48bdc33b30088f941fb6082e555f2874c98e20cb159d7b92b50eadfce793?s=96&d=mm&r=g","contentUrl":"https:\/\/secure.gravatar.com\/avatar\/7f2c48bdc33b30088f941fb6082e555f2874c98e20cb159d7b92b50eadfce793?s=96&d=mm&r=g","caption":"ulises"},"sameAs":["http:\/\/www.celttv.com.ar"]}]}},"_links":{"self":[{"href":"https:\/\/www.celttv.com.ar\/index.php\/wp-json\/wp\/v2\/posts\/3736","targetHints":{"allow":["GET"]}}],"collection":[{"href":"https:\/\/www.celttv.com.ar\/index.php\/wp-json\/wp\/v2\/posts"}],"about":[{"href":"https:\/\/www.celttv.com.ar\/index.php\/wp-json\/wp\/v2\/types\/post"}],"author":[{"embeddable":true,"href":"https:\/\/www.celttv.com.ar\/index.php\/wp-json\/wp\/v2\/users\/1"}],"replies":[{"embeddable":true,"href":"https:\/\/www.celttv.com.ar\/index.php\/wp-json\/wp\/v2\/comments?post=3736"}],"version-history":[{"count":0,"href":"https:\/\/www.celttv.com.ar\/index.php\/wp-json\/wp\/v2\/posts\/3736\/revisions"}],"wp:attachment":[{"href":"https:\/\/www.celttv.com.ar\/index.php\/wp-json\/wp\/v2\/media?parent=3736"}],"wp:term":[{"taxonomy":"category","embeddable":true,"href":"https:\/\/www.celttv.com.ar\/index.php\/wp-json\/wp\/v2\/categories?post=3736"},{"taxonomy":"post_tag","embeddable":true,"href":"https:\/\/www.celttv.com.ar\/index.php\/wp-json\/wp\/v2\/tags?post=3736"}],"curies":[{"name":"wp","href":"https:\/\/api.w.org\/{rel}","templated":true}]}}