{"id":37368,"date":"2018-09-20T13:34:22","date_gmt":"2018-09-20T13:34:22","guid":{"rendered":"http:\/\/www.celttv.com.ar\/?p=37368"},"modified":"2018-09-20T13:34:22","modified_gmt":"2018-09-20T13:34:22","slug":"instituciones-de-la-comarca-turistica-en-la-mesa-de-opiniones","status":"publish","type":"post","link":"https:\/\/www.celttv.com.ar\/index.php\/2018\/09\/20\/instituciones-de-la-comarca-turistica-en-la-mesa-de-opiniones\/","title":{"rendered":"Instituciones de la Comarca Tur\u00edstica en la mesa de Opiniones (fotos y video)"},"content":{"rendered":"<div id='gallery_1' class='gallery galleryid-37368 gallery-columns-3 gallery-size-medium'><figure class='gallery-item'>\n            <div class='gallery-icon landscape'>\n                <a href='https:\/\/www.celttv.com.ar\/wp-content\/uploads\/2018\/09\/IMG_2475-Small.jpg'><img loading=\"lazy\" decoding=\"async\" width=\"300\" height=\"200\" src=\"\" class=\"attachment-medium size-medium lazyload\" alt=\"\" data-src=\"https:\/\/www.celttv.com.ar\/wp-content\/uploads\/2018\/09\/IMG_2475-Small-300x200.jpg\" data-sizes=\"auto\" data-srcset=\"https:\/\/www.celttv.com.ar\/wp-content\/uploads\/2018\/09\/IMG_2475-Small-300x200.jpg 300w, https:\/\/www.celttv.com.ar\/wp-content\/uploads\/2018\/09\/IMG_2475-Small.jpg 720w\" data-expand=\"700\" \/><\/a>\n            <\/div><\/figure><figure class='gallery-item'>\n            <div class='gallery-icon landscape'>\n                <a href='https:\/\/www.celttv.com.ar\/wp-content\/uploads\/2018\/09\/IMG_2477-Small.jpg'><img loading=\"lazy\" decoding=\"async\" width=\"300\" height=\"200\" src=\"\" class=\"attachment-medium size-medium lazyload\" alt=\"\" data-src=\"https:\/\/www.celttv.com.ar\/wp-content\/uploads\/2018\/09\/IMG_2477-Small-300x200.jpg\" data-sizes=\"auto\" data-srcset=\"https:\/\/www.celttv.com.ar\/wp-content\/uploads\/2018\/09\/IMG_2477-Small-300x200.jpg 300w, https:\/\/www.celttv.com.ar\/wp-content\/uploads\/2018\/09\/IMG_2477-Small.jpg 720w\" data-expand=\"700\" \/><\/a>\n            <\/div><\/figure><figure class='gallery-item'>\n            <div class='gallery-icon landscape'>\n                <a href='https:\/\/www.celttv.com.ar\/wp-content\/uploads\/2018\/09\/IMG_2478-Small.jpg'><img loading=\"lazy\" decoding=\"async\" width=\"300\" height=\"200\" src=\"\" class=\"attachment-medium size-medium lazyload\" alt=\"\" data-src=\"https:\/\/www.celttv.com.ar\/wp-content\/uploads\/2018\/09\/IMG_2478-Small-300x200.jpg\" data-sizes=\"auto\" data-srcset=\"https:\/\/www.celttv.com.ar\/wp-content\/uploads\/2018\/09\/IMG_2478-Small-300x200.jpg 300w, https:\/\/www.celttv.com.ar\/wp-content\/uploads\/2018\/09\/IMG_2478-Small.jpg 720w\" data-expand=\"700\" \/><\/a>\n            <\/div><\/figure><br style=\"clear: both\" \/>\n        <\/div>\n<br \/>\nIntegrantes de distintas instituciones relacionadas a la actividad tur\u00edstica de la comarca compartieron el programa de Opiniones.<br \/>\nCompartieron la mesa\u00a0 la Secretaria de Turismo de Turismo Susana Dos Santos, el presidente de la Asociaci\u00f3n para el desarrollo tur\u00edstico de la Comarca de Sierra de la Ventana Jorga Maipach, MicaelaCosta, presidente de la C\u00e1mara de Comercio de Sierra de la Ventana; Pablo Canle, presidente de la C\u00e1mara de Comercio de Tornquist; Gabriela Garc\u00eda, presidente de la C\u00e1mara de Comercio de Villa Ventana; Gladis Contreras, Preisdente de la Asociaci\u00f3n de Prestadores de Villa Ventana y Dante Peralta integrante de la Asociaci\u00f3n Atucos de la localidad de Saldungtaray.<br \/>\n&nbsp;<br \/>\n&nbsp;<\/p>\n<div class=\"jeg_video_container jeg_video_content\"><iframe loading=\"lazy\" title=\"2018 09 13 opiniones\" width=\"500\" height=\"375\" src=\"https:\/\/www.youtube.com\/embed\/ekcZ_qECogo?feature=oembed\" frameborder=\"0\" allow=\"accelerometer; autoplay; clipboard-write; encrypted-media; gyroscope; picture-in-picture; web-share\" referrerpolicy=\"strict-origin-when-cross-origin\" allowfullscreen><\/iframe><\/div>\n","protected":false},"excerpt":{"rendered":"<p>Integrantes de distintas instituciones relacionadas a la actividad tur\u00edstica de la comarca compartieron el programa de Opiniones. Compartieron la mesa\u00a0 la Secretaria de Turismo de Turismo Susana Dos Santos, el presidente de la Asociaci\u00f3n para el desarrollo tur\u00edstico de la Comarca de Sierra de la Ventana Jorga Maipach, MicaelaCosta, presidente de la C\u00e1mara de Comercio [&hellip;]<\/p>\n","protected":false},"author":1,"featured_media":37370,"comment_status":"closed","ping_status":"open","sticky":false,"template":"","format":"standard","meta":{"footnotes":""},"categories":[52,58,64],"tags":[],"class_list":["post-37368","post","type-post","status-publish","format-standard","has-post-thumbnail","hentry","category-destacadas","category-turismo","category-videos-destacados"],"yoast_head":"<!-- This site is optimized with the Yoast SEO plugin v19.7.1 - https:\/\/yoast.com\/wordpress\/plugins\/seo\/ -->\n<title>Instituciones de la Comarca Tur\u00edstica en la mesa de Opiniones (fotos y video) - CELTTV<\/title>\n<meta name=\"description\" content=\"Sitio web de noticias de la localidad de Tornquist, provincia de Buenos Aires, Rep\u00fablica Argentina. Contenido propio originado por periodistas de CELTTV, el canal de TV local de la Cooperativa El\u00e9ctrica de Tornquist. Turismo, Pol\u00edtica, Sociedad, Deporte, Cultura y todo el contenido de inter\u00e9s general que la gente del pueblo y la regi\u00f3n debe conocer.\" \/>\n<meta name=\"robots\" content=\"index, follow, max-snippet:-1, max-image-preview:large, max-video-preview:-1\" \/>\n<link rel=\"canonical\" href=\"https:\/\/www.celttv.com.ar\/index.php\/2018\/09\/20\/instituciones-de-la-comarca-turistica-en-la-mesa-de-opiniones\/\" \/>\n<meta property=\"og:locale\" content=\"es_ES\" \/>\n<meta property=\"og:type\" content=\"article\" \/>\n<meta property=\"og:title\" content=\"Instituciones de la Comarca Tur\u00edstica en la mesa de Opiniones (fotos y video) - CELTTV\" \/>\n<meta property=\"og:description\" content=\"Sitio web de noticias de la localidad de Tornquist, provincia de Buenos Aires, Rep\u00fablica Argentina. Contenido propio originado por periodistas de CELTTV, el canal de TV local de la Cooperativa El\u00e9ctrica de Tornquist. Turismo, Pol\u00edtica, Sociedad, Deporte, Cultura y todo el contenido de inter\u00e9s general que la gente del pueblo y la regi\u00f3n debe conocer.\" \/>\n<meta property=\"og:url\" content=\"https:\/\/www.celttv.com.ar\/index.php\/2018\/09\/20\/instituciones-de-la-comarca-turistica-en-la-mesa-de-opiniones\/\" \/>\n<meta property=\"og:site_name\" content=\"CELTTV\" \/>\n<meta property=\"article:publisher\" content=\"https:\/\/www.facebook.com\/celtTV\/\" \/>\n<meta property=\"article:published_time\" content=\"2018-09-20T13:34:22+00:00\" \/>\n<meta property=\"og:image\" content=\"https:\/\/www.celttv.com.ar\/wp-content\/uploads\/2018\/09\/IMG_2475-Small.jpg\" \/>\n\t<meta property=\"og:image:width\" content=\"720\" \/>\n\t<meta property=\"og:image:height\" content=\"480\" \/>\n\t<meta property=\"og:image:type\" content=\"image\/jpeg\" \/>\n<meta name=\"author\" content=\"ulises\" \/>\n<meta name=\"twitter:card\" content=\"summary_large_image\" \/>\n<meta name=\"twitter:label1\" content=\"Escrito por\" \/>\n\t<meta name=\"twitter:data1\" content=\"ulises\" \/>\n\t<meta name=\"twitter:label2\" content=\"Tiempo de lectura\" \/>\n\t<meta name=\"twitter:data2\" content=\"1 minuto\" \/>\n<script type=\"application\/ld+json\" class=\"yoast-schema-graph\">{\"@context\":\"https:\/\/schema.org\",\"@graph\":[{\"@type\":\"NewsArticle\",\"@id\":\"https:\/\/www.celttv.com.ar\/index.php\/2018\/09\/20\/instituciones-de-la-comarca-turistica-en-la-mesa-de-opiniones\/#article\",\"isPartOf\":{\"@id\":\"https:\/\/www.celttv.com.ar\/index.php\/2018\/09\/20\/instituciones-de-la-comarca-turistica-en-la-mesa-de-opiniones\/\"},\"author\":{\"name\":\"ulises\",\"@id\":\"https:\/\/www.celttv.com.ar\/#\/schema\/person\/6d99c072dba59953809c81446e9d0ace\"},\"headline\":\"Instituciones de la Comarca Tur\u00edstica en la mesa de Opiniones (fotos y video)\",\"datePublished\":\"2018-09-20T13:34:22+00:00\",\"dateModified\":\"2018-09-20T13:34:22+00:00\",\"mainEntityOfPage\":{\"@id\":\"https:\/\/www.celttv.com.ar\/index.php\/2018\/09\/20\/instituciones-de-la-comarca-turistica-en-la-mesa-de-opiniones\/\"},\"wordCount\":142,\"publisher\":{\"@id\":\"https:\/\/www.celttv.com.ar\/#organization\"},\"articleSection\":[\"Destacadas\",\"Turismo\",\"Videos Destacados\"],\"inLanguage\":\"es\"},{\"@type\":\"WebPage\",\"@id\":\"https:\/\/www.celttv.com.ar\/index.php\/2018\/09\/20\/instituciones-de-la-comarca-turistica-en-la-mesa-de-opiniones\/\",\"url\":\"https:\/\/www.celttv.com.ar\/index.php\/2018\/09\/20\/instituciones-de-la-comarca-turistica-en-la-mesa-de-opiniones\/\",\"name\":\"Instituciones de la Comarca Tur\u00edstica en la mesa de Opiniones (fotos y video) - CELTTV\",\"isPartOf\":{\"@id\":\"https:\/\/www.celttv.com.ar\/#website\"},\"datePublished\":\"2018-09-20T13:34:22+00:00\",\"dateModified\":\"2018-09-20T13:34:22+00:00\",\"description\":\"Sitio web de noticias de la localidad de Tornquist, provincia de Buenos Aires, Rep\u00fablica Argentina. Contenido propio originado por periodistas de CELTTV, el canal de TV local de la Cooperativa El\u00e9ctrica de Tornquist. Turismo, Pol\u00edtica, Sociedad, Deporte, Cultura y todo el contenido de inter\u00e9s general que la gente del pueblo y la regi\u00f3n debe conocer.\",\"breadcrumb\":{\"@id\":\"https:\/\/www.celttv.com.ar\/index.php\/2018\/09\/20\/instituciones-de-la-comarca-turistica-en-la-mesa-de-opiniones\/#breadcrumb\"},\"inLanguage\":\"es\",\"potentialAction\":[{\"@type\":\"ReadAction\",\"target\":[\"https:\/\/www.celttv.com.ar\/index.php\/2018\/09\/20\/instituciones-de-la-comarca-turistica-en-la-mesa-de-opiniones\/\"]}]},{\"@type\":\"BreadcrumbList\",\"@id\":\"https:\/\/www.celttv.com.ar\/index.php\/2018\/09\/20\/instituciones-de-la-comarca-turistica-en-la-mesa-de-opiniones\/#breadcrumb\",\"itemListElement\":[{\"@type\":\"ListItem\",\"position\":1,\"name\":\"Inicio\",\"item\":\"https:\/\/www.celttv.com.ar\/\"},{\"@type\":\"ListItem\",\"position\":2,\"name\":\"Instituciones de la Comarca Tur\u00edstica en la mesa de Opiniones (fotos y video)\"}]},{\"@type\":\"WebSite\",\"@id\":\"https:\/\/www.celttv.com.ar\/#website\",\"url\":\"https:\/\/www.celttv.com.ar\/\",\"name\":\"CELTTV\",\"description\":\"Cooperativa El\u00e9ctrica de Tornquist\",\"publisher\":{\"@id\":\"https:\/\/www.celttv.com.ar\/#organization\"},\"potentialAction\":[{\"@type\":\"SearchAction\",\"target\":{\"@type\":\"EntryPoint\",\"urlTemplate\":\"https:\/\/www.celttv.com.ar\/?s={search_term_string}\"},\"query-input\":\"required name=search_term_string\"}],\"inLanguage\":\"es\"},{\"@type\":\"Organization\",\"@id\":\"https:\/\/www.celttv.com.ar\/#organization\",\"name\":\"CELTTV\",\"url\":\"https:\/\/www.celttv.com.ar\/\",\"sameAs\":[\"https:\/\/www.youtube.com\/channel\/UCz_oIt8Hig64Ub-EmcNPIhg\",\"https:\/\/www.facebook.com\/celtTV\/\"],\"logo\":{\"@type\":\"ImageObject\",\"inLanguage\":\"es\",\"@id\":\"https:\/\/www.celttv.com.ar\/#\/schema\/logo\/image\/\",\"url\":\"http:\/\/www.celttv.com.ar\/wp-content\/uploads\/2022\/08\/logo-1.png\",\"contentUrl\":\"http:\/\/www.celttv.com.ar\/wp-content\/uploads\/2022\/08\/logo-1.png\",\"width\":461,\"height\":159,\"caption\":\"CELTTV\"},\"image\":{\"@id\":\"https:\/\/www.celttv.com.ar\/#\/schema\/logo\/image\/\"}},{\"@type\":\"Person\",\"@id\":\"https:\/\/www.celttv.com.ar\/#\/schema\/person\/6d99c072dba59953809c81446e9d0ace\",\"name\":\"ulises\",\"image\":{\"@type\":\"ImageObject\",\"inLanguage\":\"es\",\"@id\":\"https:\/\/www.celttv.com.ar\/#\/schema\/person\/image\/\",\"url\":\"https:\/\/secure.gravatar.com\/avatar\/7f2c48bdc33b30088f941fb6082e555f2874c98e20cb159d7b92b50eadfce793?s=96&d=mm&r=g\",\"contentUrl\":\"https:\/\/secure.gravatar.com\/avatar\/7f2c48bdc33b30088f941fb6082e555f2874c98e20cb159d7b92b50eadfce793?s=96&d=mm&r=g\",\"caption\":\"ulises\"},\"sameAs\":[\"http:\/\/www.celttv.com.ar\"]}]}<\/script>\n<!-- \/ Yoast SEO plugin. -->","yoast_head_json":{"title":"Instituciones de la Comarca Tur\u00edstica en la mesa de Opiniones (fotos y video) - CELTTV","description":"Sitio web de noticias de la localidad de Tornquist, provincia de Buenos Aires, Rep\u00fablica Argentina. Contenido propio originado por periodistas de CELTTV, el canal de TV local de la Cooperativa El\u00e9ctrica de Tornquist. Turismo, Pol\u00edtica, Sociedad, Deporte, Cultura y todo el contenido de inter\u00e9s general que la gente del pueblo y la regi\u00f3n debe conocer.","robots":{"index":"index","follow":"follow","max-snippet":"max-snippet:-1","max-image-preview":"max-image-preview:large","max-video-preview":"max-video-preview:-1"},"canonical":"https:\/\/www.celttv.com.ar\/index.php\/2018\/09\/20\/instituciones-de-la-comarca-turistica-en-la-mesa-de-opiniones\/","og_locale":"es_ES","og_type":"article","og_title":"Instituciones de la Comarca Tur\u00edstica en la mesa de Opiniones (fotos y video) - CELTTV","og_description":"Sitio web de noticias de la localidad de Tornquist, provincia de Buenos Aires, Rep\u00fablica Argentina. Contenido propio originado por periodistas de CELTTV, el canal de TV local de la Cooperativa El\u00e9ctrica de Tornquist. Turismo, Pol\u00edtica, Sociedad, Deporte, Cultura y todo el contenido de inter\u00e9s general que la gente del pueblo y la regi\u00f3n debe conocer.","og_url":"https:\/\/www.celttv.com.ar\/index.php\/2018\/09\/20\/instituciones-de-la-comarca-turistica-en-la-mesa-de-opiniones\/","og_site_name":"CELTTV","article_publisher":"https:\/\/www.facebook.com\/celtTV\/","article_published_time":"2018-09-20T13:34:22+00:00","og_image":[{"width":720,"height":480,"url":"https:\/\/www.celttv.com.ar\/wp-content\/uploads\/2018\/09\/IMG_2475-Small.jpg","type":"image\/jpeg"}],"author":"ulises","twitter_card":"summary_large_image","twitter_misc":{"Escrito por":"ulises","Tiempo de lectura":"1 minuto"},"schema":{"@context":"https:\/\/schema.org","@graph":[{"@type":"NewsArticle","@id":"https:\/\/www.celttv.com.ar\/index.php\/2018\/09\/20\/instituciones-de-la-comarca-turistica-en-la-mesa-de-opiniones\/#article","isPartOf":{"@id":"https:\/\/www.celttv.com.ar\/index.php\/2018\/09\/20\/instituciones-de-la-comarca-turistica-en-la-mesa-de-opiniones\/"},"author":{"name":"ulises","@id":"https:\/\/www.celttv.com.ar\/#\/schema\/person\/6d99c072dba59953809c81446e9d0ace"},"headline":"Instituciones de la Comarca Tur\u00edstica en la mesa de Opiniones (fotos y video)","datePublished":"2018-09-20T13:34:22+00:00","dateModified":"2018-09-20T13:34:22+00:00","mainEntityOfPage":{"@id":"https:\/\/www.celttv.com.ar\/index.php\/2018\/09\/20\/instituciones-de-la-comarca-turistica-en-la-mesa-de-opiniones\/"},"wordCount":142,"publisher":{"@id":"https:\/\/www.celttv.com.ar\/#organization"},"articleSection":["Destacadas","Turismo","Videos Destacados"],"inLanguage":"es"},{"@type":"WebPage","@id":"https:\/\/www.celttv.com.ar\/index.php\/2018\/09\/20\/instituciones-de-la-comarca-turistica-en-la-mesa-de-opiniones\/","url":"https:\/\/www.celttv.com.ar\/index.php\/2018\/09\/20\/instituciones-de-la-comarca-turistica-en-la-mesa-de-opiniones\/","name":"Instituciones de la Comarca Tur\u00edstica en la mesa de Opiniones (fotos y video) - CELTTV","isPartOf":{"@id":"https:\/\/www.celttv.com.ar\/#website"},"datePublished":"2018-09-20T13:34:22+00:00","dateModified":"2018-09-20T13:34:22+00:00","description":"Sitio web de noticias de la localidad de Tornquist, provincia de Buenos Aires, Rep\u00fablica Argentina. Contenido propio originado por periodistas de CELTTV, el canal de TV local de la Cooperativa El\u00e9ctrica de Tornquist. Turismo, Pol\u00edtica, Sociedad, Deporte, Cultura y todo el contenido de inter\u00e9s general que la gente del pueblo y la regi\u00f3n debe conocer.","breadcrumb":{"@id":"https:\/\/www.celttv.com.ar\/index.php\/2018\/09\/20\/instituciones-de-la-comarca-turistica-en-la-mesa-de-opiniones\/#breadcrumb"},"inLanguage":"es","potentialAction":[{"@type":"ReadAction","target":["https:\/\/www.celttv.com.ar\/index.php\/2018\/09\/20\/instituciones-de-la-comarca-turistica-en-la-mesa-de-opiniones\/"]}]},{"@type":"BreadcrumbList","@id":"https:\/\/www.celttv.com.ar\/index.php\/2018\/09\/20\/instituciones-de-la-comarca-turistica-en-la-mesa-de-opiniones\/#breadcrumb","itemListElement":[{"@type":"ListItem","position":1,"name":"Inicio","item":"https:\/\/www.celttv.com.ar\/"},{"@type":"ListItem","position":2,"name":"Instituciones de la Comarca Tur\u00edstica en la mesa de Opiniones (fotos y video)"}]},{"@type":"WebSite","@id":"https:\/\/www.celttv.com.ar\/#website","url":"https:\/\/www.celttv.com.ar\/","name":"CELTTV","description":"Cooperativa El\u00e9ctrica de Tornquist","publisher":{"@id":"https:\/\/www.celttv.com.ar\/#organization"},"potentialAction":[{"@type":"SearchAction","target":{"@type":"EntryPoint","urlTemplate":"https:\/\/www.celttv.com.ar\/?s={search_term_string}"},"query-input":"required name=search_term_string"}],"inLanguage":"es"},{"@type":"Organization","@id":"https:\/\/www.celttv.com.ar\/#organization","name":"CELTTV","url":"https:\/\/www.celttv.com.ar\/","sameAs":["https:\/\/www.youtube.com\/channel\/UCz_oIt8Hig64Ub-EmcNPIhg","https:\/\/www.facebook.com\/celtTV\/"],"logo":{"@type":"ImageObject","inLanguage":"es","@id":"https:\/\/www.celttv.com.ar\/#\/schema\/logo\/image\/","url":"http:\/\/www.celttv.com.ar\/wp-content\/uploads\/2022\/08\/logo-1.png","contentUrl":"http:\/\/www.celttv.com.ar\/wp-content\/uploads\/2022\/08\/logo-1.png","width":461,"height":159,"caption":"CELTTV"},"image":{"@id":"https:\/\/www.celttv.com.ar\/#\/schema\/logo\/image\/"}},{"@type":"Person","@id":"https:\/\/www.celttv.com.ar\/#\/schema\/person\/6d99c072dba59953809c81446e9d0ace","name":"ulises","image":{"@type":"ImageObject","inLanguage":"es","@id":"https:\/\/www.celttv.com.ar\/#\/schema\/person\/image\/","url":"https:\/\/secure.gravatar.com\/avatar\/7f2c48bdc33b30088f941fb6082e555f2874c98e20cb159d7b92b50eadfce793?s=96&d=mm&r=g","contentUrl":"https:\/\/secure.gravatar.com\/avatar\/7f2c48bdc33b30088f941fb6082e555f2874c98e20cb159d7b92b50eadfce793?s=96&d=mm&r=g","caption":"ulises"},"sameAs":["http:\/\/www.celttv.com.ar"]}]}},"_links":{"self":[{"href":"https:\/\/www.celttv.com.ar\/index.php\/wp-json\/wp\/v2\/posts\/37368","targetHints":{"allow":["GET"]}}],"collection":[{"href":"https:\/\/www.celttv.com.ar\/index.php\/wp-json\/wp\/v2\/posts"}],"about":[{"href":"https:\/\/www.celttv.com.ar\/index.php\/wp-json\/wp\/v2\/types\/post"}],"author":[{"embeddable":true,"href":"https:\/\/www.celttv.com.ar\/index.php\/wp-json\/wp\/v2\/users\/1"}],"replies":[{"embeddable":true,"href":"https:\/\/www.celttv.com.ar\/index.php\/wp-json\/wp\/v2\/comments?post=37368"}],"version-history":[{"count":0,"href":"https:\/\/www.celttv.com.ar\/index.php\/wp-json\/wp\/v2\/posts\/37368\/revisions"}],"wp:featuredmedia":[{"embeddable":true,"href":"https:\/\/www.celttv.com.ar\/index.php\/wp-json\/wp\/v2\/media\/37370"}],"wp:attachment":[{"href":"https:\/\/www.celttv.com.ar\/index.php\/wp-json\/wp\/v2\/media?parent=37368"}],"wp:term":[{"taxonomy":"category","embeddable":true,"href":"https:\/\/www.celttv.com.ar\/index.php\/wp-json\/wp\/v2\/categories?post=37368"},{"taxonomy":"post_tag","embeddable":true,"href":"https:\/\/www.celttv.com.ar\/index.php\/wp-json\/wp\/v2\/tags?post=37368"}],"curies":[{"name":"wp","href":"https:\/\/api.w.org\/{rel}","templated":true}]}}