{"id":37380,"date":"2018-09-20T14:22:37","date_gmt":"2018-09-20T14:22:37","guid":{"rendered":"http:\/\/www.celttv.com.ar\/?p=37380"},"modified":"2018-09-20T14:22:37","modified_gmt":"2018-09-20T14:22:37","slug":"el-ministro-de-desarrollo-social-visito-tornquist-videos-entrevistas-y-fotos","status":"publish","type":"post","link":"https:\/\/www.celttv.com.ar\/index.php\/2018\/09\/20\/el-ministro-de-desarrollo-social-visito-tornquist-videos-entrevistas-y-fotos\/","title":{"rendered":"El ministro de Desarrollo Social visit\u00f3 Tornquist (Videos entrevistas y fotos)"},"content":{"rendered":"<p>El Ministro de Desarrollo Social de la Provincia de Buenos Aires, Santiago L\u00f3pez Medrano, visit\u00f3 la localidad de Tornquist, para recorrer distintas instituciones junto a funcionarios locales.<br \/>\nPasadas las 14hs, el funcionario provincial arrib\u00f3 al palacio municipal, donde fue recibido por el Secretario de Gobierno Ezequiel Gabella, en representaci\u00f3n del intendente municipal.<br \/>\nEn la primera parte de su visita, mantuvo una reuni\u00f3n junto al Secretario de Desarrollo Gonzalo Iparraguirre, Secretario de Acci\u00f3n Social Fabio Gonz\u00e1lez, la Secretaria de Turismo Susana Dos Santos y el Director de Juventud Gerardo Bucchi, con quienes convers\u00f3 sobre el funcionamiento de los programas que la provincia acerca a los municipios, adem\u00e1s los funcionarios expusieron la situaci\u00f3n social actual del distrito, adem\u00e1s de acercarle proyectos para su posterior desarrollo.<br \/>\nM\u00e1s tarde el titular de \u00e1rea social bonaerense junto al equipo municipal, se dirigieron al Hogar Convivencial, en donde actualmente viven 13 ni\u00f1os y donde funciona el servicio local. El funcionario tuvo la oportunidad de conversar con parte del equipo que trabaja diariamente en el lugar, quienes les explicaron c\u00f3mo funcionan y las necesidades que presentan.<br \/>\nPara finalizar el recorrido, se acercaron hasta el SUM del Barrio Sur, sede del Programa ENVION, donde pudo observar los da\u00f1os producidos por el fuego que azoto el lugar hace meses atr\u00e1s, adem\u00e1s de las obras que se est\u00e1n llevando adelante por parte del municipio para poder poner a punto el espacio. Dos representantes de Envi\u00f3n estuvieron presentes en la visita, para explicarle al titular de la cartera social de la provincia, el trabajo que se realiza a diario con los j\u00f3venes de Tornquist y Saldungaray, donde se da apoyo a m\u00e1s de 120 chicos entre las dos localidades.<br \/>\nPrensa Municipio.<\/p>\n<div class=\"jeg_video_container jeg_video_content\"><iframe loading=\"lazy\" title=\"2018 09 19 VISITA DEL MINISTRO 1 EZEQUIEL GABELLA\" width=\"500\" height=\"375\" src=\"https:\/\/www.youtube.com\/embed\/20WF08dBRYM?feature=oembed\" frameborder=\"0\" allow=\"accelerometer; autoplay; clipboard-write; encrypted-media; gyroscope; picture-in-picture; web-share\" referrerpolicy=\"strict-origin-when-cross-origin\" allowfullscreen><\/iframe><\/div>\n<div class=\"jeg_video_container jeg_video_content\"><iframe loading=\"lazy\" title=\"2018 09 19 VISITA DEL MINISTRO 2 SANTIAGO LOPEZ MEDRANO\" width=\"500\" height=\"375\" src=\"https:\/\/www.youtube.com\/embed\/DDzXlF6jPds?feature=oembed\" frameborder=\"0\" allow=\"accelerometer; autoplay; clipboard-write; encrypted-media; gyroscope; picture-in-picture; web-share\" referrerpolicy=\"strict-origin-when-cross-origin\" allowfullscreen><\/iframe><\/div>\n<p><a href=\"http:\/\/www.celttv.com.ar\/?attachment_id=37386\" rel=\"attachment wp-att-37386\"><img loading=\"lazy\" decoding=\"async\" class=\"alignleft size-medium wp-image-37386\" src=\"http:\/\/www.celttv.com.ar\/wp-content\/uploads\/2018\/09\/IMG-20180920-WA0007-780x780.jpg\" alt=\"\" width=\"780\" height=\"780\" \/><\/a> <a href=\"http:\/\/www.celttv.com.ar\/?attachment_id=37385\" rel=\"attachment wp-att-37385\"><img loading=\"lazy\" decoding=\"async\" class=\"alignleft size-medium wp-image-37385\" src=\"http:\/\/www.celttv.com.ar\/wp-content\/uploads\/2018\/09\/IMG-20180920-WA0006-780x780.jpg\" alt=\"\" width=\"780\" height=\"780\" \/><\/a> <a href=\"http:\/\/www.celttv.com.ar\/?attachment_id=37384\" rel=\"attachment wp-att-37384\"><img loading=\"lazy\" decoding=\"async\" class=\"alignleft size-medium wp-image-37384\" src=\"http:\/\/www.celttv.com.ar\/wp-content\/uploads\/2018\/09\/IMG-20180920-WA0005-780x624.jpg\" alt=\"\" width=\"780\" height=\"624\" \/><\/a> <a href=\"http:\/\/www.celttv.com.ar\/?attachment_id=37383\" rel=\"attachment wp-att-37383\"><img loading=\"lazy\" decoding=\"async\" class=\"alignleft size-medium wp-image-37383\" src=\"http:\/\/www.celttv.com.ar\/wp-content\/uploads\/2018\/09\/IMG-20180920-WA0004-780x537.jpg\" alt=\"\" width=\"780\" height=\"537\" \/><\/a> <a href=\"http:\/\/www.celttv.com.ar\/?attachment_id=37382\" rel=\"attachment wp-att-37382\"><img loading=\"lazy\" decoding=\"async\" class=\"alignleft size-medium wp-image-37382\" src=\"http:\/\/www.celttv.com.ar\/wp-content\/uploads\/2018\/09\/IMG-20180919-WA0010-780x585.jpg\" alt=\"\" width=\"780\" height=\"585\" \/><\/a><br \/>\n&nbsp;<br \/>\n&nbsp;<br \/>\n&nbsp;<br \/>\n&nbsp;<br \/>\n&nbsp;<br \/>\n&nbsp;<br \/>\n&nbsp;<br \/>\n&nbsp;<\/p>\n","protected":false},"excerpt":{"rendered":"<p>El Ministro de Desarrollo Social de la Provincia de Buenos Aires, Santiago L\u00f3pez Medrano, visit\u00f3 la localidad de Tornquist, para recorrer distintas instituciones junto a funcionarios locales. Pasadas las 14hs, el funcionario provincial arrib\u00f3 al palacio municipal, donde fue recibido por el Secretario de Gobierno Ezequiel Gabella, en representaci\u00f3n del intendente municipal. En la primera [&hellip;]<\/p>\n","protected":false},"author":1,"featured_media":37387,"comment_status":"closed","ping_status":"open","sticky":false,"template":"","format":"standard","meta":{"footnotes":""},"categories":[55,51,52,53],"tags":[],"class_list":["post-37380","post","type-post","status-publish","format-standard","has-post-thumbnail","hentry","category-celt-tv-noticias","category-comunidad","category-destacadas","category-politica"],"yoast_head":"<!-- This site is optimized with the Yoast SEO plugin v19.7.1 - https:\/\/yoast.com\/wordpress\/plugins\/seo\/ -->\n<title>El ministro de Desarrollo Social visit\u00f3 Tornquist (Videos entrevistas y fotos) - CELTTV<\/title>\n<meta name=\"description\" content=\"Sitio web de noticias de la localidad de Tornquist, provincia de Buenos Aires, Rep\u00fablica Argentina. Contenido propio originado por periodistas de CELTTV, el canal de TV local de la Cooperativa El\u00e9ctrica de Tornquist. Turismo, Pol\u00edtica, Sociedad, Deporte, Cultura y todo el contenido de inter\u00e9s general que la gente del pueblo y la regi\u00f3n debe conocer.\" \/>\n<meta name=\"robots\" content=\"index, follow, max-snippet:-1, max-image-preview:large, max-video-preview:-1\" \/>\n<link rel=\"canonical\" href=\"https:\/\/www.celttv.com.ar\/index.php\/2018\/09\/20\/el-ministro-de-desarrollo-social-visito-tornquist-videos-entrevistas-y-fotos\/\" \/>\n<meta property=\"og:locale\" content=\"es_ES\" \/>\n<meta property=\"og:type\" content=\"article\" \/>\n<meta property=\"og:title\" content=\"El ministro de Desarrollo Social visit\u00f3 Tornquist (Videos entrevistas y fotos) - CELTTV\" \/>\n<meta property=\"og:description\" content=\"Sitio web de noticias de la localidad de Tornquist, provincia de Buenos Aires, Rep\u00fablica Argentina. Contenido propio originado por periodistas de CELTTV, el canal de TV local de la Cooperativa El\u00e9ctrica de Tornquist. Turismo, Pol\u00edtica, Sociedad, Deporte, Cultura y todo el contenido de inter\u00e9s general que la gente del pueblo y la regi\u00f3n debe conocer.\" \/>\n<meta property=\"og:url\" content=\"https:\/\/www.celttv.com.ar\/index.php\/2018\/09\/20\/el-ministro-de-desarrollo-social-visito-tornquist-videos-entrevistas-y-fotos\/\" \/>\n<meta property=\"og:site_name\" content=\"CELTTV\" \/>\n<meta property=\"article:publisher\" content=\"https:\/\/www.facebook.com\/celtTV\/\" \/>\n<meta property=\"article:published_time\" content=\"2018-09-20T14:22:37+00:00\" \/>\n<meta property=\"og:image\" content=\"https:\/\/www.celttv.com.ar\/wp-content\/uploads\/2018\/09\/IMG-20180920-WA0008.jpg\" \/>\n\t<meta property=\"og:image:width\" content=\"852\" \/>\n\t<meta property=\"og:image:height\" content=\"852\" \/>\n\t<meta property=\"og:image:type\" content=\"image\/jpeg\" \/>\n<meta name=\"author\" content=\"ulises\" \/>\n<meta name=\"twitter:card\" content=\"summary_large_image\" \/>\n<meta name=\"twitter:label1\" content=\"Escrito por\" \/>\n\t<meta name=\"twitter:data1\" content=\"ulises\" \/>\n\t<meta name=\"twitter:label2\" content=\"Tiempo de lectura\" \/>\n\t<meta name=\"twitter:data2\" content=\"2 minutos\" \/>\n<script type=\"application\/ld+json\" class=\"yoast-schema-graph\">{\"@context\":\"https:\/\/schema.org\",\"@graph\":[{\"@type\":\"NewsArticle\",\"@id\":\"https:\/\/www.celttv.com.ar\/index.php\/2018\/09\/20\/el-ministro-de-desarrollo-social-visito-tornquist-videos-entrevistas-y-fotos\/#article\",\"isPartOf\":{\"@id\":\"https:\/\/www.celttv.com.ar\/index.php\/2018\/09\/20\/el-ministro-de-desarrollo-social-visito-tornquist-videos-entrevistas-y-fotos\/\"},\"author\":{\"name\":\"ulises\",\"@id\":\"https:\/\/www.celttv.com.ar\/#\/schema\/person\/6d99c072dba59953809c81446e9d0ace\"},\"headline\":\"El ministro de Desarrollo Social visit\u00f3 Tornquist (Videos entrevistas y fotos)\",\"datePublished\":\"2018-09-20T14:22:37+00:00\",\"dateModified\":\"2018-09-20T14:22:37+00:00\",\"mainEntityOfPage\":{\"@id\":\"https:\/\/www.celttv.com.ar\/index.php\/2018\/09\/20\/el-ministro-de-desarrollo-social-visito-tornquist-videos-entrevistas-y-fotos\/\"},\"wordCount\":331,\"publisher\":{\"@id\":\"https:\/\/www.celttv.com.ar\/#organization\"},\"articleSection\":[\"Celt TV Noticias\",\"Comunidad\",\"Destacadas\",\"Pol\u00edtica\"],\"inLanguage\":\"es\"},{\"@type\":\"WebPage\",\"@id\":\"https:\/\/www.celttv.com.ar\/index.php\/2018\/09\/20\/el-ministro-de-desarrollo-social-visito-tornquist-videos-entrevistas-y-fotos\/\",\"url\":\"https:\/\/www.celttv.com.ar\/index.php\/2018\/09\/20\/el-ministro-de-desarrollo-social-visito-tornquist-videos-entrevistas-y-fotos\/\",\"name\":\"El ministro de Desarrollo Social visit\u00f3 Tornquist (Videos entrevistas y fotos) - CELTTV\",\"isPartOf\":{\"@id\":\"https:\/\/www.celttv.com.ar\/#website\"},\"datePublished\":\"2018-09-20T14:22:37+00:00\",\"dateModified\":\"2018-09-20T14:22:37+00:00\",\"description\":\"Sitio web de noticias de la localidad de Tornquist, provincia de Buenos Aires, Rep\u00fablica Argentina. Contenido propio originado por periodistas de CELTTV, el canal de TV local de la Cooperativa El\u00e9ctrica de Tornquist. Turismo, Pol\u00edtica, Sociedad, Deporte, Cultura y todo el contenido de inter\u00e9s general que la gente del pueblo y la regi\u00f3n debe conocer.\",\"breadcrumb\":{\"@id\":\"https:\/\/www.celttv.com.ar\/index.php\/2018\/09\/20\/el-ministro-de-desarrollo-social-visito-tornquist-videos-entrevistas-y-fotos\/#breadcrumb\"},\"inLanguage\":\"es\",\"potentialAction\":[{\"@type\":\"ReadAction\",\"target\":[\"https:\/\/www.celttv.com.ar\/index.php\/2018\/09\/20\/el-ministro-de-desarrollo-social-visito-tornquist-videos-entrevistas-y-fotos\/\"]}]},{\"@type\":\"BreadcrumbList\",\"@id\":\"https:\/\/www.celttv.com.ar\/index.php\/2018\/09\/20\/el-ministro-de-desarrollo-social-visito-tornquist-videos-entrevistas-y-fotos\/#breadcrumb\",\"itemListElement\":[{\"@type\":\"ListItem\",\"position\":1,\"name\":\"Inicio\",\"item\":\"https:\/\/www.celttv.com.ar\/\"},{\"@type\":\"ListItem\",\"position\":2,\"name\":\"El ministro de Desarrollo Social visit\u00f3 Tornquist (Videos entrevistas y fotos)\"}]},{\"@type\":\"WebSite\",\"@id\":\"https:\/\/www.celttv.com.ar\/#website\",\"url\":\"https:\/\/www.celttv.com.ar\/\",\"name\":\"CELTTV\",\"description\":\"Cooperativa El\u00e9ctrica de Tornquist\",\"publisher\":{\"@id\":\"https:\/\/www.celttv.com.ar\/#organization\"},\"potentialAction\":[{\"@type\":\"SearchAction\",\"target\":{\"@type\":\"EntryPoint\",\"urlTemplate\":\"https:\/\/www.celttv.com.ar\/?s={search_term_string}\"},\"query-input\":\"required name=search_term_string\"}],\"inLanguage\":\"es\"},{\"@type\":\"Organization\",\"@id\":\"https:\/\/www.celttv.com.ar\/#organization\",\"name\":\"CELTTV\",\"url\":\"https:\/\/www.celttv.com.ar\/\",\"sameAs\":[\"https:\/\/www.youtube.com\/channel\/UCz_oIt8Hig64Ub-EmcNPIhg\",\"https:\/\/www.facebook.com\/celtTV\/\"],\"logo\":{\"@type\":\"ImageObject\",\"inLanguage\":\"es\",\"@id\":\"https:\/\/www.celttv.com.ar\/#\/schema\/logo\/image\/\",\"url\":\"http:\/\/www.celttv.com.ar\/wp-content\/uploads\/2022\/08\/logo-1.png\",\"contentUrl\":\"http:\/\/www.celttv.com.ar\/wp-content\/uploads\/2022\/08\/logo-1.png\",\"width\":461,\"height\":159,\"caption\":\"CELTTV\"},\"image\":{\"@id\":\"https:\/\/www.celttv.com.ar\/#\/schema\/logo\/image\/\"}},{\"@type\":\"Person\",\"@id\":\"https:\/\/www.celttv.com.ar\/#\/schema\/person\/6d99c072dba59953809c81446e9d0ace\",\"name\":\"ulises\",\"image\":{\"@type\":\"ImageObject\",\"inLanguage\":\"es\",\"@id\":\"https:\/\/www.celttv.com.ar\/#\/schema\/person\/image\/\",\"url\":\"https:\/\/secure.gravatar.com\/avatar\/7f2c48bdc33b30088f941fb6082e555f2874c98e20cb159d7b92b50eadfce793?s=96&d=mm&r=g\",\"contentUrl\":\"https:\/\/secure.gravatar.com\/avatar\/7f2c48bdc33b30088f941fb6082e555f2874c98e20cb159d7b92b50eadfce793?s=96&d=mm&r=g\",\"caption\":\"ulises\"},\"sameAs\":[\"http:\/\/www.celttv.com.ar\"]}]}<\/script>\n<!-- \/ Yoast SEO plugin. -->","yoast_head_json":{"title":"El ministro de Desarrollo Social visit\u00f3 Tornquist (Videos entrevistas y fotos) - CELTTV","description":"Sitio web de noticias de la localidad de Tornquist, provincia de Buenos Aires, Rep\u00fablica Argentina. Contenido propio originado por periodistas de CELTTV, el canal de TV local de la Cooperativa El\u00e9ctrica de Tornquist. Turismo, Pol\u00edtica, Sociedad, Deporte, Cultura y todo el contenido de inter\u00e9s general que la gente del pueblo y la regi\u00f3n debe conocer.","robots":{"index":"index","follow":"follow","max-snippet":"max-snippet:-1","max-image-preview":"max-image-preview:large","max-video-preview":"max-video-preview:-1"},"canonical":"https:\/\/www.celttv.com.ar\/index.php\/2018\/09\/20\/el-ministro-de-desarrollo-social-visito-tornquist-videos-entrevistas-y-fotos\/","og_locale":"es_ES","og_type":"article","og_title":"El ministro de Desarrollo Social visit\u00f3 Tornquist (Videos entrevistas y fotos) - CELTTV","og_description":"Sitio web de noticias de la localidad de Tornquist, provincia de Buenos Aires, Rep\u00fablica Argentina. Contenido propio originado por periodistas de CELTTV, el canal de TV local de la Cooperativa El\u00e9ctrica de Tornquist. Turismo, Pol\u00edtica, Sociedad, Deporte, Cultura y todo el contenido de inter\u00e9s general que la gente del pueblo y la regi\u00f3n debe conocer.","og_url":"https:\/\/www.celttv.com.ar\/index.php\/2018\/09\/20\/el-ministro-de-desarrollo-social-visito-tornquist-videos-entrevistas-y-fotos\/","og_site_name":"CELTTV","article_publisher":"https:\/\/www.facebook.com\/celtTV\/","article_published_time":"2018-09-20T14:22:37+00:00","og_image":[{"width":852,"height":852,"url":"https:\/\/www.celttv.com.ar\/wp-content\/uploads\/2018\/09\/IMG-20180920-WA0008.jpg","type":"image\/jpeg"}],"author":"ulises","twitter_card":"summary_large_image","twitter_misc":{"Escrito por":"ulises","Tiempo de lectura":"2 minutos"},"schema":{"@context":"https:\/\/schema.org","@graph":[{"@type":"NewsArticle","@id":"https:\/\/www.celttv.com.ar\/index.php\/2018\/09\/20\/el-ministro-de-desarrollo-social-visito-tornquist-videos-entrevistas-y-fotos\/#article","isPartOf":{"@id":"https:\/\/www.celttv.com.ar\/index.php\/2018\/09\/20\/el-ministro-de-desarrollo-social-visito-tornquist-videos-entrevistas-y-fotos\/"},"author":{"name":"ulises","@id":"https:\/\/www.celttv.com.ar\/#\/schema\/person\/6d99c072dba59953809c81446e9d0ace"},"headline":"El ministro de Desarrollo Social visit\u00f3 Tornquist (Videos entrevistas y fotos)","datePublished":"2018-09-20T14:22:37+00:00","dateModified":"2018-09-20T14:22:37+00:00","mainEntityOfPage":{"@id":"https:\/\/www.celttv.com.ar\/index.php\/2018\/09\/20\/el-ministro-de-desarrollo-social-visito-tornquist-videos-entrevistas-y-fotos\/"},"wordCount":331,"publisher":{"@id":"https:\/\/www.celttv.com.ar\/#organization"},"articleSection":["Celt TV Noticias","Comunidad","Destacadas","Pol\u00edtica"],"inLanguage":"es"},{"@type":"WebPage","@id":"https:\/\/www.celttv.com.ar\/index.php\/2018\/09\/20\/el-ministro-de-desarrollo-social-visito-tornquist-videos-entrevistas-y-fotos\/","url":"https:\/\/www.celttv.com.ar\/index.php\/2018\/09\/20\/el-ministro-de-desarrollo-social-visito-tornquist-videos-entrevistas-y-fotos\/","name":"El ministro de Desarrollo Social visit\u00f3 Tornquist (Videos entrevistas y fotos) - CELTTV","isPartOf":{"@id":"https:\/\/www.celttv.com.ar\/#website"},"datePublished":"2018-09-20T14:22:37+00:00","dateModified":"2018-09-20T14:22:37+00:00","description":"Sitio web de noticias de la localidad de Tornquist, provincia de Buenos Aires, Rep\u00fablica Argentina. Contenido propio originado por periodistas de CELTTV, el canal de TV local de la Cooperativa El\u00e9ctrica de Tornquist. Turismo, Pol\u00edtica, Sociedad, Deporte, Cultura y todo el contenido de inter\u00e9s general que la gente del pueblo y la regi\u00f3n debe conocer.","breadcrumb":{"@id":"https:\/\/www.celttv.com.ar\/index.php\/2018\/09\/20\/el-ministro-de-desarrollo-social-visito-tornquist-videos-entrevistas-y-fotos\/#breadcrumb"},"inLanguage":"es","potentialAction":[{"@type":"ReadAction","target":["https:\/\/www.celttv.com.ar\/index.php\/2018\/09\/20\/el-ministro-de-desarrollo-social-visito-tornquist-videos-entrevistas-y-fotos\/"]}]},{"@type":"BreadcrumbList","@id":"https:\/\/www.celttv.com.ar\/index.php\/2018\/09\/20\/el-ministro-de-desarrollo-social-visito-tornquist-videos-entrevistas-y-fotos\/#breadcrumb","itemListElement":[{"@type":"ListItem","position":1,"name":"Inicio","item":"https:\/\/www.celttv.com.ar\/"},{"@type":"ListItem","position":2,"name":"El ministro de Desarrollo Social visit\u00f3 Tornquist (Videos entrevistas y fotos)"}]},{"@type":"WebSite","@id":"https:\/\/www.celttv.com.ar\/#website","url":"https:\/\/www.celttv.com.ar\/","name":"CELTTV","description":"Cooperativa El\u00e9ctrica de Tornquist","publisher":{"@id":"https:\/\/www.celttv.com.ar\/#organization"},"potentialAction":[{"@type":"SearchAction","target":{"@type":"EntryPoint","urlTemplate":"https:\/\/www.celttv.com.ar\/?s={search_term_string}"},"query-input":"required name=search_term_string"}],"inLanguage":"es"},{"@type":"Organization","@id":"https:\/\/www.celttv.com.ar\/#organization","name":"CELTTV","url":"https:\/\/www.celttv.com.ar\/","sameAs":["https:\/\/www.youtube.com\/channel\/UCz_oIt8Hig64Ub-EmcNPIhg","https:\/\/www.facebook.com\/celtTV\/"],"logo":{"@type":"ImageObject","inLanguage":"es","@id":"https:\/\/www.celttv.com.ar\/#\/schema\/logo\/image\/","url":"http:\/\/www.celttv.com.ar\/wp-content\/uploads\/2022\/08\/logo-1.png","contentUrl":"http:\/\/www.celttv.com.ar\/wp-content\/uploads\/2022\/08\/logo-1.png","width":461,"height":159,"caption":"CELTTV"},"image":{"@id":"https:\/\/www.celttv.com.ar\/#\/schema\/logo\/image\/"}},{"@type":"Person","@id":"https:\/\/www.celttv.com.ar\/#\/schema\/person\/6d99c072dba59953809c81446e9d0ace","name":"ulises","image":{"@type":"ImageObject","inLanguage":"es","@id":"https:\/\/www.celttv.com.ar\/#\/schema\/person\/image\/","url":"https:\/\/secure.gravatar.com\/avatar\/7f2c48bdc33b30088f941fb6082e555f2874c98e20cb159d7b92b50eadfce793?s=96&d=mm&r=g","contentUrl":"https:\/\/secure.gravatar.com\/avatar\/7f2c48bdc33b30088f941fb6082e555f2874c98e20cb159d7b92b50eadfce793?s=96&d=mm&r=g","caption":"ulises"},"sameAs":["http:\/\/www.celttv.com.ar"]}]}},"_links":{"self":[{"href":"https:\/\/www.celttv.com.ar\/index.php\/wp-json\/wp\/v2\/posts\/37380","targetHints":{"allow":["GET"]}}],"collection":[{"href":"https:\/\/www.celttv.com.ar\/index.php\/wp-json\/wp\/v2\/posts"}],"about":[{"href":"https:\/\/www.celttv.com.ar\/index.php\/wp-json\/wp\/v2\/types\/post"}],"author":[{"embeddable":true,"href":"https:\/\/www.celttv.com.ar\/index.php\/wp-json\/wp\/v2\/users\/1"}],"replies":[{"embeddable":true,"href":"https:\/\/www.celttv.com.ar\/index.php\/wp-json\/wp\/v2\/comments?post=37380"}],"version-history":[{"count":0,"href":"https:\/\/www.celttv.com.ar\/index.php\/wp-json\/wp\/v2\/posts\/37380\/revisions"}],"wp:featuredmedia":[{"embeddable":true,"href":"https:\/\/www.celttv.com.ar\/index.php\/wp-json\/wp\/v2\/media\/37387"}],"wp:attachment":[{"href":"https:\/\/www.celttv.com.ar\/index.php\/wp-json\/wp\/v2\/media?parent=37380"}],"wp:term":[{"taxonomy":"category","embeddable":true,"href":"https:\/\/www.celttv.com.ar\/index.php\/wp-json\/wp\/v2\/categories?post=37380"},{"taxonomy":"post_tag","embeddable":true,"href":"https:\/\/www.celttv.com.ar\/index.php\/wp-json\/wp\/v2\/tags?post=37380"}],"curies":[{"name":"wp","href":"https:\/\/api.w.org\/{rel}","templated":true}]}}