{"id":37534,"date":"2018-09-25T21:02:12","date_gmt":"2018-09-25T21:02:12","guid":{"rendered":"http:\/\/www.celttv.com.ar\/?p=37534"},"modified":"2018-09-25T21:02:12","modified_gmt":"2018-09-25T21:02:12","slug":"puesta-en-valor-del-sistema-de-cloacas-sera-un-antes-y-un-despues-dijo-el-intendente-bordoni","status":"publish","type":"post","link":"https:\/\/www.celttv.com.ar\/index.php\/2018\/09\/25\/puesta-en-valor-del-sistema-de-cloacas-sera-un-antes-y-un-despues-dijo-el-intendente-bordoni\/","title":{"rendered":"Puesta en valor del sistema de cloacas: \u201cSer\u00e1 un antes y un despu\u00e9s\u201d dijo el intendente Bordoni"},"content":{"rendered":"<p><iframe loading=\"lazy\" src=\"https:\/\/www.youtube.com\/embed\/83RSPs8C_iE\" width=\"450\" height=\"360\" frameborder=\"0\" allowfullscreen=\"allowfullscreen\" data-mce-fragment=\"1\"><\/iframe>\u00a0<iframe loading=\"lazy\" src=\"https:\/\/www.youtube.com\/embed\/tEMiHJVwSnk\" width=\"450\" height=\"360\" frameborder=\"0\" allowfullscreen=\"allowfullscreen\" data-mce-fragment=\"1\"><\/iframe>\u00a0<iframe loading=\"lazy\" src=\"https:\/\/www.youtube.com\/embed\/qFS1GdL5FAA\" width=\"450\" height=\"360\" frameborder=\"0\" allowfullscreen=\"allowfullscreen\" data-mce-fragment=\"1\"><\/iframe>\u00a0<iframe loading=\"lazy\" src=\"https:\/\/www.youtube.com\/embed\/BI30qv2muQI\" width=\"450\" height=\"360\" frameborder=\"0\" allowfullscreen=\"allowfullscreen\" data-mce-fragment=\"1\"><\/iframe><br \/>\n&nbsp;<br \/>\n<strong>CELT TV<\/strong> &#8211; Funcionarios de DiPAC, organismo provincial que desde hace nueve meses se ocupa de todas las obras de agua y cloacas de la provincia de Buenos Aires, junto a representantes de la empresa ganadora de la licitaci\u00f3n para la puesta en valor del sistema de cloacas en la ciudad cabecera recorrieron, acompa\u00f1ados del Intendente Municipal Sergio Bordoni y la Secretaria de Obras P\u00fablicas Gisela Lencina, la planta ubicada en el sector norte\u00a0 y la el sistema de bombeo ubicado en la parte sur de la ciudad.uncionarios de DiPAC, organismo provincial que desde hace nueve meses se ocupa de todas las obras de agua y cloacas de la provincia de Buenos Aires, junto a representantes de la empresa ganadora de la licitaci\u00f3n para la puesta en valor del sistema de cloacas en la ciudad cabecera recorrieron, acompa\u00f1ados del Intendente Municipal Sergio Bordoni y la Secretaria de Obras P\u00fablicas Gisela Lencina, la planta ubicada en el sector norte\u00a0 y la el sistema de bombeo ubicado en la parte sur de la ciudad.<br \/>\n&nbsp;<br \/>\n<strong>\u201cUna obra que mejorar\u00e1 la calidad de vida de los habitantes de Tornquist\u201d <\/strong><br \/>\n\u201cNos visit\u00f3 la gente de IPSA con representantes de la empresa que realizar\u00e1 la obra y lo que para muchos era una utop\u00eda hoy podemos observar,\u00a0 luego de la limpieza de la laguna de s\u00f3lidos, que pr\u00e1cticamente ya no tenemos olor y solo est\u00e1n en funcionamiento tres aireadores.<br \/>\n\u201cCuando se pongan en funcionamiento los nueve aireadores ser\u00e1 un cambio total y ni hablar cuando se termine la obra y\u00a0 pongan todas las bombas en funcionamiento, incluso el poso de bombeo ubicado en el barrio sur\u201d dijo el Intendente Sergio Bordoni.<br \/>\nEl Jefe Comunal asegur\u00f3 que ser\u00e1 \u201cun antes y un despu\u00e9s y luego de tanto esperar para la gente de nuestra comunidad\u201d asegur\u00f3. Bordoni dijo que siempre obtuvieron respuesta de los distintos organismos, solo que se demor\u00f3 la concreci\u00f3n por cuestiones econ\u00f3micas.<br \/>\n\u201cLos trabajos que se realizar\u00e1n tienen componentes importados a valor dolar y eso no nos acompa\u00f1\u00f3; por eso tratamos de ver junto a la empresa, el organismo y nosotros, poniendo\u00a0 un poquito de cada lado, pero queremos solucionar definitivamente esta problem\u00e1tica\u201d afirm\u00f3.<br \/>\n\u201cEs una obra que no se ve pero que mejorar\u00e1 much\u00edsimo la calidad de vida de nuestros habitantes\u201d \u201cLa obra est\u00e1 proyectada para\u00a0 unas 30.000 conexiones y se hubiera mantenido bien no tendr\u00edamos que haber tenido ning\u00fan tipo de inconvenientes\u201d<br \/>\n\u201cPronto comenzar\u00e1n con los trabajos en esto que ser\u00e1 una realidad, despu\u00e9s de muchas promesas y que nunca se hizo\u201d Bordoni estim\u00f3 que para antes del de temporada de verano la obra estar\u00e1 concluida.<br \/>\n\u201cA pesar de que lo magos de la pol\u00edtica dicen que no hemos hecho nada y estoy estamos demostrando que desde el silencio se puede trabajar y no con tanta fotograf\u00eda ni tanto periodismo y tantas inauguraciones, como se hac\u00edan dos o tres veces\u201d dijo el Intendente.<br \/>\n&nbsp;<br \/>\n<strong>\u201cTanto el agua como las cloacas tenemos que tenerlo en condiciones \u00f3ptimas para la comunidad\u201d<\/strong><br \/>\nIng. Gisela LencinaSecretaria de Obras P\u00fablicas \u201cLa gente de la DiPAC, antes eran el Spar, no es un cambio de personas sino del nombre del organismo, y est\u00e1n trabajando hace rato\u201d se\u00f1al\u00f3. La funcionaria municipal dijo que la obra ya est\u00e1 licitada y adjudicada \u201cpor\u00a0 los vaivenes de econom\u00eda la empresa y el organismo vienen a ver como podemos solucionarlo con los mismos montos, la misma empresa y la misma licitaci\u00f3n y poder avanzar lo antes posible con la obra\u201d destac\u00f3 Lencina.<br \/>\n\u201cLos olores durante el invierno en d\u00edas de h\u00famedad eran terribles y no se pod\u00eda aguantar y los vecinos, literalmente, iban a golpear la puerta de casa preguntando para cuando quedar\u00eda solucionado este problema. Tanto el agua como las cloacas tenemos que tenerlo en condiciones \u00f3ptimas para la comunidad\u201d agreg\u00f3.<br \/>\n<strong>\u201cNosotros empezamos\u00a0 una obra y la terminamos\u201d<\/strong><br \/>\nCandela ZilberbergDirectora ejecutiva de DiPAC\u00a0 \u201cHace nueve meses que el DiPAC y el Spar se unieron y nos estamos ocupando de los servicios de agua y cloacas de la Provincia de Buenos Aires y trabajamos con todos los operadores, en el caso de Tornquist con ABSA . Nosotros empezamos\u00a0 una obra y la terminamos y tienen la garant\u00eda de que la obra la vamos a hacer y de la mejor manera y que los vecinos de\u00a0 Tornquist puedan tener una vida mejor\u201d sostuvo la funcionaria.<br \/>\n\u201cLa semana que viene la obra ya estar\u00e1 empezando para concluirla antes del verano o a principio de la temporada estival\u201d destac\u00f3 Zilberberg Dijo que se rehabilitar\u00e1n los pozos del sector norte y del barrio sur al tiempo que reconoci\u00f3 que Tornquist tiene una buena estructura para este servicio.<br \/>\n\u201cla idea es arreglarlo para que no existan m\u00e1s olores y los s\u00f3lidos tengan un mejor tratamiento. \u201cEn el caso de que Tornquist cuente con una poblaci\u00f3n mucho mayor que la actual en el sistema se puede adicionar y trabajar porque esto no es algo estanco. Las condiciones est\u00e1n dadas para que vayamos adelante con la obra y los vecinos est\u00e9n lo mas contentos posibles\u201d dijo la funcionaria aunque prefiri\u00f3 no hablar de tiempos aunque reconoci\u00f3 que la semana pr\u00f3xima se estar\u00eda cerrando la instancia administrativa para arrancar lo mas inmediato posible.<br \/>\n&nbsp;<br \/>\n<strong>\u201cLa parte electromec\u00e1nica va a mejorar much\u00edsimo\u00a0el sistema\u201d<\/strong><br \/>\nMart\u00edn Echeverr\u00edaRepresentante del \u00e1rea de inspecci\u00f3n de DiPAC \u201cLa situaci\u00f3n de la planta se ha ido mejorando pero esta obra consta de la puesta en valor de los pozos de bombeo. Tenemos tres bombas en el pozo sur y el cambio de tres bombas en el poso general y la puesta en valor de toda la parte edilicia para que la gente pueda trabajar en condiciones dignas\u201d dijo Echeverr\u00eda.<br \/>\n\u201cHoy se est\u00e1 trabajando con una sola bomba y la vienen piloteando, pero al poner en funcionamiento toda la parte electromec\u00e1nica de los pozos va a mejorar much\u00edsimo el sistema\u201d dijo el funcionario, al tiempo que adelantaba que la obra incluir\u00e1 grupos electr\u00f3genos para que las bombas contin\u00faen en funcionamiento ante un eventual corte de energ\u00eda.<br \/>\n&nbsp;<br \/>\n<div id='gallery_1' class='gallery galleryid-37534 gallery-columns-3 gallery-size-medium'><figure class='gallery-item'>\n            <div class='gallery-icon landscape'>\n                <a href='https:\/\/www.celttv.com.ar\/wp-content\/uploads\/2018\/09\/bordoni.jpg'><img loading=\"lazy\" decoding=\"async\" width=\"300\" height=\"254\" src=\"\" class=\"attachment-medium size-medium lazyload\" alt=\"\" data-src=\"https:\/\/www.celttv.com.ar\/wp-content\/uploads\/2018\/09\/bordoni-300x254.jpg\" data-sizes=\"auto\" data-srcset=\"https:\/\/www.celttv.com.ar\/wp-content\/uploads\/2018\/09\/bordoni-300x254.jpg 300w, https:\/\/www.celttv.com.ar\/wp-content\/uploads\/2018\/09\/bordoni.jpg 532w\" data-expand=\"700\" \/><\/a>\n            <\/div><\/figure><figure class='gallery-item'>\n            <div class='gallery-icon landscape'>\n                <a href='https:\/\/www.celttv.com.ar\/wp-content\/uploads\/2018\/09\/cloa.jpg'><img loading=\"lazy\" decoding=\"async\" width=\"300\" height=\"200\" src=\"\" class=\"attachment-medium size-medium lazyload\" alt=\"\" data-src=\"https:\/\/www.celttv.com.ar\/wp-content\/uploads\/2018\/09\/cloa-300x200.jpg\" data-sizes=\"auto\" data-srcset=\"https:\/\/www.celttv.com.ar\/wp-content\/uploads\/2018\/09\/cloa-300x200.jpg 300w, https:\/\/www.celttv.com.ar\/wp-content\/uploads\/2018\/09\/cloa.jpg 720w\" data-expand=\"700\" \/><\/a>\n            <\/div><\/figure><figure class='gallery-item'>\n            <div class='gallery-icon landscape'>\n                <a href='https:\/\/www.celttv.com.ar\/wp-content\/uploads\/2018\/09\/IMG_2642-Small.jpg'><img loading=\"lazy\" decoding=\"async\" width=\"300\" height=\"200\" src=\"\" class=\"attachment-medium size-medium lazyload\" alt=\"\" data-src=\"https:\/\/www.celttv.com.ar\/wp-content\/uploads\/2018\/09\/IMG_2642-Small-300x200.jpg\" data-sizes=\"auto\" data-srcset=\"https:\/\/www.celttv.com.ar\/wp-content\/uploads\/2018\/09\/IMG_2642-Small-300x200.jpg 300w, https:\/\/www.celttv.com.ar\/wp-content\/uploads\/2018\/09\/IMG_2642-Small.jpg 720w\" data-expand=\"700\" \/><\/a>\n            <\/div><\/figure><br style=\"clear: both\" \/><figure class='gallery-item'>\n            <div class='gallery-icon landscape'>\n                <a href='https:\/\/www.celttv.com.ar\/wp-content\/uploads\/2018\/09\/IMG_2648-Small.jpg'><img loading=\"lazy\" decoding=\"async\" width=\"300\" height=\"200\" src=\"\" class=\"attachment-medium size-medium lazyload\" alt=\"\" data-src=\"https:\/\/www.celttv.com.ar\/wp-content\/uploads\/2018\/09\/IMG_2648-Small-300x200.jpg\" data-sizes=\"auto\" data-srcset=\"https:\/\/www.celttv.com.ar\/wp-content\/uploads\/2018\/09\/IMG_2648-Small-300x200.jpg 300w, https:\/\/www.celttv.com.ar\/wp-content\/uploads\/2018\/09\/IMG_2648-Small.jpg 720w\" data-expand=\"700\" \/><\/a>\n            <\/div><\/figure><figure class='gallery-item'>\n            <div class='gallery-icon landscape'>\n                <a href='https:\/\/www.celttv.com.ar\/wp-content\/uploads\/2018\/09\/IMG_2649-Small.jpg'><img loading=\"lazy\" decoding=\"async\" width=\"300\" height=\"200\" src=\"\" class=\"attachment-medium size-medium lazyload\" alt=\"\" data-src=\"https:\/\/www.celttv.com.ar\/wp-content\/uploads\/2018\/09\/IMG_2649-Small-300x200.jpg\" data-sizes=\"auto\" data-srcset=\"https:\/\/www.celttv.com.ar\/wp-content\/uploads\/2018\/09\/IMG_2649-Small-300x200.jpg 300w, https:\/\/www.celttv.com.ar\/wp-content\/uploads\/2018\/09\/IMG_2649-Small.jpg 720w\" data-expand=\"700\" \/><\/a>\n            <\/div><\/figure><figure class='gallery-item'>\n            <div class='gallery-icon landscape'>\n                <a href='https:\/\/www.celttv.com.ar\/wp-content\/uploads\/2018\/09\/IMG_2650-Small.jpg'><img loading=\"lazy\" decoding=\"async\" width=\"300\" height=\"200\" src=\"\" class=\"attachment-medium size-medium lazyload\" alt=\"\" data-src=\"https:\/\/www.celttv.com.ar\/wp-content\/uploads\/2018\/09\/IMG_2650-Small-300x200.jpg\" data-sizes=\"auto\" data-srcset=\"https:\/\/www.celttv.com.ar\/wp-content\/uploads\/2018\/09\/IMG_2650-Small-300x200.jpg 300w, https:\/\/www.celttv.com.ar\/wp-content\/uploads\/2018\/09\/IMG_2650-Small.jpg 720w\" data-expand=\"700\" \/><\/a>\n            <\/div><\/figure><br style=\"clear: both\" \/><figure class='gallery-item'>\n            <div class='gallery-icon landscape'>\n                <a href='https:\/\/www.celttv.com.ar\/wp-content\/uploads\/2018\/09\/IMG_2652-Small.jpg'><img loading=\"lazy\" decoding=\"async\" width=\"300\" height=\"200\" src=\"\" class=\"attachment-medium size-medium lazyload\" alt=\"\" data-src=\"https:\/\/www.celttv.com.ar\/wp-content\/uploads\/2018\/09\/IMG_2652-Small-300x200.jpg\" data-sizes=\"auto\" data-srcset=\"https:\/\/www.celttv.com.ar\/wp-content\/uploads\/2018\/09\/IMG_2652-Small-300x200.jpg 300w, https:\/\/www.celttv.com.ar\/wp-content\/uploads\/2018\/09\/IMG_2652-Small.jpg 720w\" data-expand=\"700\" \/><\/a>\n            <\/div><\/figure><figure class='gallery-item'>\n            <div class='gallery-icon landscape'>\n                <a href='https:\/\/www.celttv.com.ar\/wp-content\/uploads\/2018\/09\/IMG_2653-Small.jpg'><img loading=\"lazy\" decoding=\"async\" width=\"300\" height=\"200\" src=\"\" class=\"attachment-medium size-medium lazyload\" alt=\"\" data-src=\"https:\/\/www.celttv.com.ar\/wp-content\/uploads\/2018\/09\/IMG_2653-Small-300x200.jpg\" data-sizes=\"auto\" data-srcset=\"https:\/\/www.celttv.com.ar\/wp-content\/uploads\/2018\/09\/IMG_2653-Small-300x200.jpg 300w, https:\/\/www.celttv.com.ar\/wp-content\/uploads\/2018\/09\/IMG_2653-Small.jpg 720w\" data-expand=\"700\" \/><\/a>\n            <\/div><\/figure><figure class='gallery-item'>\n            <div class='gallery-icon landscape'>\n                <a href='https:\/\/www.celttv.com.ar\/wp-content\/uploads\/2018\/09\/IMG_2654-Small.jpg'><img loading=\"lazy\" decoding=\"async\" width=\"300\" height=\"200\" src=\"\" class=\"attachment-medium size-medium lazyload\" alt=\"\" data-src=\"https:\/\/www.celttv.com.ar\/wp-content\/uploads\/2018\/09\/IMG_2654-Small-300x200.jpg\" data-sizes=\"auto\" data-srcset=\"https:\/\/www.celttv.com.ar\/wp-content\/uploads\/2018\/09\/IMG_2654-Small-300x200.jpg 300w, https:\/\/www.celttv.com.ar\/wp-content\/uploads\/2018\/09\/IMG_2654-Small.jpg 720w\" data-expand=\"700\" \/><\/a>\n            <\/div><\/figure><br style=\"clear: both\" \/><figure class='gallery-item'>\n            <div class='gallery-icon landscape'>\n                <a href='https:\/\/www.celttv.com.ar\/wp-content\/uploads\/2018\/09\/IMG_2655-Small.jpg'><img loading=\"lazy\" decoding=\"async\" width=\"300\" height=\"200\" src=\"\" class=\"attachment-medium size-medium lazyload\" alt=\"\" data-src=\"https:\/\/www.celttv.com.ar\/wp-content\/uploads\/2018\/09\/IMG_2655-Small-300x200.jpg\" data-sizes=\"auto\" data-srcset=\"https:\/\/www.celttv.com.ar\/wp-content\/uploads\/2018\/09\/IMG_2655-Small-300x200.jpg 300w, https:\/\/www.celttv.com.ar\/wp-content\/uploads\/2018\/09\/IMG_2655-Small.jpg 720w\" data-expand=\"700\" \/><\/a>\n            <\/div><\/figure>\n            <br style='clear: both' \/>\n        <\/div>\n","protected":false},"excerpt":{"rendered":"<p>\u00a0\u00a0\u00a0 &nbsp; CELT TV &#8211; Funcionarios de DiPAC, organismo provincial que desde hace nueve meses se ocupa de todas las obras de agua y cloacas de la provincia de Buenos Aires, junto a representantes de la empresa ganadora de la licitaci\u00f3n para la puesta en valor del sistema de cloacas en la ciudad cabecera recorrieron, [&hellip;]<\/p>\n","protected":false},"author":1,"featured_media":37535,"comment_status":"closed","ping_status":"open","sticky":false,"template":"","format":"standard","meta":{"footnotes":""},"categories":[51,52,59],"tags":[],"class_list":["post-37534","post","type-post","status-publish","format-standard","has-post-thumbnail","hentry","category-comunidad","category-destacadas","category-municipales"],"yoast_head":"<!-- This site is optimized with the Yoast SEO plugin v19.7.1 - https:\/\/yoast.com\/wordpress\/plugins\/seo\/ -->\n<title>Puesta en valor del sistema de cloacas: \u201cSer\u00e1 un antes y un despu\u00e9s\u201d dijo el intendente Bordoni - CELTTV<\/title>\n<meta name=\"description\" content=\"Sitio web de noticias de la localidad de Tornquist, provincia de Buenos Aires, Rep\u00fablica Argentina. Contenido propio originado por periodistas de CELTTV, el canal de TV local de la Cooperativa El\u00e9ctrica de Tornquist. Turismo, Pol\u00edtica, Sociedad, Deporte, Cultura y todo el contenido de inter\u00e9s general que la gente del pueblo y la regi\u00f3n debe conocer.\" \/>\n<meta name=\"robots\" content=\"index, follow, max-snippet:-1, max-image-preview:large, max-video-preview:-1\" \/>\n<link rel=\"canonical\" href=\"https:\/\/www.celttv.com.ar\/index.php\/2018\/09\/25\/puesta-en-valor-del-sistema-de-cloacas-sera-un-antes-y-un-despues-dijo-el-intendente-bordoni\/\" \/>\n<meta property=\"og:locale\" content=\"es_ES\" \/>\n<meta property=\"og:type\" content=\"article\" \/>\n<meta property=\"og:title\" content=\"Puesta en valor del sistema de cloacas: \u201cSer\u00e1 un antes y un despu\u00e9s\u201d dijo el intendente Bordoni - CELTTV\" \/>\n<meta property=\"og:description\" content=\"Sitio web de noticias de la localidad de Tornquist, provincia de Buenos Aires, Rep\u00fablica Argentina. Contenido propio originado por periodistas de CELTTV, el canal de TV local de la Cooperativa El\u00e9ctrica de Tornquist. Turismo, Pol\u00edtica, Sociedad, Deporte, Cultura y todo el contenido de inter\u00e9s general que la gente del pueblo y la regi\u00f3n debe conocer.\" \/>\n<meta property=\"og:url\" content=\"https:\/\/www.celttv.com.ar\/index.php\/2018\/09\/25\/puesta-en-valor-del-sistema-de-cloacas-sera-un-antes-y-un-despues-dijo-el-intendente-bordoni\/\" \/>\n<meta property=\"og:site_name\" content=\"CELTTV\" \/>\n<meta property=\"article:publisher\" content=\"https:\/\/www.facebook.com\/celtTV\/\" \/>\n<meta property=\"article:published_time\" content=\"2018-09-25T21:02:12+00:00\" \/>\n<meta property=\"og:image\" content=\"https:\/\/www.celttv.com.ar\/wp-content\/uploads\/2018\/09\/bordoni.jpg\" \/>\n\t<meta property=\"og:image:width\" content=\"532\" \/>\n\t<meta property=\"og:image:height\" content=\"450\" \/>\n\t<meta property=\"og:image:type\" content=\"image\/jpeg\" \/>\n<meta name=\"author\" content=\"ulises\" \/>\n<meta name=\"twitter:card\" content=\"summary_large_image\" \/>\n<meta name=\"twitter:label1\" content=\"Escrito por\" \/>\n\t<meta name=\"twitter:data1\" content=\"ulises\" \/>\n\t<meta name=\"twitter:label2\" content=\"Tiempo de lectura\" \/>\n\t<meta name=\"twitter:data2\" content=\"5 minutos\" \/>\n<script type=\"application\/ld+json\" class=\"yoast-schema-graph\">{\"@context\":\"https:\/\/schema.org\",\"@graph\":[{\"@type\":\"NewsArticle\",\"@id\":\"https:\/\/www.celttv.com.ar\/index.php\/2018\/09\/25\/puesta-en-valor-del-sistema-de-cloacas-sera-un-antes-y-un-despues-dijo-el-intendente-bordoni\/#article\",\"isPartOf\":{\"@id\":\"https:\/\/www.celttv.com.ar\/index.php\/2018\/09\/25\/puesta-en-valor-del-sistema-de-cloacas-sera-un-antes-y-un-despues-dijo-el-intendente-bordoni\/\"},\"author\":{\"name\":\"ulises\",\"@id\":\"https:\/\/www.celttv.com.ar\/#\/schema\/person\/6d99c072dba59953809c81446e9d0ace\"},\"headline\":\"Puesta en valor del sistema de cloacas: \u201cSer\u00e1 un antes y un despu\u00e9s\u201d dijo el intendente Bordoni\",\"datePublished\":\"2018-09-25T21:02:12+00:00\",\"dateModified\":\"2018-09-25T21:02:12+00:00\",\"mainEntityOfPage\":{\"@id\":\"https:\/\/www.celttv.com.ar\/index.php\/2018\/09\/25\/puesta-en-valor-del-sistema-de-cloacas-sera-un-antes-y-un-despues-dijo-el-intendente-bordoni\/\"},\"wordCount\":1073,\"publisher\":{\"@id\":\"https:\/\/www.celttv.com.ar\/#organization\"},\"articleSection\":[\"Comunidad\",\"Destacadas\",\"Municipales\"],\"inLanguage\":\"es\"},{\"@type\":\"WebPage\",\"@id\":\"https:\/\/www.celttv.com.ar\/index.php\/2018\/09\/25\/puesta-en-valor-del-sistema-de-cloacas-sera-un-antes-y-un-despues-dijo-el-intendente-bordoni\/\",\"url\":\"https:\/\/www.celttv.com.ar\/index.php\/2018\/09\/25\/puesta-en-valor-del-sistema-de-cloacas-sera-un-antes-y-un-despues-dijo-el-intendente-bordoni\/\",\"name\":\"Puesta en valor del sistema de cloacas: \u201cSer\u00e1 un antes y un despu\u00e9s\u201d dijo el intendente Bordoni - CELTTV\",\"isPartOf\":{\"@id\":\"https:\/\/www.celttv.com.ar\/#website\"},\"datePublished\":\"2018-09-25T21:02:12+00:00\",\"dateModified\":\"2018-09-25T21:02:12+00:00\",\"description\":\"Sitio web de noticias de la localidad de Tornquist, provincia de Buenos Aires, Rep\u00fablica Argentina. Contenido propio originado por periodistas de CELTTV, el canal de TV local de la Cooperativa El\u00e9ctrica de Tornquist. Turismo, Pol\u00edtica, Sociedad, Deporte, Cultura y todo el contenido de inter\u00e9s general que la gente del pueblo y la regi\u00f3n debe conocer.\",\"breadcrumb\":{\"@id\":\"https:\/\/www.celttv.com.ar\/index.php\/2018\/09\/25\/puesta-en-valor-del-sistema-de-cloacas-sera-un-antes-y-un-despues-dijo-el-intendente-bordoni\/#breadcrumb\"},\"inLanguage\":\"es\",\"potentialAction\":[{\"@type\":\"ReadAction\",\"target\":[\"https:\/\/www.celttv.com.ar\/index.php\/2018\/09\/25\/puesta-en-valor-del-sistema-de-cloacas-sera-un-antes-y-un-despues-dijo-el-intendente-bordoni\/\"]}]},{\"@type\":\"BreadcrumbList\",\"@id\":\"https:\/\/www.celttv.com.ar\/index.php\/2018\/09\/25\/puesta-en-valor-del-sistema-de-cloacas-sera-un-antes-y-un-despues-dijo-el-intendente-bordoni\/#breadcrumb\",\"itemListElement\":[{\"@type\":\"ListItem\",\"position\":1,\"name\":\"Inicio\",\"item\":\"https:\/\/www.celttv.com.ar\/\"},{\"@type\":\"ListItem\",\"position\":2,\"name\":\"Puesta en valor del sistema de cloacas: \u201cSer\u00e1 un antes y un despu\u00e9s\u201d dijo el intendente Bordoni\"}]},{\"@type\":\"WebSite\",\"@id\":\"https:\/\/www.celttv.com.ar\/#website\",\"url\":\"https:\/\/www.celttv.com.ar\/\",\"name\":\"CELTTV\",\"description\":\"Cooperativa El\u00e9ctrica de Tornquist\",\"publisher\":{\"@id\":\"https:\/\/www.celttv.com.ar\/#organization\"},\"potentialAction\":[{\"@type\":\"SearchAction\",\"target\":{\"@type\":\"EntryPoint\",\"urlTemplate\":\"https:\/\/www.celttv.com.ar\/?s={search_term_string}\"},\"query-input\":\"required name=search_term_string\"}],\"inLanguage\":\"es\"},{\"@type\":\"Organization\",\"@id\":\"https:\/\/www.celttv.com.ar\/#organization\",\"name\":\"CELTTV\",\"url\":\"https:\/\/www.celttv.com.ar\/\",\"sameAs\":[\"https:\/\/www.youtube.com\/channel\/UCz_oIt8Hig64Ub-EmcNPIhg\",\"https:\/\/www.facebook.com\/celtTV\/\"],\"logo\":{\"@type\":\"ImageObject\",\"inLanguage\":\"es\",\"@id\":\"https:\/\/www.celttv.com.ar\/#\/schema\/logo\/image\/\",\"url\":\"http:\/\/www.celttv.com.ar\/wp-content\/uploads\/2022\/08\/logo-1.png\",\"contentUrl\":\"http:\/\/www.celttv.com.ar\/wp-content\/uploads\/2022\/08\/logo-1.png\",\"width\":461,\"height\":159,\"caption\":\"CELTTV\"},\"image\":{\"@id\":\"https:\/\/www.celttv.com.ar\/#\/schema\/logo\/image\/\"}},{\"@type\":\"Person\",\"@id\":\"https:\/\/www.celttv.com.ar\/#\/schema\/person\/6d99c072dba59953809c81446e9d0ace\",\"name\":\"ulises\",\"image\":{\"@type\":\"ImageObject\",\"inLanguage\":\"es\",\"@id\":\"https:\/\/www.celttv.com.ar\/#\/schema\/person\/image\/\",\"url\":\"https:\/\/secure.gravatar.com\/avatar\/7f2c48bdc33b30088f941fb6082e555f2874c98e20cb159d7b92b50eadfce793?s=96&d=mm&r=g\",\"contentUrl\":\"https:\/\/secure.gravatar.com\/avatar\/7f2c48bdc33b30088f941fb6082e555f2874c98e20cb159d7b92b50eadfce793?s=96&d=mm&r=g\",\"caption\":\"ulises\"},\"sameAs\":[\"http:\/\/www.celttv.com.ar\"]}]}<\/script>\n<!-- \/ Yoast SEO plugin. -->","yoast_head_json":{"title":"Puesta en valor del sistema de cloacas: \u201cSer\u00e1 un antes y un despu\u00e9s\u201d dijo el intendente Bordoni - CELTTV","description":"Sitio web de noticias de la localidad de Tornquist, provincia de Buenos Aires, Rep\u00fablica Argentina. Contenido propio originado por periodistas de CELTTV, el canal de TV local de la Cooperativa El\u00e9ctrica de Tornquist. Turismo, Pol\u00edtica, Sociedad, Deporte, Cultura y todo el contenido de inter\u00e9s general que la gente del pueblo y la regi\u00f3n debe conocer.","robots":{"index":"index","follow":"follow","max-snippet":"max-snippet:-1","max-image-preview":"max-image-preview:large","max-video-preview":"max-video-preview:-1"},"canonical":"https:\/\/www.celttv.com.ar\/index.php\/2018\/09\/25\/puesta-en-valor-del-sistema-de-cloacas-sera-un-antes-y-un-despues-dijo-el-intendente-bordoni\/","og_locale":"es_ES","og_type":"article","og_title":"Puesta en valor del sistema de cloacas: \u201cSer\u00e1 un antes y un despu\u00e9s\u201d dijo el intendente Bordoni - CELTTV","og_description":"Sitio web de noticias de la localidad de Tornquist, provincia de Buenos Aires, Rep\u00fablica Argentina. Contenido propio originado por periodistas de CELTTV, el canal de TV local de la Cooperativa El\u00e9ctrica de Tornquist. Turismo, Pol\u00edtica, Sociedad, Deporte, Cultura y todo el contenido de inter\u00e9s general que la gente del pueblo y la regi\u00f3n debe conocer.","og_url":"https:\/\/www.celttv.com.ar\/index.php\/2018\/09\/25\/puesta-en-valor-del-sistema-de-cloacas-sera-un-antes-y-un-despues-dijo-el-intendente-bordoni\/","og_site_name":"CELTTV","article_publisher":"https:\/\/www.facebook.com\/celtTV\/","article_published_time":"2018-09-25T21:02:12+00:00","og_image":[{"width":532,"height":450,"url":"https:\/\/www.celttv.com.ar\/wp-content\/uploads\/2018\/09\/bordoni.jpg","type":"image\/jpeg"}],"author":"ulises","twitter_card":"summary_large_image","twitter_misc":{"Escrito por":"ulises","Tiempo de lectura":"5 minutos"},"schema":{"@context":"https:\/\/schema.org","@graph":[{"@type":"NewsArticle","@id":"https:\/\/www.celttv.com.ar\/index.php\/2018\/09\/25\/puesta-en-valor-del-sistema-de-cloacas-sera-un-antes-y-un-despues-dijo-el-intendente-bordoni\/#article","isPartOf":{"@id":"https:\/\/www.celttv.com.ar\/index.php\/2018\/09\/25\/puesta-en-valor-del-sistema-de-cloacas-sera-un-antes-y-un-despues-dijo-el-intendente-bordoni\/"},"author":{"name":"ulises","@id":"https:\/\/www.celttv.com.ar\/#\/schema\/person\/6d99c072dba59953809c81446e9d0ace"},"headline":"Puesta en valor del sistema de cloacas: \u201cSer\u00e1 un antes y un despu\u00e9s\u201d dijo el intendente Bordoni","datePublished":"2018-09-25T21:02:12+00:00","dateModified":"2018-09-25T21:02:12+00:00","mainEntityOfPage":{"@id":"https:\/\/www.celttv.com.ar\/index.php\/2018\/09\/25\/puesta-en-valor-del-sistema-de-cloacas-sera-un-antes-y-un-despues-dijo-el-intendente-bordoni\/"},"wordCount":1073,"publisher":{"@id":"https:\/\/www.celttv.com.ar\/#organization"},"articleSection":["Comunidad","Destacadas","Municipales"],"inLanguage":"es"},{"@type":"WebPage","@id":"https:\/\/www.celttv.com.ar\/index.php\/2018\/09\/25\/puesta-en-valor-del-sistema-de-cloacas-sera-un-antes-y-un-despues-dijo-el-intendente-bordoni\/","url":"https:\/\/www.celttv.com.ar\/index.php\/2018\/09\/25\/puesta-en-valor-del-sistema-de-cloacas-sera-un-antes-y-un-despues-dijo-el-intendente-bordoni\/","name":"Puesta en valor del sistema de cloacas: \u201cSer\u00e1 un antes y un despu\u00e9s\u201d dijo el intendente Bordoni - CELTTV","isPartOf":{"@id":"https:\/\/www.celttv.com.ar\/#website"},"datePublished":"2018-09-25T21:02:12+00:00","dateModified":"2018-09-25T21:02:12+00:00","description":"Sitio web de noticias de la localidad de Tornquist, provincia de Buenos Aires, Rep\u00fablica Argentina. Contenido propio originado por periodistas de CELTTV, el canal de TV local de la Cooperativa El\u00e9ctrica de Tornquist. Turismo, Pol\u00edtica, Sociedad, Deporte, Cultura y todo el contenido de inter\u00e9s general que la gente del pueblo y la regi\u00f3n debe conocer.","breadcrumb":{"@id":"https:\/\/www.celttv.com.ar\/index.php\/2018\/09\/25\/puesta-en-valor-del-sistema-de-cloacas-sera-un-antes-y-un-despues-dijo-el-intendente-bordoni\/#breadcrumb"},"inLanguage":"es","potentialAction":[{"@type":"ReadAction","target":["https:\/\/www.celttv.com.ar\/index.php\/2018\/09\/25\/puesta-en-valor-del-sistema-de-cloacas-sera-un-antes-y-un-despues-dijo-el-intendente-bordoni\/"]}]},{"@type":"BreadcrumbList","@id":"https:\/\/www.celttv.com.ar\/index.php\/2018\/09\/25\/puesta-en-valor-del-sistema-de-cloacas-sera-un-antes-y-un-despues-dijo-el-intendente-bordoni\/#breadcrumb","itemListElement":[{"@type":"ListItem","position":1,"name":"Inicio","item":"https:\/\/www.celttv.com.ar\/"},{"@type":"ListItem","position":2,"name":"Puesta en valor del sistema de cloacas: \u201cSer\u00e1 un antes y un despu\u00e9s\u201d dijo el intendente Bordoni"}]},{"@type":"WebSite","@id":"https:\/\/www.celttv.com.ar\/#website","url":"https:\/\/www.celttv.com.ar\/","name":"CELTTV","description":"Cooperativa El\u00e9ctrica de Tornquist","publisher":{"@id":"https:\/\/www.celttv.com.ar\/#organization"},"potentialAction":[{"@type":"SearchAction","target":{"@type":"EntryPoint","urlTemplate":"https:\/\/www.celttv.com.ar\/?s={search_term_string}"},"query-input":"required name=search_term_string"}],"inLanguage":"es"},{"@type":"Organization","@id":"https:\/\/www.celttv.com.ar\/#organization","name":"CELTTV","url":"https:\/\/www.celttv.com.ar\/","sameAs":["https:\/\/www.youtube.com\/channel\/UCz_oIt8Hig64Ub-EmcNPIhg","https:\/\/www.facebook.com\/celtTV\/"],"logo":{"@type":"ImageObject","inLanguage":"es","@id":"https:\/\/www.celttv.com.ar\/#\/schema\/logo\/image\/","url":"http:\/\/www.celttv.com.ar\/wp-content\/uploads\/2022\/08\/logo-1.png","contentUrl":"http:\/\/www.celttv.com.ar\/wp-content\/uploads\/2022\/08\/logo-1.png","width":461,"height":159,"caption":"CELTTV"},"image":{"@id":"https:\/\/www.celttv.com.ar\/#\/schema\/logo\/image\/"}},{"@type":"Person","@id":"https:\/\/www.celttv.com.ar\/#\/schema\/person\/6d99c072dba59953809c81446e9d0ace","name":"ulises","image":{"@type":"ImageObject","inLanguage":"es","@id":"https:\/\/www.celttv.com.ar\/#\/schema\/person\/image\/","url":"https:\/\/secure.gravatar.com\/avatar\/7f2c48bdc33b30088f941fb6082e555f2874c98e20cb159d7b92b50eadfce793?s=96&d=mm&r=g","contentUrl":"https:\/\/secure.gravatar.com\/avatar\/7f2c48bdc33b30088f941fb6082e555f2874c98e20cb159d7b92b50eadfce793?s=96&d=mm&r=g","caption":"ulises"},"sameAs":["http:\/\/www.celttv.com.ar"]}]}},"_links":{"self":[{"href":"https:\/\/www.celttv.com.ar\/index.php\/wp-json\/wp\/v2\/posts\/37534","targetHints":{"allow":["GET"]}}],"collection":[{"href":"https:\/\/www.celttv.com.ar\/index.php\/wp-json\/wp\/v2\/posts"}],"about":[{"href":"https:\/\/www.celttv.com.ar\/index.php\/wp-json\/wp\/v2\/types\/post"}],"author":[{"embeddable":true,"href":"https:\/\/www.celttv.com.ar\/index.php\/wp-json\/wp\/v2\/users\/1"}],"replies":[{"embeddable":true,"href":"https:\/\/www.celttv.com.ar\/index.php\/wp-json\/wp\/v2\/comments?post=37534"}],"version-history":[{"count":0,"href":"https:\/\/www.celttv.com.ar\/index.php\/wp-json\/wp\/v2\/posts\/37534\/revisions"}],"wp:featuredmedia":[{"embeddable":true,"href":"https:\/\/www.celttv.com.ar\/index.php\/wp-json\/wp\/v2\/media\/37535"}],"wp:attachment":[{"href":"https:\/\/www.celttv.com.ar\/index.php\/wp-json\/wp\/v2\/media?parent=37534"}],"wp:term":[{"taxonomy":"category","embeddable":true,"href":"https:\/\/www.celttv.com.ar\/index.php\/wp-json\/wp\/v2\/categories?post=37534"},{"taxonomy":"post_tag","embeddable":true,"href":"https:\/\/www.celttv.com.ar\/index.php\/wp-json\/wp\/v2\/tags?post=37534"}],"curies":[{"name":"wp","href":"https:\/\/api.w.org\/{rel}","templated":true}]}}