{"id":37567,"date":"2018-09-26T15:11:29","date_gmt":"2018-09-26T15:11:29","guid":{"rendered":"http:\/\/www.celttv.com.ar\/?p=37567"},"modified":"2018-09-26T15:11:29","modified_gmt":"2018-09-26T15:11:29","slug":"baby-futbol-una-jornada-a-puro-grito-de-gol-fotos","status":"publish","type":"post","link":"https:\/\/www.celttv.com.ar\/index.php\/2018\/09\/26\/baby-futbol-una-jornada-a-puro-grito-de-gol-fotos\/","title":{"rendered":"Baby F\u00fatbol: una jornada a puro grito de gol (Fotos)"},"content":{"rendered":"<p>Una jornada repleta de goles, emociones y partidos de ida y vuelta y muy luchados. Todos esos condimentos incluy\u00f3 la segunda fecha del Baby F\u00fatbol que organiza el Automoto Club Deportivo, que semanalmente se desarrolla en el Polideportivo Mario Gandini de la instituci\u00f3n.<br \/>\nResult\u00f3 una gran fecha, plagada de festejos, debido a que se marcaron 79 goles en los siete partidos disputados durante el transcurso de la jornada, es decir, m\u00e1s de 11 gritos de promedio por encuentro.<br \/>\nComo sucedi\u00f3 en la jornada inaugural, en la segunda programaci\u00f3n de esta sexta edici\u00f3n del tradicional certamen, se disputaron partidos correspondientes a las categor\u00edas 2011\/12 y 2007\/08.<br \/>\nLos resultados, formaciones y goleadores fueron los siguientes:<br \/>\nPartido N\u00ba 1 (categor\u00eda 2011\/12)<br \/>\n<strong>LA REJA (3): <\/strong>Santino Cartuccia, Laureano Esquivel, Miqueas Figueroa, Uriam Di\u00f3cares, Francisco Brau, Fantino Gisler, Franchesco Labat y Facundo Torsani.<br \/>\nGoles: Franchesco Labat, Santino Cartuccia y Francisco Brau.<br \/>\n<strong>TAPAS DE CILINDROS BOTTO (5): <\/strong>Juan Botto, Francisco Loffler, Dilan Storm, Dante Urriaga, Agust\u00edn Meriggi, Miqueas Mart\u00ednez y Thiago Sonda.<br \/>\nGoles: Juan Botto, Francisco Loffler (2) y Dilan Storm (2).<br \/>\n&nbsp;<br \/>\nPartido N\u00ba 2 (categor\u00eda 2011\/12)<br \/>\n<strong>RUBEN IBA\u00d1EZ CONSTRUCCIONES (7): <\/strong>Kevin Medina, Mateo Hansel, Juan Buitrago, Santino Storm, Marcos Nievas, Juan Bonzini y Gregorio Mart\u00ednez y Manu Evangelista.<br \/>\nGoles: Santino Storm, Juan Buitrago (3), Manu Evangelista (2) y Kevin Medina.<br \/>\n<strong>CONSTRUCCIONES NEA (7): <\/strong>Ciro Meriggi, Francisco Lambichi, Benicio Ant\u00f3n, Bautista Contreras, Mateo Garc\u00eda, Jail Cabrera y Genaro C\u00e1rdenas.<br \/>\nGoles: Ciro Meriggi (6) y Bautista Contreras.<br \/>\n&nbsp;<br \/>\nPartido N\u00ba 3 (categor\u00eda 2007\/08)<br \/>\n<strong>MERCADITO LAS MARIAS (11): <\/strong>Mayeo Toy, Benjam\u00edn Mold\u00fa, Luciano Sandobal, Robertino Rossi, Alen Gim\u00e9nez, Franco Rubio y Juan Ignacio Abreg\u00fa.<br \/>\nGoles: Mateo Toy (5), Benjam\u00edn Mold\u00fa (5)\u00a0 y Al\u00e9n Gim\u00e9nez.<br \/>\n<strong>AUTOSERVICIO IRIGOYEN (4): <\/strong>Ezequiel Heine, El\u00edas Cuevas, Lautaro Colado, Dante Manchinelli, Franco Tejeda, Juan Cabrera, Nicol\u00e1s Labarthe, Calen Scarafia y Ezequiel Cornejo.<br \/>\nGoles: El\u00edas Cuevas (2), Franco Tejeda y Dante Manchinelli.<br \/>\n&nbsp;<br \/>\nPartido N\u00ba 4 (categor\u00eda 2011\/12)<br \/>\n<strong>LA REJA (9)<\/strong><br \/>\nGoles: Santino Cartuccia (2), Laureano Esquivel (5) y Franchesco Labat (2).<br \/>\n<strong>CONSTRUCCIONES NEA (8)<\/strong><br \/>\nGoles: Ciro Meriggi (5), Mateo Grac\u00eda y Francisco Lambichi (2).<br \/>\n&nbsp;<br \/>\nPartido N\u00ba 5<br \/>\n<strong>TAPAS DE CILINDROS BOTTO (4)<\/strong><br \/>\nGoles: Francisco Loffler y Dylan Storm (3).<br \/>\n<strong>RUBEN IBA\u00d1EZ CONSTRUCCIONES (3)<\/strong><br \/>\nGoles: Kevin Medina y Juan Buitrago (2).<br \/>\n&nbsp;<br \/>\nPartido N\u00ba 6 (categor\u00eda 2007\/08)<br \/>\n<strong>DISTRIBUIDORA ECO CRISTAL (3): <\/strong>Ezequiel Sandobal, Thiago Mu\u00f1oz, Tiziano Solano, Mateo Gambirassi, Francisco Meriggi, Ian Borches y Benjam\u00edn Gallo.<br \/>\nGoles: Ian Borches, Ezequiel Sandobal y Mateo Gambirassi.<br \/>\n<strong>CONSTRUCCIONES BEBE (3): <\/strong>Juan Mart\u00edn Flores, Gianni Pollio, Nahuel Garc\u00eda, Mateo Vittori, Santino Bolletta, Lucas L\u00f3pez, Danilo Laurenco y Vichenzo Vallucci.<br \/>\nGoles: Juan Mart\u00edn Flores (2) y Mateo Vittori.<br \/>\n&nbsp;<br \/>\nPartido N\u00ba 7 (categor\u00eda 2007\/08)<br \/>\n<strong>DESPENSA EL PORO (5)<\/strong><br \/>\nGoles: Lucas Montiel Solano, Alessandro Marzialetti y Cristhoper Salazar (3).<br \/>\n<strong>MERCADITO LAS MARIAS (7)<\/strong><br \/>\nGoles: Mateo Toy (4), Benjam\u00edn Mold\u00fa (2)\u00a0 y Robertino Rossi.<br \/>\n&nbsp;<br \/>\nDepartamento de Prensa \u2013 Automoto Club Deportivo<br \/>\nwww.clubautomotopasion.com.ar<br \/>\nFacebook: \/automototornquist<br \/>\nTwitter: @ClubAutomoto<br \/>\n<a href=\"http:\/\/www.celttv.com.ar\/?attachment_id=37576\" rel=\"attachment wp-att-37576\"><img loading=\"lazy\" decoding=\"async\" class=\"alignleft size-medium wp-image-37576\" src=\"http:\/\/www.celttv.com.ar\/wp-content\/uploads\/2018\/09\/012-780x601.jpg\" alt=\"\" width=\"780\" height=\"601\" \/><\/a> <a href=\"http:\/\/www.celttv.com.ar\/?attachment_id=37575\" rel=\"attachment wp-att-37575\"><img loading=\"lazy\" decoding=\"async\" class=\"alignleft size-medium wp-image-37575\" src=\"http:\/\/www.celttv.com.ar\/wp-content\/uploads\/2018\/09\/011-780x688.jpg\" alt=\"\" width=\"780\" height=\"688\" \/><\/a> <a href=\"http:\/\/www.celttv.com.ar\/?attachment_id=37574\" rel=\"attachment wp-att-37574\"><img loading=\"lazy\" decoding=\"async\" class=\"alignleft size-medium wp-image-37574\" src=\"http:\/\/www.celttv.com.ar\/wp-content\/uploads\/2018\/09\/010-780x767.jpg\" alt=\"\" width=\"780\" height=\"767\" \/><\/a> <a href=\"http:\/\/www.celttv.com.ar\/?attachment_id=37573\" rel=\"attachment wp-att-37573\"><img loading=\"lazy\" decoding=\"async\" class=\"alignleft size-medium wp-image-37573\" src=\"http:\/\/www.celttv.com.ar\/wp-content\/uploads\/2018\/09\/09-780x613.jpg\" alt=\"\" width=\"780\" height=\"613\" \/><\/a> <a href=\"http:\/\/www.celttv.com.ar\/?attachment_id=37572\" rel=\"attachment wp-att-37572\"><img loading=\"lazy\" decoding=\"async\" class=\"alignleft size-medium wp-image-37572\" src=\"http:\/\/www.celttv.com.ar\/wp-content\/uploads\/2018\/09\/07-780x612.jpg\" alt=\"\" width=\"780\" height=\"612\" \/><\/a> <a href=\"http:\/\/www.celttv.com.ar\/?attachment_id=37571\" rel=\"attachment wp-att-37571\"><img loading=\"lazy\" decoding=\"async\" class=\"alignleft size-medium wp-image-37571\" src=\"http:\/\/www.celttv.com.ar\/wp-content\/uploads\/2018\/09\/06-780x585.jpg\" alt=\"\" width=\"780\" height=\"585\" \/><\/a> <a href=\"http:\/\/www.celttv.com.ar\/?attachment_id=37570\" rel=\"attachment wp-att-37570\"><img loading=\"lazy\" decoding=\"async\" class=\"alignleft size-medium wp-image-37570\" src=\"http:\/\/www.celttv.com.ar\/wp-content\/uploads\/2018\/09\/05-1-780x585.jpg\" alt=\"\" width=\"780\" height=\"585\" \/><\/a> <a href=\"http:\/\/www.celttv.com.ar\/?attachment_id=37569\" rel=\"attachment wp-att-37569\"><img loading=\"lazy\" decoding=\"async\" class=\"alignleft size-medium wp-image-37569\" src=\"http:\/\/www.celttv.com.ar\/wp-content\/uploads\/2018\/09\/04-2-780x724.jpg\" alt=\"\" width=\"780\" height=\"724\" \/><\/a><br \/>\n&nbsp;<\/p>\n","protected":false},"excerpt":{"rendered":"<p>Una jornada repleta de goles, emociones y partidos de ida y vuelta y muy luchados. Todos esos condimentos incluy\u00f3 la segunda fecha del Baby F\u00fatbol que organiza el Automoto Club Deportivo, que semanalmente se desarrolla en el Polideportivo Mario Gandini de la instituci\u00f3n. Result\u00f3 una gran fecha, plagada de festejos, debido a que se marcaron [&hellip;]<\/p>\n","protected":false},"author":1,"featured_media":37568,"comment_status":"closed","ping_status":"open","sticky":false,"template":"","format":"standard","meta":{"footnotes":""},"categories":[55,60,63],"tags":[],"class_list":["post-37567","post","type-post","status-publish","format-standard","has-post-thumbnail","hentry","category-celt-tv-noticias","category-deporte","category-magazine-sport"],"yoast_head":"<!-- This site is optimized with the Yoast SEO plugin v19.7.1 - https:\/\/yoast.com\/wordpress\/plugins\/seo\/ -->\n<title>Baby F\u00fatbol: una jornada a puro grito de gol (Fotos) - CELTTV<\/title>\n<meta name=\"description\" content=\"Sitio web de noticias de la localidad de Tornquist, provincia de Buenos Aires, Rep\u00fablica Argentina. Contenido propio originado por periodistas de CELTTV, el canal de TV local de la Cooperativa El\u00e9ctrica de Tornquist. Turismo, Pol\u00edtica, Sociedad, Deporte, Cultura y todo el contenido de inter\u00e9s general que la gente del pueblo y la regi\u00f3n debe conocer.\" \/>\n<meta name=\"robots\" content=\"index, follow, max-snippet:-1, max-image-preview:large, max-video-preview:-1\" \/>\n<link rel=\"canonical\" href=\"https:\/\/www.celttv.com.ar\/index.php\/2018\/09\/26\/baby-futbol-una-jornada-a-puro-grito-de-gol-fotos\/\" \/>\n<meta property=\"og:locale\" content=\"es_ES\" \/>\n<meta property=\"og:type\" content=\"article\" \/>\n<meta property=\"og:title\" content=\"Baby F\u00fatbol: una jornada a puro grito de gol (Fotos) - CELTTV\" \/>\n<meta property=\"og:description\" content=\"Sitio web de noticias de la localidad de Tornquist, provincia de Buenos Aires, Rep\u00fablica Argentina. Contenido propio originado por periodistas de CELTTV, el canal de TV local de la Cooperativa El\u00e9ctrica de Tornquist. Turismo, Pol\u00edtica, Sociedad, Deporte, Cultura y todo el contenido de inter\u00e9s general que la gente del pueblo y la regi\u00f3n debe conocer.\" \/>\n<meta property=\"og:url\" content=\"https:\/\/www.celttv.com.ar\/index.php\/2018\/09\/26\/baby-futbol-una-jornada-a-puro-grito-de-gol-fotos\/\" \/>\n<meta property=\"og:site_name\" content=\"CELTTV\" \/>\n<meta property=\"article:publisher\" content=\"https:\/\/www.facebook.com\/celtTV\/\" \/>\n<meta property=\"article:published_time\" content=\"2018-09-26T15:11:29+00:00\" \/>\n<meta property=\"og:image\" content=\"https:\/\/www.celttv.com.ar\/wp-content\/uploads\/2018\/09\/03-1.jpg\" \/>\n\t<meta property=\"og:image:width\" content=\"960\" \/>\n\t<meta property=\"og:image:height\" content=\"919\" \/>\n\t<meta property=\"og:image:type\" content=\"image\/jpeg\" \/>\n<meta name=\"author\" content=\"ulises\" \/>\n<meta name=\"twitter:card\" content=\"summary_large_image\" \/>\n<meta name=\"twitter:label1\" content=\"Escrito por\" \/>\n\t<meta name=\"twitter:data1\" content=\"ulises\" \/>\n\t<meta name=\"twitter:label2\" content=\"Tiempo de lectura\" \/>\n\t<meta name=\"twitter:data2\" content=\"2 minutos\" \/>\n<script type=\"application\/ld+json\" class=\"yoast-schema-graph\">{\"@context\":\"https:\/\/schema.org\",\"@graph\":[{\"@type\":\"NewsArticle\",\"@id\":\"https:\/\/www.celttv.com.ar\/index.php\/2018\/09\/26\/baby-futbol-una-jornada-a-puro-grito-de-gol-fotos\/#article\",\"isPartOf\":{\"@id\":\"https:\/\/www.celttv.com.ar\/index.php\/2018\/09\/26\/baby-futbol-una-jornada-a-puro-grito-de-gol-fotos\/\"},\"author\":{\"name\":\"ulises\",\"@id\":\"https:\/\/www.celttv.com.ar\/#\/schema\/person\/6d99c072dba59953809c81446e9d0ace\"},\"headline\":\"Baby F\u00fatbol: una jornada a puro grito de gol (Fotos)\",\"datePublished\":\"2018-09-26T15:11:29+00:00\",\"dateModified\":\"2018-09-26T15:11:29+00:00\",\"mainEntityOfPage\":{\"@id\":\"https:\/\/www.celttv.com.ar\/index.php\/2018\/09\/26\/baby-futbol-una-jornada-a-puro-grito-de-gol-fotos\/\"},\"wordCount\":478,\"publisher\":{\"@id\":\"https:\/\/www.celttv.com.ar\/#organization\"},\"articleSection\":[\"Celt TV Noticias\",\"Deporte\",\"Magazine Sport\"],\"inLanguage\":\"es\"},{\"@type\":\"WebPage\",\"@id\":\"https:\/\/www.celttv.com.ar\/index.php\/2018\/09\/26\/baby-futbol-una-jornada-a-puro-grito-de-gol-fotos\/\",\"url\":\"https:\/\/www.celttv.com.ar\/index.php\/2018\/09\/26\/baby-futbol-una-jornada-a-puro-grito-de-gol-fotos\/\",\"name\":\"Baby F\u00fatbol: una jornada a puro grito de gol (Fotos) - CELTTV\",\"isPartOf\":{\"@id\":\"https:\/\/www.celttv.com.ar\/#website\"},\"datePublished\":\"2018-09-26T15:11:29+00:00\",\"dateModified\":\"2018-09-26T15:11:29+00:00\",\"description\":\"Sitio web de noticias de la localidad de Tornquist, provincia de Buenos Aires, Rep\u00fablica Argentina. Contenido propio originado por periodistas de CELTTV, el canal de TV local de la Cooperativa El\u00e9ctrica de Tornquist. Turismo, Pol\u00edtica, Sociedad, Deporte, Cultura y todo el contenido de inter\u00e9s general que la gente del pueblo y la regi\u00f3n debe conocer.\",\"breadcrumb\":{\"@id\":\"https:\/\/www.celttv.com.ar\/index.php\/2018\/09\/26\/baby-futbol-una-jornada-a-puro-grito-de-gol-fotos\/#breadcrumb\"},\"inLanguage\":\"es\",\"potentialAction\":[{\"@type\":\"ReadAction\",\"target\":[\"https:\/\/www.celttv.com.ar\/index.php\/2018\/09\/26\/baby-futbol-una-jornada-a-puro-grito-de-gol-fotos\/\"]}]},{\"@type\":\"BreadcrumbList\",\"@id\":\"https:\/\/www.celttv.com.ar\/index.php\/2018\/09\/26\/baby-futbol-una-jornada-a-puro-grito-de-gol-fotos\/#breadcrumb\",\"itemListElement\":[{\"@type\":\"ListItem\",\"position\":1,\"name\":\"Inicio\",\"item\":\"https:\/\/www.celttv.com.ar\/\"},{\"@type\":\"ListItem\",\"position\":2,\"name\":\"Baby F\u00fatbol: una jornada a puro grito de gol (Fotos)\"}]},{\"@type\":\"WebSite\",\"@id\":\"https:\/\/www.celttv.com.ar\/#website\",\"url\":\"https:\/\/www.celttv.com.ar\/\",\"name\":\"CELTTV\",\"description\":\"Cooperativa El\u00e9ctrica de Tornquist\",\"publisher\":{\"@id\":\"https:\/\/www.celttv.com.ar\/#organization\"},\"potentialAction\":[{\"@type\":\"SearchAction\",\"target\":{\"@type\":\"EntryPoint\",\"urlTemplate\":\"https:\/\/www.celttv.com.ar\/?s={search_term_string}\"},\"query-input\":\"required name=search_term_string\"}],\"inLanguage\":\"es\"},{\"@type\":\"Organization\",\"@id\":\"https:\/\/www.celttv.com.ar\/#organization\",\"name\":\"CELTTV\",\"url\":\"https:\/\/www.celttv.com.ar\/\",\"sameAs\":[\"https:\/\/www.youtube.com\/channel\/UCz_oIt8Hig64Ub-EmcNPIhg\",\"https:\/\/www.facebook.com\/celtTV\/\"],\"logo\":{\"@type\":\"ImageObject\",\"inLanguage\":\"es\",\"@id\":\"https:\/\/www.celttv.com.ar\/#\/schema\/logo\/image\/\",\"url\":\"http:\/\/www.celttv.com.ar\/wp-content\/uploads\/2022\/08\/logo-1.png\",\"contentUrl\":\"http:\/\/www.celttv.com.ar\/wp-content\/uploads\/2022\/08\/logo-1.png\",\"width\":461,\"height\":159,\"caption\":\"CELTTV\"},\"image\":{\"@id\":\"https:\/\/www.celttv.com.ar\/#\/schema\/logo\/image\/\"}},{\"@type\":\"Person\",\"@id\":\"https:\/\/www.celttv.com.ar\/#\/schema\/person\/6d99c072dba59953809c81446e9d0ace\",\"name\":\"ulises\",\"image\":{\"@type\":\"ImageObject\",\"inLanguage\":\"es\",\"@id\":\"https:\/\/www.celttv.com.ar\/#\/schema\/person\/image\/\",\"url\":\"https:\/\/secure.gravatar.com\/avatar\/7f2c48bdc33b30088f941fb6082e555f2874c98e20cb159d7b92b50eadfce793?s=96&d=mm&r=g\",\"contentUrl\":\"https:\/\/secure.gravatar.com\/avatar\/7f2c48bdc33b30088f941fb6082e555f2874c98e20cb159d7b92b50eadfce793?s=96&d=mm&r=g\",\"caption\":\"ulises\"},\"sameAs\":[\"http:\/\/www.celttv.com.ar\"]}]}<\/script>\n<!-- \/ Yoast SEO plugin. -->","yoast_head_json":{"title":"Baby F\u00fatbol: una jornada a puro grito de gol (Fotos) - CELTTV","description":"Sitio web de noticias de la localidad de Tornquist, provincia de Buenos Aires, Rep\u00fablica Argentina. Contenido propio originado por periodistas de CELTTV, el canal de TV local de la Cooperativa El\u00e9ctrica de Tornquist. Turismo, Pol\u00edtica, Sociedad, Deporte, Cultura y todo el contenido de inter\u00e9s general que la gente del pueblo y la regi\u00f3n debe conocer.","robots":{"index":"index","follow":"follow","max-snippet":"max-snippet:-1","max-image-preview":"max-image-preview:large","max-video-preview":"max-video-preview:-1"},"canonical":"https:\/\/www.celttv.com.ar\/index.php\/2018\/09\/26\/baby-futbol-una-jornada-a-puro-grito-de-gol-fotos\/","og_locale":"es_ES","og_type":"article","og_title":"Baby F\u00fatbol: una jornada a puro grito de gol (Fotos) - CELTTV","og_description":"Sitio web de noticias de la localidad de Tornquist, provincia de Buenos Aires, Rep\u00fablica Argentina. Contenido propio originado por periodistas de CELTTV, el canal de TV local de la Cooperativa El\u00e9ctrica de Tornquist. Turismo, Pol\u00edtica, Sociedad, Deporte, Cultura y todo el contenido de inter\u00e9s general que la gente del pueblo y la regi\u00f3n debe conocer.","og_url":"https:\/\/www.celttv.com.ar\/index.php\/2018\/09\/26\/baby-futbol-una-jornada-a-puro-grito-de-gol-fotos\/","og_site_name":"CELTTV","article_publisher":"https:\/\/www.facebook.com\/celtTV\/","article_published_time":"2018-09-26T15:11:29+00:00","og_image":[{"width":960,"height":919,"url":"https:\/\/www.celttv.com.ar\/wp-content\/uploads\/2018\/09\/03-1.jpg","type":"image\/jpeg"}],"author":"ulises","twitter_card":"summary_large_image","twitter_misc":{"Escrito por":"ulises","Tiempo de lectura":"2 minutos"},"schema":{"@context":"https:\/\/schema.org","@graph":[{"@type":"NewsArticle","@id":"https:\/\/www.celttv.com.ar\/index.php\/2018\/09\/26\/baby-futbol-una-jornada-a-puro-grito-de-gol-fotos\/#article","isPartOf":{"@id":"https:\/\/www.celttv.com.ar\/index.php\/2018\/09\/26\/baby-futbol-una-jornada-a-puro-grito-de-gol-fotos\/"},"author":{"name":"ulises","@id":"https:\/\/www.celttv.com.ar\/#\/schema\/person\/6d99c072dba59953809c81446e9d0ace"},"headline":"Baby F\u00fatbol: una jornada a puro grito de gol (Fotos)","datePublished":"2018-09-26T15:11:29+00:00","dateModified":"2018-09-26T15:11:29+00:00","mainEntityOfPage":{"@id":"https:\/\/www.celttv.com.ar\/index.php\/2018\/09\/26\/baby-futbol-una-jornada-a-puro-grito-de-gol-fotos\/"},"wordCount":478,"publisher":{"@id":"https:\/\/www.celttv.com.ar\/#organization"},"articleSection":["Celt TV Noticias","Deporte","Magazine Sport"],"inLanguage":"es"},{"@type":"WebPage","@id":"https:\/\/www.celttv.com.ar\/index.php\/2018\/09\/26\/baby-futbol-una-jornada-a-puro-grito-de-gol-fotos\/","url":"https:\/\/www.celttv.com.ar\/index.php\/2018\/09\/26\/baby-futbol-una-jornada-a-puro-grito-de-gol-fotos\/","name":"Baby F\u00fatbol: una jornada a puro grito de gol (Fotos) - CELTTV","isPartOf":{"@id":"https:\/\/www.celttv.com.ar\/#website"},"datePublished":"2018-09-26T15:11:29+00:00","dateModified":"2018-09-26T15:11:29+00:00","description":"Sitio web de noticias de la localidad de Tornquist, provincia de Buenos Aires, Rep\u00fablica Argentina. Contenido propio originado por periodistas de CELTTV, el canal de TV local de la Cooperativa El\u00e9ctrica de Tornquist. Turismo, Pol\u00edtica, Sociedad, Deporte, Cultura y todo el contenido de inter\u00e9s general que la gente del pueblo y la regi\u00f3n debe conocer.","breadcrumb":{"@id":"https:\/\/www.celttv.com.ar\/index.php\/2018\/09\/26\/baby-futbol-una-jornada-a-puro-grito-de-gol-fotos\/#breadcrumb"},"inLanguage":"es","potentialAction":[{"@type":"ReadAction","target":["https:\/\/www.celttv.com.ar\/index.php\/2018\/09\/26\/baby-futbol-una-jornada-a-puro-grito-de-gol-fotos\/"]}]},{"@type":"BreadcrumbList","@id":"https:\/\/www.celttv.com.ar\/index.php\/2018\/09\/26\/baby-futbol-una-jornada-a-puro-grito-de-gol-fotos\/#breadcrumb","itemListElement":[{"@type":"ListItem","position":1,"name":"Inicio","item":"https:\/\/www.celttv.com.ar\/"},{"@type":"ListItem","position":2,"name":"Baby F\u00fatbol: una jornada a puro grito de gol (Fotos)"}]},{"@type":"WebSite","@id":"https:\/\/www.celttv.com.ar\/#website","url":"https:\/\/www.celttv.com.ar\/","name":"CELTTV","description":"Cooperativa El\u00e9ctrica de Tornquist","publisher":{"@id":"https:\/\/www.celttv.com.ar\/#organization"},"potentialAction":[{"@type":"SearchAction","target":{"@type":"EntryPoint","urlTemplate":"https:\/\/www.celttv.com.ar\/?s={search_term_string}"},"query-input":"required name=search_term_string"}],"inLanguage":"es"},{"@type":"Organization","@id":"https:\/\/www.celttv.com.ar\/#organization","name":"CELTTV","url":"https:\/\/www.celttv.com.ar\/","sameAs":["https:\/\/www.youtube.com\/channel\/UCz_oIt8Hig64Ub-EmcNPIhg","https:\/\/www.facebook.com\/celtTV\/"],"logo":{"@type":"ImageObject","inLanguage":"es","@id":"https:\/\/www.celttv.com.ar\/#\/schema\/logo\/image\/","url":"http:\/\/www.celttv.com.ar\/wp-content\/uploads\/2022\/08\/logo-1.png","contentUrl":"http:\/\/www.celttv.com.ar\/wp-content\/uploads\/2022\/08\/logo-1.png","width":461,"height":159,"caption":"CELTTV"},"image":{"@id":"https:\/\/www.celttv.com.ar\/#\/schema\/logo\/image\/"}},{"@type":"Person","@id":"https:\/\/www.celttv.com.ar\/#\/schema\/person\/6d99c072dba59953809c81446e9d0ace","name":"ulises","image":{"@type":"ImageObject","inLanguage":"es","@id":"https:\/\/www.celttv.com.ar\/#\/schema\/person\/image\/","url":"https:\/\/secure.gravatar.com\/avatar\/7f2c48bdc33b30088f941fb6082e555f2874c98e20cb159d7b92b50eadfce793?s=96&d=mm&r=g","contentUrl":"https:\/\/secure.gravatar.com\/avatar\/7f2c48bdc33b30088f941fb6082e555f2874c98e20cb159d7b92b50eadfce793?s=96&d=mm&r=g","caption":"ulises"},"sameAs":["http:\/\/www.celttv.com.ar"]}]}},"_links":{"self":[{"href":"https:\/\/www.celttv.com.ar\/index.php\/wp-json\/wp\/v2\/posts\/37567","targetHints":{"allow":["GET"]}}],"collection":[{"href":"https:\/\/www.celttv.com.ar\/index.php\/wp-json\/wp\/v2\/posts"}],"about":[{"href":"https:\/\/www.celttv.com.ar\/index.php\/wp-json\/wp\/v2\/types\/post"}],"author":[{"embeddable":true,"href":"https:\/\/www.celttv.com.ar\/index.php\/wp-json\/wp\/v2\/users\/1"}],"replies":[{"embeddable":true,"href":"https:\/\/www.celttv.com.ar\/index.php\/wp-json\/wp\/v2\/comments?post=37567"}],"version-history":[{"count":0,"href":"https:\/\/www.celttv.com.ar\/index.php\/wp-json\/wp\/v2\/posts\/37567\/revisions"}],"wp:featuredmedia":[{"embeddable":true,"href":"https:\/\/www.celttv.com.ar\/index.php\/wp-json\/wp\/v2\/media\/37568"}],"wp:attachment":[{"href":"https:\/\/www.celttv.com.ar\/index.php\/wp-json\/wp\/v2\/media?parent=37567"}],"wp:term":[{"taxonomy":"category","embeddable":true,"href":"https:\/\/www.celttv.com.ar\/index.php\/wp-json\/wp\/v2\/categories?post=37567"},{"taxonomy":"post_tag","embeddable":true,"href":"https:\/\/www.celttv.com.ar\/index.php\/wp-json\/wp\/v2\/tags?post=37567"}],"curies":[{"name":"wp","href":"https:\/\/api.w.org\/{rel}","templated":true}]}}