{"id":37578,"date":"2018-09-26T20:19:27","date_gmt":"2018-09-26T20:19:27","guid":{"rendered":"http:\/\/www.celttv.com.ar\/?p=37578"},"modified":"2018-09-26T20:19:27","modified_gmt":"2018-09-26T20:19:27","slug":"desde-octubre-aplicaran-un-refuerzo-de-sarampion-y-rubeola-a-menores-2","status":"publish","type":"post","link":"https:\/\/www.celttv.com.ar\/index.php\/2018\/09\/26\/desde-octubre-aplicaran-un-refuerzo-de-sarampion-y-rubeola-a-menores-2\/","title":{"rendered":"DESDE OCTUBRE APLICAR\u00c1N UN REFUERZO DE SARAMPI\u00d3N Y RUBEOLA A MENORES"},"content":{"rendered":"<p>La campa\u00f1a de vacunaci\u00f3n est\u00e1 destinada a ni\u00f1os de 13 meses a 4 a\u00f1os 11 meses y 29 d\u00edas de edad inclusive, quienes recibir\u00e1n una dosis extra de car\u00e1cter obligatorio, independientemente de las dosis recibidas con anterioridad.<br \/>\nEl \u00e1rea de vacunaci\u00f3n del municipio inform\u00f3 que el Ministerio de Salud de la Naci\u00f3n lanz\u00f3 una campa\u00f1a para aplicar a los ni\u00f1os, en forma gratuita y obligatoria, una dosis adicional de la vacuna triple viral.<br \/>\nLa misma se llevar\u00e1 a cabo del 1\u00ba de octubre al 30 de noviembre, en todo el pa\u00eds, y deber\u00e1n ser vacunados todos los chicos que tengan desde los 13meses de edad, hasta los 4 a\u00f1os, 11 meses y 29 d\u00edas, es decir, menores de 5 a\u00f1os.<br \/>\nEsta Campa\u00f1a tiene como prop\u00f3sito consolidar la eliminaci\u00f3n de sarampi\u00f3n y rub\u00e9ola, en la Rep\u00fablica Argentina.<br \/>\nEl sarampi\u00f3n es una enfermedad viral aguda, transmisible y muy contagiosa. Los principales s\u00edntomas son fiebre, conjuntivitis, tos y erupci\u00f3n generalizada. Se transmite de persona a persona. Y lo m\u00e1s importante: es prevenible por vacunaci\u00f3n.<br \/>\nA continuaci\u00f3n se detallan los horarios de atenci\u00f3n en los centros vacunatorios del distrito:<br \/>\n<strong>TORNQUIST<br \/>\n<\/strong>Sala Norte: 6 a 14hs de Lunes y Viernes<br \/>\nSala Sur: miercoles y viernes de 9 a 12hs<br \/>\n<strong>SIERRA DE LA VENTANA: <\/strong><br \/>\n9 a 12hs de lunes a viernes<br \/>\n<strong>VILLA VENTANA: <\/strong><br \/>\nConsultar cronograma en la sala.<br \/>\n<strong>SALDUNGARAY: <\/strong><br \/>\nMartes 16 a 20hs<br \/>\n<strong>CHASICO: <\/strong><br \/>\n14 a 20hs de lunes a viernes<br \/>\n<strong>TRES PICOS: <\/strong><br \/>\nMartes 30 de octubre y 27 de noviembre de 9 A 12 HS.<\/p>\n","protected":false},"excerpt":{"rendered":"<p>La campa\u00f1a de vacunaci\u00f3n est\u00e1 destinada a ni\u00f1os de 13 meses a 4 a\u00f1os 11 meses y 29 d\u00edas de edad inclusive, quienes recibir\u00e1n una dosis extra de car\u00e1cter obligatorio, independientemente de las dosis recibidas con anterioridad. El \u00e1rea de vacunaci\u00f3n del municipio inform\u00f3 que el Ministerio de Salud de la Naci\u00f3n lanz\u00f3 una campa\u00f1a [&hellip;]<\/p>\n","protected":false},"author":1,"featured_media":37579,"comment_status":"closed","ping_status":"open","sticky":false,"template":"","format":"standard","meta":{"footnotes":""},"categories":[54,55,51,52],"tags":[],"class_list":["post-37578","post","type-post","status-publish","format-standard","has-post-thumbnail","hentry","category-atencion-salud","category-celt-tv-noticias","category-comunidad","category-destacadas"],"yoast_head":"<!-- This site is optimized with the Yoast SEO plugin v19.7.1 - https:\/\/yoast.com\/wordpress\/plugins\/seo\/ -->\n<title>DESDE OCTUBRE APLICAR\u00c1N UN REFUERZO DE SARAMPI\u00d3N Y RUBEOLA A MENORES - CELTTV<\/title>\n<meta name=\"description\" content=\"Sitio web de noticias de la localidad de Tornquist, provincia de Buenos Aires, Rep\u00fablica Argentina. Contenido propio originado por periodistas de CELTTV, el canal de TV local de la Cooperativa El\u00e9ctrica de Tornquist. Turismo, Pol\u00edtica, Sociedad, Deporte, Cultura y todo el contenido de inter\u00e9s general que la gente del pueblo y la regi\u00f3n debe conocer.\" \/>\n<meta name=\"robots\" content=\"index, follow, max-snippet:-1, max-image-preview:large, max-video-preview:-1\" \/>\n<link rel=\"canonical\" href=\"https:\/\/www.celttv.com.ar\/index.php\/2018\/09\/26\/desde-octubre-aplicaran-un-refuerzo-de-sarampion-y-rubeola-a-menores-2\/\" \/>\n<meta property=\"og:locale\" content=\"es_ES\" \/>\n<meta property=\"og:type\" content=\"article\" \/>\n<meta property=\"og:title\" content=\"DESDE OCTUBRE APLICAR\u00c1N UN REFUERZO DE SARAMPI\u00d3N Y RUBEOLA A MENORES - CELTTV\" \/>\n<meta property=\"og:description\" content=\"Sitio web de noticias de la localidad de Tornquist, provincia de Buenos Aires, Rep\u00fablica Argentina. Contenido propio originado por periodistas de CELTTV, el canal de TV local de la Cooperativa El\u00e9ctrica de Tornquist. Turismo, Pol\u00edtica, Sociedad, Deporte, Cultura y todo el contenido de inter\u00e9s general que la gente del pueblo y la regi\u00f3n debe conocer.\" \/>\n<meta property=\"og:url\" content=\"https:\/\/www.celttv.com.ar\/index.php\/2018\/09\/26\/desde-octubre-aplicaran-un-refuerzo-de-sarampion-y-rubeola-a-menores-2\/\" \/>\n<meta property=\"og:site_name\" content=\"CELTTV\" \/>\n<meta property=\"article:publisher\" content=\"https:\/\/www.facebook.com\/celtTV\/\" \/>\n<meta property=\"article:published_time\" content=\"2018-09-26T20:19:27+00:00\" \/>\n<meta property=\"og:image\" content=\"https:\/\/www.celttv.com.ar\/wp-content\/uploads\/2018\/09\/afiche_SyR-1-scaled.jpg\" \/>\n\t<meta property=\"og:image:width\" content=\"1839\" \/>\n\t<meta property=\"og:image:height\" content=\"2560\" \/>\n\t<meta property=\"og:image:type\" content=\"image\/jpeg\" \/>\n<meta name=\"author\" content=\"ulises\" \/>\n<meta name=\"twitter:card\" content=\"summary_large_image\" \/>\n<meta name=\"twitter:label1\" content=\"Escrito por\" \/>\n\t<meta name=\"twitter:data1\" content=\"ulises\" \/>\n\t<meta name=\"twitter:label2\" content=\"Tiempo de lectura\" \/>\n\t<meta name=\"twitter:data2\" content=\"1 minuto\" \/>\n<script type=\"application\/ld+json\" class=\"yoast-schema-graph\">{\"@context\":\"https:\/\/schema.org\",\"@graph\":[{\"@type\":\"NewsArticle\",\"@id\":\"https:\/\/www.celttv.com.ar\/index.php\/2018\/09\/26\/desde-octubre-aplicaran-un-refuerzo-de-sarampion-y-rubeola-a-menores-2\/#article\",\"isPartOf\":{\"@id\":\"https:\/\/www.celttv.com.ar\/index.php\/2018\/09\/26\/desde-octubre-aplicaran-un-refuerzo-de-sarampion-y-rubeola-a-menores-2\/\"},\"author\":{\"name\":\"ulises\",\"@id\":\"https:\/\/www.celttv.com.ar\/#\/schema\/person\/6d99c072dba59953809c81446e9d0ace\"},\"headline\":\"DESDE OCTUBRE APLICAR\u00c1N UN REFUERZO DE SARAMPI\u00d3N Y RUBEOLA A MENORES\",\"datePublished\":\"2018-09-26T20:19:27+00:00\",\"dateModified\":\"2018-09-26T20:19:27+00:00\",\"mainEntityOfPage\":{\"@id\":\"https:\/\/www.celttv.com.ar\/index.php\/2018\/09\/26\/desde-octubre-aplicaran-un-refuerzo-de-sarampion-y-rubeola-a-menores-2\/\"},\"wordCount\":273,\"publisher\":{\"@id\":\"https:\/\/www.celttv.com.ar\/#organization\"},\"articleSection\":[\"Atenci\u00f3n Salud\",\"Celt TV Noticias\",\"Comunidad\",\"Destacadas\"],\"inLanguage\":\"es\"},{\"@type\":\"WebPage\",\"@id\":\"https:\/\/www.celttv.com.ar\/index.php\/2018\/09\/26\/desde-octubre-aplicaran-un-refuerzo-de-sarampion-y-rubeola-a-menores-2\/\",\"url\":\"https:\/\/www.celttv.com.ar\/index.php\/2018\/09\/26\/desde-octubre-aplicaran-un-refuerzo-de-sarampion-y-rubeola-a-menores-2\/\",\"name\":\"DESDE OCTUBRE APLICAR\u00c1N UN REFUERZO DE SARAMPI\u00d3N Y RUBEOLA A MENORES - CELTTV\",\"isPartOf\":{\"@id\":\"https:\/\/www.celttv.com.ar\/#website\"},\"datePublished\":\"2018-09-26T20:19:27+00:00\",\"dateModified\":\"2018-09-26T20:19:27+00:00\",\"description\":\"Sitio web de noticias de la localidad de Tornquist, provincia de Buenos Aires, Rep\u00fablica Argentina. Contenido propio originado por periodistas de CELTTV, el canal de TV local de la Cooperativa El\u00e9ctrica de Tornquist. Turismo, Pol\u00edtica, Sociedad, Deporte, Cultura y todo el contenido de inter\u00e9s general que la gente del pueblo y la regi\u00f3n debe conocer.\",\"breadcrumb\":{\"@id\":\"https:\/\/www.celttv.com.ar\/index.php\/2018\/09\/26\/desde-octubre-aplicaran-un-refuerzo-de-sarampion-y-rubeola-a-menores-2\/#breadcrumb\"},\"inLanguage\":\"es\",\"potentialAction\":[{\"@type\":\"ReadAction\",\"target\":[\"https:\/\/www.celttv.com.ar\/index.php\/2018\/09\/26\/desde-octubre-aplicaran-un-refuerzo-de-sarampion-y-rubeola-a-menores-2\/\"]}]},{\"@type\":\"BreadcrumbList\",\"@id\":\"https:\/\/www.celttv.com.ar\/index.php\/2018\/09\/26\/desde-octubre-aplicaran-un-refuerzo-de-sarampion-y-rubeola-a-menores-2\/#breadcrumb\",\"itemListElement\":[{\"@type\":\"ListItem\",\"position\":1,\"name\":\"Inicio\",\"item\":\"https:\/\/www.celttv.com.ar\/\"},{\"@type\":\"ListItem\",\"position\":2,\"name\":\"DESDE OCTUBRE APLICAR\u00c1N UN REFUERZO DE SARAMPI\u00d3N Y RUBEOLA A MENORES\"}]},{\"@type\":\"WebSite\",\"@id\":\"https:\/\/www.celttv.com.ar\/#website\",\"url\":\"https:\/\/www.celttv.com.ar\/\",\"name\":\"CELTTV\",\"description\":\"Cooperativa El\u00e9ctrica de Tornquist\",\"publisher\":{\"@id\":\"https:\/\/www.celttv.com.ar\/#organization\"},\"potentialAction\":[{\"@type\":\"SearchAction\",\"target\":{\"@type\":\"EntryPoint\",\"urlTemplate\":\"https:\/\/www.celttv.com.ar\/?s={search_term_string}\"},\"query-input\":\"required name=search_term_string\"}],\"inLanguage\":\"es\"},{\"@type\":\"Organization\",\"@id\":\"https:\/\/www.celttv.com.ar\/#organization\",\"name\":\"CELTTV\",\"url\":\"https:\/\/www.celttv.com.ar\/\",\"sameAs\":[\"https:\/\/www.youtube.com\/channel\/UCz_oIt8Hig64Ub-EmcNPIhg\",\"https:\/\/www.facebook.com\/celtTV\/\"],\"logo\":{\"@type\":\"ImageObject\",\"inLanguage\":\"es\",\"@id\":\"https:\/\/www.celttv.com.ar\/#\/schema\/logo\/image\/\",\"url\":\"http:\/\/www.celttv.com.ar\/wp-content\/uploads\/2022\/08\/logo-1.png\",\"contentUrl\":\"http:\/\/www.celttv.com.ar\/wp-content\/uploads\/2022\/08\/logo-1.png\",\"width\":461,\"height\":159,\"caption\":\"CELTTV\"},\"image\":{\"@id\":\"https:\/\/www.celttv.com.ar\/#\/schema\/logo\/image\/\"}},{\"@type\":\"Person\",\"@id\":\"https:\/\/www.celttv.com.ar\/#\/schema\/person\/6d99c072dba59953809c81446e9d0ace\",\"name\":\"ulises\",\"image\":{\"@type\":\"ImageObject\",\"inLanguage\":\"es\",\"@id\":\"https:\/\/www.celttv.com.ar\/#\/schema\/person\/image\/\",\"url\":\"https:\/\/secure.gravatar.com\/avatar\/7f2c48bdc33b30088f941fb6082e555f2874c98e20cb159d7b92b50eadfce793?s=96&d=mm&r=g\",\"contentUrl\":\"https:\/\/secure.gravatar.com\/avatar\/7f2c48bdc33b30088f941fb6082e555f2874c98e20cb159d7b92b50eadfce793?s=96&d=mm&r=g\",\"caption\":\"ulises\"},\"sameAs\":[\"http:\/\/www.celttv.com.ar\"]}]}<\/script>\n<!-- \/ Yoast SEO plugin. -->","yoast_head_json":{"title":"DESDE OCTUBRE APLICAR\u00c1N UN REFUERZO DE SARAMPI\u00d3N Y RUBEOLA A MENORES - CELTTV","description":"Sitio web de noticias de la localidad de Tornquist, provincia de Buenos Aires, Rep\u00fablica Argentina. Contenido propio originado por periodistas de CELTTV, el canal de TV local de la Cooperativa El\u00e9ctrica de Tornquist. Turismo, Pol\u00edtica, Sociedad, Deporte, Cultura y todo el contenido de inter\u00e9s general que la gente del pueblo y la regi\u00f3n debe conocer.","robots":{"index":"index","follow":"follow","max-snippet":"max-snippet:-1","max-image-preview":"max-image-preview:large","max-video-preview":"max-video-preview:-1"},"canonical":"https:\/\/www.celttv.com.ar\/index.php\/2018\/09\/26\/desde-octubre-aplicaran-un-refuerzo-de-sarampion-y-rubeola-a-menores-2\/","og_locale":"es_ES","og_type":"article","og_title":"DESDE OCTUBRE APLICAR\u00c1N UN REFUERZO DE SARAMPI\u00d3N Y RUBEOLA A MENORES - CELTTV","og_description":"Sitio web de noticias de la localidad de Tornquist, provincia de Buenos Aires, Rep\u00fablica Argentina. Contenido propio originado por periodistas de CELTTV, el canal de TV local de la Cooperativa El\u00e9ctrica de Tornquist. Turismo, Pol\u00edtica, Sociedad, Deporte, Cultura y todo el contenido de inter\u00e9s general que la gente del pueblo y la regi\u00f3n debe conocer.","og_url":"https:\/\/www.celttv.com.ar\/index.php\/2018\/09\/26\/desde-octubre-aplicaran-un-refuerzo-de-sarampion-y-rubeola-a-menores-2\/","og_site_name":"CELTTV","article_publisher":"https:\/\/www.facebook.com\/celtTV\/","article_published_time":"2018-09-26T20:19:27+00:00","og_image":[{"width":1839,"height":2560,"url":"https:\/\/www.celttv.com.ar\/wp-content\/uploads\/2018\/09\/afiche_SyR-1-scaled.jpg","type":"image\/jpeg"}],"author":"ulises","twitter_card":"summary_large_image","twitter_misc":{"Escrito por":"ulises","Tiempo de lectura":"1 minuto"},"schema":{"@context":"https:\/\/schema.org","@graph":[{"@type":"NewsArticle","@id":"https:\/\/www.celttv.com.ar\/index.php\/2018\/09\/26\/desde-octubre-aplicaran-un-refuerzo-de-sarampion-y-rubeola-a-menores-2\/#article","isPartOf":{"@id":"https:\/\/www.celttv.com.ar\/index.php\/2018\/09\/26\/desde-octubre-aplicaran-un-refuerzo-de-sarampion-y-rubeola-a-menores-2\/"},"author":{"name":"ulises","@id":"https:\/\/www.celttv.com.ar\/#\/schema\/person\/6d99c072dba59953809c81446e9d0ace"},"headline":"DESDE OCTUBRE APLICAR\u00c1N UN REFUERZO DE SARAMPI\u00d3N Y RUBEOLA A MENORES","datePublished":"2018-09-26T20:19:27+00:00","dateModified":"2018-09-26T20:19:27+00:00","mainEntityOfPage":{"@id":"https:\/\/www.celttv.com.ar\/index.php\/2018\/09\/26\/desde-octubre-aplicaran-un-refuerzo-de-sarampion-y-rubeola-a-menores-2\/"},"wordCount":273,"publisher":{"@id":"https:\/\/www.celttv.com.ar\/#organization"},"articleSection":["Atenci\u00f3n Salud","Celt TV Noticias","Comunidad","Destacadas"],"inLanguage":"es"},{"@type":"WebPage","@id":"https:\/\/www.celttv.com.ar\/index.php\/2018\/09\/26\/desde-octubre-aplicaran-un-refuerzo-de-sarampion-y-rubeola-a-menores-2\/","url":"https:\/\/www.celttv.com.ar\/index.php\/2018\/09\/26\/desde-octubre-aplicaran-un-refuerzo-de-sarampion-y-rubeola-a-menores-2\/","name":"DESDE OCTUBRE APLICAR\u00c1N UN REFUERZO DE SARAMPI\u00d3N Y RUBEOLA A MENORES - CELTTV","isPartOf":{"@id":"https:\/\/www.celttv.com.ar\/#website"},"datePublished":"2018-09-26T20:19:27+00:00","dateModified":"2018-09-26T20:19:27+00:00","description":"Sitio web de noticias de la localidad de Tornquist, provincia de Buenos Aires, Rep\u00fablica Argentina. Contenido propio originado por periodistas de CELTTV, el canal de TV local de la Cooperativa El\u00e9ctrica de Tornquist. Turismo, Pol\u00edtica, Sociedad, Deporte, Cultura y todo el contenido de inter\u00e9s general que la gente del pueblo y la regi\u00f3n debe conocer.","breadcrumb":{"@id":"https:\/\/www.celttv.com.ar\/index.php\/2018\/09\/26\/desde-octubre-aplicaran-un-refuerzo-de-sarampion-y-rubeola-a-menores-2\/#breadcrumb"},"inLanguage":"es","potentialAction":[{"@type":"ReadAction","target":["https:\/\/www.celttv.com.ar\/index.php\/2018\/09\/26\/desde-octubre-aplicaran-un-refuerzo-de-sarampion-y-rubeola-a-menores-2\/"]}]},{"@type":"BreadcrumbList","@id":"https:\/\/www.celttv.com.ar\/index.php\/2018\/09\/26\/desde-octubre-aplicaran-un-refuerzo-de-sarampion-y-rubeola-a-menores-2\/#breadcrumb","itemListElement":[{"@type":"ListItem","position":1,"name":"Inicio","item":"https:\/\/www.celttv.com.ar\/"},{"@type":"ListItem","position":2,"name":"DESDE OCTUBRE APLICAR\u00c1N UN REFUERZO DE SARAMPI\u00d3N Y RUBEOLA A MENORES"}]},{"@type":"WebSite","@id":"https:\/\/www.celttv.com.ar\/#website","url":"https:\/\/www.celttv.com.ar\/","name":"CELTTV","description":"Cooperativa El\u00e9ctrica de Tornquist","publisher":{"@id":"https:\/\/www.celttv.com.ar\/#organization"},"potentialAction":[{"@type":"SearchAction","target":{"@type":"EntryPoint","urlTemplate":"https:\/\/www.celttv.com.ar\/?s={search_term_string}"},"query-input":"required name=search_term_string"}],"inLanguage":"es"},{"@type":"Organization","@id":"https:\/\/www.celttv.com.ar\/#organization","name":"CELTTV","url":"https:\/\/www.celttv.com.ar\/","sameAs":["https:\/\/www.youtube.com\/channel\/UCz_oIt8Hig64Ub-EmcNPIhg","https:\/\/www.facebook.com\/celtTV\/"],"logo":{"@type":"ImageObject","inLanguage":"es","@id":"https:\/\/www.celttv.com.ar\/#\/schema\/logo\/image\/","url":"http:\/\/www.celttv.com.ar\/wp-content\/uploads\/2022\/08\/logo-1.png","contentUrl":"http:\/\/www.celttv.com.ar\/wp-content\/uploads\/2022\/08\/logo-1.png","width":461,"height":159,"caption":"CELTTV"},"image":{"@id":"https:\/\/www.celttv.com.ar\/#\/schema\/logo\/image\/"}},{"@type":"Person","@id":"https:\/\/www.celttv.com.ar\/#\/schema\/person\/6d99c072dba59953809c81446e9d0ace","name":"ulises","image":{"@type":"ImageObject","inLanguage":"es","@id":"https:\/\/www.celttv.com.ar\/#\/schema\/person\/image\/","url":"https:\/\/secure.gravatar.com\/avatar\/7f2c48bdc33b30088f941fb6082e555f2874c98e20cb159d7b92b50eadfce793?s=96&d=mm&r=g","contentUrl":"https:\/\/secure.gravatar.com\/avatar\/7f2c48bdc33b30088f941fb6082e555f2874c98e20cb159d7b92b50eadfce793?s=96&d=mm&r=g","caption":"ulises"},"sameAs":["http:\/\/www.celttv.com.ar"]}]}},"_links":{"self":[{"href":"https:\/\/www.celttv.com.ar\/index.php\/wp-json\/wp\/v2\/posts\/37578","targetHints":{"allow":["GET"]}}],"collection":[{"href":"https:\/\/www.celttv.com.ar\/index.php\/wp-json\/wp\/v2\/posts"}],"about":[{"href":"https:\/\/www.celttv.com.ar\/index.php\/wp-json\/wp\/v2\/types\/post"}],"author":[{"embeddable":true,"href":"https:\/\/www.celttv.com.ar\/index.php\/wp-json\/wp\/v2\/users\/1"}],"replies":[{"embeddable":true,"href":"https:\/\/www.celttv.com.ar\/index.php\/wp-json\/wp\/v2\/comments?post=37578"}],"version-history":[{"count":0,"href":"https:\/\/www.celttv.com.ar\/index.php\/wp-json\/wp\/v2\/posts\/37578\/revisions"}],"wp:featuredmedia":[{"embeddable":true,"href":"https:\/\/www.celttv.com.ar\/index.php\/wp-json\/wp\/v2\/media\/37579"}],"wp:attachment":[{"href":"https:\/\/www.celttv.com.ar\/index.php\/wp-json\/wp\/v2\/media?parent=37578"}],"wp:term":[{"taxonomy":"category","embeddable":true,"href":"https:\/\/www.celttv.com.ar\/index.php\/wp-json\/wp\/v2\/categories?post=37578"},{"taxonomy":"post_tag","embeddable":true,"href":"https:\/\/www.celttv.com.ar\/index.php\/wp-json\/wp\/v2\/tags?post=37578"}],"curies":[{"name":"wp","href":"https:\/\/api.w.org\/{rel}","templated":true}]}}