{"id":37696,"date":"2018-10-01T20:25:50","date_gmt":"2018-10-01T20:25:50","guid":{"rendered":"http:\/\/www.celttv.com.ar\/?p=37696"},"modified":"2018-10-01T20:25:50","modified_gmt":"2018-10-01T20:25:50","slug":"en-la-ees-n1-y-celt-la-7-jornada-de-cooperativismo-escolar-fotos","status":"publish","type":"post","link":"https:\/\/www.celttv.com.ar\/index.php\/2018\/10\/01\/en-la-ees-n1-y-celt-la-7-jornada-de-cooperativismo-escolar-fotos\/","title":{"rendered":"En la EES N\u00b01 y CELT la 7\u00b0 Jornada de Cooperativismo escolar (FOTOS Y VIDEO)"},"content":{"rendered":"<p>&nbsp;<\/p>\n<div class=\"jeg_video_container jeg_video_content\"><iframe loading=\"lazy\" title=\"2019 10 01 JORNADA DE COOPERATIVISMO 2 SILVINA BEDINO\" width=\"500\" height=\"375\" src=\"https:\/\/www.youtube.com\/embed\/YQug3D_ne5s?feature=oembed\" frameborder=\"0\" allow=\"accelerometer; autoplay; clipboard-write; encrypted-media; gyroscope; picture-in-picture; web-share\" referrerpolicy=\"strict-origin-when-cross-origin\" allowfullscreen><\/iframe><\/div>\n<p>&nbsp;<\/p>\n<p style=\"font-weight: 400;\">El d\u00eda 28 de septiembre se realiz\u00f3 en la EES N\u00b01\u00a0y CELT la 7\u00b0 Jornada de Cooperativismo escolar.<\/p>\n<p style=\"font-weight: 400;\">La misma estuvo a cargo de la Lic Margarita Graziani y la Lic. Silvina Badino.<\/p>\n<p style=\"font-weight: 400;\">Participaron Misioncoop del CNSL y Gestioncoop de la EES N\u00b01.<\/p>\n<p style=\"font-weight: 400;\"><strong>La Jornada fue denominada :\u00a0 \u201cQuerer- saber-objetivar: esencia de la cooperativa escolar en la escuela\u201d y los temas tratados con las cooperativas escolares fueron:<\/strong><\/p>\n<p style=\"font-weight: 400;\"><strong>1\u00b0 Tema:<\/strong>\u00a0\u201cImportancia de la Integraci\u00f3n cooperativa\u201d. Sede del Partido.<\/p>\n<p style=\"font-weight: 400;\"><strong>2\u00b0 Tema:<\/strong>\u00a0Balance Social. Categor\u00eda e Indicadores de responsabilidad Social\u00a0 Cooperativa para la implementaci\u00f3n en las escuelas\u201d.<\/p>\n<p style=\"font-weight: 400;\"><strong>3\u00b0Tema:\u00a0\u00a0 Introducci\u00f3n al \u201cPAC\u201d<\/strong>\u00a02019 (Proyecto Anual Cooperativo).<\/p>\n<p style=\"font-weight: 400;\">Los talleres realizados por la Lic. Badino alcanzaron a los alumnos de los 5\u00b0 grados de las escuelas primarias de Tornquist (EP 1, EP 28, CNSL y Escuelas Rurales)<\/p>\n<p style=\"font-weight: 400;\">Desde Misioncoop y Gestioncoop deseamos agradecer a Adriana y Silvia quienes nos acompa\u00f1aron en este encuentro y brindaron las instalaciones de la CELT para el almuerzo y taller con las cooperativas.<\/p>\n<p style=\"font-weight: 400;\">Asi mismo valorar la participaci\u00f3n de las escuelas primarias y agradecer a la Inspectora Patricia Larrainzar que nos acompa\u00f1a y apoya en sembrar semillas de cooperativismo en los ni\u00f1os.<\/p>\n<p style=\"font-weight: 400;\">Deseamos comunicar que ambas cooperativas escolares participar\u00e1n del XXI ENCACE (Encuentro nacional de cooperativas y mutuales escolares) en la provincia de Santa Fe del 3 al 5 de octubre, fomentando el compromiso con el cooperativismo desde las instituciones educativas.<\/p>\n<div id='gallery_1' class='gallery galleryid-37696 gallery-columns-3 gallery-size-medium'><figure class='gallery-item'>\n            <div class='gallery-icon landscape'>\n                <a href='https:\/\/www.celttv.com.ar\/wp-content\/uploads\/2018\/10\/coop1.jpg'><img loading=\"lazy\" decoding=\"async\" width=\"300\" height=\"188\" src=\"\" class=\"attachment-medium size-medium lazyload\" alt=\"\" data-src=\"https:\/\/www.celttv.com.ar\/wp-content\/uploads\/2018\/10\/coop1-300x188.jpg\" data-sizes=\"auto\" data-srcset=\"https:\/\/www.celttv.com.ar\/wp-content\/uploads\/2018\/10\/coop1-300x188.jpg 300w, https:\/\/www.celttv.com.ar\/wp-content\/uploads\/2018\/10\/coop1.jpg 642w\" data-expand=\"700\" \/><\/a>\n            <\/div><\/figure><figure class='gallery-item'>\n            <div class='gallery-icon landscape'>\n                <a href='https:\/\/www.celttv.com.ar\/wp-content\/uploads\/2018\/10\/coop2-1.jpg'><img loading=\"lazy\" decoding=\"async\" width=\"300\" height=\"225\" src=\"\" class=\"attachment-medium size-medium lazyload\" alt=\"\" data-src=\"https:\/\/www.celttv.com.ar\/wp-content\/uploads\/2018\/10\/coop2-1-300x225.jpg\" data-sizes=\"auto\" data-srcset=\"https:\/\/www.celttv.com.ar\/wp-content\/uploads\/2018\/10\/coop2-1-300x225.jpg 300w, https:\/\/www.celttv.com.ar\/wp-content\/uploads\/2018\/10\/coop2-1-1024x768.jpg 1024w, https:\/\/www.celttv.com.ar\/wp-content\/uploads\/2018\/10\/coop2-1-768x576.jpg 768w, https:\/\/www.celttv.com.ar\/wp-content\/uploads\/2018\/10\/coop2-1-750x563.jpg 750w, https:\/\/www.celttv.com.ar\/wp-content\/uploads\/2018\/10\/coop2-1.jpg 1032w\" data-expand=\"700\" \/><\/a>\n            <\/div><\/figure><figure class='gallery-item'>\n            <div class='gallery-icon landscape'>\n                <a href='https:\/\/www.celttv.com.ar\/wp-content\/uploads\/2018\/10\/coop3.jpg'><img loading=\"lazy\" decoding=\"async\" width=\"300\" height=\"225\" src=\"\" class=\"attachment-medium size-medium lazyload\" alt=\"\" data-src=\"https:\/\/www.celttv.com.ar\/wp-content\/uploads\/2018\/10\/coop3-300x225.jpg\" data-sizes=\"auto\" data-srcset=\"https:\/\/www.celttv.com.ar\/wp-content\/uploads\/2018\/10\/coop3-300x225.jpg 300w, https:\/\/www.celttv.com.ar\/wp-content\/uploads\/2018\/10\/coop3-1024x768.jpg 1024w, https:\/\/www.celttv.com.ar\/wp-content\/uploads\/2018\/10\/coop3-768x576.jpg 768w, https:\/\/www.celttv.com.ar\/wp-content\/uploads\/2018\/10\/coop3-750x563.jpg 750w, https:\/\/www.celttv.com.ar\/wp-content\/uploads\/2018\/10\/coop3.jpg 1032w\" data-expand=\"700\" \/><\/a>\n            <\/div><\/figure><br style=\"clear: both\" \/><figure class='gallery-item'>\n            <div class='gallery-icon landscape'>\n                <a href='https:\/\/www.celttv.com.ar\/wp-content\/uploads\/2018\/10\/coop4.jpg'><img loading=\"lazy\" decoding=\"async\" width=\"300\" height=\"225\" src=\"\" class=\"attachment-medium size-medium lazyload\" alt=\"\" data-src=\"https:\/\/www.celttv.com.ar\/wp-content\/uploads\/2018\/10\/coop4-300x225.jpg\" data-sizes=\"auto\" data-srcset=\"https:\/\/www.celttv.com.ar\/wp-content\/uploads\/2018\/10\/coop4-300x225.jpg 300w, https:\/\/www.celttv.com.ar\/wp-content\/uploads\/2018\/10\/coop4-1024x768.jpg 1024w, https:\/\/www.celttv.com.ar\/wp-content\/uploads\/2018\/10\/coop4-768x576.jpg 768w, https:\/\/www.celttv.com.ar\/wp-content\/uploads\/2018\/10\/coop4-750x563.jpg 750w, https:\/\/www.celttv.com.ar\/wp-content\/uploads\/2018\/10\/coop4.jpg 1032w\" data-expand=\"700\" \/><\/a>\n            <\/div><\/figure><figure class='gallery-item'>\n            <div class='gallery-icon landscape'>\n                <a href='https:\/\/www.celttv.com.ar\/wp-content\/uploads\/2018\/10\/coop5.jpg'><img loading=\"lazy\" decoding=\"async\" width=\"300\" height=\"169\" src=\"\" class=\"attachment-medium size-medium lazyload\" alt=\"\" data-src=\"https:\/\/www.celttv.com.ar\/wp-content\/uploads\/2018\/10\/coop5-300x169.jpg\" data-sizes=\"auto\" data-srcset=\"https:\/\/www.celttv.com.ar\/wp-content\/uploads\/2018\/10\/coop5-300x169.jpg 300w, https:\/\/www.celttv.com.ar\/wp-content\/uploads\/2018\/10\/coop5-1024x576.jpg 1024w, https:\/\/www.celttv.com.ar\/wp-content\/uploads\/2018\/10\/coop5-768x432.jpg 768w, https:\/\/www.celttv.com.ar\/wp-content\/uploads\/2018\/10\/coop5-750x422.jpg 750w, https:\/\/www.celttv.com.ar\/wp-content\/uploads\/2018\/10\/coop5.jpg 1080w\" data-expand=\"700\" \/><\/a>\n            <\/div><\/figure><figure class='gallery-item'>\n            <div class='gallery-icon landscape'>\n                <a href='https:\/\/www.celttv.com.ar\/wp-content\/uploads\/2018\/10\/coop6.jpg'><img loading=\"lazy\" decoding=\"async\" width=\"300\" height=\"169\" src=\"\" class=\"attachment-medium size-medium lazyload\" alt=\"\" data-src=\"https:\/\/www.celttv.com.ar\/wp-content\/uploads\/2018\/10\/coop6-300x169.jpg\" data-sizes=\"auto\" data-srcset=\"https:\/\/www.celttv.com.ar\/wp-content\/uploads\/2018\/10\/coop6-300x169.jpg 300w, https:\/\/www.celttv.com.ar\/wp-content\/uploads\/2018\/10\/coop6-1024x576.jpg 1024w, https:\/\/www.celttv.com.ar\/wp-content\/uploads\/2018\/10\/coop6-768x432.jpg 768w, https:\/\/www.celttv.com.ar\/wp-content\/uploads\/2018\/10\/coop6-750x422.jpg 750w, https:\/\/www.celttv.com.ar\/wp-content\/uploads\/2018\/10\/coop6.jpg 1080w\" data-expand=\"700\" \/><\/a>\n            <\/div><\/figure><br style=\"clear: both\" \/>\n        <\/div>\n\n<div class=\"jeg_video_container jeg_video_content\"><iframe loading=\"lazy\" title=\"2019 10 01 JORNADA DE COOPERATIVISMO 1 MARGARITA GRAZIANI\" width=\"500\" height=\"375\" src=\"https:\/\/www.youtube.com\/embed\/_sVBusAOBt4?feature=oembed\" frameborder=\"0\" allow=\"accelerometer; autoplay; clipboard-write; encrypted-media; gyroscope; picture-in-picture; web-share\" referrerpolicy=\"strict-origin-when-cross-origin\" allowfullscreen><\/iframe><\/div>\n","protected":false},"excerpt":{"rendered":"<p>&nbsp; &nbsp; El d\u00eda 28 de septiembre se realiz\u00f3 en la EES N\u00b01\u00a0y CELT la 7\u00b0 Jornada de Cooperativismo escolar. La misma estuvo a cargo de la Lic Margarita Graziani y la Lic. Silvina Badino. Participaron Misioncoop del CNSL y Gestioncoop de la EES N\u00b01. La Jornada fue denominada :\u00a0 \u201cQuerer- saber-objetivar: esencia de la [&hellip;]<\/p>\n","protected":false},"author":1,"featured_media":37700,"comment_status":"closed","ping_status":"open","sticky":false,"template":"","format":"standard","meta":{"footnotes":""},"categories":[55,51,52,66],"tags":[],"class_list":["post-37696","post","type-post","status-publish","format-standard","has-post-thumbnail","hentry","category-celt-tv-noticias","category-comunidad","category-destacadas","category-informacion-cooperativa"],"yoast_head":"<!-- This site is optimized with the Yoast SEO plugin v19.7.1 - https:\/\/yoast.com\/wordpress\/plugins\/seo\/ -->\n<title>En la EES N\u00b01 y CELT la 7\u00b0 Jornada de Cooperativismo escolar (FOTOS Y VIDEO) - CELTTV<\/title>\n<meta name=\"description\" content=\"Sitio web de noticias de la localidad de Tornquist, provincia de Buenos Aires, Rep\u00fablica Argentina. Contenido propio originado por periodistas de CELTTV, el canal de TV local de la Cooperativa El\u00e9ctrica de Tornquist. Turismo, Pol\u00edtica, Sociedad, Deporte, Cultura y todo el contenido de inter\u00e9s general que la gente del pueblo y la regi\u00f3n debe conocer.\" \/>\n<meta name=\"robots\" content=\"index, follow, max-snippet:-1, max-image-preview:large, max-video-preview:-1\" \/>\n<link rel=\"canonical\" href=\"https:\/\/www.celttv.com.ar\/index.php\/2018\/10\/01\/en-la-ees-n1-y-celt-la-7-jornada-de-cooperativismo-escolar-fotos\/\" \/>\n<meta property=\"og:locale\" content=\"es_ES\" \/>\n<meta property=\"og:type\" content=\"article\" \/>\n<meta property=\"og:title\" content=\"En la EES N\u00b01 y CELT la 7\u00b0 Jornada de Cooperativismo escolar (FOTOS Y VIDEO) - CELTTV\" \/>\n<meta property=\"og:description\" content=\"Sitio web de noticias de la localidad de Tornquist, provincia de Buenos Aires, Rep\u00fablica Argentina. Contenido propio originado por periodistas de CELTTV, el canal de TV local de la Cooperativa El\u00e9ctrica de Tornquist. Turismo, Pol\u00edtica, Sociedad, Deporte, Cultura y todo el contenido de inter\u00e9s general que la gente del pueblo y la regi\u00f3n debe conocer.\" \/>\n<meta property=\"og:url\" content=\"https:\/\/www.celttv.com.ar\/index.php\/2018\/10\/01\/en-la-ees-n1-y-celt-la-7-jornada-de-cooperativismo-escolar-fotos\/\" \/>\n<meta property=\"og:site_name\" content=\"CELTTV\" \/>\n<meta property=\"article:publisher\" content=\"https:\/\/www.facebook.com\/celtTV\/\" \/>\n<meta property=\"article:published_time\" content=\"2018-10-01T20:25:50+00:00\" \/>\n<meta property=\"og:image\" content=\"https:\/\/www.celttv.com.ar\/wp-content\/uploads\/2018\/10\/coop2.jpg\" \/>\n\t<meta property=\"og:image:width\" content=\"1032\" \/>\n\t<meta property=\"og:image:height\" content=\"774\" \/>\n\t<meta property=\"og:image:type\" content=\"image\/jpeg\" \/>\n<meta name=\"author\" content=\"ulises\" \/>\n<meta name=\"twitter:card\" content=\"summary_large_image\" \/>\n<meta name=\"twitter:label1\" content=\"Escrito por\" \/>\n\t<meta name=\"twitter:data1\" content=\"ulises\" \/>\n\t<meta name=\"twitter:label2\" content=\"Tiempo de lectura\" \/>\n\t<meta name=\"twitter:data2\" content=\"1 minuto\" \/>\n<script type=\"application\/ld+json\" class=\"yoast-schema-graph\">{\"@context\":\"https:\/\/schema.org\",\"@graph\":[{\"@type\":\"NewsArticle\",\"@id\":\"https:\/\/www.celttv.com.ar\/index.php\/2018\/10\/01\/en-la-ees-n1-y-celt-la-7-jornada-de-cooperativismo-escolar-fotos\/#article\",\"isPartOf\":{\"@id\":\"https:\/\/www.celttv.com.ar\/index.php\/2018\/10\/01\/en-la-ees-n1-y-celt-la-7-jornada-de-cooperativismo-escolar-fotos\/\"},\"author\":{\"name\":\"ulises\",\"@id\":\"https:\/\/www.celttv.com.ar\/#\/schema\/person\/6d99c072dba59953809c81446e9d0ace\"},\"headline\":\"En la EES N\u00b01 y CELT la 7\u00b0 Jornada de Cooperativismo escolar (FOTOS Y VIDEO)\",\"datePublished\":\"2018-10-01T20:25:50+00:00\",\"dateModified\":\"2018-10-01T20:25:50+00:00\",\"mainEntityOfPage\":{\"@id\":\"https:\/\/www.celttv.com.ar\/index.php\/2018\/10\/01\/en-la-ees-n1-y-celt-la-7-jornada-de-cooperativismo-escolar-fotos\/\"},\"wordCount\":267,\"publisher\":{\"@id\":\"https:\/\/www.celttv.com.ar\/#organization\"},\"articleSection\":[\"Celt TV Noticias\",\"Comunidad\",\"Destacadas\",\"Informaci\u00f3n Cooperativa\"],\"inLanguage\":\"es\"},{\"@type\":\"WebPage\",\"@id\":\"https:\/\/www.celttv.com.ar\/index.php\/2018\/10\/01\/en-la-ees-n1-y-celt-la-7-jornada-de-cooperativismo-escolar-fotos\/\",\"url\":\"https:\/\/www.celttv.com.ar\/index.php\/2018\/10\/01\/en-la-ees-n1-y-celt-la-7-jornada-de-cooperativismo-escolar-fotos\/\",\"name\":\"En la EES N\u00b01 y CELT la 7\u00b0 Jornada de Cooperativismo escolar (FOTOS Y VIDEO) - CELTTV\",\"isPartOf\":{\"@id\":\"https:\/\/www.celttv.com.ar\/#website\"},\"datePublished\":\"2018-10-01T20:25:50+00:00\",\"dateModified\":\"2018-10-01T20:25:50+00:00\",\"description\":\"Sitio web de noticias de la localidad de Tornquist, provincia de Buenos Aires, Rep\u00fablica Argentina. Contenido propio originado por periodistas de CELTTV, el canal de TV local de la Cooperativa El\u00e9ctrica de Tornquist. Turismo, Pol\u00edtica, Sociedad, Deporte, Cultura y todo el contenido de inter\u00e9s general que la gente del pueblo y la regi\u00f3n debe conocer.\",\"breadcrumb\":{\"@id\":\"https:\/\/www.celttv.com.ar\/index.php\/2018\/10\/01\/en-la-ees-n1-y-celt-la-7-jornada-de-cooperativismo-escolar-fotos\/#breadcrumb\"},\"inLanguage\":\"es\",\"potentialAction\":[{\"@type\":\"ReadAction\",\"target\":[\"https:\/\/www.celttv.com.ar\/index.php\/2018\/10\/01\/en-la-ees-n1-y-celt-la-7-jornada-de-cooperativismo-escolar-fotos\/\"]}]},{\"@type\":\"BreadcrumbList\",\"@id\":\"https:\/\/www.celttv.com.ar\/index.php\/2018\/10\/01\/en-la-ees-n1-y-celt-la-7-jornada-de-cooperativismo-escolar-fotos\/#breadcrumb\",\"itemListElement\":[{\"@type\":\"ListItem\",\"position\":1,\"name\":\"Inicio\",\"item\":\"https:\/\/www.celttv.com.ar\/\"},{\"@type\":\"ListItem\",\"position\":2,\"name\":\"En la EES N\u00b01 y CELT la 7\u00b0 Jornada de Cooperativismo escolar (FOTOS Y VIDEO)\"}]},{\"@type\":\"WebSite\",\"@id\":\"https:\/\/www.celttv.com.ar\/#website\",\"url\":\"https:\/\/www.celttv.com.ar\/\",\"name\":\"CELTTV\",\"description\":\"Cooperativa El\u00e9ctrica de Tornquist\",\"publisher\":{\"@id\":\"https:\/\/www.celttv.com.ar\/#organization\"},\"potentialAction\":[{\"@type\":\"SearchAction\",\"target\":{\"@type\":\"EntryPoint\",\"urlTemplate\":\"https:\/\/www.celttv.com.ar\/?s={search_term_string}\"},\"query-input\":\"required name=search_term_string\"}],\"inLanguage\":\"es\"},{\"@type\":\"Organization\",\"@id\":\"https:\/\/www.celttv.com.ar\/#organization\",\"name\":\"CELTTV\",\"url\":\"https:\/\/www.celttv.com.ar\/\",\"sameAs\":[\"https:\/\/www.youtube.com\/channel\/UCz_oIt8Hig64Ub-EmcNPIhg\",\"https:\/\/www.facebook.com\/celtTV\/\"],\"logo\":{\"@type\":\"ImageObject\",\"inLanguage\":\"es\",\"@id\":\"https:\/\/www.celttv.com.ar\/#\/schema\/logo\/image\/\",\"url\":\"http:\/\/www.celttv.com.ar\/wp-content\/uploads\/2022\/08\/logo-1.png\",\"contentUrl\":\"http:\/\/www.celttv.com.ar\/wp-content\/uploads\/2022\/08\/logo-1.png\",\"width\":461,\"height\":159,\"caption\":\"CELTTV\"},\"image\":{\"@id\":\"https:\/\/www.celttv.com.ar\/#\/schema\/logo\/image\/\"}},{\"@type\":\"Person\",\"@id\":\"https:\/\/www.celttv.com.ar\/#\/schema\/person\/6d99c072dba59953809c81446e9d0ace\",\"name\":\"ulises\",\"image\":{\"@type\":\"ImageObject\",\"inLanguage\":\"es\",\"@id\":\"https:\/\/www.celttv.com.ar\/#\/schema\/person\/image\/\",\"url\":\"https:\/\/secure.gravatar.com\/avatar\/7f2c48bdc33b30088f941fb6082e555f2874c98e20cb159d7b92b50eadfce793?s=96&d=mm&r=g\",\"contentUrl\":\"https:\/\/secure.gravatar.com\/avatar\/7f2c48bdc33b30088f941fb6082e555f2874c98e20cb159d7b92b50eadfce793?s=96&d=mm&r=g\",\"caption\":\"ulises\"},\"sameAs\":[\"http:\/\/www.celttv.com.ar\"]}]}<\/script>\n<!-- \/ Yoast SEO plugin. -->","yoast_head_json":{"title":"En la EES N\u00b01 y CELT la 7\u00b0 Jornada de Cooperativismo escolar (FOTOS Y VIDEO) - CELTTV","description":"Sitio web de noticias de la localidad de Tornquist, provincia de Buenos Aires, Rep\u00fablica Argentina. Contenido propio originado por periodistas de CELTTV, el canal de TV local de la Cooperativa El\u00e9ctrica de Tornquist. Turismo, Pol\u00edtica, Sociedad, Deporte, Cultura y todo el contenido de inter\u00e9s general que la gente del pueblo y la regi\u00f3n debe conocer.","robots":{"index":"index","follow":"follow","max-snippet":"max-snippet:-1","max-image-preview":"max-image-preview:large","max-video-preview":"max-video-preview:-1"},"canonical":"https:\/\/www.celttv.com.ar\/index.php\/2018\/10\/01\/en-la-ees-n1-y-celt-la-7-jornada-de-cooperativismo-escolar-fotos\/","og_locale":"es_ES","og_type":"article","og_title":"En la EES N\u00b01 y CELT la 7\u00b0 Jornada de Cooperativismo escolar (FOTOS Y VIDEO) - CELTTV","og_description":"Sitio web de noticias de la localidad de Tornquist, provincia de Buenos Aires, Rep\u00fablica Argentina. Contenido propio originado por periodistas de CELTTV, el canal de TV local de la Cooperativa El\u00e9ctrica de Tornquist. Turismo, Pol\u00edtica, Sociedad, Deporte, Cultura y todo el contenido de inter\u00e9s general que la gente del pueblo y la regi\u00f3n debe conocer.","og_url":"https:\/\/www.celttv.com.ar\/index.php\/2018\/10\/01\/en-la-ees-n1-y-celt-la-7-jornada-de-cooperativismo-escolar-fotos\/","og_site_name":"CELTTV","article_publisher":"https:\/\/www.facebook.com\/celtTV\/","article_published_time":"2018-10-01T20:25:50+00:00","og_image":[{"width":1032,"height":774,"url":"https:\/\/www.celttv.com.ar\/wp-content\/uploads\/2018\/10\/coop2.jpg","type":"image\/jpeg"}],"author":"ulises","twitter_card":"summary_large_image","twitter_misc":{"Escrito por":"ulises","Tiempo de lectura":"1 minuto"},"schema":{"@context":"https:\/\/schema.org","@graph":[{"@type":"NewsArticle","@id":"https:\/\/www.celttv.com.ar\/index.php\/2018\/10\/01\/en-la-ees-n1-y-celt-la-7-jornada-de-cooperativismo-escolar-fotos\/#article","isPartOf":{"@id":"https:\/\/www.celttv.com.ar\/index.php\/2018\/10\/01\/en-la-ees-n1-y-celt-la-7-jornada-de-cooperativismo-escolar-fotos\/"},"author":{"name":"ulises","@id":"https:\/\/www.celttv.com.ar\/#\/schema\/person\/6d99c072dba59953809c81446e9d0ace"},"headline":"En la EES N\u00b01 y CELT la 7\u00b0 Jornada de Cooperativismo escolar (FOTOS Y VIDEO)","datePublished":"2018-10-01T20:25:50+00:00","dateModified":"2018-10-01T20:25:50+00:00","mainEntityOfPage":{"@id":"https:\/\/www.celttv.com.ar\/index.php\/2018\/10\/01\/en-la-ees-n1-y-celt-la-7-jornada-de-cooperativismo-escolar-fotos\/"},"wordCount":267,"publisher":{"@id":"https:\/\/www.celttv.com.ar\/#organization"},"articleSection":["Celt TV Noticias","Comunidad","Destacadas","Informaci\u00f3n Cooperativa"],"inLanguage":"es"},{"@type":"WebPage","@id":"https:\/\/www.celttv.com.ar\/index.php\/2018\/10\/01\/en-la-ees-n1-y-celt-la-7-jornada-de-cooperativismo-escolar-fotos\/","url":"https:\/\/www.celttv.com.ar\/index.php\/2018\/10\/01\/en-la-ees-n1-y-celt-la-7-jornada-de-cooperativismo-escolar-fotos\/","name":"En la EES N\u00b01 y CELT la 7\u00b0 Jornada de Cooperativismo escolar (FOTOS Y VIDEO) - CELTTV","isPartOf":{"@id":"https:\/\/www.celttv.com.ar\/#website"},"datePublished":"2018-10-01T20:25:50+00:00","dateModified":"2018-10-01T20:25:50+00:00","description":"Sitio web de noticias de la localidad de Tornquist, provincia de Buenos Aires, Rep\u00fablica Argentina. Contenido propio originado por periodistas de CELTTV, el canal de TV local de la Cooperativa El\u00e9ctrica de Tornquist. Turismo, Pol\u00edtica, Sociedad, Deporte, Cultura y todo el contenido de inter\u00e9s general que la gente del pueblo y la regi\u00f3n debe conocer.","breadcrumb":{"@id":"https:\/\/www.celttv.com.ar\/index.php\/2018\/10\/01\/en-la-ees-n1-y-celt-la-7-jornada-de-cooperativismo-escolar-fotos\/#breadcrumb"},"inLanguage":"es","potentialAction":[{"@type":"ReadAction","target":["https:\/\/www.celttv.com.ar\/index.php\/2018\/10\/01\/en-la-ees-n1-y-celt-la-7-jornada-de-cooperativismo-escolar-fotos\/"]}]},{"@type":"BreadcrumbList","@id":"https:\/\/www.celttv.com.ar\/index.php\/2018\/10\/01\/en-la-ees-n1-y-celt-la-7-jornada-de-cooperativismo-escolar-fotos\/#breadcrumb","itemListElement":[{"@type":"ListItem","position":1,"name":"Inicio","item":"https:\/\/www.celttv.com.ar\/"},{"@type":"ListItem","position":2,"name":"En la EES N\u00b01 y CELT la 7\u00b0 Jornada de Cooperativismo escolar (FOTOS Y VIDEO)"}]},{"@type":"WebSite","@id":"https:\/\/www.celttv.com.ar\/#website","url":"https:\/\/www.celttv.com.ar\/","name":"CELTTV","description":"Cooperativa El\u00e9ctrica de Tornquist","publisher":{"@id":"https:\/\/www.celttv.com.ar\/#organization"},"potentialAction":[{"@type":"SearchAction","target":{"@type":"EntryPoint","urlTemplate":"https:\/\/www.celttv.com.ar\/?s={search_term_string}"},"query-input":"required name=search_term_string"}],"inLanguage":"es"},{"@type":"Organization","@id":"https:\/\/www.celttv.com.ar\/#organization","name":"CELTTV","url":"https:\/\/www.celttv.com.ar\/","sameAs":["https:\/\/www.youtube.com\/channel\/UCz_oIt8Hig64Ub-EmcNPIhg","https:\/\/www.facebook.com\/celtTV\/"],"logo":{"@type":"ImageObject","inLanguage":"es","@id":"https:\/\/www.celttv.com.ar\/#\/schema\/logo\/image\/","url":"http:\/\/www.celttv.com.ar\/wp-content\/uploads\/2022\/08\/logo-1.png","contentUrl":"http:\/\/www.celttv.com.ar\/wp-content\/uploads\/2022\/08\/logo-1.png","width":461,"height":159,"caption":"CELTTV"},"image":{"@id":"https:\/\/www.celttv.com.ar\/#\/schema\/logo\/image\/"}},{"@type":"Person","@id":"https:\/\/www.celttv.com.ar\/#\/schema\/person\/6d99c072dba59953809c81446e9d0ace","name":"ulises","image":{"@type":"ImageObject","inLanguage":"es","@id":"https:\/\/www.celttv.com.ar\/#\/schema\/person\/image\/","url":"https:\/\/secure.gravatar.com\/avatar\/7f2c48bdc33b30088f941fb6082e555f2874c98e20cb159d7b92b50eadfce793?s=96&d=mm&r=g","contentUrl":"https:\/\/secure.gravatar.com\/avatar\/7f2c48bdc33b30088f941fb6082e555f2874c98e20cb159d7b92b50eadfce793?s=96&d=mm&r=g","caption":"ulises"},"sameAs":["http:\/\/www.celttv.com.ar"]}]}},"_links":{"self":[{"href":"https:\/\/www.celttv.com.ar\/index.php\/wp-json\/wp\/v2\/posts\/37696","targetHints":{"allow":["GET"]}}],"collection":[{"href":"https:\/\/www.celttv.com.ar\/index.php\/wp-json\/wp\/v2\/posts"}],"about":[{"href":"https:\/\/www.celttv.com.ar\/index.php\/wp-json\/wp\/v2\/types\/post"}],"author":[{"embeddable":true,"href":"https:\/\/www.celttv.com.ar\/index.php\/wp-json\/wp\/v2\/users\/1"}],"replies":[{"embeddable":true,"href":"https:\/\/www.celttv.com.ar\/index.php\/wp-json\/wp\/v2\/comments?post=37696"}],"version-history":[{"count":0,"href":"https:\/\/www.celttv.com.ar\/index.php\/wp-json\/wp\/v2\/posts\/37696\/revisions"}],"wp:featuredmedia":[{"embeddable":true,"href":"https:\/\/www.celttv.com.ar\/index.php\/wp-json\/wp\/v2\/media\/37700"}],"wp:attachment":[{"href":"https:\/\/www.celttv.com.ar\/index.php\/wp-json\/wp\/v2\/media?parent=37696"}],"wp:term":[{"taxonomy":"category","embeddable":true,"href":"https:\/\/www.celttv.com.ar\/index.php\/wp-json\/wp\/v2\/categories?post=37696"},{"taxonomy":"post_tag","embeddable":true,"href":"https:\/\/www.celttv.com.ar\/index.php\/wp-json\/wp\/v2\/tags?post=37696"}],"curies":[{"name":"wp","href":"https:\/\/api.w.org\/{rel}","templated":true}]}}