{"id":37713,"date":"2018-10-02T01:55:54","date_gmt":"2018-10-02T01:55:54","guid":{"rendered":"http:\/\/www.celttv.com.ar\/?p=37713"},"modified":"2018-10-02T01:55:54","modified_gmt":"2018-10-02T01:55:54","slug":"liga-regional-de-futboltodos-los-cruces-de-inferiores-iran-el-sabado","status":"publish","type":"post","link":"https:\/\/www.celttv.com.ar\/index.php\/2018\/10\/02\/liga-regional-de-futboltodos-los-cruces-de-inferiores-iran-el-sabado\/","title":{"rendered":"Liga Regional de F\u00fatbol:Todos los cruces de inferiores ir\u00e1n el s\u00e1bado\u00a0"},"content":{"rendered":"<p style=\"font-weight: 400;\"><strong>CELT TV &#8211; Los cuartos de final del Apertura se completar\u00e1n \u00edntegramente en Pig\u00fc\u00e9. Siete clubes ya se inscribieron para el torneo Clausura.<\/strong><\/p>\n<p style=\"font-weight: 400;\"><strong>\u00a0<\/strong><strong>Dado la suspensi\u00f3n del s\u00e1bado pasado y la reprogramaci\u00f3n para el pr\u00f3ximo, los cuartos de final del torneo Apertura de divisiones inferiores se completar\u00e1n \u00edntegramente el pr\u00f3ximo s\u00e1bado, incluso los partidos de 5\u00aa Racing vs. Empleados de Comercio y Blanco y Negro vs. Pe\u00f1arol de Pig\u00fc\u00e9 que estaban previstos en principio en d\u00edas diferenciados.<\/strong><\/p>\n<p style=\"font-weight: 400;\"><strong>En consecuencia, el programa a cumplirse en la ciudad de Pig\u00fc\u00e9 es el siguiente:<\/strong><\/p>\n<p style=\"font-weight: 400;\">En la cancha de Pe\u00f1arol: a las 12:00 Racing vs. San Mart\u00edn de Santa Trinidad en 8\u00aa, a las 13:15 Racing vs. Club Sarmiento en 7\u00aa, a las 14:45 Racing vs. Boca Juniors en 6\u00aa y a las 16:30 Racing vs. Empleados de Comercio en 5\u00aa.<\/p>\n<p style=\"font-weight: 400;\">n la cancha de Uni\u00f3n Pig\u00fc\u00e9: a las 12:00 Blanco y Negro vs. Automoto en 8\u00aa, a las 13:15 Blanco y Negro vs. Pe\u00f1arol en 7\u00aa; a las 14:45 Blanco y Negro vs. Uni\u00f3n de Tornquist en 6\u00aa y a las 16:30 Blanco y Negro vs. Pe\u00f1arol de Pig\u00fc\u00e9 en 5\u00aa.<\/p>\n<p style=\"font-weight: 400;\">En la cancha de Deportivo Argentino: a las 12:00 Club Sarmiento vs. Tiro Federal de Puan en 8\u00aa, a las 13:15 Club Sarmiento vs. Puan F. Club en 6\u00aa y a las 14:45 Club Sarmiento vs. Tiro Federal de Puan en 5\u00aa.<\/p>\n<p style=\"font-weight: 400;\">En la cancha de Club Sarmiento: a las 13:15 San Mart\u00edn de Carhu\u00e9 vs. Automoto en 7\u00aa, a las 14:45 San Mart\u00edn de Carhu\u00e9 vs. Pe\u00f1arol en 6\u00aa y a las 16:30 Boca Juniors vs. San Mart\u00edn de Carhu\u00e9 en 5\u00aa.<\/p>\n<p style=\"font-weight: 400;\">En caso de empate al t\u00e9rmino del tiempo reglamentario se definir\u00e1 mediante al ejecuci\u00f3n de tiros desde el punto penal.<\/p>\n<p style=\"font-weight: 400;\">Se inscribieron para el Clausura<\/p>\n<p style=\"font-weight: 400;\">Siete clubes formalizaron hasta la reuni\u00f3n de este lunes su inscripci\u00f3n mediante nota para participar del torneo Clausura de divisiones inferiores. Son ellos: San Mart\u00edn de Carhu\u00e9 en 5\u00aa, 6\u00aa, 7\u00aa y 8\u00aa; Club Sarmiento en 5\u00aa, 6\u00aa, 7\u00aa (2) y 8\u00aa (2); Racing Club en 5\u00aa, 6\u00aa, 7\u00aa y 8\u00aa; Deportivo Argentino en 5\u00aa, 6\u00aa, 7\u00aa y 8\u00aa; Automoto en 5\u00aa, 6\u00aa, 7\u00aa y 8\u00aa; Empleados de Comercio en 5\u00aa, 6\u00aa, 7\u00aa y 8\u00aa (agrega la m\u00e1s chica de las categor\u00edas) y Uni\u00f3n Pig\u00fc\u00e9 en 5\u00aa, 7\u00aa y 8\u00aa (retira la 6\u00aa y agrega la mayor de las divisiones).<\/p>\n<p style=\"font-weight: 400;\">De manera verbal Atl\u00e9tico Huanguel\u00e9n comunic\u00f3 que se anotar\u00e1 en 5\u00aa, 6\u00aa, 7\u00aa y 8\u00aa y San Mart\u00edn de Saavedra en 8\u00aa, mientras Independiente manifest\u00f3 su postura de no intervenir.<\/p>\n","protected":false},"excerpt":{"rendered":"<p>CELT TV &#8211; Los cuartos de final del Apertura se completar\u00e1n \u00edntegramente en Pig\u00fc\u00e9. Siete clubes ya se inscribieron para el torneo Clausura. \u00a0Dado la suspensi\u00f3n del s\u00e1bado pasado y la reprogramaci\u00f3n para el pr\u00f3ximo, los cuartos de final del torneo Apertura de divisiones inferiores se completar\u00e1n \u00edntegramente el pr\u00f3ximo s\u00e1bado, incluso los partidos de [&hellip;]<\/p>\n","protected":false},"author":1,"featured_media":37715,"comment_status":"closed","ping_status":"open","sticky":false,"template":"","format":"standard","meta":{"footnotes":""},"categories":[60,52],"tags":[],"class_list":["post-37713","post","type-post","status-publish","format-standard","has-post-thumbnail","hentry","category-deporte","category-destacadas"],"yoast_head":"<!-- This site is optimized with the Yoast SEO plugin v19.7.1 - https:\/\/yoast.com\/wordpress\/plugins\/seo\/ -->\n<title>Liga Regional de F\u00fatbol:Todos los cruces de inferiores ir\u00e1n el s\u00e1bado\u00a0 - CELTTV<\/title>\n<meta name=\"description\" content=\"Sitio web de noticias de la localidad de Tornquist, provincia de Buenos Aires, Rep\u00fablica Argentina. Contenido propio originado por periodistas de CELTTV, el canal de TV local de la Cooperativa El\u00e9ctrica de Tornquist. Turismo, Pol\u00edtica, Sociedad, Deporte, Cultura y todo el contenido de inter\u00e9s general que la gente del pueblo y la regi\u00f3n debe conocer.\" \/>\n<meta name=\"robots\" content=\"index, follow, max-snippet:-1, max-image-preview:large, max-video-preview:-1\" \/>\n<link rel=\"canonical\" href=\"https:\/\/www.celttv.com.ar\/index.php\/2018\/10\/02\/liga-regional-de-futboltodos-los-cruces-de-inferiores-iran-el-sabado\/\" \/>\n<meta property=\"og:locale\" content=\"es_ES\" \/>\n<meta property=\"og:type\" content=\"article\" \/>\n<meta property=\"og:title\" content=\"Liga Regional de F\u00fatbol:Todos los cruces de inferiores ir\u00e1n el s\u00e1bado\u00a0 - CELTTV\" \/>\n<meta property=\"og:description\" content=\"Sitio web de noticias de la localidad de Tornquist, provincia de Buenos Aires, Rep\u00fablica Argentina. Contenido propio originado por periodistas de CELTTV, el canal de TV local de la Cooperativa El\u00e9ctrica de Tornquist. Turismo, Pol\u00edtica, Sociedad, Deporte, Cultura y todo el contenido de inter\u00e9s general que la gente del pueblo y la regi\u00f3n debe conocer.\" \/>\n<meta property=\"og:url\" content=\"https:\/\/www.celttv.com.ar\/index.php\/2018\/10\/02\/liga-regional-de-futboltodos-los-cruces-de-inferiores-iran-el-sabado\/\" \/>\n<meta property=\"og:site_name\" content=\"CELTTV\" \/>\n<meta property=\"article:publisher\" content=\"https:\/\/www.facebook.com\/celtTV\/\" \/>\n<meta property=\"article:published_time\" content=\"2018-10-02T01:55:54+00:00\" \/>\n<meta property=\"og:image\" content=\"https:\/\/www.celttv.com.ar\/wp-content\/uploads\/2018\/10\/1430-ARCO-Y-PELOTA.jpg\" \/>\n\t<meta property=\"og:image:width\" content=\"2500\" \/>\n\t<meta property=\"og:image:height\" content=\"1453\" \/>\n\t<meta property=\"og:image:type\" content=\"image\/jpeg\" \/>\n<meta name=\"author\" content=\"ulises\" \/>\n<meta name=\"twitter:card\" content=\"summary_large_image\" \/>\n<meta name=\"twitter:label1\" content=\"Escrito por\" \/>\n\t<meta name=\"twitter:data1\" content=\"ulises\" \/>\n\t<meta name=\"twitter:label2\" content=\"Tiempo de lectura\" \/>\n\t<meta name=\"twitter:data2\" content=\"2 minutos\" \/>\n<script type=\"application\/ld+json\" class=\"yoast-schema-graph\">{\"@context\":\"https:\/\/schema.org\",\"@graph\":[{\"@type\":\"NewsArticle\",\"@id\":\"https:\/\/www.celttv.com.ar\/index.php\/2018\/10\/02\/liga-regional-de-futboltodos-los-cruces-de-inferiores-iran-el-sabado\/#article\",\"isPartOf\":{\"@id\":\"https:\/\/www.celttv.com.ar\/index.php\/2018\/10\/02\/liga-regional-de-futboltodos-los-cruces-de-inferiores-iran-el-sabado\/\"},\"author\":{\"name\":\"ulises\",\"@id\":\"https:\/\/www.celttv.com.ar\/#\/schema\/person\/6d99c072dba59953809c81446e9d0ace\"},\"headline\":\"Liga Regional de F\u00fatbol:Todos los cruces de inferiores ir\u00e1n el s\u00e1bado\u00a0\",\"datePublished\":\"2018-10-02T01:55:54+00:00\",\"dateModified\":\"2018-10-02T01:55:54+00:00\",\"mainEntityOfPage\":{\"@id\":\"https:\/\/www.celttv.com.ar\/index.php\/2018\/10\/02\/liga-regional-de-futboltodos-los-cruces-de-inferiores-iran-el-sabado\/\"},\"wordCount\":408,\"publisher\":{\"@id\":\"https:\/\/www.celttv.com.ar\/#organization\"},\"articleSection\":[\"Deporte\",\"Destacadas\"],\"inLanguage\":\"es\"},{\"@type\":\"WebPage\",\"@id\":\"https:\/\/www.celttv.com.ar\/index.php\/2018\/10\/02\/liga-regional-de-futboltodos-los-cruces-de-inferiores-iran-el-sabado\/\",\"url\":\"https:\/\/www.celttv.com.ar\/index.php\/2018\/10\/02\/liga-regional-de-futboltodos-los-cruces-de-inferiores-iran-el-sabado\/\",\"name\":\"Liga Regional de F\u00fatbol:Todos los cruces de inferiores ir\u00e1n el s\u00e1bado\u00a0 - CELTTV\",\"isPartOf\":{\"@id\":\"https:\/\/www.celttv.com.ar\/#website\"},\"datePublished\":\"2018-10-02T01:55:54+00:00\",\"dateModified\":\"2018-10-02T01:55:54+00:00\",\"description\":\"Sitio web de noticias de la localidad de Tornquist, provincia de Buenos Aires, Rep\u00fablica Argentina. Contenido propio originado por periodistas de CELTTV, el canal de TV local de la Cooperativa El\u00e9ctrica de Tornquist. Turismo, Pol\u00edtica, Sociedad, Deporte, Cultura y todo el contenido de inter\u00e9s general que la gente del pueblo y la regi\u00f3n debe conocer.\",\"breadcrumb\":{\"@id\":\"https:\/\/www.celttv.com.ar\/index.php\/2018\/10\/02\/liga-regional-de-futboltodos-los-cruces-de-inferiores-iran-el-sabado\/#breadcrumb\"},\"inLanguage\":\"es\",\"potentialAction\":[{\"@type\":\"ReadAction\",\"target\":[\"https:\/\/www.celttv.com.ar\/index.php\/2018\/10\/02\/liga-regional-de-futboltodos-los-cruces-de-inferiores-iran-el-sabado\/\"]}]},{\"@type\":\"BreadcrumbList\",\"@id\":\"https:\/\/www.celttv.com.ar\/index.php\/2018\/10\/02\/liga-regional-de-futboltodos-los-cruces-de-inferiores-iran-el-sabado\/#breadcrumb\",\"itemListElement\":[{\"@type\":\"ListItem\",\"position\":1,\"name\":\"Inicio\",\"item\":\"https:\/\/www.celttv.com.ar\/\"},{\"@type\":\"ListItem\",\"position\":2,\"name\":\"Liga Regional de F\u00fatbol:Todos los cruces de inferiores ir\u00e1n el s\u00e1bado\u00a0\"}]},{\"@type\":\"WebSite\",\"@id\":\"https:\/\/www.celttv.com.ar\/#website\",\"url\":\"https:\/\/www.celttv.com.ar\/\",\"name\":\"CELTTV\",\"description\":\"Cooperativa El\u00e9ctrica de Tornquist\",\"publisher\":{\"@id\":\"https:\/\/www.celttv.com.ar\/#organization\"},\"potentialAction\":[{\"@type\":\"SearchAction\",\"target\":{\"@type\":\"EntryPoint\",\"urlTemplate\":\"https:\/\/www.celttv.com.ar\/?s={search_term_string}\"},\"query-input\":\"required name=search_term_string\"}],\"inLanguage\":\"es\"},{\"@type\":\"Organization\",\"@id\":\"https:\/\/www.celttv.com.ar\/#organization\",\"name\":\"CELTTV\",\"url\":\"https:\/\/www.celttv.com.ar\/\",\"sameAs\":[\"https:\/\/www.youtube.com\/channel\/UCz_oIt8Hig64Ub-EmcNPIhg\",\"https:\/\/www.facebook.com\/celtTV\/\"],\"logo\":{\"@type\":\"ImageObject\",\"inLanguage\":\"es\",\"@id\":\"https:\/\/www.celttv.com.ar\/#\/schema\/logo\/image\/\",\"url\":\"http:\/\/www.celttv.com.ar\/wp-content\/uploads\/2022\/08\/logo-1.png\",\"contentUrl\":\"http:\/\/www.celttv.com.ar\/wp-content\/uploads\/2022\/08\/logo-1.png\",\"width\":461,\"height\":159,\"caption\":\"CELTTV\"},\"image\":{\"@id\":\"https:\/\/www.celttv.com.ar\/#\/schema\/logo\/image\/\"}},{\"@type\":\"Person\",\"@id\":\"https:\/\/www.celttv.com.ar\/#\/schema\/person\/6d99c072dba59953809c81446e9d0ace\",\"name\":\"ulises\",\"image\":{\"@type\":\"ImageObject\",\"inLanguage\":\"es\",\"@id\":\"https:\/\/www.celttv.com.ar\/#\/schema\/person\/image\/\",\"url\":\"https:\/\/secure.gravatar.com\/avatar\/7f2c48bdc33b30088f941fb6082e555f2874c98e20cb159d7b92b50eadfce793?s=96&d=mm&r=g\",\"contentUrl\":\"https:\/\/secure.gravatar.com\/avatar\/7f2c48bdc33b30088f941fb6082e555f2874c98e20cb159d7b92b50eadfce793?s=96&d=mm&r=g\",\"caption\":\"ulises\"},\"sameAs\":[\"http:\/\/www.celttv.com.ar\"]}]}<\/script>\n<!-- \/ Yoast SEO plugin. -->","yoast_head_json":{"title":"Liga Regional de F\u00fatbol:Todos los cruces de inferiores ir\u00e1n el s\u00e1bado\u00a0 - CELTTV","description":"Sitio web de noticias de la localidad de Tornquist, provincia de Buenos Aires, Rep\u00fablica Argentina. Contenido propio originado por periodistas de CELTTV, el canal de TV local de la Cooperativa El\u00e9ctrica de Tornquist. Turismo, Pol\u00edtica, Sociedad, Deporte, Cultura y todo el contenido de inter\u00e9s general que la gente del pueblo y la regi\u00f3n debe conocer.","robots":{"index":"index","follow":"follow","max-snippet":"max-snippet:-1","max-image-preview":"max-image-preview:large","max-video-preview":"max-video-preview:-1"},"canonical":"https:\/\/www.celttv.com.ar\/index.php\/2018\/10\/02\/liga-regional-de-futboltodos-los-cruces-de-inferiores-iran-el-sabado\/","og_locale":"es_ES","og_type":"article","og_title":"Liga Regional de F\u00fatbol:Todos los cruces de inferiores ir\u00e1n el s\u00e1bado\u00a0 - CELTTV","og_description":"Sitio web de noticias de la localidad de Tornquist, provincia de Buenos Aires, Rep\u00fablica Argentina. Contenido propio originado por periodistas de CELTTV, el canal de TV local de la Cooperativa El\u00e9ctrica de Tornquist. Turismo, Pol\u00edtica, Sociedad, Deporte, Cultura y todo el contenido de inter\u00e9s general que la gente del pueblo y la regi\u00f3n debe conocer.","og_url":"https:\/\/www.celttv.com.ar\/index.php\/2018\/10\/02\/liga-regional-de-futboltodos-los-cruces-de-inferiores-iran-el-sabado\/","og_site_name":"CELTTV","article_publisher":"https:\/\/www.facebook.com\/celtTV\/","article_published_time":"2018-10-02T01:55:54+00:00","og_image":[{"width":2500,"height":1453,"url":"https:\/\/www.celttv.com.ar\/wp-content\/uploads\/2018\/10\/1430-ARCO-Y-PELOTA.jpg","type":"image\/jpeg"}],"author":"ulises","twitter_card":"summary_large_image","twitter_misc":{"Escrito por":"ulises","Tiempo de lectura":"2 minutos"},"schema":{"@context":"https:\/\/schema.org","@graph":[{"@type":"NewsArticle","@id":"https:\/\/www.celttv.com.ar\/index.php\/2018\/10\/02\/liga-regional-de-futboltodos-los-cruces-de-inferiores-iran-el-sabado\/#article","isPartOf":{"@id":"https:\/\/www.celttv.com.ar\/index.php\/2018\/10\/02\/liga-regional-de-futboltodos-los-cruces-de-inferiores-iran-el-sabado\/"},"author":{"name":"ulises","@id":"https:\/\/www.celttv.com.ar\/#\/schema\/person\/6d99c072dba59953809c81446e9d0ace"},"headline":"Liga Regional de F\u00fatbol:Todos los cruces de inferiores ir\u00e1n el s\u00e1bado\u00a0","datePublished":"2018-10-02T01:55:54+00:00","dateModified":"2018-10-02T01:55:54+00:00","mainEntityOfPage":{"@id":"https:\/\/www.celttv.com.ar\/index.php\/2018\/10\/02\/liga-regional-de-futboltodos-los-cruces-de-inferiores-iran-el-sabado\/"},"wordCount":408,"publisher":{"@id":"https:\/\/www.celttv.com.ar\/#organization"},"articleSection":["Deporte","Destacadas"],"inLanguage":"es"},{"@type":"WebPage","@id":"https:\/\/www.celttv.com.ar\/index.php\/2018\/10\/02\/liga-regional-de-futboltodos-los-cruces-de-inferiores-iran-el-sabado\/","url":"https:\/\/www.celttv.com.ar\/index.php\/2018\/10\/02\/liga-regional-de-futboltodos-los-cruces-de-inferiores-iran-el-sabado\/","name":"Liga Regional de F\u00fatbol:Todos los cruces de inferiores ir\u00e1n el s\u00e1bado\u00a0 - CELTTV","isPartOf":{"@id":"https:\/\/www.celttv.com.ar\/#website"},"datePublished":"2018-10-02T01:55:54+00:00","dateModified":"2018-10-02T01:55:54+00:00","description":"Sitio web de noticias de la localidad de Tornquist, provincia de Buenos Aires, Rep\u00fablica Argentina. Contenido propio originado por periodistas de CELTTV, el canal de TV local de la Cooperativa El\u00e9ctrica de Tornquist. Turismo, Pol\u00edtica, Sociedad, Deporte, Cultura y todo el contenido de inter\u00e9s general que la gente del pueblo y la regi\u00f3n debe conocer.","breadcrumb":{"@id":"https:\/\/www.celttv.com.ar\/index.php\/2018\/10\/02\/liga-regional-de-futboltodos-los-cruces-de-inferiores-iran-el-sabado\/#breadcrumb"},"inLanguage":"es","potentialAction":[{"@type":"ReadAction","target":["https:\/\/www.celttv.com.ar\/index.php\/2018\/10\/02\/liga-regional-de-futboltodos-los-cruces-de-inferiores-iran-el-sabado\/"]}]},{"@type":"BreadcrumbList","@id":"https:\/\/www.celttv.com.ar\/index.php\/2018\/10\/02\/liga-regional-de-futboltodos-los-cruces-de-inferiores-iran-el-sabado\/#breadcrumb","itemListElement":[{"@type":"ListItem","position":1,"name":"Inicio","item":"https:\/\/www.celttv.com.ar\/"},{"@type":"ListItem","position":2,"name":"Liga Regional de F\u00fatbol:Todos los cruces de inferiores ir\u00e1n el s\u00e1bado\u00a0"}]},{"@type":"WebSite","@id":"https:\/\/www.celttv.com.ar\/#website","url":"https:\/\/www.celttv.com.ar\/","name":"CELTTV","description":"Cooperativa El\u00e9ctrica de Tornquist","publisher":{"@id":"https:\/\/www.celttv.com.ar\/#organization"},"potentialAction":[{"@type":"SearchAction","target":{"@type":"EntryPoint","urlTemplate":"https:\/\/www.celttv.com.ar\/?s={search_term_string}"},"query-input":"required name=search_term_string"}],"inLanguage":"es"},{"@type":"Organization","@id":"https:\/\/www.celttv.com.ar\/#organization","name":"CELTTV","url":"https:\/\/www.celttv.com.ar\/","sameAs":["https:\/\/www.youtube.com\/channel\/UCz_oIt8Hig64Ub-EmcNPIhg","https:\/\/www.facebook.com\/celtTV\/"],"logo":{"@type":"ImageObject","inLanguage":"es","@id":"https:\/\/www.celttv.com.ar\/#\/schema\/logo\/image\/","url":"http:\/\/www.celttv.com.ar\/wp-content\/uploads\/2022\/08\/logo-1.png","contentUrl":"http:\/\/www.celttv.com.ar\/wp-content\/uploads\/2022\/08\/logo-1.png","width":461,"height":159,"caption":"CELTTV"},"image":{"@id":"https:\/\/www.celttv.com.ar\/#\/schema\/logo\/image\/"}},{"@type":"Person","@id":"https:\/\/www.celttv.com.ar\/#\/schema\/person\/6d99c072dba59953809c81446e9d0ace","name":"ulises","image":{"@type":"ImageObject","inLanguage":"es","@id":"https:\/\/www.celttv.com.ar\/#\/schema\/person\/image\/","url":"https:\/\/secure.gravatar.com\/avatar\/7f2c48bdc33b30088f941fb6082e555f2874c98e20cb159d7b92b50eadfce793?s=96&d=mm&r=g","contentUrl":"https:\/\/secure.gravatar.com\/avatar\/7f2c48bdc33b30088f941fb6082e555f2874c98e20cb159d7b92b50eadfce793?s=96&d=mm&r=g","caption":"ulises"},"sameAs":["http:\/\/www.celttv.com.ar"]}]}},"_links":{"self":[{"href":"https:\/\/www.celttv.com.ar\/index.php\/wp-json\/wp\/v2\/posts\/37713","targetHints":{"allow":["GET"]}}],"collection":[{"href":"https:\/\/www.celttv.com.ar\/index.php\/wp-json\/wp\/v2\/posts"}],"about":[{"href":"https:\/\/www.celttv.com.ar\/index.php\/wp-json\/wp\/v2\/types\/post"}],"author":[{"embeddable":true,"href":"https:\/\/www.celttv.com.ar\/index.php\/wp-json\/wp\/v2\/users\/1"}],"replies":[{"embeddable":true,"href":"https:\/\/www.celttv.com.ar\/index.php\/wp-json\/wp\/v2\/comments?post=37713"}],"version-history":[{"count":0,"href":"https:\/\/www.celttv.com.ar\/index.php\/wp-json\/wp\/v2\/posts\/37713\/revisions"}],"wp:featuredmedia":[{"embeddable":true,"href":"https:\/\/www.celttv.com.ar\/index.php\/wp-json\/wp\/v2\/media\/37715"}],"wp:attachment":[{"href":"https:\/\/www.celttv.com.ar\/index.php\/wp-json\/wp\/v2\/media?parent=37713"}],"wp:term":[{"taxonomy":"category","embeddable":true,"href":"https:\/\/www.celttv.com.ar\/index.php\/wp-json\/wp\/v2\/categories?post=37713"},{"taxonomy":"post_tag","embeddable":true,"href":"https:\/\/www.celttv.com.ar\/index.php\/wp-json\/wp\/v2\/tags?post=37713"}],"curies":[{"name":"wp","href":"https:\/\/api.w.org\/{rel}","templated":true}]}}