{"id":37718,"date":"2018-10-02T21:16:43","date_gmt":"2018-10-02T21:16:43","guid":{"rendered":"http:\/\/www.celttv.com.ar\/?p=37718"},"modified":"2018-10-02T21:16:43","modified_gmt":"2018-10-02T21:16:43","slug":"paso-una-nueva-edicion-del-desafio-cross-trail-fotos","status":"publish","type":"post","link":"https:\/\/www.celttv.com.ar\/index.php\/2018\/10\/02\/paso-una-nueva-edicion-del-desafio-cross-trail-fotos\/","title":{"rendered":"Pas\u00f3 una nueva edici\u00f3n del Desafio Cross Trail (Fotos y resultados)"},"content":{"rendered":"<p>D\u00edas atr\u00e1s se llev\u00f3 a cabo la competencia Cross Trail, durante dos d\u00edas (25k s\u00e1bado y 21k domingo), que va desde Sierra de la Ventana hasta Sadungaray.<br \/>\nLa carrera con campamento incluido, este a\u00f1o cont\u00f3 con la innovaci\u00f3n del M21, para aquellos que decidieron sumarse solo el d\u00eda domingo. EL M21 cont\u00f3 con distancias \u00fanicas de 21k, 10k y KIDS, de esta manera todos los niveles de corredores pudieron disfrutar de una nueva edici\u00f3n de este evento.<br \/>\nLa Direcci\u00f3n de Deportes desea felicitar a todos los corredores de nuestro distrito que participaron de las jornadas.<br \/>\nA continuaci\u00f3n detallamos los resultados.<br \/>\n<a href=\"http:\/\/www.celttv.com.ar\/?attachment_id=37720\" rel=\"attachment wp-att-37720\"><img loading=\"lazy\" decoding=\"async\" class=\"alignleft size-medium wp-image-37720\" src=\"http:\/\/www.celttv.com.ar\/wp-content\/uploads\/2018\/10\/42861640_2677469895810739_119388193769390080_o-780x520.jpg\" alt=\"\" width=\"780\" height=\"520\" \/><\/a> <a href=\"http:\/\/www.celttv.com.ar\/?attachment_id=37721\" rel=\"attachment wp-att-37721\"><img loading=\"lazy\" decoding=\"async\" class=\"alignleft size-medium wp-image-37721\" src=\"http:\/\/www.celttv.com.ar\/wp-content\/uploads\/2018\/10\/43051393_2678132939077768_8872333648104259584_o-780x520.jpg\" alt=\"\" width=\"780\" height=\"520\" \/><\/a><\/p>\n<table width=\"840\">\n<tbody>\n<tr>\n<td colspan=\"7\" width=\"680\">Resultados Carrera El Desaf\u00edo Cross Trail 2018<\/td>\n<td width=\"80\"><\/td>\n<td width=\"80\"><\/td>\n<\/tr>\n<tr>\n<td><\/td>\n<td><\/td>\n<td><\/td>\n<td><\/td>\n<td><\/td>\n<td><\/td>\n<td><\/td>\n<td><\/td>\n<td><\/td>\n<\/tr>\n<tr>\n<td>Lugar de encuentro<\/td>\n<td colspan=\"2\">SALDUNGARAY<\/td>\n<td><\/td>\n<td><\/td>\n<td><\/td>\n<td><\/td>\n<td><\/td>\n<td><\/td>\n<\/tr>\n<tr>\n<td><\/td>\n<td><\/td>\n<td><\/td>\n<td><\/td>\n<td><\/td>\n<td><\/td>\n<td><\/td>\n<td><\/td>\n<td><\/td>\n<\/tr>\n<tr>\n<td>APELLIDO<\/td>\n<td>NOMBRE<\/td>\n<td>SEXO<\/td>\n<td>CATEGORIA<\/td>\n<td>KM<\/td>\n<td width=\"86\">POSICION CATEGORIA<\/td>\n<td width=\"80\">POSICION GENERAL<\/td>\n<td><\/td>\n<td><\/td>\n<\/tr>\n<tr>\n<td>PASTOR<\/td>\n<td>CINTIA<\/td>\n<td width=\"89\">FEMENINO<\/td>\n<td>18-35<\/td>\n<td>10<\/td>\n<td>1\u00b0<\/td>\n<td>3\u00b0<\/td>\n<td><\/td>\n<td><\/td>\n<\/tr>\n<tr>\n<td>PETTINARI<\/td>\n<td>ROMINA<\/td>\n<td>FEMENINO<\/td>\n<td>36-45<\/td>\n<td>10<\/td>\n<td>3\u00b0<\/td>\n<td>7\u00b0<\/td>\n<td><\/td>\n<td><\/td>\n<\/tr>\n<tr>\n<td>CORVO<\/td>\n<td>MABEL<\/td>\n<td>FEMENINO<\/td>\n<td>46-55<\/td>\n<td>10<\/td>\n<td>8\u00b0<\/td>\n<td>29\u00b0<\/td>\n<td><\/td>\n<td><\/td>\n<\/tr>\n<tr>\n<td>ROSSI<\/td>\n<td>TERESA<\/td>\n<td>FEMENINO<\/td>\n<td>46-55<\/td>\n<td>10<\/td>\n<td>14\u00b0<\/td>\n<td><\/td>\n<td><\/td>\n<td><\/td>\n<\/tr>\n<tr>\n<td><\/td>\n<td><\/td>\n<td><\/td>\n<td><\/td>\n<td><\/td>\n<td><\/td>\n<td><\/td>\n<td><\/td>\n<td><\/td>\n<\/tr>\n<tr>\n<td>PAROTTI<\/td>\n<td>ALEJO<\/td>\n<td>MASCULINO<\/td>\n<td>36-45<\/td>\n<td>10<\/td>\n<td>7\u00b0<\/td>\n<td>15\u00b0<\/td>\n<td><\/td>\n<td><\/td>\n<\/tr>\n<tr>\n<td>ROSINI<\/td>\n<td>SERGIO<\/td>\n<td>MASCULINO<\/td>\n<td>36-45<\/td>\n<td>10<\/td>\n<td>13\u00b0<\/td>\n<td>28\u00b0<\/td>\n<td><\/td>\n<td><\/td>\n<\/tr>\n<tr>\n<td>CACERES<\/td>\n<td>PABLO<\/td>\n<td>MASCULINO<\/td>\n<td>36-45<\/td>\n<td>10<\/td>\n<td>16\u00b0<\/td>\n<td>36\u00b0<\/td>\n<td><\/td>\n<td><\/td>\n<\/tr>\n<tr>\n<td>PANIAGUA<\/td>\n<td>JOSE<\/td>\n<td>MASCULINO<\/td>\n<td>46-55<\/td>\n<td>10<\/td>\n<td>1\u00b0<\/td>\n<td>8\u00b0<\/td>\n<td><\/td>\n<td><\/td>\n<\/tr>\n<tr>\n<td>TESTA<\/td>\n<td>RUBEN<\/td>\n<td>MASCULINO<\/td>\n<td>46-55<\/td>\n<td>10<\/td>\n<td>2\u00b0<\/td>\n<td>21\u00b0<\/td>\n<td><\/td>\n<td><\/td>\n<\/tr>\n<tr>\n<td>CATANI<\/td>\n<td>DIEGO<\/td>\n<td>MASCULINO<\/td>\n<td>46-55<\/td>\n<td>10<\/td>\n<td>4\u00b0<\/td>\n<td>23\u00b0<\/td>\n<td><\/td>\n<td><\/td>\n<\/tr>\n<tr>\n<td>BELACHUR<\/td>\n<td>CRISTIAN<\/td>\n<td>MASCULINO<\/td>\n<td>46-55<\/td>\n<td>10<\/td>\n<td>5\u00b0<\/td>\n<td>27\u00b0<\/td>\n<td><\/td>\n<td><\/td>\n<\/tr>\n<tr>\n<td>PAROTTI<\/td>\n<td>PABLO<\/td>\n<td>MASCULINO<\/td>\n<td>46-55<\/td>\n<td>10<\/td>\n<td>7\u00b0<\/td>\n<td>40\u00b0<\/td>\n<td><\/td>\n<td><\/td>\n<\/tr>\n<tr>\n<td>PASTOR<\/td>\n<td>LUIS ALFREDO<\/td>\n<td>MASCULINO<\/td>\n<td>56 +<\/td>\n<td>10<\/td>\n<td>1\u00b0<\/td>\n<td>11\u00b0<\/td>\n<td><\/td>\n<td><\/td>\n<\/tr>\n<tr>\n<td><\/td>\n<td><\/td>\n<td><\/td>\n<td><\/td>\n<td><\/td>\n<td><\/td>\n<td><\/td>\n<td><\/td>\n<td><\/td>\n<\/tr>\n<tr>\n<td>REY<\/td>\n<td>MARCELA<\/td>\n<td>FEMENINO<\/td>\n<td>46-55<\/td>\n<td>21<\/td>\n<td>12\u00b0<\/td>\n<td>30\u00b0<\/td>\n<td><\/td>\n<td><\/td>\n<\/tr>\n<tr>\n<td><\/td>\n<td><\/td>\n<td><\/td>\n<td><\/td>\n<td><\/td>\n<td><\/td>\n<td><\/td>\n<td><\/td>\n<td><\/td>\n<\/tr>\n<tr>\n<td>FUNK<\/td>\n<td>SERGIO<\/td>\n<td>MASCULINO<\/td>\n<td>36-45<\/td>\n<td>21<\/td>\n<td>2\u00b0<\/td>\n<td>3\u00b0<\/td>\n<td><\/td>\n<td><\/td>\n<\/tr>\n<tr>\n<td>ARECO<\/td>\n<td>ANIBAL<\/td>\n<td>MASCULINO<\/td>\n<td>36-45<\/td>\n<td>21<\/td>\n<td>4\u00b0<\/td>\n<td>6\u00b0<\/td>\n<td><\/td>\n<td><\/td>\n<\/tr>\n<tr>\n<td>LEAL<\/td>\n<td>VICTOR<\/td>\n<td>MASCULINO<\/td>\n<td>36-45<\/td>\n<td>21<\/td>\n<td>5\u00b0<\/td>\n<td>9\u00b0<\/td>\n<td><\/td>\n<td><\/td>\n<\/tr>\n<tr>\n<td>BRITEZ<\/td>\n<td>EGIDIO<\/td>\n<td>MASCULINO<\/td>\n<td>46-55<\/td>\n<td>21<\/td>\n<td>1\u00b0<\/td>\n<td>7\u00b0<\/td>\n<td><\/td>\n<td><\/td>\n<\/tr>\n<tr>\n<td><\/td>\n<td><\/td>\n<td><\/td>\n<td><\/td>\n<td><\/td>\n<td><\/td>\n<td><\/td>\n<td><\/td>\n<td><\/td>\n<\/tr>\n<tr>\n<td colspan=\"9\">NOTA: La representante de sierra de la ventana Marcela Rey compitio los dos dias, sabado recorrio 25 km y el domingo 21 km<\/td>\n<\/tr>\n<\/tbody>\n<\/table>\n","protected":false},"excerpt":{"rendered":"<p>D\u00edas atr\u00e1s se llev\u00f3 a cabo la competencia Cross Trail, durante dos d\u00edas (25k s\u00e1bado y 21k domingo), que va desde Sierra de la Ventana hasta Sadungaray. La carrera con campamento incluido, este a\u00f1o cont\u00f3 con la innovaci\u00f3n del M21, para aquellos que decidieron sumarse solo el d\u00eda domingo. EL M21 cont\u00f3 con distancias \u00fanicas [&hellip;]<\/p>\n","protected":false},"author":1,"featured_media":37719,"comment_status":"closed","ping_status":"open","sticky":false,"template":"","format":"standard","meta":{"footnotes":""},"categories":[55,60,52,63],"tags":[],"class_list":["post-37718","post","type-post","status-publish","format-standard","has-post-thumbnail","hentry","category-celt-tv-noticias","category-deporte","category-destacadas","category-magazine-sport"],"yoast_head":"<!-- This site is optimized with the Yoast SEO plugin v19.7.1 - https:\/\/yoast.com\/wordpress\/plugins\/seo\/ -->\n<title>Pas\u00f3 una nueva edici\u00f3n del Desafio Cross Trail (Fotos y resultados) - CELTTV<\/title>\n<meta name=\"description\" content=\"Sitio web de noticias de la localidad de Tornquist, provincia de Buenos Aires, Rep\u00fablica Argentina. Contenido propio originado por periodistas de CELTTV, el canal de TV local de la Cooperativa El\u00e9ctrica de Tornquist. Turismo, Pol\u00edtica, Sociedad, Deporte, Cultura y todo el contenido de inter\u00e9s general que la gente del pueblo y la regi\u00f3n debe conocer.\" \/>\n<meta name=\"robots\" content=\"index, follow, max-snippet:-1, max-image-preview:large, max-video-preview:-1\" \/>\n<link rel=\"canonical\" href=\"https:\/\/www.celttv.com.ar\/index.php\/2018\/10\/02\/paso-una-nueva-edicion-del-desafio-cross-trail-fotos\/\" \/>\n<meta property=\"og:locale\" content=\"es_ES\" \/>\n<meta property=\"og:type\" content=\"article\" \/>\n<meta property=\"og:title\" content=\"Pas\u00f3 una nueva edici\u00f3n del Desafio Cross Trail (Fotos y resultados) - CELTTV\" \/>\n<meta property=\"og:description\" content=\"Sitio web de noticias de la localidad de Tornquist, provincia de Buenos Aires, Rep\u00fablica Argentina. Contenido propio originado por periodistas de CELTTV, el canal de TV local de la Cooperativa El\u00e9ctrica de Tornquist. Turismo, Pol\u00edtica, Sociedad, Deporte, Cultura y todo el contenido de inter\u00e9s general que la gente del pueblo y la regi\u00f3n debe conocer.\" \/>\n<meta property=\"og:url\" content=\"https:\/\/www.celttv.com.ar\/index.php\/2018\/10\/02\/paso-una-nueva-edicion-del-desafio-cross-trail-fotos\/\" \/>\n<meta property=\"og:site_name\" content=\"CELTTV\" \/>\n<meta property=\"article:publisher\" content=\"https:\/\/www.facebook.com\/celtTV\/\" \/>\n<meta property=\"article:published_time\" content=\"2018-10-02T21:16:43+00:00\" \/>\n<meta property=\"og:image\" content=\"https:\/\/www.celttv.com.ar\/wp-content\/uploads\/2018\/10\/42835092_2676220229269039_1271901277051158528_o.jpg\" \/>\n\t<meta property=\"og:image:width\" content=\"1080\" \/>\n\t<meta property=\"og:image:height\" content=\"580\" \/>\n\t<meta property=\"og:image:type\" content=\"image\/jpeg\" \/>\n<meta name=\"author\" content=\"ulises\" \/>\n<meta name=\"twitter:card\" content=\"summary_large_image\" \/>\n<meta name=\"twitter:label1\" content=\"Escrito por\" \/>\n\t<meta name=\"twitter:data1\" content=\"ulises\" \/>\n\t<meta name=\"twitter:label2\" content=\"Tiempo de lectura\" \/>\n\t<meta name=\"twitter:data2\" content=\"1 minuto\" \/>\n<script type=\"application\/ld+json\" class=\"yoast-schema-graph\">{\"@context\":\"https:\/\/schema.org\",\"@graph\":[{\"@type\":\"NewsArticle\",\"@id\":\"https:\/\/www.celttv.com.ar\/index.php\/2018\/10\/02\/paso-una-nueva-edicion-del-desafio-cross-trail-fotos\/#article\",\"isPartOf\":{\"@id\":\"https:\/\/www.celttv.com.ar\/index.php\/2018\/10\/02\/paso-una-nueva-edicion-del-desafio-cross-trail-fotos\/\"},\"author\":{\"name\":\"ulises\",\"@id\":\"https:\/\/www.celttv.com.ar\/#\/schema\/person\/6d99c072dba59953809c81446e9d0ace\"},\"headline\":\"Pas\u00f3 una nueva edici\u00f3n del Desafio Cross Trail (Fotos y resultados)\",\"datePublished\":\"2018-10-02T21:16:43+00:00\",\"dateModified\":\"2018-10-02T21:16:43+00:00\",\"mainEntityOfPage\":{\"@id\":\"https:\/\/www.celttv.com.ar\/index.php\/2018\/10\/02\/paso-una-nueva-edicion-del-desafio-cross-trail-fotos\/\"},\"wordCount\":235,\"publisher\":{\"@id\":\"https:\/\/www.celttv.com.ar\/#organization\"},\"articleSection\":[\"Celt TV Noticias\",\"Deporte\",\"Destacadas\",\"Magazine Sport\"],\"inLanguage\":\"es\"},{\"@type\":\"WebPage\",\"@id\":\"https:\/\/www.celttv.com.ar\/index.php\/2018\/10\/02\/paso-una-nueva-edicion-del-desafio-cross-trail-fotos\/\",\"url\":\"https:\/\/www.celttv.com.ar\/index.php\/2018\/10\/02\/paso-una-nueva-edicion-del-desafio-cross-trail-fotos\/\",\"name\":\"Pas\u00f3 una nueva edici\u00f3n del Desafio Cross Trail (Fotos y resultados) - CELTTV\",\"isPartOf\":{\"@id\":\"https:\/\/www.celttv.com.ar\/#website\"},\"datePublished\":\"2018-10-02T21:16:43+00:00\",\"dateModified\":\"2018-10-02T21:16:43+00:00\",\"description\":\"Sitio web de noticias de la localidad de Tornquist, provincia de Buenos Aires, Rep\u00fablica Argentina. Contenido propio originado por periodistas de CELTTV, el canal de TV local de la Cooperativa El\u00e9ctrica de Tornquist. Turismo, Pol\u00edtica, Sociedad, Deporte, Cultura y todo el contenido de inter\u00e9s general que la gente del pueblo y la regi\u00f3n debe conocer.\",\"breadcrumb\":{\"@id\":\"https:\/\/www.celttv.com.ar\/index.php\/2018\/10\/02\/paso-una-nueva-edicion-del-desafio-cross-trail-fotos\/#breadcrumb\"},\"inLanguage\":\"es\",\"potentialAction\":[{\"@type\":\"ReadAction\",\"target\":[\"https:\/\/www.celttv.com.ar\/index.php\/2018\/10\/02\/paso-una-nueva-edicion-del-desafio-cross-trail-fotos\/\"]}]},{\"@type\":\"BreadcrumbList\",\"@id\":\"https:\/\/www.celttv.com.ar\/index.php\/2018\/10\/02\/paso-una-nueva-edicion-del-desafio-cross-trail-fotos\/#breadcrumb\",\"itemListElement\":[{\"@type\":\"ListItem\",\"position\":1,\"name\":\"Inicio\",\"item\":\"https:\/\/www.celttv.com.ar\/\"},{\"@type\":\"ListItem\",\"position\":2,\"name\":\"Pas\u00f3 una nueva edici\u00f3n del Desafio Cross Trail (Fotos y resultados)\"}]},{\"@type\":\"WebSite\",\"@id\":\"https:\/\/www.celttv.com.ar\/#website\",\"url\":\"https:\/\/www.celttv.com.ar\/\",\"name\":\"CELTTV\",\"description\":\"Cooperativa El\u00e9ctrica de Tornquist\",\"publisher\":{\"@id\":\"https:\/\/www.celttv.com.ar\/#organization\"},\"potentialAction\":[{\"@type\":\"SearchAction\",\"target\":{\"@type\":\"EntryPoint\",\"urlTemplate\":\"https:\/\/www.celttv.com.ar\/?s={search_term_string}\"},\"query-input\":\"required name=search_term_string\"}],\"inLanguage\":\"es\"},{\"@type\":\"Organization\",\"@id\":\"https:\/\/www.celttv.com.ar\/#organization\",\"name\":\"CELTTV\",\"url\":\"https:\/\/www.celttv.com.ar\/\",\"sameAs\":[\"https:\/\/www.youtube.com\/channel\/UCz_oIt8Hig64Ub-EmcNPIhg\",\"https:\/\/www.facebook.com\/celtTV\/\"],\"logo\":{\"@type\":\"ImageObject\",\"inLanguage\":\"es\",\"@id\":\"https:\/\/www.celttv.com.ar\/#\/schema\/logo\/image\/\",\"url\":\"http:\/\/www.celttv.com.ar\/wp-content\/uploads\/2022\/08\/logo-1.png\",\"contentUrl\":\"http:\/\/www.celttv.com.ar\/wp-content\/uploads\/2022\/08\/logo-1.png\",\"width\":461,\"height\":159,\"caption\":\"CELTTV\"},\"image\":{\"@id\":\"https:\/\/www.celttv.com.ar\/#\/schema\/logo\/image\/\"}},{\"@type\":\"Person\",\"@id\":\"https:\/\/www.celttv.com.ar\/#\/schema\/person\/6d99c072dba59953809c81446e9d0ace\",\"name\":\"ulises\",\"image\":{\"@type\":\"ImageObject\",\"inLanguage\":\"es\",\"@id\":\"https:\/\/www.celttv.com.ar\/#\/schema\/person\/image\/\",\"url\":\"https:\/\/secure.gravatar.com\/avatar\/7f2c48bdc33b30088f941fb6082e555f2874c98e20cb159d7b92b50eadfce793?s=96&d=mm&r=g\",\"contentUrl\":\"https:\/\/secure.gravatar.com\/avatar\/7f2c48bdc33b30088f941fb6082e555f2874c98e20cb159d7b92b50eadfce793?s=96&d=mm&r=g\",\"caption\":\"ulises\"},\"sameAs\":[\"http:\/\/www.celttv.com.ar\"]}]}<\/script>\n<!-- \/ Yoast SEO plugin. -->","yoast_head_json":{"title":"Pas\u00f3 una nueva edici\u00f3n del Desafio Cross Trail (Fotos y resultados) - CELTTV","description":"Sitio web de noticias de la localidad de Tornquist, provincia de Buenos Aires, Rep\u00fablica Argentina. Contenido propio originado por periodistas de CELTTV, el canal de TV local de la Cooperativa El\u00e9ctrica de Tornquist. Turismo, Pol\u00edtica, Sociedad, Deporte, Cultura y todo el contenido de inter\u00e9s general que la gente del pueblo y la regi\u00f3n debe conocer.","robots":{"index":"index","follow":"follow","max-snippet":"max-snippet:-1","max-image-preview":"max-image-preview:large","max-video-preview":"max-video-preview:-1"},"canonical":"https:\/\/www.celttv.com.ar\/index.php\/2018\/10\/02\/paso-una-nueva-edicion-del-desafio-cross-trail-fotos\/","og_locale":"es_ES","og_type":"article","og_title":"Pas\u00f3 una nueva edici\u00f3n del Desafio Cross Trail (Fotos y resultados) - CELTTV","og_description":"Sitio web de noticias de la localidad de Tornquist, provincia de Buenos Aires, Rep\u00fablica Argentina. Contenido propio originado por periodistas de CELTTV, el canal de TV local de la Cooperativa El\u00e9ctrica de Tornquist. Turismo, Pol\u00edtica, Sociedad, Deporte, Cultura y todo el contenido de inter\u00e9s general que la gente del pueblo y la regi\u00f3n debe conocer.","og_url":"https:\/\/www.celttv.com.ar\/index.php\/2018\/10\/02\/paso-una-nueva-edicion-del-desafio-cross-trail-fotos\/","og_site_name":"CELTTV","article_publisher":"https:\/\/www.facebook.com\/celtTV\/","article_published_time":"2018-10-02T21:16:43+00:00","og_image":[{"width":1080,"height":580,"url":"https:\/\/www.celttv.com.ar\/wp-content\/uploads\/2018\/10\/42835092_2676220229269039_1271901277051158528_o.jpg","type":"image\/jpeg"}],"author":"ulises","twitter_card":"summary_large_image","twitter_misc":{"Escrito por":"ulises","Tiempo de lectura":"1 minuto"},"schema":{"@context":"https:\/\/schema.org","@graph":[{"@type":"NewsArticle","@id":"https:\/\/www.celttv.com.ar\/index.php\/2018\/10\/02\/paso-una-nueva-edicion-del-desafio-cross-trail-fotos\/#article","isPartOf":{"@id":"https:\/\/www.celttv.com.ar\/index.php\/2018\/10\/02\/paso-una-nueva-edicion-del-desafio-cross-trail-fotos\/"},"author":{"name":"ulises","@id":"https:\/\/www.celttv.com.ar\/#\/schema\/person\/6d99c072dba59953809c81446e9d0ace"},"headline":"Pas\u00f3 una nueva edici\u00f3n del Desafio Cross Trail (Fotos y resultados)","datePublished":"2018-10-02T21:16:43+00:00","dateModified":"2018-10-02T21:16:43+00:00","mainEntityOfPage":{"@id":"https:\/\/www.celttv.com.ar\/index.php\/2018\/10\/02\/paso-una-nueva-edicion-del-desafio-cross-trail-fotos\/"},"wordCount":235,"publisher":{"@id":"https:\/\/www.celttv.com.ar\/#organization"},"articleSection":["Celt TV Noticias","Deporte","Destacadas","Magazine Sport"],"inLanguage":"es"},{"@type":"WebPage","@id":"https:\/\/www.celttv.com.ar\/index.php\/2018\/10\/02\/paso-una-nueva-edicion-del-desafio-cross-trail-fotos\/","url":"https:\/\/www.celttv.com.ar\/index.php\/2018\/10\/02\/paso-una-nueva-edicion-del-desafio-cross-trail-fotos\/","name":"Pas\u00f3 una nueva edici\u00f3n del Desafio Cross Trail (Fotos y resultados) - CELTTV","isPartOf":{"@id":"https:\/\/www.celttv.com.ar\/#website"},"datePublished":"2018-10-02T21:16:43+00:00","dateModified":"2018-10-02T21:16:43+00:00","description":"Sitio web de noticias de la localidad de Tornquist, provincia de Buenos Aires, Rep\u00fablica Argentina. Contenido propio originado por periodistas de CELTTV, el canal de TV local de la Cooperativa El\u00e9ctrica de Tornquist. Turismo, Pol\u00edtica, Sociedad, Deporte, Cultura y todo el contenido de inter\u00e9s general que la gente del pueblo y la regi\u00f3n debe conocer.","breadcrumb":{"@id":"https:\/\/www.celttv.com.ar\/index.php\/2018\/10\/02\/paso-una-nueva-edicion-del-desafio-cross-trail-fotos\/#breadcrumb"},"inLanguage":"es","potentialAction":[{"@type":"ReadAction","target":["https:\/\/www.celttv.com.ar\/index.php\/2018\/10\/02\/paso-una-nueva-edicion-del-desafio-cross-trail-fotos\/"]}]},{"@type":"BreadcrumbList","@id":"https:\/\/www.celttv.com.ar\/index.php\/2018\/10\/02\/paso-una-nueva-edicion-del-desafio-cross-trail-fotos\/#breadcrumb","itemListElement":[{"@type":"ListItem","position":1,"name":"Inicio","item":"https:\/\/www.celttv.com.ar\/"},{"@type":"ListItem","position":2,"name":"Pas\u00f3 una nueva edici\u00f3n del Desafio Cross Trail (Fotos y resultados)"}]},{"@type":"WebSite","@id":"https:\/\/www.celttv.com.ar\/#website","url":"https:\/\/www.celttv.com.ar\/","name":"CELTTV","description":"Cooperativa El\u00e9ctrica de Tornquist","publisher":{"@id":"https:\/\/www.celttv.com.ar\/#organization"},"potentialAction":[{"@type":"SearchAction","target":{"@type":"EntryPoint","urlTemplate":"https:\/\/www.celttv.com.ar\/?s={search_term_string}"},"query-input":"required name=search_term_string"}],"inLanguage":"es"},{"@type":"Organization","@id":"https:\/\/www.celttv.com.ar\/#organization","name":"CELTTV","url":"https:\/\/www.celttv.com.ar\/","sameAs":["https:\/\/www.youtube.com\/channel\/UCz_oIt8Hig64Ub-EmcNPIhg","https:\/\/www.facebook.com\/celtTV\/"],"logo":{"@type":"ImageObject","inLanguage":"es","@id":"https:\/\/www.celttv.com.ar\/#\/schema\/logo\/image\/","url":"http:\/\/www.celttv.com.ar\/wp-content\/uploads\/2022\/08\/logo-1.png","contentUrl":"http:\/\/www.celttv.com.ar\/wp-content\/uploads\/2022\/08\/logo-1.png","width":461,"height":159,"caption":"CELTTV"},"image":{"@id":"https:\/\/www.celttv.com.ar\/#\/schema\/logo\/image\/"}},{"@type":"Person","@id":"https:\/\/www.celttv.com.ar\/#\/schema\/person\/6d99c072dba59953809c81446e9d0ace","name":"ulises","image":{"@type":"ImageObject","inLanguage":"es","@id":"https:\/\/www.celttv.com.ar\/#\/schema\/person\/image\/","url":"https:\/\/secure.gravatar.com\/avatar\/7f2c48bdc33b30088f941fb6082e555f2874c98e20cb159d7b92b50eadfce793?s=96&d=mm&r=g","contentUrl":"https:\/\/secure.gravatar.com\/avatar\/7f2c48bdc33b30088f941fb6082e555f2874c98e20cb159d7b92b50eadfce793?s=96&d=mm&r=g","caption":"ulises"},"sameAs":["http:\/\/www.celttv.com.ar"]}]}},"_links":{"self":[{"href":"https:\/\/www.celttv.com.ar\/index.php\/wp-json\/wp\/v2\/posts\/37718","targetHints":{"allow":["GET"]}}],"collection":[{"href":"https:\/\/www.celttv.com.ar\/index.php\/wp-json\/wp\/v2\/posts"}],"about":[{"href":"https:\/\/www.celttv.com.ar\/index.php\/wp-json\/wp\/v2\/types\/post"}],"author":[{"embeddable":true,"href":"https:\/\/www.celttv.com.ar\/index.php\/wp-json\/wp\/v2\/users\/1"}],"replies":[{"embeddable":true,"href":"https:\/\/www.celttv.com.ar\/index.php\/wp-json\/wp\/v2\/comments?post=37718"}],"version-history":[{"count":0,"href":"https:\/\/www.celttv.com.ar\/index.php\/wp-json\/wp\/v2\/posts\/37718\/revisions"}],"wp:featuredmedia":[{"embeddable":true,"href":"https:\/\/www.celttv.com.ar\/index.php\/wp-json\/wp\/v2\/media\/37719"}],"wp:attachment":[{"href":"https:\/\/www.celttv.com.ar\/index.php\/wp-json\/wp\/v2\/media?parent=37718"}],"wp:term":[{"taxonomy":"category","embeddable":true,"href":"https:\/\/www.celttv.com.ar\/index.php\/wp-json\/wp\/v2\/categories?post=37718"},{"taxonomy":"post_tag","embeddable":true,"href":"https:\/\/www.celttv.com.ar\/index.php\/wp-json\/wp\/v2\/tags?post=37718"}],"curies":[{"name":"wp","href":"https:\/\/api.w.org\/{rel}","templated":true}]}}