{"id":37762,"date":"2018-10-04T12:57:02","date_gmt":"2018-10-04T12:57:02","guid":{"rendered":"http:\/\/www.celttv.com.ar\/?p=37762"},"modified":"2018-10-04T12:57:02","modified_gmt":"2018-10-04T12:57:02","slug":"tornquist-presente-en-la-cocina-en-vivo-de-la-fit","status":"publish","type":"post","link":"https:\/\/www.celttv.com.ar\/index.php\/2018\/10\/04\/tornquist-presente-en-la-cocina-en-vivo-de-la-fit\/","title":{"rendered":"TORNQUIST PRESENTE EN LA COCINA EN VIVO DE LA FIT"},"content":{"rendered":"<div id='gallery_1' class='gallery galleryid-37762 gallery-columns-3 gallery-size-medium'><figure class='gallery-item'>\n            <div class='gallery-icon landscape'>\n                <a href='https:\/\/www.celttv.com.ar\/wp-content\/uploads\/2018\/10\/COCINA-1.jpeg'><img loading=\"lazy\" decoding=\"async\" width=\"300\" height=\"225\" src=\"\" class=\"attachment-medium size-medium lazyload\" alt=\"\" data-src=\"https:\/\/www.celttv.com.ar\/wp-content\/uploads\/2018\/10\/COCINA-1-300x225.jpeg\" data-sizes=\"auto\" data-srcset=\"https:\/\/www.celttv.com.ar\/wp-content\/uploads\/2018\/10\/COCINA-1-300x225.jpeg 300w, https:\/\/www.celttv.com.ar\/wp-content\/uploads\/2018\/10\/COCINA-1-1024x768.jpeg 1024w, https:\/\/www.celttv.com.ar\/wp-content\/uploads\/2018\/10\/COCINA-1-768x576.jpeg 768w, https:\/\/www.celttv.com.ar\/wp-content\/uploads\/2018\/10\/COCINA-1-750x563.jpeg 750w, https:\/\/www.celttv.com.ar\/wp-content\/uploads\/2018\/10\/COCINA-1-1140x855.jpeg 1140w, https:\/\/www.celttv.com.ar\/wp-content\/uploads\/2018\/10\/COCINA-1.jpeg 1280w\" data-expand=\"700\" \/><\/a>\n            <\/div><\/figure><figure class='gallery-item'>\n            <div class='gallery-icon landscape'>\n                <a href='https:\/\/www.celttv.com.ar\/wp-content\/uploads\/2018\/10\/WhatsApp-Image-2018-10-02-at-13.09.06.jpeg'><img loading=\"lazy\" decoding=\"async\" width=\"300\" height=\"225\" src=\"\" class=\"attachment-medium size-medium lazyload\" alt=\"\" data-src=\"https:\/\/www.celttv.com.ar\/wp-content\/uploads\/2018\/10\/WhatsApp-Image-2018-10-02-at-13.09.06-300x225.jpeg\" data-sizes=\"auto\" data-srcset=\"https:\/\/www.celttv.com.ar\/wp-content\/uploads\/2018\/10\/WhatsApp-Image-2018-10-02-at-13.09.06-300x225.jpeg 300w, https:\/\/www.celttv.com.ar\/wp-content\/uploads\/2018\/10\/WhatsApp-Image-2018-10-02-at-13.09.06-1024x768.jpeg 1024w, https:\/\/www.celttv.com.ar\/wp-content\/uploads\/2018\/10\/WhatsApp-Image-2018-10-02-at-13.09.06-768x576.jpeg 768w, https:\/\/www.celttv.com.ar\/wp-content\/uploads\/2018\/10\/WhatsApp-Image-2018-10-02-at-13.09.06-750x563.jpeg 750w, https:\/\/www.celttv.com.ar\/wp-content\/uploads\/2018\/10\/WhatsApp-Image-2018-10-02-at-13.09.06-1140x855.jpeg 1140w, https:\/\/www.celttv.com.ar\/wp-content\/uploads\/2018\/10\/WhatsApp-Image-2018-10-02-at-13.09.06.jpeg 1280w\" data-expand=\"700\" \/><\/a>\n            <\/div><\/figure><figure class='gallery-item'>\n            <div class='gallery-icon landscape'>\n                <a href='https:\/\/www.celttv.com.ar\/wp-content\/uploads\/2018\/10\/WhatsApp-Image-2018-10-02-at-13.09.51.jpeg'><img loading=\"lazy\" decoding=\"async\" width=\"300\" height=\"225\" src=\"\" class=\"attachment-medium size-medium lazyload\" alt=\"\" data-src=\"https:\/\/www.celttv.com.ar\/wp-content\/uploads\/2018\/10\/WhatsApp-Image-2018-10-02-at-13.09.51-300x225.jpeg\" data-sizes=\"auto\" data-srcset=\"https:\/\/www.celttv.com.ar\/wp-content\/uploads\/2018\/10\/WhatsApp-Image-2018-10-02-at-13.09.51-300x225.jpeg 300w, https:\/\/www.celttv.com.ar\/wp-content\/uploads\/2018\/10\/WhatsApp-Image-2018-10-02-at-13.09.51-1024x768.jpeg 1024w, https:\/\/www.celttv.com.ar\/wp-content\/uploads\/2018\/10\/WhatsApp-Image-2018-10-02-at-13.09.51-768x576.jpeg 768w, https:\/\/www.celttv.com.ar\/wp-content\/uploads\/2018\/10\/WhatsApp-Image-2018-10-02-at-13.09.51-750x563.jpeg 750w, https:\/\/www.celttv.com.ar\/wp-content\/uploads\/2018\/10\/WhatsApp-Image-2018-10-02-at-13.09.51-1140x855.jpeg 1140w, https:\/\/www.celttv.com.ar\/wp-content\/uploads\/2018\/10\/WhatsApp-Image-2018-10-02-at-13.09.51.jpeg 1280w\" data-expand=\"700\" \/><\/a>\n            <\/div><\/figure><br style=\"clear: both\" \/><figure class='gallery-item'>\n            <div class='gallery-icon portrait'>\n                <a href='https:\/\/www.celttv.com.ar\/wp-content\/uploads\/2018\/10\/WhatsApp-Image-2018-10-02-at-13.11.11.jpeg'><img loading=\"lazy\" decoding=\"async\" width=\"225\" height=\"300\" src=\"\" class=\"attachment-medium size-medium lazyload\" alt=\"\" data-src=\"https:\/\/www.celttv.com.ar\/wp-content\/uploads\/2018\/10\/WhatsApp-Image-2018-10-02-at-13.11.11-225x300.jpeg\" data-sizes=\"auto\" data-srcset=\"https:\/\/www.celttv.com.ar\/wp-content\/uploads\/2018\/10\/WhatsApp-Image-2018-10-02-at-13.11.11-225x300.jpeg 225w, https:\/\/www.celttv.com.ar\/wp-content\/uploads\/2018\/10\/WhatsApp-Image-2018-10-02-at-13.11.11-768x1024.jpeg 768w, https:\/\/www.celttv.com.ar\/wp-content\/uploads\/2018\/10\/WhatsApp-Image-2018-10-02-at-13.11.11-750x1000.jpeg 750w, https:\/\/www.celttv.com.ar\/wp-content\/uploads\/2018\/10\/WhatsApp-Image-2018-10-02-at-13.11.11.jpeg 960w\" data-expand=\"700\" \/><\/a>\n            <\/div><\/figure><figure class='gallery-item'>\n            <div class='gallery-icon portrait'>\n                <a href='https:\/\/www.celttv.com.ar\/wp-content\/uploads\/2018\/10\/WhatsApp-Image-2018-10-02-at-13.11.13-1.jpeg'><img loading=\"lazy\" decoding=\"async\" width=\"225\" height=\"300\" src=\"\" class=\"attachment-medium size-medium lazyload\" alt=\"\" data-src=\"https:\/\/www.celttv.com.ar\/wp-content\/uploads\/2018\/10\/WhatsApp-Image-2018-10-02-at-13.11.13-1-225x300.jpeg\" data-sizes=\"auto\" data-srcset=\"https:\/\/www.celttv.com.ar\/wp-content\/uploads\/2018\/10\/WhatsApp-Image-2018-10-02-at-13.11.13-1-225x300.jpeg 225w, https:\/\/www.celttv.com.ar\/wp-content\/uploads\/2018\/10\/WhatsApp-Image-2018-10-02-at-13.11.13-1-768x1024.jpeg 768w, https:\/\/www.celttv.com.ar\/wp-content\/uploads\/2018\/10\/WhatsApp-Image-2018-10-02-at-13.11.13-1-750x1000.jpeg 750w, https:\/\/www.celttv.com.ar\/wp-content\/uploads\/2018\/10\/WhatsApp-Image-2018-10-02-at-13.11.13-1.jpeg 960w\" data-expand=\"700\" \/><\/a>\n            <\/div><\/figure><figure class='gallery-item'>\n            <div class='gallery-icon landscape'>\n                <a href='https:\/\/www.celttv.com.ar\/wp-content\/uploads\/2018\/10\/WhatsApp-Image-2018-10-02-at-13.11.13-2.jpeg'><img loading=\"lazy\" decoding=\"async\" width=\"300\" height=\"225\" src=\"\" class=\"attachment-medium size-medium lazyload\" alt=\"\" data-src=\"https:\/\/www.celttv.com.ar\/wp-content\/uploads\/2018\/10\/WhatsApp-Image-2018-10-02-at-13.11.13-2-300x225.jpeg\" data-sizes=\"auto\" data-srcset=\"https:\/\/www.celttv.com.ar\/wp-content\/uploads\/2018\/10\/WhatsApp-Image-2018-10-02-at-13.11.13-2-300x225.jpeg 300w, https:\/\/www.celttv.com.ar\/wp-content\/uploads\/2018\/10\/WhatsApp-Image-2018-10-02-at-13.11.13-2-1024x768.jpeg 1024w, https:\/\/www.celttv.com.ar\/wp-content\/uploads\/2018\/10\/WhatsApp-Image-2018-10-02-at-13.11.13-2-768x576.jpeg 768w, https:\/\/www.celttv.com.ar\/wp-content\/uploads\/2018\/10\/WhatsApp-Image-2018-10-02-at-13.11.13-2-750x563.jpeg 750w, https:\/\/www.celttv.com.ar\/wp-content\/uploads\/2018\/10\/WhatsApp-Image-2018-10-02-at-13.11.13-2-1140x855.jpeg 1140w, https:\/\/www.celttv.com.ar\/wp-content\/uploads\/2018\/10\/WhatsApp-Image-2018-10-02-at-13.11.13-2.jpeg 1280w\" data-expand=\"700\" \/><\/a>\n            <\/div><\/figure><br style=\"clear: both\" \/><figure class='gallery-item'>\n            <div class='gallery-icon landscape'>\n                <a href='https:\/\/www.celttv.com.ar\/wp-content\/uploads\/2018\/10\/WhatsApp-Image-2018-10-02-at-13.11.13.jpeg'><img loading=\"lazy\" decoding=\"async\" width=\"300\" height=\"225\" src=\"\" class=\"attachment-medium size-medium lazyload\" alt=\"\" data-src=\"https:\/\/www.celttv.com.ar\/wp-content\/uploads\/2018\/10\/WhatsApp-Image-2018-10-02-at-13.11.13-300x225.jpeg\" data-sizes=\"auto\" data-srcset=\"https:\/\/www.celttv.com.ar\/wp-content\/uploads\/2018\/10\/WhatsApp-Image-2018-10-02-at-13.11.13-300x225.jpeg 300w, https:\/\/www.celttv.com.ar\/wp-content\/uploads\/2018\/10\/WhatsApp-Image-2018-10-02-at-13.11.13-1024x768.jpeg 1024w, https:\/\/www.celttv.com.ar\/wp-content\/uploads\/2018\/10\/WhatsApp-Image-2018-10-02-at-13.11.13-768x576.jpeg 768w, https:\/\/www.celttv.com.ar\/wp-content\/uploads\/2018\/10\/WhatsApp-Image-2018-10-02-at-13.11.13-750x563.jpeg 750w, https:\/\/www.celttv.com.ar\/wp-content\/uploads\/2018\/10\/WhatsApp-Image-2018-10-02-at-13.11.13-1140x855.jpeg 1140w, https:\/\/www.celttv.com.ar\/wp-content\/uploads\/2018\/10\/WhatsApp-Image-2018-10-02-at-13.11.13.jpeg 1280w\" data-expand=\"700\" \/><\/a>\n            <\/div><\/figure>\n            <br style='clear: both' \/>\n        <\/div>\n\n<p style=\"font-weight: 400;\"><strong>Nuestro distrito form\u00f3 parte de unos de los atractivos de la tradicional feria de turismo, se trata de la clase de cocina en vivo.<\/strong><\/p>\n<p style=\"font-weight: 400;\"><strong>En esta oportunidad estuvo a cargo del reconocido chef\u00a0\u00a0Francisco Taberna de Master Chef, quien prepar\u00f3 un rag\u00fa de cordero con productos de la zona.<\/strong><\/p>\n<p style=\"font-weight: 400;\"><strong>Uno de los momentos especiales fue la presencia de Marcos Pe\u00f1a, Jefe de Gabinete; del Ministro de Producci\u00f3n de la provincia, Javier TIZADO\u00a0\u00a0y del titular de la cartera de Turismo de la Naci\u00f3n, Gustavo Santos, quienes, adem\u00e1s participaron de la degustaci\u00f3n de las tradicionales picadas de diferentes fiambres y alfajores de la comarca, momento en que nuestra gastronom\u00eda local se luci\u00f3.<\/strong><\/p>\n<p style=\"font-weight: 400;\"><strong>La degustaci\u00f3n y la promoci\u00f3n de nuestras bellezas fueron, en esta oportunidad, uno de los protagonistas de la feria, lo que refleja el trabajo de fortalecimiento de la gesti\u00f3n tur\u00edstica municipal que se viene desarrollando.<\/strong><\/p>\n","protected":false},"excerpt":{"rendered":"<p>Nuestro distrito form\u00f3 parte de unos de los atractivos de la tradicional feria de turismo, se trata de la clase de cocina en vivo. En esta oportunidad estuvo a cargo del reconocido chef\u00a0\u00a0Francisco Taberna de Master Chef, quien prepar\u00f3 un rag\u00fa de cordero con productos de la zona. Uno de los momentos especiales fue la [&hellip;]<\/p>\n","protected":false},"author":1,"featured_media":37769,"comment_status":"closed","ping_status":"open","sticky":false,"template":"","format":"standard","meta":{"footnotes":""},"categories":[52,58],"tags":[],"class_list":["post-37762","post","type-post","status-publish","format-standard","has-post-thumbnail","hentry","category-destacadas","category-turismo"],"yoast_head":"<!-- This site is optimized with the Yoast SEO plugin v19.7.1 - https:\/\/yoast.com\/wordpress\/plugins\/seo\/ -->\n<title>TORNQUIST PRESENTE EN LA COCINA EN VIVO DE LA FIT - CELTTV<\/title>\n<meta name=\"description\" content=\"Sitio web de noticias de la localidad de Tornquist, provincia de Buenos Aires, Rep\u00fablica Argentina. Contenido propio originado por periodistas de CELTTV, el canal de TV local de la Cooperativa El\u00e9ctrica de Tornquist. Turismo, Pol\u00edtica, Sociedad, Deporte, Cultura y todo el contenido de inter\u00e9s general que la gente del pueblo y la regi\u00f3n debe conocer.\" \/>\n<meta name=\"robots\" content=\"index, follow, max-snippet:-1, max-image-preview:large, max-video-preview:-1\" \/>\n<link rel=\"canonical\" href=\"https:\/\/www.celttv.com.ar\/index.php\/2018\/10\/04\/tornquist-presente-en-la-cocina-en-vivo-de-la-fit\/\" \/>\n<meta property=\"og:locale\" content=\"es_ES\" \/>\n<meta property=\"og:type\" content=\"article\" \/>\n<meta property=\"og:title\" content=\"TORNQUIST PRESENTE EN LA COCINA EN VIVO DE LA FIT - CELTTV\" \/>\n<meta property=\"og:description\" content=\"Sitio web de noticias de la localidad de Tornquist, provincia de Buenos Aires, Rep\u00fablica Argentina. Contenido propio originado por periodistas de CELTTV, el canal de TV local de la Cooperativa El\u00e9ctrica de Tornquist. Turismo, Pol\u00edtica, Sociedad, Deporte, Cultura y todo el contenido de inter\u00e9s general que la gente del pueblo y la regi\u00f3n debe conocer.\" \/>\n<meta property=\"og:url\" content=\"https:\/\/www.celttv.com.ar\/index.php\/2018\/10\/04\/tornquist-presente-en-la-cocina-en-vivo-de-la-fit\/\" \/>\n<meta property=\"og:site_name\" content=\"CELTTV\" \/>\n<meta property=\"article:publisher\" content=\"https:\/\/www.facebook.com\/celtTV\/\" \/>\n<meta property=\"article:published_time\" content=\"2018-10-04T12:57:02+00:00\" \/>\n<meta property=\"og:image\" content=\"https:\/\/www.celttv.com.ar\/wp-content\/uploads\/2018\/10\/WhatsApp-Image-2018-10-02-at-13.11.13-2.jpeg\" \/>\n\t<meta property=\"og:image:width\" content=\"1280\" \/>\n\t<meta property=\"og:image:height\" content=\"960\" \/>\n\t<meta property=\"og:image:type\" content=\"image\/jpeg\" \/>\n<meta name=\"author\" content=\"ulises\" \/>\n<meta name=\"twitter:card\" content=\"summary_large_image\" \/>\n<meta name=\"twitter:label1\" content=\"Escrito por\" \/>\n\t<meta name=\"twitter:data1\" content=\"ulises\" \/>\n\t<meta name=\"twitter:label2\" content=\"Tiempo de lectura\" \/>\n\t<meta name=\"twitter:data2\" content=\"1 minuto\" \/>\n<script type=\"application\/ld+json\" class=\"yoast-schema-graph\">{\"@context\":\"https:\/\/schema.org\",\"@graph\":[{\"@type\":\"NewsArticle\",\"@id\":\"https:\/\/www.celttv.com.ar\/index.php\/2018\/10\/04\/tornquist-presente-en-la-cocina-en-vivo-de-la-fit\/#article\",\"isPartOf\":{\"@id\":\"https:\/\/www.celttv.com.ar\/index.php\/2018\/10\/04\/tornquist-presente-en-la-cocina-en-vivo-de-la-fit\/\"},\"author\":{\"name\":\"ulises\",\"@id\":\"https:\/\/www.celttv.com.ar\/#\/schema\/person\/6d99c072dba59953809c81446e9d0ace\"},\"headline\":\"TORNQUIST PRESENTE EN LA COCINA EN VIVO DE LA FIT\",\"datePublished\":\"2018-10-04T12:57:02+00:00\",\"dateModified\":\"2018-10-04T12:57:02+00:00\",\"mainEntityOfPage\":{\"@id\":\"https:\/\/www.celttv.com.ar\/index.php\/2018\/10\/04\/tornquist-presente-en-la-cocina-en-vivo-de-la-fit\/\"},\"wordCount\":170,\"publisher\":{\"@id\":\"https:\/\/www.celttv.com.ar\/#organization\"},\"articleSection\":[\"Destacadas\",\"Turismo\"],\"inLanguage\":\"es\"},{\"@type\":\"WebPage\",\"@id\":\"https:\/\/www.celttv.com.ar\/index.php\/2018\/10\/04\/tornquist-presente-en-la-cocina-en-vivo-de-la-fit\/\",\"url\":\"https:\/\/www.celttv.com.ar\/index.php\/2018\/10\/04\/tornquist-presente-en-la-cocina-en-vivo-de-la-fit\/\",\"name\":\"TORNQUIST PRESENTE EN LA COCINA EN VIVO DE LA FIT - CELTTV\",\"isPartOf\":{\"@id\":\"https:\/\/www.celttv.com.ar\/#website\"},\"datePublished\":\"2018-10-04T12:57:02+00:00\",\"dateModified\":\"2018-10-04T12:57:02+00:00\",\"description\":\"Sitio web de noticias de la localidad de Tornquist, provincia de Buenos Aires, Rep\u00fablica Argentina. Contenido propio originado por periodistas de CELTTV, el canal de TV local de la Cooperativa El\u00e9ctrica de Tornquist. Turismo, Pol\u00edtica, Sociedad, Deporte, Cultura y todo el contenido de inter\u00e9s general que la gente del pueblo y la regi\u00f3n debe conocer.\",\"breadcrumb\":{\"@id\":\"https:\/\/www.celttv.com.ar\/index.php\/2018\/10\/04\/tornquist-presente-en-la-cocina-en-vivo-de-la-fit\/#breadcrumb\"},\"inLanguage\":\"es\",\"potentialAction\":[{\"@type\":\"ReadAction\",\"target\":[\"https:\/\/www.celttv.com.ar\/index.php\/2018\/10\/04\/tornquist-presente-en-la-cocina-en-vivo-de-la-fit\/\"]}]},{\"@type\":\"BreadcrumbList\",\"@id\":\"https:\/\/www.celttv.com.ar\/index.php\/2018\/10\/04\/tornquist-presente-en-la-cocina-en-vivo-de-la-fit\/#breadcrumb\",\"itemListElement\":[{\"@type\":\"ListItem\",\"position\":1,\"name\":\"Inicio\",\"item\":\"https:\/\/www.celttv.com.ar\/\"},{\"@type\":\"ListItem\",\"position\":2,\"name\":\"TORNQUIST PRESENTE EN LA COCINA EN VIVO DE LA FIT\"}]},{\"@type\":\"WebSite\",\"@id\":\"https:\/\/www.celttv.com.ar\/#website\",\"url\":\"https:\/\/www.celttv.com.ar\/\",\"name\":\"CELTTV\",\"description\":\"Cooperativa El\u00e9ctrica de Tornquist\",\"publisher\":{\"@id\":\"https:\/\/www.celttv.com.ar\/#organization\"},\"potentialAction\":[{\"@type\":\"SearchAction\",\"target\":{\"@type\":\"EntryPoint\",\"urlTemplate\":\"https:\/\/www.celttv.com.ar\/?s={search_term_string}\"},\"query-input\":\"required name=search_term_string\"}],\"inLanguage\":\"es\"},{\"@type\":\"Organization\",\"@id\":\"https:\/\/www.celttv.com.ar\/#organization\",\"name\":\"CELTTV\",\"url\":\"https:\/\/www.celttv.com.ar\/\",\"sameAs\":[\"https:\/\/www.youtube.com\/channel\/UCz_oIt8Hig64Ub-EmcNPIhg\",\"https:\/\/www.facebook.com\/celtTV\/\"],\"logo\":{\"@type\":\"ImageObject\",\"inLanguage\":\"es\",\"@id\":\"https:\/\/www.celttv.com.ar\/#\/schema\/logo\/image\/\",\"url\":\"http:\/\/www.celttv.com.ar\/wp-content\/uploads\/2022\/08\/logo-1.png\",\"contentUrl\":\"http:\/\/www.celttv.com.ar\/wp-content\/uploads\/2022\/08\/logo-1.png\",\"width\":461,\"height\":159,\"caption\":\"CELTTV\"},\"image\":{\"@id\":\"https:\/\/www.celttv.com.ar\/#\/schema\/logo\/image\/\"}},{\"@type\":\"Person\",\"@id\":\"https:\/\/www.celttv.com.ar\/#\/schema\/person\/6d99c072dba59953809c81446e9d0ace\",\"name\":\"ulises\",\"image\":{\"@type\":\"ImageObject\",\"inLanguage\":\"es\",\"@id\":\"https:\/\/www.celttv.com.ar\/#\/schema\/person\/image\/\",\"url\":\"https:\/\/secure.gravatar.com\/avatar\/7f2c48bdc33b30088f941fb6082e555f2874c98e20cb159d7b92b50eadfce793?s=96&d=mm&r=g\",\"contentUrl\":\"https:\/\/secure.gravatar.com\/avatar\/7f2c48bdc33b30088f941fb6082e555f2874c98e20cb159d7b92b50eadfce793?s=96&d=mm&r=g\",\"caption\":\"ulises\"},\"sameAs\":[\"http:\/\/www.celttv.com.ar\"]}]}<\/script>\n<!-- \/ Yoast SEO plugin. -->","yoast_head_json":{"title":"TORNQUIST PRESENTE EN LA COCINA EN VIVO DE LA FIT - CELTTV","description":"Sitio web de noticias de la localidad de Tornquist, provincia de Buenos Aires, Rep\u00fablica Argentina. Contenido propio originado por periodistas de CELTTV, el canal de TV local de la Cooperativa El\u00e9ctrica de Tornquist. Turismo, Pol\u00edtica, Sociedad, Deporte, Cultura y todo el contenido de inter\u00e9s general que la gente del pueblo y la regi\u00f3n debe conocer.","robots":{"index":"index","follow":"follow","max-snippet":"max-snippet:-1","max-image-preview":"max-image-preview:large","max-video-preview":"max-video-preview:-1"},"canonical":"https:\/\/www.celttv.com.ar\/index.php\/2018\/10\/04\/tornquist-presente-en-la-cocina-en-vivo-de-la-fit\/","og_locale":"es_ES","og_type":"article","og_title":"TORNQUIST PRESENTE EN LA COCINA EN VIVO DE LA FIT - CELTTV","og_description":"Sitio web de noticias de la localidad de Tornquist, provincia de Buenos Aires, Rep\u00fablica Argentina. Contenido propio originado por periodistas de CELTTV, el canal de TV local de la Cooperativa El\u00e9ctrica de Tornquist. Turismo, Pol\u00edtica, Sociedad, Deporte, Cultura y todo el contenido de inter\u00e9s general que la gente del pueblo y la regi\u00f3n debe conocer.","og_url":"https:\/\/www.celttv.com.ar\/index.php\/2018\/10\/04\/tornquist-presente-en-la-cocina-en-vivo-de-la-fit\/","og_site_name":"CELTTV","article_publisher":"https:\/\/www.facebook.com\/celtTV\/","article_published_time":"2018-10-04T12:57:02+00:00","og_image":[{"width":1280,"height":960,"url":"https:\/\/www.celttv.com.ar\/wp-content\/uploads\/2018\/10\/WhatsApp-Image-2018-10-02-at-13.11.13-2.jpeg","type":"image\/jpeg"}],"author":"ulises","twitter_card":"summary_large_image","twitter_misc":{"Escrito por":"ulises","Tiempo de lectura":"1 minuto"},"schema":{"@context":"https:\/\/schema.org","@graph":[{"@type":"NewsArticle","@id":"https:\/\/www.celttv.com.ar\/index.php\/2018\/10\/04\/tornquist-presente-en-la-cocina-en-vivo-de-la-fit\/#article","isPartOf":{"@id":"https:\/\/www.celttv.com.ar\/index.php\/2018\/10\/04\/tornquist-presente-en-la-cocina-en-vivo-de-la-fit\/"},"author":{"name":"ulises","@id":"https:\/\/www.celttv.com.ar\/#\/schema\/person\/6d99c072dba59953809c81446e9d0ace"},"headline":"TORNQUIST PRESENTE EN LA COCINA EN VIVO DE LA FIT","datePublished":"2018-10-04T12:57:02+00:00","dateModified":"2018-10-04T12:57:02+00:00","mainEntityOfPage":{"@id":"https:\/\/www.celttv.com.ar\/index.php\/2018\/10\/04\/tornquist-presente-en-la-cocina-en-vivo-de-la-fit\/"},"wordCount":170,"publisher":{"@id":"https:\/\/www.celttv.com.ar\/#organization"},"articleSection":["Destacadas","Turismo"],"inLanguage":"es"},{"@type":"WebPage","@id":"https:\/\/www.celttv.com.ar\/index.php\/2018\/10\/04\/tornquist-presente-en-la-cocina-en-vivo-de-la-fit\/","url":"https:\/\/www.celttv.com.ar\/index.php\/2018\/10\/04\/tornquist-presente-en-la-cocina-en-vivo-de-la-fit\/","name":"TORNQUIST PRESENTE EN LA COCINA EN VIVO DE LA FIT - CELTTV","isPartOf":{"@id":"https:\/\/www.celttv.com.ar\/#website"},"datePublished":"2018-10-04T12:57:02+00:00","dateModified":"2018-10-04T12:57:02+00:00","description":"Sitio web de noticias de la localidad de Tornquist, provincia de Buenos Aires, Rep\u00fablica Argentina. Contenido propio originado por periodistas de CELTTV, el canal de TV local de la Cooperativa El\u00e9ctrica de Tornquist. Turismo, Pol\u00edtica, Sociedad, Deporte, Cultura y todo el contenido de inter\u00e9s general que la gente del pueblo y la regi\u00f3n debe conocer.","breadcrumb":{"@id":"https:\/\/www.celttv.com.ar\/index.php\/2018\/10\/04\/tornquist-presente-en-la-cocina-en-vivo-de-la-fit\/#breadcrumb"},"inLanguage":"es","potentialAction":[{"@type":"ReadAction","target":["https:\/\/www.celttv.com.ar\/index.php\/2018\/10\/04\/tornquist-presente-en-la-cocina-en-vivo-de-la-fit\/"]}]},{"@type":"BreadcrumbList","@id":"https:\/\/www.celttv.com.ar\/index.php\/2018\/10\/04\/tornquist-presente-en-la-cocina-en-vivo-de-la-fit\/#breadcrumb","itemListElement":[{"@type":"ListItem","position":1,"name":"Inicio","item":"https:\/\/www.celttv.com.ar\/"},{"@type":"ListItem","position":2,"name":"TORNQUIST PRESENTE EN LA COCINA EN VIVO DE LA FIT"}]},{"@type":"WebSite","@id":"https:\/\/www.celttv.com.ar\/#website","url":"https:\/\/www.celttv.com.ar\/","name":"CELTTV","description":"Cooperativa El\u00e9ctrica de Tornquist","publisher":{"@id":"https:\/\/www.celttv.com.ar\/#organization"},"potentialAction":[{"@type":"SearchAction","target":{"@type":"EntryPoint","urlTemplate":"https:\/\/www.celttv.com.ar\/?s={search_term_string}"},"query-input":"required name=search_term_string"}],"inLanguage":"es"},{"@type":"Organization","@id":"https:\/\/www.celttv.com.ar\/#organization","name":"CELTTV","url":"https:\/\/www.celttv.com.ar\/","sameAs":["https:\/\/www.youtube.com\/channel\/UCz_oIt8Hig64Ub-EmcNPIhg","https:\/\/www.facebook.com\/celtTV\/"],"logo":{"@type":"ImageObject","inLanguage":"es","@id":"https:\/\/www.celttv.com.ar\/#\/schema\/logo\/image\/","url":"http:\/\/www.celttv.com.ar\/wp-content\/uploads\/2022\/08\/logo-1.png","contentUrl":"http:\/\/www.celttv.com.ar\/wp-content\/uploads\/2022\/08\/logo-1.png","width":461,"height":159,"caption":"CELTTV"},"image":{"@id":"https:\/\/www.celttv.com.ar\/#\/schema\/logo\/image\/"}},{"@type":"Person","@id":"https:\/\/www.celttv.com.ar\/#\/schema\/person\/6d99c072dba59953809c81446e9d0ace","name":"ulises","image":{"@type":"ImageObject","inLanguage":"es","@id":"https:\/\/www.celttv.com.ar\/#\/schema\/person\/image\/","url":"https:\/\/secure.gravatar.com\/avatar\/7f2c48bdc33b30088f941fb6082e555f2874c98e20cb159d7b92b50eadfce793?s=96&d=mm&r=g","contentUrl":"https:\/\/secure.gravatar.com\/avatar\/7f2c48bdc33b30088f941fb6082e555f2874c98e20cb159d7b92b50eadfce793?s=96&d=mm&r=g","caption":"ulises"},"sameAs":["http:\/\/www.celttv.com.ar"]}]}},"_links":{"self":[{"href":"https:\/\/www.celttv.com.ar\/index.php\/wp-json\/wp\/v2\/posts\/37762","targetHints":{"allow":["GET"]}}],"collection":[{"href":"https:\/\/www.celttv.com.ar\/index.php\/wp-json\/wp\/v2\/posts"}],"about":[{"href":"https:\/\/www.celttv.com.ar\/index.php\/wp-json\/wp\/v2\/types\/post"}],"author":[{"embeddable":true,"href":"https:\/\/www.celttv.com.ar\/index.php\/wp-json\/wp\/v2\/users\/1"}],"replies":[{"embeddable":true,"href":"https:\/\/www.celttv.com.ar\/index.php\/wp-json\/wp\/v2\/comments?post=37762"}],"version-history":[{"count":0,"href":"https:\/\/www.celttv.com.ar\/index.php\/wp-json\/wp\/v2\/posts\/37762\/revisions"}],"wp:featuredmedia":[{"embeddable":true,"href":"https:\/\/www.celttv.com.ar\/index.php\/wp-json\/wp\/v2\/media\/37769"}],"wp:attachment":[{"href":"https:\/\/www.celttv.com.ar\/index.php\/wp-json\/wp\/v2\/media?parent=37762"}],"wp:term":[{"taxonomy":"category","embeddable":true,"href":"https:\/\/www.celttv.com.ar\/index.php\/wp-json\/wp\/v2\/categories?post=37762"},{"taxonomy":"post_tag","embeddable":true,"href":"https:\/\/www.celttv.com.ar\/index.php\/wp-json\/wp\/v2\/tags?post=37762"}],"curies":[{"name":"wp","href":"https:\/\/api.w.org\/{rel}","templated":true}]}}