{"id":37782,"date":"2018-10-04T15:12:25","date_gmt":"2018-10-04T15:12:25","guid":{"rendered":"http:\/\/www.celttv.com.ar\/?p=37782"},"modified":"2018-10-04T15:12:25","modified_gmt":"2018-10-04T15:12:25","slug":"sadop-rotundo-rechazo-docente-a-la-baja-salarial-que-impone-el-decretazo-de-vidal","status":"publish","type":"post","link":"https:\/\/www.celttv.com.ar\/index.php\/2018\/10\/04\/sadop-rotundo-rechazo-docente-a-la-baja-salarial-que-impone-el-decretazo-de-vidal\/","title":{"rendered":"SADOP &#8211; ROTUNDO RECHAZO DOCENTE A LA BAJA SALARIAL QUE IMPONE EL DECRETAZO DE VIDAL"},"content":{"rendered":"<p>Durante la tarde del d\u00eda de la fecha, el gobierno de Maria Eugenia Vidal impone por medio del Decreto n\u00b01145\/18, una &#8220;modificaci\u00f3n salarial&#8221; miserable, que fuera rechazada de manera contundente, en Paritaria por los sindicatos docentes, por significar un fuerte deterioro del salario docente.<\/p>\n<div class=\"yiv4713226012text_exposed_show\">\nLa Gobernadora Vidal da un aumento por medio de ese decreto del 19%.<br \/>\nFinalizado septiembre la inflaci\u00f3n supera el 31%.<br \/>\nDe este modo, el gobierno intenta convalidar autoritariamente una baja del salario docente con un decretazo.<br \/>\nEs indudable que esto va en l\u00ednea con la irresponsable actitud del gobierno que se niega al di\u00e1logo, desconociendo el \u00e1mbito legal de la Paritaria Provincial.<br \/>\nDesde las organizaciones sindicales exigimos que respeten la Ley de Paritaria y que gobiernen para garantizar derechos y no para vulnerarlos.<br \/>\nSeguiremos defendiendo la educaci\u00f3n p\u00fablica y los derechos de los Trabajadores de la Educaci\u00f3n.<br \/>\n<strong>Basta de ajuste y de mentiras!<\/strong><br \/>\n<strong>Convocatoria urgente a Paritaria Salarial!<\/strong><br \/>\n&nbsp;<br \/>\n<strong>FRENTE DE UNIDAD DOCENTE BONAERENSE<\/strong><br \/>\n<strong>AMET FEB SADOP SUTEBA UDOCBA<\/strong>\n<\/div>\n","protected":false},"excerpt":{"rendered":"<p>Durante la tarde del d\u00eda de la fecha, el gobierno de Maria Eugenia Vidal impone por medio del Decreto n\u00b01145\/18, una &#8220;modificaci\u00f3n salarial&#8221; miserable, que fuera rechazada de manera contundente, en Paritaria por los sindicatos docentes, por significar un fuerte deterioro del salario docente. La Gobernadora Vidal da un aumento por medio de ese decreto [&hellip;]<\/p>\n","protected":false},"author":1,"featured_media":37783,"comment_status":"closed","ping_status":"open","sticky":false,"template":"","format":"standard","meta":{"footnotes":""},"categories":[55,51,52],"tags":[],"class_list":["post-37782","post","type-post","status-publish","format-standard","has-post-thumbnail","hentry","category-celt-tv-noticias","category-comunidad","category-destacadas"],"yoast_head":"<!-- This site is optimized with the Yoast SEO plugin v19.7.1 - https:\/\/yoast.com\/wordpress\/plugins\/seo\/ -->\n<title>SADOP - ROTUNDO RECHAZO DOCENTE A LA BAJA SALARIAL QUE IMPONE EL DECRETAZO DE VIDAL - CELTTV<\/title>\n<meta name=\"description\" content=\"Sitio web de noticias de la localidad de Tornquist, provincia de Buenos Aires, Rep\u00fablica Argentina. Contenido propio originado por periodistas de CELTTV, el canal de TV local de la Cooperativa El\u00e9ctrica de Tornquist. Turismo, Pol\u00edtica, Sociedad, Deporte, Cultura y todo el contenido de inter\u00e9s general que la gente del pueblo y la regi\u00f3n debe conocer.\" \/>\n<meta name=\"robots\" content=\"index, follow, max-snippet:-1, max-image-preview:large, max-video-preview:-1\" \/>\n<link rel=\"canonical\" href=\"https:\/\/www.celttv.com.ar\/index.php\/2018\/10\/04\/sadop-rotundo-rechazo-docente-a-la-baja-salarial-que-impone-el-decretazo-de-vidal\/\" \/>\n<meta property=\"og:locale\" content=\"es_ES\" \/>\n<meta property=\"og:type\" content=\"article\" \/>\n<meta property=\"og:title\" content=\"SADOP - ROTUNDO RECHAZO DOCENTE A LA BAJA SALARIAL QUE IMPONE EL DECRETAZO DE VIDAL - CELTTV\" \/>\n<meta property=\"og:description\" content=\"Sitio web de noticias de la localidad de Tornquist, provincia de Buenos Aires, Rep\u00fablica Argentina. Contenido propio originado por periodistas de CELTTV, el canal de TV local de la Cooperativa El\u00e9ctrica de Tornquist. Turismo, Pol\u00edtica, Sociedad, Deporte, Cultura y todo el contenido de inter\u00e9s general que la gente del pueblo y la regi\u00f3n debe conocer.\" \/>\n<meta property=\"og:url\" content=\"https:\/\/www.celttv.com.ar\/index.php\/2018\/10\/04\/sadop-rotundo-rechazo-docente-a-la-baja-salarial-que-impone-el-decretazo-de-vidal\/\" \/>\n<meta property=\"og:site_name\" content=\"CELTTV\" \/>\n<meta property=\"article:publisher\" content=\"https:\/\/www.facebook.com\/celtTV\/\" \/>\n<meta property=\"article:published_time\" content=\"2018-10-04T15:12:25+00:00\" \/>\n<meta property=\"og:image\" content=\"https:\/\/www.celttv.com.ar\/wp-content\/uploads\/2018\/10\/salrios-dignos.jpg\" \/>\n\t<meta property=\"og:image:width\" content=\"720\" \/>\n\t<meta property=\"og:image:height\" content=\"540\" \/>\n\t<meta property=\"og:image:type\" content=\"image\/jpeg\" \/>\n<meta name=\"author\" content=\"ulises\" \/>\n<meta name=\"twitter:card\" content=\"summary_large_image\" \/>\n<meta name=\"twitter:label1\" content=\"Escrito por\" \/>\n\t<meta name=\"twitter:data1\" content=\"ulises\" \/>\n\t<meta name=\"twitter:label2\" content=\"Tiempo de lectura\" \/>\n\t<meta name=\"twitter:data2\" content=\"1 minuto\" \/>\n<script type=\"application\/ld+json\" class=\"yoast-schema-graph\">{\"@context\":\"https:\/\/schema.org\",\"@graph\":[{\"@type\":\"NewsArticle\",\"@id\":\"https:\/\/www.celttv.com.ar\/index.php\/2018\/10\/04\/sadop-rotundo-rechazo-docente-a-la-baja-salarial-que-impone-el-decretazo-de-vidal\/#article\",\"isPartOf\":{\"@id\":\"https:\/\/www.celttv.com.ar\/index.php\/2018\/10\/04\/sadop-rotundo-rechazo-docente-a-la-baja-salarial-que-impone-el-decretazo-de-vidal\/\"},\"author\":{\"name\":\"ulises\",\"@id\":\"https:\/\/www.celttv.com.ar\/#\/schema\/person\/6d99c072dba59953809c81446e9d0ace\"},\"headline\":\"SADOP &#8211; ROTUNDO RECHAZO DOCENTE A LA BAJA SALARIAL QUE IMPONE EL DECRETAZO DE VIDAL\",\"datePublished\":\"2018-10-04T15:12:25+00:00\",\"dateModified\":\"2018-10-04T15:12:25+00:00\",\"mainEntityOfPage\":{\"@id\":\"https:\/\/www.celttv.com.ar\/index.php\/2018\/10\/04\/sadop-rotundo-rechazo-docente-a-la-baja-salarial-que-impone-el-decretazo-de-vidal\/\"},\"wordCount\":184,\"publisher\":{\"@id\":\"https:\/\/www.celttv.com.ar\/#organization\"},\"articleSection\":[\"Celt TV Noticias\",\"Comunidad\",\"Destacadas\"],\"inLanguage\":\"es\"},{\"@type\":\"WebPage\",\"@id\":\"https:\/\/www.celttv.com.ar\/index.php\/2018\/10\/04\/sadop-rotundo-rechazo-docente-a-la-baja-salarial-que-impone-el-decretazo-de-vidal\/\",\"url\":\"https:\/\/www.celttv.com.ar\/index.php\/2018\/10\/04\/sadop-rotundo-rechazo-docente-a-la-baja-salarial-que-impone-el-decretazo-de-vidal\/\",\"name\":\"SADOP - ROTUNDO RECHAZO DOCENTE A LA BAJA SALARIAL QUE IMPONE EL DECRETAZO DE VIDAL - CELTTV\",\"isPartOf\":{\"@id\":\"https:\/\/www.celttv.com.ar\/#website\"},\"datePublished\":\"2018-10-04T15:12:25+00:00\",\"dateModified\":\"2018-10-04T15:12:25+00:00\",\"description\":\"Sitio web de noticias de la localidad de Tornquist, provincia de Buenos Aires, Rep\u00fablica Argentina. Contenido propio originado por periodistas de CELTTV, el canal de TV local de la Cooperativa El\u00e9ctrica de Tornquist. Turismo, Pol\u00edtica, Sociedad, Deporte, Cultura y todo el contenido de inter\u00e9s general que la gente del pueblo y la regi\u00f3n debe conocer.\",\"breadcrumb\":{\"@id\":\"https:\/\/www.celttv.com.ar\/index.php\/2018\/10\/04\/sadop-rotundo-rechazo-docente-a-la-baja-salarial-que-impone-el-decretazo-de-vidal\/#breadcrumb\"},\"inLanguage\":\"es\",\"potentialAction\":[{\"@type\":\"ReadAction\",\"target\":[\"https:\/\/www.celttv.com.ar\/index.php\/2018\/10\/04\/sadop-rotundo-rechazo-docente-a-la-baja-salarial-que-impone-el-decretazo-de-vidal\/\"]}]},{\"@type\":\"BreadcrumbList\",\"@id\":\"https:\/\/www.celttv.com.ar\/index.php\/2018\/10\/04\/sadop-rotundo-rechazo-docente-a-la-baja-salarial-que-impone-el-decretazo-de-vidal\/#breadcrumb\",\"itemListElement\":[{\"@type\":\"ListItem\",\"position\":1,\"name\":\"Inicio\",\"item\":\"https:\/\/www.celttv.com.ar\/\"},{\"@type\":\"ListItem\",\"position\":2,\"name\":\"SADOP &#8211; ROTUNDO RECHAZO DOCENTE A LA BAJA SALARIAL QUE IMPONE EL DECRETAZO DE VIDAL\"}]},{\"@type\":\"WebSite\",\"@id\":\"https:\/\/www.celttv.com.ar\/#website\",\"url\":\"https:\/\/www.celttv.com.ar\/\",\"name\":\"CELTTV\",\"description\":\"Cooperativa El\u00e9ctrica de Tornquist\",\"publisher\":{\"@id\":\"https:\/\/www.celttv.com.ar\/#organization\"},\"potentialAction\":[{\"@type\":\"SearchAction\",\"target\":{\"@type\":\"EntryPoint\",\"urlTemplate\":\"https:\/\/www.celttv.com.ar\/?s={search_term_string}\"},\"query-input\":\"required name=search_term_string\"}],\"inLanguage\":\"es\"},{\"@type\":\"Organization\",\"@id\":\"https:\/\/www.celttv.com.ar\/#organization\",\"name\":\"CELTTV\",\"url\":\"https:\/\/www.celttv.com.ar\/\",\"sameAs\":[\"https:\/\/www.youtube.com\/channel\/UCz_oIt8Hig64Ub-EmcNPIhg\",\"https:\/\/www.facebook.com\/celtTV\/\"],\"logo\":{\"@type\":\"ImageObject\",\"inLanguage\":\"es\",\"@id\":\"https:\/\/www.celttv.com.ar\/#\/schema\/logo\/image\/\",\"url\":\"http:\/\/www.celttv.com.ar\/wp-content\/uploads\/2022\/08\/logo-1.png\",\"contentUrl\":\"http:\/\/www.celttv.com.ar\/wp-content\/uploads\/2022\/08\/logo-1.png\",\"width\":461,\"height\":159,\"caption\":\"CELTTV\"},\"image\":{\"@id\":\"https:\/\/www.celttv.com.ar\/#\/schema\/logo\/image\/\"}},{\"@type\":\"Person\",\"@id\":\"https:\/\/www.celttv.com.ar\/#\/schema\/person\/6d99c072dba59953809c81446e9d0ace\",\"name\":\"ulises\",\"image\":{\"@type\":\"ImageObject\",\"inLanguage\":\"es\",\"@id\":\"https:\/\/www.celttv.com.ar\/#\/schema\/person\/image\/\",\"url\":\"https:\/\/secure.gravatar.com\/avatar\/7f2c48bdc33b30088f941fb6082e555f2874c98e20cb159d7b92b50eadfce793?s=96&d=mm&r=g\",\"contentUrl\":\"https:\/\/secure.gravatar.com\/avatar\/7f2c48bdc33b30088f941fb6082e555f2874c98e20cb159d7b92b50eadfce793?s=96&d=mm&r=g\",\"caption\":\"ulises\"},\"sameAs\":[\"http:\/\/www.celttv.com.ar\"]}]}<\/script>\n<!-- \/ Yoast SEO plugin. -->","yoast_head_json":{"title":"SADOP - ROTUNDO RECHAZO DOCENTE A LA BAJA SALARIAL QUE IMPONE EL DECRETAZO DE VIDAL - CELTTV","description":"Sitio web de noticias de la localidad de Tornquist, provincia de Buenos Aires, Rep\u00fablica Argentina. Contenido propio originado por periodistas de CELTTV, el canal de TV local de la Cooperativa El\u00e9ctrica de Tornquist. Turismo, Pol\u00edtica, Sociedad, Deporte, Cultura y todo el contenido de inter\u00e9s general que la gente del pueblo y la regi\u00f3n debe conocer.","robots":{"index":"index","follow":"follow","max-snippet":"max-snippet:-1","max-image-preview":"max-image-preview:large","max-video-preview":"max-video-preview:-1"},"canonical":"https:\/\/www.celttv.com.ar\/index.php\/2018\/10\/04\/sadop-rotundo-rechazo-docente-a-la-baja-salarial-que-impone-el-decretazo-de-vidal\/","og_locale":"es_ES","og_type":"article","og_title":"SADOP - ROTUNDO RECHAZO DOCENTE A LA BAJA SALARIAL QUE IMPONE EL DECRETAZO DE VIDAL - CELTTV","og_description":"Sitio web de noticias de la localidad de Tornquist, provincia de Buenos Aires, Rep\u00fablica Argentina. Contenido propio originado por periodistas de CELTTV, el canal de TV local de la Cooperativa El\u00e9ctrica de Tornquist. Turismo, Pol\u00edtica, Sociedad, Deporte, Cultura y todo el contenido de inter\u00e9s general que la gente del pueblo y la regi\u00f3n debe conocer.","og_url":"https:\/\/www.celttv.com.ar\/index.php\/2018\/10\/04\/sadop-rotundo-rechazo-docente-a-la-baja-salarial-que-impone-el-decretazo-de-vidal\/","og_site_name":"CELTTV","article_publisher":"https:\/\/www.facebook.com\/celtTV\/","article_published_time":"2018-10-04T15:12:25+00:00","og_image":[{"width":720,"height":540,"url":"https:\/\/www.celttv.com.ar\/wp-content\/uploads\/2018\/10\/salrios-dignos.jpg","type":"image\/jpeg"}],"author":"ulises","twitter_card":"summary_large_image","twitter_misc":{"Escrito por":"ulises","Tiempo de lectura":"1 minuto"},"schema":{"@context":"https:\/\/schema.org","@graph":[{"@type":"NewsArticle","@id":"https:\/\/www.celttv.com.ar\/index.php\/2018\/10\/04\/sadop-rotundo-rechazo-docente-a-la-baja-salarial-que-impone-el-decretazo-de-vidal\/#article","isPartOf":{"@id":"https:\/\/www.celttv.com.ar\/index.php\/2018\/10\/04\/sadop-rotundo-rechazo-docente-a-la-baja-salarial-que-impone-el-decretazo-de-vidal\/"},"author":{"name":"ulises","@id":"https:\/\/www.celttv.com.ar\/#\/schema\/person\/6d99c072dba59953809c81446e9d0ace"},"headline":"SADOP &#8211; ROTUNDO RECHAZO DOCENTE A LA BAJA SALARIAL QUE IMPONE EL DECRETAZO DE VIDAL","datePublished":"2018-10-04T15:12:25+00:00","dateModified":"2018-10-04T15:12:25+00:00","mainEntityOfPage":{"@id":"https:\/\/www.celttv.com.ar\/index.php\/2018\/10\/04\/sadop-rotundo-rechazo-docente-a-la-baja-salarial-que-impone-el-decretazo-de-vidal\/"},"wordCount":184,"publisher":{"@id":"https:\/\/www.celttv.com.ar\/#organization"},"articleSection":["Celt TV Noticias","Comunidad","Destacadas"],"inLanguage":"es"},{"@type":"WebPage","@id":"https:\/\/www.celttv.com.ar\/index.php\/2018\/10\/04\/sadop-rotundo-rechazo-docente-a-la-baja-salarial-que-impone-el-decretazo-de-vidal\/","url":"https:\/\/www.celttv.com.ar\/index.php\/2018\/10\/04\/sadop-rotundo-rechazo-docente-a-la-baja-salarial-que-impone-el-decretazo-de-vidal\/","name":"SADOP - ROTUNDO RECHAZO DOCENTE A LA BAJA SALARIAL QUE IMPONE EL DECRETAZO DE VIDAL - CELTTV","isPartOf":{"@id":"https:\/\/www.celttv.com.ar\/#website"},"datePublished":"2018-10-04T15:12:25+00:00","dateModified":"2018-10-04T15:12:25+00:00","description":"Sitio web de noticias de la localidad de Tornquist, provincia de Buenos Aires, Rep\u00fablica Argentina. Contenido propio originado por periodistas de CELTTV, el canal de TV local de la Cooperativa El\u00e9ctrica de Tornquist. Turismo, Pol\u00edtica, Sociedad, Deporte, Cultura y todo el contenido de inter\u00e9s general que la gente del pueblo y la regi\u00f3n debe conocer.","breadcrumb":{"@id":"https:\/\/www.celttv.com.ar\/index.php\/2018\/10\/04\/sadop-rotundo-rechazo-docente-a-la-baja-salarial-que-impone-el-decretazo-de-vidal\/#breadcrumb"},"inLanguage":"es","potentialAction":[{"@type":"ReadAction","target":["https:\/\/www.celttv.com.ar\/index.php\/2018\/10\/04\/sadop-rotundo-rechazo-docente-a-la-baja-salarial-que-impone-el-decretazo-de-vidal\/"]}]},{"@type":"BreadcrumbList","@id":"https:\/\/www.celttv.com.ar\/index.php\/2018\/10\/04\/sadop-rotundo-rechazo-docente-a-la-baja-salarial-que-impone-el-decretazo-de-vidal\/#breadcrumb","itemListElement":[{"@type":"ListItem","position":1,"name":"Inicio","item":"https:\/\/www.celttv.com.ar\/"},{"@type":"ListItem","position":2,"name":"SADOP &#8211; ROTUNDO RECHAZO DOCENTE A LA BAJA SALARIAL QUE IMPONE EL DECRETAZO DE VIDAL"}]},{"@type":"WebSite","@id":"https:\/\/www.celttv.com.ar\/#website","url":"https:\/\/www.celttv.com.ar\/","name":"CELTTV","description":"Cooperativa El\u00e9ctrica de Tornquist","publisher":{"@id":"https:\/\/www.celttv.com.ar\/#organization"},"potentialAction":[{"@type":"SearchAction","target":{"@type":"EntryPoint","urlTemplate":"https:\/\/www.celttv.com.ar\/?s={search_term_string}"},"query-input":"required name=search_term_string"}],"inLanguage":"es"},{"@type":"Organization","@id":"https:\/\/www.celttv.com.ar\/#organization","name":"CELTTV","url":"https:\/\/www.celttv.com.ar\/","sameAs":["https:\/\/www.youtube.com\/channel\/UCz_oIt8Hig64Ub-EmcNPIhg","https:\/\/www.facebook.com\/celtTV\/"],"logo":{"@type":"ImageObject","inLanguage":"es","@id":"https:\/\/www.celttv.com.ar\/#\/schema\/logo\/image\/","url":"http:\/\/www.celttv.com.ar\/wp-content\/uploads\/2022\/08\/logo-1.png","contentUrl":"http:\/\/www.celttv.com.ar\/wp-content\/uploads\/2022\/08\/logo-1.png","width":461,"height":159,"caption":"CELTTV"},"image":{"@id":"https:\/\/www.celttv.com.ar\/#\/schema\/logo\/image\/"}},{"@type":"Person","@id":"https:\/\/www.celttv.com.ar\/#\/schema\/person\/6d99c072dba59953809c81446e9d0ace","name":"ulises","image":{"@type":"ImageObject","inLanguage":"es","@id":"https:\/\/www.celttv.com.ar\/#\/schema\/person\/image\/","url":"https:\/\/secure.gravatar.com\/avatar\/7f2c48bdc33b30088f941fb6082e555f2874c98e20cb159d7b92b50eadfce793?s=96&d=mm&r=g","contentUrl":"https:\/\/secure.gravatar.com\/avatar\/7f2c48bdc33b30088f941fb6082e555f2874c98e20cb159d7b92b50eadfce793?s=96&d=mm&r=g","caption":"ulises"},"sameAs":["http:\/\/www.celttv.com.ar"]}]}},"_links":{"self":[{"href":"https:\/\/www.celttv.com.ar\/index.php\/wp-json\/wp\/v2\/posts\/37782","targetHints":{"allow":["GET"]}}],"collection":[{"href":"https:\/\/www.celttv.com.ar\/index.php\/wp-json\/wp\/v2\/posts"}],"about":[{"href":"https:\/\/www.celttv.com.ar\/index.php\/wp-json\/wp\/v2\/types\/post"}],"author":[{"embeddable":true,"href":"https:\/\/www.celttv.com.ar\/index.php\/wp-json\/wp\/v2\/users\/1"}],"replies":[{"embeddable":true,"href":"https:\/\/www.celttv.com.ar\/index.php\/wp-json\/wp\/v2\/comments?post=37782"}],"version-history":[{"count":0,"href":"https:\/\/www.celttv.com.ar\/index.php\/wp-json\/wp\/v2\/posts\/37782\/revisions"}],"wp:featuredmedia":[{"embeddable":true,"href":"https:\/\/www.celttv.com.ar\/index.php\/wp-json\/wp\/v2\/media\/37783"}],"wp:attachment":[{"href":"https:\/\/www.celttv.com.ar\/index.php\/wp-json\/wp\/v2\/media?parent=37782"}],"wp:term":[{"taxonomy":"category","embeddable":true,"href":"https:\/\/www.celttv.com.ar\/index.php\/wp-json\/wp\/v2\/categories?post=37782"},{"taxonomy":"post_tag","embeddable":true,"href":"https:\/\/www.celttv.com.ar\/index.php\/wp-json\/wp\/v2\/tags?post=37782"}],"curies":[{"name":"wp","href":"https:\/\/api.w.org\/{rel}","templated":true}]}}