{"id":37789,"date":"2018-10-04T15:21:46","date_gmt":"2018-10-04T15:21:46","guid":{"rendered":"http:\/\/www.celttv.com.ar\/?p=37789"},"modified":"2018-10-04T15:21:46","modified_gmt":"2018-10-04T15:21:46","slug":"finalizaron-las-competencias-en-los-torneos-bonaerenses-fotos","status":"publish","type":"post","link":"https:\/\/www.celttv.com.ar\/index.php\/2018\/10\/04\/finalizaron-las-competencias-en-los-torneos-bonaerenses-fotos\/","title":{"rendered":"Finalizaron las competencias en los Torneos Bonaerenses  (Fotos)"},"content":{"rendered":"<p>Cerr\u00f3 la edici\u00f3n de Torneos Bonaerenses 2018 en la ciudad de \u00a0Mar del Plata.<br \/>\nLa delegaci\u00f3n de Tornquist emprendi\u00f3 el regreso aproximadamente a las 16hs, y arribaron a nuestra ciudad cerca de las 23hs.<br \/>\nEn el \u00e1mbito deportivo, la disciplina de hockey se qued\u00f3 con un cuarto puesto muy merecido de un total de 16 regiones de la provincia.<br \/>\nSantiago Le\u00f3n jugo la final en tenis de mesa y se adjudic\u00f3 una medalla de plata, demostrando su gran nivel en el partido contra el representante de La Matanza.<br \/>\nEn sapo, Graciela qued\u00f3 entre las primeras 8 mejores de la provincia.<br \/>\nEn atletismo tuvieron su \u00faltimo d\u00eda de competencia, Valent\u00edn Noel y Fiorella Medrano, en hexatl\u00f3n y pentatl\u00f3n respectivamente. Tambi\u00e9n fue el turno de Anabela Cabral en salto triple, Luana Llarrull en martillo, Ana Julia Piedrabuena en salto en alto, Abigail Sarcheletti en disco y Mat\u00edas Rosas en salto en alto. Todos demostraron una excelente participaci\u00f3n en su paso por los torneos bonaerenses, representando a Tornquist de la mejor manera.<br \/>\nPor eso la Direcci\u00f3n de Deportes, quiere agradecer a cada atleta y a sus profesores, y aprovechar la ocasi\u00f3n para invitar a todos aquellos j\u00f3venes y adultos a participar de este gran evento el pr\u00f3ximo a\u00f1o. Creemos que los Juegos Bonaerenses, no son solo una competencia, sino la posibilidad de viajar, conocer, compartir, fortalecer amistades o generar nuevas, aprender y crecer como deportistas, pero m\u00e1s a\u00fan c\u00f3mo personas.<br \/>\nSimplemente GRACIAS a todos!!<br \/>\n<a href=\"http:\/\/www.celttv.com.ar\/?attachment_id=37793\" rel=\"attachment wp-att-37793\"><img loading=\"lazy\" decoding=\"async\" class=\"alignleft size-medium wp-image-37793\" src=\"http:\/\/www.celttv.com.ar\/wp-content\/uploads\/2018\/10\/43180773_1908217362598106_6507822523793539072_o-780x780.jpg\" alt=\"\" width=\"780\" height=\"780\" \/><\/a> <a href=\"http:\/\/www.celttv.com.ar\/?attachment_id=37794\" rel=\"attachment wp-att-37794\"><img loading=\"lazy\" decoding=\"async\" class=\"alignleft size-full wp-image-37794\" src=\"http:\/\/www.celttv.com.ar\/wp-content\/uploads\/2018\/10\/43084562_1908213705931805_8811679308201328640_n-copia.jpg\" alt=\"\" width=\"581\" height=\"581\" srcset=\"https:\/\/www.celttv.com.ar\/wp-content\/uploads\/2018\/10\/43084562_1908213705931805_8811679308201328640_n-copia.jpg 581w, https:\/\/www.celttv.com.ar\/wp-content\/uploads\/2018\/10\/43084562_1908213705931805_8811679308201328640_n-copia-300x300.jpg 300w, https:\/\/www.celttv.com.ar\/wp-content\/uploads\/2018\/10\/43084562_1908213705931805_8811679308201328640_n-copia-150x150.jpg 150w, https:\/\/www.celttv.com.ar\/wp-content\/uploads\/2018\/10\/43084562_1908213705931805_8811679308201328640_n-copia-75x75.jpg 75w\" sizes=\"auto, (max-width: 581px) 100vw, 581px\" \/><\/a> <a href=\"http:\/\/www.celttv.com.ar\/?attachment_id=37792\" rel=\"attachment wp-att-37792\"><img loading=\"lazy\" decoding=\"async\" class=\"alignleft size-full wp-image-37792\" src=\"http:\/\/www.celttv.com.ar\/wp-content\/uploads\/2018\/10\/43175625_1908217515931424_2972033758703648768_n.jpg\" alt=\"\" width=\"556\" height=\"555\" srcset=\"https:\/\/www.celttv.com.ar\/wp-content\/uploads\/2018\/10\/43175625_1908217515931424_2972033758703648768_n.jpg 556w, https:\/\/www.celttv.com.ar\/wp-content\/uploads\/2018\/10\/43175625_1908217515931424_2972033758703648768_n-300x300.jpg 300w, https:\/\/www.celttv.com.ar\/wp-content\/uploads\/2018\/10\/43175625_1908217515931424_2972033758703648768_n-150x150.jpg 150w, https:\/\/www.celttv.com.ar\/wp-content\/uploads\/2018\/10\/43175625_1908217515931424_2972033758703648768_n-75x75.jpg 75w\" sizes=\"auto, (max-width: 556px) 100vw, 556px\" \/><\/a> <a href=\"http:\/\/www.celttv.com.ar\/?attachment_id=37791\" rel=\"attachment wp-att-37791\"><img loading=\"lazy\" decoding=\"async\" class=\"alignleft size-full wp-image-37791\" src=\"http:\/\/www.celttv.com.ar\/wp-content\/uploads\/2018\/10\/43111091_1908213782598464_3034758616440635392_n.jpg\" alt=\"\" width=\"581\" height=\"581\" srcset=\"https:\/\/www.celttv.com.ar\/wp-content\/uploads\/2018\/10\/43111091_1908213782598464_3034758616440635392_n.jpg 581w, https:\/\/www.celttv.com.ar\/wp-content\/uploads\/2018\/10\/43111091_1908213782598464_3034758616440635392_n-300x300.jpg 300w, https:\/\/www.celttv.com.ar\/wp-content\/uploads\/2018\/10\/43111091_1908213782598464_3034758616440635392_n-150x150.jpg 150w, https:\/\/www.celttv.com.ar\/wp-content\/uploads\/2018\/10\/43111091_1908213782598464_3034758616440635392_n-75x75.jpg 75w\" sizes=\"auto, (max-width: 581px) 100vw, 581px\" \/><\/a> <a href=\"http:\/\/www.celttv.com.ar\/?attachment_id=37790\" rel=\"attachment wp-att-37790\"><img loading=\"lazy\" decoding=\"async\" class=\"alignleft size-full wp-image-37790\" src=\"http:\/\/www.celttv.com.ar\/wp-content\/uploads\/2018\/10\/43084562_1908213705931805_8811679308201328640_n.jpg\" alt=\"\" width=\"581\" height=\"581\" srcset=\"https:\/\/www.celttv.com.ar\/wp-content\/uploads\/2018\/10\/43084562_1908213705931805_8811679308201328640_n.jpg 581w, https:\/\/www.celttv.com.ar\/wp-content\/uploads\/2018\/10\/43084562_1908213705931805_8811679308201328640_n-300x300.jpg 300w, https:\/\/www.celttv.com.ar\/wp-content\/uploads\/2018\/10\/43084562_1908213705931805_8811679308201328640_n-150x150.jpg 150w, https:\/\/www.celttv.com.ar\/wp-content\/uploads\/2018\/10\/43084562_1908213705931805_8811679308201328640_n-75x75.jpg 75w\" sizes=\"auto, (max-width: 581px) 100vw, 581px\" \/><\/a><\/p>\n","protected":false},"excerpt":{"rendered":"<p>Cerr\u00f3 la edici\u00f3n de Torneos Bonaerenses 2018 en la ciudad de \u00a0Mar del Plata. La delegaci\u00f3n de Tornquist emprendi\u00f3 el regreso aproximadamente a las 16hs, y arribaron a nuestra ciudad cerca de las 23hs. En el \u00e1mbito deportivo, la disciplina de hockey se qued\u00f3 con un cuarto puesto muy merecido de un total de 16 [&hellip;]<\/p>\n","protected":false},"author":1,"featured_media":37795,"comment_status":"closed","ping_status":"open","sticky":false,"template":"","format":"standard","meta":{"footnotes":""},"categories":[55,60,52,63],"tags":[],"class_list":["post-37789","post","type-post","status-publish","format-standard","has-post-thumbnail","hentry","category-celt-tv-noticias","category-deporte","category-destacadas","category-magazine-sport"],"yoast_head":"<!-- This site is optimized with the Yoast SEO plugin v19.7.1 - https:\/\/yoast.com\/wordpress\/plugins\/seo\/ -->\n<title>Finalizaron las competencias en los Torneos Bonaerenses (Fotos) - CELTTV<\/title>\n<meta name=\"description\" content=\"Sitio web de noticias de la localidad de Tornquist, provincia de Buenos Aires, Rep\u00fablica Argentina. Contenido propio originado por periodistas de CELTTV, el canal de TV local de la Cooperativa El\u00e9ctrica de Tornquist. Turismo, Pol\u00edtica, Sociedad, Deporte, Cultura y todo el contenido de inter\u00e9s general que la gente del pueblo y la regi\u00f3n debe conocer.\" \/>\n<meta name=\"robots\" content=\"index, follow, max-snippet:-1, max-image-preview:large, max-video-preview:-1\" \/>\n<link rel=\"canonical\" href=\"https:\/\/www.celttv.com.ar\/index.php\/2018\/10\/04\/finalizaron-las-competencias-en-los-torneos-bonaerenses-fotos\/\" \/>\n<meta property=\"og:locale\" content=\"es_ES\" \/>\n<meta property=\"og:type\" content=\"article\" \/>\n<meta property=\"og:title\" content=\"Finalizaron las competencias en los Torneos Bonaerenses (Fotos) - CELTTV\" \/>\n<meta property=\"og:description\" content=\"Sitio web de noticias de la localidad de Tornquist, provincia de Buenos Aires, Rep\u00fablica Argentina. Contenido propio originado por periodistas de CELTTV, el canal de TV local de la Cooperativa El\u00e9ctrica de Tornquist. Turismo, Pol\u00edtica, Sociedad, Deporte, Cultura y todo el contenido de inter\u00e9s general que la gente del pueblo y la regi\u00f3n debe conocer.\" \/>\n<meta property=\"og:url\" content=\"https:\/\/www.celttv.com.ar\/index.php\/2018\/10\/04\/finalizaron-las-competencias-en-los-torneos-bonaerenses-fotos\/\" \/>\n<meta property=\"og:site_name\" content=\"CELTTV\" \/>\n<meta property=\"article:publisher\" content=\"https:\/\/www.facebook.com\/celtTV\/\" \/>\n<meta property=\"article:published_time\" content=\"2018-10-04T15:21:46+00:00\" \/>\n<meta property=\"og:image\" content=\"https:\/\/www.celttv.com.ar\/wp-content\/uploads\/2018\/10\/43046253_1908210579265451_3618409805422526464_o-copia.jpg\" \/>\n\t<meta property=\"og:image:width\" content=\"1072\" \/>\n\t<meta property=\"og:image:height\" content=\"1440\" \/>\n\t<meta property=\"og:image:type\" content=\"image\/jpeg\" \/>\n<meta name=\"author\" content=\"ulises\" \/>\n<meta name=\"twitter:card\" content=\"summary_large_image\" \/>\n<meta name=\"twitter:label1\" content=\"Escrito por\" \/>\n\t<meta name=\"twitter:data1\" content=\"ulises\" \/>\n\t<meta name=\"twitter:label2\" content=\"Tiempo de lectura\" \/>\n\t<meta name=\"twitter:data2\" content=\"1 minuto\" \/>\n<script type=\"application\/ld+json\" class=\"yoast-schema-graph\">{\"@context\":\"https:\/\/schema.org\",\"@graph\":[{\"@type\":\"NewsArticle\",\"@id\":\"https:\/\/www.celttv.com.ar\/index.php\/2018\/10\/04\/finalizaron-las-competencias-en-los-torneos-bonaerenses-fotos\/#article\",\"isPartOf\":{\"@id\":\"https:\/\/www.celttv.com.ar\/index.php\/2018\/10\/04\/finalizaron-las-competencias-en-los-torneos-bonaerenses-fotos\/\"},\"author\":{\"name\":\"ulises\",\"@id\":\"https:\/\/www.celttv.com.ar\/#\/schema\/person\/6d99c072dba59953809c81446e9d0ace\"},\"headline\":\"Finalizaron las competencias en los Torneos Bonaerenses (Fotos)\",\"datePublished\":\"2018-10-04T15:21:46+00:00\",\"dateModified\":\"2018-10-04T15:21:46+00:00\",\"mainEntityOfPage\":{\"@id\":\"https:\/\/www.celttv.com.ar\/index.php\/2018\/10\/04\/finalizaron-las-competencias-en-los-torneos-bonaerenses-fotos\/\"},\"wordCount\":264,\"publisher\":{\"@id\":\"https:\/\/www.celttv.com.ar\/#organization\"},\"articleSection\":[\"Celt TV Noticias\",\"Deporte\",\"Destacadas\",\"Magazine Sport\"],\"inLanguage\":\"es\"},{\"@type\":\"WebPage\",\"@id\":\"https:\/\/www.celttv.com.ar\/index.php\/2018\/10\/04\/finalizaron-las-competencias-en-los-torneos-bonaerenses-fotos\/\",\"url\":\"https:\/\/www.celttv.com.ar\/index.php\/2018\/10\/04\/finalizaron-las-competencias-en-los-torneos-bonaerenses-fotos\/\",\"name\":\"Finalizaron las competencias en los Torneos Bonaerenses (Fotos) - CELTTV\",\"isPartOf\":{\"@id\":\"https:\/\/www.celttv.com.ar\/#website\"},\"datePublished\":\"2018-10-04T15:21:46+00:00\",\"dateModified\":\"2018-10-04T15:21:46+00:00\",\"description\":\"Sitio web de noticias de la localidad de Tornquist, provincia de Buenos Aires, Rep\u00fablica Argentina. Contenido propio originado por periodistas de CELTTV, el canal de TV local de la Cooperativa El\u00e9ctrica de Tornquist. Turismo, Pol\u00edtica, Sociedad, Deporte, Cultura y todo el contenido de inter\u00e9s general que la gente del pueblo y la regi\u00f3n debe conocer.\",\"breadcrumb\":{\"@id\":\"https:\/\/www.celttv.com.ar\/index.php\/2018\/10\/04\/finalizaron-las-competencias-en-los-torneos-bonaerenses-fotos\/#breadcrumb\"},\"inLanguage\":\"es\",\"potentialAction\":[{\"@type\":\"ReadAction\",\"target\":[\"https:\/\/www.celttv.com.ar\/index.php\/2018\/10\/04\/finalizaron-las-competencias-en-los-torneos-bonaerenses-fotos\/\"]}]},{\"@type\":\"BreadcrumbList\",\"@id\":\"https:\/\/www.celttv.com.ar\/index.php\/2018\/10\/04\/finalizaron-las-competencias-en-los-torneos-bonaerenses-fotos\/#breadcrumb\",\"itemListElement\":[{\"@type\":\"ListItem\",\"position\":1,\"name\":\"Inicio\",\"item\":\"https:\/\/www.celttv.com.ar\/\"},{\"@type\":\"ListItem\",\"position\":2,\"name\":\"Finalizaron las competencias en los Torneos Bonaerenses (Fotos)\"}]},{\"@type\":\"WebSite\",\"@id\":\"https:\/\/www.celttv.com.ar\/#website\",\"url\":\"https:\/\/www.celttv.com.ar\/\",\"name\":\"CELTTV\",\"description\":\"Cooperativa El\u00e9ctrica de Tornquist\",\"publisher\":{\"@id\":\"https:\/\/www.celttv.com.ar\/#organization\"},\"potentialAction\":[{\"@type\":\"SearchAction\",\"target\":{\"@type\":\"EntryPoint\",\"urlTemplate\":\"https:\/\/www.celttv.com.ar\/?s={search_term_string}\"},\"query-input\":\"required name=search_term_string\"}],\"inLanguage\":\"es\"},{\"@type\":\"Organization\",\"@id\":\"https:\/\/www.celttv.com.ar\/#organization\",\"name\":\"CELTTV\",\"url\":\"https:\/\/www.celttv.com.ar\/\",\"sameAs\":[\"https:\/\/www.youtube.com\/channel\/UCz_oIt8Hig64Ub-EmcNPIhg\",\"https:\/\/www.facebook.com\/celtTV\/\"],\"logo\":{\"@type\":\"ImageObject\",\"inLanguage\":\"es\",\"@id\":\"https:\/\/www.celttv.com.ar\/#\/schema\/logo\/image\/\",\"url\":\"http:\/\/www.celttv.com.ar\/wp-content\/uploads\/2022\/08\/logo-1.png\",\"contentUrl\":\"http:\/\/www.celttv.com.ar\/wp-content\/uploads\/2022\/08\/logo-1.png\",\"width\":461,\"height\":159,\"caption\":\"CELTTV\"},\"image\":{\"@id\":\"https:\/\/www.celttv.com.ar\/#\/schema\/logo\/image\/\"}},{\"@type\":\"Person\",\"@id\":\"https:\/\/www.celttv.com.ar\/#\/schema\/person\/6d99c072dba59953809c81446e9d0ace\",\"name\":\"ulises\",\"image\":{\"@type\":\"ImageObject\",\"inLanguage\":\"es\",\"@id\":\"https:\/\/www.celttv.com.ar\/#\/schema\/person\/image\/\",\"url\":\"https:\/\/secure.gravatar.com\/avatar\/7f2c48bdc33b30088f941fb6082e555f2874c98e20cb159d7b92b50eadfce793?s=96&d=mm&r=g\",\"contentUrl\":\"https:\/\/secure.gravatar.com\/avatar\/7f2c48bdc33b30088f941fb6082e555f2874c98e20cb159d7b92b50eadfce793?s=96&d=mm&r=g\",\"caption\":\"ulises\"},\"sameAs\":[\"http:\/\/www.celttv.com.ar\"]}]}<\/script>\n<!-- \/ Yoast SEO plugin. -->","yoast_head_json":{"title":"Finalizaron las competencias en los Torneos Bonaerenses (Fotos) - CELTTV","description":"Sitio web de noticias de la localidad de Tornquist, provincia de Buenos Aires, Rep\u00fablica Argentina. Contenido propio originado por periodistas de CELTTV, el canal de TV local de la Cooperativa El\u00e9ctrica de Tornquist. Turismo, Pol\u00edtica, Sociedad, Deporte, Cultura y todo el contenido de inter\u00e9s general que la gente del pueblo y la regi\u00f3n debe conocer.","robots":{"index":"index","follow":"follow","max-snippet":"max-snippet:-1","max-image-preview":"max-image-preview:large","max-video-preview":"max-video-preview:-1"},"canonical":"https:\/\/www.celttv.com.ar\/index.php\/2018\/10\/04\/finalizaron-las-competencias-en-los-torneos-bonaerenses-fotos\/","og_locale":"es_ES","og_type":"article","og_title":"Finalizaron las competencias en los Torneos Bonaerenses (Fotos) - CELTTV","og_description":"Sitio web de noticias de la localidad de Tornquist, provincia de Buenos Aires, Rep\u00fablica Argentina. Contenido propio originado por periodistas de CELTTV, el canal de TV local de la Cooperativa El\u00e9ctrica de Tornquist. Turismo, Pol\u00edtica, Sociedad, Deporte, Cultura y todo el contenido de inter\u00e9s general que la gente del pueblo y la regi\u00f3n debe conocer.","og_url":"https:\/\/www.celttv.com.ar\/index.php\/2018\/10\/04\/finalizaron-las-competencias-en-los-torneos-bonaerenses-fotos\/","og_site_name":"CELTTV","article_publisher":"https:\/\/www.facebook.com\/celtTV\/","article_published_time":"2018-10-04T15:21:46+00:00","og_image":[{"width":1072,"height":1440,"url":"https:\/\/www.celttv.com.ar\/wp-content\/uploads\/2018\/10\/43046253_1908210579265451_3618409805422526464_o-copia.jpg","type":"image\/jpeg"}],"author":"ulises","twitter_card":"summary_large_image","twitter_misc":{"Escrito por":"ulises","Tiempo de lectura":"1 minuto"},"schema":{"@context":"https:\/\/schema.org","@graph":[{"@type":"NewsArticle","@id":"https:\/\/www.celttv.com.ar\/index.php\/2018\/10\/04\/finalizaron-las-competencias-en-los-torneos-bonaerenses-fotos\/#article","isPartOf":{"@id":"https:\/\/www.celttv.com.ar\/index.php\/2018\/10\/04\/finalizaron-las-competencias-en-los-torneos-bonaerenses-fotos\/"},"author":{"name":"ulises","@id":"https:\/\/www.celttv.com.ar\/#\/schema\/person\/6d99c072dba59953809c81446e9d0ace"},"headline":"Finalizaron las competencias en los Torneos Bonaerenses (Fotos)","datePublished":"2018-10-04T15:21:46+00:00","dateModified":"2018-10-04T15:21:46+00:00","mainEntityOfPage":{"@id":"https:\/\/www.celttv.com.ar\/index.php\/2018\/10\/04\/finalizaron-las-competencias-en-los-torneos-bonaerenses-fotos\/"},"wordCount":264,"publisher":{"@id":"https:\/\/www.celttv.com.ar\/#organization"},"articleSection":["Celt TV Noticias","Deporte","Destacadas","Magazine Sport"],"inLanguage":"es"},{"@type":"WebPage","@id":"https:\/\/www.celttv.com.ar\/index.php\/2018\/10\/04\/finalizaron-las-competencias-en-los-torneos-bonaerenses-fotos\/","url":"https:\/\/www.celttv.com.ar\/index.php\/2018\/10\/04\/finalizaron-las-competencias-en-los-torneos-bonaerenses-fotos\/","name":"Finalizaron las competencias en los Torneos Bonaerenses (Fotos) - CELTTV","isPartOf":{"@id":"https:\/\/www.celttv.com.ar\/#website"},"datePublished":"2018-10-04T15:21:46+00:00","dateModified":"2018-10-04T15:21:46+00:00","description":"Sitio web de noticias de la localidad de Tornquist, provincia de Buenos Aires, Rep\u00fablica Argentina. Contenido propio originado por periodistas de CELTTV, el canal de TV local de la Cooperativa El\u00e9ctrica de Tornquist. Turismo, Pol\u00edtica, Sociedad, Deporte, Cultura y todo el contenido de inter\u00e9s general que la gente del pueblo y la regi\u00f3n debe conocer.","breadcrumb":{"@id":"https:\/\/www.celttv.com.ar\/index.php\/2018\/10\/04\/finalizaron-las-competencias-en-los-torneos-bonaerenses-fotos\/#breadcrumb"},"inLanguage":"es","potentialAction":[{"@type":"ReadAction","target":["https:\/\/www.celttv.com.ar\/index.php\/2018\/10\/04\/finalizaron-las-competencias-en-los-torneos-bonaerenses-fotos\/"]}]},{"@type":"BreadcrumbList","@id":"https:\/\/www.celttv.com.ar\/index.php\/2018\/10\/04\/finalizaron-las-competencias-en-los-torneos-bonaerenses-fotos\/#breadcrumb","itemListElement":[{"@type":"ListItem","position":1,"name":"Inicio","item":"https:\/\/www.celttv.com.ar\/"},{"@type":"ListItem","position":2,"name":"Finalizaron las competencias en los Torneos Bonaerenses (Fotos)"}]},{"@type":"WebSite","@id":"https:\/\/www.celttv.com.ar\/#website","url":"https:\/\/www.celttv.com.ar\/","name":"CELTTV","description":"Cooperativa El\u00e9ctrica de Tornquist","publisher":{"@id":"https:\/\/www.celttv.com.ar\/#organization"},"potentialAction":[{"@type":"SearchAction","target":{"@type":"EntryPoint","urlTemplate":"https:\/\/www.celttv.com.ar\/?s={search_term_string}"},"query-input":"required name=search_term_string"}],"inLanguage":"es"},{"@type":"Organization","@id":"https:\/\/www.celttv.com.ar\/#organization","name":"CELTTV","url":"https:\/\/www.celttv.com.ar\/","sameAs":["https:\/\/www.youtube.com\/channel\/UCz_oIt8Hig64Ub-EmcNPIhg","https:\/\/www.facebook.com\/celtTV\/"],"logo":{"@type":"ImageObject","inLanguage":"es","@id":"https:\/\/www.celttv.com.ar\/#\/schema\/logo\/image\/","url":"http:\/\/www.celttv.com.ar\/wp-content\/uploads\/2022\/08\/logo-1.png","contentUrl":"http:\/\/www.celttv.com.ar\/wp-content\/uploads\/2022\/08\/logo-1.png","width":461,"height":159,"caption":"CELTTV"},"image":{"@id":"https:\/\/www.celttv.com.ar\/#\/schema\/logo\/image\/"}},{"@type":"Person","@id":"https:\/\/www.celttv.com.ar\/#\/schema\/person\/6d99c072dba59953809c81446e9d0ace","name":"ulises","image":{"@type":"ImageObject","inLanguage":"es","@id":"https:\/\/www.celttv.com.ar\/#\/schema\/person\/image\/","url":"https:\/\/secure.gravatar.com\/avatar\/7f2c48bdc33b30088f941fb6082e555f2874c98e20cb159d7b92b50eadfce793?s=96&d=mm&r=g","contentUrl":"https:\/\/secure.gravatar.com\/avatar\/7f2c48bdc33b30088f941fb6082e555f2874c98e20cb159d7b92b50eadfce793?s=96&d=mm&r=g","caption":"ulises"},"sameAs":["http:\/\/www.celttv.com.ar"]}]}},"_links":{"self":[{"href":"https:\/\/www.celttv.com.ar\/index.php\/wp-json\/wp\/v2\/posts\/37789","targetHints":{"allow":["GET"]}}],"collection":[{"href":"https:\/\/www.celttv.com.ar\/index.php\/wp-json\/wp\/v2\/posts"}],"about":[{"href":"https:\/\/www.celttv.com.ar\/index.php\/wp-json\/wp\/v2\/types\/post"}],"author":[{"embeddable":true,"href":"https:\/\/www.celttv.com.ar\/index.php\/wp-json\/wp\/v2\/users\/1"}],"replies":[{"embeddable":true,"href":"https:\/\/www.celttv.com.ar\/index.php\/wp-json\/wp\/v2\/comments?post=37789"}],"version-history":[{"count":0,"href":"https:\/\/www.celttv.com.ar\/index.php\/wp-json\/wp\/v2\/posts\/37789\/revisions"}],"wp:featuredmedia":[{"embeddable":true,"href":"https:\/\/www.celttv.com.ar\/index.php\/wp-json\/wp\/v2\/media\/37795"}],"wp:attachment":[{"href":"https:\/\/www.celttv.com.ar\/index.php\/wp-json\/wp\/v2\/media?parent=37789"}],"wp:term":[{"taxonomy":"category","embeddable":true,"href":"https:\/\/www.celttv.com.ar\/index.php\/wp-json\/wp\/v2\/categories?post=37789"},{"taxonomy":"post_tag","embeddable":true,"href":"https:\/\/www.celttv.com.ar\/index.php\/wp-json\/wp\/v2\/tags?post=37789"}],"curies":[{"name":"wp","href":"https:\/\/api.w.org\/{rel}","templated":true}]}}