{"id":37797,"date":"2018-10-04T20:06:53","date_gmt":"2018-10-04T20:06:53","guid":{"rendered":"http:\/\/www.celttv.com.ar\/?p=37797"},"modified":"2018-10-04T20:06:53","modified_gmt":"2018-10-04T20:06:53","slug":"alumnos-de-tornquist-participaron-del-parlamento-juvenil-del-mercosur","status":"publish","type":"post","link":"https:\/\/www.celttv.com.ar\/index.php\/2018\/10\/04\/alumnos-de-tornquist-participaron-del-parlamento-juvenil-del-mercosur\/","title":{"rendered":"Alumnos de Tornquist participaron  del Parlamento Juvenil del Mercosur"},"content":{"rendered":"<p>En la ma\u00f1ana del 1\u00ba de octubre partieron hacia la ciudad de La Plata, los alumnos que representar\u00e1n a nuestro distrito en la Instancia Provincial del Parlamento Juvenil del Mercosur.<\/p>\n<div>\u00a0 \u00a0 La delegaci\u00f3n estuvo compuesta por : Mora Alvarez ( CEPT N\u00ba 12) , Emilio Torrecillla ( Escuela Secundaria N\u00ba 1) ,\u00a0 Valent\u00edn Apelans ( Escuela Agraria N\u00ba 1) , Agustina Chena ( Escuela T\u00e9cnica N\u00ba 1) , Martina Romero ( Escuela Secundaria N\u00ba 5) , MaiaDittler ( Escuela Secundaria N\u00ba 6)\u00a0 y Natal\u00ed Sol\u00eds ( Colegio NtraSra de Lujan). Viajaron acompa\u00f1ados por los profesores Lorena Orazi y Santiago Maneiro.<\/div>\n<div>\u00a0 \u00a0Permanecieron en la capital de la provincia, hasta el d\u00eda mi\u00e9rcoles por la tarde.\u00a0 Luego de dos jornadas intensas de trabajo en comisiones, dos alumnas , Martina Romero y MaiaDittler, quedaron designadas como suplentes para la Instancia Nacional de este programa<\/div>\n<div>\u00a0 \u00a0 Felicitamos tanto al\u00a0 grupo de alumnos participantes como a los docentes acompa\u00f1antes por la labor realizada, demostrando permanentemente compromiso, entusiasmo y profesionalismo.<\/div>\n<div><\/div>\n<div>\n<div id='gallery_1' class='gallery galleryid-37797 gallery-columns-3 gallery-size-medium'><figure class='gallery-item'>\n            <div class='gallery-icon landscape'>\n                <a href='https:\/\/www.celttv.com.ar\/wp-content\/uploads\/2018\/10\/parlamento-pcial-1.jpg'><img loading=\"lazy\" decoding=\"async\" width=\"300\" height=\"225\" src=\"\" class=\"attachment-medium size-medium lazyload\" alt=\"\" data-src=\"https:\/\/www.celttv.com.ar\/wp-content\/uploads\/2018\/10\/parlamento-pcial-1-300x225.jpg\" data-sizes=\"auto\" data-srcset=\"https:\/\/www.celttv.com.ar\/wp-content\/uploads\/2018\/10\/parlamento-pcial-1-300x225.jpg 300w, https:\/\/www.celttv.com.ar\/wp-content\/uploads\/2018\/10\/parlamento-pcial-1-1024x768.jpg 1024w, https:\/\/www.celttv.com.ar\/wp-content\/uploads\/2018\/10\/parlamento-pcial-1-768x576.jpg 768w, https:\/\/www.celttv.com.ar\/wp-content\/uploads\/2018\/10\/parlamento-pcial-1-750x563.jpg 750w, https:\/\/www.celttv.com.ar\/wp-content\/uploads\/2018\/10\/parlamento-pcial-1.jpg 1032w\" data-expand=\"700\" \/><\/a>\n            <\/div><\/figure><figure class='gallery-item'>\n            <div class='gallery-icon portrait'>\n                <a href='https:\/\/www.celttv.com.ar\/wp-content\/uploads\/2018\/10\/parlamento-pcial-2.jpg'><img loading=\"lazy\" decoding=\"async\" width=\"225\" height=\"300\" src=\"\" class=\"attachment-medium size-medium lazyload\" alt=\"\" data-src=\"https:\/\/www.celttv.com.ar\/wp-content\/uploads\/2018\/10\/parlamento-pcial-2-225x300.jpg\" data-sizes=\"auto\" data-srcset=\"https:\/\/www.celttv.com.ar\/wp-content\/uploads\/2018\/10\/parlamento-pcial-2-225x300.jpg 225w, https:\/\/www.celttv.com.ar\/wp-content\/uploads\/2018\/10\/parlamento-pcial-2-768x1024.jpg 768w, https:\/\/www.celttv.com.ar\/wp-content\/uploads\/2018\/10\/parlamento-pcial-2-750x1000.jpg 750w, https:\/\/www.celttv.com.ar\/wp-content\/uploads\/2018\/10\/parlamento-pcial-2.jpg 774w\" data-expand=\"700\" \/><\/a>\n            <\/div><\/figure><figure class='gallery-item'>\n            <div class='gallery-icon landscape'>\n                <a href='https:\/\/www.celttv.com.ar\/wp-content\/uploads\/2018\/10\/parlamento-pcial-3.jpg'><img loading=\"lazy\" decoding=\"async\" width=\"300\" height=\"225\" src=\"\" class=\"attachment-medium size-medium lazyload\" alt=\"\" data-src=\"https:\/\/www.celttv.com.ar\/wp-content\/uploads\/2018\/10\/parlamento-pcial-3-300x225.jpg\" data-sizes=\"auto\" data-srcset=\"https:\/\/www.celttv.com.ar\/wp-content\/uploads\/2018\/10\/parlamento-pcial-3-300x225.jpg 300w, https:\/\/www.celttv.com.ar\/wp-content\/uploads\/2018\/10\/parlamento-pcial-3-1024x768.jpg 1024w, https:\/\/www.celttv.com.ar\/wp-content\/uploads\/2018\/10\/parlamento-pcial-3-768x576.jpg 768w, https:\/\/www.celttv.com.ar\/wp-content\/uploads\/2018\/10\/parlamento-pcial-3-750x563.jpg 750w, https:\/\/www.celttv.com.ar\/wp-content\/uploads\/2018\/10\/parlamento-pcial-3.jpg 1032w\" data-expand=\"700\" \/><\/a>\n            <\/div><\/figure><br style=\"clear: both\" \/><figure class='gallery-item'>\n            <div class='gallery-icon portrait'>\n                <a href='https:\/\/www.celttv.com.ar\/wp-content\/uploads\/2018\/10\/parlamento-pcial-4.jpg'><img loading=\"lazy\" decoding=\"async\" width=\"225\" height=\"300\" src=\"\" class=\"attachment-medium size-medium lazyload\" alt=\"\" data-src=\"https:\/\/www.celttv.com.ar\/wp-content\/uploads\/2018\/10\/parlamento-pcial-4-225x300.jpg\" data-sizes=\"auto\" data-srcset=\"https:\/\/www.celttv.com.ar\/wp-content\/uploads\/2018\/10\/parlamento-pcial-4-225x300.jpg 225w, https:\/\/www.celttv.com.ar\/wp-content\/uploads\/2018\/10\/parlamento-pcial-4-768x1024.jpg 768w, https:\/\/www.celttv.com.ar\/wp-content\/uploads\/2018\/10\/parlamento-pcial-4-750x1000.jpg 750w, https:\/\/www.celttv.com.ar\/wp-content\/uploads\/2018\/10\/parlamento-pcial-4.jpg 960w\" data-expand=\"700\" \/><\/a>\n            <\/div><\/figure><figure class='gallery-item'>\n            <div class='gallery-icon portrait'>\n                <a href='https:\/\/www.celttv.com.ar\/wp-content\/uploads\/2018\/10\/parlamento-pcial-5.jpg'><img loading=\"lazy\" decoding=\"async\" width=\"225\" height=\"300\" src=\"\" class=\"attachment-medium size-medium lazyload\" alt=\"\" data-src=\"https:\/\/www.celttv.com.ar\/wp-content\/uploads\/2018\/10\/parlamento-pcial-5-225x300.jpg\" data-sizes=\"auto\" data-srcset=\"https:\/\/www.celttv.com.ar\/wp-content\/uploads\/2018\/10\/parlamento-pcial-5-225x300.jpg 225w, https:\/\/www.celttv.com.ar\/wp-content\/uploads\/2018\/10\/parlamento-pcial-5-768x1024.jpg 768w, https:\/\/www.celttv.com.ar\/wp-content\/uploads\/2018\/10\/parlamento-pcial-5-750x1000.jpg 750w, https:\/\/www.celttv.com.ar\/wp-content\/uploads\/2018\/10\/parlamento-pcial-5.jpg 774w\" data-expand=\"700\" \/><\/a>\n            <\/div><\/figure><figure class='gallery-item'>\n            <div class='gallery-icon landscape'>\n                <a href='https:\/\/www.celttv.com.ar\/wp-content\/uploads\/2018\/10\/parlamento-pcial-6.jpg'><img loading=\"lazy\" decoding=\"async\" width=\"300\" height=\"169\" src=\"\" class=\"attachment-medium size-medium lazyload\" alt=\"\" data-src=\"https:\/\/www.celttv.com.ar\/wp-content\/uploads\/2018\/10\/parlamento-pcial-6-300x169.jpg\" data-sizes=\"auto\" data-srcset=\"https:\/\/www.celttv.com.ar\/wp-content\/uploads\/2018\/10\/parlamento-pcial-6-300x169.jpg 300w, https:\/\/www.celttv.com.ar\/wp-content\/uploads\/2018\/10\/parlamento-pcial-6-1024x576.jpg 1024w, https:\/\/www.celttv.com.ar\/wp-content\/uploads\/2018\/10\/parlamento-pcial-6-768x432.jpg 768w, https:\/\/www.celttv.com.ar\/wp-content\/uploads\/2018\/10\/parlamento-pcial-6-750x422.jpg 750w, https:\/\/www.celttv.com.ar\/wp-content\/uploads\/2018\/10\/parlamento-pcial-6-1140x641.jpg 1140w, https:\/\/www.celttv.com.ar\/wp-content\/uploads\/2018\/10\/parlamento-pcial-6.jpg 1280w\" data-expand=\"700\" \/><\/a>\n            <\/div><\/figure><br style=\"clear: both\" \/><figure class='gallery-item'>\n            <div class='gallery-icon landscape'>\n                <a href='https:\/\/www.celttv.com.ar\/wp-content\/uploads\/2018\/10\/parlamento-pcial-7.jpg'><img loading=\"lazy\" decoding=\"async\" width=\"300\" height=\"225\" src=\"\" class=\"attachment-medium size-medium lazyload\" alt=\"\" data-src=\"https:\/\/www.celttv.com.ar\/wp-content\/uploads\/2018\/10\/parlamento-pcial-7-300x225.jpg\" data-sizes=\"auto\" data-srcset=\"https:\/\/www.celttv.com.ar\/wp-content\/uploads\/2018\/10\/parlamento-pcial-7-300x225.jpg 300w, https:\/\/www.celttv.com.ar\/wp-content\/uploads\/2018\/10\/parlamento-pcial-7-1024x768.jpg 1024w, https:\/\/www.celttv.com.ar\/wp-content\/uploads\/2018\/10\/parlamento-pcial-7-768x576.jpg 768w, https:\/\/www.celttv.com.ar\/wp-content\/uploads\/2018\/10\/parlamento-pcial-7-750x563.jpg 750w, https:\/\/www.celttv.com.ar\/wp-content\/uploads\/2018\/10\/parlamento-pcial-7.jpg 1032w\" data-expand=\"700\" \/><\/a>\n            <\/div><\/figure><figure class='gallery-item'>\n            <div class='gallery-icon portrait'>\n                <a href='https:\/\/www.celttv.com.ar\/wp-content\/uploads\/2018\/10\/parlamento-pcial-8.jpg'><img loading=\"lazy\" decoding=\"async\" width=\"225\" height=\"300\" src=\"\" class=\"attachment-medium size-medium lazyload\" alt=\"\" data-src=\"https:\/\/www.celttv.com.ar\/wp-content\/uploads\/2018\/10\/parlamento-pcial-8-225x300.jpg\" data-sizes=\"auto\" data-srcset=\"https:\/\/www.celttv.com.ar\/wp-content\/uploads\/2018\/10\/parlamento-pcial-8-225x300.jpg 225w, https:\/\/www.celttv.com.ar\/wp-content\/uploads\/2018\/10\/parlamento-pcial-8-768x1024.jpg 768w, https:\/\/www.celttv.com.ar\/wp-content\/uploads\/2018\/10\/parlamento-pcial-8-750x1000.jpg 750w, https:\/\/www.celttv.com.ar\/wp-content\/uploads\/2018\/10\/parlamento-pcial-8.jpg 960w\" data-expand=\"700\" \/><\/a>\n            <\/div><\/figure>\n            <br style='clear: both' \/>\n        <\/div>\n\n<\/div>\n<div><\/div>\n<div><\/div>\n<div><\/div>\n","protected":false},"excerpt":{"rendered":"<p>En la ma\u00f1ana del 1\u00ba de octubre partieron hacia la ciudad de La Plata, los alumnos que representar\u00e1n a nuestro distrito en la Instancia Provincial del Parlamento Juvenil del Mercosur. \u00a0 \u00a0 La delegaci\u00f3n estuvo compuesta por : Mora Alvarez ( CEPT N\u00ba 12) , Emilio Torrecillla ( Escuela Secundaria N\u00ba 1) ,\u00a0 Valent\u00edn Apelans [&hellip;]<\/p>\n","protected":false},"author":1,"featured_media":37801,"comment_status":"closed","ping_status":"open","sticky":false,"template":"","format":"standard","meta":{"footnotes":""},"categories":[51,52],"tags":[],"class_list":["post-37797","post","type-post","status-publish","format-standard","has-post-thumbnail","hentry","category-comunidad","category-destacadas"],"yoast_head":"<!-- This site is optimized with the Yoast SEO plugin v19.7.1 - https:\/\/yoast.com\/wordpress\/plugins\/seo\/ -->\n<title>Alumnos de Tornquist participaron del Parlamento Juvenil del Mercosur - CELTTV<\/title>\n<meta name=\"description\" content=\"Sitio web de noticias de la localidad de Tornquist, provincia de Buenos Aires, Rep\u00fablica Argentina. Contenido propio originado por periodistas de CELTTV, el canal de TV local de la Cooperativa El\u00e9ctrica de Tornquist. Turismo, Pol\u00edtica, Sociedad, Deporte, Cultura y todo el contenido de inter\u00e9s general que la gente del pueblo y la regi\u00f3n debe conocer.\" \/>\n<meta name=\"robots\" content=\"index, follow, max-snippet:-1, max-image-preview:large, max-video-preview:-1\" \/>\n<link rel=\"canonical\" href=\"https:\/\/www.celttv.com.ar\/index.php\/2018\/10\/04\/alumnos-de-tornquist-participaron-del-parlamento-juvenil-del-mercosur\/\" \/>\n<meta property=\"og:locale\" content=\"es_ES\" \/>\n<meta property=\"og:type\" content=\"article\" \/>\n<meta property=\"og:title\" content=\"Alumnos de Tornquist participaron del Parlamento Juvenil del Mercosur - CELTTV\" \/>\n<meta property=\"og:description\" content=\"Sitio web de noticias de la localidad de Tornquist, provincia de Buenos Aires, Rep\u00fablica Argentina. Contenido propio originado por periodistas de CELTTV, el canal de TV local de la Cooperativa El\u00e9ctrica de Tornquist. Turismo, Pol\u00edtica, Sociedad, Deporte, Cultura y todo el contenido de inter\u00e9s general que la gente del pueblo y la regi\u00f3n debe conocer.\" \/>\n<meta property=\"og:url\" content=\"https:\/\/www.celttv.com.ar\/index.php\/2018\/10\/04\/alumnos-de-tornquist-participaron-del-parlamento-juvenil-del-mercosur\/\" \/>\n<meta property=\"og:site_name\" content=\"CELTTV\" \/>\n<meta property=\"article:publisher\" content=\"https:\/\/www.facebook.com\/celtTV\/\" \/>\n<meta property=\"article:published_time\" content=\"2018-10-04T20:06:53+00:00\" \/>\n<meta property=\"og:image\" content=\"https:\/\/www.celttv.com.ar\/wp-content\/uploads\/2018\/10\/parlamento-pcial-3.jpg\" \/>\n\t<meta property=\"og:image:width\" content=\"1032\" \/>\n\t<meta property=\"og:image:height\" content=\"774\" \/>\n\t<meta property=\"og:image:type\" content=\"image\/jpeg\" \/>\n<meta name=\"author\" content=\"ulises\" \/>\n<meta name=\"twitter:card\" content=\"summary_large_image\" \/>\n<meta name=\"twitter:label1\" content=\"Escrito por\" \/>\n\t<meta name=\"twitter:data1\" content=\"ulises\" \/>\n\t<meta name=\"twitter:label2\" content=\"Tiempo de lectura\" \/>\n\t<meta name=\"twitter:data2\" content=\"1 minuto\" \/>\n<script type=\"application\/ld+json\" class=\"yoast-schema-graph\">{\"@context\":\"https:\/\/schema.org\",\"@graph\":[{\"@type\":\"NewsArticle\",\"@id\":\"https:\/\/www.celttv.com.ar\/index.php\/2018\/10\/04\/alumnos-de-tornquist-participaron-del-parlamento-juvenil-del-mercosur\/#article\",\"isPartOf\":{\"@id\":\"https:\/\/www.celttv.com.ar\/index.php\/2018\/10\/04\/alumnos-de-tornquist-participaron-del-parlamento-juvenil-del-mercosur\/\"},\"author\":{\"name\":\"ulises\",\"@id\":\"https:\/\/www.celttv.com.ar\/#\/schema\/person\/6d99c072dba59953809c81446e9d0ace\"},\"headline\":\"Alumnos de Tornquist participaron del Parlamento Juvenil del Mercosur\",\"datePublished\":\"2018-10-04T20:06:53+00:00\",\"dateModified\":\"2018-10-04T20:06:53+00:00\",\"mainEntityOfPage\":{\"@id\":\"https:\/\/www.celttv.com.ar\/index.php\/2018\/10\/04\/alumnos-de-tornquist-participaron-del-parlamento-juvenil-del-mercosur\/\"},\"wordCount\":164,\"publisher\":{\"@id\":\"https:\/\/www.celttv.com.ar\/#organization\"},\"articleSection\":[\"Comunidad\",\"Destacadas\"],\"inLanguage\":\"es\"},{\"@type\":\"WebPage\",\"@id\":\"https:\/\/www.celttv.com.ar\/index.php\/2018\/10\/04\/alumnos-de-tornquist-participaron-del-parlamento-juvenil-del-mercosur\/\",\"url\":\"https:\/\/www.celttv.com.ar\/index.php\/2018\/10\/04\/alumnos-de-tornquist-participaron-del-parlamento-juvenil-del-mercosur\/\",\"name\":\"Alumnos de Tornquist participaron del Parlamento Juvenil del Mercosur - CELTTV\",\"isPartOf\":{\"@id\":\"https:\/\/www.celttv.com.ar\/#website\"},\"datePublished\":\"2018-10-04T20:06:53+00:00\",\"dateModified\":\"2018-10-04T20:06:53+00:00\",\"description\":\"Sitio web de noticias de la localidad de Tornquist, provincia de Buenos Aires, Rep\u00fablica Argentina. Contenido propio originado por periodistas de CELTTV, el canal de TV local de la Cooperativa El\u00e9ctrica de Tornquist. Turismo, Pol\u00edtica, Sociedad, Deporte, Cultura y todo el contenido de inter\u00e9s general que la gente del pueblo y la regi\u00f3n debe conocer.\",\"breadcrumb\":{\"@id\":\"https:\/\/www.celttv.com.ar\/index.php\/2018\/10\/04\/alumnos-de-tornquist-participaron-del-parlamento-juvenil-del-mercosur\/#breadcrumb\"},\"inLanguage\":\"es\",\"potentialAction\":[{\"@type\":\"ReadAction\",\"target\":[\"https:\/\/www.celttv.com.ar\/index.php\/2018\/10\/04\/alumnos-de-tornquist-participaron-del-parlamento-juvenil-del-mercosur\/\"]}]},{\"@type\":\"BreadcrumbList\",\"@id\":\"https:\/\/www.celttv.com.ar\/index.php\/2018\/10\/04\/alumnos-de-tornquist-participaron-del-parlamento-juvenil-del-mercosur\/#breadcrumb\",\"itemListElement\":[{\"@type\":\"ListItem\",\"position\":1,\"name\":\"Inicio\",\"item\":\"https:\/\/www.celttv.com.ar\/\"},{\"@type\":\"ListItem\",\"position\":2,\"name\":\"Alumnos de Tornquist participaron del Parlamento Juvenil del Mercosur\"}]},{\"@type\":\"WebSite\",\"@id\":\"https:\/\/www.celttv.com.ar\/#website\",\"url\":\"https:\/\/www.celttv.com.ar\/\",\"name\":\"CELTTV\",\"description\":\"Cooperativa El\u00e9ctrica de Tornquist\",\"publisher\":{\"@id\":\"https:\/\/www.celttv.com.ar\/#organization\"},\"potentialAction\":[{\"@type\":\"SearchAction\",\"target\":{\"@type\":\"EntryPoint\",\"urlTemplate\":\"https:\/\/www.celttv.com.ar\/?s={search_term_string}\"},\"query-input\":\"required name=search_term_string\"}],\"inLanguage\":\"es\"},{\"@type\":\"Organization\",\"@id\":\"https:\/\/www.celttv.com.ar\/#organization\",\"name\":\"CELTTV\",\"url\":\"https:\/\/www.celttv.com.ar\/\",\"sameAs\":[\"https:\/\/www.youtube.com\/channel\/UCz_oIt8Hig64Ub-EmcNPIhg\",\"https:\/\/www.facebook.com\/celtTV\/\"],\"logo\":{\"@type\":\"ImageObject\",\"inLanguage\":\"es\",\"@id\":\"https:\/\/www.celttv.com.ar\/#\/schema\/logo\/image\/\",\"url\":\"http:\/\/www.celttv.com.ar\/wp-content\/uploads\/2022\/08\/logo-1.png\",\"contentUrl\":\"http:\/\/www.celttv.com.ar\/wp-content\/uploads\/2022\/08\/logo-1.png\",\"width\":461,\"height\":159,\"caption\":\"CELTTV\"},\"image\":{\"@id\":\"https:\/\/www.celttv.com.ar\/#\/schema\/logo\/image\/\"}},{\"@type\":\"Person\",\"@id\":\"https:\/\/www.celttv.com.ar\/#\/schema\/person\/6d99c072dba59953809c81446e9d0ace\",\"name\":\"ulises\",\"image\":{\"@type\":\"ImageObject\",\"inLanguage\":\"es\",\"@id\":\"https:\/\/www.celttv.com.ar\/#\/schema\/person\/image\/\",\"url\":\"https:\/\/secure.gravatar.com\/avatar\/7f2c48bdc33b30088f941fb6082e555f2874c98e20cb159d7b92b50eadfce793?s=96&d=mm&r=g\",\"contentUrl\":\"https:\/\/secure.gravatar.com\/avatar\/7f2c48bdc33b30088f941fb6082e555f2874c98e20cb159d7b92b50eadfce793?s=96&d=mm&r=g\",\"caption\":\"ulises\"},\"sameAs\":[\"http:\/\/www.celttv.com.ar\"]}]}<\/script>\n<!-- \/ Yoast SEO plugin. -->","yoast_head_json":{"title":"Alumnos de Tornquist participaron del Parlamento Juvenil del Mercosur - CELTTV","description":"Sitio web de noticias de la localidad de Tornquist, provincia de Buenos Aires, Rep\u00fablica Argentina. Contenido propio originado por periodistas de CELTTV, el canal de TV local de la Cooperativa El\u00e9ctrica de Tornquist. Turismo, Pol\u00edtica, Sociedad, Deporte, Cultura y todo el contenido de inter\u00e9s general que la gente del pueblo y la regi\u00f3n debe conocer.","robots":{"index":"index","follow":"follow","max-snippet":"max-snippet:-1","max-image-preview":"max-image-preview:large","max-video-preview":"max-video-preview:-1"},"canonical":"https:\/\/www.celttv.com.ar\/index.php\/2018\/10\/04\/alumnos-de-tornquist-participaron-del-parlamento-juvenil-del-mercosur\/","og_locale":"es_ES","og_type":"article","og_title":"Alumnos de Tornquist participaron del Parlamento Juvenil del Mercosur - CELTTV","og_description":"Sitio web de noticias de la localidad de Tornquist, provincia de Buenos Aires, Rep\u00fablica Argentina. Contenido propio originado por periodistas de CELTTV, el canal de TV local de la Cooperativa El\u00e9ctrica de Tornquist. Turismo, Pol\u00edtica, Sociedad, Deporte, Cultura y todo el contenido de inter\u00e9s general que la gente del pueblo y la regi\u00f3n debe conocer.","og_url":"https:\/\/www.celttv.com.ar\/index.php\/2018\/10\/04\/alumnos-de-tornquist-participaron-del-parlamento-juvenil-del-mercosur\/","og_site_name":"CELTTV","article_publisher":"https:\/\/www.facebook.com\/celtTV\/","article_published_time":"2018-10-04T20:06:53+00:00","og_image":[{"width":1032,"height":774,"url":"https:\/\/www.celttv.com.ar\/wp-content\/uploads\/2018\/10\/parlamento-pcial-3.jpg","type":"image\/jpeg"}],"author":"ulises","twitter_card":"summary_large_image","twitter_misc":{"Escrito por":"ulises","Tiempo de lectura":"1 minuto"},"schema":{"@context":"https:\/\/schema.org","@graph":[{"@type":"NewsArticle","@id":"https:\/\/www.celttv.com.ar\/index.php\/2018\/10\/04\/alumnos-de-tornquist-participaron-del-parlamento-juvenil-del-mercosur\/#article","isPartOf":{"@id":"https:\/\/www.celttv.com.ar\/index.php\/2018\/10\/04\/alumnos-de-tornquist-participaron-del-parlamento-juvenil-del-mercosur\/"},"author":{"name":"ulises","@id":"https:\/\/www.celttv.com.ar\/#\/schema\/person\/6d99c072dba59953809c81446e9d0ace"},"headline":"Alumnos de Tornquist participaron del Parlamento Juvenil del Mercosur","datePublished":"2018-10-04T20:06:53+00:00","dateModified":"2018-10-04T20:06:53+00:00","mainEntityOfPage":{"@id":"https:\/\/www.celttv.com.ar\/index.php\/2018\/10\/04\/alumnos-de-tornquist-participaron-del-parlamento-juvenil-del-mercosur\/"},"wordCount":164,"publisher":{"@id":"https:\/\/www.celttv.com.ar\/#organization"},"articleSection":["Comunidad","Destacadas"],"inLanguage":"es"},{"@type":"WebPage","@id":"https:\/\/www.celttv.com.ar\/index.php\/2018\/10\/04\/alumnos-de-tornquist-participaron-del-parlamento-juvenil-del-mercosur\/","url":"https:\/\/www.celttv.com.ar\/index.php\/2018\/10\/04\/alumnos-de-tornquist-participaron-del-parlamento-juvenil-del-mercosur\/","name":"Alumnos de Tornquist participaron del Parlamento Juvenil del Mercosur - CELTTV","isPartOf":{"@id":"https:\/\/www.celttv.com.ar\/#website"},"datePublished":"2018-10-04T20:06:53+00:00","dateModified":"2018-10-04T20:06:53+00:00","description":"Sitio web de noticias de la localidad de Tornquist, provincia de Buenos Aires, Rep\u00fablica Argentina. Contenido propio originado por periodistas de CELTTV, el canal de TV local de la Cooperativa El\u00e9ctrica de Tornquist. Turismo, Pol\u00edtica, Sociedad, Deporte, Cultura y todo el contenido de inter\u00e9s general que la gente del pueblo y la regi\u00f3n debe conocer.","breadcrumb":{"@id":"https:\/\/www.celttv.com.ar\/index.php\/2018\/10\/04\/alumnos-de-tornquist-participaron-del-parlamento-juvenil-del-mercosur\/#breadcrumb"},"inLanguage":"es","potentialAction":[{"@type":"ReadAction","target":["https:\/\/www.celttv.com.ar\/index.php\/2018\/10\/04\/alumnos-de-tornquist-participaron-del-parlamento-juvenil-del-mercosur\/"]}]},{"@type":"BreadcrumbList","@id":"https:\/\/www.celttv.com.ar\/index.php\/2018\/10\/04\/alumnos-de-tornquist-participaron-del-parlamento-juvenil-del-mercosur\/#breadcrumb","itemListElement":[{"@type":"ListItem","position":1,"name":"Inicio","item":"https:\/\/www.celttv.com.ar\/"},{"@type":"ListItem","position":2,"name":"Alumnos de Tornquist participaron del Parlamento Juvenil del Mercosur"}]},{"@type":"WebSite","@id":"https:\/\/www.celttv.com.ar\/#website","url":"https:\/\/www.celttv.com.ar\/","name":"CELTTV","description":"Cooperativa El\u00e9ctrica de Tornquist","publisher":{"@id":"https:\/\/www.celttv.com.ar\/#organization"},"potentialAction":[{"@type":"SearchAction","target":{"@type":"EntryPoint","urlTemplate":"https:\/\/www.celttv.com.ar\/?s={search_term_string}"},"query-input":"required name=search_term_string"}],"inLanguage":"es"},{"@type":"Organization","@id":"https:\/\/www.celttv.com.ar\/#organization","name":"CELTTV","url":"https:\/\/www.celttv.com.ar\/","sameAs":["https:\/\/www.youtube.com\/channel\/UCz_oIt8Hig64Ub-EmcNPIhg","https:\/\/www.facebook.com\/celtTV\/"],"logo":{"@type":"ImageObject","inLanguage":"es","@id":"https:\/\/www.celttv.com.ar\/#\/schema\/logo\/image\/","url":"http:\/\/www.celttv.com.ar\/wp-content\/uploads\/2022\/08\/logo-1.png","contentUrl":"http:\/\/www.celttv.com.ar\/wp-content\/uploads\/2022\/08\/logo-1.png","width":461,"height":159,"caption":"CELTTV"},"image":{"@id":"https:\/\/www.celttv.com.ar\/#\/schema\/logo\/image\/"}},{"@type":"Person","@id":"https:\/\/www.celttv.com.ar\/#\/schema\/person\/6d99c072dba59953809c81446e9d0ace","name":"ulises","image":{"@type":"ImageObject","inLanguage":"es","@id":"https:\/\/www.celttv.com.ar\/#\/schema\/person\/image\/","url":"https:\/\/secure.gravatar.com\/avatar\/7f2c48bdc33b30088f941fb6082e555f2874c98e20cb159d7b92b50eadfce793?s=96&d=mm&r=g","contentUrl":"https:\/\/secure.gravatar.com\/avatar\/7f2c48bdc33b30088f941fb6082e555f2874c98e20cb159d7b92b50eadfce793?s=96&d=mm&r=g","caption":"ulises"},"sameAs":["http:\/\/www.celttv.com.ar"]}]}},"_links":{"self":[{"href":"https:\/\/www.celttv.com.ar\/index.php\/wp-json\/wp\/v2\/posts\/37797","targetHints":{"allow":["GET"]}}],"collection":[{"href":"https:\/\/www.celttv.com.ar\/index.php\/wp-json\/wp\/v2\/posts"}],"about":[{"href":"https:\/\/www.celttv.com.ar\/index.php\/wp-json\/wp\/v2\/types\/post"}],"author":[{"embeddable":true,"href":"https:\/\/www.celttv.com.ar\/index.php\/wp-json\/wp\/v2\/users\/1"}],"replies":[{"embeddable":true,"href":"https:\/\/www.celttv.com.ar\/index.php\/wp-json\/wp\/v2\/comments?post=37797"}],"version-history":[{"count":0,"href":"https:\/\/www.celttv.com.ar\/index.php\/wp-json\/wp\/v2\/posts\/37797\/revisions"}],"wp:featuredmedia":[{"embeddable":true,"href":"https:\/\/www.celttv.com.ar\/index.php\/wp-json\/wp\/v2\/media\/37801"}],"wp:attachment":[{"href":"https:\/\/www.celttv.com.ar\/index.php\/wp-json\/wp\/v2\/media?parent=37797"}],"wp:term":[{"taxonomy":"category","embeddable":true,"href":"https:\/\/www.celttv.com.ar\/index.php\/wp-json\/wp\/v2\/categories?post=37797"},{"taxonomy":"post_tag","embeddable":true,"href":"https:\/\/www.celttv.com.ar\/index.php\/wp-json\/wp\/v2\/tags?post=37797"}],"curies":[{"name":"wp","href":"https:\/\/api.w.org\/{rel}","templated":true}]}}