{"id":37811,"date":"2018-10-04T21:35:54","date_gmt":"2018-10-04T21:35:54","guid":{"rendered":"http:\/\/www.celttv.com.ar\/?p=37811"},"modified":"2018-10-04T21:35:54","modified_gmt":"2018-10-04T21:35:54","slug":"37811","status":"publish","type":"post","link":"https:\/\/www.celttv.com.ar\/index.php\/2018\/10\/04\/37811\/","title":{"rendered":"Desde el lunes habr\u00e1 dos consultorios m\u00f3viles para brindar atenci\u00f3n integral de la salud de manera gratuita (fotos y video entrevista)"},"content":{"rendered":"<p><strong>CELT TV<\/strong> &#8211; Dos m\u00f3viles (camiones)\u00a0para brindar atenci\u00f3n integral de la salud de manera gratiuta, llegar\u00e1n a nuestra ciudad el pr\u00f3ximo lunes 8 y atender\u00e1n en el Parque Lineal hasta el viernes 12.<br \/>\nAs\u00ed lo confirmaron a este medio los integrantes del Ministerio de Desarrollo Social de la Naci\u00f3n que se reunieron en el despacho del Intendente Municipal con el Secretario de Acci\u00f3n Social Fabio Gonzalez, la Secretaria de Salud Marcela Guido y la Inspectora Jefe de Ense\u00f1anza Mar\u00eda Rosa Gonzalez.<br \/>\nAdrian Garay, Laura Apolo y Rodrigo Sarti del mencionado Ministerio, comentaron el servicio que prestan estas unidades que permiten brindar atenci\u00f3n integral de la salud de manera gratuita para la comunidad.<br \/>\n\u201cEl objetivo es hacer atenci\u00f3n primaria de salud y un abordaje territorial en toda la zona de Tornquist y alrededores con trabajadores sociales y psic\u00f3logas. Esto una continuaci\u00f3n del trabajo que ven\u00edamos haciendo con los trenes sanitarios\u201d, explic\u00f3 en di\u00e1logo con nuestro medio Salti.<br \/>\nSalti indic\u00f3 que el dispositivo posee \u201cdos consultorios odontol\u00f3gicos por cami\u00f3n, por lo que habr\u00e1 cuatro sillones con cuatro odont\u00f3logos y asistentes; una f\u00e1brica de lentes y un consultorio oftalmol\u00f3gico: la gente se atiende con el oftalm\u00f3logo y, si es necesario, se hacen los lentes en el momento y a la tarde se los lleva puestos\u201d.<br \/>\nPolo, por su parte, agreg\u00f3 que \u201cla idea es el servicio que llegue la gente m\u00e1s vulnerable, por eso siempre llamamos a la solidaridad del pueblo para que vengan principalmente los que m\u00e1s necesitan\u201d.<br \/>\n\u201cEl equipo de abordaje territorial visitar\u00e1 instituciones, escuelas y grupos; su objetivo es llegar a aquellos que no se pueden acercar los m\u00f3viles\u201d, dijo.<br \/>\nA su turno, Garay inform\u00f3 que la atenci\u00f3n es totalmente gratuita y se efect\u00faa por orden de llegada. \u201cA partir de las 8.30 hs vamos a dar los turnos de odontolog\u00eda y oftalmolog\u00eda de la ma\u00f1ana, y desde las 13.30 hs los de la tarde\u201d.<br \/>\n\u201cAdem\u00e1s el lunes a la ma\u00f1ana vamos a tener una reuni\u00f3n con las instituciones locales; y en la semana nos acompa\u00f1ar\u00e1n representantes de la biblioteca del Congreso Nacional para realizar actividades con colegios y ni\u00f1os\u201d, adelant\u00f3.<br \/>\nPara ser atendido el \u00fanico requisito es acercarse presencialmente, presentar el DNI, aguardando en la fila correspondiente al servicio en cuesti\u00f3n.<br \/>\nLos turnos se reparten de forma individual y por orden de llegada, es decir, se entrega un turno por persona presente en la fila. Luego, sus datos ser\u00e1n cargados al sistema, y pasar a aguardar afuera del dispositivo para recibir atenci\u00f3n<br \/>\nCabe destacar que el dia viernes 12 se brindar\u00e1 atencion a los vecinos de Saldungaray, Sierra de la ventan, Villa Ventana, La Gruta, San Andres, Chasic y Tres Picos.<br \/>\nSe ruega a la poblaci\u00f3n de tener consideraci\u00f3n ya que se priorizar\u00e1\u00a0 la atenci\u00f3n de aquellos vecinos que no cuentan con obra social.<br \/>\n<strong>Trabajo Social<\/strong><br \/>\nCompuesta por trabajadores sociales que asesorar\u00e1n sobre los distintos programas sociales pertenecientes al Ministerio de Desarrollo Social de la Naci\u00f3n.<br \/>\n<strong>\u00c1rea Odontolog\u00eda<\/strong><br \/>\nEl servicio de odontolog\u00eda es ofrecer atenci\u00f3n primaria de la salud como arreglos de caries, limpiezas y control dental.<br \/>\nLa cantidad de turnos que se brindar\u00e1n son 30 a la ma\u00f1ana y 30 a la tarde.<br \/>\n<strong>\u00c1rea Oftalmolog\u00eda<\/strong><br \/>\nEl servicio de oftalmolog\u00eda se conforma por el espacio de refracci\u00f3n ocular equipado con gr\u00e1ficos de proyecci\u00f3n, oftalmoscopios y auto refract\u00f3metros; y la sala del laboratorio de \u00f3ptica, en el cual se elaboran y confeccionan anteojos, de entrega inmediata y gratuita.<br \/>\nLa cantidad de turnos que brindamos son 15 a la ma\u00f1ana y 15 a la tarde.<br \/>\n<strong>Abordaje Territorial<\/strong><br \/>\nEste servicio se compone por un equipo interdisciplinario de profesionales cuyo principal objetivo es realizar actividades de prevenci\u00f3n y promoci\u00f3n de la salud tanto en el marco del dispositivo como tambi\u00e9n en espacios culturales, educativos y sociales de la localidad.<br \/>\nNota y fotos: Fernando Baleix\/Marcelo Alga\u00f1araz<br \/>\n&nbsp;<br \/>\n<div id='gallery_1' class='gallery galleryid-37811 gallery-columns-3 gallery-size-medium'><figure class='gallery-item'>\n            <div class='gallery-icon landscape'>\n                <a href='https:\/\/www.celttv.com.ar\/wp-content\/uploads\/2018\/10\/IMG_20181004_155527398-Small.jpg'><img loading=\"lazy\" decoding=\"async\" width=\"300\" height=\"169\" src=\"\" class=\"attachment-medium size-medium lazyload\" alt=\"\" data-src=\"https:\/\/www.celttv.com.ar\/wp-content\/uploads\/2018\/10\/IMG_20181004_155527398-Small-300x169.jpg\" data-sizes=\"auto\" data-srcset=\"https:\/\/www.celttv.com.ar\/wp-content\/uploads\/2018\/10\/IMG_20181004_155527398-Small-300x169.jpg 300w, https:\/\/www.celttv.com.ar\/wp-content\/uploads\/2018\/10\/IMG_20181004_155527398-Small-768x432.jpg 768w, https:\/\/www.celttv.com.ar\/wp-content\/uploads\/2018\/10\/IMG_20181004_155527398-Small-750x422.jpg 750w, https:\/\/www.celttv.com.ar\/wp-content\/uploads\/2018\/10\/IMG_20181004_155527398-Small.jpg 853w\" data-expand=\"700\" \/><\/a>\n            <\/div><\/figure><figure class='gallery-item'>\n            <div class='gallery-icon landscape'>\n                <a href='https:\/\/www.celttv.com.ar\/wp-content\/uploads\/2018\/10\/IMG_20181004_155532540_HDR-Small.jpg'><img loading=\"lazy\" decoding=\"async\" width=\"300\" height=\"169\" src=\"\" class=\"attachment-medium size-medium lazyload\" alt=\"\" data-src=\"https:\/\/www.celttv.com.ar\/wp-content\/uploads\/2018\/10\/IMG_20181004_155532540_HDR-Small-300x169.jpg\" data-sizes=\"auto\" data-srcset=\"https:\/\/www.celttv.com.ar\/wp-content\/uploads\/2018\/10\/IMG_20181004_155532540_HDR-Small-300x169.jpg 300w, https:\/\/www.celttv.com.ar\/wp-content\/uploads\/2018\/10\/IMG_20181004_155532540_HDR-Small-768x432.jpg 768w, https:\/\/www.celttv.com.ar\/wp-content\/uploads\/2018\/10\/IMG_20181004_155532540_HDR-Small-750x422.jpg 750w, https:\/\/www.celttv.com.ar\/wp-content\/uploads\/2018\/10\/IMG_20181004_155532540_HDR-Small.jpg 853w\" data-expand=\"700\" \/><\/a>\n            <\/div><\/figure><figure class='gallery-item'>\n            <div class='gallery-icon landscape'>\n                <a href='https:\/\/www.celttv.com.ar\/wp-content\/uploads\/2018\/10\/IMG_20181004_155541641-Small.jpg'><img loading=\"lazy\" decoding=\"async\" width=\"300\" height=\"169\" src=\"\" class=\"attachment-medium size-medium lazyload\" alt=\"\" data-src=\"https:\/\/www.celttv.com.ar\/wp-content\/uploads\/2018\/10\/IMG_20181004_155541641-Small-300x169.jpg\" data-sizes=\"auto\" data-srcset=\"https:\/\/www.celttv.com.ar\/wp-content\/uploads\/2018\/10\/IMG_20181004_155541641-Small-300x169.jpg 300w, https:\/\/www.celttv.com.ar\/wp-content\/uploads\/2018\/10\/IMG_20181004_155541641-Small-768x432.jpg 768w, https:\/\/www.celttv.com.ar\/wp-content\/uploads\/2018\/10\/IMG_20181004_155541641-Small-750x422.jpg 750w, https:\/\/www.celttv.com.ar\/wp-content\/uploads\/2018\/10\/IMG_20181004_155541641-Small.jpg 853w\" data-expand=\"700\" \/><\/a>\n            <\/div><\/figure><br style=\"clear: both\" \/><figure class='gallery-item'>\n            <div class='gallery-icon landscape'>\n                <a href='https:\/\/www.celttv.com.ar\/wp-content\/uploads\/2018\/10\/IMG_20181004_155600277-Small.jpg'><img loading=\"lazy\" decoding=\"async\" width=\"300\" height=\"169\" src=\"\" class=\"attachment-medium size-medium lazyload\" alt=\"\" data-src=\"https:\/\/www.celttv.com.ar\/wp-content\/uploads\/2018\/10\/IMG_20181004_155600277-Small-300x169.jpg\" data-sizes=\"auto\" data-srcset=\"https:\/\/www.celttv.com.ar\/wp-content\/uploads\/2018\/10\/IMG_20181004_155600277-Small-300x169.jpg 300w, https:\/\/www.celttv.com.ar\/wp-content\/uploads\/2018\/10\/IMG_20181004_155600277-Small-768x432.jpg 768w, https:\/\/www.celttv.com.ar\/wp-content\/uploads\/2018\/10\/IMG_20181004_155600277-Small-750x422.jpg 750w, https:\/\/www.celttv.com.ar\/wp-content\/uploads\/2018\/10\/IMG_20181004_155600277-Small.jpg 853w\" data-expand=\"700\" \/><\/a>\n            <\/div><\/figure><figure class='gallery-item'>\n            <div class='gallery-icon landscape'>\n                <a href='https:\/\/www.celttv.com.ar\/wp-content\/uploads\/2018\/10\/IMG_20181004_155746405-Small.jpg'><img loading=\"lazy\" decoding=\"async\" width=\"300\" height=\"169\" src=\"\" class=\"attachment-medium size-medium lazyload\" alt=\"\" data-src=\"https:\/\/www.celttv.com.ar\/wp-content\/uploads\/2018\/10\/IMG_20181004_155746405-Small-300x169.jpg\" data-sizes=\"auto\" data-srcset=\"https:\/\/www.celttv.com.ar\/wp-content\/uploads\/2018\/10\/IMG_20181004_155746405-Small-300x169.jpg 300w, https:\/\/www.celttv.com.ar\/wp-content\/uploads\/2018\/10\/IMG_20181004_155746405-Small-768x432.jpg 768w, https:\/\/www.celttv.com.ar\/wp-content\/uploads\/2018\/10\/IMG_20181004_155746405-Small-750x422.jpg 750w, https:\/\/www.celttv.com.ar\/wp-content\/uploads\/2018\/10\/IMG_20181004_155746405-Small.jpg 853w\" data-expand=\"700\" \/><\/a>\n            <\/div><\/figure><figure class='gallery-item'>\n            <div class='gallery-icon landscape'>\n                <a href='https:\/\/www.celttv.com.ar\/wp-content\/uploads\/2018\/10\/IMG_20181004_155802107_BURST001-Small.jpg'><img loading=\"lazy\" decoding=\"async\" width=\"300\" height=\"169\" src=\"\" class=\"attachment-medium size-medium lazyload\" alt=\"\" data-src=\"https:\/\/www.celttv.com.ar\/wp-content\/uploads\/2018\/10\/IMG_20181004_155802107_BURST001-Small-300x169.jpg\" data-sizes=\"auto\" data-srcset=\"https:\/\/www.celttv.com.ar\/wp-content\/uploads\/2018\/10\/IMG_20181004_155802107_BURST001-Small-300x169.jpg 300w, https:\/\/www.celttv.com.ar\/wp-content\/uploads\/2018\/10\/IMG_20181004_155802107_BURST001-Small-768x432.jpg 768w, https:\/\/www.celttv.com.ar\/wp-content\/uploads\/2018\/10\/IMG_20181004_155802107_BURST001-Small-750x422.jpg 750w, https:\/\/www.celttv.com.ar\/wp-content\/uploads\/2018\/10\/IMG_20181004_155802107_BURST001-Small.jpg 853w\" data-expand=\"700\" \/><\/a>\n            <\/div><\/figure><br style=\"clear: both\" \/><figure class='gallery-item'>\n            <div class='gallery-icon landscape'>\n                <a href='https:\/\/www.celttv.com.ar\/wp-content\/uploads\/2018\/10\/IMG_20181004_155846649-Small.jpg'><img loading=\"lazy\" decoding=\"async\" width=\"300\" height=\"169\" src=\"\" class=\"attachment-medium size-medium lazyload\" alt=\"\" data-src=\"https:\/\/www.celttv.com.ar\/wp-content\/uploads\/2018\/10\/IMG_20181004_155846649-Small-300x169.jpg\" data-sizes=\"auto\" data-srcset=\"https:\/\/www.celttv.com.ar\/wp-content\/uploads\/2018\/10\/IMG_20181004_155846649-Small-300x169.jpg 300w, https:\/\/www.celttv.com.ar\/wp-content\/uploads\/2018\/10\/IMG_20181004_155846649-Small-768x432.jpg 768w, https:\/\/www.celttv.com.ar\/wp-content\/uploads\/2018\/10\/IMG_20181004_155846649-Small-750x422.jpg 750w, https:\/\/www.celttv.com.ar\/wp-content\/uploads\/2018\/10\/IMG_20181004_155846649-Small.jpg 853w\" data-expand=\"700\" \/><\/a>\n            <\/div><\/figure>\n            <br style='clear: both' \/>\n        <\/div>\n<br \/>\n&nbsp;<\/p>\n<div class=\"jeg_video_container jeg_video_content\"><iframe loading=\"lazy\" title=\"2018 10 04 UNIDADES MOVILES DE SALUD   NOTA A RODRIGO SALTI LAURA APOLO ADRIAN GARAY\" width=\"500\" height=\"375\" src=\"https:\/\/www.youtube.com\/embed\/M6jrHjsr8xU?feature=oembed\" frameborder=\"0\" allow=\"accelerometer; autoplay; clipboard-write; encrypted-media; gyroscope; picture-in-picture; web-share\" referrerpolicy=\"strict-origin-when-cross-origin\" allowfullscreen><\/iframe><\/div>\n<p>&nbsp;<\/p>\n","protected":false},"excerpt":{"rendered":"<p>CELT TV &#8211; Dos m\u00f3viles (camiones)\u00a0para brindar atenci\u00f3n integral de la salud de manera gratiuta, llegar\u00e1n a nuestra ciudad el pr\u00f3ximo lunes 8 y atender\u00e1n en el Parque Lineal hasta el viernes 12. As\u00ed lo confirmaron a este medio los integrantes del Ministerio de Desarrollo Social de la Naci\u00f3n que se reunieron en el despacho [&hellip;]<\/p>\n","protected":false},"author":1,"featured_media":37819,"comment_status":"closed","ping_status":"open","sticky":false,"template":"","format":"standard","meta":{"footnotes":""},"categories":[51,52],"tags":[],"class_list":["post-37811","post","type-post","status-publish","format-standard","has-post-thumbnail","hentry","category-comunidad","category-destacadas"],"yoast_head":"<!-- This site is optimized with the Yoast SEO plugin v19.7.1 - https:\/\/yoast.com\/wordpress\/plugins\/seo\/ -->\n<title>Desde el lunes habr\u00e1 dos consultorios m\u00f3viles para brindar atenci\u00f3n integral de la salud de manera gratuita (fotos y video entrevista) - CELTTV<\/title>\n<meta name=\"description\" content=\"Sitio web de noticias de la localidad de Tornquist, provincia de Buenos Aires, Rep\u00fablica Argentina. Contenido propio originado por periodistas de CELTTV, el canal de TV local de la Cooperativa El\u00e9ctrica de Tornquist. Turismo, Pol\u00edtica, Sociedad, Deporte, Cultura y todo el contenido de inter\u00e9s general que la gente del pueblo y la regi\u00f3n debe conocer.\" \/>\n<meta name=\"robots\" content=\"index, follow, max-snippet:-1, max-image-preview:large, max-video-preview:-1\" \/>\n<link rel=\"canonical\" href=\"https:\/\/www.celttv.com.ar\/index.php\/2018\/10\/04\/37811\/\" \/>\n<meta property=\"og:locale\" content=\"es_ES\" \/>\n<meta property=\"og:type\" content=\"article\" \/>\n<meta property=\"og:title\" content=\"Desde el lunes habr\u00e1 dos consultorios m\u00f3viles para brindar atenci\u00f3n integral de la salud de manera gratuita (fotos y video entrevista) - CELTTV\" \/>\n<meta property=\"og:description\" content=\"Sitio web de noticias de la localidad de Tornquist, provincia de Buenos Aires, Rep\u00fablica Argentina. Contenido propio originado por periodistas de CELTTV, el canal de TV local de la Cooperativa El\u00e9ctrica de Tornquist. Turismo, Pol\u00edtica, Sociedad, Deporte, Cultura y todo el contenido de inter\u00e9s general que la gente del pueblo y la regi\u00f3n debe conocer.\" \/>\n<meta property=\"og:url\" content=\"https:\/\/www.celttv.com.ar\/index.php\/2018\/10\/04\/37811\/\" \/>\n<meta property=\"og:site_name\" content=\"CELTTV\" \/>\n<meta property=\"article:publisher\" content=\"https:\/\/www.facebook.com\/celtTV\/\" \/>\n<meta property=\"article:published_time\" content=\"2018-10-04T21:35:54+00:00\" \/>\n<meta property=\"og:image\" content=\"https:\/\/www.celttv.com.ar\/wp-content\/uploads\/2018\/10\/IMG_20181004_155746405-Small.jpg\" \/>\n\t<meta property=\"og:image:width\" content=\"853\" \/>\n\t<meta property=\"og:image:height\" content=\"480\" \/>\n\t<meta property=\"og:image:type\" content=\"image\/jpeg\" \/>\n<meta name=\"author\" content=\"ulises\" \/>\n<meta name=\"twitter:card\" content=\"summary_large_image\" \/>\n<meta name=\"twitter:label1\" content=\"Escrito por\" \/>\n\t<meta name=\"twitter:data1\" content=\"ulises\" \/>\n\t<meta name=\"twitter:label2\" content=\"Tiempo de lectura\" \/>\n\t<meta name=\"twitter:data2\" content=\"4 minutos\" \/>\n<script type=\"application\/ld+json\" class=\"yoast-schema-graph\">{\"@context\":\"https:\/\/schema.org\",\"@graph\":[{\"@type\":\"NewsArticle\",\"@id\":\"https:\/\/www.celttv.com.ar\/index.php\/2018\/10\/04\/37811\/#article\",\"isPartOf\":{\"@id\":\"https:\/\/www.celttv.com.ar\/index.php\/2018\/10\/04\/37811\/\"},\"author\":{\"name\":\"ulises\",\"@id\":\"https:\/\/www.celttv.com.ar\/#\/schema\/person\/6d99c072dba59953809c81446e9d0ace\"},\"headline\":\"Desde el lunes habr\u00e1 dos consultorios m\u00f3viles para brindar atenci\u00f3n integral de la salud de manera gratuita (fotos y video entrevista)\",\"datePublished\":\"2018-10-04T21:35:54+00:00\",\"dateModified\":\"2018-10-04T21:35:54+00:00\",\"mainEntityOfPage\":{\"@id\":\"https:\/\/www.celttv.com.ar\/index.php\/2018\/10\/04\/37811\/\"},\"wordCount\":723,\"publisher\":{\"@id\":\"https:\/\/www.celttv.com.ar\/#organization\"},\"articleSection\":[\"Comunidad\",\"Destacadas\"],\"inLanguage\":\"es\"},{\"@type\":\"WebPage\",\"@id\":\"https:\/\/www.celttv.com.ar\/index.php\/2018\/10\/04\/37811\/\",\"url\":\"https:\/\/www.celttv.com.ar\/index.php\/2018\/10\/04\/37811\/\",\"name\":\"Desde el lunes habr\u00e1 dos consultorios m\u00f3viles para brindar atenci\u00f3n integral de la salud de manera gratuita (fotos y video entrevista) - CELTTV\",\"isPartOf\":{\"@id\":\"https:\/\/www.celttv.com.ar\/#website\"},\"datePublished\":\"2018-10-04T21:35:54+00:00\",\"dateModified\":\"2018-10-04T21:35:54+00:00\",\"description\":\"Sitio web de noticias de la localidad de Tornquist, provincia de Buenos Aires, Rep\u00fablica Argentina. Contenido propio originado por periodistas de CELTTV, el canal de TV local de la Cooperativa El\u00e9ctrica de Tornquist. Turismo, Pol\u00edtica, Sociedad, Deporte, Cultura y todo el contenido de inter\u00e9s general que la gente del pueblo y la regi\u00f3n debe conocer.\",\"breadcrumb\":{\"@id\":\"https:\/\/www.celttv.com.ar\/index.php\/2018\/10\/04\/37811\/#breadcrumb\"},\"inLanguage\":\"es\",\"potentialAction\":[{\"@type\":\"ReadAction\",\"target\":[\"https:\/\/www.celttv.com.ar\/index.php\/2018\/10\/04\/37811\/\"]}]},{\"@type\":\"BreadcrumbList\",\"@id\":\"https:\/\/www.celttv.com.ar\/index.php\/2018\/10\/04\/37811\/#breadcrumb\",\"itemListElement\":[{\"@type\":\"ListItem\",\"position\":1,\"name\":\"Inicio\",\"item\":\"https:\/\/www.celttv.com.ar\/\"},{\"@type\":\"ListItem\",\"position\":2,\"name\":\"Desde el lunes habr\u00e1 dos consultorios m\u00f3viles para brindar atenci\u00f3n integral de la salud de manera gratuita (fotos y video entrevista)\"}]},{\"@type\":\"WebSite\",\"@id\":\"https:\/\/www.celttv.com.ar\/#website\",\"url\":\"https:\/\/www.celttv.com.ar\/\",\"name\":\"CELTTV\",\"description\":\"Cooperativa El\u00e9ctrica de Tornquist\",\"publisher\":{\"@id\":\"https:\/\/www.celttv.com.ar\/#organization\"},\"potentialAction\":[{\"@type\":\"SearchAction\",\"target\":{\"@type\":\"EntryPoint\",\"urlTemplate\":\"https:\/\/www.celttv.com.ar\/?s={search_term_string}\"},\"query-input\":\"required name=search_term_string\"}],\"inLanguage\":\"es\"},{\"@type\":\"Organization\",\"@id\":\"https:\/\/www.celttv.com.ar\/#organization\",\"name\":\"CELTTV\",\"url\":\"https:\/\/www.celttv.com.ar\/\",\"sameAs\":[\"https:\/\/www.youtube.com\/channel\/UCz_oIt8Hig64Ub-EmcNPIhg\",\"https:\/\/www.facebook.com\/celtTV\/\"],\"logo\":{\"@type\":\"ImageObject\",\"inLanguage\":\"es\",\"@id\":\"https:\/\/www.celttv.com.ar\/#\/schema\/logo\/image\/\",\"url\":\"http:\/\/www.celttv.com.ar\/wp-content\/uploads\/2022\/08\/logo-1.png\",\"contentUrl\":\"http:\/\/www.celttv.com.ar\/wp-content\/uploads\/2022\/08\/logo-1.png\",\"width\":461,\"height\":159,\"caption\":\"CELTTV\"},\"image\":{\"@id\":\"https:\/\/www.celttv.com.ar\/#\/schema\/logo\/image\/\"}},{\"@type\":\"Person\",\"@id\":\"https:\/\/www.celttv.com.ar\/#\/schema\/person\/6d99c072dba59953809c81446e9d0ace\",\"name\":\"ulises\",\"image\":{\"@type\":\"ImageObject\",\"inLanguage\":\"es\",\"@id\":\"https:\/\/www.celttv.com.ar\/#\/schema\/person\/image\/\",\"url\":\"https:\/\/secure.gravatar.com\/avatar\/7f2c48bdc33b30088f941fb6082e555f2874c98e20cb159d7b92b50eadfce793?s=96&d=mm&r=g\",\"contentUrl\":\"https:\/\/secure.gravatar.com\/avatar\/7f2c48bdc33b30088f941fb6082e555f2874c98e20cb159d7b92b50eadfce793?s=96&d=mm&r=g\",\"caption\":\"ulises\"},\"sameAs\":[\"http:\/\/www.celttv.com.ar\"]}]}<\/script>\n<!-- \/ Yoast SEO plugin. -->","yoast_head_json":{"title":"Desde el lunes habr\u00e1 dos consultorios m\u00f3viles para brindar atenci\u00f3n integral de la salud de manera gratuita (fotos y video entrevista) - CELTTV","description":"Sitio web de noticias de la localidad de Tornquist, provincia de Buenos Aires, Rep\u00fablica Argentina. Contenido propio originado por periodistas de CELTTV, el canal de TV local de la Cooperativa El\u00e9ctrica de Tornquist. Turismo, Pol\u00edtica, Sociedad, Deporte, Cultura y todo el contenido de inter\u00e9s general que la gente del pueblo y la regi\u00f3n debe conocer.","robots":{"index":"index","follow":"follow","max-snippet":"max-snippet:-1","max-image-preview":"max-image-preview:large","max-video-preview":"max-video-preview:-1"},"canonical":"https:\/\/www.celttv.com.ar\/index.php\/2018\/10\/04\/37811\/","og_locale":"es_ES","og_type":"article","og_title":"Desde el lunes habr\u00e1 dos consultorios m\u00f3viles para brindar atenci\u00f3n integral de la salud de manera gratuita (fotos y video entrevista) - CELTTV","og_description":"Sitio web de noticias de la localidad de Tornquist, provincia de Buenos Aires, Rep\u00fablica Argentina. Contenido propio originado por periodistas de CELTTV, el canal de TV local de la Cooperativa El\u00e9ctrica de Tornquist. Turismo, Pol\u00edtica, Sociedad, Deporte, Cultura y todo el contenido de inter\u00e9s general que la gente del pueblo y la regi\u00f3n debe conocer.","og_url":"https:\/\/www.celttv.com.ar\/index.php\/2018\/10\/04\/37811\/","og_site_name":"CELTTV","article_publisher":"https:\/\/www.facebook.com\/celtTV\/","article_published_time":"2018-10-04T21:35:54+00:00","og_image":[{"width":853,"height":480,"url":"https:\/\/www.celttv.com.ar\/wp-content\/uploads\/2018\/10\/IMG_20181004_155746405-Small.jpg","type":"image\/jpeg"}],"author":"ulises","twitter_card":"summary_large_image","twitter_misc":{"Escrito por":"ulises","Tiempo de lectura":"4 minutos"},"schema":{"@context":"https:\/\/schema.org","@graph":[{"@type":"NewsArticle","@id":"https:\/\/www.celttv.com.ar\/index.php\/2018\/10\/04\/37811\/#article","isPartOf":{"@id":"https:\/\/www.celttv.com.ar\/index.php\/2018\/10\/04\/37811\/"},"author":{"name":"ulises","@id":"https:\/\/www.celttv.com.ar\/#\/schema\/person\/6d99c072dba59953809c81446e9d0ace"},"headline":"Desde el lunes habr\u00e1 dos consultorios m\u00f3viles para brindar atenci\u00f3n integral de la salud de manera gratuita (fotos y video entrevista)","datePublished":"2018-10-04T21:35:54+00:00","dateModified":"2018-10-04T21:35:54+00:00","mainEntityOfPage":{"@id":"https:\/\/www.celttv.com.ar\/index.php\/2018\/10\/04\/37811\/"},"wordCount":723,"publisher":{"@id":"https:\/\/www.celttv.com.ar\/#organization"},"articleSection":["Comunidad","Destacadas"],"inLanguage":"es"},{"@type":"WebPage","@id":"https:\/\/www.celttv.com.ar\/index.php\/2018\/10\/04\/37811\/","url":"https:\/\/www.celttv.com.ar\/index.php\/2018\/10\/04\/37811\/","name":"Desde el lunes habr\u00e1 dos consultorios m\u00f3viles para brindar atenci\u00f3n integral de la salud de manera gratuita (fotos y video entrevista) - CELTTV","isPartOf":{"@id":"https:\/\/www.celttv.com.ar\/#website"},"datePublished":"2018-10-04T21:35:54+00:00","dateModified":"2018-10-04T21:35:54+00:00","description":"Sitio web de noticias de la localidad de Tornquist, provincia de Buenos Aires, Rep\u00fablica Argentina. Contenido propio originado por periodistas de CELTTV, el canal de TV local de la Cooperativa El\u00e9ctrica de Tornquist. Turismo, Pol\u00edtica, Sociedad, Deporte, Cultura y todo el contenido de inter\u00e9s general que la gente del pueblo y la regi\u00f3n debe conocer.","breadcrumb":{"@id":"https:\/\/www.celttv.com.ar\/index.php\/2018\/10\/04\/37811\/#breadcrumb"},"inLanguage":"es","potentialAction":[{"@type":"ReadAction","target":["https:\/\/www.celttv.com.ar\/index.php\/2018\/10\/04\/37811\/"]}]},{"@type":"BreadcrumbList","@id":"https:\/\/www.celttv.com.ar\/index.php\/2018\/10\/04\/37811\/#breadcrumb","itemListElement":[{"@type":"ListItem","position":1,"name":"Inicio","item":"https:\/\/www.celttv.com.ar\/"},{"@type":"ListItem","position":2,"name":"Desde el lunes habr\u00e1 dos consultorios m\u00f3viles para brindar atenci\u00f3n integral de la salud de manera gratuita (fotos y video entrevista)"}]},{"@type":"WebSite","@id":"https:\/\/www.celttv.com.ar\/#website","url":"https:\/\/www.celttv.com.ar\/","name":"CELTTV","description":"Cooperativa El\u00e9ctrica de Tornquist","publisher":{"@id":"https:\/\/www.celttv.com.ar\/#organization"},"potentialAction":[{"@type":"SearchAction","target":{"@type":"EntryPoint","urlTemplate":"https:\/\/www.celttv.com.ar\/?s={search_term_string}"},"query-input":"required name=search_term_string"}],"inLanguage":"es"},{"@type":"Organization","@id":"https:\/\/www.celttv.com.ar\/#organization","name":"CELTTV","url":"https:\/\/www.celttv.com.ar\/","sameAs":["https:\/\/www.youtube.com\/channel\/UCz_oIt8Hig64Ub-EmcNPIhg","https:\/\/www.facebook.com\/celtTV\/"],"logo":{"@type":"ImageObject","inLanguage":"es","@id":"https:\/\/www.celttv.com.ar\/#\/schema\/logo\/image\/","url":"http:\/\/www.celttv.com.ar\/wp-content\/uploads\/2022\/08\/logo-1.png","contentUrl":"http:\/\/www.celttv.com.ar\/wp-content\/uploads\/2022\/08\/logo-1.png","width":461,"height":159,"caption":"CELTTV"},"image":{"@id":"https:\/\/www.celttv.com.ar\/#\/schema\/logo\/image\/"}},{"@type":"Person","@id":"https:\/\/www.celttv.com.ar\/#\/schema\/person\/6d99c072dba59953809c81446e9d0ace","name":"ulises","image":{"@type":"ImageObject","inLanguage":"es","@id":"https:\/\/www.celttv.com.ar\/#\/schema\/person\/image\/","url":"https:\/\/secure.gravatar.com\/avatar\/7f2c48bdc33b30088f941fb6082e555f2874c98e20cb159d7b92b50eadfce793?s=96&d=mm&r=g","contentUrl":"https:\/\/secure.gravatar.com\/avatar\/7f2c48bdc33b30088f941fb6082e555f2874c98e20cb159d7b92b50eadfce793?s=96&d=mm&r=g","caption":"ulises"},"sameAs":["http:\/\/www.celttv.com.ar"]}]}},"_links":{"self":[{"href":"https:\/\/www.celttv.com.ar\/index.php\/wp-json\/wp\/v2\/posts\/37811","targetHints":{"allow":["GET"]}}],"collection":[{"href":"https:\/\/www.celttv.com.ar\/index.php\/wp-json\/wp\/v2\/posts"}],"about":[{"href":"https:\/\/www.celttv.com.ar\/index.php\/wp-json\/wp\/v2\/types\/post"}],"author":[{"embeddable":true,"href":"https:\/\/www.celttv.com.ar\/index.php\/wp-json\/wp\/v2\/users\/1"}],"replies":[{"embeddable":true,"href":"https:\/\/www.celttv.com.ar\/index.php\/wp-json\/wp\/v2\/comments?post=37811"}],"version-history":[{"count":0,"href":"https:\/\/www.celttv.com.ar\/index.php\/wp-json\/wp\/v2\/posts\/37811\/revisions"}],"wp:featuredmedia":[{"embeddable":true,"href":"https:\/\/www.celttv.com.ar\/index.php\/wp-json\/wp\/v2\/media\/37819"}],"wp:attachment":[{"href":"https:\/\/www.celttv.com.ar\/index.php\/wp-json\/wp\/v2\/media?parent=37811"}],"wp:term":[{"taxonomy":"category","embeddable":true,"href":"https:\/\/www.celttv.com.ar\/index.php\/wp-json\/wp\/v2\/categories?post=37811"},{"taxonomy":"post_tag","embeddable":true,"href":"https:\/\/www.celttv.com.ar\/index.php\/wp-json\/wp\/v2\/tags?post=37811"}],"curies":[{"name":"wp","href":"https:\/\/api.w.org\/{rel}","templated":true}]}}