{"id":37833,"date":"2018-10-07T00:32:35","date_gmt":"2018-10-07T00:32:35","guid":{"rendered":"http:\/\/www.celttv.com.ar\/?p=37833"},"modified":"2018-10-07T00:32:35","modified_gmt":"2018-10-07T00:32:35","slug":"liga-regional-de-futbol-divisiones-inferiores-se-completo-el-cuadro-de-las-semifinales","status":"publish","type":"post","link":"https:\/\/www.celttv.com.ar\/index.php\/2018\/10\/07\/liga-regional-de-futbol-divisiones-inferiores-se-completo-el-cuadro-de-las-semifinales\/","title":{"rendered":"Liga Regional de F\u00fatbol \/ Divisiones inferiores: Se complet\u00f3 el cuadro de las semifinales"},"content":{"rendered":"<p class=\"article_abstract\">San Mart\u00edn de Carhu\u00e9, con tres equipos, es el club que tendr\u00e1 mayor presencia en dicha instancia del Apertura. Este lunes se define la sede de los cruces.<\/p>\n<p>En las canchas de los cuatro clubes de Pig\u00fc\u00e9 se complet\u00f3 este s\u00e1bado, con el desarrollo del grueso de los cruces de cuartos de final, el cuadro de semifinales del torneo Apertura de divisiones inferiores que organiza la Liga Regional de F\u00fatbol de Coronel Su\u00e1rez.<br \/>\nDe acuerdo a los resultados registrados, San Mart\u00edn de Carhu\u00e9 se convirti\u00f3 en el club que tendr\u00e1 mayor presencia en dicha instancia, dado que clasific\u00f3 a tres equipos, mientras Racing de Carhu\u00e9 y Club Sarmiento le siguieron con dos cada uno.<br \/>\nEn cuatro de los encuentros disputados ayer fue necesaria la definici\u00f3n mediante la ejecuci\u00f3n de penales (los resultados figuran entre par\u00e9ntesis). Cabe recordar que lo propio ocurri\u00f3 en los partidos adelantados hace 14 d\u00edas en la cancha de San Mart\u00edn de Santa Trinidad.<br \/>\nEl detalle completo es el siguiente:<br \/>\nQuinta: Boca Juniors 1 (1), San Mart\u00edn de Carhu\u00e9 1 (3); Racing Club 8, Empleados de Comercio 0; Club Sarmiento 1 (3), Tiro Federal de Puan 1 (2) y Blanco y Negro 3, Pe\u00f1arol de Pig\u00fc\u00e9 1.<br \/>\nSexta: Boca Juniors 1, Racing Club 3; Puan F. Club 1, Club Sarmiento 0; Uni\u00f3n de Tornquist 1 (5), Blanco y Negro 1 (4) y San Mart\u00edn de Carhu\u00e9 1, Pe\u00f1arol de Pig\u00fc\u00e9 0.<br \/>\nS\u00e9ptima: Club Sarmiento 5, Racing Club 2; San Mart\u00edn de Carhu\u00e9 1 (5), Automoto 1 (3) y Blanco y Negro 0, Pe\u00f1arol de Pig\u00fc\u00e9 3. El 22\/9 en el adelanto, Atl\u00e9tico Huanguel\u00e9n 2 (3), Empleados de Comercio 2 (0).<br \/>\nOctava: Automoto 2, Blanco y Negro 1; San Mart\u00edn de Santa Trinidad 2, Racing Club 0 y Tiro Federal de Puan 1, Club Sarmiento \u201cA\u201d 0. El 22\/9 en el adelanto, El Progreso 1 (5), Atl\u00e9tico Huanguel\u00e9n 1 (4).<br \/>\n&nbsp;<br \/>\nEn semifinales<br \/>\n&nbsp;<br \/>\nDe acuerdo a lo que establece el reglamento, en las semifinales confrontar\u00e1n por un lado los ganadores de los partidos I (1\u00b0 de la A vs. 4\u00b0 de la B) y IV (3\u00b0 de la A vs. 2\u00b0 de la B) y por el otro los vencedores de los cotejos II (1\u00b0 de la B vs. 4\u00b0 de la A) y III (2\u00b0 de la A vs. 3\u00b0 de la B).<br \/>\nEn consecuencia, los enfrentamientos del s\u00e1bado que viene, en lugar a definir este lunes en la reuni\u00f3n semanal del consejo directivo liguista, son:<br \/>\nQuinta: San Mart\u00edn de Carhu\u00e9 vs. Blanco y Negro y Racing Club vs. Club Sarmiento.<br \/>\nSexta: Racing Club vs. San Mart\u00edn de Carhu\u00e9 y Puan F. Club vs. Uni\u00f3n de Tornquist.<br \/>\nS\u00e9ptima: Club Sarmiento vs. Pe\u00f1arol de Pig\u00fc\u00e9 y San Mart\u00edn de Carhu\u00e9 vs. Atl\u00e9tico Huanguel\u00e9n.<br \/>\nOctava: Automoto vs. Tiro Federal de Puan y El Progreso vs. San Mart\u00edn de Santa Trinidad.<br \/>\nFUENTE: NUEVO DIA DIGITAL<\/p>\n","protected":false},"excerpt":{"rendered":"<p>San Mart\u00edn de Carhu\u00e9, con tres equipos, es el club que tendr\u00e1 mayor presencia en dicha instancia del Apertura. Este lunes se define la sede de los cruces. En las canchas de los cuatro clubes de Pig\u00fc\u00e9 se complet\u00f3 este s\u00e1bado, con el desarrollo del grueso de los cruces de cuartos de final, el cuadro [&hellip;]<\/p>\n","protected":false},"author":1,"featured_media":37834,"comment_status":"closed","ping_status":"open","sticky":false,"template":"","format":"standard","meta":{"footnotes":""},"categories":[55,60,52,63],"tags":[],"class_list":["post-37833","post","type-post","status-publish","format-standard","has-post-thumbnail","hentry","category-celt-tv-noticias","category-deporte","category-destacadas","category-magazine-sport"],"yoast_head":"<!-- This site is optimized with the Yoast SEO plugin v19.7.1 - https:\/\/yoast.com\/wordpress\/plugins\/seo\/ -->\n<title>Liga Regional de F\u00fatbol \/ Divisiones inferiores: Se complet\u00f3 el cuadro de las semifinales - CELTTV<\/title>\n<meta name=\"description\" content=\"Sitio web de noticias de la localidad de Tornquist, provincia de Buenos Aires, Rep\u00fablica Argentina. Contenido propio originado por periodistas de CELTTV, el canal de TV local de la Cooperativa El\u00e9ctrica de Tornquist. Turismo, Pol\u00edtica, Sociedad, Deporte, Cultura y todo el contenido de inter\u00e9s general que la gente del pueblo y la regi\u00f3n debe conocer.\" \/>\n<meta name=\"robots\" content=\"index, follow, max-snippet:-1, max-image-preview:large, max-video-preview:-1\" \/>\n<link rel=\"canonical\" href=\"https:\/\/www.celttv.com.ar\/index.php\/2018\/10\/07\/liga-regional-de-futbol-divisiones-inferiores-se-completo-el-cuadro-de-las-semifinales\/\" \/>\n<meta property=\"og:locale\" content=\"es_ES\" \/>\n<meta property=\"og:type\" content=\"article\" \/>\n<meta property=\"og:title\" content=\"Liga Regional de F\u00fatbol \/ Divisiones inferiores: Se complet\u00f3 el cuadro de las semifinales - CELTTV\" \/>\n<meta property=\"og:description\" content=\"Sitio web de noticias de la localidad de Tornquist, provincia de Buenos Aires, Rep\u00fablica Argentina. Contenido propio originado por periodistas de CELTTV, el canal de TV local de la Cooperativa El\u00e9ctrica de Tornquist. Turismo, Pol\u00edtica, Sociedad, Deporte, Cultura y todo el contenido de inter\u00e9s general que la gente del pueblo y la regi\u00f3n debe conocer.\" \/>\n<meta property=\"og:url\" content=\"https:\/\/www.celttv.com.ar\/index.php\/2018\/10\/07\/liga-regional-de-futbol-divisiones-inferiores-se-completo-el-cuadro-de-las-semifinales\/\" \/>\n<meta property=\"og:site_name\" content=\"CELTTV\" \/>\n<meta property=\"article:publisher\" content=\"https:\/\/www.facebook.com\/celtTV\/\" \/>\n<meta property=\"article:published_time\" content=\"2018-10-07T00:32:35+00:00\" \/>\n<meta property=\"og:image\" content=\"https:\/\/www.celttv.com.ar\/wp-content\/uploads\/2018\/10\/inferiores_256397172.jpg\" \/>\n\t<meta property=\"og:image:width\" content=\"690\" \/>\n\t<meta property=\"og:image:height\" content=\"460\" \/>\n\t<meta property=\"og:image:type\" content=\"image\/jpeg\" \/>\n<meta name=\"author\" content=\"ulises\" \/>\n<meta name=\"twitter:card\" content=\"summary_large_image\" \/>\n<meta name=\"twitter:label1\" content=\"Escrito por\" \/>\n\t<meta name=\"twitter:data1\" content=\"ulises\" \/>\n\t<meta name=\"twitter:label2\" content=\"Tiempo de lectura\" \/>\n\t<meta name=\"twitter:data2\" content=\"2 minutos\" \/>\n<script type=\"application\/ld+json\" class=\"yoast-schema-graph\">{\"@context\":\"https:\/\/schema.org\",\"@graph\":[{\"@type\":\"NewsArticle\",\"@id\":\"https:\/\/www.celttv.com.ar\/index.php\/2018\/10\/07\/liga-regional-de-futbol-divisiones-inferiores-se-completo-el-cuadro-de-las-semifinales\/#article\",\"isPartOf\":{\"@id\":\"https:\/\/www.celttv.com.ar\/index.php\/2018\/10\/07\/liga-regional-de-futbol-divisiones-inferiores-se-completo-el-cuadro-de-las-semifinales\/\"},\"author\":{\"name\":\"ulises\",\"@id\":\"https:\/\/www.celttv.com.ar\/#\/schema\/person\/6d99c072dba59953809c81446e9d0ace\"},\"headline\":\"Liga Regional de F\u00fatbol \/ Divisiones inferiores: Se complet\u00f3 el cuadro de las semifinales\",\"datePublished\":\"2018-10-07T00:32:35+00:00\",\"dateModified\":\"2018-10-07T00:32:35+00:00\",\"mainEntityOfPage\":{\"@id\":\"https:\/\/www.celttv.com.ar\/index.php\/2018\/10\/07\/liga-regional-de-futbol-divisiones-inferiores-se-completo-el-cuadro-de-las-semifinales\/\"},\"wordCount\":470,\"publisher\":{\"@id\":\"https:\/\/www.celttv.com.ar\/#organization\"},\"articleSection\":[\"Celt TV Noticias\",\"Deporte\",\"Destacadas\",\"Magazine Sport\"],\"inLanguage\":\"es\"},{\"@type\":\"WebPage\",\"@id\":\"https:\/\/www.celttv.com.ar\/index.php\/2018\/10\/07\/liga-regional-de-futbol-divisiones-inferiores-se-completo-el-cuadro-de-las-semifinales\/\",\"url\":\"https:\/\/www.celttv.com.ar\/index.php\/2018\/10\/07\/liga-regional-de-futbol-divisiones-inferiores-se-completo-el-cuadro-de-las-semifinales\/\",\"name\":\"Liga Regional de F\u00fatbol \/ Divisiones inferiores: Se complet\u00f3 el cuadro de las semifinales - CELTTV\",\"isPartOf\":{\"@id\":\"https:\/\/www.celttv.com.ar\/#website\"},\"datePublished\":\"2018-10-07T00:32:35+00:00\",\"dateModified\":\"2018-10-07T00:32:35+00:00\",\"description\":\"Sitio web de noticias de la localidad de Tornquist, provincia de Buenos Aires, Rep\u00fablica Argentina. Contenido propio originado por periodistas de CELTTV, el canal de TV local de la Cooperativa El\u00e9ctrica de Tornquist. Turismo, Pol\u00edtica, Sociedad, Deporte, Cultura y todo el contenido de inter\u00e9s general que la gente del pueblo y la regi\u00f3n debe conocer.\",\"breadcrumb\":{\"@id\":\"https:\/\/www.celttv.com.ar\/index.php\/2018\/10\/07\/liga-regional-de-futbol-divisiones-inferiores-se-completo-el-cuadro-de-las-semifinales\/#breadcrumb\"},\"inLanguage\":\"es\",\"potentialAction\":[{\"@type\":\"ReadAction\",\"target\":[\"https:\/\/www.celttv.com.ar\/index.php\/2018\/10\/07\/liga-regional-de-futbol-divisiones-inferiores-se-completo-el-cuadro-de-las-semifinales\/\"]}]},{\"@type\":\"BreadcrumbList\",\"@id\":\"https:\/\/www.celttv.com.ar\/index.php\/2018\/10\/07\/liga-regional-de-futbol-divisiones-inferiores-se-completo-el-cuadro-de-las-semifinales\/#breadcrumb\",\"itemListElement\":[{\"@type\":\"ListItem\",\"position\":1,\"name\":\"Inicio\",\"item\":\"https:\/\/www.celttv.com.ar\/\"},{\"@type\":\"ListItem\",\"position\":2,\"name\":\"Liga Regional de F\u00fatbol \/ Divisiones inferiores: Se complet\u00f3 el cuadro de las semifinales\"}]},{\"@type\":\"WebSite\",\"@id\":\"https:\/\/www.celttv.com.ar\/#website\",\"url\":\"https:\/\/www.celttv.com.ar\/\",\"name\":\"CELTTV\",\"description\":\"Cooperativa El\u00e9ctrica de Tornquist\",\"publisher\":{\"@id\":\"https:\/\/www.celttv.com.ar\/#organization\"},\"potentialAction\":[{\"@type\":\"SearchAction\",\"target\":{\"@type\":\"EntryPoint\",\"urlTemplate\":\"https:\/\/www.celttv.com.ar\/?s={search_term_string}\"},\"query-input\":\"required name=search_term_string\"}],\"inLanguage\":\"es\"},{\"@type\":\"Organization\",\"@id\":\"https:\/\/www.celttv.com.ar\/#organization\",\"name\":\"CELTTV\",\"url\":\"https:\/\/www.celttv.com.ar\/\",\"sameAs\":[\"https:\/\/www.youtube.com\/channel\/UCz_oIt8Hig64Ub-EmcNPIhg\",\"https:\/\/www.facebook.com\/celtTV\/\"],\"logo\":{\"@type\":\"ImageObject\",\"inLanguage\":\"es\",\"@id\":\"https:\/\/www.celttv.com.ar\/#\/schema\/logo\/image\/\",\"url\":\"http:\/\/www.celttv.com.ar\/wp-content\/uploads\/2022\/08\/logo-1.png\",\"contentUrl\":\"http:\/\/www.celttv.com.ar\/wp-content\/uploads\/2022\/08\/logo-1.png\",\"width\":461,\"height\":159,\"caption\":\"CELTTV\"},\"image\":{\"@id\":\"https:\/\/www.celttv.com.ar\/#\/schema\/logo\/image\/\"}},{\"@type\":\"Person\",\"@id\":\"https:\/\/www.celttv.com.ar\/#\/schema\/person\/6d99c072dba59953809c81446e9d0ace\",\"name\":\"ulises\",\"image\":{\"@type\":\"ImageObject\",\"inLanguage\":\"es\",\"@id\":\"https:\/\/www.celttv.com.ar\/#\/schema\/person\/image\/\",\"url\":\"https:\/\/secure.gravatar.com\/avatar\/7f2c48bdc33b30088f941fb6082e555f2874c98e20cb159d7b92b50eadfce793?s=96&d=mm&r=g\",\"contentUrl\":\"https:\/\/secure.gravatar.com\/avatar\/7f2c48bdc33b30088f941fb6082e555f2874c98e20cb159d7b92b50eadfce793?s=96&d=mm&r=g\",\"caption\":\"ulises\"},\"sameAs\":[\"http:\/\/www.celttv.com.ar\"]}]}<\/script>\n<!-- \/ Yoast SEO plugin. -->","yoast_head_json":{"title":"Liga Regional de F\u00fatbol \/ Divisiones inferiores: Se complet\u00f3 el cuadro de las semifinales - CELTTV","description":"Sitio web de noticias de la localidad de Tornquist, provincia de Buenos Aires, Rep\u00fablica Argentina. Contenido propio originado por periodistas de CELTTV, el canal de TV local de la Cooperativa El\u00e9ctrica de Tornquist. Turismo, Pol\u00edtica, Sociedad, Deporte, Cultura y todo el contenido de inter\u00e9s general que la gente del pueblo y la regi\u00f3n debe conocer.","robots":{"index":"index","follow":"follow","max-snippet":"max-snippet:-1","max-image-preview":"max-image-preview:large","max-video-preview":"max-video-preview:-1"},"canonical":"https:\/\/www.celttv.com.ar\/index.php\/2018\/10\/07\/liga-regional-de-futbol-divisiones-inferiores-se-completo-el-cuadro-de-las-semifinales\/","og_locale":"es_ES","og_type":"article","og_title":"Liga Regional de F\u00fatbol \/ Divisiones inferiores: Se complet\u00f3 el cuadro de las semifinales - CELTTV","og_description":"Sitio web de noticias de la localidad de Tornquist, provincia de Buenos Aires, Rep\u00fablica Argentina. Contenido propio originado por periodistas de CELTTV, el canal de TV local de la Cooperativa El\u00e9ctrica de Tornquist. Turismo, Pol\u00edtica, Sociedad, Deporte, Cultura y todo el contenido de inter\u00e9s general que la gente del pueblo y la regi\u00f3n debe conocer.","og_url":"https:\/\/www.celttv.com.ar\/index.php\/2018\/10\/07\/liga-regional-de-futbol-divisiones-inferiores-se-completo-el-cuadro-de-las-semifinales\/","og_site_name":"CELTTV","article_publisher":"https:\/\/www.facebook.com\/celtTV\/","article_published_time":"2018-10-07T00:32:35+00:00","og_image":[{"width":690,"height":460,"url":"https:\/\/www.celttv.com.ar\/wp-content\/uploads\/2018\/10\/inferiores_256397172.jpg","type":"image\/jpeg"}],"author":"ulises","twitter_card":"summary_large_image","twitter_misc":{"Escrito por":"ulises","Tiempo de lectura":"2 minutos"},"schema":{"@context":"https:\/\/schema.org","@graph":[{"@type":"NewsArticle","@id":"https:\/\/www.celttv.com.ar\/index.php\/2018\/10\/07\/liga-regional-de-futbol-divisiones-inferiores-se-completo-el-cuadro-de-las-semifinales\/#article","isPartOf":{"@id":"https:\/\/www.celttv.com.ar\/index.php\/2018\/10\/07\/liga-regional-de-futbol-divisiones-inferiores-se-completo-el-cuadro-de-las-semifinales\/"},"author":{"name":"ulises","@id":"https:\/\/www.celttv.com.ar\/#\/schema\/person\/6d99c072dba59953809c81446e9d0ace"},"headline":"Liga Regional de F\u00fatbol \/ Divisiones inferiores: Se complet\u00f3 el cuadro de las semifinales","datePublished":"2018-10-07T00:32:35+00:00","dateModified":"2018-10-07T00:32:35+00:00","mainEntityOfPage":{"@id":"https:\/\/www.celttv.com.ar\/index.php\/2018\/10\/07\/liga-regional-de-futbol-divisiones-inferiores-se-completo-el-cuadro-de-las-semifinales\/"},"wordCount":470,"publisher":{"@id":"https:\/\/www.celttv.com.ar\/#organization"},"articleSection":["Celt TV Noticias","Deporte","Destacadas","Magazine Sport"],"inLanguage":"es"},{"@type":"WebPage","@id":"https:\/\/www.celttv.com.ar\/index.php\/2018\/10\/07\/liga-regional-de-futbol-divisiones-inferiores-se-completo-el-cuadro-de-las-semifinales\/","url":"https:\/\/www.celttv.com.ar\/index.php\/2018\/10\/07\/liga-regional-de-futbol-divisiones-inferiores-se-completo-el-cuadro-de-las-semifinales\/","name":"Liga Regional de F\u00fatbol \/ Divisiones inferiores: Se complet\u00f3 el cuadro de las semifinales - CELTTV","isPartOf":{"@id":"https:\/\/www.celttv.com.ar\/#website"},"datePublished":"2018-10-07T00:32:35+00:00","dateModified":"2018-10-07T00:32:35+00:00","description":"Sitio web de noticias de la localidad de Tornquist, provincia de Buenos Aires, Rep\u00fablica Argentina. Contenido propio originado por periodistas de CELTTV, el canal de TV local de la Cooperativa El\u00e9ctrica de Tornquist. Turismo, Pol\u00edtica, Sociedad, Deporte, Cultura y todo el contenido de inter\u00e9s general que la gente del pueblo y la regi\u00f3n debe conocer.","breadcrumb":{"@id":"https:\/\/www.celttv.com.ar\/index.php\/2018\/10\/07\/liga-regional-de-futbol-divisiones-inferiores-se-completo-el-cuadro-de-las-semifinales\/#breadcrumb"},"inLanguage":"es","potentialAction":[{"@type":"ReadAction","target":["https:\/\/www.celttv.com.ar\/index.php\/2018\/10\/07\/liga-regional-de-futbol-divisiones-inferiores-se-completo-el-cuadro-de-las-semifinales\/"]}]},{"@type":"BreadcrumbList","@id":"https:\/\/www.celttv.com.ar\/index.php\/2018\/10\/07\/liga-regional-de-futbol-divisiones-inferiores-se-completo-el-cuadro-de-las-semifinales\/#breadcrumb","itemListElement":[{"@type":"ListItem","position":1,"name":"Inicio","item":"https:\/\/www.celttv.com.ar\/"},{"@type":"ListItem","position":2,"name":"Liga Regional de F\u00fatbol \/ Divisiones inferiores: Se complet\u00f3 el cuadro de las semifinales"}]},{"@type":"WebSite","@id":"https:\/\/www.celttv.com.ar\/#website","url":"https:\/\/www.celttv.com.ar\/","name":"CELTTV","description":"Cooperativa El\u00e9ctrica de Tornquist","publisher":{"@id":"https:\/\/www.celttv.com.ar\/#organization"},"potentialAction":[{"@type":"SearchAction","target":{"@type":"EntryPoint","urlTemplate":"https:\/\/www.celttv.com.ar\/?s={search_term_string}"},"query-input":"required name=search_term_string"}],"inLanguage":"es"},{"@type":"Organization","@id":"https:\/\/www.celttv.com.ar\/#organization","name":"CELTTV","url":"https:\/\/www.celttv.com.ar\/","sameAs":["https:\/\/www.youtube.com\/channel\/UCz_oIt8Hig64Ub-EmcNPIhg","https:\/\/www.facebook.com\/celtTV\/"],"logo":{"@type":"ImageObject","inLanguage":"es","@id":"https:\/\/www.celttv.com.ar\/#\/schema\/logo\/image\/","url":"http:\/\/www.celttv.com.ar\/wp-content\/uploads\/2022\/08\/logo-1.png","contentUrl":"http:\/\/www.celttv.com.ar\/wp-content\/uploads\/2022\/08\/logo-1.png","width":461,"height":159,"caption":"CELTTV"},"image":{"@id":"https:\/\/www.celttv.com.ar\/#\/schema\/logo\/image\/"}},{"@type":"Person","@id":"https:\/\/www.celttv.com.ar\/#\/schema\/person\/6d99c072dba59953809c81446e9d0ace","name":"ulises","image":{"@type":"ImageObject","inLanguage":"es","@id":"https:\/\/www.celttv.com.ar\/#\/schema\/person\/image\/","url":"https:\/\/secure.gravatar.com\/avatar\/7f2c48bdc33b30088f941fb6082e555f2874c98e20cb159d7b92b50eadfce793?s=96&d=mm&r=g","contentUrl":"https:\/\/secure.gravatar.com\/avatar\/7f2c48bdc33b30088f941fb6082e555f2874c98e20cb159d7b92b50eadfce793?s=96&d=mm&r=g","caption":"ulises"},"sameAs":["http:\/\/www.celttv.com.ar"]}]}},"_links":{"self":[{"href":"https:\/\/www.celttv.com.ar\/index.php\/wp-json\/wp\/v2\/posts\/37833","targetHints":{"allow":["GET"]}}],"collection":[{"href":"https:\/\/www.celttv.com.ar\/index.php\/wp-json\/wp\/v2\/posts"}],"about":[{"href":"https:\/\/www.celttv.com.ar\/index.php\/wp-json\/wp\/v2\/types\/post"}],"author":[{"embeddable":true,"href":"https:\/\/www.celttv.com.ar\/index.php\/wp-json\/wp\/v2\/users\/1"}],"replies":[{"embeddable":true,"href":"https:\/\/www.celttv.com.ar\/index.php\/wp-json\/wp\/v2\/comments?post=37833"}],"version-history":[{"count":0,"href":"https:\/\/www.celttv.com.ar\/index.php\/wp-json\/wp\/v2\/posts\/37833\/revisions"}],"wp:featuredmedia":[{"embeddable":true,"href":"https:\/\/www.celttv.com.ar\/index.php\/wp-json\/wp\/v2\/media\/37834"}],"wp:attachment":[{"href":"https:\/\/www.celttv.com.ar\/index.php\/wp-json\/wp\/v2\/media?parent=37833"}],"wp:term":[{"taxonomy":"category","embeddable":true,"href":"https:\/\/www.celttv.com.ar\/index.php\/wp-json\/wp\/v2\/categories?post=37833"},{"taxonomy":"post_tag","embeddable":true,"href":"https:\/\/www.celttv.com.ar\/index.php\/wp-json\/wp\/v2\/tags?post=37833"}],"curies":[{"name":"wp","href":"https:\/\/api.w.org\/{rel}","templated":true}]}}