{"id":37840,"date":"2018-10-07T00:47:25","date_gmt":"2018-10-07T00:47:25","guid":{"rendered":"http:\/\/www.celttv.com.ar\/?p=37840"},"modified":"2018-10-07T00:47:25","modified_gmt":"2018-10-07T00:47:25","slug":"fudb-anuncia-paro-docente-de-48-hs-y-movilizacion-a-la-casa-de-la-provincia","status":"publish","type":"post","link":"https:\/\/www.celttv.com.ar\/index.php\/2018\/10\/07\/fudb-anuncia-paro-docente-de-48-hs-y-movilizacion-a-la-casa-de-la-provincia\/","title":{"rendered":"FUDB ANUNCIA PARO DOCENTE DE 48 hs Y MOVILIZACION a la Casa de la Provincia"},"content":{"rendered":"<p>Los 5 gremios que conformamos el Frente de Unidad Docente Bonaerense anunciamos dar continuidad al plan de lucha con un paro de 48 hs el lunes 8 y martes 9 de octubre, con una movilizaci\u00f3n a la Casa de la Provincia el d\u00eda lunes.<br \/>\nLa medida de fuerza se inscribe en el reclamo de Salarios Dignos y Escuelas Seguras que venimos realizando los docentes de toda la provincia, y en rechazo al decreto que impon<span class=\"yiv9604677092text_exposed_show\">e un aumento de forma unilateral , que calificamos como \u201cdecisi\u00f3n vergonzante\u201d .<\/span><\/p>\n<div class=\"yiv9604677092text_exposed_show\">\n\u202aDurante la conferencia de prensa los dirigentes del FUDB se\u00f1alaron que se llevaron a cabo una serie de acciones, entre ellas el pedido de mediaci\u00f3n a la Pastoral, reuniones con Diputados y Senadores, una futura reuni\u00f3n con el Defensor del Pueblo. Realizaron una defensa un\u00e1nime de las paritarias como instituci\u00f3n y se manifestaron como siempre \u201cabiertos al di\u00e1logo\u201d. \u202c<br \/>\nAsimismo se\u00f1alamos que de no haber respuesta por parte del gobierno, se resolver\u00e1 por medio de asambleas, reuniones de delegados o congresos, la continuidad y profundizaci\u00f3n del plan de acci\u00f3n la siguiente semana.<br \/>\nEXIGIMOS SALARIOS DIGNOS Y ESCUELAS SEGURAS!!<br \/>\n&nbsp;<br \/>\nFRENTE DE UNIDAD DOCENTE BONAERENSE<br \/>\n\u202aAMET-FEB-SADOP-SUTEBA-UDOCBA\n<\/div>\n","protected":false},"excerpt":{"rendered":"<p>Los 5 gremios que conformamos el Frente de Unidad Docente Bonaerense anunciamos dar continuidad al plan de lucha con un paro de 48 hs el lunes 8 y martes 9 de octubre, con una movilizaci\u00f3n a la Casa de la Provincia el d\u00eda lunes. La medida de fuerza se inscribe en el reclamo de Salarios [&hellip;]<\/p>\n","protected":false},"author":1,"featured_media":37841,"comment_status":"closed","ping_status":"open","sticky":false,"template":"","format":"standard","meta":{"footnotes":""},"categories":[55,51,52],"tags":[],"class_list":["post-37840","post","type-post","status-publish","format-standard","has-post-thumbnail","hentry","category-celt-tv-noticias","category-comunidad","category-destacadas"],"yoast_head":"<!-- This site is optimized with the Yoast SEO plugin v19.7.1 - https:\/\/yoast.com\/wordpress\/plugins\/seo\/ -->\n<title>FUDB ANUNCIA PARO DOCENTE DE 48 hs Y MOVILIZACION a la Casa de la Provincia - CELTTV<\/title>\n<meta name=\"description\" content=\"Sitio web de noticias de la localidad de Tornquist, provincia de Buenos Aires, Rep\u00fablica Argentina. Contenido propio originado por periodistas de CELTTV, el canal de TV local de la Cooperativa El\u00e9ctrica de Tornquist. Turismo, Pol\u00edtica, Sociedad, Deporte, Cultura y todo el contenido de inter\u00e9s general que la gente del pueblo y la regi\u00f3n debe conocer.\" \/>\n<meta name=\"robots\" content=\"index, follow, max-snippet:-1, max-image-preview:large, max-video-preview:-1\" \/>\n<link rel=\"canonical\" href=\"https:\/\/www.celttv.com.ar\/index.php\/2018\/10\/07\/fudb-anuncia-paro-docente-de-48-hs-y-movilizacion-a-la-casa-de-la-provincia\/\" \/>\n<meta property=\"og:locale\" content=\"es_ES\" \/>\n<meta property=\"og:type\" content=\"article\" \/>\n<meta property=\"og:title\" content=\"FUDB ANUNCIA PARO DOCENTE DE 48 hs Y MOVILIZACION a la Casa de la Provincia - CELTTV\" \/>\n<meta property=\"og:description\" content=\"Sitio web de noticias de la localidad de Tornquist, provincia de Buenos Aires, Rep\u00fablica Argentina. Contenido propio originado por periodistas de CELTTV, el canal de TV local de la Cooperativa El\u00e9ctrica de Tornquist. Turismo, Pol\u00edtica, Sociedad, Deporte, Cultura y todo el contenido de inter\u00e9s general que la gente del pueblo y la regi\u00f3n debe conocer.\" \/>\n<meta property=\"og:url\" content=\"https:\/\/www.celttv.com.ar\/index.php\/2018\/10\/07\/fudb-anuncia-paro-docente-de-48-hs-y-movilizacion-a-la-casa-de-la-provincia\/\" \/>\n<meta property=\"og:site_name\" content=\"CELTTV\" \/>\n<meta property=\"article:publisher\" content=\"https:\/\/www.facebook.com\/celtTV\/\" \/>\n<meta property=\"article:published_time\" content=\"2018-10-07T00:47:25+00:00\" \/>\n<meta property=\"og:image\" content=\"https:\/\/www.celttv.com.ar\/wp-content\/uploads\/2018\/10\/PARO-8Y9.jpg\" \/>\n\t<meta property=\"og:image:width\" content=\"600\" \/>\n\t<meta property=\"og:image:height\" content=\"600\" \/>\n\t<meta property=\"og:image:type\" content=\"image\/jpeg\" \/>\n<meta name=\"author\" content=\"ulises\" \/>\n<meta name=\"twitter:card\" content=\"summary_large_image\" \/>\n<meta name=\"twitter:label1\" content=\"Escrito por\" \/>\n\t<meta name=\"twitter:data1\" content=\"ulises\" \/>\n\t<meta name=\"twitter:label2\" content=\"Tiempo de lectura\" \/>\n\t<meta name=\"twitter:data2\" content=\"1 minuto\" \/>\n<script type=\"application\/ld+json\" class=\"yoast-schema-graph\">{\"@context\":\"https:\/\/schema.org\",\"@graph\":[{\"@type\":\"NewsArticle\",\"@id\":\"https:\/\/www.celttv.com.ar\/index.php\/2018\/10\/07\/fudb-anuncia-paro-docente-de-48-hs-y-movilizacion-a-la-casa-de-la-provincia\/#article\",\"isPartOf\":{\"@id\":\"https:\/\/www.celttv.com.ar\/index.php\/2018\/10\/07\/fudb-anuncia-paro-docente-de-48-hs-y-movilizacion-a-la-casa-de-la-provincia\/\"},\"author\":{\"name\":\"ulises\",\"@id\":\"https:\/\/www.celttv.com.ar\/#\/schema\/person\/6d99c072dba59953809c81446e9d0ace\"},\"headline\":\"FUDB ANUNCIA PARO DOCENTE DE 48 hs Y MOVILIZACION a la Casa de la Provincia\",\"datePublished\":\"2018-10-07T00:47:25+00:00\",\"dateModified\":\"2018-10-07T00:47:25+00:00\",\"mainEntityOfPage\":{\"@id\":\"https:\/\/www.celttv.com.ar\/index.php\/2018\/10\/07\/fudb-anuncia-paro-docente-de-48-hs-y-movilizacion-a-la-casa-de-la-provincia\/\"},\"wordCount\":211,\"publisher\":{\"@id\":\"https:\/\/www.celttv.com.ar\/#organization\"},\"articleSection\":[\"Celt TV Noticias\",\"Comunidad\",\"Destacadas\"],\"inLanguage\":\"es\"},{\"@type\":\"WebPage\",\"@id\":\"https:\/\/www.celttv.com.ar\/index.php\/2018\/10\/07\/fudb-anuncia-paro-docente-de-48-hs-y-movilizacion-a-la-casa-de-la-provincia\/\",\"url\":\"https:\/\/www.celttv.com.ar\/index.php\/2018\/10\/07\/fudb-anuncia-paro-docente-de-48-hs-y-movilizacion-a-la-casa-de-la-provincia\/\",\"name\":\"FUDB ANUNCIA PARO DOCENTE DE 48 hs Y MOVILIZACION a la Casa de la Provincia - CELTTV\",\"isPartOf\":{\"@id\":\"https:\/\/www.celttv.com.ar\/#website\"},\"datePublished\":\"2018-10-07T00:47:25+00:00\",\"dateModified\":\"2018-10-07T00:47:25+00:00\",\"description\":\"Sitio web de noticias de la localidad de Tornquist, provincia de Buenos Aires, Rep\u00fablica Argentina. Contenido propio originado por periodistas de CELTTV, el canal de TV local de la Cooperativa El\u00e9ctrica de Tornquist. Turismo, Pol\u00edtica, Sociedad, Deporte, Cultura y todo el contenido de inter\u00e9s general que la gente del pueblo y la regi\u00f3n debe conocer.\",\"breadcrumb\":{\"@id\":\"https:\/\/www.celttv.com.ar\/index.php\/2018\/10\/07\/fudb-anuncia-paro-docente-de-48-hs-y-movilizacion-a-la-casa-de-la-provincia\/#breadcrumb\"},\"inLanguage\":\"es\",\"potentialAction\":[{\"@type\":\"ReadAction\",\"target\":[\"https:\/\/www.celttv.com.ar\/index.php\/2018\/10\/07\/fudb-anuncia-paro-docente-de-48-hs-y-movilizacion-a-la-casa-de-la-provincia\/\"]}]},{\"@type\":\"BreadcrumbList\",\"@id\":\"https:\/\/www.celttv.com.ar\/index.php\/2018\/10\/07\/fudb-anuncia-paro-docente-de-48-hs-y-movilizacion-a-la-casa-de-la-provincia\/#breadcrumb\",\"itemListElement\":[{\"@type\":\"ListItem\",\"position\":1,\"name\":\"Inicio\",\"item\":\"https:\/\/www.celttv.com.ar\/\"},{\"@type\":\"ListItem\",\"position\":2,\"name\":\"FUDB ANUNCIA PARO DOCENTE DE 48 hs Y MOVILIZACION a la Casa de la Provincia\"}]},{\"@type\":\"WebSite\",\"@id\":\"https:\/\/www.celttv.com.ar\/#website\",\"url\":\"https:\/\/www.celttv.com.ar\/\",\"name\":\"CELTTV\",\"description\":\"Cooperativa El\u00e9ctrica de Tornquist\",\"publisher\":{\"@id\":\"https:\/\/www.celttv.com.ar\/#organization\"},\"potentialAction\":[{\"@type\":\"SearchAction\",\"target\":{\"@type\":\"EntryPoint\",\"urlTemplate\":\"https:\/\/www.celttv.com.ar\/?s={search_term_string}\"},\"query-input\":\"required name=search_term_string\"}],\"inLanguage\":\"es\"},{\"@type\":\"Organization\",\"@id\":\"https:\/\/www.celttv.com.ar\/#organization\",\"name\":\"CELTTV\",\"url\":\"https:\/\/www.celttv.com.ar\/\",\"sameAs\":[\"https:\/\/www.youtube.com\/channel\/UCz_oIt8Hig64Ub-EmcNPIhg\",\"https:\/\/www.facebook.com\/celtTV\/\"],\"logo\":{\"@type\":\"ImageObject\",\"inLanguage\":\"es\",\"@id\":\"https:\/\/www.celttv.com.ar\/#\/schema\/logo\/image\/\",\"url\":\"http:\/\/www.celttv.com.ar\/wp-content\/uploads\/2022\/08\/logo-1.png\",\"contentUrl\":\"http:\/\/www.celttv.com.ar\/wp-content\/uploads\/2022\/08\/logo-1.png\",\"width\":461,\"height\":159,\"caption\":\"CELTTV\"},\"image\":{\"@id\":\"https:\/\/www.celttv.com.ar\/#\/schema\/logo\/image\/\"}},{\"@type\":\"Person\",\"@id\":\"https:\/\/www.celttv.com.ar\/#\/schema\/person\/6d99c072dba59953809c81446e9d0ace\",\"name\":\"ulises\",\"image\":{\"@type\":\"ImageObject\",\"inLanguage\":\"es\",\"@id\":\"https:\/\/www.celttv.com.ar\/#\/schema\/person\/image\/\",\"url\":\"https:\/\/secure.gravatar.com\/avatar\/7f2c48bdc33b30088f941fb6082e555f2874c98e20cb159d7b92b50eadfce793?s=96&d=mm&r=g\",\"contentUrl\":\"https:\/\/secure.gravatar.com\/avatar\/7f2c48bdc33b30088f941fb6082e555f2874c98e20cb159d7b92b50eadfce793?s=96&d=mm&r=g\",\"caption\":\"ulises\"},\"sameAs\":[\"http:\/\/www.celttv.com.ar\"]}]}<\/script>\n<!-- \/ Yoast SEO plugin. -->","yoast_head_json":{"title":"FUDB ANUNCIA PARO DOCENTE DE 48 hs Y MOVILIZACION a la Casa de la Provincia - CELTTV","description":"Sitio web de noticias de la localidad de Tornquist, provincia de Buenos Aires, Rep\u00fablica Argentina. Contenido propio originado por periodistas de CELTTV, el canal de TV local de la Cooperativa El\u00e9ctrica de Tornquist. Turismo, Pol\u00edtica, Sociedad, Deporte, Cultura y todo el contenido de inter\u00e9s general que la gente del pueblo y la regi\u00f3n debe conocer.","robots":{"index":"index","follow":"follow","max-snippet":"max-snippet:-1","max-image-preview":"max-image-preview:large","max-video-preview":"max-video-preview:-1"},"canonical":"https:\/\/www.celttv.com.ar\/index.php\/2018\/10\/07\/fudb-anuncia-paro-docente-de-48-hs-y-movilizacion-a-la-casa-de-la-provincia\/","og_locale":"es_ES","og_type":"article","og_title":"FUDB ANUNCIA PARO DOCENTE DE 48 hs Y MOVILIZACION a la Casa de la Provincia - CELTTV","og_description":"Sitio web de noticias de la localidad de Tornquist, provincia de Buenos Aires, Rep\u00fablica Argentina. Contenido propio originado por periodistas de CELTTV, el canal de TV local de la Cooperativa El\u00e9ctrica de Tornquist. Turismo, Pol\u00edtica, Sociedad, Deporte, Cultura y todo el contenido de inter\u00e9s general que la gente del pueblo y la regi\u00f3n debe conocer.","og_url":"https:\/\/www.celttv.com.ar\/index.php\/2018\/10\/07\/fudb-anuncia-paro-docente-de-48-hs-y-movilizacion-a-la-casa-de-la-provincia\/","og_site_name":"CELTTV","article_publisher":"https:\/\/www.facebook.com\/celtTV\/","article_published_time":"2018-10-07T00:47:25+00:00","og_image":[{"width":600,"height":600,"url":"https:\/\/www.celttv.com.ar\/wp-content\/uploads\/2018\/10\/PARO-8Y9.jpg","type":"image\/jpeg"}],"author":"ulises","twitter_card":"summary_large_image","twitter_misc":{"Escrito por":"ulises","Tiempo de lectura":"1 minuto"},"schema":{"@context":"https:\/\/schema.org","@graph":[{"@type":"NewsArticle","@id":"https:\/\/www.celttv.com.ar\/index.php\/2018\/10\/07\/fudb-anuncia-paro-docente-de-48-hs-y-movilizacion-a-la-casa-de-la-provincia\/#article","isPartOf":{"@id":"https:\/\/www.celttv.com.ar\/index.php\/2018\/10\/07\/fudb-anuncia-paro-docente-de-48-hs-y-movilizacion-a-la-casa-de-la-provincia\/"},"author":{"name":"ulises","@id":"https:\/\/www.celttv.com.ar\/#\/schema\/person\/6d99c072dba59953809c81446e9d0ace"},"headline":"FUDB ANUNCIA PARO DOCENTE DE 48 hs Y MOVILIZACION a la Casa de la Provincia","datePublished":"2018-10-07T00:47:25+00:00","dateModified":"2018-10-07T00:47:25+00:00","mainEntityOfPage":{"@id":"https:\/\/www.celttv.com.ar\/index.php\/2018\/10\/07\/fudb-anuncia-paro-docente-de-48-hs-y-movilizacion-a-la-casa-de-la-provincia\/"},"wordCount":211,"publisher":{"@id":"https:\/\/www.celttv.com.ar\/#organization"},"articleSection":["Celt TV Noticias","Comunidad","Destacadas"],"inLanguage":"es"},{"@type":"WebPage","@id":"https:\/\/www.celttv.com.ar\/index.php\/2018\/10\/07\/fudb-anuncia-paro-docente-de-48-hs-y-movilizacion-a-la-casa-de-la-provincia\/","url":"https:\/\/www.celttv.com.ar\/index.php\/2018\/10\/07\/fudb-anuncia-paro-docente-de-48-hs-y-movilizacion-a-la-casa-de-la-provincia\/","name":"FUDB ANUNCIA PARO DOCENTE DE 48 hs Y MOVILIZACION a la Casa de la Provincia - CELTTV","isPartOf":{"@id":"https:\/\/www.celttv.com.ar\/#website"},"datePublished":"2018-10-07T00:47:25+00:00","dateModified":"2018-10-07T00:47:25+00:00","description":"Sitio web de noticias de la localidad de Tornquist, provincia de Buenos Aires, Rep\u00fablica Argentina. Contenido propio originado por periodistas de CELTTV, el canal de TV local de la Cooperativa El\u00e9ctrica de Tornquist. Turismo, Pol\u00edtica, Sociedad, Deporte, Cultura y todo el contenido de inter\u00e9s general que la gente del pueblo y la regi\u00f3n debe conocer.","breadcrumb":{"@id":"https:\/\/www.celttv.com.ar\/index.php\/2018\/10\/07\/fudb-anuncia-paro-docente-de-48-hs-y-movilizacion-a-la-casa-de-la-provincia\/#breadcrumb"},"inLanguage":"es","potentialAction":[{"@type":"ReadAction","target":["https:\/\/www.celttv.com.ar\/index.php\/2018\/10\/07\/fudb-anuncia-paro-docente-de-48-hs-y-movilizacion-a-la-casa-de-la-provincia\/"]}]},{"@type":"BreadcrumbList","@id":"https:\/\/www.celttv.com.ar\/index.php\/2018\/10\/07\/fudb-anuncia-paro-docente-de-48-hs-y-movilizacion-a-la-casa-de-la-provincia\/#breadcrumb","itemListElement":[{"@type":"ListItem","position":1,"name":"Inicio","item":"https:\/\/www.celttv.com.ar\/"},{"@type":"ListItem","position":2,"name":"FUDB ANUNCIA PARO DOCENTE DE 48 hs Y MOVILIZACION a la Casa de la Provincia"}]},{"@type":"WebSite","@id":"https:\/\/www.celttv.com.ar\/#website","url":"https:\/\/www.celttv.com.ar\/","name":"CELTTV","description":"Cooperativa El\u00e9ctrica de Tornquist","publisher":{"@id":"https:\/\/www.celttv.com.ar\/#organization"},"potentialAction":[{"@type":"SearchAction","target":{"@type":"EntryPoint","urlTemplate":"https:\/\/www.celttv.com.ar\/?s={search_term_string}"},"query-input":"required name=search_term_string"}],"inLanguage":"es"},{"@type":"Organization","@id":"https:\/\/www.celttv.com.ar\/#organization","name":"CELTTV","url":"https:\/\/www.celttv.com.ar\/","sameAs":["https:\/\/www.youtube.com\/channel\/UCz_oIt8Hig64Ub-EmcNPIhg","https:\/\/www.facebook.com\/celtTV\/"],"logo":{"@type":"ImageObject","inLanguage":"es","@id":"https:\/\/www.celttv.com.ar\/#\/schema\/logo\/image\/","url":"http:\/\/www.celttv.com.ar\/wp-content\/uploads\/2022\/08\/logo-1.png","contentUrl":"http:\/\/www.celttv.com.ar\/wp-content\/uploads\/2022\/08\/logo-1.png","width":461,"height":159,"caption":"CELTTV"},"image":{"@id":"https:\/\/www.celttv.com.ar\/#\/schema\/logo\/image\/"}},{"@type":"Person","@id":"https:\/\/www.celttv.com.ar\/#\/schema\/person\/6d99c072dba59953809c81446e9d0ace","name":"ulises","image":{"@type":"ImageObject","inLanguage":"es","@id":"https:\/\/www.celttv.com.ar\/#\/schema\/person\/image\/","url":"https:\/\/secure.gravatar.com\/avatar\/7f2c48bdc33b30088f941fb6082e555f2874c98e20cb159d7b92b50eadfce793?s=96&d=mm&r=g","contentUrl":"https:\/\/secure.gravatar.com\/avatar\/7f2c48bdc33b30088f941fb6082e555f2874c98e20cb159d7b92b50eadfce793?s=96&d=mm&r=g","caption":"ulises"},"sameAs":["http:\/\/www.celttv.com.ar"]}]}},"_links":{"self":[{"href":"https:\/\/www.celttv.com.ar\/index.php\/wp-json\/wp\/v2\/posts\/37840","targetHints":{"allow":["GET"]}}],"collection":[{"href":"https:\/\/www.celttv.com.ar\/index.php\/wp-json\/wp\/v2\/posts"}],"about":[{"href":"https:\/\/www.celttv.com.ar\/index.php\/wp-json\/wp\/v2\/types\/post"}],"author":[{"embeddable":true,"href":"https:\/\/www.celttv.com.ar\/index.php\/wp-json\/wp\/v2\/users\/1"}],"replies":[{"embeddable":true,"href":"https:\/\/www.celttv.com.ar\/index.php\/wp-json\/wp\/v2\/comments?post=37840"}],"version-history":[{"count":0,"href":"https:\/\/www.celttv.com.ar\/index.php\/wp-json\/wp\/v2\/posts\/37840\/revisions"}],"wp:featuredmedia":[{"embeddable":true,"href":"https:\/\/www.celttv.com.ar\/index.php\/wp-json\/wp\/v2\/media\/37841"}],"wp:attachment":[{"href":"https:\/\/www.celttv.com.ar\/index.php\/wp-json\/wp\/v2\/media?parent=37840"}],"wp:term":[{"taxonomy":"category","embeddable":true,"href":"https:\/\/www.celttv.com.ar\/index.php\/wp-json\/wp\/v2\/categories?post=37840"},{"taxonomy":"post_tag","embeddable":true,"href":"https:\/\/www.celttv.com.ar\/index.php\/wp-json\/wp\/v2\/tags?post=37840"}],"curies":[{"name":"wp","href":"https:\/\/api.w.org\/{rel}","templated":true}]}}