{"id":37844,"date":"2018-10-07T23:13:04","date_gmt":"2018-10-07T23:13:04","guid":{"rendered":"http:\/\/www.celttv.com.ar\/?p=37844"},"modified":"2018-10-07T23:13:04","modified_gmt":"2018-10-07T23:13:04","slug":"ayrton-ayrton","status":"publish","type":"post","link":"https:\/\/www.celttv.com.ar\/index.php\/2018\/10\/07\/ayrton-ayrton\/","title":{"rendered":"AYRTON, AYRTON"},"content":{"rendered":"<p>Con un doblete de Ayrton N\u00fa\u00f1ez, Automoto venci\u00f3 por 2 a 0 a Pu\u00e1n FC y sum\u00f3 su tercer partido sin perder. Lucas Gim\u00e9nez marr\u00f3 un penal en el azulgrana.<br \/>\nRealmente casi nada podemos contarles de los primeros 30 minutos de partido. Tr\u00e1mite parejo pero con muy poco futbol, donde las imprecisiones se adue\u00f1aban del partido. A los 18 minutos hubo una jugad que pudo haber cambiado el desarrollo del encuentro. Villar y Mart\u00edni van a disputar una pelota dividida y el volante de Automoto recibe un terrible planchazo. El \u00e1rbitro interpret\u00f3 que fue de manera involuntaria y por eso solo amonest\u00f3 al volante del fara\u00f3n.<br \/>\nPisando los 30\u2019 Salvi de manera obligada tiene que realizar la primera modificaci\u00f3n. Sale Piedrabuena lesionado e ingresa Ayrton N\u00fa\u00f1ez. Tan solo 5 minutos le tom\u00f3 al delantero de Automoto llegar a la red y destrabar un partido que se tornaba complicado. Peralta queda de frente al arco para patear pero habilita al \u201cColo\u201d para que defina y ponga el 1 a 0.<br \/>\nDesde all\u00ed la visita se desorganiz\u00f3 y el local tuvo la posibilidad de aumentar cifras.<br \/>\nDos minutos despu\u00e9s del gol el arquero Ibarra sale a cortar lejos, pifia y toma Gim\u00e9nez ese bal\u00f3n para rematar a colocar desde 30 metros. La pelota se fue por arriba del travesa\u00f1o.<br \/>\nOtra muy clara fue a los 41 cuando Franco le tira el centro desde la izquierda a Gim\u00e9nez, la aguanta y descarga para Villar que remata con la de palo y la pelota se va muy cerca.<br \/>\nEn el segundo tiempo el Rojo sali\u00f3 a liquidar el pleito cuanto antes. Antes del minuto iba a avisar N\u00fa\u00f1ez y a los dos minutos Mieres carga desde atr\u00e1s a Gim\u00e9nez con el brazo en la nuca y el \u00e1rbitro cobra penal. El propio jugador se iba a hacer cargo de la pena m\u00e1xima pero iba a desviar su remate.<br \/>\nAh\u00ed nom\u00e1s en la r\u00e9plica la chance de Pu\u00e1n de igualar con una \u201ctijera\u201d de Moreno que control\u00f3 F\u00f3gel.<br \/>\nVillar dispar\u00f3 de media distancia pasados los diez minutos y encontr\u00f3 bien parado a Ibarra. Y un rato despu\u00e9s nuevamente prob\u00f3 Villar, el arquero dio rebote y el que no pudo fue Gim\u00e9nez.<br \/>\nLos t\u00e9cnicos mov\u00edan el banco para tratar de tener mejores resultados dentro de la cancha, porque hab\u00eda poco f\u00fatbol y los protagonistas se encontraban a cuentagotas para combinar.<br \/>\nAsi pasaron los minutos y en el final nuevamente volvieron los fantasmas de los partidos no liquidados por Automoto y que los termin\u00f3 sufriendo. Esta no iba a ser la excepci\u00f3n.<br \/>\nPrimero a los 44 lo pudo definir Roque despu\u00e9s de una arremetida de Zas desde el fondo. Tres minutos m\u00e1s tarde, tiro libre a favor de la visita, la pelota le queda a Echaide que remata violento y la pelota se va por arriba. En la r\u00e9plica el pibe Dri le pone una pelota exquisita a N\u00fa\u00f1ez para quedar mano a mano y definir arriba, haciendo en vano la estirada de Ibarra. Era el 2 a 0 y el final del partido.<br \/>\nAutomoto sum\u00f3 su tercer partido consecutivo sin conocer la derrota y ahora pas\u00f3 a Puan FC en la tabla de posiciones.<br \/>\n<strong>Automoto:<\/strong> Maximiliano F\u00f3gel; Ram\u00f3n Aller, Justo Zas, Gast\u00f3n Pollio, Agust\u00edn Franco; Arturo Peralta, Jerem\u00edas Lacasta; Agust\u00edn Reynoso, Facundo Villar, Marcos Piedrabuena; Lucas Gim\u00e9nez. DT: Eduardo Salvi.<br \/>\n<u>Cambios:<\/u> PT: 29\u2019 Ayrton N\u00fa\u00f1ez por Piedrabuena. ST: 25\u2019 Fausto Dri por Reynoso, 29\u2019 Nicol\u00e1s Roque por Gim\u00e9nez.<br \/>\n<u>Supl:<\/u> Joaqu\u00edn Castelli y Facundo Quiroga.<br \/>\n<strong>Pu\u00e1n FC:<\/strong> Mart\u00edn Ibarra; Leandro Moreno, Juan Mieres, Franco Sacomani, Daniel Klock; Marcos Gigena, Mat\u00edas Echaide, Conrado Mart\u00ednez, Massimo Monti; Agust\u00edn Martini; Juan Manuel Ibarra. DT: Rodrigo Barriada.<br \/>\n<u>Cambios:<\/u> ST: 17\u2019 Ariel Romero por Klock; 22\u2019 Andr\u00e9s Garc\u00eda por Monti, 27\u2019 Juan Barreto por Mart\u00ednez.<br \/>\n<u>Supl:<\/u> Mat\u00edas Almir\u00f3n.<br \/>\n<u>Goles:<\/u> PT: 35\u2019 Ayrton N\u00fa\u00f1ez (A). ST: 48\u2019 Ayrton N\u00fa\u00f1ez (A)<br \/>\n<u>\u00c1rbitro:<\/u> Sebasti\u00e1n Rosino (7)<br \/>\n<u>Cancha:<\/u> Estadio Agust\u00edn Ruppel<br \/>\n<u>Reserva:<\/u> Automoto 4 &#8211; Pu\u00e1n FC 0<br \/>\n<a href=\"https:\/\/www.facebook.com\/pg\/solofutbolcanal2\/photos\/?tab=album&amp;album_id=919427564933101\" target=\"_blank\" rel=\"noopener\">\u00c1lbum de Fotos: Solo F\u00fatbol<\/a><br \/>\n<a href=\"http:\/\/www.celttv.com.ar\/?attachment_id=37845\" rel=\"attachment wp-att-37845\"><img loading=\"lazy\" decoding=\"async\" class=\"alignleft size-medium wp-image-37845\" src=\"http:\/\/www.celttv.com.ar\/wp-content\/uploads\/2018\/10\/DSC_0128-780x520.jpg\" alt=\"\" width=\"780\" height=\"520\" \/><\/a> <a href=\"http:\/\/www.celttv.com.ar\/?attachment_id=37846\" rel=\"attachment wp-att-37846\"><img loading=\"lazy\" decoding=\"async\" class=\"alignleft size-medium wp-image-37846\" src=\"http:\/\/www.celttv.com.ar\/wp-content\/uploads\/2018\/10\/DSC_0130-780x520.jpg\" alt=\"\" width=\"780\" height=\"520\" \/><\/a> <a href=\"http:\/\/www.celttv.com.ar\/?attachment_id=37847\" rel=\"attachment wp-att-37847\"><img loading=\"lazy\" decoding=\"async\" class=\"alignleft size-medium wp-image-37847\" src=\"http:\/\/www.celttv.com.ar\/wp-content\/uploads\/2018\/10\/DSC_0131-780x520.jpg\" alt=\"\" width=\"780\" height=\"520\" \/><\/a><\/p>\n","protected":false},"excerpt":{"rendered":"<p>Con un doblete de Ayrton N\u00fa\u00f1ez, Automoto venci\u00f3 por 2 a 0 a Pu\u00e1n FC y sum\u00f3 su tercer partido sin perder. Lucas Gim\u00e9nez marr\u00f3 un penal en el azulgrana. Realmente casi nada podemos contarles de los primeros 30 minutos de partido. Tr\u00e1mite parejo pero con muy poco futbol, donde las imprecisiones se adue\u00f1aban del [&hellip;]<\/p>\n","protected":false},"author":1,"featured_media":37847,"comment_status":"closed","ping_status":"open","sticky":false,"template":"","format":"standard","meta":{"footnotes":""},"categories":[60,52,76],"tags":[],"class_list":["post-37844","post","type-post","status-publish","format-standard","has-post-thumbnail","hentry","category-deporte","category-destacadas","category-solo-futbol"],"yoast_head":"<!-- This site is optimized with the Yoast SEO plugin v19.7.1 - https:\/\/yoast.com\/wordpress\/plugins\/seo\/ -->\n<title>AYRTON, AYRTON - CELTTV<\/title>\n<meta name=\"description\" content=\"Sitio web de noticias de la localidad de Tornquist, provincia de Buenos Aires, Rep\u00fablica Argentina. Contenido propio originado por periodistas de CELTTV, el canal de TV local de la Cooperativa El\u00e9ctrica de Tornquist. Turismo, Pol\u00edtica, Sociedad, Deporte, Cultura y todo el contenido de inter\u00e9s general que la gente del pueblo y la regi\u00f3n debe conocer.\" \/>\n<meta name=\"robots\" content=\"index, follow, max-snippet:-1, max-image-preview:large, max-video-preview:-1\" \/>\n<link rel=\"canonical\" href=\"https:\/\/www.celttv.com.ar\/index.php\/2018\/10\/07\/ayrton-ayrton\/\" \/>\n<meta property=\"og:locale\" content=\"es_ES\" \/>\n<meta property=\"og:type\" content=\"article\" \/>\n<meta property=\"og:title\" content=\"AYRTON, AYRTON - CELTTV\" \/>\n<meta property=\"og:description\" content=\"Sitio web de noticias de la localidad de Tornquist, provincia de Buenos Aires, Rep\u00fablica Argentina. Contenido propio originado por periodistas de CELTTV, el canal de TV local de la Cooperativa El\u00e9ctrica de Tornquist. Turismo, Pol\u00edtica, Sociedad, Deporte, Cultura y todo el contenido de inter\u00e9s general que la gente del pueblo y la regi\u00f3n debe conocer.\" \/>\n<meta property=\"og:url\" content=\"https:\/\/www.celttv.com.ar\/index.php\/2018\/10\/07\/ayrton-ayrton\/\" \/>\n<meta property=\"og:site_name\" content=\"CELTTV\" \/>\n<meta property=\"article:publisher\" content=\"https:\/\/www.facebook.com\/celtTV\/\" \/>\n<meta property=\"article:published_time\" content=\"2018-10-07T23:13:04+00:00\" \/>\n<meta property=\"og:image\" content=\"https:\/\/www.celttv.com.ar\/wp-content\/uploads\/2018\/10\/DSC_0131.jpg\" \/>\n\t<meta property=\"og:image:width\" content=\"960\" \/>\n\t<meta property=\"og:image:height\" content=\"640\" \/>\n\t<meta property=\"og:image:type\" content=\"image\/jpeg\" \/>\n<meta name=\"author\" content=\"ulises\" \/>\n<meta name=\"twitter:card\" content=\"summary_large_image\" \/>\n<meta name=\"twitter:label1\" content=\"Escrito por\" \/>\n\t<meta name=\"twitter:data1\" content=\"ulises\" \/>\n\t<meta name=\"twitter:label2\" content=\"Tiempo de lectura\" \/>\n\t<meta name=\"twitter:data2\" content=\"3 minutos\" \/>\n<script type=\"application\/ld+json\" class=\"yoast-schema-graph\">{\"@context\":\"https:\/\/schema.org\",\"@graph\":[{\"@type\":\"NewsArticle\",\"@id\":\"https:\/\/www.celttv.com.ar\/index.php\/2018\/10\/07\/ayrton-ayrton\/#article\",\"isPartOf\":{\"@id\":\"https:\/\/www.celttv.com.ar\/index.php\/2018\/10\/07\/ayrton-ayrton\/\"},\"author\":{\"name\":\"ulises\",\"@id\":\"https:\/\/www.celttv.com.ar\/#\/schema\/person\/6d99c072dba59953809c81446e9d0ace\"},\"headline\":\"AYRTON, AYRTON\",\"datePublished\":\"2018-10-07T23:13:04+00:00\",\"dateModified\":\"2018-10-07T23:13:04+00:00\",\"mainEntityOfPage\":{\"@id\":\"https:\/\/www.celttv.com.ar\/index.php\/2018\/10\/07\/ayrton-ayrton\/\"},\"wordCount\":695,\"publisher\":{\"@id\":\"https:\/\/www.celttv.com.ar\/#organization\"},\"articleSection\":[\"Deporte\",\"Destacadas\",\"Solo Futbol\"],\"inLanguage\":\"es\"},{\"@type\":\"WebPage\",\"@id\":\"https:\/\/www.celttv.com.ar\/index.php\/2018\/10\/07\/ayrton-ayrton\/\",\"url\":\"https:\/\/www.celttv.com.ar\/index.php\/2018\/10\/07\/ayrton-ayrton\/\",\"name\":\"AYRTON, AYRTON - CELTTV\",\"isPartOf\":{\"@id\":\"https:\/\/www.celttv.com.ar\/#website\"},\"datePublished\":\"2018-10-07T23:13:04+00:00\",\"dateModified\":\"2018-10-07T23:13:04+00:00\",\"description\":\"Sitio web de noticias de la localidad de Tornquist, provincia de Buenos Aires, Rep\u00fablica Argentina. Contenido propio originado por periodistas de CELTTV, el canal de TV local de la Cooperativa El\u00e9ctrica de Tornquist. Turismo, Pol\u00edtica, Sociedad, Deporte, Cultura y todo el contenido de inter\u00e9s general que la gente del pueblo y la regi\u00f3n debe conocer.\",\"breadcrumb\":{\"@id\":\"https:\/\/www.celttv.com.ar\/index.php\/2018\/10\/07\/ayrton-ayrton\/#breadcrumb\"},\"inLanguage\":\"es\",\"potentialAction\":[{\"@type\":\"ReadAction\",\"target\":[\"https:\/\/www.celttv.com.ar\/index.php\/2018\/10\/07\/ayrton-ayrton\/\"]}]},{\"@type\":\"BreadcrumbList\",\"@id\":\"https:\/\/www.celttv.com.ar\/index.php\/2018\/10\/07\/ayrton-ayrton\/#breadcrumb\",\"itemListElement\":[{\"@type\":\"ListItem\",\"position\":1,\"name\":\"Inicio\",\"item\":\"https:\/\/www.celttv.com.ar\/\"},{\"@type\":\"ListItem\",\"position\":2,\"name\":\"AYRTON, AYRTON\"}]},{\"@type\":\"WebSite\",\"@id\":\"https:\/\/www.celttv.com.ar\/#website\",\"url\":\"https:\/\/www.celttv.com.ar\/\",\"name\":\"CELTTV\",\"description\":\"Cooperativa El\u00e9ctrica de Tornquist\",\"publisher\":{\"@id\":\"https:\/\/www.celttv.com.ar\/#organization\"},\"potentialAction\":[{\"@type\":\"SearchAction\",\"target\":{\"@type\":\"EntryPoint\",\"urlTemplate\":\"https:\/\/www.celttv.com.ar\/?s={search_term_string}\"},\"query-input\":\"required name=search_term_string\"}],\"inLanguage\":\"es\"},{\"@type\":\"Organization\",\"@id\":\"https:\/\/www.celttv.com.ar\/#organization\",\"name\":\"CELTTV\",\"url\":\"https:\/\/www.celttv.com.ar\/\",\"sameAs\":[\"https:\/\/www.youtube.com\/channel\/UCz_oIt8Hig64Ub-EmcNPIhg\",\"https:\/\/www.facebook.com\/celtTV\/\"],\"logo\":{\"@type\":\"ImageObject\",\"inLanguage\":\"es\",\"@id\":\"https:\/\/www.celttv.com.ar\/#\/schema\/logo\/image\/\",\"url\":\"http:\/\/www.celttv.com.ar\/wp-content\/uploads\/2022\/08\/logo-1.png\",\"contentUrl\":\"http:\/\/www.celttv.com.ar\/wp-content\/uploads\/2022\/08\/logo-1.png\",\"width\":461,\"height\":159,\"caption\":\"CELTTV\"},\"image\":{\"@id\":\"https:\/\/www.celttv.com.ar\/#\/schema\/logo\/image\/\"}},{\"@type\":\"Person\",\"@id\":\"https:\/\/www.celttv.com.ar\/#\/schema\/person\/6d99c072dba59953809c81446e9d0ace\",\"name\":\"ulises\",\"image\":{\"@type\":\"ImageObject\",\"inLanguage\":\"es\",\"@id\":\"https:\/\/www.celttv.com.ar\/#\/schema\/person\/image\/\",\"url\":\"https:\/\/secure.gravatar.com\/avatar\/7f2c48bdc33b30088f941fb6082e555f2874c98e20cb159d7b92b50eadfce793?s=96&d=mm&r=g\",\"contentUrl\":\"https:\/\/secure.gravatar.com\/avatar\/7f2c48bdc33b30088f941fb6082e555f2874c98e20cb159d7b92b50eadfce793?s=96&d=mm&r=g\",\"caption\":\"ulises\"},\"sameAs\":[\"http:\/\/www.celttv.com.ar\"]}]}<\/script>\n<!-- \/ Yoast SEO plugin. -->","yoast_head_json":{"title":"AYRTON, AYRTON - CELTTV","description":"Sitio web de noticias de la localidad de Tornquist, provincia de Buenos Aires, Rep\u00fablica Argentina. Contenido propio originado por periodistas de CELTTV, el canal de TV local de la Cooperativa El\u00e9ctrica de Tornquist. Turismo, Pol\u00edtica, Sociedad, Deporte, Cultura y todo el contenido de inter\u00e9s general que la gente del pueblo y la regi\u00f3n debe conocer.","robots":{"index":"index","follow":"follow","max-snippet":"max-snippet:-1","max-image-preview":"max-image-preview:large","max-video-preview":"max-video-preview:-1"},"canonical":"https:\/\/www.celttv.com.ar\/index.php\/2018\/10\/07\/ayrton-ayrton\/","og_locale":"es_ES","og_type":"article","og_title":"AYRTON, AYRTON - CELTTV","og_description":"Sitio web de noticias de la localidad de Tornquist, provincia de Buenos Aires, Rep\u00fablica Argentina. Contenido propio originado por periodistas de CELTTV, el canal de TV local de la Cooperativa El\u00e9ctrica de Tornquist. Turismo, Pol\u00edtica, Sociedad, Deporte, Cultura y todo el contenido de inter\u00e9s general que la gente del pueblo y la regi\u00f3n debe conocer.","og_url":"https:\/\/www.celttv.com.ar\/index.php\/2018\/10\/07\/ayrton-ayrton\/","og_site_name":"CELTTV","article_publisher":"https:\/\/www.facebook.com\/celtTV\/","article_published_time":"2018-10-07T23:13:04+00:00","og_image":[{"width":960,"height":640,"url":"https:\/\/www.celttv.com.ar\/wp-content\/uploads\/2018\/10\/DSC_0131.jpg","type":"image\/jpeg"}],"author":"ulises","twitter_card":"summary_large_image","twitter_misc":{"Escrito por":"ulises","Tiempo de lectura":"3 minutos"},"schema":{"@context":"https:\/\/schema.org","@graph":[{"@type":"NewsArticle","@id":"https:\/\/www.celttv.com.ar\/index.php\/2018\/10\/07\/ayrton-ayrton\/#article","isPartOf":{"@id":"https:\/\/www.celttv.com.ar\/index.php\/2018\/10\/07\/ayrton-ayrton\/"},"author":{"name":"ulises","@id":"https:\/\/www.celttv.com.ar\/#\/schema\/person\/6d99c072dba59953809c81446e9d0ace"},"headline":"AYRTON, AYRTON","datePublished":"2018-10-07T23:13:04+00:00","dateModified":"2018-10-07T23:13:04+00:00","mainEntityOfPage":{"@id":"https:\/\/www.celttv.com.ar\/index.php\/2018\/10\/07\/ayrton-ayrton\/"},"wordCount":695,"publisher":{"@id":"https:\/\/www.celttv.com.ar\/#organization"},"articleSection":["Deporte","Destacadas","Solo Futbol"],"inLanguage":"es"},{"@type":"WebPage","@id":"https:\/\/www.celttv.com.ar\/index.php\/2018\/10\/07\/ayrton-ayrton\/","url":"https:\/\/www.celttv.com.ar\/index.php\/2018\/10\/07\/ayrton-ayrton\/","name":"AYRTON, AYRTON - CELTTV","isPartOf":{"@id":"https:\/\/www.celttv.com.ar\/#website"},"datePublished":"2018-10-07T23:13:04+00:00","dateModified":"2018-10-07T23:13:04+00:00","description":"Sitio web de noticias de la localidad de Tornquist, provincia de Buenos Aires, Rep\u00fablica Argentina. Contenido propio originado por periodistas de CELTTV, el canal de TV local de la Cooperativa El\u00e9ctrica de Tornquist. Turismo, Pol\u00edtica, Sociedad, Deporte, Cultura y todo el contenido de inter\u00e9s general que la gente del pueblo y la regi\u00f3n debe conocer.","breadcrumb":{"@id":"https:\/\/www.celttv.com.ar\/index.php\/2018\/10\/07\/ayrton-ayrton\/#breadcrumb"},"inLanguage":"es","potentialAction":[{"@type":"ReadAction","target":["https:\/\/www.celttv.com.ar\/index.php\/2018\/10\/07\/ayrton-ayrton\/"]}]},{"@type":"BreadcrumbList","@id":"https:\/\/www.celttv.com.ar\/index.php\/2018\/10\/07\/ayrton-ayrton\/#breadcrumb","itemListElement":[{"@type":"ListItem","position":1,"name":"Inicio","item":"https:\/\/www.celttv.com.ar\/"},{"@type":"ListItem","position":2,"name":"AYRTON, AYRTON"}]},{"@type":"WebSite","@id":"https:\/\/www.celttv.com.ar\/#website","url":"https:\/\/www.celttv.com.ar\/","name":"CELTTV","description":"Cooperativa El\u00e9ctrica de Tornquist","publisher":{"@id":"https:\/\/www.celttv.com.ar\/#organization"},"potentialAction":[{"@type":"SearchAction","target":{"@type":"EntryPoint","urlTemplate":"https:\/\/www.celttv.com.ar\/?s={search_term_string}"},"query-input":"required name=search_term_string"}],"inLanguage":"es"},{"@type":"Organization","@id":"https:\/\/www.celttv.com.ar\/#organization","name":"CELTTV","url":"https:\/\/www.celttv.com.ar\/","sameAs":["https:\/\/www.youtube.com\/channel\/UCz_oIt8Hig64Ub-EmcNPIhg","https:\/\/www.facebook.com\/celtTV\/"],"logo":{"@type":"ImageObject","inLanguage":"es","@id":"https:\/\/www.celttv.com.ar\/#\/schema\/logo\/image\/","url":"http:\/\/www.celttv.com.ar\/wp-content\/uploads\/2022\/08\/logo-1.png","contentUrl":"http:\/\/www.celttv.com.ar\/wp-content\/uploads\/2022\/08\/logo-1.png","width":461,"height":159,"caption":"CELTTV"},"image":{"@id":"https:\/\/www.celttv.com.ar\/#\/schema\/logo\/image\/"}},{"@type":"Person","@id":"https:\/\/www.celttv.com.ar\/#\/schema\/person\/6d99c072dba59953809c81446e9d0ace","name":"ulises","image":{"@type":"ImageObject","inLanguage":"es","@id":"https:\/\/www.celttv.com.ar\/#\/schema\/person\/image\/","url":"https:\/\/secure.gravatar.com\/avatar\/7f2c48bdc33b30088f941fb6082e555f2874c98e20cb159d7b92b50eadfce793?s=96&d=mm&r=g","contentUrl":"https:\/\/secure.gravatar.com\/avatar\/7f2c48bdc33b30088f941fb6082e555f2874c98e20cb159d7b92b50eadfce793?s=96&d=mm&r=g","caption":"ulises"},"sameAs":["http:\/\/www.celttv.com.ar"]}]}},"_links":{"self":[{"href":"https:\/\/www.celttv.com.ar\/index.php\/wp-json\/wp\/v2\/posts\/37844","targetHints":{"allow":["GET"]}}],"collection":[{"href":"https:\/\/www.celttv.com.ar\/index.php\/wp-json\/wp\/v2\/posts"}],"about":[{"href":"https:\/\/www.celttv.com.ar\/index.php\/wp-json\/wp\/v2\/types\/post"}],"author":[{"embeddable":true,"href":"https:\/\/www.celttv.com.ar\/index.php\/wp-json\/wp\/v2\/users\/1"}],"replies":[{"embeddable":true,"href":"https:\/\/www.celttv.com.ar\/index.php\/wp-json\/wp\/v2\/comments?post=37844"}],"version-history":[{"count":0,"href":"https:\/\/www.celttv.com.ar\/index.php\/wp-json\/wp\/v2\/posts\/37844\/revisions"}],"wp:featuredmedia":[{"embeddable":true,"href":"https:\/\/www.celttv.com.ar\/index.php\/wp-json\/wp\/v2\/media\/37847"}],"wp:attachment":[{"href":"https:\/\/www.celttv.com.ar\/index.php\/wp-json\/wp\/v2\/media?parent=37844"}],"wp:term":[{"taxonomy":"category","embeddable":true,"href":"https:\/\/www.celttv.com.ar\/index.php\/wp-json\/wp\/v2\/categories?post=37844"},{"taxonomy":"post_tag","embeddable":true,"href":"https:\/\/www.celttv.com.ar\/index.php\/wp-json\/wp\/v2\/tags?post=37844"}],"curies":[{"name":"wp","href":"https:\/\/api.w.org\/{rel}","templated":true}]}}