{"id":37849,"date":"2018-10-08T01:12:39","date_gmt":"2018-10-08T01:12:39","guid":{"rendered":"http:\/\/www.celttv.com.ar\/?p=37849"},"modified":"2018-10-08T01:12:39","modified_gmt":"2018-10-08T01:12:39","slug":"37849","status":"publish","type":"post","link":"https:\/\/www.celttv.com.ar\/index.php\/2018\/10\/08\/37849\/","title":{"rendered":"Varios hechos policiales durante el fin de semana"},"content":{"rendered":"<p style=\"font-weight: 400;\">La Secretaria de Seguridad de Tornquist, lleva a conocimiento de la poblaci\u00f3n de los procedimientos policiales llevado a cabo en el transcurso de este \u00faltimo fin de semana,<\/p>\n<p style=\"font-weight: 400;\"><strong>Rompio vidrios en Independencia al 876<\/strong><\/p>\n<p style=\"font-weight: 400;\">Con fecha 06 del corriente, tras llamado al n\u00famero de emergencia 101, personal policial de la Estaci\u00f3n de Polic\u00eda Comunal Tornquist, es alertado por las roturas de vidrios sobre el inmueble ubicado en la Avenida Independencia n\u00famero 876 de este medio. Al constituirse los uniformados al lugar pueden constatar la veracidad del llamado procediendo en consecuencia a la\u00a0<strong>APREHENSION\u00a0<\/strong>del ciudadano\u00a0<strong>LEANDRO DANILO MALDONADO,\u00a0<\/strong>de 34 a\u00f1os, con domicilio en la localidad balnearia de Monte Hermoso, por el delito de\u00a0<strong>DA\u00d1O,\u00a0<\/strong>interviniendo la Fiscal\u00eda N\u00ba 15 de Flagrancia de Bah\u00eda Blanca.-<\/p>\n<p style=\"font-weight: 400;\"><strong>Demoran a un ciudadano sobre el cual pesaba un pedido de paradero activo<\/strong><\/p>\n<p style=\"font-weight: 400;\">\u00a0 Tambi\u00e9n en la misma fecha, a ra\u00edz del Operativo de Identificaci\u00f3n de Personas, ordenada por la superioridad, personal policial de la Sub Estaci\u00f3n de Polic\u00eda Comunal de Sierra de la Ventana, procedi\u00f3 a la demora del ciudadano\u00a0<strong>AGUSTIN VICENTE FERNANDEZ,\u00a0<\/strong>de 22 a\u00f1os, oriundo de la localidad de Bah\u00eda Blanca, sobre el cual pesaba una solicitud de\u00a0<strong>PARADERO ACTIVO<\/strong>\u00a0solicitado por el Juzgado de Garant\u00edas N\u00ba 2 de Bah\u00eda Blanca.-<\/p>\n<p style=\"font-weight: 400;\"><strong>Sorprenden a menores dentro de un micro<\/strong><\/p>\n<p style=\"font-weight: 400;\">Asimismo con fecha 07 del corriente, personal policial de la Estaci\u00f3n Comunal de Tornquist, a trav\u00e9s del n\u00famero de emergencias 101, es puesto en conocimiento de que tres sujetos estar\u00edan a bordo de un colectivo estacionado en la intersecci\u00f3n de las arterias Rivadavia y 9 de Julio, propiedad de Alejandro Rodolfo Fagundez. Al constituirse los efectivos policiales, se constata que en el interior de dicho rodado se encontraban dos de los tres sujetos, los cuales una vez identificados se corrobora que resultan ser menores de edad, raz\u00f3n por la que no se brindan datos filiatorios, procedi\u00e9ndose en el lugar a la\u00a0<strong>DETENCION\u00a0<\/strong>de los mismos por el delito de\u00a0<strong>HURTO AUTOMOTOR EN GRADO DE TENTATIVA,\u00a0<\/strong>interviniendo la fiscal\u00eda n\u00famero 3 de Menores de Bah\u00eda Blanca<strong>.-<\/strong><\/p>\n<p style=\"font-weight: 400;\"><strong>Dos personas demoradas por tenencia de coca\u00edna<\/strong><\/p>\n<p style=\"font-weight: 400;\">Tambi\u00e9n, en dicho lugar, personal de la Estaci\u00f3n Comunal de Tornquist, procedi\u00f3 a la\u00a0<strong>DEMORA<\/strong>\u00a0de dos personas oriundas de este medio, sobre las que se le incaut\u00f3 una sustancia polvorienta de color blanca, la cual realizado el pesaje y test de orientaci\u00f3n respectivo, arroj\u00f3 como resultado\u00a0<strong>POSITIVO\u00a0<\/strong>para Clorhidrato de Coca\u00edna, inici\u00e1ndose actuaciones prevencionales por\u00a0<strong>INFRACCION A LA LEY 23.737 (LEY FEDERAL DE ESTUPEFACIENTES)<\/strong>. En virtud de hallarse la sustancia en infracci\u00f3n se omiten dar datos filiatorios de los demorados. Intervino la Fiscal\u00eda Especializada N\u00ba 19 de Bah\u00eda Blanca.-<\/p>\n<p style=\"font-weight: 400;\"><strong>Proferia gritos incitando a la pelea y\u00a0 fue detenido<\/strong><\/p>\n<p style=\"font-weight: 400;\">\u00a0\u00a0 Que sobre la misma fecha, personal policial dependiente de la Estaci\u00f3n Comunal de Tornquist, en su recorrida prevencional por la ciudad, sobre la intersecci\u00f3n de las avenidas Alem y San Martin, observan a un sujeto profiriendo gritos, incitando a la pelea en evidente estado de ebriedad, por lo que al proceder a su identificaci\u00f3n el mismo comienza a proferir insultos a los uniformados, continuando con la incitaci\u00f3n a la pelea, raz\u00f3n por la que consecuentemente se procedi\u00f3 a la\u00a0<strong>DETENCION\u00a0<\/strong>del joven\u00a0<strong>AXEL LOPEZ TOURN,\u00a0<\/strong>de 18 a\u00f1os, oriundo de este medio, por encontrarse ante una\u00a0<strong>INFRACCION A LOS ARTICULOS 35, 72 y 74 del DECRETO LEY 8031\/73 (C\u00f3digo de Faltas Contravencionales).\u00a0<\/strong>Intervino el Juzgado de Paz Letrado de Tornquist.-<\/p>\n<p>&nbsp;<\/p>\n<p style=\"font-weight: 400;\"><strong>En estado de ebriedad y provocando disturbios<\/strong><\/p>\n<p style=\"font-weight: 400;\">Tambi\u00e9n en la misma fecha, personal uniformado de la Sub Estaci\u00f3n Comunal de Sierra de la Ventana, en prevenci\u00f3n de delitos y faltas en todas sus modalidades, procedi\u00f3 a la\u00a0<strong>DETENCION\u00a0<\/strong>del ciudadano\u00a0<strong>CARLOS ALBERTO MUNICOY,<\/strong>\u00a0de 44 a\u00f1os, oriundo de Bah\u00eda Blanca, quien se hallara en la v\u00eda publica en aparente estado de ebriedad provocando disturbios, inici\u00e1ndose actuaciones contravencionales por\u00a0<strong>INFRACCION A LOS ARTICULOS 72 y 74 del DECRETO LEY 8031\/73 (C\u00f3digo de Faltas Contravencionales).<\/strong>\u00a0Intervino el Juzgado de Paz Letrado de Tornquist.-<\/p>\n<p style=\"font-weight: 400;\"><strong>\u00a0<\/strong><\/p>\n","protected":false},"excerpt":{"rendered":"<p>La Secretaria de Seguridad de Tornquist, lleva a conocimiento de la poblaci\u00f3n de los procedimientos policiales llevado a cabo en el transcurso de este \u00faltimo fin de semana, Rompio vidrios en Independencia al 876 Con fecha 06 del corriente, tras llamado al n\u00famero de emergencia 101, personal policial de la Estaci\u00f3n de Polic\u00eda Comunal Tornquist, [&hellip;]<\/p>\n","protected":false},"author":1,"featured_media":37582,"comment_status":"closed","ping_status":"open","sticky":false,"template":"","format":"standard","meta":{"footnotes":""},"categories":[52,61],"tags":[],"class_list":["post-37849","post","type-post","status-publish","format-standard","has-post-thumbnail","hentry","category-destacadas","category-policiales"],"yoast_head":"<!-- This site is optimized with the Yoast SEO plugin v19.7.1 - https:\/\/yoast.com\/wordpress\/plugins\/seo\/ -->\n<title>Varios hechos policiales durante el fin de semana - CELTTV<\/title>\n<meta name=\"description\" content=\"Sitio web de noticias de la localidad de Tornquist, provincia de Buenos Aires, Rep\u00fablica Argentina. Contenido propio originado por periodistas de CELTTV, el canal de TV local de la Cooperativa El\u00e9ctrica de Tornquist. Turismo, Pol\u00edtica, Sociedad, Deporte, Cultura y todo el contenido de inter\u00e9s general que la gente del pueblo y la regi\u00f3n debe conocer.\" \/>\n<meta name=\"robots\" content=\"index, follow, max-snippet:-1, max-image-preview:large, max-video-preview:-1\" \/>\n<link rel=\"canonical\" href=\"https:\/\/www.celttv.com.ar\/index.php\/2018\/10\/08\/37849\/\" \/>\n<meta property=\"og:locale\" content=\"es_ES\" \/>\n<meta property=\"og:type\" content=\"article\" \/>\n<meta property=\"og:title\" content=\"Varios hechos policiales durante el fin de semana - CELTTV\" \/>\n<meta property=\"og:description\" content=\"Sitio web de noticias de la localidad de Tornquist, provincia de Buenos Aires, Rep\u00fablica Argentina. Contenido propio originado por periodistas de CELTTV, el canal de TV local de la Cooperativa El\u00e9ctrica de Tornquist. Turismo, Pol\u00edtica, Sociedad, Deporte, Cultura y todo el contenido de inter\u00e9s general que la gente del pueblo y la regi\u00f3n debe conocer.\" \/>\n<meta property=\"og:url\" content=\"https:\/\/www.celttv.com.ar\/index.php\/2018\/10\/08\/37849\/\" \/>\n<meta property=\"og:site_name\" content=\"CELTTV\" \/>\n<meta property=\"article:publisher\" content=\"https:\/\/www.facebook.com\/celtTV\/\" \/>\n<meta property=\"article:published_time\" content=\"2018-10-08T01:12:39+00:00\" \/>\n<meta property=\"og:image\" content=\"https:\/\/www.celttv.com.ar\/wp-content\/uploads\/2018\/09\/Policiales.jpg\" \/>\n\t<meta property=\"og:image:width\" content=\"600\" \/>\n\t<meta property=\"og:image:height\" content=\"347\" \/>\n\t<meta property=\"og:image:type\" content=\"image\/jpeg\" \/>\n<meta name=\"author\" content=\"ulises\" \/>\n<meta name=\"twitter:card\" content=\"summary_large_image\" \/>\n<meta name=\"twitter:label1\" content=\"Escrito por\" \/>\n\t<meta name=\"twitter:data1\" content=\"ulises\" \/>\n\t<meta name=\"twitter:label2\" content=\"Tiempo de lectura\" \/>\n\t<meta name=\"twitter:data2\" content=\"3 minutos\" \/>\n<script type=\"application\/ld+json\" class=\"yoast-schema-graph\">{\"@context\":\"https:\/\/schema.org\",\"@graph\":[{\"@type\":\"NewsArticle\",\"@id\":\"https:\/\/www.celttv.com.ar\/index.php\/2018\/10\/08\/37849\/#article\",\"isPartOf\":{\"@id\":\"https:\/\/www.celttv.com.ar\/index.php\/2018\/10\/08\/37849\/\"},\"author\":{\"name\":\"ulises\",\"@id\":\"https:\/\/www.celttv.com.ar\/#\/schema\/person\/6d99c072dba59953809c81446e9d0ace\"},\"headline\":\"Varios hechos policiales durante el fin de semana\",\"datePublished\":\"2018-10-08T01:12:39+00:00\",\"dateModified\":\"2018-10-08T01:12:39+00:00\",\"mainEntityOfPage\":{\"@id\":\"https:\/\/www.celttv.com.ar\/index.php\/2018\/10\/08\/37849\/\"},\"wordCount\":701,\"publisher\":{\"@id\":\"https:\/\/www.celttv.com.ar\/#organization\"},\"articleSection\":[\"Destacadas\",\"Policiales\"],\"inLanguage\":\"es\"},{\"@type\":\"WebPage\",\"@id\":\"https:\/\/www.celttv.com.ar\/index.php\/2018\/10\/08\/37849\/\",\"url\":\"https:\/\/www.celttv.com.ar\/index.php\/2018\/10\/08\/37849\/\",\"name\":\"Varios hechos policiales durante el fin de semana - CELTTV\",\"isPartOf\":{\"@id\":\"https:\/\/www.celttv.com.ar\/#website\"},\"datePublished\":\"2018-10-08T01:12:39+00:00\",\"dateModified\":\"2018-10-08T01:12:39+00:00\",\"description\":\"Sitio web de noticias de la localidad de Tornquist, provincia de Buenos Aires, Rep\u00fablica Argentina. Contenido propio originado por periodistas de CELTTV, el canal de TV local de la Cooperativa El\u00e9ctrica de Tornquist. Turismo, Pol\u00edtica, Sociedad, Deporte, Cultura y todo el contenido de inter\u00e9s general que la gente del pueblo y la regi\u00f3n debe conocer.\",\"breadcrumb\":{\"@id\":\"https:\/\/www.celttv.com.ar\/index.php\/2018\/10\/08\/37849\/#breadcrumb\"},\"inLanguage\":\"es\",\"potentialAction\":[{\"@type\":\"ReadAction\",\"target\":[\"https:\/\/www.celttv.com.ar\/index.php\/2018\/10\/08\/37849\/\"]}]},{\"@type\":\"BreadcrumbList\",\"@id\":\"https:\/\/www.celttv.com.ar\/index.php\/2018\/10\/08\/37849\/#breadcrumb\",\"itemListElement\":[{\"@type\":\"ListItem\",\"position\":1,\"name\":\"Inicio\",\"item\":\"https:\/\/www.celttv.com.ar\/\"},{\"@type\":\"ListItem\",\"position\":2,\"name\":\"Varios hechos policiales durante el fin de semana\"}]},{\"@type\":\"WebSite\",\"@id\":\"https:\/\/www.celttv.com.ar\/#website\",\"url\":\"https:\/\/www.celttv.com.ar\/\",\"name\":\"CELTTV\",\"description\":\"Cooperativa El\u00e9ctrica de Tornquist\",\"publisher\":{\"@id\":\"https:\/\/www.celttv.com.ar\/#organization\"},\"potentialAction\":[{\"@type\":\"SearchAction\",\"target\":{\"@type\":\"EntryPoint\",\"urlTemplate\":\"https:\/\/www.celttv.com.ar\/?s={search_term_string}\"},\"query-input\":\"required name=search_term_string\"}],\"inLanguage\":\"es\"},{\"@type\":\"Organization\",\"@id\":\"https:\/\/www.celttv.com.ar\/#organization\",\"name\":\"CELTTV\",\"url\":\"https:\/\/www.celttv.com.ar\/\",\"sameAs\":[\"https:\/\/www.youtube.com\/channel\/UCz_oIt8Hig64Ub-EmcNPIhg\",\"https:\/\/www.facebook.com\/celtTV\/\"],\"logo\":{\"@type\":\"ImageObject\",\"inLanguage\":\"es\",\"@id\":\"https:\/\/www.celttv.com.ar\/#\/schema\/logo\/image\/\",\"url\":\"http:\/\/www.celttv.com.ar\/wp-content\/uploads\/2022\/08\/logo-1.png\",\"contentUrl\":\"http:\/\/www.celttv.com.ar\/wp-content\/uploads\/2022\/08\/logo-1.png\",\"width\":461,\"height\":159,\"caption\":\"CELTTV\"},\"image\":{\"@id\":\"https:\/\/www.celttv.com.ar\/#\/schema\/logo\/image\/\"}},{\"@type\":\"Person\",\"@id\":\"https:\/\/www.celttv.com.ar\/#\/schema\/person\/6d99c072dba59953809c81446e9d0ace\",\"name\":\"ulises\",\"image\":{\"@type\":\"ImageObject\",\"inLanguage\":\"es\",\"@id\":\"https:\/\/www.celttv.com.ar\/#\/schema\/person\/image\/\",\"url\":\"https:\/\/secure.gravatar.com\/avatar\/7f2c48bdc33b30088f941fb6082e555f2874c98e20cb159d7b92b50eadfce793?s=96&d=mm&r=g\",\"contentUrl\":\"https:\/\/secure.gravatar.com\/avatar\/7f2c48bdc33b30088f941fb6082e555f2874c98e20cb159d7b92b50eadfce793?s=96&d=mm&r=g\",\"caption\":\"ulises\"},\"sameAs\":[\"http:\/\/www.celttv.com.ar\"]}]}<\/script>\n<!-- \/ Yoast SEO plugin. -->","yoast_head_json":{"title":"Varios hechos policiales durante el fin de semana - CELTTV","description":"Sitio web de noticias de la localidad de Tornquist, provincia de Buenos Aires, Rep\u00fablica Argentina. Contenido propio originado por periodistas de CELTTV, el canal de TV local de la Cooperativa El\u00e9ctrica de Tornquist. Turismo, Pol\u00edtica, Sociedad, Deporte, Cultura y todo el contenido de inter\u00e9s general que la gente del pueblo y la regi\u00f3n debe conocer.","robots":{"index":"index","follow":"follow","max-snippet":"max-snippet:-1","max-image-preview":"max-image-preview:large","max-video-preview":"max-video-preview:-1"},"canonical":"https:\/\/www.celttv.com.ar\/index.php\/2018\/10\/08\/37849\/","og_locale":"es_ES","og_type":"article","og_title":"Varios hechos policiales durante el fin de semana - CELTTV","og_description":"Sitio web de noticias de la localidad de Tornquist, provincia de Buenos Aires, Rep\u00fablica Argentina. Contenido propio originado por periodistas de CELTTV, el canal de TV local de la Cooperativa El\u00e9ctrica de Tornquist. Turismo, Pol\u00edtica, Sociedad, Deporte, Cultura y todo el contenido de inter\u00e9s general que la gente del pueblo y la regi\u00f3n debe conocer.","og_url":"https:\/\/www.celttv.com.ar\/index.php\/2018\/10\/08\/37849\/","og_site_name":"CELTTV","article_publisher":"https:\/\/www.facebook.com\/celtTV\/","article_published_time":"2018-10-08T01:12:39+00:00","og_image":[{"width":600,"height":347,"url":"https:\/\/www.celttv.com.ar\/wp-content\/uploads\/2018\/09\/Policiales.jpg","type":"image\/jpeg"}],"author":"ulises","twitter_card":"summary_large_image","twitter_misc":{"Escrito por":"ulises","Tiempo de lectura":"3 minutos"},"schema":{"@context":"https:\/\/schema.org","@graph":[{"@type":"NewsArticle","@id":"https:\/\/www.celttv.com.ar\/index.php\/2018\/10\/08\/37849\/#article","isPartOf":{"@id":"https:\/\/www.celttv.com.ar\/index.php\/2018\/10\/08\/37849\/"},"author":{"name":"ulises","@id":"https:\/\/www.celttv.com.ar\/#\/schema\/person\/6d99c072dba59953809c81446e9d0ace"},"headline":"Varios hechos policiales durante el fin de semana","datePublished":"2018-10-08T01:12:39+00:00","dateModified":"2018-10-08T01:12:39+00:00","mainEntityOfPage":{"@id":"https:\/\/www.celttv.com.ar\/index.php\/2018\/10\/08\/37849\/"},"wordCount":701,"publisher":{"@id":"https:\/\/www.celttv.com.ar\/#organization"},"articleSection":["Destacadas","Policiales"],"inLanguage":"es"},{"@type":"WebPage","@id":"https:\/\/www.celttv.com.ar\/index.php\/2018\/10\/08\/37849\/","url":"https:\/\/www.celttv.com.ar\/index.php\/2018\/10\/08\/37849\/","name":"Varios hechos policiales durante el fin de semana - CELTTV","isPartOf":{"@id":"https:\/\/www.celttv.com.ar\/#website"},"datePublished":"2018-10-08T01:12:39+00:00","dateModified":"2018-10-08T01:12:39+00:00","description":"Sitio web de noticias de la localidad de Tornquist, provincia de Buenos Aires, Rep\u00fablica Argentina. Contenido propio originado por periodistas de CELTTV, el canal de TV local de la Cooperativa El\u00e9ctrica de Tornquist. Turismo, Pol\u00edtica, Sociedad, Deporte, Cultura y todo el contenido de inter\u00e9s general que la gente del pueblo y la regi\u00f3n debe conocer.","breadcrumb":{"@id":"https:\/\/www.celttv.com.ar\/index.php\/2018\/10\/08\/37849\/#breadcrumb"},"inLanguage":"es","potentialAction":[{"@type":"ReadAction","target":["https:\/\/www.celttv.com.ar\/index.php\/2018\/10\/08\/37849\/"]}]},{"@type":"BreadcrumbList","@id":"https:\/\/www.celttv.com.ar\/index.php\/2018\/10\/08\/37849\/#breadcrumb","itemListElement":[{"@type":"ListItem","position":1,"name":"Inicio","item":"https:\/\/www.celttv.com.ar\/"},{"@type":"ListItem","position":2,"name":"Varios hechos policiales durante el fin de semana"}]},{"@type":"WebSite","@id":"https:\/\/www.celttv.com.ar\/#website","url":"https:\/\/www.celttv.com.ar\/","name":"CELTTV","description":"Cooperativa El\u00e9ctrica de Tornquist","publisher":{"@id":"https:\/\/www.celttv.com.ar\/#organization"},"potentialAction":[{"@type":"SearchAction","target":{"@type":"EntryPoint","urlTemplate":"https:\/\/www.celttv.com.ar\/?s={search_term_string}"},"query-input":"required name=search_term_string"}],"inLanguage":"es"},{"@type":"Organization","@id":"https:\/\/www.celttv.com.ar\/#organization","name":"CELTTV","url":"https:\/\/www.celttv.com.ar\/","sameAs":["https:\/\/www.youtube.com\/channel\/UCz_oIt8Hig64Ub-EmcNPIhg","https:\/\/www.facebook.com\/celtTV\/"],"logo":{"@type":"ImageObject","inLanguage":"es","@id":"https:\/\/www.celttv.com.ar\/#\/schema\/logo\/image\/","url":"http:\/\/www.celttv.com.ar\/wp-content\/uploads\/2022\/08\/logo-1.png","contentUrl":"http:\/\/www.celttv.com.ar\/wp-content\/uploads\/2022\/08\/logo-1.png","width":461,"height":159,"caption":"CELTTV"},"image":{"@id":"https:\/\/www.celttv.com.ar\/#\/schema\/logo\/image\/"}},{"@type":"Person","@id":"https:\/\/www.celttv.com.ar\/#\/schema\/person\/6d99c072dba59953809c81446e9d0ace","name":"ulises","image":{"@type":"ImageObject","inLanguage":"es","@id":"https:\/\/www.celttv.com.ar\/#\/schema\/person\/image\/","url":"https:\/\/secure.gravatar.com\/avatar\/7f2c48bdc33b30088f941fb6082e555f2874c98e20cb159d7b92b50eadfce793?s=96&d=mm&r=g","contentUrl":"https:\/\/secure.gravatar.com\/avatar\/7f2c48bdc33b30088f941fb6082e555f2874c98e20cb159d7b92b50eadfce793?s=96&d=mm&r=g","caption":"ulises"},"sameAs":["http:\/\/www.celttv.com.ar"]}]}},"_links":{"self":[{"href":"https:\/\/www.celttv.com.ar\/index.php\/wp-json\/wp\/v2\/posts\/37849","targetHints":{"allow":["GET"]}}],"collection":[{"href":"https:\/\/www.celttv.com.ar\/index.php\/wp-json\/wp\/v2\/posts"}],"about":[{"href":"https:\/\/www.celttv.com.ar\/index.php\/wp-json\/wp\/v2\/types\/post"}],"author":[{"embeddable":true,"href":"https:\/\/www.celttv.com.ar\/index.php\/wp-json\/wp\/v2\/users\/1"}],"replies":[{"embeddable":true,"href":"https:\/\/www.celttv.com.ar\/index.php\/wp-json\/wp\/v2\/comments?post=37849"}],"version-history":[{"count":0,"href":"https:\/\/www.celttv.com.ar\/index.php\/wp-json\/wp\/v2\/posts\/37849\/revisions"}],"wp:featuredmedia":[{"embeddable":true,"href":"https:\/\/www.celttv.com.ar\/index.php\/wp-json\/wp\/v2\/media\/37582"}],"wp:attachment":[{"href":"https:\/\/www.celttv.com.ar\/index.php\/wp-json\/wp\/v2\/media?parent=37849"}],"wp:term":[{"taxonomy":"category","embeddable":true,"href":"https:\/\/www.celttv.com.ar\/index.php\/wp-json\/wp\/v2\/categories?post=37849"},{"taxonomy":"post_tag","embeddable":true,"href":"https:\/\/www.celttv.com.ar\/index.php\/wp-json\/wp\/v2\/tags?post=37849"}],"curies":[{"name":"wp","href":"https:\/\/api.w.org\/{rel}","templated":true}]}}