{"id":37881,"date":"2018-10-09T20:53:36","date_gmt":"2018-10-09T20:53:36","guid":{"rendered":"http:\/\/www.celttv.com.ar\/?p=37881"},"modified":"2018-10-09T20:53:36","modified_gmt":"2018-10-09T20:53:36","slug":"tornquist-invitado-a-participar-en-la-feria-comer-y-leer","status":"publish","type":"post","link":"https:\/\/www.celttv.com.ar\/index.php\/2018\/10\/09\/tornquist-invitado-a-participar-en-la-feria-comer-y-leer\/","title":{"rendered":"Tornquist invitado a participar en la Feria Comer y Leer"},"content":{"rendered":"<p>Nuestro destino una vez m\u00e1s estuvo presente en la 10\u00b0 edici\u00f3n de la\u00a0 \u201cFeria Leer y Comer\u201d que se llev\u00f3 a cabo el pasado fin de semana en\u00a0 el barrio de la Chacarita.<br \/>\nComer y leer re\u00fane y fusiona lo mejor de la gastronom\u00eda con la literatura.<br \/>\nEn esta oportunidad Tornquist Municipio\u00a0 acompa\u00f1\u00f3 a la bodega Cerros Colorados de Villa Ventana.<br \/>\nEl municipio tuvo su espacio en el puesto del Ministerio de Turismo de la Naci\u00f3n en donde la bodega pudo ofrecer una cata de sus varietales.<br \/>\nEste espacio constituy\u00f3, adem\u00e1s de un lugar en donde darnos a conocer, \u00a0un importante punto para establecer nuevos contactos especialmente con la prensa y diferentes editoriales quienes manifestaron sus intenciones de visitar la comarca.<br \/>\n<div id='gallery_1' class='gallery galleryid-37881 gallery-columns-3 gallery-size-medium'><figure class='gallery-item'>\n            <div class='gallery-icon portrait'>\n                <a href='https:\/\/www.celttv.com.ar\/wp-content\/uploads\/2018\/10\/leer-y-comer.jpeg'><img loading=\"lazy\" decoding=\"async\" width=\"225\" height=\"300\" src=\"\" class=\"attachment-medium size-medium lazyload\" alt=\"\" data-src=\"https:\/\/www.celttv.com.ar\/wp-content\/uploads\/2018\/10\/leer-y-comer-225x300.jpeg\" data-sizes=\"auto\" data-srcset=\"https:\/\/www.celttv.com.ar\/wp-content\/uploads\/2018\/10\/leer-y-comer-225x300.jpeg 225w, https:\/\/www.celttv.com.ar\/wp-content\/uploads\/2018\/10\/leer-y-comer-768x1024.jpeg 768w, https:\/\/www.celttv.com.ar\/wp-content\/uploads\/2018\/10\/leer-y-comer-750x1000.jpeg 750w, https:\/\/www.celttv.com.ar\/wp-content\/uploads\/2018\/10\/leer-y-comer.jpeg 960w\" data-expand=\"700\" \/><\/a>\n            <\/div><\/figure><figure class='gallery-item'>\n            <div class='gallery-icon portrait'>\n                <a href='https:\/\/www.celttv.com.ar\/wp-content\/uploads\/2018\/10\/WhatsApp-Image-2018-10-08-at-13.09.06.jpeg'><img loading=\"lazy\" decoding=\"async\" width=\"225\" height=\"300\" src=\"\" class=\"attachment-medium size-medium lazyload\" alt=\"\" data-src=\"https:\/\/www.celttv.com.ar\/wp-content\/uploads\/2018\/10\/WhatsApp-Image-2018-10-08-at-13.09.06-225x300.jpeg\" data-sizes=\"auto\" data-srcset=\"https:\/\/www.celttv.com.ar\/wp-content\/uploads\/2018\/10\/WhatsApp-Image-2018-10-08-at-13.09.06-225x300.jpeg 225w, https:\/\/www.celttv.com.ar\/wp-content\/uploads\/2018\/10\/WhatsApp-Image-2018-10-08-at-13.09.06-768x1024.jpeg 768w, https:\/\/www.celttv.com.ar\/wp-content\/uploads\/2018\/10\/WhatsApp-Image-2018-10-08-at-13.09.06-750x1000.jpeg 750w, https:\/\/www.celttv.com.ar\/wp-content\/uploads\/2018\/10\/WhatsApp-Image-2018-10-08-at-13.09.06.jpeg 960w\" data-expand=\"700\" \/><\/a>\n            <\/div><\/figure><figure class='gallery-item'>\n            <div class='gallery-icon portrait'>\n                <a href='https:\/\/www.celttv.com.ar\/wp-content\/uploads\/2018\/10\/WhatsApp-Image-2018-10-08-at-13.09.07-1.jpeg'><img loading=\"lazy\" decoding=\"async\" width=\"169\" height=\"300\" src=\"\" class=\"attachment-medium size-medium lazyload\" alt=\"\" data-src=\"https:\/\/www.celttv.com.ar\/wp-content\/uploads\/2018\/10\/WhatsApp-Image-2018-10-08-at-13.09.07-1-169x300.jpeg\" data-sizes=\"auto\" data-srcset=\"https:\/\/www.celttv.com.ar\/wp-content\/uploads\/2018\/10\/WhatsApp-Image-2018-10-08-at-13.09.07-1-169x300.jpeg 169w, https:\/\/www.celttv.com.ar\/wp-content\/uploads\/2018\/10\/WhatsApp-Image-2018-10-08-at-13.09.07-1-576x1024.jpeg 576w, https:\/\/www.celttv.com.ar\/wp-content\/uploads\/2018\/10\/WhatsApp-Image-2018-10-08-at-13.09.07-1.jpeg 720w\" data-expand=\"700\" \/><\/a>\n            <\/div><\/figure><br style=\"clear: both\" \/><figure class='gallery-item'>\n            <div class='gallery-icon portrait'>\n                <a href='https:\/\/www.celttv.com.ar\/wp-content\/uploads\/2018\/10\/WhatsApp-Image-2018-10-08-at-13.09.07-2.jpeg'><img loading=\"lazy\" decoding=\"async\" width=\"169\" height=\"300\" src=\"\" class=\"attachment-medium size-medium lazyload\" alt=\"\" data-src=\"https:\/\/www.celttv.com.ar\/wp-content\/uploads\/2018\/10\/WhatsApp-Image-2018-10-08-at-13.09.07-2-169x300.jpeg\" data-sizes=\"auto\" data-srcset=\"https:\/\/www.celttv.com.ar\/wp-content\/uploads\/2018\/10\/WhatsApp-Image-2018-10-08-at-13.09.07-2-169x300.jpeg 169w, https:\/\/www.celttv.com.ar\/wp-content\/uploads\/2018\/10\/WhatsApp-Image-2018-10-08-at-13.09.07-2-576x1024.jpeg 576w, https:\/\/www.celttv.com.ar\/wp-content\/uploads\/2018\/10\/WhatsApp-Image-2018-10-08-at-13.09.07-2.jpeg 720w\" data-expand=\"700\" \/><\/a>\n            <\/div><\/figure><figure class='gallery-item'>\n            <div class='gallery-icon portrait'>\n                <a href='https:\/\/www.celttv.com.ar\/wp-content\/uploads\/2018\/10\/WhatsApp-Image-2018-10-08-at-13.09.07.jpeg'><img loading=\"lazy\" decoding=\"async\" width=\"282\" height=\"300\" src=\"\" class=\"attachment-medium size-medium lazyload\" alt=\"\" data-src=\"https:\/\/www.celttv.com.ar\/wp-content\/uploads\/2018\/10\/WhatsApp-Image-2018-10-08-at-13.09.07-282x300.jpeg\" data-sizes=\"auto\" data-srcset=\"https:\/\/www.celttv.com.ar\/wp-content\/uploads\/2018\/10\/WhatsApp-Image-2018-10-08-at-13.09.07-282x300.jpeg 282w, https:\/\/www.celttv.com.ar\/wp-content\/uploads\/2018\/10\/WhatsApp-Image-2018-10-08-at-13.09.07-768x817.jpeg 768w, https:\/\/www.celttv.com.ar\/wp-content\/uploads\/2018\/10\/WhatsApp-Image-2018-10-08-at-13.09.07-750x798.jpeg 750w, https:\/\/www.celttv.com.ar\/wp-content\/uploads\/2018\/10\/WhatsApp-Image-2018-10-08-at-13.09.07.jpeg 962w\" data-expand=\"700\" \/><\/a>\n            <\/div><\/figure><figure class='gallery-item'>\n            <div class='gallery-icon portrait'>\n                <a href='https:\/\/www.celttv.com.ar\/wp-content\/uploads\/2018\/10\/WhatsApp-Image-2018-10-08-at-13.09.08-2.jpeg'><img loading=\"lazy\" decoding=\"async\" width=\"225\" height=\"300\" src=\"\" class=\"attachment-medium size-medium lazyload\" alt=\"\" data-src=\"https:\/\/www.celttv.com.ar\/wp-content\/uploads\/2018\/10\/WhatsApp-Image-2018-10-08-at-13.09.08-2-225x300.jpeg\" data-sizes=\"auto\" data-srcset=\"https:\/\/www.celttv.com.ar\/wp-content\/uploads\/2018\/10\/WhatsApp-Image-2018-10-08-at-13.09.08-2-225x300.jpeg 225w, https:\/\/www.celttv.com.ar\/wp-content\/uploads\/2018\/10\/WhatsApp-Image-2018-10-08-at-13.09.08-2-768x1024.jpeg 768w, https:\/\/www.celttv.com.ar\/wp-content\/uploads\/2018\/10\/WhatsApp-Image-2018-10-08-at-13.09.08-2-750x1000.jpeg 750w, https:\/\/www.celttv.com.ar\/wp-content\/uploads\/2018\/10\/WhatsApp-Image-2018-10-08-at-13.09.08-2.jpeg 960w\" data-expand=\"700\" \/><\/a>\n            <\/div><\/figure><br style=\"clear: both\" \/><figure class='gallery-item'>\n            <div class='gallery-icon portrait'>\n                <a href='https:\/\/www.celttv.com.ar\/wp-content\/uploads\/2018\/10\/WhatsApp-Image-2018-10-08-at-13.09.08.jpeg'><img loading=\"lazy\" decoding=\"async\" width=\"169\" height=\"300\" src=\"\" class=\"attachment-medium size-medium lazyload\" alt=\"\" data-src=\"https:\/\/www.celttv.com.ar\/wp-content\/uploads\/2018\/10\/WhatsApp-Image-2018-10-08-at-13.09.08-169x300.jpeg\" data-sizes=\"auto\" data-srcset=\"https:\/\/www.celttv.com.ar\/wp-content\/uploads\/2018\/10\/WhatsApp-Image-2018-10-08-at-13.09.08-169x300.jpeg 169w, https:\/\/www.celttv.com.ar\/wp-content\/uploads\/2018\/10\/WhatsApp-Image-2018-10-08-at-13.09.08-576x1024.jpeg 576w, https:\/\/www.celttv.com.ar\/wp-content\/uploads\/2018\/10\/WhatsApp-Image-2018-10-08-at-13.09.08.jpeg 720w\" data-expand=\"700\" \/><\/a>\n            <\/div><\/figure>\n            <br style='clear: both' \/>\n        <\/div>\n<br \/>\n&nbsp;<\/p>\n","protected":false},"excerpt":{"rendered":"<p>Nuestro destino una vez m\u00e1s estuvo presente en la 10\u00b0 edici\u00f3n de la\u00a0 \u201cFeria Leer y Comer\u201d que se llev\u00f3 a cabo el pasado fin de semana en\u00a0 el barrio de la Chacarita. Comer y leer re\u00fane y fusiona lo mejor de la gastronom\u00eda con la literatura. En esta oportunidad Tornquist Municipio\u00a0 acompa\u00f1\u00f3 a la [&hellip;]<\/p>\n","protected":false},"author":1,"featured_media":37888,"comment_status":"closed","ping_status":"open","sticky":false,"template":"","format":"standard","meta":{"footnotes":""},"categories":[51,52,58],"tags":[],"class_list":["post-37881","post","type-post","status-publish","format-standard","has-post-thumbnail","hentry","category-comunidad","category-destacadas","category-turismo"],"yoast_head":"<!-- This site is optimized with the Yoast SEO plugin v19.7.1 - https:\/\/yoast.com\/wordpress\/plugins\/seo\/ -->\n<title>Tornquist invitado a participar en la Feria Comer y Leer - CELTTV<\/title>\n<meta name=\"description\" content=\"Sitio web de noticias de la localidad de Tornquist, provincia de Buenos Aires, Rep\u00fablica Argentina. Contenido propio originado por periodistas de CELTTV, el canal de TV local de la Cooperativa El\u00e9ctrica de Tornquist. Turismo, Pol\u00edtica, Sociedad, Deporte, Cultura y todo el contenido de inter\u00e9s general que la gente del pueblo y la regi\u00f3n debe conocer.\" \/>\n<meta name=\"robots\" content=\"index, follow, max-snippet:-1, max-image-preview:large, max-video-preview:-1\" \/>\n<link rel=\"canonical\" href=\"https:\/\/www.celttv.com.ar\/index.php\/2018\/10\/09\/tornquist-invitado-a-participar-en-la-feria-comer-y-leer\/\" \/>\n<meta property=\"og:locale\" content=\"es_ES\" \/>\n<meta property=\"og:type\" content=\"article\" \/>\n<meta property=\"og:title\" content=\"Tornquist invitado a participar en la Feria Comer y Leer - CELTTV\" \/>\n<meta property=\"og:description\" content=\"Sitio web de noticias de la localidad de Tornquist, provincia de Buenos Aires, Rep\u00fablica Argentina. Contenido propio originado por periodistas de CELTTV, el canal de TV local de la Cooperativa El\u00e9ctrica de Tornquist. Turismo, Pol\u00edtica, Sociedad, Deporte, Cultura y todo el contenido de inter\u00e9s general que la gente del pueblo y la regi\u00f3n debe conocer.\" \/>\n<meta property=\"og:url\" content=\"https:\/\/www.celttv.com.ar\/index.php\/2018\/10\/09\/tornquist-invitado-a-participar-en-la-feria-comer-y-leer\/\" \/>\n<meta property=\"og:site_name\" content=\"CELTTV\" \/>\n<meta property=\"article:publisher\" content=\"https:\/\/www.facebook.com\/celtTV\/\" \/>\n<meta property=\"article:published_time\" content=\"2018-10-09T20:53:36+00:00\" \/>\n<meta property=\"og:image\" content=\"https:\/\/www.celttv.com.ar\/wp-content\/uploads\/2018\/10\/WhatsApp-Image-2018-10-08-at-13.09.07.jpeg\" \/>\n\t<meta property=\"og:image:width\" content=\"962\" \/>\n\t<meta property=\"og:image:height\" content=\"1024\" \/>\n\t<meta property=\"og:image:type\" content=\"image\/jpeg\" \/>\n<meta name=\"author\" content=\"ulises\" \/>\n<meta name=\"twitter:card\" content=\"summary_large_image\" \/>\n<meta name=\"twitter:label1\" content=\"Escrito por\" \/>\n\t<meta name=\"twitter:data1\" content=\"ulises\" \/>\n\t<meta name=\"twitter:label2\" content=\"Tiempo de lectura\" \/>\n\t<meta name=\"twitter:data2\" content=\"1 minuto\" \/>\n<script type=\"application\/ld+json\" class=\"yoast-schema-graph\">{\"@context\":\"https:\/\/schema.org\",\"@graph\":[{\"@type\":\"NewsArticle\",\"@id\":\"https:\/\/www.celttv.com.ar\/index.php\/2018\/10\/09\/tornquist-invitado-a-participar-en-la-feria-comer-y-leer\/#article\",\"isPartOf\":{\"@id\":\"https:\/\/www.celttv.com.ar\/index.php\/2018\/10\/09\/tornquist-invitado-a-participar-en-la-feria-comer-y-leer\/\"},\"author\":{\"name\":\"ulises\",\"@id\":\"https:\/\/www.celttv.com.ar\/#\/schema\/person\/6d99c072dba59953809c81446e9d0ace\"},\"headline\":\"Tornquist invitado a participar en la Feria Comer y Leer\",\"datePublished\":\"2018-10-09T20:53:36+00:00\",\"dateModified\":\"2018-10-09T20:53:36+00:00\",\"mainEntityOfPage\":{\"@id\":\"https:\/\/www.celttv.com.ar\/index.php\/2018\/10\/09\/tornquist-invitado-a-participar-en-la-feria-comer-y-leer\/\"},\"wordCount\":141,\"publisher\":{\"@id\":\"https:\/\/www.celttv.com.ar\/#organization\"},\"articleSection\":[\"Comunidad\",\"Destacadas\",\"Turismo\"],\"inLanguage\":\"es\"},{\"@type\":\"WebPage\",\"@id\":\"https:\/\/www.celttv.com.ar\/index.php\/2018\/10\/09\/tornquist-invitado-a-participar-en-la-feria-comer-y-leer\/\",\"url\":\"https:\/\/www.celttv.com.ar\/index.php\/2018\/10\/09\/tornquist-invitado-a-participar-en-la-feria-comer-y-leer\/\",\"name\":\"Tornquist invitado a participar en la Feria Comer y Leer - CELTTV\",\"isPartOf\":{\"@id\":\"https:\/\/www.celttv.com.ar\/#website\"},\"datePublished\":\"2018-10-09T20:53:36+00:00\",\"dateModified\":\"2018-10-09T20:53:36+00:00\",\"description\":\"Sitio web de noticias de la localidad de Tornquist, provincia de Buenos Aires, Rep\u00fablica Argentina. Contenido propio originado por periodistas de CELTTV, el canal de TV local de la Cooperativa El\u00e9ctrica de Tornquist. Turismo, Pol\u00edtica, Sociedad, Deporte, Cultura y todo el contenido de inter\u00e9s general que la gente del pueblo y la regi\u00f3n debe conocer.\",\"breadcrumb\":{\"@id\":\"https:\/\/www.celttv.com.ar\/index.php\/2018\/10\/09\/tornquist-invitado-a-participar-en-la-feria-comer-y-leer\/#breadcrumb\"},\"inLanguage\":\"es\",\"potentialAction\":[{\"@type\":\"ReadAction\",\"target\":[\"https:\/\/www.celttv.com.ar\/index.php\/2018\/10\/09\/tornquist-invitado-a-participar-en-la-feria-comer-y-leer\/\"]}]},{\"@type\":\"BreadcrumbList\",\"@id\":\"https:\/\/www.celttv.com.ar\/index.php\/2018\/10\/09\/tornquist-invitado-a-participar-en-la-feria-comer-y-leer\/#breadcrumb\",\"itemListElement\":[{\"@type\":\"ListItem\",\"position\":1,\"name\":\"Inicio\",\"item\":\"https:\/\/www.celttv.com.ar\/\"},{\"@type\":\"ListItem\",\"position\":2,\"name\":\"Tornquist invitado a participar en la Feria Comer y Leer\"}]},{\"@type\":\"WebSite\",\"@id\":\"https:\/\/www.celttv.com.ar\/#website\",\"url\":\"https:\/\/www.celttv.com.ar\/\",\"name\":\"CELTTV\",\"description\":\"Cooperativa El\u00e9ctrica de Tornquist\",\"publisher\":{\"@id\":\"https:\/\/www.celttv.com.ar\/#organization\"},\"potentialAction\":[{\"@type\":\"SearchAction\",\"target\":{\"@type\":\"EntryPoint\",\"urlTemplate\":\"https:\/\/www.celttv.com.ar\/?s={search_term_string}\"},\"query-input\":\"required name=search_term_string\"}],\"inLanguage\":\"es\"},{\"@type\":\"Organization\",\"@id\":\"https:\/\/www.celttv.com.ar\/#organization\",\"name\":\"CELTTV\",\"url\":\"https:\/\/www.celttv.com.ar\/\",\"sameAs\":[\"https:\/\/www.youtube.com\/channel\/UCz_oIt8Hig64Ub-EmcNPIhg\",\"https:\/\/www.facebook.com\/celtTV\/\"],\"logo\":{\"@type\":\"ImageObject\",\"inLanguage\":\"es\",\"@id\":\"https:\/\/www.celttv.com.ar\/#\/schema\/logo\/image\/\",\"url\":\"http:\/\/www.celttv.com.ar\/wp-content\/uploads\/2022\/08\/logo-1.png\",\"contentUrl\":\"http:\/\/www.celttv.com.ar\/wp-content\/uploads\/2022\/08\/logo-1.png\",\"width\":461,\"height\":159,\"caption\":\"CELTTV\"},\"image\":{\"@id\":\"https:\/\/www.celttv.com.ar\/#\/schema\/logo\/image\/\"}},{\"@type\":\"Person\",\"@id\":\"https:\/\/www.celttv.com.ar\/#\/schema\/person\/6d99c072dba59953809c81446e9d0ace\",\"name\":\"ulises\",\"image\":{\"@type\":\"ImageObject\",\"inLanguage\":\"es\",\"@id\":\"https:\/\/www.celttv.com.ar\/#\/schema\/person\/image\/\",\"url\":\"https:\/\/secure.gravatar.com\/avatar\/7f2c48bdc33b30088f941fb6082e555f2874c98e20cb159d7b92b50eadfce793?s=96&d=mm&r=g\",\"contentUrl\":\"https:\/\/secure.gravatar.com\/avatar\/7f2c48bdc33b30088f941fb6082e555f2874c98e20cb159d7b92b50eadfce793?s=96&d=mm&r=g\",\"caption\":\"ulises\"},\"sameAs\":[\"http:\/\/www.celttv.com.ar\"]}]}<\/script>\n<!-- \/ Yoast SEO plugin. -->","yoast_head_json":{"title":"Tornquist invitado a participar en la Feria Comer y Leer - CELTTV","description":"Sitio web de noticias de la localidad de Tornquist, provincia de Buenos Aires, Rep\u00fablica Argentina. Contenido propio originado por periodistas de CELTTV, el canal de TV local de la Cooperativa El\u00e9ctrica de Tornquist. Turismo, Pol\u00edtica, Sociedad, Deporte, Cultura y todo el contenido de inter\u00e9s general que la gente del pueblo y la regi\u00f3n debe conocer.","robots":{"index":"index","follow":"follow","max-snippet":"max-snippet:-1","max-image-preview":"max-image-preview:large","max-video-preview":"max-video-preview:-1"},"canonical":"https:\/\/www.celttv.com.ar\/index.php\/2018\/10\/09\/tornquist-invitado-a-participar-en-la-feria-comer-y-leer\/","og_locale":"es_ES","og_type":"article","og_title":"Tornquist invitado a participar en la Feria Comer y Leer - CELTTV","og_description":"Sitio web de noticias de la localidad de Tornquist, provincia de Buenos Aires, Rep\u00fablica Argentina. Contenido propio originado por periodistas de CELTTV, el canal de TV local de la Cooperativa El\u00e9ctrica de Tornquist. Turismo, Pol\u00edtica, Sociedad, Deporte, Cultura y todo el contenido de inter\u00e9s general que la gente del pueblo y la regi\u00f3n debe conocer.","og_url":"https:\/\/www.celttv.com.ar\/index.php\/2018\/10\/09\/tornquist-invitado-a-participar-en-la-feria-comer-y-leer\/","og_site_name":"CELTTV","article_publisher":"https:\/\/www.facebook.com\/celtTV\/","article_published_time":"2018-10-09T20:53:36+00:00","og_image":[{"width":962,"height":1024,"url":"https:\/\/www.celttv.com.ar\/wp-content\/uploads\/2018\/10\/WhatsApp-Image-2018-10-08-at-13.09.07.jpeg","type":"image\/jpeg"}],"author":"ulises","twitter_card":"summary_large_image","twitter_misc":{"Escrito por":"ulises","Tiempo de lectura":"1 minuto"},"schema":{"@context":"https:\/\/schema.org","@graph":[{"@type":"NewsArticle","@id":"https:\/\/www.celttv.com.ar\/index.php\/2018\/10\/09\/tornquist-invitado-a-participar-en-la-feria-comer-y-leer\/#article","isPartOf":{"@id":"https:\/\/www.celttv.com.ar\/index.php\/2018\/10\/09\/tornquist-invitado-a-participar-en-la-feria-comer-y-leer\/"},"author":{"name":"ulises","@id":"https:\/\/www.celttv.com.ar\/#\/schema\/person\/6d99c072dba59953809c81446e9d0ace"},"headline":"Tornquist invitado a participar en la Feria Comer y Leer","datePublished":"2018-10-09T20:53:36+00:00","dateModified":"2018-10-09T20:53:36+00:00","mainEntityOfPage":{"@id":"https:\/\/www.celttv.com.ar\/index.php\/2018\/10\/09\/tornquist-invitado-a-participar-en-la-feria-comer-y-leer\/"},"wordCount":141,"publisher":{"@id":"https:\/\/www.celttv.com.ar\/#organization"},"articleSection":["Comunidad","Destacadas","Turismo"],"inLanguage":"es"},{"@type":"WebPage","@id":"https:\/\/www.celttv.com.ar\/index.php\/2018\/10\/09\/tornquist-invitado-a-participar-en-la-feria-comer-y-leer\/","url":"https:\/\/www.celttv.com.ar\/index.php\/2018\/10\/09\/tornquist-invitado-a-participar-en-la-feria-comer-y-leer\/","name":"Tornquist invitado a participar en la Feria Comer y Leer - CELTTV","isPartOf":{"@id":"https:\/\/www.celttv.com.ar\/#website"},"datePublished":"2018-10-09T20:53:36+00:00","dateModified":"2018-10-09T20:53:36+00:00","description":"Sitio web de noticias de la localidad de Tornquist, provincia de Buenos Aires, Rep\u00fablica Argentina. Contenido propio originado por periodistas de CELTTV, el canal de TV local de la Cooperativa El\u00e9ctrica de Tornquist. Turismo, Pol\u00edtica, Sociedad, Deporte, Cultura y todo el contenido de inter\u00e9s general que la gente del pueblo y la regi\u00f3n debe conocer.","breadcrumb":{"@id":"https:\/\/www.celttv.com.ar\/index.php\/2018\/10\/09\/tornquist-invitado-a-participar-en-la-feria-comer-y-leer\/#breadcrumb"},"inLanguage":"es","potentialAction":[{"@type":"ReadAction","target":["https:\/\/www.celttv.com.ar\/index.php\/2018\/10\/09\/tornquist-invitado-a-participar-en-la-feria-comer-y-leer\/"]}]},{"@type":"BreadcrumbList","@id":"https:\/\/www.celttv.com.ar\/index.php\/2018\/10\/09\/tornquist-invitado-a-participar-en-la-feria-comer-y-leer\/#breadcrumb","itemListElement":[{"@type":"ListItem","position":1,"name":"Inicio","item":"https:\/\/www.celttv.com.ar\/"},{"@type":"ListItem","position":2,"name":"Tornquist invitado a participar en la Feria Comer y Leer"}]},{"@type":"WebSite","@id":"https:\/\/www.celttv.com.ar\/#website","url":"https:\/\/www.celttv.com.ar\/","name":"CELTTV","description":"Cooperativa El\u00e9ctrica de Tornquist","publisher":{"@id":"https:\/\/www.celttv.com.ar\/#organization"},"potentialAction":[{"@type":"SearchAction","target":{"@type":"EntryPoint","urlTemplate":"https:\/\/www.celttv.com.ar\/?s={search_term_string}"},"query-input":"required name=search_term_string"}],"inLanguage":"es"},{"@type":"Organization","@id":"https:\/\/www.celttv.com.ar\/#organization","name":"CELTTV","url":"https:\/\/www.celttv.com.ar\/","sameAs":["https:\/\/www.youtube.com\/channel\/UCz_oIt8Hig64Ub-EmcNPIhg","https:\/\/www.facebook.com\/celtTV\/"],"logo":{"@type":"ImageObject","inLanguage":"es","@id":"https:\/\/www.celttv.com.ar\/#\/schema\/logo\/image\/","url":"http:\/\/www.celttv.com.ar\/wp-content\/uploads\/2022\/08\/logo-1.png","contentUrl":"http:\/\/www.celttv.com.ar\/wp-content\/uploads\/2022\/08\/logo-1.png","width":461,"height":159,"caption":"CELTTV"},"image":{"@id":"https:\/\/www.celttv.com.ar\/#\/schema\/logo\/image\/"}},{"@type":"Person","@id":"https:\/\/www.celttv.com.ar\/#\/schema\/person\/6d99c072dba59953809c81446e9d0ace","name":"ulises","image":{"@type":"ImageObject","inLanguage":"es","@id":"https:\/\/www.celttv.com.ar\/#\/schema\/person\/image\/","url":"https:\/\/secure.gravatar.com\/avatar\/7f2c48bdc33b30088f941fb6082e555f2874c98e20cb159d7b92b50eadfce793?s=96&d=mm&r=g","contentUrl":"https:\/\/secure.gravatar.com\/avatar\/7f2c48bdc33b30088f941fb6082e555f2874c98e20cb159d7b92b50eadfce793?s=96&d=mm&r=g","caption":"ulises"},"sameAs":["http:\/\/www.celttv.com.ar"]}]}},"_links":{"self":[{"href":"https:\/\/www.celttv.com.ar\/index.php\/wp-json\/wp\/v2\/posts\/37881","targetHints":{"allow":["GET"]}}],"collection":[{"href":"https:\/\/www.celttv.com.ar\/index.php\/wp-json\/wp\/v2\/posts"}],"about":[{"href":"https:\/\/www.celttv.com.ar\/index.php\/wp-json\/wp\/v2\/types\/post"}],"author":[{"embeddable":true,"href":"https:\/\/www.celttv.com.ar\/index.php\/wp-json\/wp\/v2\/users\/1"}],"replies":[{"embeddable":true,"href":"https:\/\/www.celttv.com.ar\/index.php\/wp-json\/wp\/v2\/comments?post=37881"}],"version-history":[{"count":0,"href":"https:\/\/www.celttv.com.ar\/index.php\/wp-json\/wp\/v2\/posts\/37881\/revisions"}],"wp:featuredmedia":[{"embeddable":true,"href":"https:\/\/www.celttv.com.ar\/index.php\/wp-json\/wp\/v2\/media\/37888"}],"wp:attachment":[{"href":"https:\/\/www.celttv.com.ar\/index.php\/wp-json\/wp\/v2\/media?parent=37881"}],"wp:term":[{"taxonomy":"category","embeddable":true,"href":"https:\/\/www.celttv.com.ar\/index.php\/wp-json\/wp\/v2\/categories?post=37881"},{"taxonomy":"post_tag","embeddable":true,"href":"https:\/\/www.celttv.com.ar\/index.php\/wp-json\/wp\/v2\/tags?post=37881"}],"curies":[{"name":"wp","href":"https:\/\/api.w.org\/{rel}","templated":true}]}}