{"id":38004,"date":"2018-10-14T23:28:48","date_gmt":"2018-10-14T23:28:48","guid":{"rendered":"http:\/\/www.celttv.com.ar\/?p=38004"},"modified":"2018-10-14T23:28:48","modified_gmt":"2018-10-14T23:28:48","slug":"el-segundo-al-hilo","status":"publish","type":"post","link":"https:\/\/www.celttv.com.ar\/index.php\/2018\/10\/14\/el-segundo-al-hilo\/","title":{"rendered":"EL SEGUNDO AL HILO"},"content":{"rendered":"<p>Automoto venci\u00f3 a Independiente por 2 a 1 y llega con la mejor racha del a\u00f1o al cl\u00e1sico de Tornquist. Agust\u00edn Franco y Ram\u00f3n Aller marcaron para el azulgrana, Emiliano Aliberti descont\u00f3 para el rojo de San Jos\u00e9.<br \/>\nPara los jugadores de Automoto e Independiente era un partido sumamente importante de cara a la clasificaci\u00f3n en el torneo clausura. Para la gente del azulgrana tambi\u00e9n, pero por momentos miraban de reojo el cl\u00e1sico y le ped\u00edan al equipo por el mismo.<br \/>\nJustamente de cara al derby de Tornquist, Automoto con esta victoria consigue su mejor racha en el a\u00f1o. Tres victorias y un empate en cuatro partidos (la anterior eran dos empates y dos victorias en el apertura).<br \/>\nEl partido de \u201clos rojos\u201d fue de menor a mayor. Las dos l\u00edneas de cuatro puestas por Resch le tej\u00edan una telara\u00f1a al equipo de Salvi y se le hac\u00eda complicado llegar a ver de cerca a Heuman.<br \/>\nPor eso la media distancia fue el camino elegido por Automoto. El primero fue de Lacasta cerca, y luego Reynoso encar\u00f3 y dispar\u00f3 desviado. En el medio, luego de un tiro libre en favor de Independiente, el local recuper\u00f3 y sali\u00f3 de contra. La pelota la manej\u00f3 Zas que toc\u00f3 para Villar, \u00e9ste para Reynoso que remat\u00f3 y una pierna se cruz\u00f3 justo para desviar la pelota.<br \/>\nA los 20 fue el minuto de m\u00e1s peligro en el arco visitante. Primero Villar dispar\u00f3 de lejos y Heuman en dos tiempos control\u00f3 el bal\u00f3n cuando arremet\u00eda Gim\u00e9nez. Despu\u00e9s \u201cPaco\u201d Villar nuevamente con el bal\u00f3n, mete un pase en cortada para N\u00fa\u00f1ez que dispar\u00f3 rasante y el arquero con un rebote largo despej\u00f3 lo que era la apertura del marcador.<br \/>\nA los 35\u2019 se escap\u00f3 Peralta, entr\u00f3 al \u00e1rea exigido arroj\u00e1ndose al piso para tirar el centro, llegando a la pelota junto con Heuman. El \u201c10\u201d azulgrana y todo el banco reclam\u00f3 penal por un supuesto planchazo del arquero al volante. Bali\u00f1o (de mal arbitraje) no vio nada.<br \/>\nY a los 38 la jugada m\u00e1s peligrosa del primer tiempo. Se escapa por derecha Cansinos, tira el centro pasado, la baja para atr\u00e1s Aliberti y de afuera como viene y sin pararla le pega Roth. F\u00f3gel con las u\u00f1as roza esa pelota y el bal\u00f3n con ese peque\u00f1o desv\u00edo pega en el travesa\u00f1o y sale. Se salvaba Automoto en la primera de Independiente.<br \/>\nEn el segundo tiempo se le abri\u00f3 el partido al local. La primera jugada fue a los tres minutos con un tiro libre de Peralta que se cerr\u00f3 y Heuman sac\u00f3 para un costado. Automoto comenz\u00f3 a manejar y rotar la pelota mejor que en el primer tiempo y a los 16 pudo abrir el marcador. Reynoso remata, saca Heuman y el rebote le queda a N\u00fa\u00f1ez, que tira el centro para que aparezca por sorpresa y sin marca <strong>Agust\u00edn Franco<\/strong> y ponga el 1 a 0.<br \/>\nAll\u00ed el local se tranquiliz\u00f3 a\u00fan m\u00e1s y comenz\u00f3 a hacer circular la pelota. Independiente se empez\u00f3 a poner nervioso y hubo una serie de faltas fuertes que Bali\u00f1o con un par de tarjetas\u00a0 tranquiliz\u00f3.<br \/>\nEn el minuto 29 Peralta prob\u00f3 nuevamente de tiro libre y Heuman abaj\u00f3 sac\u00f3 ese disparo para ganar por segunda vez el \u201cduelo\u201d. Pero un minuto despu\u00e9s el arquero no pudo hacer nada ante el cabezazo de <strong>Ram\u00f3n Aller<\/strong> desde el segundo palo y llovido, para que se meta por detr\u00e1s del \u201c1\u201d y ponga el partido 2 a 0.<br \/>\nAh\u00ed nom\u00e1s vino el descuento. Un minuto despu\u00e9s el \u00e1rbitro cobr\u00f3 penal por un supuesto e inexistente empuj\u00f3n de Franco a Cansinos. El encargado del disparo fue<strong> Emiliano Aliberti<\/strong> que remato abajo cruzado. F\u00f3gel la toc\u00f3 pero no la pudo sacar.<br \/>\nDe all\u00ed al final no sucedi\u00f3 m\u00e1s nada. Solo pelotazos largos de Independiente tratando de llegar a un empate que nunca alcanc\u00f3.<br \/>\nAutomoto consigui\u00f3 su segunda victoria consecutiva y lleva cuatro partidos sin perder. La gente se qued\u00f3 pidiendo por el cl\u00e1sico.<br \/>\n<strong>Automoto:<\/strong> Maximiliano F\u00f3gel; Ram\u00f3n Aller, Justo Zas, Gast\u00f3n Pollio, Agust\u00edn Franco; Ayrton N\u00fa\u00f1ez, Arturo Peralta, Jerem\u00edas Lacasta, Agust\u00edn Reynoso; Facundo Villar, Lucas Gim\u00e9nez. DT: Eduardo Salvi.<br \/>\n<u>Cambios:<\/u> ST: 41\u2019 Fausto Dri por Reynoso, 46\u2019 Nicol\u00e1s Roque por Peralta.<br \/>\n<u>Supl:<\/u> Joaqu\u00edn Castelli, Pa\u00fal Rondan, Marcos Piedrabuena.<br \/>\n<strong>Independiente:<\/strong> Gonzalo Heuman; Marcos Waigel, Fernando Hoffmann, Francisco Rollheiser, Mart\u00edn Aliberti; Leonardo Krotter, Mart\u00edn Holzmann, Lucas Dukart, Cristian Roth; Pablo Cansinos, Emiliano Aliberti. DT: Fabi\u00e1n Resch.<br \/>\n<u>Cambios:<\/u> ST: 24\u2019 Mart\u00edn \u00c1lvarez por Krotter, 34\u2019 Pablo Pimentel por Hoffmann, 37\u2019 Bautista Lezica por Holzmann.<br \/>\n<u>Supl:<\/u> Ignacio Kette, Juan Cruz Ponce de Le\u00f3n.<br \/>\n<u>Goles:<\/u> ST: 16\u2019 Agust\u00edn Franco (A), 30\u2019 Ram\u00f3n Aller (A), 33\u2019 Emiliano Aliberti (I).<br \/>\n<u>\u00c1rbitro:<\/u> Kevin Bali\u00f1o (4)<br \/>\n<u>Cancha:<\/u> Estadio Agust\u00edn Ruppel.<br \/>\n<u>Reserva:<\/u> Automoto 5 &#8211; Independiente 0<br \/>\n<a href=\"https:\/\/www.facebook.com\/pg\/solofutbolcanal2\/photos\/?tab=album&amp;album_id=923044201238104\" target=\"_blank\" rel=\"noopener\">\u00c1lbum de Fotos: Solo F\u00fatbol<\/a><br \/>\n<a href=\"http:\/\/www.celttv.com.ar\/?attachment_id=38005\" rel=\"attachment wp-att-38005\"><img loading=\"lazy\" decoding=\"async\" class=\"alignleft size-medium wp-image-38005\" src=\"http:\/\/www.celttv.com.ar\/wp-content\/uploads\/2018\/10\/44023514_936115189918860_4017005916070084608_n-780x520.jpg\" alt=\"\" width=\"780\" height=\"520\" \/><\/a><\/p>\n","protected":false},"excerpt":{"rendered":"<p>Automoto venci\u00f3 a Independiente por 2 a 1 y llega con la mejor racha del a\u00f1o al cl\u00e1sico de Tornquist. Agust\u00edn Franco y Ram\u00f3n Aller marcaron para el azulgrana, Emiliano Aliberti descont\u00f3 para el rojo de San Jos\u00e9. Para los jugadores de Automoto e Independiente era un partido sumamente importante de cara a la clasificaci\u00f3n [&hellip;]<\/p>\n","protected":false},"author":1,"featured_media":38005,"comment_status":"closed","ping_status":"open","sticky":false,"template":"","format":"standard","meta":{"footnotes":""},"categories":[60,52,76],"tags":[],"class_list":["post-38004","post","type-post","status-publish","format-standard","has-post-thumbnail","hentry","category-deporte","category-destacadas","category-solo-futbol"],"yoast_head":"<!-- This site is optimized with the Yoast SEO plugin v19.7.1 - https:\/\/yoast.com\/wordpress\/plugins\/seo\/ -->\n<title>EL SEGUNDO AL HILO - CELTTV<\/title>\n<meta name=\"description\" content=\"Sitio web de noticias de la localidad de Tornquist, provincia de Buenos Aires, Rep\u00fablica Argentina. Contenido propio originado por periodistas de CELTTV, el canal de TV local de la Cooperativa El\u00e9ctrica de Tornquist. Turismo, Pol\u00edtica, Sociedad, Deporte, Cultura y todo el contenido de inter\u00e9s general que la gente del pueblo y la regi\u00f3n debe conocer.\" \/>\n<meta name=\"robots\" content=\"index, follow, max-snippet:-1, max-image-preview:large, max-video-preview:-1\" \/>\n<link rel=\"canonical\" href=\"https:\/\/www.celttv.com.ar\/index.php\/2018\/10\/14\/el-segundo-al-hilo\/\" \/>\n<meta property=\"og:locale\" content=\"es_ES\" \/>\n<meta property=\"og:type\" content=\"article\" \/>\n<meta property=\"og:title\" content=\"EL SEGUNDO AL HILO - CELTTV\" \/>\n<meta property=\"og:description\" content=\"Sitio web de noticias de la localidad de Tornquist, provincia de Buenos Aires, Rep\u00fablica Argentina. Contenido propio originado por periodistas de CELTTV, el canal de TV local de la Cooperativa El\u00e9ctrica de Tornquist. Turismo, Pol\u00edtica, Sociedad, Deporte, Cultura y todo el contenido de inter\u00e9s general que la gente del pueblo y la regi\u00f3n debe conocer.\" \/>\n<meta property=\"og:url\" content=\"https:\/\/www.celttv.com.ar\/index.php\/2018\/10\/14\/el-segundo-al-hilo\/\" \/>\n<meta property=\"og:site_name\" content=\"CELTTV\" \/>\n<meta property=\"article:publisher\" content=\"https:\/\/www.facebook.com\/celtTV\/\" \/>\n<meta property=\"article:published_time\" content=\"2018-10-14T23:28:48+00:00\" \/>\n<meta property=\"og:image\" content=\"https:\/\/www.celttv.com.ar\/wp-content\/uploads\/2018\/10\/44023514_936115189918860_4017005916070084608_n.jpg\" \/>\n\t<meta property=\"og:image:width\" content=\"960\" \/>\n\t<meta property=\"og:image:height\" content=\"640\" \/>\n\t<meta property=\"og:image:type\" content=\"image\/jpeg\" \/>\n<meta name=\"author\" content=\"ulises\" \/>\n<meta name=\"twitter:card\" content=\"summary_large_image\" \/>\n<meta name=\"twitter:label1\" content=\"Escrito por\" \/>\n\t<meta name=\"twitter:data1\" content=\"ulises\" \/>\n\t<meta name=\"twitter:label2\" content=\"Tiempo de lectura\" \/>\n\t<meta name=\"twitter:data2\" content=\"4 minutos\" \/>\n<script type=\"application\/ld+json\" class=\"yoast-schema-graph\">{\"@context\":\"https:\/\/schema.org\",\"@graph\":[{\"@type\":\"NewsArticle\",\"@id\":\"https:\/\/www.celttv.com.ar\/index.php\/2018\/10\/14\/el-segundo-al-hilo\/#article\",\"isPartOf\":{\"@id\":\"https:\/\/www.celttv.com.ar\/index.php\/2018\/10\/14\/el-segundo-al-hilo\/\"},\"author\":{\"name\":\"ulises\",\"@id\":\"https:\/\/www.celttv.com.ar\/#\/schema\/person\/6d99c072dba59953809c81446e9d0ace\"},\"headline\":\"EL SEGUNDO AL HILO\",\"datePublished\":\"2018-10-14T23:28:48+00:00\",\"dateModified\":\"2018-10-14T23:28:48+00:00\",\"mainEntityOfPage\":{\"@id\":\"https:\/\/www.celttv.com.ar\/index.php\/2018\/10\/14\/el-segundo-al-hilo\/\"},\"wordCount\":835,\"publisher\":{\"@id\":\"https:\/\/www.celttv.com.ar\/#organization\"},\"articleSection\":[\"Deporte\",\"Destacadas\",\"Solo Futbol\"],\"inLanguage\":\"es\"},{\"@type\":\"WebPage\",\"@id\":\"https:\/\/www.celttv.com.ar\/index.php\/2018\/10\/14\/el-segundo-al-hilo\/\",\"url\":\"https:\/\/www.celttv.com.ar\/index.php\/2018\/10\/14\/el-segundo-al-hilo\/\",\"name\":\"EL SEGUNDO AL HILO - CELTTV\",\"isPartOf\":{\"@id\":\"https:\/\/www.celttv.com.ar\/#website\"},\"datePublished\":\"2018-10-14T23:28:48+00:00\",\"dateModified\":\"2018-10-14T23:28:48+00:00\",\"description\":\"Sitio web de noticias de la localidad de Tornquist, provincia de Buenos Aires, Rep\u00fablica Argentina. Contenido propio originado por periodistas de CELTTV, el canal de TV local de la Cooperativa El\u00e9ctrica de Tornquist. Turismo, Pol\u00edtica, Sociedad, Deporte, Cultura y todo el contenido de inter\u00e9s general que la gente del pueblo y la regi\u00f3n debe conocer.\",\"breadcrumb\":{\"@id\":\"https:\/\/www.celttv.com.ar\/index.php\/2018\/10\/14\/el-segundo-al-hilo\/#breadcrumb\"},\"inLanguage\":\"es\",\"potentialAction\":[{\"@type\":\"ReadAction\",\"target\":[\"https:\/\/www.celttv.com.ar\/index.php\/2018\/10\/14\/el-segundo-al-hilo\/\"]}]},{\"@type\":\"BreadcrumbList\",\"@id\":\"https:\/\/www.celttv.com.ar\/index.php\/2018\/10\/14\/el-segundo-al-hilo\/#breadcrumb\",\"itemListElement\":[{\"@type\":\"ListItem\",\"position\":1,\"name\":\"Inicio\",\"item\":\"https:\/\/www.celttv.com.ar\/\"},{\"@type\":\"ListItem\",\"position\":2,\"name\":\"EL SEGUNDO AL HILO\"}]},{\"@type\":\"WebSite\",\"@id\":\"https:\/\/www.celttv.com.ar\/#website\",\"url\":\"https:\/\/www.celttv.com.ar\/\",\"name\":\"CELTTV\",\"description\":\"Cooperativa El\u00e9ctrica de Tornquist\",\"publisher\":{\"@id\":\"https:\/\/www.celttv.com.ar\/#organization\"},\"potentialAction\":[{\"@type\":\"SearchAction\",\"target\":{\"@type\":\"EntryPoint\",\"urlTemplate\":\"https:\/\/www.celttv.com.ar\/?s={search_term_string}\"},\"query-input\":\"required name=search_term_string\"}],\"inLanguage\":\"es\"},{\"@type\":\"Organization\",\"@id\":\"https:\/\/www.celttv.com.ar\/#organization\",\"name\":\"CELTTV\",\"url\":\"https:\/\/www.celttv.com.ar\/\",\"sameAs\":[\"https:\/\/www.youtube.com\/channel\/UCz_oIt8Hig64Ub-EmcNPIhg\",\"https:\/\/www.facebook.com\/celtTV\/\"],\"logo\":{\"@type\":\"ImageObject\",\"inLanguage\":\"es\",\"@id\":\"https:\/\/www.celttv.com.ar\/#\/schema\/logo\/image\/\",\"url\":\"http:\/\/www.celttv.com.ar\/wp-content\/uploads\/2022\/08\/logo-1.png\",\"contentUrl\":\"http:\/\/www.celttv.com.ar\/wp-content\/uploads\/2022\/08\/logo-1.png\",\"width\":461,\"height\":159,\"caption\":\"CELTTV\"},\"image\":{\"@id\":\"https:\/\/www.celttv.com.ar\/#\/schema\/logo\/image\/\"}},{\"@type\":\"Person\",\"@id\":\"https:\/\/www.celttv.com.ar\/#\/schema\/person\/6d99c072dba59953809c81446e9d0ace\",\"name\":\"ulises\",\"image\":{\"@type\":\"ImageObject\",\"inLanguage\":\"es\",\"@id\":\"https:\/\/www.celttv.com.ar\/#\/schema\/person\/image\/\",\"url\":\"https:\/\/secure.gravatar.com\/avatar\/7f2c48bdc33b30088f941fb6082e555f2874c98e20cb159d7b92b50eadfce793?s=96&d=mm&r=g\",\"contentUrl\":\"https:\/\/secure.gravatar.com\/avatar\/7f2c48bdc33b30088f941fb6082e555f2874c98e20cb159d7b92b50eadfce793?s=96&d=mm&r=g\",\"caption\":\"ulises\"},\"sameAs\":[\"http:\/\/www.celttv.com.ar\"]}]}<\/script>\n<!-- \/ Yoast SEO plugin. -->","yoast_head_json":{"title":"EL SEGUNDO AL HILO - CELTTV","description":"Sitio web de noticias de la localidad de Tornquist, provincia de Buenos Aires, Rep\u00fablica Argentina. Contenido propio originado por periodistas de CELTTV, el canal de TV local de la Cooperativa El\u00e9ctrica de Tornquist. Turismo, Pol\u00edtica, Sociedad, Deporte, Cultura y todo el contenido de inter\u00e9s general que la gente del pueblo y la regi\u00f3n debe conocer.","robots":{"index":"index","follow":"follow","max-snippet":"max-snippet:-1","max-image-preview":"max-image-preview:large","max-video-preview":"max-video-preview:-1"},"canonical":"https:\/\/www.celttv.com.ar\/index.php\/2018\/10\/14\/el-segundo-al-hilo\/","og_locale":"es_ES","og_type":"article","og_title":"EL SEGUNDO AL HILO - CELTTV","og_description":"Sitio web de noticias de la localidad de Tornquist, provincia de Buenos Aires, Rep\u00fablica Argentina. Contenido propio originado por periodistas de CELTTV, el canal de TV local de la Cooperativa El\u00e9ctrica de Tornquist. Turismo, Pol\u00edtica, Sociedad, Deporte, Cultura y todo el contenido de inter\u00e9s general que la gente del pueblo y la regi\u00f3n debe conocer.","og_url":"https:\/\/www.celttv.com.ar\/index.php\/2018\/10\/14\/el-segundo-al-hilo\/","og_site_name":"CELTTV","article_publisher":"https:\/\/www.facebook.com\/celtTV\/","article_published_time":"2018-10-14T23:28:48+00:00","og_image":[{"width":960,"height":640,"url":"https:\/\/www.celttv.com.ar\/wp-content\/uploads\/2018\/10\/44023514_936115189918860_4017005916070084608_n.jpg","type":"image\/jpeg"}],"author":"ulises","twitter_card":"summary_large_image","twitter_misc":{"Escrito por":"ulises","Tiempo de lectura":"4 minutos"},"schema":{"@context":"https:\/\/schema.org","@graph":[{"@type":"NewsArticle","@id":"https:\/\/www.celttv.com.ar\/index.php\/2018\/10\/14\/el-segundo-al-hilo\/#article","isPartOf":{"@id":"https:\/\/www.celttv.com.ar\/index.php\/2018\/10\/14\/el-segundo-al-hilo\/"},"author":{"name":"ulises","@id":"https:\/\/www.celttv.com.ar\/#\/schema\/person\/6d99c072dba59953809c81446e9d0ace"},"headline":"EL SEGUNDO AL HILO","datePublished":"2018-10-14T23:28:48+00:00","dateModified":"2018-10-14T23:28:48+00:00","mainEntityOfPage":{"@id":"https:\/\/www.celttv.com.ar\/index.php\/2018\/10\/14\/el-segundo-al-hilo\/"},"wordCount":835,"publisher":{"@id":"https:\/\/www.celttv.com.ar\/#organization"},"articleSection":["Deporte","Destacadas","Solo Futbol"],"inLanguage":"es"},{"@type":"WebPage","@id":"https:\/\/www.celttv.com.ar\/index.php\/2018\/10\/14\/el-segundo-al-hilo\/","url":"https:\/\/www.celttv.com.ar\/index.php\/2018\/10\/14\/el-segundo-al-hilo\/","name":"EL SEGUNDO AL HILO - CELTTV","isPartOf":{"@id":"https:\/\/www.celttv.com.ar\/#website"},"datePublished":"2018-10-14T23:28:48+00:00","dateModified":"2018-10-14T23:28:48+00:00","description":"Sitio web de noticias de la localidad de Tornquist, provincia de Buenos Aires, Rep\u00fablica Argentina. Contenido propio originado por periodistas de CELTTV, el canal de TV local de la Cooperativa El\u00e9ctrica de Tornquist. Turismo, Pol\u00edtica, Sociedad, Deporte, Cultura y todo el contenido de inter\u00e9s general que la gente del pueblo y la regi\u00f3n debe conocer.","breadcrumb":{"@id":"https:\/\/www.celttv.com.ar\/index.php\/2018\/10\/14\/el-segundo-al-hilo\/#breadcrumb"},"inLanguage":"es","potentialAction":[{"@type":"ReadAction","target":["https:\/\/www.celttv.com.ar\/index.php\/2018\/10\/14\/el-segundo-al-hilo\/"]}]},{"@type":"BreadcrumbList","@id":"https:\/\/www.celttv.com.ar\/index.php\/2018\/10\/14\/el-segundo-al-hilo\/#breadcrumb","itemListElement":[{"@type":"ListItem","position":1,"name":"Inicio","item":"https:\/\/www.celttv.com.ar\/"},{"@type":"ListItem","position":2,"name":"EL SEGUNDO AL HILO"}]},{"@type":"WebSite","@id":"https:\/\/www.celttv.com.ar\/#website","url":"https:\/\/www.celttv.com.ar\/","name":"CELTTV","description":"Cooperativa El\u00e9ctrica de Tornquist","publisher":{"@id":"https:\/\/www.celttv.com.ar\/#organization"},"potentialAction":[{"@type":"SearchAction","target":{"@type":"EntryPoint","urlTemplate":"https:\/\/www.celttv.com.ar\/?s={search_term_string}"},"query-input":"required name=search_term_string"}],"inLanguage":"es"},{"@type":"Organization","@id":"https:\/\/www.celttv.com.ar\/#organization","name":"CELTTV","url":"https:\/\/www.celttv.com.ar\/","sameAs":["https:\/\/www.youtube.com\/channel\/UCz_oIt8Hig64Ub-EmcNPIhg","https:\/\/www.facebook.com\/celtTV\/"],"logo":{"@type":"ImageObject","inLanguage":"es","@id":"https:\/\/www.celttv.com.ar\/#\/schema\/logo\/image\/","url":"http:\/\/www.celttv.com.ar\/wp-content\/uploads\/2022\/08\/logo-1.png","contentUrl":"http:\/\/www.celttv.com.ar\/wp-content\/uploads\/2022\/08\/logo-1.png","width":461,"height":159,"caption":"CELTTV"},"image":{"@id":"https:\/\/www.celttv.com.ar\/#\/schema\/logo\/image\/"}},{"@type":"Person","@id":"https:\/\/www.celttv.com.ar\/#\/schema\/person\/6d99c072dba59953809c81446e9d0ace","name":"ulises","image":{"@type":"ImageObject","inLanguage":"es","@id":"https:\/\/www.celttv.com.ar\/#\/schema\/person\/image\/","url":"https:\/\/secure.gravatar.com\/avatar\/7f2c48bdc33b30088f941fb6082e555f2874c98e20cb159d7b92b50eadfce793?s=96&d=mm&r=g","contentUrl":"https:\/\/secure.gravatar.com\/avatar\/7f2c48bdc33b30088f941fb6082e555f2874c98e20cb159d7b92b50eadfce793?s=96&d=mm&r=g","caption":"ulises"},"sameAs":["http:\/\/www.celttv.com.ar"]}]}},"_links":{"self":[{"href":"https:\/\/www.celttv.com.ar\/index.php\/wp-json\/wp\/v2\/posts\/38004","targetHints":{"allow":["GET"]}}],"collection":[{"href":"https:\/\/www.celttv.com.ar\/index.php\/wp-json\/wp\/v2\/posts"}],"about":[{"href":"https:\/\/www.celttv.com.ar\/index.php\/wp-json\/wp\/v2\/types\/post"}],"author":[{"embeddable":true,"href":"https:\/\/www.celttv.com.ar\/index.php\/wp-json\/wp\/v2\/users\/1"}],"replies":[{"embeddable":true,"href":"https:\/\/www.celttv.com.ar\/index.php\/wp-json\/wp\/v2\/comments?post=38004"}],"version-history":[{"count":0,"href":"https:\/\/www.celttv.com.ar\/index.php\/wp-json\/wp\/v2\/posts\/38004\/revisions"}],"wp:featuredmedia":[{"embeddable":true,"href":"https:\/\/www.celttv.com.ar\/index.php\/wp-json\/wp\/v2\/media\/38005"}],"wp:attachment":[{"href":"https:\/\/www.celttv.com.ar\/index.php\/wp-json\/wp\/v2\/media?parent=38004"}],"wp:term":[{"taxonomy":"category","embeddable":true,"href":"https:\/\/www.celttv.com.ar\/index.php\/wp-json\/wp\/v2\/categories?post=38004"},{"taxonomy":"post_tag","embeddable":true,"href":"https:\/\/www.celttv.com.ar\/index.php\/wp-json\/wp\/v2\/tags?post=38004"}],"curies":[{"name":"wp","href":"https:\/\/api.w.org\/{rel}","templated":true}]}}