{"id":38019,"date":"2018-10-15T23:39:54","date_gmt":"2018-10-15T23:39:54","guid":{"rendered":"http:\/\/www.celttv.com.ar\/?p=38019"},"modified":"2018-10-15T23:39:54","modified_gmt":"2018-10-15T23:39:54","slug":"el-exito-se-asocio-con-el-23o-encuentro-regional-de-escuelitas-fotos","status":"publish","type":"post","link":"https:\/\/www.celttv.com.ar\/index.php\/2018\/10\/15\/el-exito-se-asocio-con-el-23o-encuentro-regional-de-escuelitas-fotos\/","title":{"rendered":"EL \u00c9XITO SE ASOCI\u00d3 CON EL 23\u00ba ENCUENTRO REGIONAL DE ESCUELITAS (FOTOS)"},"content":{"rendered":"<p>La felicidad plena reflejada en los rostros de los ni\u00f1os que participaron, no hace m\u00e1s que marcar el \u00e9xito de la iniciativa. Aproximadamente 800 chicos de 15 entidades deportivas de diferentes puntos del distrito y la regi\u00f3n le dieron vida al 23\u00b0 Encuentro Regional de Escuelitas de F\u00fatbol, que el Automoto Club Deportivo organiza anualmente en su predio deportivo.<br \/>\n<img loading=\"lazy\" decoding=\"async\" class=\"yiv6083661715aligncenter yiv6083661715size-full yiv6083661715wp-image-6912\" src=\"https:\/\/ecp.yusercontent.com\/mail?url=http%3A%2F%2Fclubautomotopasion.com.ar%2Fsite%2Fwp-content%2Fuploads%2F2018%2F10%2F23encuentro2.jpg&amp;t=1539646368&amp;ymreqid=b66e4141-2144-0be5-1cd5-3c000001b800&amp;sig=2Qokqne7po_pREZw4KCJ4g--~C\" alt=\"\" width=\"960\" height=\"640\" \/><br \/>\nNo hubo impedimentos para vivir una verdadera fiesta. As\u00ed se evidenci\u00f3 en los miles de visitantes que coparon el \u201cAgust\u00edn Ruppel\u201d azulgrana para alentar, divertirse y festejar con los principales protagonistas de la jornada.<br \/>\nEn 11 canchas distribuidas entre el campo de juego principal y el sector auxiliar, ni\u00f1os de entre 6 y 11 a\u00f1os disfrutaron de una jornada a puro f\u00fatbol, entretenimiento, diversi\u00f3n y compa\u00f1erismo.<br \/>\nLa iniciativa cont\u00f3 con la presencia de la entidad anfitriona, Rosario Puerto Belgrano, Sporting y Argentinos, todos de Punta Alta; la filial River Plate de esa misma ciudad; Comercial de Ingeniero White; Olimpo y Dublin de Bah\u00eda Blanca; Uni\u00f3n, Deportivo Argentino y Club Sarmiento, de Pig\u00fc\u00e9; Club Atl\u00e9tico Ventana, San Mart\u00edn de Saavedra, Uni\u00f3n de Tornquist y Pac\u00edfico de Cabildo.<br \/>\nLos ni\u00f1os categor\u00eda 2013 y 2014 de Automoto y Uni\u00f3n deleitaron con su presentaci\u00f3n, que en este caso se llev\u00f3 a cabo en el gimnasio ubicado en el predio deportivo.<br \/>\n<img loading=\"lazy\" decoding=\"async\" class=\"yiv6083661715aligncenter yiv6083661715size-full yiv6083661715wp-image-6910\" src=\"https:\/\/ecp.yusercontent.com\/mail?url=http%3A%2F%2Fclubautomotopasion.com.ar%2Fsite%2Fwp-content%2Fuploads%2F2018%2F10%2F23encuentro.jpg&amp;t=1539646368&amp;ymreqid=b66e4141-2144-0be5-1cd5-3c000001b800&amp;sig=3HEasDbuDHqpv5ONyIMxfA--~C\" alt=\"\" width=\"960\" height=\"640\" \/><br \/>\nAdem\u00e1s de lo estrictamente emparentado con el juego, en la extensi\u00f3n del predio se dispusieron diferentes stands con una variada oferta gastron\u00f3mica, entre ellas una espectacular ronda de asadores, adem\u00e1s de merchandising del club azulgrana.<br \/>\nDurante el desarrollo del encuentro, se realiz\u00f3 el sorteo de dos bicicletas; Ema Irurzun de Bah\u00eda Blanca y Agust\u00edn Lencina de Punta Alta fueron los ganadores de las mismas.<br \/>\nUna vez finalizados los partidos, cada entidad recibi\u00f3 como obsequio un cuadro con la foto de la delegaci\u00f3n, a modo de recuerdo de la presente edici\u00f3n del tradicional encuentro.<br \/>\nDesde el Automoto Club Deportivo agradecemos a los clubes que participaron de esta importante apuesta, a los profesores que se encargaron de organizar el aspecto deportivo, a la Municipalidad de Tornquist, a los padres de todos los clubes que acompa\u00f1aron, al grupo de trabajo de la instituci\u00f3n y a todos aquellos que de una u otra manera colaboraron para que esta edici\u00f3n fuera posible.<br \/>\n<a href=\"http:\/\/www.celttv.com.ar\/?attachment_id=38021\" rel=\"attachment wp-att-38021\"><img loading=\"lazy\" decoding=\"async\" class=\"alignleft size-medium wp-image-38021\" src=\"http:\/\/www.celttv.com.ar\/wp-content\/uploads\/2018\/10\/20181015_124222-780x439.jpg\" alt=\"\" width=\"780\" height=\"439\" \/><\/a><\/p>\n<div id=\"yiv6083661715Signature\">\n<div><\/div>\n<div><\/div>\n<div><\/div>\n<div><\/div>\n<div><\/div>\n<div><\/div>\n<div><\/div>\n<div><\/div>\n<div><\/div>\n<div><\/div>\n<div><\/div>\n<div><\/div>\n<div><\/div>\n<div><\/div>\n<div><\/div>\n<div><\/div>\n<div><\/div>\n<div><\/div>\n<div><\/div>\n<div><a href=\"http:\/\/www.celttv.com.ar\/?attachment_id=38020\" rel=\"attachment wp-att-38020\"><img loading=\"lazy\" decoding=\"async\" class=\"alignleft size-medium wp-image-38020\" src=\"http:\/\/www.celttv.com.ar\/wp-content\/uploads\/2018\/10\/20181015_124208-780x439.jpg\" alt=\"\" width=\"780\" height=\"439\" \/><\/a><\/div>\n<div><\/div>\n<div id=\"yiv6083661715divtagdefaultwrapper\">\n<span style=\"color: #2672ec;\"><b>Departamento de Prensa. Automoto Club Deportivo<\/b><\/span><\/p>\n<div><span style=\"color: #2672ec;\"><b><br \/>\n<img decoding=\"async\" class=\"yiv6083661715EmojiInsert\" src=\"https:\/\/dl-mail.ymail.com\/ws\/download\/mailboxes\/@.id==VjN-ZIfQQF6UE_7aAWus3anv2ms6A5ZZ7EBnU6krGPmYvEuceO_8sciHd9w4bTudeQwgR0B_HnWL-xvSEFlM61giQxh-J5C6LyUnkpuuSevalNc\/messages\/@.id==AKmQhFYPZRiGW8Ua0wEwsKCG33g\/content\/parts\/@.id==1.2\/raw?appid=YMailNorrin&amp;ymreqid=b66e4141-2144-0be5-1cd5-3c000001b800&amp;token=zitEzqOML3j84e6ealFTT5U7-km5qEQF52lp7AcCuBbGbLDdRqMhetmduJE123epFGF2XPcY5FJzM__Wg9xUzDtZMWfoba_yfcdRoBxaG-Y0vGvUxbem8C6iWTs8X_eP\" alt=\"1458315721296_DTO-DE-PRENSA.png\" \/><\/b><\/span><\/div>\n<\/div>\n<\/div>\n<p>&nbsp;<\/p>\n","protected":false},"excerpt":{"rendered":"<p>La felicidad plena reflejada en los rostros de los ni\u00f1os que participaron, no hace m\u00e1s que marcar el \u00e9xito de la iniciativa. Aproximadamente 800 chicos de 15 entidades deportivas de diferentes puntos del distrito y la regi\u00f3n le dieron vida al 23\u00b0 Encuentro Regional de Escuelitas de F\u00fatbol, que el Automoto Club Deportivo organiza anualmente [&hellip;]<\/p>\n","protected":false},"author":1,"featured_media":38022,"comment_status":"closed","ping_status":"open","sticky":false,"template":"","format":"standard","meta":{"footnotes":""},"categories":[55,60,52,63],"tags":[],"class_list":["post-38019","post","type-post","status-publish","format-standard","has-post-thumbnail","hentry","category-celt-tv-noticias","category-deporte","category-destacadas","category-magazine-sport"],"yoast_head":"<!-- This site is optimized with the Yoast SEO plugin v19.7.1 - https:\/\/yoast.com\/wordpress\/plugins\/seo\/ -->\n<title>EL \u00c9XITO SE ASOCI\u00d3 CON EL 23\u00ba ENCUENTRO REGIONAL DE ESCUELITAS (FOTOS) - CELTTV<\/title>\n<meta name=\"description\" content=\"Sitio web de noticias de la localidad de Tornquist, provincia de Buenos Aires, Rep\u00fablica Argentina. Contenido propio originado por periodistas de CELTTV, el canal de TV local de la Cooperativa El\u00e9ctrica de Tornquist. Turismo, Pol\u00edtica, Sociedad, Deporte, Cultura y todo el contenido de inter\u00e9s general que la gente del pueblo y la regi\u00f3n debe conocer.\" \/>\n<meta name=\"robots\" content=\"index, follow, max-snippet:-1, max-image-preview:large, max-video-preview:-1\" \/>\n<link rel=\"canonical\" href=\"https:\/\/www.celttv.com.ar\/index.php\/2018\/10\/15\/el-exito-se-asocio-con-el-23o-encuentro-regional-de-escuelitas-fotos\/\" \/>\n<meta property=\"og:locale\" content=\"es_ES\" \/>\n<meta property=\"og:type\" content=\"article\" \/>\n<meta property=\"og:title\" content=\"EL \u00c9XITO SE ASOCI\u00d3 CON EL 23\u00ba ENCUENTRO REGIONAL DE ESCUELITAS (FOTOS) - CELTTV\" \/>\n<meta property=\"og:description\" content=\"Sitio web de noticias de la localidad de Tornquist, provincia de Buenos Aires, Rep\u00fablica Argentina. Contenido propio originado por periodistas de CELTTV, el canal de TV local de la Cooperativa El\u00e9ctrica de Tornquist. Turismo, Pol\u00edtica, Sociedad, Deporte, Cultura y todo el contenido de inter\u00e9s general que la gente del pueblo y la regi\u00f3n debe conocer.\" \/>\n<meta property=\"og:url\" content=\"https:\/\/www.celttv.com.ar\/index.php\/2018\/10\/15\/el-exito-se-asocio-con-el-23o-encuentro-regional-de-escuelitas-fotos\/\" \/>\n<meta property=\"og:site_name\" content=\"CELTTV\" \/>\n<meta property=\"article:publisher\" content=\"https:\/\/www.facebook.com\/celtTV\/\" \/>\n<meta property=\"article:published_time\" content=\"2018-10-15T23:39:54+00:00\" \/>\n<meta property=\"og:image\" content=\"https:\/\/www.celttv.com.ar\/wp-content\/uploads\/2018\/10\/20181015_124227.jpg\" \/>\n\t<meta property=\"og:image:width\" content=\"1959\" \/>\n\t<meta property=\"og:image:height\" content=\"1102\" \/>\n\t<meta property=\"og:image:type\" content=\"image\/jpeg\" \/>\n<meta name=\"author\" content=\"ulises\" \/>\n<meta name=\"twitter:card\" content=\"summary_large_image\" \/>\n<meta name=\"twitter:label1\" content=\"Escrito por\" \/>\n\t<meta name=\"twitter:data1\" content=\"ulises\" \/>\n\t<meta name=\"twitter:label2\" content=\"Tiempo de lectura\" \/>\n\t<meta name=\"twitter:data2\" content=\"2 minutos\" \/>\n<script type=\"application\/ld+json\" class=\"yoast-schema-graph\">{\"@context\":\"https:\/\/schema.org\",\"@graph\":[{\"@type\":\"NewsArticle\",\"@id\":\"https:\/\/www.celttv.com.ar\/index.php\/2018\/10\/15\/el-exito-se-asocio-con-el-23o-encuentro-regional-de-escuelitas-fotos\/#article\",\"isPartOf\":{\"@id\":\"https:\/\/www.celttv.com.ar\/index.php\/2018\/10\/15\/el-exito-se-asocio-con-el-23o-encuentro-regional-de-escuelitas-fotos\/\"},\"author\":{\"name\":\"ulises\",\"@id\":\"https:\/\/www.celttv.com.ar\/#\/schema\/person\/6d99c072dba59953809c81446e9d0ace\"},\"headline\":\"EL \u00c9XITO SE ASOCI\u00d3 CON EL 23\u00ba ENCUENTRO REGIONAL DE ESCUELITAS (FOTOS)\",\"datePublished\":\"2018-10-15T23:39:54+00:00\",\"dateModified\":\"2018-10-15T23:39:54+00:00\",\"mainEntityOfPage\":{\"@id\":\"https:\/\/www.celttv.com.ar\/index.php\/2018\/10\/15\/el-exito-se-asocio-con-el-23o-encuentro-regional-de-escuelitas-fotos\/\"},\"wordCount\":413,\"publisher\":{\"@id\":\"https:\/\/www.celttv.com.ar\/#organization\"},\"articleSection\":[\"Celt TV Noticias\",\"Deporte\",\"Destacadas\",\"Magazine Sport\"],\"inLanguage\":\"es\"},{\"@type\":\"WebPage\",\"@id\":\"https:\/\/www.celttv.com.ar\/index.php\/2018\/10\/15\/el-exito-se-asocio-con-el-23o-encuentro-regional-de-escuelitas-fotos\/\",\"url\":\"https:\/\/www.celttv.com.ar\/index.php\/2018\/10\/15\/el-exito-se-asocio-con-el-23o-encuentro-regional-de-escuelitas-fotos\/\",\"name\":\"EL \u00c9XITO SE ASOCI\u00d3 CON EL 23\u00ba ENCUENTRO REGIONAL DE ESCUELITAS (FOTOS) - CELTTV\",\"isPartOf\":{\"@id\":\"https:\/\/www.celttv.com.ar\/#website\"},\"datePublished\":\"2018-10-15T23:39:54+00:00\",\"dateModified\":\"2018-10-15T23:39:54+00:00\",\"description\":\"Sitio web de noticias de la localidad de Tornquist, provincia de Buenos Aires, Rep\u00fablica Argentina. Contenido propio originado por periodistas de CELTTV, el canal de TV local de la Cooperativa El\u00e9ctrica de Tornquist. Turismo, Pol\u00edtica, Sociedad, Deporte, Cultura y todo el contenido de inter\u00e9s general que la gente del pueblo y la regi\u00f3n debe conocer.\",\"breadcrumb\":{\"@id\":\"https:\/\/www.celttv.com.ar\/index.php\/2018\/10\/15\/el-exito-se-asocio-con-el-23o-encuentro-regional-de-escuelitas-fotos\/#breadcrumb\"},\"inLanguage\":\"es\",\"potentialAction\":[{\"@type\":\"ReadAction\",\"target\":[\"https:\/\/www.celttv.com.ar\/index.php\/2018\/10\/15\/el-exito-se-asocio-con-el-23o-encuentro-regional-de-escuelitas-fotos\/\"]}]},{\"@type\":\"BreadcrumbList\",\"@id\":\"https:\/\/www.celttv.com.ar\/index.php\/2018\/10\/15\/el-exito-se-asocio-con-el-23o-encuentro-regional-de-escuelitas-fotos\/#breadcrumb\",\"itemListElement\":[{\"@type\":\"ListItem\",\"position\":1,\"name\":\"Inicio\",\"item\":\"https:\/\/www.celttv.com.ar\/\"},{\"@type\":\"ListItem\",\"position\":2,\"name\":\"EL \u00c9XITO SE ASOCI\u00d3 CON EL 23\u00ba ENCUENTRO REGIONAL DE ESCUELITAS (FOTOS)\"}]},{\"@type\":\"WebSite\",\"@id\":\"https:\/\/www.celttv.com.ar\/#website\",\"url\":\"https:\/\/www.celttv.com.ar\/\",\"name\":\"CELTTV\",\"description\":\"Cooperativa El\u00e9ctrica de Tornquist\",\"publisher\":{\"@id\":\"https:\/\/www.celttv.com.ar\/#organization\"},\"potentialAction\":[{\"@type\":\"SearchAction\",\"target\":{\"@type\":\"EntryPoint\",\"urlTemplate\":\"https:\/\/www.celttv.com.ar\/?s={search_term_string}\"},\"query-input\":\"required name=search_term_string\"}],\"inLanguage\":\"es\"},{\"@type\":\"Organization\",\"@id\":\"https:\/\/www.celttv.com.ar\/#organization\",\"name\":\"CELTTV\",\"url\":\"https:\/\/www.celttv.com.ar\/\",\"sameAs\":[\"https:\/\/www.youtube.com\/channel\/UCz_oIt8Hig64Ub-EmcNPIhg\",\"https:\/\/www.facebook.com\/celtTV\/\"],\"logo\":{\"@type\":\"ImageObject\",\"inLanguage\":\"es\",\"@id\":\"https:\/\/www.celttv.com.ar\/#\/schema\/logo\/image\/\",\"url\":\"http:\/\/www.celttv.com.ar\/wp-content\/uploads\/2022\/08\/logo-1.png\",\"contentUrl\":\"http:\/\/www.celttv.com.ar\/wp-content\/uploads\/2022\/08\/logo-1.png\",\"width\":461,\"height\":159,\"caption\":\"CELTTV\"},\"image\":{\"@id\":\"https:\/\/www.celttv.com.ar\/#\/schema\/logo\/image\/\"}},{\"@type\":\"Person\",\"@id\":\"https:\/\/www.celttv.com.ar\/#\/schema\/person\/6d99c072dba59953809c81446e9d0ace\",\"name\":\"ulises\",\"image\":{\"@type\":\"ImageObject\",\"inLanguage\":\"es\",\"@id\":\"https:\/\/www.celttv.com.ar\/#\/schema\/person\/image\/\",\"url\":\"https:\/\/secure.gravatar.com\/avatar\/7f2c48bdc33b30088f941fb6082e555f2874c98e20cb159d7b92b50eadfce793?s=96&d=mm&r=g\",\"contentUrl\":\"https:\/\/secure.gravatar.com\/avatar\/7f2c48bdc33b30088f941fb6082e555f2874c98e20cb159d7b92b50eadfce793?s=96&d=mm&r=g\",\"caption\":\"ulises\"},\"sameAs\":[\"http:\/\/www.celttv.com.ar\"]}]}<\/script>\n<!-- \/ Yoast SEO plugin. -->","yoast_head_json":{"title":"EL \u00c9XITO SE ASOCI\u00d3 CON EL 23\u00ba ENCUENTRO REGIONAL DE ESCUELITAS (FOTOS) - CELTTV","description":"Sitio web de noticias de la localidad de Tornquist, provincia de Buenos Aires, Rep\u00fablica Argentina. Contenido propio originado por periodistas de CELTTV, el canal de TV local de la Cooperativa El\u00e9ctrica de Tornquist. Turismo, Pol\u00edtica, Sociedad, Deporte, Cultura y todo el contenido de inter\u00e9s general que la gente del pueblo y la regi\u00f3n debe conocer.","robots":{"index":"index","follow":"follow","max-snippet":"max-snippet:-1","max-image-preview":"max-image-preview:large","max-video-preview":"max-video-preview:-1"},"canonical":"https:\/\/www.celttv.com.ar\/index.php\/2018\/10\/15\/el-exito-se-asocio-con-el-23o-encuentro-regional-de-escuelitas-fotos\/","og_locale":"es_ES","og_type":"article","og_title":"EL \u00c9XITO SE ASOCI\u00d3 CON EL 23\u00ba ENCUENTRO REGIONAL DE ESCUELITAS (FOTOS) - CELTTV","og_description":"Sitio web de noticias de la localidad de Tornquist, provincia de Buenos Aires, Rep\u00fablica Argentina. Contenido propio originado por periodistas de CELTTV, el canal de TV local de la Cooperativa El\u00e9ctrica de Tornquist. Turismo, Pol\u00edtica, Sociedad, Deporte, Cultura y todo el contenido de inter\u00e9s general que la gente del pueblo y la regi\u00f3n debe conocer.","og_url":"https:\/\/www.celttv.com.ar\/index.php\/2018\/10\/15\/el-exito-se-asocio-con-el-23o-encuentro-regional-de-escuelitas-fotos\/","og_site_name":"CELTTV","article_publisher":"https:\/\/www.facebook.com\/celtTV\/","article_published_time":"2018-10-15T23:39:54+00:00","og_image":[{"width":1959,"height":1102,"url":"https:\/\/www.celttv.com.ar\/wp-content\/uploads\/2018\/10\/20181015_124227.jpg","type":"image\/jpeg"}],"author":"ulises","twitter_card":"summary_large_image","twitter_misc":{"Escrito por":"ulises","Tiempo de lectura":"2 minutos"},"schema":{"@context":"https:\/\/schema.org","@graph":[{"@type":"NewsArticle","@id":"https:\/\/www.celttv.com.ar\/index.php\/2018\/10\/15\/el-exito-se-asocio-con-el-23o-encuentro-regional-de-escuelitas-fotos\/#article","isPartOf":{"@id":"https:\/\/www.celttv.com.ar\/index.php\/2018\/10\/15\/el-exito-se-asocio-con-el-23o-encuentro-regional-de-escuelitas-fotos\/"},"author":{"name":"ulises","@id":"https:\/\/www.celttv.com.ar\/#\/schema\/person\/6d99c072dba59953809c81446e9d0ace"},"headline":"EL \u00c9XITO SE ASOCI\u00d3 CON EL 23\u00ba ENCUENTRO REGIONAL DE ESCUELITAS (FOTOS)","datePublished":"2018-10-15T23:39:54+00:00","dateModified":"2018-10-15T23:39:54+00:00","mainEntityOfPage":{"@id":"https:\/\/www.celttv.com.ar\/index.php\/2018\/10\/15\/el-exito-se-asocio-con-el-23o-encuentro-regional-de-escuelitas-fotos\/"},"wordCount":413,"publisher":{"@id":"https:\/\/www.celttv.com.ar\/#organization"},"articleSection":["Celt TV Noticias","Deporte","Destacadas","Magazine Sport"],"inLanguage":"es"},{"@type":"WebPage","@id":"https:\/\/www.celttv.com.ar\/index.php\/2018\/10\/15\/el-exito-se-asocio-con-el-23o-encuentro-regional-de-escuelitas-fotos\/","url":"https:\/\/www.celttv.com.ar\/index.php\/2018\/10\/15\/el-exito-se-asocio-con-el-23o-encuentro-regional-de-escuelitas-fotos\/","name":"EL \u00c9XITO SE ASOCI\u00d3 CON EL 23\u00ba ENCUENTRO REGIONAL DE ESCUELITAS (FOTOS) - CELTTV","isPartOf":{"@id":"https:\/\/www.celttv.com.ar\/#website"},"datePublished":"2018-10-15T23:39:54+00:00","dateModified":"2018-10-15T23:39:54+00:00","description":"Sitio web de noticias de la localidad de Tornquist, provincia de Buenos Aires, Rep\u00fablica Argentina. Contenido propio originado por periodistas de CELTTV, el canal de TV local de la Cooperativa El\u00e9ctrica de Tornquist. Turismo, Pol\u00edtica, Sociedad, Deporte, Cultura y todo el contenido de inter\u00e9s general que la gente del pueblo y la regi\u00f3n debe conocer.","breadcrumb":{"@id":"https:\/\/www.celttv.com.ar\/index.php\/2018\/10\/15\/el-exito-se-asocio-con-el-23o-encuentro-regional-de-escuelitas-fotos\/#breadcrumb"},"inLanguage":"es","potentialAction":[{"@type":"ReadAction","target":["https:\/\/www.celttv.com.ar\/index.php\/2018\/10\/15\/el-exito-se-asocio-con-el-23o-encuentro-regional-de-escuelitas-fotos\/"]}]},{"@type":"BreadcrumbList","@id":"https:\/\/www.celttv.com.ar\/index.php\/2018\/10\/15\/el-exito-se-asocio-con-el-23o-encuentro-regional-de-escuelitas-fotos\/#breadcrumb","itemListElement":[{"@type":"ListItem","position":1,"name":"Inicio","item":"https:\/\/www.celttv.com.ar\/"},{"@type":"ListItem","position":2,"name":"EL \u00c9XITO SE ASOCI\u00d3 CON EL 23\u00ba ENCUENTRO REGIONAL DE ESCUELITAS (FOTOS)"}]},{"@type":"WebSite","@id":"https:\/\/www.celttv.com.ar\/#website","url":"https:\/\/www.celttv.com.ar\/","name":"CELTTV","description":"Cooperativa El\u00e9ctrica de Tornquist","publisher":{"@id":"https:\/\/www.celttv.com.ar\/#organization"},"potentialAction":[{"@type":"SearchAction","target":{"@type":"EntryPoint","urlTemplate":"https:\/\/www.celttv.com.ar\/?s={search_term_string}"},"query-input":"required name=search_term_string"}],"inLanguage":"es"},{"@type":"Organization","@id":"https:\/\/www.celttv.com.ar\/#organization","name":"CELTTV","url":"https:\/\/www.celttv.com.ar\/","sameAs":["https:\/\/www.youtube.com\/channel\/UCz_oIt8Hig64Ub-EmcNPIhg","https:\/\/www.facebook.com\/celtTV\/"],"logo":{"@type":"ImageObject","inLanguage":"es","@id":"https:\/\/www.celttv.com.ar\/#\/schema\/logo\/image\/","url":"http:\/\/www.celttv.com.ar\/wp-content\/uploads\/2022\/08\/logo-1.png","contentUrl":"http:\/\/www.celttv.com.ar\/wp-content\/uploads\/2022\/08\/logo-1.png","width":461,"height":159,"caption":"CELTTV"},"image":{"@id":"https:\/\/www.celttv.com.ar\/#\/schema\/logo\/image\/"}},{"@type":"Person","@id":"https:\/\/www.celttv.com.ar\/#\/schema\/person\/6d99c072dba59953809c81446e9d0ace","name":"ulises","image":{"@type":"ImageObject","inLanguage":"es","@id":"https:\/\/www.celttv.com.ar\/#\/schema\/person\/image\/","url":"https:\/\/secure.gravatar.com\/avatar\/7f2c48bdc33b30088f941fb6082e555f2874c98e20cb159d7b92b50eadfce793?s=96&d=mm&r=g","contentUrl":"https:\/\/secure.gravatar.com\/avatar\/7f2c48bdc33b30088f941fb6082e555f2874c98e20cb159d7b92b50eadfce793?s=96&d=mm&r=g","caption":"ulises"},"sameAs":["http:\/\/www.celttv.com.ar"]}]}},"_links":{"self":[{"href":"https:\/\/www.celttv.com.ar\/index.php\/wp-json\/wp\/v2\/posts\/38019","targetHints":{"allow":["GET"]}}],"collection":[{"href":"https:\/\/www.celttv.com.ar\/index.php\/wp-json\/wp\/v2\/posts"}],"about":[{"href":"https:\/\/www.celttv.com.ar\/index.php\/wp-json\/wp\/v2\/types\/post"}],"author":[{"embeddable":true,"href":"https:\/\/www.celttv.com.ar\/index.php\/wp-json\/wp\/v2\/users\/1"}],"replies":[{"embeddable":true,"href":"https:\/\/www.celttv.com.ar\/index.php\/wp-json\/wp\/v2\/comments?post=38019"}],"version-history":[{"count":0,"href":"https:\/\/www.celttv.com.ar\/index.php\/wp-json\/wp\/v2\/posts\/38019\/revisions"}],"wp:featuredmedia":[{"embeddable":true,"href":"https:\/\/www.celttv.com.ar\/index.php\/wp-json\/wp\/v2\/media\/38022"}],"wp:attachment":[{"href":"https:\/\/www.celttv.com.ar\/index.php\/wp-json\/wp\/v2\/media?parent=38019"}],"wp:term":[{"taxonomy":"category","embeddable":true,"href":"https:\/\/www.celttv.com.ar\/index.php\/wp-json\/wp\/v2\/categories?post=38019"},{"taxonomy":"post_tag","embeddable":true,"href":"https:\/\/www.celttv.com.ar\/index.php\/wp-json\/wp\/v2\/tags?post=38019"}],"curies":[{"name":"wp","href":"https:\/\/api.w.org\/{rel}","templated":true}]}}