{"id":38091,"date":"2018-10-22T14:07:52","date_gmt":"2018-10-22T14:07:52","guid":{"rendered":"http:\/\/www.celttv.com.ar\/?p=38091"},"modified":"2018-10-22T14:07:52","modified_gmt":"2018-10-22T14:07:52","slug":"el-grabado-de-autopartes-sera-requisito-indispensable-para-la-comercializacion-y-verificacion-vehicular","status":"publish","type":"post","link":"https:\/\/www.celttv.com.ar\/index.php\/2018\/10\/22\/el-grabado-de-autopartes-sera-requisito-indispensable-para-la-comercializacion-y-verificacion-vehicular\/","title":{"rendered":"EL GRABADO DE AUTOPARTES SER\u00c1 REQUISITO INDISPENSABLE PARA LA COMERCIALIZACI\u00d3N Y VERIFICACI\u00d3N VEHICULAR"},"content":{"rendered":"<p class=\"yiv2448565895MsoNormal\" align=\"center\"><b><u>PARTE DE PRENSA<\/u><\/b><\/p>\n<p class=\"yiv2448565895MsoNormal\">La Secretaria de Seguridad del Partido de Tornquist, informa que para dar cumplimiento con lo dispuesto por la Ley 14.497, ante el registro nacional de la propiedad del automotor, debe realizar el grabado indeleble del n\u00famero de dominio de puertas, capot, y ba\u00fal.- De acuerdo a lo dispuesto por el Articulo 12 de la Ley 14.497, el grabado de autopartes ser\u00e1 requisito indispensable para la comercializaci\u00f3n de veh\u00edculos automotores entre particulares y\/o empresas, como as\u00ed tambi\u00e9n para la verificaci\u00f3n frente a la autoridad correspondiente.- En todos los casos el grabado es un requisito indispensable para circular y ser\u00e1 exigido por la autoridad de control a todo veh\u00edculo radicado en la Provincia.- Se deja constancia que a los fines de la legislaci\u00f3n vigente, son v\u00e1lidos los grabados de cristales realizados tanto por el sistema de arenado como por el medio qu\u00edmico.-<\/p>\n<p class=\"yiv2448565895MsoNormal\">Para solicitar turno ser\u00e1 necesario ingresar a la siguiente pagina:\u00a0<a href=\"https:\/\/rpva.mseg.gba.gov.ar\/Turnos.aspx\" target=\"_blank\" rel=\"nofollow noopener\">https:\/\/rpva.mseg.gba.gov.ar\/Turnos.aspx<\/a><\/p>\n<p class=\"yiv2448565895MsoNormal\"><b>SECRETARIA DE SEGURIDAD \u2013 MUNICIPALIDAD DE TORNQUIST.-<\/b><\/p>\n<p class=\"yiv2448565895MsoNormal\">22 DE OCTUBRE 2018.-<\/p>\n","protected":false},"excerpt":{"rendered":"<p>PARTE DE PRENSA La Secretaria de Seguridad del Partido de Tornquist, informa que para dar cumplimiento con lo dispuesto por la Ley 14.497, ante el registro nacional de la propiedad del automotor, debe realizar el grabado indeleble del n\u00famero de dominio de puertas, capot, y ba\u00fal.- De acuerdo a lo dispuesto por el Articulo 12 [&hellip;]<\/p>\n","protected":false},"author":1,"featured_media":38093,"comment_status":"closed","ping_status":"open","sticky":false,"template":"","format":"standard","meta":{"footnotes":""},"categories":[55,52],"tags":[],"class_list":["post-38091","post","type-post","status-publish","format-standard","has-post-thumbnail","hentry","category-celt-tv-noticias","category-destacadas"],"yoast_head":"<!-- This site is optimized with the Yoast SEO plugin v19.7.1 - https:\/\/yoast.com\/wordpress\/plugins\/seo\/ -->\n<title>EL GRABADO DE AUTOPARTES SER\u00c1 REQUISITO INDISPENSABLE PARA LA COMERCIALIZACI\u00d3N Y VERIFICACI\u00d3N VEHICULAR - CELTTV<\/title>\n<meta name=\"description\" content=\"Sitio web de noticias de la localidad de Tornquist, provincia de Buenos Aires, Rep\u00fablica Argentina. Contenido propio originado por periodistas de CELTTV, el canal de TV local de la Cooperativa El\u00e9ctrica de Tornquist. Turismo, Pol\u00edtica, Sociedad, Deporte, Cultura y todo el contenido de inter\u00e9s general que la gente del pueblo y la regi\u00f3n debe conocer.\" \/>\n<meta name=\"robots\" content=\"index, follow, max-snippet:-1, max-image-preview:large, max-video-preview:-1\" \/>\n<link rel=\"canonical\" href=\"https:\/\/www.celttv.com.ar\/index.php\/2018\/10\/22\/el-grabado-de-autopartes-sera-requisito-indispensable-para-la-comercializacion-y-verificacion-vehicular\/\" \/>\n<meta property=\"og:locale\" content=\"es_ES\" \/>\n<meta property=\"og:type\" content=\"article\" \/>\n<meta property=\"og:title\" content=\"EL GRABADO DE AUTOPARTES SER\u00c1 REQUISITO INDISPENSABLE PARA LA COMERCIALIZACI\u00d3N Y VERIFICACI\u00d3N VEHICULAR - CELTTV\" \/>\n<meta property=\"og:description\" content=\"Sitio web de noticias de la localidad de Tornquist, provincia de Buenos Aires, Rep\u00fablica Argentina. Contenido propio originado por periodistas de CELTTV, el canal de TV local de la Cooperativa El\u00e9ctrica de Tornquist. Turismo, Pol\u00edtica, Sociedad, Deporte, Cultura y todo el contenido de inter\u00e9s general que la gente del pueblo y la regi\u00f3n debe conocer.\" \/>\n<meta property=\"og:url\" content=\"https:\/\/www.celttv.com.ar\/index.php\/2018\/10\/22\/el-grabado-de-autopartes-sera-requisito-indispensable-para-la-comercializacion-y-verificacion-vehicular\/\" \/>\n<meta property=\"og:site_name\" content=\"CELTTV\" \/>\n<meta property=\"article:publisher\" content=\"https:\/\/www.facebook.com\/celtTV\/\" \/>\n<meta property=\"article:published_time\" content=\"2018-10-22T14:07:52+00:00\" \/>\n<meta property=\"og:image\" content=\"https:\/\/www.celttv.com.ar\/wp-content\/uploads\/2018\/10\/autopartes_r126.jpg-1.jpg\" \/>\n\t<meta property=\"og:image:width\" content=\"609\" \/>\n\t<meta property=\"og:image:height\" content=\"343\" \/>\n\t<meta property=\"og:image:type\" content=\"image\/jpeg\" \/>\n<meta name=\"author\" content=\"ulises\" \/>\n<meta name=\"twitter:card\" content=\"summary_large_image\" \/>\n<meta name=\"twitter:label1\" content=\"Escrito por\" \/>\n\t<meta name=\"twitter:data1\" content=\"ulises\" \/>\n\t<meta name=\"twitter:label2\" content=\"Tiempo de lectura\" \/>\n\t<meta name=\"twitter:data2\" content=\"1 minuto\" \/>\n<script type=\"application\/ld+json\" class=\"yoast-schema-graph\">{\"@context\":\"https:\/\/schema.org\",\"@graph\":[{\"@type\":\"NewsArticle\",\"@id\":\"https:\/\/www.celttv.com.ar\/index.php\/2018\/10\/22\/el-grabado-de-autopartes-sera-requisito-indispensable-para-la-comercializacion-y-verificacion-vehicular\/#article\",\"isPartOf\":{\"@id\":\"https:\/\/www.celttv.com.ar\/index.php\/2018\/10\/22\/el-grabado-de-autopartes-sera-requisito-indispensable-para-la-comercializacion-y-verificacion-vehicular\/\"},\"author\":{\"name\":\"ulises\",\"@id\":\"https:\/\/www.celttv.com.ar\/#\/schema\/person\/6d99c072dba59953809c81446e9d0ace\"},\"headline\":\"EL GRABADO DE AUTOPARTES SER\u00c1 REQUISITO INDISPENSABLE PARA LA COMERCIALIZACI\u00d3N Y VERIFICACI\u00d3N VEHICULAR\",\"datePublished\":\"2018-10-22T14:07:52+00:00\",\"dateModified\":\"2018-10-22T14:07:52+00:00\",\"mainEntityOfPage\":{\"@id\":\"https:\/\/www.celttv.com.ar\/index.php\/2018\/10\/22\/el-grabado-de-autopartes-sera-requisito-indispensable-para-la-comercializacion-y-verificacion-vehicular\/\"},\"wordCount\":197,\"publisher\":{\"@id\":\"https:\/\/www.celttv.com.ar\/#organization\"},\"articleSection\":[\"Celt TV Noticias\",\"Destacadas\"],\"inLanguage\":\"es\"},{\"@type\":\"WebPage\",\"@id\":\"https:\/\/www.celttv.com.ar\/index.php\/2018\/10\/22\/el-grabado-de-autopartes-sera-requisito-indispensable-para-la-comercializacion-y-verificacion-vehicular\/\",\"url\":\"https:\/\/www.celttv.com.ar\/index.php\/2018\/10\/22\/el-grabado-de-autopartes-sera-requisito-indispensable-para-la-comercializacion-y-verificacion-vehicular\/\",\"name\":\"EL GRABADO DE AUTOPARTES SER\u00c1 REQUISITO INDISPENSABLE PARA LA COMERCIALIZACI\u00d3N Y VERIFICACI\u00d3N VEHICULAR - CELTTV\",\"isPartOf\":{\"@id\":\"https:\/\/www.celttv.com.ar\/#website\"},\"datePublished\":\"2018-10-22T14:07:52+00:00\",\"dateModified\":\"2018-10-22T14:07:52+00:00\",\"description\":\"Sitio web de noticias de la localidad de Tornquist, provincia de Buenos Aires, Rep\u00fablica Argentina. Contenido propio originado por periodistas de CELTTV, el canal de TV local de la Cooperativa El\u00e9ctrica de Tornquist. Turismo, Pol\u00edtica, Sociedad, Deporte, Cultura y todo el contenido de inter\u00e9s general que la gente del pueblo y la regi\u00f3n debe conocer.\",\"breadcrumb\":{\"@id\":\"https:\/\/www.celttv.com.ar\/index.php\/2018\/10\/22\/el-grabado-de-autopartes-sera-requisito-indispensable-para-la-comercializacion-y-verificacion-vehicular\/#breadcrumb\"},\"inLanguage\":\"es\",\"potentialAction\":[{\"@type\":\"ReadAction\",\"target\":[\"https:\/\/www.celttv.com.ar\/index.php\/2018\/10\/22\/el-grabado-de-autopartes-sera-requisito-indispensable-para-la-comercializacion-y-verificacion-vehicular\/\"]}]},{\"@type\":\"BreadcrumbList\",\"@id\":\"https:\/\/www.celttv.com.ar\/index.php\/2018\/10\/22\/el-grabado-de-autopartes-sera-requisito-indispensable-para-la-comercializacion-y-verificacion-vehicular\/#breadcrumb\",\"itemListElement\":[{\"@type\":\"ListItem\",\"position\":1,\"name\":\"Inicio\",\"item\":\"https:\/\/www.celttv.com.ar\/\"},{\"@type\":\"ListItem\",\"position\":2,\"name\":\"EL GRABADO DE AUTOPARTES SER\u00c1 REQUISITO INDISPENSABLE PARA LA COMERCIALIZACI\u00d3N Y VERIFICACI\u00d3N VEHICULAR\"}]},{\"@type\":\"WebSite\",\"@id\":\"https:\/\/www.celttv.com.ar\/#website\",\"url\":\"https:\/\/www.celttv.com.ar\/\",\"name\":\"CELTTV\",\"description\":\"Cooperativa El\u00e9ctrica de Tornquist\",\"publisher\":{\"@id\":\"https:\/\/www.celttv.com.ar\/#organization\"},\"potentialAction\":[{\"@type\":\"SearchAction\",\"target\":{\"@type\":\"EntryPoint\",\"urlTemplate\":\"https:\/\/www.celttv.com.ar\/?s={search_term_string}\"},\"query-input\":\"required name=search_term_string\"}],\"inLanguage\":\"es\"},{\"@type\":\"Organization\",\"@id\":\"https:\/\/www.celttv.com.ar\/#organization\",\"name\":\"CELTTV\",\"url\":\"https:\/\/www.celttv.com.ar\/\",\"sameAs\":[\"https:\/\/www.youtube.com\/channel\/UCz_oIt8Hig64Ub-EmcNPIhg\",\"https:\/\/www.facebook.com\/celtTV\/\"],\"logo\":{\"@type\":\"ImageObject\",\"inLanguage\":\"es\",\"@id\":\"https:\/\/www.celttv.com.ar\/#\/schema\/logo\/image\/\",\"url\":\"http:\/\/www.celttv.com.ar\/wp-content\/uploads\/2022\/08\/logo-1.png\",\"contentUrl\":\"http:\/\/www.celttv.com.ar\/wp-content\/uploads\/2022\/08\/logo-1.png\",\"width\":461,\"height\":159,\"caption\":\"CELTTV\"},\"image\":{\"@id\":\"https:\/\/www.celttv.com.ar\/#\/schema\/logo\/image\/\"}},{\"@type\":\"Person\",\"@id\":\"https:\/\/www.celttv.com.ar\/#\/schema\/person\/6d99c072dba59953809c81446e9d0ace\",\"name\":\"ulises\",\"image\":{\"@type\":\"ImageObject\",\"inLanguage\":\"es\",\"@id\":\"https:\/\/www.celttv.com.ar\/#\/schema\/person\/image\/\",\"url\":\"https:\/\/secure.gravatar.com\/avatar\/7f2c48bdc33b30088f941fb6082e555f2874c98e20cb159d7b92b50eadfce793?s=96&d=mm&r=g\",\"contentUrl\":\"https:\/\/secure.gravatar.com\/avatar\/7f2c48bdc33b30088f941fb6082e555f2874c98e20cb159d7b92b50eadfce793?s=96&d=mm&r=g\",\"caption\":\"ulises\"},\"sameAs\":[\"http:\/\/www.celttv.com.ar\"]}]}<\/script>\n<!-- \/ Yoast SEO plugin. -->","yoast_head_json":{"title":"EL GRABADO DE AUTOPARTES SER\u00c1 REQUISITO INDISPENSABLE PARA LA COMERCIALIZACI\u00d3N Y VERIFICACI\u00d3N VEHICULAR - CELTTV","description":"Sitio web de noticias de la localidad de Tornquist, provincia de Buenos Aires, Rep\u00fablica Argentina. Contenido propio originado por periodistas de CELTTV, el canal de TV local de la Cooperativa El\u00e9ctrica de Tornquist. Turismo, Pol\u00edtica, Sociedad, Deporte, Cultura y todo el contenido de inter\u00e9s general que la gente del pueblo y la regi\u00f3n debe conocer.","robots":{"index":"index","follow":"follow","max-snippet":"max-snippet:-1","max-image-preview":"max-image-preview:large","max-video-preview":"max-video-preview:-1"},"canonical":"https:\/\/www.celttv.com.ar\/index.php\/2018\/10\/22\/el-grabado-de-autopartes-sera-requisito-indispensable-para-la-comercializacion-y-verificacion-vehicular\/","og_locale":"es_ES","og_type":"article","og_title":"EL GRABADO DE AUTOPARTES SER\u00c1 REQUISITO INDISPENSABLE PARA LA COMERCIALIZACI\u00d3N Y VERIFICACI\u00d3N VEHICULAR - CELTTV","og_description":"Sitio web de noticias de la localidad de Tornquist, provincia de Buenos Aires, Rep\u00fablica Argentina. Contenido propio originado por periodistas de CELTTV, el canal de TV local de la Cooperativa El\u00e9ctrica de Tornquist. Turismo, Pol\u00edtica, Sociedad, Deporte, Cultura y todo el contenido de inter\u00e9s general que la gente del pueblo y la regi\u00f3n debe conocer.","og_url":"https:\/\/www.celttv.com.ar\/index.php\/2018\/10\/22\/el-grabado-de-autopartes-sera-requisito-indispensable-para-la-comercializacion-y-verificacion-vehicular\/","og_site_name":"CELTTV","article_publisher":"https:\/\/www.facebook.com\/celtTV\/","article_published_time":"2018-10-22T14:07:52+00:00","og_image":[{"width":609,"height":343,"url":"https:\/\/www.celttv.com.ar\/wp-content\/uploads\/2018\/10\/autopartes_r126.jpg-1.jpg","type":"image\/jpeg"}],"author":"ulises","twitter_card":"summary_large_image","twitter_misc":{"Escrito por":"ulises","Tiempo de lectura":"1 minuto"},"schema":{"@context":"https:\/\/schema.org","@graph":[{"@type":"NewsArticle","@id":"https:\/\/www.celttv.com.ar\/index.php\/2018\/10\/22\/el-grabado-de-autopartes-sera-requisito-indispensable-para-la-comercializacion-y-verificacion-vehicular\/#article","isPartOf":{"@id":"https:\/\/www.celttv.com.ar\/index.php\/2018\/10\/22\/el-grabado-de-autopartes-sera-requisito-indispensable-para-la-comercializacion-y-verificacion-vehicular\/"},"author":{"name":"ulises","@id":"https:\/\/www.celttv.com.ar\/#\/schema\/person\/6d99c072dba59953809c81446e9d0ace"},"headline":"EL GRABADO DE AUTOPARTES SER\u00c1 REQUISITO INDISPENSABLE PARA LA COMERCIALIZACI\u00d3N Y VERIFICACI\u00d3N VEHICULAR","datePublished":"2018-10-22T14:07:52+00:00","dateModified":"2018-10-22T14:07:52+00:00","mainEntityOfPage":{"@id":"https:\/\/www.celttv.com.ar\/index.php\/2018\/10\/22\/el-grabado-de-autopartes-sera-requisito-indispensable-para-la-comercializacion-y-verificacion-vehicular\/"},"wordCount":197,"publisher":{"@id":"https:\/\/www.celttv.com.ar\/#organization"},"articleSection":["Celt TV Noticias","Destacadas"],"inLanguage":"es"},{"@type":"WebPage","@id":"https:\/\/www.celttv.com.ar\/index.php\/2018\/10\/22\/el-grabado-de-autopartes-sera-requisito-indispensable-para-la-comercializacion-y-verificacion-vehicular\/","url":"https:\/\/www.celttv.com.ar\/index.php\/2018\/10\/22\/el-grabado-de-autopartes-sera-requisito-indispensable-para-la-comercializacion-y-verificacion-vehicular\/","name":"EL GRABADO DE AUTOPARTES SER\u00c1 REQUISITO INDISPENSABLE PARA LA COMERCIALIZACI\u00d3N Y VERIFICACI\u00d3N VEHICULAR - CELTTV","isPartOf":{"@id":"https:\/\/www.celttv.com.ar\/#website"},"datePublished":"2018-10-22T14:07:52+00:00","dateModified":"2018-10-22T14:07:52+00:00","description":"Sitio web de noticias de la localidad de Tornquist, provincia de Buenos Aires, Rep\u00fablica Argentina. Contenido propio originado por periodistas de CELTTV, el canal de TV local de la Cooperativa El\u00e9ctrica de Tornquist. Turismo, Pol\u00edtica, Sociedad, Deporte, Cultura y todo el contenido de inter\u00e9s general que la gente del pueblo y la regi\u00f3n debe conocer.","breadcrumb":{"@id":"https:\/\/www.celttv.com.ar\/index.php\/2018\/10\/22\/el-grabado-de-autopartes-sera-requisito-indispensable-para-la-comercializacion-y-verificacion-vehicular\/#breadcrumb"},"inLanguage":"es","potentialAction":[{"@type":"ReadAction","target":["https:\/\/www.celttv.com.ar\/index.php\/2018\/10\/22\/el-grabado-de-autopartes-sera-requisito-indispensable-para-la-comercializacion-y-verificacion-vehicular\/"]}]},{"@type":"BreadcrumbList","@id":"https:\/\/www.celttv.com.ar\/index.php\/2018\/10\/22\/el-grabado-de-autopartes-sera-requisito-indispensable-para-la-comercializacion-y-verificacion-vehicular\/#breadcrumb","itemListElement":[{"@type":"ListItem","position":1,"name":"Inicio","item":"https:\/\/www.celttv.com.ar\/"},{"@type":"ListItem","position":2,"name":"EL GRABADO DE AUTOPARTES SER\u00c1 REQUISITO INDISPENSABLE PARA LA COMERCIALIZACI\u00d3N Y VERIFICACI\u00d3N VEHICULAR"}]},{"@type":"WebSite","@id":"https:\/\/www.celttv.com.ar\/#website","url":"https:\/\/www.celttv.com.ar\/","name":"CELTTV","description":"Cooperativa El\u00e9ctrica de Tornquist","publisher":{"@id":"https:\/\/www.celttv.com.ar\/#organization"},"potentialAction":[{"@type":"SearchAction","target":{"@type":"EntryPoint","urlTemplate":"https:\/\/www.celttv.com.ar\/?s={search_term_string}"},"query-input":"required name=search_term_string"}],"inLanguage":"es"},{"@type":"Organization","@id":"https:\/\/www.celttv.com.ar\/#organization","name":"CELTTV","url":"https:\/\/www.celttv.com.ar\/","sameAs":["https:\/\/www.youtube.com\/channel\/UCz_oIt8Hig64Ub-EmcNPIhg","https:\/\/www.facebook.com\/celtTV\/"],"logo":{"@type":"ImageObject","inLanguage":"es","@id":"https:\/\/www.celttv.com.ar\/#\/schema\/logo\/image\/","url":"http:\/\/www.celttv.com.ar\/wp-content\/uploads\/2022\/08\/logo-1.png","contentUrl":"http:\/\/www.celttv.com.ar\/wp-content\/uploads\/2022\/08\/logo-1.png","width":461,"height":159,"caption":"CELTTV"},"image":{"@id":"https:\/\/www.celttv.com.ar\/#\/schema\/logo\/image\/"}},{"@type":"Person","@id":"https:\/\/www.celttv.com.ar\/#\/schema\/person\/6d99c072dba59953809c81446e9d0ace","name":"ulises","image":{"@type":"ImageObject","inLanguage":"es","@id":"https:\/\/www.celttv.com.ar\/#\/schema\/person\/image\/","url":"https:\/\/secure.gravatar.com\/avatar\/7f2c48bdc33b30088f941fb6082e555f2874c98e20cb159d7b92b50eadfce793?s=96&d=mm&r=g","contentUrl":"https:\/\/secure.gravatar.com\/avatar\/7f2c48bdc33b30088f941fb6082e555f2874c98e20cb159d7b92b50eadfce793?s=96&d=mm&r=g","caption":"ulises"},"sameAs":["http:\/\/www.celttv.com.ar"]}]}},"_links":{"self":[{"href":"https:\/\/www.celttv.com.ar\/index.php\/wp-json\/wp\/v2\/posts\/38091","targetHints":{"allow":["GET"]}}],"collection":[{"href":"https:\/\/www.celttv.com.ar\/index.php\/wp-json\/wp\/v2\/posts"}],"about":[{"href":"https:\/\/www.celttv.com.ar\/index.php\/wp-json\/wp\/v2\/types\/post"}],"author":[{"embeddable":true,"href":"https:\/\/www.celttv.com.ar\/index.php\/wp-json\/wp\/v2\/users\/1"}],"replies":[{"embeddable":true,"href":"https:\/\/www.celttv.com.ar\/index.php\/wp-json\/wp\/v2\/comments?post=38091"}],"version-history":[{"count":0,"href":"https:\/\/www.celttv.com.ar\/index.php\/wp-json\/wp\/v2\/posts\/38091\/revisions"}],"wp:featuredmedia":[{"embeddable":true,"href":"https:\/\/www.celttv.com.ar\/index.php\/wp-json\/wp\/v2\/media\/38093"}],"wp:attachment":[{"href":"https:\/\/www.celttv.com.ar\/index.php\/wp-json\/wp\/v2\/media?parent=38091"}],"wp:term":[{"taxonomy":"category","embeddable":true,"href":"https:\/\/www.celttv.com.ar\/index.php\/wp-json\/wp\/v2\/categories?post=38091"},{"taxonomy":"post_tag","embeddable":true,"href":"https:\/\/www.celttv.com.ar\/index.php\/wp-json\/wp\/v2\/tags?post=38091"}],"curies":[{"name":"wp","href":"https:\/\/api.w.org\/{rel}","templated":true}]}}