{"id":38100,"date":"2018-10-23T00:07:58","date_gmt":"2018-10-23T00:07:58","guid":{"rendered":"http:\/\/www.celttv.com.ar\/?p=38100"},"modified":"2018-10-23T00:07:58","modified_gmt":"2018-10-23T00:07:58","slug":"agradecimiento-a-la-asociacion-trochita","status":"publish","type":"post","link":"https:\/\/www.celttv.com.ar\/index.php\/2018\/10\/23\/agradecimiento-a-la-asociacion-trochita\/","title":{"rendered":"Agradecimiento a la Asociaci\u00f3n Trochita"},"content":{"rendered":"<p style=\"font-weight: 400;\">La Secretar\u00eda de Turismo municipal agradece a la\u00a0 Asociaci\u00f3n Civil\u00a0Trochita SV Ex Club Hotel las gestiones y el trabajo realizado que permiti\u00f3 obtener las estructuras de 4 vagones que formar\u00e1n\u00a0 parte del centro cultural de la localidad, generando de esta manera, un\u00a0 nuevo espacio para las expresiones culturales.<\/p>\n<p style=\"font-weight: 400;\">Es importante mencionar que la Asociaci\u00f3n se traslad\u00f3 a la localidad de\u00a0<em>Ingeniero Jacobacci<\/em>\u00a0 para desarmar y cargar las estructuras. Desde la Secretar\u00eda destacan el esfuerzo y trabajo realizado por la instituci\u00f3n en beneficio de la cultura y la comunidad.<\/p>\n<p style=\"font-weight: 400;\">Una menci\u00f3n especial merece la comunidad que colabor\u00f3 haciendo posible que se concretara dicha acci\u00f3n. Por otro lado, la Asociaci\u00f3n junto al municipio agradecen a\u00a0Jorge Maljaci\u00e1n de\u00a0Trenes Patag\u00f3nicos;\u00a0\u00a0al jefe de la estaci\u00f3n de\u00a0<em>Jacobacci<\/em>, Gustavo Jauregui,\u00a0\u00a0al gobierno de R\u00edo Negro y a todos los que intervinieron en la log\u00edstica para el traslado de las estructuras.<\/p>\n<p>&nbsp;<br \/>\n<div id='gallery_1' class='gallery galleryid-38100 gallery-columns-3 gallery-size-medium'><figure class='gallery-item'>\n            <div class='gallery-icon landscape'>\n                <a href='https:\/\/www.celttv.com.ar\/wp-content\/uploads\/2018\/10\/VAGON1.jpeg'><img loading=\"lazy\" decoding=\"async\" width=\"300\" height=\"169\" src=\"\" class=\"attachment-medium size-medium lazyload\" alt=\"\" data-src=\"https:\/\/www.celttv.com.ar\/wp-content\/uploads\/2018\/10\/VAGON1-300x169.jpeg\" data-sizes=\"auto\" data-srcset=\"https:\/\/www.celttv.com.ar\/wp-content\/uploads\/2018\/10\/VAGON1-300x169.jpeg 300w, https:\/\/www.celttv.com.ar\/wp-content\/uploads\/2018\/10\/VAGON1-1024x576.jpeg 1024w, https:\/\/www.celttv.com.ar\/wp-content\/uploads\/2018\/10\/VAGON1-768x432.jpeg 768w, https:\/\/www.celttv.com.ar\/wp-content\/uploads\/2018\/10\/VAGON1-750x422.jpeg 750w, https:\/\/www.celttv.com.ar\/wp-content\/uploads\/2018\/10\/VAGON1.jpeg 1040w\" data-expand=\"700\" \/><\/a>\n            <\/div><\/figure><figure class='gallery-item'>\n            <div class='gallery-icon landscape'>\n                <a href='https:\/\/www.celttv.com.ar\/wp-content\/uploads\/2018\/10\/WhatsApp-Image-2018-10-22-at-13.24.21-1.jpeg'><img loading=\"lazy\" decoding=\"async\" width=\"300\" height=\"169\" src=\"\" class=\"attachment-medium size-medium lazyload\" alt=\"\" data-src=\"https:\/\/www.celttv.com.ar\/wp-content\/uploads\/2018\/10\/WhatsApp-Image-2018-10-22-at-13.24.21-1-300x169.jpeg\" data-sizes=\"auto\" data-srcset=\"https:\/\/www.celttv.com.ar\/wp-content\/uploads\/2018\/10\/WhatsApp-Image-2018-10-22-at-13.24.21-1-300x169.jpeg 300w, https:\/\/www.celttv.com.ar\/wp-content\/uploads\/2018\/10\/WhatsApp-Image-2018-10-22-at-13.24.21-1-1024x576.jpeg 1024w, https:\/\/www.celttv.com.ar\/wp-content\/uploads\/2018\/10\/WhatsApp-Image-2018-10-22-at-13.24.21-1-768x432.jpeg 768w, https:\/\/www.celttv.com.ar\/wp-content\/uploads\/2018\/10\/WhatsApp-Image-2018-10-22-at-13.24.21-1-750x422.jpeg 750w, https:\/\/www.celttv.com.ar\/wp-content\/uploads\/2018\/10\/WhatsApp-Image-2018-10-22-at-13.24.21-1.jpeg 1040w\" data-expand=\"700\" \/><\/a>\n            <\/div><\/figure><figure class='gallery-item'>\n            <div class='gallery-icon landscape'>\n                <a href='https:\/\/www.celttv.com.ar\/wp-content\/uploads\/2018\/10\/WhatsApp-Image-2018-10-22-at-13.24.21.jpeg'><img loading=\"lazy\" decoding=\"async\" width=\"300\" height=\"169\" src=\"\" class=\"attachment-medium size-medium lazyload\" alt=\"\" data-src=\"https:\/\/www.celttv.com.ar\/wp-content\/uploads\/2018\/10\/WhatsApp-Image-2018-10-22-at-13.24.21-300x169.jpeg\" data-sizes=\"auto\" data-srcset=\"https:\/\/www.celttv.com.ar\/wp-content\/uploads\/2018\/10\/WhatsApp-Image-2018-10-22-at-13.24.21-300x169.jpeg 300w, https:\/\/www.celttv.com.ar\/wp-content\/uploads\/2018\/10\/WhatsApp-Image-2018-10-22-at-13.24.21-1024x576.jpeg 1024w, https:\/\/www.celttv.com.ar\/wp-content\/uploads\/2018\/10\/WhatsApp-Image-2018-10-22-at-13.24.21-768x432.jpeg 768w, https:\/\/www.celttv.com.ar\/wp-content\/uploads\/2018\/10\/WhatsApp-Image-2018-10-22-at-13.24.21-750x422.jpeg 750w, https:\/\/www.celttv.com.ar\/wp-content\/uploads\/2018\/10\/WhatsApp-Image-2018-10-22-at-13.24.21.jpeg 1040w\" data-expand=\"700\" \/><\/a>\n            <\/div><\/figure><br style=\"clear: both\" \/><figure class='gallery-item'>\n            <div class='gallery-icon landscape'>\n                <a href='https:\/\/www.celttv.com.ar\/wp-content\/uploads\/2018\/10\/WhatsApp-Image-2018-10-22-at-13.24.22-1.jpeg'><img loading=\"lazy\" decoding=\"async\" width=\"300\" height=\"169\" src=\"\" class=\"attachment-medium size-medium lazyload\" alt=\"\" data-src=\"https:\/\/www.celttv.com.ar\/wp-content\/uploads\/2018\/10\/WhatsApp-Image-2018-10-22-at-13.24.22-1-300x169.jpeg\" data-sizes=\"auto\" data-srcset=\"https:\/\/www.celttv.com.ar\/wp-content\/uploads\/2018\/10\/WhatsApp-Image-2018-10-22-at-13.24.22-1-300x169.jpeg 300w, https:\/\/www.celttv.com.ar\/wp-content\/uploads\/2018\/10\/WhatsApp-Image-2018-10-22-at-13.24.22-1-1024x576.jpeg 1024w, https:\/\/www.celttv.com.ar\/wp-content\/uploads\/2018\/10\/WhatsApp-Image-2018-10-22-at-13.24.22-1-768x432.jpeg 768w, https:\/\/www.celttv.com.ar\/wp-content\/uploads\/2018\/10\/WhatsApp-Image-2018-10-22-at-13.24.22-1-750x422.jpeg 750w, https:\/\/www.celttv.com.ar\/wp-content\/uploads\/2018\/10\/WhatsApp-Image-2018-10-22-at-13.24.22-1.jpeg 1040w\" data-expand=\"700\" \/><\/a>\n            <\/div><\/figure><figure class='gallery-item'>\n            <div class='gallery-icon landscape'>\n                <a href='https:\/\/www.celttv.com.ar\/wp-content\/uploads\/2018\/10\/WhatsApp-Image-2018-10-22-at-13.24.22.jpeg'><img loading=\"lazy\" decoding=\"async\" width=\"300\" height=\"169\" src=\"\" class=\"attachment-medium size-medium lazyload\" alt=\"\" data-src=\"https:\/\/www.celttv.com.ar\/wp-content\/uploads\/2018\/10\/WhatsApp-Image-2018-10-22-at-13.24.22-300x169.jpeg\" data-sizes=\"auto\" data-srcset=\"https:\/\/www.celttv.com.ar\/wp-content\/uploads\/2018\/10\/WhatsApp-Image-2018-10-22-at-13.24.22-300x169.jpeg 300w, https:\/\/www.celttv.com.ar\/wp-content\/uploads\/2018\/10\/WhatsApp-Image-2018-10-22-at-13.24.22-1024x576.jpeg 1024w, https:\/\/www.celttv.com.ar\/wp-content\/uploads\/2018\/10\/WhatsApp-Image-2018-10-22-at-13.24.22-768x432.jpeg 768w, https:\/\/www.celttv.com.ar\/wp-content\/uploads\/2018\/10\/WhatsApp-Image-2018-10-22-at-13.24.22-750x422.jpeg 750w, https:\/\/www.celttv.com.ar\/wp-content\/uploads\/2018\/10\/WhatsApp-Image-2018-10-22-at-13.24.22.jpeg 1040w\" data-expand=\"700\" \/><\/a>\n            <\/div><\/figure><figure class='gallery-item'>\n            <div class='gallery-icon landscape'>\n                <a href='https:\/\/www.celttv.com.ar\/wp-content\/uploads\/2018\/10\/WhatsApp-Image-2018-10-22-at-13.24.23-1.jpeg'><img loading=\"lazy\" decoding=\"async\" width=\"300\" height=\"169\" src=\"\" class=\"attachment-medium size-medium lazyload\" alt=\"\" data-src=\"https:\/\/www.celttv.com.ar\/wp-content\/uploads\/2018\/10\/WhatsApp-Image-2018-10-22-at-13.24.23-1-300x169.jpeg\" data-sizes=\"auto\" data-srcset=\"https:\/\/www.celttv.com.ar\/wp-content\/uploads\/2018\/10\/WhatsApp-Image-2018-10-22-at-13.24.23-1-300x169.jpeg 300w, https:\/\/www.celttv.com.ar\/wp-content\/uploads\/2018\/10\/WhatsApp-Image-2018-10-22-at-13.24.23-1-1024x576.jpeg 1024w, https:\/\/www.celttv.com.ar\/wp-content\/uploads\/2018\/10\/WhatsApp-Image-2018-10-22-at-13.24.23-1-768x432.jpeg 768w, https:\/\/www.celttv.com.ar\/wp-content\/uploads\/2018\/10\/WhatsApp-Image-2018-10-22-at-13.24.23-1-750x422.jpeg 750w, https:\/\/www.celttv.com.ar\/wp-content\/uploads\/2018\/10\/WhatsApp-Image-2018-10-22-at-13.24.23-1.jpeg 1040w\" data-expand=\"700\" \/><\/a>\n            <\/div><\/figure><br style=\"clear: both\" \/><figure class='gallery-item'>\n            <div class='gallery-icon landscape'>\n                <a href='https:\/\/www.celttv.com.ar\/wp-content\/uploads\/2018\/10\/WhatsApp-Image-2018-10-22-at-13.24.23-2.jpeg'><img loading=\"lazy\" decoding=\"async\" width=\"300\" height=\"169\" src=\"\" class=\"attachment-medium size-medium lazyload\" alt=\"\" data-src=\"https:\/\/www.celttv.com.ar\/wp-content\/uploads\/2018\/10\/WhatsApp-Image-2018-10-22-at-13.24.23-2-300x169.jpeg\" data-sizes=\"auto\" data-srcset=\"https:\/\/www.celttv.com.ar\/wp-content\/uploads\/2018\/10\/WhatsApp-Image-2018-10-22-at-13.24.23-2-300x169.jpeg 300w, https:\/\/www.celttv.com.ar\/wp-content\/uploads\/2018\/10\/WhatsApp-Image-2018-10-22-at-13.24.23-2-1024x576.jpeg 1024w, https:\/\/www.celttv.com.ar\/wp-content\/uploads\/2018\/10\/WhatsApp-Image-2018-10-22-at-13.24.23-2-768x432.jpeg 768w, https:\/\/www.celttv.com.ar\/wp-content\/uploads\/2018\/10\/WhatsApp-Image-2018-10-22-at-13.24.23-2-750x422.jpeg 750w, https:\/\/www.celttv.com.ar\/wp-content\/uploads\/2018\/10\/WhatsApp-Image-2018-10-22-at-13.24.23-2.jpeg 1040w\" data-expand=\"700\" \/><\/a>\n            <\/div><\/figure><figure class='gallery-item'>\n            <div class='gallery-icon landscape'>\n                <a href='https:\/\/www.celttv.com.ar\/wp-content\/uploads\/2018\/10\/WhatsApp-Image-2018-10-22-at-13.24.23.jpeg'><img loading=\"lazy\" decoding=\"async\" width=\"300\" height=\"169\" src=\"\" class=\"attachment-medium size-medium lazyload\" alt=\"\" data-src=\"https:\/\/www.celttv.com.ar\/wp-content\/uploads\/2018\/10\/WhatsApp-Image-2018-10-22-at-13.24.23-300x169.jpeg\" data-sizes=\"auto\" data-srcset=\"https:\/\/www.celttv.com.ar\/wp-content\/uploads\/2018\/10\/WhatsApp-Image-2018-10-22-at-13.24.23-300x169.jpeg 300w, https:\/\/www.celttv.com.ar\/wp-content\/uploads\/2018\/10\/WhatsApp-Image-2018-10-22-at-13.24.23-1024x576.jpeg 1024w, https:\/\/www.celttv.com.ar\/wp-content\/uploads\/2018\/10\/WhatsApp-Image-2018-10-22-at-13.24.23-768x432.jpeg 768w, https:\/\/www.celttv.com.ar\/wp-content\/uploads\/2018\/10\/WhatsApp-Image-2018-10-22-at-13.24.23-750x422.jpeg 750w, https:\/\/www.celttv.com.ar\/wp-content\/uploads\/2018\/10\/WhatsApp-Image-2018-10-22-at-13.24.23.jpeg 1040w\" data-expand=\"700\" \/><\/a>\n            <\/div><\/figure>\n            <br style='clear: both' \/>\n        <\/div>\n","protected":false},"excerpt":{"rendered":"<p>La Secretar\u00eda de Turismo municipal agradece a la\u00a0 Asociaci\u00f3n Civil\u00a0Trochita SV Ex Club Hotel las gestiones y el trabajo realizado que permiti\u00f3 obtener las estructuras de 4 vagones que formar\u00e1n\u00a0 parte del centro cultural de la localidad, generando de esta manera, un\u00a0 nuevo espacio para las expresiones culturales. Es importante mencionar que la Asociaci\u00f3n se [&hellip;]<\/p>\n","protected":false},"author":1,"featured_media":38104,"comment_status":"closed","ping_status":"open","sticky":false,"template":"","format":"standard","meta":{"footnotes":""},"categories":[51,52,58],"tags":[],"class_list":["post-38100","post","type-post","status-publish","format-standard","has-post-thumbnail","hentry","category-comunidad","category-destacadas","category-turismo"],"yoast_head":"<!-- This site is optimized with the Yoast SEO plugin v19.7.1 - https:\/\/yoast.com\/wordpress\/plugins\/seo\/ -->\n<title>Agradecimiento a la Asociaci\u00f3n Trochita - CELTTV<\/title>\n<meta name=\"description\" content=\"Sitio web de noticias de la localidad de Tornquist, provincia de Buenos Aires, Rep\u00fablica Argentina. Contenido propio originado por periodistas de CELTTV, el canal de TV local de la Cooperativa El\u00e9ctrica de Tornquist. Turismo, Pol\u00edtica, Sociedad, Deporte, Cultura y todo el contenido de inter\u00e9s general que la gente del pueblo y la regi\u00f3n debe conocer.\" \/>\n<meta name=\"robots\" content=\"index, follow, max-snippet:-1, max-image-preview:large, max-video-preview:-1\" \/>\n<link rel=\"canonical\" href=\"https:\/\/www.celttv.com.ar\/index.php\/2018\/10\/23\/agradecimiento-a-la-asociacion-trochita\/\" \/>\n<meta property=\"og:locale\" content=\"es_ES\" \/>\n<meta property=\"og:type\" content=\"article\" \/>\n<meta property=\"og:title\" content=\"Agradecimiento a la Asociaci\u00f3n Trochita - CELTTV\" \/>\n<meta property=\"og:description\" content=\"Sitio web de noticias de la localidad de Tornquist, provincia de Buenos Aires, Rep\u00fablica Argentina. Contenido propio originado por periodistas de CELTTV, el canal de TV local de la Cooperativa El\u00e9ctrica de Tornquist. Turismo, Pol\u00edtica, Sociedad, Deporte, Cultura y todo el contenido de inter\u00e9s general que la gente del pueblo y la regi\u00f3n debe conocer.\" \/>\n<meta property=\"og:url\" content=\"https:\/\/www.celttv.com.ar\/index.php\/2018\/10\/23\/agradecimiento-a-la-asociacion-trochita\/\" \/>\n<meta property=\"og:site_name\" content=\"CELTTV\" \/>\n<meta property=\"article:publisher\" content=\"https:\/\/www.facebook.com\/celtTV\/\" \/>\n<meta property=\"article:published_time\" content=\"2018-10-23T00:07:58+00:00\" \/>\n<meta property=\"og:image\" content=\"https:\/\/www.celttv.com.ar\/wp-content\/uploads\/2018\/10\/WhatsApp-Image-2018-10-22-at-13.24.22-1.jpeg\" \/>\n\t<meta property=\"og:image:width\" content=\"1040\" \/>\n\t<meta property=\"og:image:height\" content=\"585\" \/>\n\t<meta property=\"og:image:type\" content=\"image\/jpeg\" \/>\n<meta name=\"author\" content=\"ulises\" \/>\n<meta name=\"twitter:card\" content=\"summary_large_image\" \/>\n<meta name=\"twitter:label1\" content=\"Escrito por\" \/>\n\t<meta name=\"twitter:data1\" content=\"ulises\" \/>\n\t<meta name=\"twitter:label2\" content=\"Tiempo de lectura\" \/>\n\t<meta name=\"twitter:data2\" content=\"1 minuto\" \/>\n<script type=\"application\/ld+json\" class=\"yoast-schema-graph\">{\"@context\":\"https:\/\/schema.org\",\"@graph\":[{\"@type\":\"NewsArticle\",\"@id\":\"https:\/\/www.celttv.com.ar\/index.php\/2018\/10\/23\/agradecimiento-a-la-asociacion-trochita\/#article\",\"isPartOf\":{\"@id\":\"https:\/\/www.celttv.com.ar\/index.php\/2018\/10\/23\/agradecimiento-a-la-asociacion-trochita\/\"},\"author\":{\"name\":\"ulises\",\"@id\":\"https:\/\/www.celttv.com.ar\/#\/schema\/person\/6d99c072dba59953809c81446e9d0ace\"},\"headline\":\"Agradecimiento a la Asociaci\u00f3n Trochita\",\"datePublished\":\"2018-10-23T00:07:58+00:00\",\"dateModified\":\"2018-10-23T00:07:58+00:00\",\"mainEntityOfPage\":{\"@id\":\"https:\/\/www.celttv.com.ar\/index.php\/2018\/10\/23\/agradecimiento-a-la-asociacion-trochita\/\"},\"wordCount\":172,\"publisher\":{\"@id\":\"https:\/\/www.celttv.com.ar\/#organization\"},\"articleSection\":[\"Comunidad\",\"Destacadas\",\"Turismo\"],\"inLanguage\":\"es\"},{\"@type\":\"WebPage\",\"@id\":\"https:\/\/www.celttv.com.ar\/index.php\/2018\/10\/23\/agradecimiento-a-la-asociacion-trochita\/\",\"url\":\"https:\/\/www.celttv.com.ar\/index.php\/2018\/10\/23\/agradecimiento-a-la-asociacion-trochita\/\",\"name\":\"Agradecimiento a la Asociaci\u00f3n Trochita - CELTTV\",\"isPartOf\":{\"@id\":\"https:\/\/www.celttv.com.ar\/#website\"},\"datePublished\":\"2018-10-23T00:07:58+00:00\",\"dateModified\":\"2018-10-23T00:07:58+00:00\",\"description\":\"Sitio web de noticias de la localidad de Tornquist, provincia de Buenos Aires, Rep\u00fablica Argentina. Contenido propio originado por periodistas de CELTTV, el canal de TV local de la Cooperativa El\u00e9ctrica de Tornquist. Turismo, Pol\u00edtica, Sociedad, Deporte, Cultura y todo el contenido de inter\u00e9s general que la gente del pueblo y la regi\u00f3n debe conocer.\",\"breadcrumb\":{\"@id\":\"https:\/\/www.celttv.com.ar\/index.php\/2018\/10\/23\/agradecimiento-a-la-asociacion-trochita\/#breadcrumb\"},\"inLanguage\":\"es\",\"potentialAction\":[{\"@type\":\"ReadAction\",\"target\":[\"https:\/\/www.celttv.com.ar\/index.php\/2018\/10\/23\/agradecimiento-a-la-asociacion-trochita\/\"]}]},{\"@type\":\"BreadcrumbList\",\"@id\":\"https:\/\/www.celttv.com.ar\/index.php\/2018\/10\/23\/agradecimiento-a-la-asociacion-trochita\/#breadcrumb\",\"itemListElement\":[{\"@type\":\"ListItem\",\"position\":1,\"name\":\"Inicio\",\"item\":\"https:\/\/www.celttv.com.ar\/\"},{\"@type\":\"ListItem\",\"position\":2,\"name\":\"Agradecimiento a la Asociaci\u00f3n Trochita\"}]},{\"@type\":\"WebSite\",\"@id\":\"https:\/\/www.celttv.com.ar\/#website\",\"url\":\"https:\/\/www.celttv.com.ar\/\",\"name\":\"CELTTV\",\"description\":\"Cooperativa El\u00e9ctrica de Tornquist\",\"publisher\":{\"@id\":\"https:\/\/www.celttv.com.ar\/#organization\"},\"potentialAction\":[{\"@type\":\"SearchAction\",\"target\":{\"@type\":\"EntryPoint\",\"urlTemplate\":\"https:\/\/www.celttv.com.ar\/?s={search_term_string}\"},\"query-input\":\"required name=search_term_string\"}],\"inLanguage\":\"es\"},{\"@type\":\"Organization\",\"@id\":\"https:\/\/www.celttv.com.ar\/#organization\",\"name\":\"CELTTV\",\"url\":\"https:\/\/www.celttv.com.ar\/\",\"sameAs\":[\"https:\/\/www.youtube.com\/channel\/UCz_oIt8Hig64Ub-EmcNPIhg\",\"https:\/\/www.facebook.com\/celtTV\/\"],\"logo\":{\"@type\":\"ImageObject\",\"inLanguage\":\"es\",\"@id\":\"https:\/\/www.celttv.com.ar\/#\/schema\/logo\/image\/\",\"url\":\"http:\/\/www.celttv.com.ar\/wp-content\/uploads\/2022\/08\/logo-1.png\",\"contentUrl\":\"http:\/\/www.celttv.com.ar\/wp-content\/uploads\/2022\/08\/logo-1.png\",\"width\":461,\"height\":159,\"caption\":\"CELTTV\"},\"image\":{\"@id\":\"https:\/\/www.celttv.com.ar\/#\/schema\/logo\/image\/\"}},{\"@type\":\"Person\",\"@id\":\"https:\/\/www.celttv.com.ar\/#\/schema\/person\/6d99c072dba59953809c81446e9d0ace\",\"name\":\"ulises\",\"image\":{\"@type\":\"ImageObject\",\"inLanguage\":\"es\",\"@id\":\"https:\/\/www.celttv.com.ar\/#\/schema\/person\/image\/\",\"url\":\"https:\/\/secure.gravatar.com\/avatar\/7f2c48bdc33b30088f941fb6082e555f2874c98e20cb159d7b92b50eadfce793?s=96&d=mm&r=g\",\"contentUrl\":\"https:\/\/secure.gravatar.com\/avatar\/7f2c48bdc33b30088f941fb6082e555f2874c98e20cb159d7b92b50eadfce793?s=96&d=mm&r=g\",\"caption\":\"ulises\"},\"sameAs\":[\"http:\/\/www.celttv.com.ar\"]}]}<\/script>\n<!-- \/ Yoast SEO plugin. -->","yoast_head_json":{"title":"Agradecimiento a la Asociaci\u00f3n Trochita - CELTTV","description":"Sitio web de noticias de la localidad de Tornquist, provincia de Buenos Aires, Rep\u00fablica Argentina. Contenido propio originado por periodistas de CELTTV, el canal de TV local de la Cooperativa El\u00e9ctrica de Tornquist. Turismo, Pol\u00edtica, Sociedad, Deporte, Cultura y todo el contenido de inter\u00e9s general que la gente del pueblo y la regi\u00f3n debe conocer.","robots":{"index":"index","follow":"follow","max-snippet":"max-snippet:-1","max-image-preview":"max-image-preview:large","max-video-preview":"max-video-preview:-1"},"canonical":"https:\/\/www.celttv.com.ar\/index.php\/2018\/10\/23\/agradecimiento-a-la-asociacion-trochita\/","og_locale":"es_ES","og_type":"article","og_title":"Agradecimiento a la Asociaci\u00f3n Trochita - CELTTV","og_description":"Sitio web de noticias de la localidad de Tornquist, provincia de Buenos Aires, Rep\u00fablica Argentina. Contenido propio originado por periodistas de CELTTV, el canal de TV local de la Cooperativa El\u00e9ctrica de Tornquist. Turismo, Pol\u00edtica, Sociedad, Deporte, Cultura y todo el contenido de inter\u00e9s general que la gente del pueblo y la regi\u00f3n debe conocer.","og_url":"https:\/\/www.celttv.com.ar\/index.php\/2018\/10\/23\/agradecimiento-a-la-asociacion-trochita\/","og_site_name":"CELTTV","article_publisher":"https:\/\/www.facebook.com\/celtTV\/","article_published_time":"2018-10-23T00:07:58+00:00","og_image":[{"width":1040,"height":585,"url":"https:\/\/www.celttv.com.ar\/wp-content\/uploads\/2018\/10\/WhatsApp-Image-2018-10-22-at-13.24.22-1.jpeg","type":"image\/jpeg"}],"author":"ulises","twitter_card":"summary_large_image","twitter_misc":{"Escrito por":"ulises","Tiempo de lectura":"1 minuto"},"schema":{"@context":"https:\/\/schema.org","@graph":[{"@type":"NewsArticle","@id":"https:\/\/www.celttv.com.ar\/index.php\/2018\/10\/23\/agradecimiento-a-la-asociacion-trochita\/#article","isPartOf":{"@id":"https:\/\/www.celttv.com.ar\/index.php\/2018\/10\/23\/agradecimiento-a-la-asociacion-trochita\/"},"author":{"name":"ulises","@id":"https:\/\/www.celttv.com.ar\/#\/schema\/person\/6d99c072dba59953809c81446e9d0ace"},"headline":"Agradecimiento a la Asociaci\u00f3n Trochita","datePublished":"2018-10-23T00:07:58+00:00","dateModified":"2018-10-23T00:07:58+00:00","mainEntityOfPage":{"@id":"https:\/\/www.celttv.com.ar\/index.php\/2018\/10\/23\/agradecimiento-a-la-asociacion-trochita\/"},"wordCount":172,"publisher":{"@id":"https:\/\/www.celttv.com.ar\/#organization"},"articleSection":["Comunidad","Destacadas","Turismo"],"inLanguage":"es"},{"@type":"WebPage","@id":"https:\/\/www.celttv.com.ar\/index.php\/2018\/10\/23\/agradecimiento-a-la-asociacion-trochita\/","url":"https:\/\/www.celttv.com.ar\/index.php\/2018\/10\/23\/agradecimiento-a-la-asociacion-trochita\/","name":"Agradecimiento a la Asociaci\u00f3n Trochita - CELTTV","isPartOf":{"@id":"https:\/\/www.celttv.com.ar\/#website"},"datePublished":"2018-10-23T00:07:58+00:00","dateModified":"2018-10-23T00:07:58+00:00","description":"Sitio web de noticias de la localidad de Tornquist, provincia de Buenos Aires, Rep\u00fablica Argentina. Contenido propio originado por periodistas de CELTTV, el canal de TV local de la Cooperativa El\u00e9ctrica de Tornquist. Turismo, Pol\u00edtica, Sociedad, Deporte, Cultura y todo el contenido de inter\u00e9s general que la gente del pueblo y la regi\u00f3n debe conocer.","breadcrumb":{"@id":"https:\/\/www.celttv.com.ar\/index.php\/2018\/10\/23\/agradecimiento-a-la-asociacion-trochita\/#breadcrumb"},"inLanguage":"es","potentialAction":[{"@type":"ReadAction","target":["https:\/\/www.celttv.com.ar\/index.php\/2018\/10\/23\/agradecimiento-a-la-asociacion-trochita\/"]}]},{"@type":"BreadcrumbList","@id":"https:\/\/www.celttv.com.ar\/index.php\/2018\/10\/23\/agradecimiento-a-la-asociacion-trochita\/#breadcrumb","itemListElement":[{"@type":"ListItem","position":1,"name":"Inicio","item":"https:\/\/www.celttv.com.ar\/"},{"@type":"ListItem","position":2,"name":"Agradecimiento a la Asociaci\u00f3n Trochita"}]},{"@type":"WebSite","@id":"https:\/\/www.celttv.com.ar\/#website","url":"https:\/\/www.celttv.com.ar\/","name":"CELTTV","description":"Cooperativa El\u00e9ctrica de Tornquist","publisher":{"@id":"https:\/\/www.celttv.com.ar\/#organization"},"potentialAction":[{"@type":"SearchAction","target":{"@type":"EntryPoint","urlTemplate":"https:\/\/www.celttv.com.ar\/?s={search_term_string}"},"query-input":"required name=search_term_string"}],"inLanguage":"es"},{"@type":"Organization","@id":"https:\/\/www.celttv.com.ar\/#organization","name":"CELTTV","url":"https:\/\/www.celttv.com.ar\/","sameAs":["https:\/\/www.youtube.com\/channel\/UCz_oIt8Hig64Ub-EmcNPIhg","https:\/\/www.facebook.com\/celtTV\/"],"logo":{"@type":"ImageObject","inLanguage":"es","@id":"https:\/\/www.celttv.com.ar\/#\/schema\/logo\/image\/","url":"http:\/\/www.celttv.com.ar\/wp-content\/uploads\/2022\/08\/logo-1.png","contentUrl":"http:\/\/www.celttv.com.ar\/wp-content\/uploads\/2022\/08\/logo-1.png","width":461,"height":159,"caption":"CELTTV"},"image":{"@id":"https:\/\/www.celttv.com.ar\/#\/schema\/logo\/image\/"}},{"@type":"Person","@id":"https:\/\/www.celttv.com.ar\/#\/schema\/person\/6d99c072dba59953809c81446e9d0ace","name":"ulises","image":{"@type":"ImageObject","inLanguage":"es","@id":"https:\/\/www.celttv.com.ar\/#\/schema\/person\/image\/","url":"https:\/\/secure.gravatar.com\/avatar\/7f2c48bdc33b30088f941fb6082e555f2874c98e20cb159d7b92b50eadfce793?s=96&d=mm&r=g","contentUrl":"https:\/\/secure.gravatar.com\/avatar\/7f2c48bdc33b30088f941fb6082e555f2874c98e20cb159d7b92b50eadfce793?s=96&d=mm&r=g","caption":"ulises"},"sameAs":["http:\/\/www.celttv.com.ar"]}]}},"_links":{"self":[{"href":"https:\/\/www.celttv.com.ar\/index.php\/wp-json\/wp\/v2\/posts\/38100","targetHints":{"allow":["GET"]}}],"collection":[{"href":"https:\/\/www.celttv.com.ar\/index.php\/wp-json\/wp\/v2\/posts"}],"about":[{"href":"https:\/\/www.celttv.com.ar\/index.php\/wp-json\/wp\/v2\/types\/post"}],"author":[{"embeddable":true,"href":"https:\/\/www.celttv.com.ar\/index.php\/wp-json\/wp\/v2\/users\/1"}],"replies":[{"embeddable":true,"href":"https:\/\/www.celttv.com.ar\/index.php\/wp-json\/wp\/v2\/comments?post=38100"}],"version-history":[{"count":0,"href":"https:\/\/www.celttv.com.ar\/index.php\/wp-json\/wp\/v2\/posts\/38100\/revisions"}],"wp:featuredmedia":[{"embeddable":true,"href":"https:\/\/www.celttv.com.ar\/index.php\/wp-json\/wp\/v2\/media\/38104"}],"wp:attachment":[{"href":"https:\/\/www.celttv.com.ar\/index.php\/wp-json\/wp\/v2\/media?parent=38100"}],"wp:term":[{"taxonomy":"category","embeddable":true,"href":"https:\/\/www.celttv.com.ar\/index.php\/wp-json\/wp\/v2\/categories?post=38100"},{"taxonomy":"post_tag","embeddable":true,"href":"https:\/\/www.celttv.com.ar\/index.php\/wp-json\/wp\/v2\/tags?post=38100"}],"curies":[{"name":"wp","href":"https:\/\/api.w.org\/{rel}","templated":true}]}}